{"id":7889,"date":"2024-08-18T19:19:45","date_gmt":"2024-08-18T19:19:45","guid":{"rendered":"https:\/\/realidadturistica.com\/realtur\/?p=7889"},"modified":"2024-08-18T19:20:45","modified_gmt":"2024-08-18T19:20:45","slug":"se-liga-la-mujer-o-el-hombre","status":"publish","type":"post","link":"https:\/\/realidadturistica.com\/realtur\/se-liga-la-mujer-o-el-hombre\/","title":{"rendered":"Se liga la mujer o el hombre"},"content":{"rendered":"\n<p class=\"wp-block-yoast-seo-estimated-reading-time yoast-reading-time__wrapper\"><span class=\"yoast-reading-time__icon\"><svg aria-hidden=\"true\" focusable=\"false\" data-icon=\"clock\" width=\"20\" height=\"20\" fill=\"none\" stroke=\"currentColor\" style=\"display:inline-block;vertical-align:-0.1em\" role=\"img\" xmlns=\"http:\/\/www.w3.org\/2000\/svg\" viewBox=\"0 0 24 24\"><path stroke-linecap=\"round\" stroke-linejoin=\"round\" stroke-width=\"2\" d=\"M12 8v4l3 3m6-3a9 9 0 11-18 0 9 9 0 0118 0z\"><\/path><\/svg><\/span><span class=\"yoast-reading-time__spacer\" style=\"display:inline-block;width:1em\"><\/span><span class=\"yoast-reading-time__descriptive-text\">Estimated reading time: <\/span><span class=\"yoast-reading-time__reading-time\">5<\/span><span class=\"yoast-reading-time__time-unit\"> minutos<\/span><\/p>\n\n\n\n<p>\u201cLa Vasectom\u00eda sin bistur\u00ed, un m\u00e9todo contraceptivo masculino que la pareja deber\u00eda considerar\u201d.<\/p>\n\n\n\n<p>La vasectom\u00eda sin bistur\u00ed podr\u00eda ser m\u00e1s com\u00fan entre las parejas decididas a poner fin a la reproducci\u00f3n, afirma el doctor Ramiro Fragas, especialista en Urolog\u00eda y en la realizaci\u00f3n de esta t\u00e9cnica.<\/p>\n\n\n\n<p>En entrevista exclusiva para el Peri\u00f3dico Digital Centroamericano el galeno afirma que durante decenas de a\u00f1os ha reca\u00eddo en la mujer la responsabilidad de la planificaci\u00f3n familiar, bajo el concepto de que es ella la encargada de detener la procreaci\u00f3n y someterse a la ligadura de sus trompas.<\/p>\n\n\n\n<blockquote class=\"wp-block-quote is-layout-flow wp-block-quote-is-layout-flow\">\n<p>&nbsp;\u201cSin embargo, -contin\u00faa- la evoluci\u00f3n de las t\u00e9cnicas quir\u00fargicas y del pensamiento social ha ubicado hoy en d\u00eda a la vasectom\u00eda como una opci\u00f3n posible a considerar para el hombre, con beneficios para la pareja y su familia\u201d.<\/p>\n<\/blockquote>\n\n\n\n<p>El doctor Fragas muestra pasi\u00f3n por el tema y recalca las bondades de este procedimiento: \u201ces la Vasectom\u00eda la mejor opci\u00f3n, por ser una cirug\u00eda menor, muy sencilla que se realiza entre 15 y 20 minutos. El reposo es de dos o tres d\u00edas, y la actividad sexual se puede retomar a la semana, aunque no es afectiva hasta despu\u00e9s de los 3 meses y\/o haya eyaculado unas 20 veces y luego de hacerse un estudio del semen donde se confirme que no hay espermatozoides en el semen, para poder autorizarles la actividad sexual sin protecci\u00f3n anticonceptiva\u201d.<\/p>\n\n\n\n<p>Tambi\u00e9n enfatiz\u00f3 que \u201cla vasectom\u00eda no protege al hombre de&nbsp; las enfermedades de transmisi\u00f3n sexual\u201d y advierte que, a pesar de que se practica desde los a\u00f1os 70, a\u00fan no se realiza com\u00fanmente en Am\u00e9rica Latina y otros pa\u00edses, porque persiste en la sociedad la idea machista de acudir al m\u00e9todo de la ligadura de trompas en la mujer cuando una pareja acude a la consulta de planificaci\u00f3n familiar para poner fin a la fertilidad.<\/p>\n\n\n\n<blockquote class=\"wp-block-quote is-layout-flow wp-block-quote-is-layout-flow\">\n<p>\u201cLa idea es que eso cambie -recalca- , sobre todo porque la vasectom\u00eda es un proceder mucho m\u00e1s sencillo y menos riesgoso para un hombre, en relaci\u00f3n con la ligadura para la mujer y adem\u00e1s mucho menos costoso para el sistema de salud\u201d.<\/p>\n<\/blockquote>\n\n\n\n<p>Su experiencia en el tema le permite asegurar que, adem\u00e1s de los prejuicios, es la desinformaci\u00f3n una causa determinante en que muchos m\u00e1s hombres no opten por este m\u00e9todo, \u201csi rompemos el tab\u00fa del machismo, si hacemos mayor divulgaci\u00f3n del m\u00e9todo, y si logramos que los programas de planificaci\u00f3n familiar lo propongan como opci\u00f3n a las parejas, que han decidido poner a la fertilidad, se practicar\u00eda mucho m\u00e1s la vasectom\u00eda que la ligadura de las trompas en la mujer como ocurre habitualmente en Europa, Asia y Norteam\u00e9rica\u201d.<\/p>\n\n\n\n<blockquote class=\"wp-block-quote is-layout-flow wp-block-quote-is-layout-flow\">\n<p>\u201cHoy el panorama es m\u00e1s favorable en aquellos pa\u00edses donde antes no se realizaba y gracias a la labor de promoci\u00f3n y divulgaci\u00f3n del m\u00e9todo, aumentan de manera paulatina estas cirug\u00edas. Esto ha sido posible gracias a organizaciones sin fines de lucro que promueven la paternidad responsable, y la necesidad de evitar la interrupci\u00f3n de embarazos y de hijos no deseados, sobre todo por los problemas econ\u00f3micos y sociales de estos pa\u00edses. Y cita que en 2014 los fundadores de una de esas organizaciones, \u201cD\u00eda Mundial de la Vasectom\u00eda (DMV)\u201d, visitaron la isla, a fin de buscar mayor motivaci\u00f3n y divulgaci\u00f3n entre los ur\u00f3logos cubanos y la Prensa de Salud.<\/p>\n<\/blockquote>\n\n\n\n<p>Entre las im\u00e1genes que acompa\u00f1an esta entrevista aparece el cineasta Jonathan Stack, quien fuera usuario del m\u00e9todo (VSB), junto a su cirujano, el Profesor Doug Stein, uno de los ur\u00f3logos con mayor experiencia en el mundo de la VSB, decidieron fundar esta organizaci\u00f3n, para llevar al mundo el mensaje de difundir acerca de la vasectom\u00eda para lograr que el m\u00e9todo se generalice y los hombres asuman esta responsabilidad.<\/p>\n\n\n\n<p>&nbsp;Para nuestro entrevistado merece destacar el impacto de este programa en muchos pa\u00edses de Latinoam\u00e9rica y cita el ejemplo de la Dra. Elo\u00edsa Gonz\u00e1lez, de M\u00e9xico, quien se ha convertido en una entusiasta defensora de la Vasectom\u00eda en su pa\u00eds, con una experiencia impresionante en los \u00faltimos a\u00f1os.<\/p>\n\n\n\n<figure class=\"wp-block-gallery has-nested-images columns-default is-cropped wp-block-gallery-1 is-layout-flex wp-block-gallery-is-layout-flex\">\n<figure class=\"wp-block-image size-large\"><img fetchpriority=\"high\" decoding=\"async\" width=\"1024\" height=\"1024\" data-id=\"7891\" src=\"https:\/\/realidadturistica.com\/realtur\/wp-content\/uploads\/2024\/08\/IMG-20240818-WA0004-1024x1024.jpg\" alt=\"\" class=\"wp-image-7891\" srcset=\"https:\/\/realidadturistica.com\/realtur\/wp-content\/uploads\/2024\/08\/IMG-20240818-WA0004-1024x1024.jpg 1024w, https:\/\/realidadturistica.com\/realtur\/wp-content\/uploads\/2024\/08\/IMG-20240818-WA0004-300x300.jpg 300w, https:\/\/realidadturistica.com\/realtur\/wp-content\/uploads\/2024\/08\/IMG-20240818-WA0004-150x150.jpg 150w, https:\/\/realidadturistica.com\/realtur\/wp-content\/uploads\/2024\/08\/IMG-20240818-WA0004-768x768.jpg 768w, https:\/\/realidadturistica.com\/realtur\/wp-content\/uploads\/2024\/08\/IMG-20240818-WA0004-1536x1536.jpg 1536w, https:\/\/realidadturistica.com\/realtur\/wp-content\/uploads\/2024\/08\/IMG-20240818-WA0004-1200x1200.jpg 1200w, https:\/\/realidadturistica.com\/realtur\/wp-content\/uploads\/2024\/08\/IMG-20240818-WA0004-1170x1170.jpg 1170w, https:\/\/realidadturistica.com\/realtur\/wp-content\/uploads\/2024\/08\/IMG-20240818-WA0004-585x585.jpg 585w, https:\/\/realidadturistica.com\/realtur\/wp-content\/uploads\/2024\/08\/IMG-20240818-WA0004.jpg 1600w\" sizes=\"(max-width: 1024px) 100vw, 1024px\" \/><figcaption class=\"wp-element-caption\">Doctor Ramiro Fraga Vald\u00e9s<\/figcaption><\/figure>\n\n\n\n<figure class=\"wp-block-image size-large\"><img decoding=\"async\" width=\"1024\" height=\"768\" data-id=\"7892\" src=\"https:\/\/realidadturistica.com\/realtur\/wp-content\/uploads\/2024\/08\/IMG-20240818-WA0002-1024x768.jpg\" alt=\"\" class=\"wp-image-7892\" srcset=\"https:\/\/realidadturistica.com\/realtur\/wp-content\/uploads\/2024\/08\/IMG-20240818-WA0002-1024x768.jpg 1024w, https:\/\/realidadturistica.com\/realtur\/wp-content\/uploads\/2024\/08\/IMG-20240818-WA0002-300x225.jpg 300w, https:\/\/realidadturistica.com\/realtur\/wp-content\/uploads\/2024\/08\/IMG-20240818-WA0002-768x576.jpg 768w, https:\/\/realidadturistica.com\/realtur\/wp-content\/uploads\/2024\/08\/IMG-20240818-WA0002-1536x1152.jpg 1536w, https:\/\/realidadturistica.com\/realtur\/wp-content\/uploads\/2024\/08\/IMG-20240818-WA0002-1200x900.jpg 1200w, https:\/\/realidadturistica.com\/realtur\/wp-content\/uploads\/2024\/08\/IMG-20240818-WA0002-1170x878.jpg 1170w, https:\/\/realidadturistica.com\/realtur\/wp-content\/uploads\/2024\/08\/IMG-20240818-WA0002-585x439.jpg 585w, https:\/\/realidadturistica.com\/realtur\/wp-content\/uploads\/2024\/08\/IMG-20240818-WA0002.jpg 1600w\" sizes=\"(max-width: 1024px) 100vw, 1024px\" \/><\/figure>\n<\/figure>\n\n\n\n<p>Junto a ella y los Dres John Curington, Alex Galante, el Dr. Fragas particip\u00f3 recientemente en un Curso de Entrenamiento con el Profesor norteamericano Doug Stein, sobre VSB y Reversi\u00f3n de Vasectomias, en su Centro en Tampa, Estados Unidos. (Fotos).<\/p>\n\n\n\n<p>Hablar con este renombrado galeno siempre es confortable. El profesor es enf\u00e1tico al aclarar que \u201caunque la vasectom\u00eda es un proceder sencillo y econ\u00f3mico, lamentablemente la reversi\u00f3n de la vasectom\u00eda, en caso de que el hombre quiera tener hijos nuevamente despu\u00e9s de operado, dura de tres a cuatro horas porque se hace a trav\u00e9s de microcirug\u00eda, con gafas lupas de gran aumento o microscopio quir\u00fargico, usando suturas muy finas (9-0 y 10-0), m\u00e1s delgada que un cabello) y los resultados no siempre son favorables, dependiendo de muchos factores, como el tiempo de la operaci\u00f3n, y la experiencia del cirujano, etc.<\/p>\n\n\n\n<p>Eso, a su modo de ver, influye en que la vasectom\u00eda se recomiende, generalmente, para parejas en las que ambos integrantes superen los 35 a\u00f1os. \u201cNo puede ser una decisi\u00f3n apresurada y se debe promover entre parejas de uniones estables, con dos hijos o m\u00e1s\u201d, acota.<\/p>\n\n\n\n<p>Este afamado ur\u00f3logo se muestra a favor del m\u00e9todo sin empleo del bistur\u00ed (t\u00e9cnica de Li), aunque a su juicio, la Vasectom\u00eda tradicional (con incisi\u00f3n) es tambi\u00e9n efectiva y ambos son muy sencillos y pueden ser realizados por los ur\u00f3logos o m\u00e9dicos con experiencia, entrenados para ello.<\/p>\n\n\n\n<blockquote class=\"wp-block-quote is-layout-flow wp-block-quote-is-layout-flow\">\n<p>\u201cAunque hay ur\u00f3logos que se sienten m\u00e1s seguros con la t\u00e9cnica tradicional con bistur\u00ed\u201d tambi\u00e9n es muy sencilla, solo se hacen una o dos incisiones, expone finalmente el Dr. Fragas, quien en el 2009 present\u00f3, en el Congreso Mundial de Androlog\u00eda en Barcelona, una casu\u00edstica de aproximadamente 400 pacientes operados, junto a otros expertos. \u201cLa t\u00e9cnica de Li no cambia mucho, a la tradicional, se hace con una sola incisi\u00f3n en el rafe medio, anestesia local, para mi es m\u00e1s atractiva, por usar instrumentos donde no se usa bistur\u00ed\u00bb.<\/p>\n<\/blockquote>\n\n\n\n<p>Cuenta que los hombres que se someten a ese proceder \u201cRegresan a consulta con opiniones muy favorables y hasta lo recomiendan como algo seguro y sencillo\u201d, dice.<\/p>\n\n\n\n<blockquote class=\"wp-block-quote is-layout-flow wp-block-quote-is-layout-flow\">\n<p>\u201cEs importante saber &#8211; a\u00f1ade- que no afecta la virilidad. Las erecciones continuar\u00e1n iguales y la eyaculaci\u00f3n tambi\u00e9n, pero libre de espermatozoides. Asimismo se\u00f1ala que la pareja debe seguir cuid\u00e1ndose hasta tres meses despu\u00e9s de realizada la cirug\u00eda para evitar completamente cualquier riesgo de embarazo.<\/p>\n<\/blockquote>\n\n\n\n<p>Basta conversar por m\u00e1s de una hora para captar el optimismo del doctor Fragas por ver florecer este m\u00e9todo, como la opci\u00f3n m\u00e1s segura de la pareja, en un futuro no muy lejano.<\/p>\n\n\n\n<figure class=\"wp-block-image size-full\"><img decoding=\"async\" width=\"945\" height=\"945\" src=\"https:\/\/realidadturistica.com\/realtur\/wp-content\/uploads\/2024\/08\/IMG-20240722-WA0032.jpg\" alt=\"\" class=\"wp-image-7893\" srcset=\"https:\/\/realidadturistica.com\/realtur\/wp-content\/uploads\/2024\/08\/IMG-20240722-WA0032.jpg 945w, https:\/\/realidadturistica.com\/realtur\/wp-content\/uploads\/2024\/08\/IMG-20240722-WA0032-300x300.jpg 300w, https:\/\/realidadturistica.com\/realtur\/wp-content\/uploads\/2024\/08\/IMG-20240722-WA0032-150x150.jpg 150w, https:\/\/realidadturistica.com\/realtur\/wp-content\/uploads\/2024\/08\/IMG-20240722-WA0032-768x768.jpg 768w, https:\/\/realidadturistica.com\/realtur\/wp-content\/uploads\/2024\/08\/IMG-20240722-WA0032-585x585.jpg 585w\" sizes=\"(max-width: 945px) 100vw, 945px\" \/><\/figure>\n\n\n\n<p>En la foto se ven los Dres Doran Vantman (Espa\u00f1a), Cristian Palma (Chile) y Ramiro Fragas (Cuba) en un Webinar habl\u00e1ndo de la importancia de la Vasectom\u00eda y Reversi\u00f3n de la Vasectom\u00eda en el marco de la AUCA (Asociaci\u00f3n Urol\u00f3gica de Centro Am\u00e9rica y el Caribe), c\u00f3mo parte del programa educativo de los ur\u00f3logos de esta regi\u00f3n.<\/p>\n\n\n\n<p>Por el Doctor Ramiro Fraga Vald\u00e9s.<\/p>\n","protected":false},"excerpt":{"rendered":"<p>\u201cLa Vasectom\u00eda sin bistur\u00ed, un m\u00e9todo contraceptivo masculino que la pareja deber\u00eda considerar\u201d. La vasectom\u00eda sin bistur\u00ed podr\u00eda ser m\u00e1s com\u00fan entre las parejas decididas&hellip;<\/p>\n","protected":false},"author":2,"featured_media":7890,"comment_status":"open","ping_status":"closed","sticky":false,"template":"","format":"standard","meta":{"content-type":"","_lmt_disableupdate":"","_lmt_disable":"","footnotes":""},"categories":[7],"tags":[],"class_list":["post-7889","post","type-post","status-publish","format-standard","has-post-thumbnail","hentry","category-turismo-salud"],"yoast_head":"<!-- This site is optimized with the Yoast SEO Premium plugin v27.4 (Yoast SEO v27.4) - https:\/\/yoast.com\/product\/yoast-seo-premium-wordpress\/ -->\n<title>Se liga la mujer o el hombre - Realidad Tur\u00edstica<\/title>\n<meta name=\"robots\" content=\"index, follow, max-snippet:-1, max-image-preview:large, max-video-preview:-1\" \/>\n<link rel=\"canonical\" href=\"https:\/\/realidadturistica.com\/realtur\/se-liga-la-mujer-o-el-hombre\/\" \/>\n<meta property=\"og:locale\" content=\"es_ES\" \/>\n<meta property=\"og:type\" content=\"article\" \/>\n<meta property=\"og:title\" content=\"Se liga la mujer o el hombre\" \/>\n<meta property=\"og:description\" content=\"\u201cLa Vasectom\u00eda sin bistur\u00ed, un m\u00e9todo contraceptivo masculino que la pareja deber\u00eda considerar\u201d. La vasectom\u00eda sin bistur\u00ed podr\u00eda ser m\u00e1s com\u00fan entre las parejas decididas&hellip;\" \/>\n<meta property=\"og:url\" content=\"https:\/\/realidadturistica.com\/realtur\/se-liga-la-mujer-o-el-hombre\/\" \/>\n<meta property=\"og:site_name\" content=\"Realidad Tur\u00edstica\" \/>\n<meta property=\"article:publisher\" content=\"https:\/\/www.facebook.com\/realidadturistica\" \/>\n<meta property=\"article:published_time\" content=\"2024-08-18T19:19:45+00:00\" \/>\n<meta property=\"article:modified_time\" content=\"2024-08-18T19:20:45+00:00\" \/>\n<meta property=\"og:image\" content=\"https:\/\/realidadturistica.com\/realtur\/wp-content\/uploads\/2024\/08\/Screenshot_20240818_133400_WhatsApp.jpg\" \/>\n\t<meta property=\"og:image:width\" content=\"1079\" \/>\n\t<meta property=\"og:image:height\" content=\"714\" \/>\n\t<meta property=\"og:image:type\" content=\"image\/jpeg\" \/>\n<meta name=\"author\" content=\"Editor\" \/>\n<meta name=\"twitter:card\" content=\"summary_large_image\" \/>\n<meta name=\"twitter:label1\" content=\"Escrito por\" \/>\n\t<meta name=\"twitter:data1\" content=\"Editor\" \/>\n\t<meta name=\"twitter:label2\" content=\"Tiempo de lectura\" \/>\n\t<meta name=\"twitter:data2\" content=\"5 minutos\" \/>\n<script type=\"application\/ld+json\" class=\"yoast-schema-graph\">{\"@context\":\"https:\\\/\\\/schema.org\",\"@graph\":[{\"@type\":\"Article\",\"@id\":\"https:\\\/\\\/realidadturistica.com\\\/realtur\\\/se-liga-la-mujer-o-el-hombre\\\/#article\",\"isPartOf\":{\"@id\":\"https:\\\/\\\/realidadturistica.com\\\/realtur\\\/se-liga-la-mujer-o-el-hombre\\\/\"},\"author\":{\"name\":\"Editor\",\"@id\":\"https:\\\/\\\/realidadturistica.com\\\/realtur\\\/#\\\/schema\\\/person\\\/ade671191202490fcf08ab21590de73e\"},\"headline\":\"Se liga la mujer o el hombre\",\"datePublished\":\"2024-08-18T19:19:45+00:00\",\"dateModified\":\"2024-08-18T19:20:45+00:00\",\"mainEntityOfPage\":{\"@id\":\"https:\\\/\\\/realidadturistica.com\\\/realtur\\\/se-liga-la-mujer-o-el-hombre\\\/\"},\"wordCount\":1302,\"commentCount\":0,\"publisher\":{\"@id\":\"https:\\\/\\\/realidadturistica.com\\\/realtur\\\/#organization\"},\"image\":{\"@id\":\"https:\\\/\\\/realidadturistica.com\\\/realtur\\\/se-liga-la-mujer-o-el-hombre\\\/#primaryimage\"},\"thumbnailUrl\":\"https:\\\/\\\/realidadturistica.com\\\/realtur\\\/wp-content\\\/uploads\\\/2024\\\/08\\\/Screenshot_20240818_133400_WhatsApp.jpg\",\"articleSection\":[\"Salud para viajar\"],\"inLanguage\":\"es\",\"potentialAction\":[{\"@type\":\"CommentAction\",\"name\":\"Comment\",\"target\":[\"https:\\\/\\\/realidadturistica.com\\\/realtur\\\/se-liga-la-mujer-o-el-hombre\\\/#respond\"]}]},{\"@type\":\"WebPage\",\"@id\":\"https:\\\/\\\/realidadturistica.com\\\/realtur\\\/se-liga-la-mujer-o-el-hombre\\\/\",\"url\":\"https:\\\/\\\/realidadturistica.com\\\/realtur\\\/se-liga-la-mujer-o-el-hombre\\\/\",\"name\":\"Se liga la mujer o el hombre - Realidad Tur\u00edstica\",\"isPartOf\":{\"@id\":\"https:\\\/\\\/realidadturistica.com\\\/realtur\\\/#website\"},\"primaryImageOfPage\":{\"@id\":\"https:\\\/\\\/realidadturistica.com\\\/realtur\\\/se-liga-la-mujer-o-el-hombre\\\/#primaryimage\"},\"image\":{\"@id\":\"https:\\\/\\\/realidadturistica.com\\\/realtur\\\/se-liga-la-mujer-o-el-hombre\\\/#primaryimage\"},\"thumbnailUrl\":\"https:\\\/\\\/realidadturistica.com\\\/realtur\\\/wp-content\\\/uploads\\\/2024\\\/08\\\/Screenshot_20240818_133400_WhatsApp.jpg\",\"datePublished\":\"2024-08-18T19:19:45+00:00\",\"dateModified\":\"2024-08-18T19:20:45+00:00\",\"breadcrumb\":{\"@id\":\"https:\\\/\\\/realidadturistica.com\\\/realtur\\\/se-liga-la-mujer-o-el-hombre\\\/#breadcrumb\"},\"inLanguage\":\"es\",\"potentialAction\":[{\"@type\":\"ReadAction\",\"target\":[\"https:\\\/\\\/realidadturistica.com\\\/realtur\\\/se-liga-la-mujer-o-el-hombre\\\/\"]}]},{\"@type\":\"ImageObject\",\"inLanguage\":\"es\",\"@id\":\"https:\\\/\\\/realidadturistica.com\\\/realtur\\\/se-liga-la-mujer-o-el-hombre\\\/#primaryimage\",\"url\":\"https:\\\/\\\/realidadturistica.com\\\/realtur\\\/wp-content\\\/uploads\\\/2024\\\/08\\\/Screenshot_20240818_133400_WhatsApp.jpg\",\"contentUrl\":\"https:\\\/\\\/realidadturistica.com\\\/realtur\\\/wp-content\\\/uploads\\\/2024\\\/08\\\/Screenshot_20240818_133400_WhatsApp.jpg\",\"width\":1079,\"height\":714},{\"@type\":\"BreadcrumbList\",\"@id\":\"https:\\\/\\\/realidadturistica.com\\\/realtur\\\/se-liga-la-mujer-o-el-hombre\\\/#breadcrumb\",\"itemListElement\":[{\"@type\":\"ListItem\",\"position\":1,\"name\":\"Portada\",\"item\":\"https:\\\/\\\/realidadturistica.com\\\/realtur\\\/\"},{\"@type\":\"ListItem\",\"position\":2,\"name\":\"Se liga la mujer o el hombre\"}]},{\"@type\":\"WebSite\",\"@id\":\"https:\\\/\\\/realidadturistica.com\\\/realtur\\\/#website\",\"url\":\"https:\\\/\\\/realidadturistica.com\\\/realtur\\\/\",\"name\":\"Realidad Tur\u00edstica\",\"description\":\"\",\"publisher\":{\"@id\":\"https:\\\/\\\/realidadturistica.com\\\/realtur\\\/#organization\"},\"potentialAction\":[{\"@type\":\"SearchAction\",\"target\":{\"@type\":\"EntryPoint\",\"urlTemplate\":\"https:\\\/\\\/realidadturistica.com\\\/realtur\\\/?s={search_term_string}\"},\"query-input\":{\"@type\":\"PropertyValueSpecification\",\"valueRequired\":true,\"valueName\":\"search_term_string\"}}],\"inLanguage\":\"es\"},{\"@type\":\"Organization\",\"@id\":\"https:\\\/\\\/realidadturistica.com\\\/realtur\\\/#organization\",\"name\":\"Realidad Tur\u00edstica\",\"url\":\"https:\\\/\\\/realidadturistica.com\\\/realtur\\\/\",\"logo\":{\"@type\":\"ImageObject\",\"inLanguage\":\"es\",\"@id\":\"https:\\\/\\\/realidadturistica.com\\\/realtur\\\/#\\\/schema\\\/logo\\\/image\\\/\",\"url\":\"https:\\\/\\\/realidadturistica.com\\\/realtur\\\/wp-content\\\/uploads\\\/2021\\\/12\\\/logotipo-realidad-turistica.png\",\"contentUrl\":\"https:\\\/\\\/realidadturistica.com\\\/realtur\\\/wp-content\\\/uploads\\\/2021\\\/12\\\/logotipo-realidad-turistica.png\",\"width\":1382,\"height\":629,\"caption\":\"Realidad Tur\u00edstica\"},\"image\":{\"@id\":\"https:\\\/\\\/realidadturistica.com\\\/realtur\\\/#\\\/schema\\\/logo\\\/image\\\/\"},\"sameAs\":[\"https:\\\/\\\/www.facebook.com\\\/realidadturistica\",\"https:\\\/\\\/www.instagram.com\\\/realidad_turistica\\\/\"]},{\"@type\":\"Person\",\"@id\":\"https:\\\/\\\/realidadturistica.com\\\/realtur\\\/#\\\/schema\\\/person\\\/ade671191202490fcf08ab21590de73e\",\"name\":\"Editor\",\"image\":{\"@type\":\"ImageObject\",\"inLanguage\":\"es\",\"@id\":\"https:\\\/\\\/realidadturistica.com\\\/realtur\\\/wp-content\\\/uploads\\\/2023\\\/09\\\/Editor_avatar_1693668634-96x96.png\",\"url\":\"https:\\\/\\\/realidadturistica.com\\\/realtur\\\/wp-content\\\/uploads\\\/2023\\\/09\\\/Editor_avatar_1693668634-96x96.png\",\"contentUrl\":\"https:\\\/\\\/realidadturistica.com\\\/realtur\\\/wp-content\\\/uploads\\\/2023\\\/09\\\/Editor_avatar_1693668634-96x96.png\",\"caption\":\"Editor\"},\"sameAs\":[\"https:\\\/\\\/realidadturistica.com\\\/realtur\"],\"url\":\"https:\\\/\\\/realidadturistica.com\\\/realtur\\\/author\\\/editor2\\\/\"}]}<\/script>\n<!-- \/ Yoast SEO Premium plugin. -->","yoast_head_json":{"title":"Se liga la mujer o el hombre - Realidad Tur\u00edstica","robots":{"index":"index","follow":"follow","max-snippet":"max-snippet:-1","max-image-preview":"max-image-preview:large","max-video-preview":"max-video-preview:-1"},"canonical":"https:\/\/realidadturistica.com\/realtur\/se-liga-la-mujer-o-el-hombre\/","og_locale":"es_ES","og_type":"article","og_title":"Se liga la mujer o el hombre","og_description":"\u201cLa Vasectom\u00eda sin bistur\u00ed, un m\u00e9todo contraceptivo masculino que la pareja deber\u00eda considerar\u201d. La vasectom\u00eda sin bistur\u00ed podr\u00eda ser m\u00e1s com\u00fan entre las parejas decididas&hellip;","og_url":"https:\/\/realidadturistica.com\/realtur\/se-liga-la-mujer-o-el-hombre\/","og_site_name":"Realidad Tur\u00edstica","article_publisher":"https:\/\/www.facebook.com\/realidadturistica","article_published_time":"2024-08-18T19:19:45+00:00","article_modified_time":"2024-08-18T19:20:45+00:00","og_image":[{"width":1079,"height":714,"url":"https:\/\/realidadturistica.com\/realtur\/wp-content\/uploads\/2024\/08\/Screenshot_20240818_133400_WhatsApp.jpg","type":"image\/jpeg"}],"author":"Editor","twitter_card":"summary_large_image","twitter_misc":{"Escrito por":"Editor","Tiempo de lectura":"5 minutos"},"schema":{"@context":"https:\/\/schema.org","@graph":[{"@type":"Article","@id":"https:\/\/realidadturistica.com\/realtur\/se-liga-la-mujer-o-el-hombre\/#article","isPartOf":{"@id":"https:\/\/realidadturistica.com\/realtur\/se-liga-la-mujer-o-el-hombre\/"},"author":{"name":"Editor","@id":"https:\/\/realidadturistica.com\/realtur\/#\/schema\/person\/ade671191202490fcf08ab21590de73e"},"headline":"Se liga la mujer o el hombre","datePublished":"2024-08-18T19:19:45+00:00","dateModified":"2024-08-18T19:20:45+00:00","mainEntityOfPage":{"@id":"https:\/\/realidadturistica.com\/realtur\/se-liga-la-mujer-o-el-hombre\/"},"wordCount":1302,"commentCount":0,"publisher":{"@id":"https:\/\/realidadturistica.com\/realtur\/#organization"},"image":{"@id":"https:\/\/realidadturistica.com\/realtur\/se-liga-la-mujer-o-el-hombre\/#primaryimage"},"thumbnailUrl":"https:\/\/realidadturistica.com\/realtur\/wp-content\/uploads\/2024\/08\/Screenshot_20240818_133400_WhatsApp.jpg","articleSection":["Salud para viajar"],"inLanguage":"es","potentialAction":[{"@type":"CommentAction","name":"Comment","target":["https:\/\/realidadturistica.com\/realtur\/se-liga-la-mujer-o-el-hombre\/#respond"]}]},{"@type":"WebPage","@id":"https:\/\/realidadturistica.com\/realtur\/se-liga-la-mujer-o-el-hombre\/","url":"https:\/\/realidadturistica.com\/realtur\/se-liga-la-mujer-o-el-hombre\/","name":"Se liga la mujer o el hombre - Realidad Tur\u00edstica","isPartOf":{"@id":"https:\/\/realidadturistica.com\/realtur\/#website"},"primaryImageOfPage":{"@id":"https:\/\/realidadturistica.com\/realtur\/se-liga-la-mujer-o-el-hombre\/#primaryimage"},"image":{"@id":"https:\/\/realidadturistica.com\/realtur\/se-liga-la-mujer-o-el-hombre\/#primaryimage"},"thumbnailUrl":"https:\/\/realidadturistica.com\/realtur\/wp-content\/uploads\/2024\/08\/Screenshot_20240818_133400_WhatsApp.jpg","datePublished":"2024-08-18T19:19:45+00:00","dateModified":"2024-08-18T19:20:45+00:00","breadcrumb":{"@id":"https:\/\/realidadturistica.com\/realtur\/se-liga-la-mujer-o-el-hombre\/#breadcrumb"},"inLanguage":"es","potentialAction":[{"@type":"ReadAction","target":["https:\/\/realidadturistica.com\/realtur\/se-liga-la-mujer-o-el-hombre\/"]}]},{"@type":"ImageObject","inLanguage":"es","@id":"https:\/\/realidadturistica.com\/realtur\/se-liga-la-mujer-o-el-hombre\/#primaryimage","url":"https:\/\/realidadturistica.com\/realtur\/wp-content\/uploads\/2024\/08\/Screenshot_20240818_133400_WhatsApp.jpg","contentUrl":"https:\/\/realidadturistica.com\/realtur\/wp-content\/uploads\/2024\/08\/Screenshot_20240818_133400_WhatsApp.jpg","width":1079,"height":714},{"@type":"BreadcrumbList","@id":"https:\/\/realidadturistica.com\/realtur\/se-liga-la-mujer-o-el-hombre\/#breadcrumb","itemListElement":[{"@type":"ListItem","position":1,"name":"Portada","item":"https:\/\/realidadturistica.com\/realtur\/"},{"@type":"ListItem","position":2,"name":"Se liga la mujer o el hombre"}]},{"@type":"WebSite","@id":"https:\/\/realidadturistica.com\/realtur\/#website","url":"https:\/\/realidadturistica.com\/realtur\/","name":"Realidad Tur\u00edstica","description":"","publisher":{"@id":"https:\/\/realidadturistica.com\/realtur\/#organization"},"potentialAction":[{"@type":"SearchAction","target":{"@type":"EntryPoint","urlTemplate":"https:\/\/realidadturistica.com\/realtur\/?s={search_term_string}"},"query-input":{"@type":"PropertyValueSpecification","valueRequired":true,"valueName":"search_term_string"}}],"inLanguage":"es"},{"@type":"Organization","@id":"https:\/\/realidadturistica.com\/realtur\/#organization","name":"Realidad Tur\u00edstica","url":"https:\/\/realidadturistica.com\/realtur\/","logo":{"@type":"ImageObject","inLanguage":"es","@id":"https:\/\/realidadturistica.com\/realtur\/#\/schema\/logo\/image\/","url":"https:\/\/realidadturistica.com\/realtur\/wp-content\/uploads\/2021\/12\/logotipo-realidad-turistica.png","contentUrl":"https:\/\/realidadturistica.com\/realtur\/wp-content\/uploads\/2021\/12\/logotipo-realidad-turistica.png","width":1382,"height":629,"caption":"Realidad Tur\u00edstica"},"image":{"@id":"https:\/\/realidadturistica.com\/realtur\/#\/schema\/logo\/image\/"},"sameAs":["https:\/\/www.facebook.com\/realidadturistica","https:\/\/www.instagram.com\/realidad_turistica\/"]},{"@type":"Person","@id":"https:\/\/realidadturistica.com\/realtur\/#\/schema\/person\/ade671191202490fcf08ab21590de73e","name":"Editor","image":{"@type":"ImageObject","inLanguage":"es","@id":"https:\/\/realidadturistica.com\/realtur\/wp-content\/uploads\/2023\/09\/Editor_avatar_1693668634-96x96.png","url":"https:\/\/realidadturistica.com\/realtur\/wp-content\/uploads\/2023\/09\/Editor_avatar_1693668634-96x96.png","contentUrl":"https:\/\/realidadturistica.com\/realtur\/wp-content\/uploads\/2023\/09\/Editor_avatar_1693668634-96x96.png","caption":"Editor"},"sameAs":["https:\/\/realidadturistica.com\/realtur"],"url":"https:\/\/realidadturistica.com\/realtur\/author\/editor2\/"}]}},"_links":{"self":[{"href":"https:\/\/realidadturistica.com\/realtur\/wp-json\/wp\/v2\/posts\/7889","targetHints":{"allow":["GET"]}}],"collection":[{"href":"https:\/\/realidadturistica.com\/realtur\/wp-json\/wp\/v2\/posts"}],"about":[{"href":"https:\/\/realidadturistica.com\/realtur\/wp-json\/wp\/v2\/types\/post"}],"author":[{"embeddable":true,"href":"https:\/\/realidadturistica.com\/realtur\/wp-json\/wp\/v2\/users\/2"}],"replies":[{"embeddable":true,"href":"https:\/\/realidadturistica.com\/realtur\/wp-json\/wp\/v2\/comments?post=7889"}],"version-history":[{"count":2,"href":"https:\/\/realidadturistica.com\/realtur\/wp-json\/wp\/v2\/posts\/7889\/revisions"}],"predecessor-version":[{"id":7895,"href":"https:\/\/realidadturistica.com\/realtur\/wp-json\/wp\/v2\/posts\/7889\/revisions\/7895"}],"wp:featuredmedia":[{"embeddable":true,"href":"https:\/\/realidadturistica.com\/realtur\/wp-json\/wp\/v2\/media\/7890"}],"wp:attachment":[{"href":"https:\/\/realidadturistica.com\/realtur\/wp-json\/wp\/v2\/media?parent=7889"}],"wp:term":[{"taxonomy":"category","embeddable":true,"href":"https:\/\/realidadturistica.com\/realtur\/wp-json\/wp\/v2\/categories?post=7889"},{"taxonomy":"post_tag","embeddable":true,"href":"https:\/\/realidadturistica.com\/realtur\/wp-json\/wp\/v2\/tags?post=7889"}],"curies":[{"name":"wp","href":"https:\/\/api.w.org\/{rel}","templated":true}]}}