{"id":7927,"date":"2024-08-28T13:53:40","date_gmt":"2024-08-28T13:53:40","guid":{"rendered":"https:\/\/realidadturistica.com\/realtur\/?p=7927"},"modified":"2024-08-28T13:53:44","modified_gmt":"2024-08-28T13:53:44","slug":"cuenta-atras-para-11a-edicion-de-cultourfair","status":"publish","type":"post","link":"https:\/\/realidadturistica.com\/realtur\/cuenta-atras-para-11a-edicion-de-cultourfair\/","title":{"rendered":"Cuenta atr\u00e1s para 11\u00aa edici\u00f3n de CULTOURFAIR"},"content":{"rendered":"\n<p class=\"wp-block-yoast-seo-estimated-reading-time yoast-reading-time__wrapper\"><span class=\"yoast-reading-time__icon\"><svg aria-hidden=\"true\" focusable=\"false\" data-icon=\"clock\" width=\"20\" height=\"20\" fill=\"none\" stroke=\"currentColor\" style=\"display:inline-block;vertical-align:-0.1em\" role=\"img\" xmlns=\"http:\/\/www.w3.org\/2000\/svg\" viewBox=\"0 0 24 24\"><path stroke-linecap=\"round\" stroke-linejoin=\"round\" stroke-width=\"2\" d=\"M12 8v4l3 3m6-3a9 9 0 11-18 0 9 9 0 0118 0z\"><\/path><\/svg><\/span><span class=\"yoast-reading-time__spacer\" style=\"display:inline-block;width:1em\"><\/span><span class=\"yoast-reading-time__descriptive-text\">Estimated reading time: <\/span><span class=\"yoast-reading-time__reading-time\">2<\/span><span class=\"yoast-reading-time__time-unit\"> minutos<\/span><\/p>\n\n\n\n<p>Cuenta atr\u00e1s para la celebraci\u00f3n de la <strong>11\u00aa edici\u00f3n de CULTOURFAIR<\/strong> \u2013 la \u00fanica feria internacional B2B del mundo especializada en turismo Cultural premium y MICE. Se celebrar\u00e1 en Oviedo, del 29 de septiembre al 01 de octubre en el balneario real m\u00e1s antiguo de Espa\u00f1a, Las Caldas Villa Termal by Blau Hotels.<\/p>\n\n\n\n<p>El evento cuenta con el apoyo y patrocinio del Ayuntamiento de Oviedo, Blau Hotels, y esta edici\u00f3n cuenta con el Estado de Quer\u00e9taro, M\u00e9xico, como Destino Invitado (y sede de las \u00faltimas dos ediciones de MITM Americas \u2013 Meetings &amp; Incentive Travel Market).<\/p>\n\n\n\n<p>Esta cita en Oviedo, Capital Espa\u00f1ola de la Gastronom\u00eda 2024, ser\u00e1 el punto de encuentro para crear sinergias con directores y ejecutivos con poder de decisi\u00f3n especializados en: viajes de lujo, eventos (deportivos, musicales, enol\u00f3gicos, gourmet, etc.), MICE, city-breaks, patrimonio, gastronom\u00eda, folklore, religioso, etc&#8230;<\/p>\n\n\n\n<p><strong>CULTOURFAIR<\/strong> tiene como objetivo posicionar el turismo cultural de alto standing; la convocatoria para esta edici\u00f3n ha suscitado gran inter\u00e9s, recibiendo registros de casi 500 compradores de 57 pa\u00edses, al igual que el gran inter\u00e9s mostrado por los expositores que ya han contratado el 90% del espacio disponible.<\/p>\n\n\n\n<p>El programa del evento ofrece una agenda de hasta 30 citas preestablecidas con compradores rigurosamente seleccionados, complementado con un fabuloso programa de networking donde los participantes podr\u00e1n descubrir Oviedo, joya del norte de Espa\u00f1a; un destino incomparable con su rico patrimonio hist\u00f3rico y una cautivadora mezcla de modernidad y tradici\u00f3n.<\/p>\n\n\n\n<p><strong>CULTOURFAIR<\/strong> se ha realizado en nueve ciudades de cinco pa\u00edses, y ha celebrado sus \u00faltima edici\u00f3n en Sevilla en 2023, calificada por todos sus participantes como un rotundo \u00e9xito tanto en calidad y ROI como en organizaci\u00f3n,\u00a0 convirti\u00e9ndose en una cita imprescindible y en una de las ferias internacionales de referencia. La pasada edici\u00f3n cont\u00f3 con la participaci\u00f3n de 130 empresas de 36 pa\u00edses, llev\u00e1ndose a cabo m\u00e1s de 2.000 citas de negocio con un impacto econ\u00f3mico estimado a medio y largo plazo de 200 millones de euros.<\/p>\n\n\n\n<p>Para m\u00e1s informaci\u00f3n: sales@mitmevents.com |&nbsp; +34 915 414 30<\/p>\n\n\n\n<p>Fuente: MITM Events<\/p>\n","protected":false},"excerpt":{"rendered":"<p>Cuenta atr\u00e1s para la celebraci\u00f3n de la 11\u00aa edici\u00f3n de CULTOURFAIR \u2013 la \u00fanica feria internacional B2B del mundo especializada en turismo Cultural premium y&hellip;<\/p>\n","protected":false},"author":2,"featured_media":7928,"comment_status":"open","ping_status":"closed","sticky":false,"template":"","format":"standard","meta":{"content-type":"","_lmt_disableupdate":"","_lmt_disable":"","footnotes":""},"categories":[5],"tags":[],"class_list":["post-7927","post","type-post","status-publish","format-standard","has-post-thumbnail","hentry","category-mice"],"yoast_head":"<!-- This site is optimized with the Yoast SEO Premium plugin v27.4 (Yoast SEO v27.4) - https:\/\/yoast.com\/product\/yoast-seo-premium-wordpress\/ -->\n<title>Cuenta atr\u00e1s para 11\u00aa edici\u00f3n de CULTOURFAIR - Realidad Tur\u00edstica<\/title>\n<meta name=\"robots\" content=\"index, follow, max-snippet:-1, max-image-preview:large, max-video-preview:-1\" \/>\n<link rel=\"canonical\" href=\"https:\/\/realidadturistica.com\/realtur\/cuenta-atras-para-11a-edicion-de-cultourfair\/\" \/>\n<meta property=\"og:locale\" content=\"es_ES\" \/>\n<meta property=\"og:type\" content=\"article\" \/>\n<meta property=\"og:title\" content=\"Cuenta atr\u00e1s para 11\u00aa edici\u00f3n de CULTOURFAIR\" \/>\n<meta property=\"og:description\" content=\"Cuenta atr\u00e1s para la celebraci\u00f3n de la 11\u00aa edici\u00f3n de CULTOURFAIR \u2013 la \u00fanica feria internacional B2B del mundo especializada en turismo Cultural premium y&hellip;\" \/>\n<meta property=\"og:url\" content=\"https:\/\/realidadturistica.com\/realtur\/cuenta-atras-para-11a-edicion-de-cultourfair\/\" \/>\n<meta property=\"og:site_name\" content=\"Realidad Tur\u00edstica\" \/>\n<meta property=\"article:publisher\" content=\"https:\/\/www.facebook.com\/realidadturistica\" \/>\n<meta property=\"article:published_time\" content=\"2024-08-28T13:53:40+00:00\" \/>\n<meta property=\"article:modified_time\" content=\"2024-08-28T13:53:44+00:00\" \/>\n<meta property=\"og:image\" content=\"https:\/\/realidadturistica.com\/realtur\/wp-content\/uploads\/2024\/08\/Cultourfair_2024_2.jpg\" \/>\n\t<meta property=\"og:image:width\" content=\"1152\" \/>\n\t<meta property=\"og:image:height\" content=\"637\" \/>\n\t<meta property=\"og:image:type\" content=\"image\/jpeg\" \/>\n<meta name=\"author\" content=\"Editor\" \/>\n<meta name=\"twitter:card\" content=\"summary_large_image\" \/>\n<meta name=\"twitter:label1\" content=\"Escrito por\" \/>\n\t<meta name=\"twitter:data1\" content=\"Editor\" \/>\n\t<meta name=\"twitter:label2\" content=\"Tiempo de lectura\" \/>\n\t<meta name=\"twitter:data2\" content=\"2 minutos\" \/>\n<script type=\"application\/ld+json\" class=\"yoast-schema-graph\">{\"@context\":\"https:\\\/\\\/schema.org\",\"@graph\":[{\"@type\":\"Article\",\"@id\":\"https:\\\/\\\/realidadturistica.com\\\/realtur\\\/cuenta-atras-para-11a-edicion-de-cultourfair\\\/#article\",\"isPartOf\":{\"@id\":\"https:\\\/\\\/realidadturistica.com\\\/realtur\\\/cuenta-atras-para-11a-edicion-de-cultourfair\\\/\"},\"author\":{\"name\":\"Editor\",\"@id\":\"https:\\\/\\\/realidadturistica.com\\\/realtur\\\/#\\\/schema\\\/person\\\/ade671191202490fcf08ab21590de73e\"},\"headline\":\"Cuenta atr\u00e1s para 11\u00aa edici\u00f3n de CULTOURFAIR\",\"datePublished\":\"2024-08-28T13:53:40+00:00\",\"dateModified\":\"2024-08-28T13:53:44+00:00\",\"mainEntityOfPage\":{\"@id\":\"https:\\\/\\\/realidadturistica.com\\\/realtur\\\/cuenta-atras-para-11a-edicion-de-cultourfair\\\/\"},\"wordCount\":367,\"commentCount\":0,\"publisher\":{\"@id\":\"https:\\\/\\\/realidadturistica.com\\\/realtur\\\/#organization\"},\"image\":{\"@id\":\"https:\\\/\\\/realidadturistica.com\\\/realtur\\\/cuenta-atras-para-11a-edicion-de-cultourfair\\\/#primaryimage\"},\"thumbnailUrl\":\"https:\\\/\\\/realidadturistica.com\\\/realtur\\\/wp-content\\\/uploads\\\/2024\\\/08\\\/Cultourfair_2024_2.jpg\",\"articleSection\":[\"MICE\"],\"inLanguage\":\"es\",\"potentialAction\":[{\"@type\":\"CommentAction\",\"name\":\"Comment\",\"target\":[\"https:\\\/\\\/realidadturistica.com\\\/realtur\\\/cuenta-atras-para-11a-edicion-de-cultourfair\\\/#respond\"]}]},{\"@type\":\"WebPage\",\"@id\":\"https:\\\/\\\/realidadturistica.com\\\/realtur\\\/cuenta-atras-para-11a-edicion-de-cultourfair\\\/\",\"url\":\"https:\\\/\\\/realidadturistica.com\\\/realtur\\\/cuenta-atras-para-11a-edicion-de-cultourfair\\\/\",\"name\":\"Cuenta atr\u00e1s para 11\u00aa edici\u00f3n de CULTOURFAIR - Realidad Tur\u00edstica\",\"isPartOf\":{\"@id\":\"https:\\\/\\\/realidadturistica.com\\\/realtur\\\/#website\"},\"primaryImageOfPage\":{\"@id\":\"https:\\\/\\\/realidadturistica.com\\\/realtur\\\/cuenta-atras-para-11a-edicion-de-cultourfair\\\/#primaryimage\"},\"image\":{\"@id\":\"https:\\\/\\\/realidadturistica.com\\\/realtur\\\/cuenta-atras-para-11a-edicion-de-cultourfair\\\/#primaryimage\"},\"thumbnailUrl\":\"https:\\\/\\\/realidadturistica.com\\\/realtur\\\/wp-content\\\/uploads\\\/2024\\\/08\\\/Cultourfair_2024_2.jpg\",\"datePublished\":\"2024-08-28T13:53:40+00:00\",\"dateModified\":\"2024-08-28T13:53:44+00:00\",\"breadcrumb\":{\"@id\":\"https:\\\/\\\/realidadturistica.com\\\/realtur\\\/cuenta-atras-para-11a-edicion-de-cultourfair\\\/#breadcrumb\"},\"inLanguage\":\"es\",\"potentialAction\":[{\"@type\":\"ReadAction\",\"target\":[\"https:\\\/\\\/realidadturistica.com\\\/realtur\\\/cuenta-atras-para-11a-edicion-de-cultourfair\\\/\"]}]},{\"@type\":\"ImageObject\",\"inLanguage\":\"es\",\"@id\":\"https:\\\/\\\/realidadturistica.com\\\/realtur\\\/cuenta-atras-para-11a-edicion-de-cultourfair\\\/#primaryimage\",\"url\":\"https:\\\/\\\/realidadturistica.com\\\/realtur\\\/wp-content\\\/uploads\\\/2024\\\/08\\\/Cultourfair_2024_2.jpg\",\"contentUrl\":\"https:\\\/\\\/realidadturistica.com\\\/realtur\\\/wp-content\\\/uploads\\\/2024\\\/08\\\/Cultourfair_2024_2.jpg\",\"width\":1152,\"height\":637},{\"@type\":\"BreadcrumbList\",\"@id\":\"https:\\\/\\\/realidadturistica.com\\\/realtur\\\/cuenta-atras-para-11a-edicion-de-cultourfair\\\/#breadcrumb\",\"itemListElement\":[{\"@type\":\"ListItem\",\"position\":1,\"name\":\"Portada\",\"item\":\"https:\\\/\\\/realidadturistica.com\\\/realtur\\\/\"},{\"@type\":\"ListItem\",\"position\":2,\"name\":\"Cuenta atr\u00e1s para 11\u00aa edici\u00f3n de CULTOURFAIR\"}]},{\"@type\":\"WebSite\",\"@id\":\"https:\\\/\\\/realidadturistica.com\\\/realtur\\\/#website\",\"url\":\"https:\\\/\\\/realidadturistica.com\\\/realtur\\\/\",\"name\":\"Realidad Tur\u00edstica\",\"description\":\"\",\"publisher\":{\"@id\":\"https:\\\/\\\/realidadturistica.com\\\/realtur\\\/#organization\"},\"potentialAction\":[{\"@type\":\"SearchAction\",\"target\":{\"@type\":\"EntryPoint\",\"urlTemplate\":\"https:\\\/\\\/realidadturistica.com\\\/realtur\\\/?s={search_term_string}\"},\"query-input\":{\"@type\":\"PropertyValueSpecification\",\"valueRequired\":true,\"valueName\":\"search_term_string\"}}],\"inLanguage\":\"es\"},{\"@type\":\"Organization\",\"@id\":\"https:\\\/\\\/realidadturistica.com\\\/realtur\\\/#organization\",\"name\":\"Realidad Tur\u00edstica\",\"url\":\"https:\\\/\\\/realidadturistica.com\\\/realtur\\\/\",\"logo\":{\"@type\":\"ImageObject\",\"inLanguage\":\"es\",\"@id\":\"https:\\\/\\\/realidadturistica.com\\\/realtur\\\/#\\\/schema\\\/logo\\\/image\\\/\",\"url\":\"https:\\\/\\\/realidadturistica.com\\\/realtur\\\/wp-content\\\/uploads\\\/2021\\\/12\\\/logotipo-realidad-turistica.png\",\"contentUrl\":\"https:\\\/\\\/realidadturistica.com\\\/realtur\\\/wp-content\\\/uploads\\\/2021\\\/12\\\/logotipo-realidad-turistica.png\",\"width\":1382,\"height\":629,\"caption\":\"Realidad Tur\u00edstica\"},\"image\":{\"@id\":\"https:\\\/\\\/realidadturistica.com\\\/realtur\\\/#\\\/schema\\\/logo\\\/image\\\/\"},\"sameAs\":[\"https:\\\/\\\/www.facebook.com\\\/realidadturistica\",\"https:\\\/\\\/www.instagram.com\\\/realidad_turistica\\\/\"]},{\"@type\":\"Person\",\"@id\":\"https:\\\/\\\/realidadturistica.com\\\/realtur\\\/#\\\/schema\\\/person\\\/ade671191202490fcf08ab21590de73e\",\"name\":\"Editor\",\"image\":{\"@type\":\"ImageObject\",\"inLanguage\":\"es\",\"@id\":\"https:\\\/\\\/realidadturistica.com\\\/realtur\\\/wp-content\\\/uploads\\\/2023\\\/09\\\/Editor_avatar_1693668634-96x96.png\",\"url\":\"https:\\\/\\\/realidadturistica.com\\\/realtur\\\/wp-content\\\/uploads\\\/2023\\\/09\\\/Editor_avatar_1693668634-96x96.png\",\"contentUrl\":\"https:\\\/\\\/realidadturistica.com\\\/realtur\\\/wp-content\\\/uploads\\\/2023\\\/09\\\/Editor_avatar_1693668634-96x96.png\",\"caption\":\"Editor\"},\"sameAs\":[\"https:\\\/\\\/realidadturistica.com\\\/realtur\"],\"url\":\"https:\\\/\\\/realidadturistica.com\\\/realtur\\\/author\\\/editor2\\\/\"}]}<\/script>\n<!-- \/ Yoast SEO Premium plugin. -->","yoast_head_json":{"title":"Cuenta atr\u00e1s para 11\u00aa edici\u00f3n de CULTOURFAIR - Realidad Tur\u00edstica","robots":{"index":"index","follow":"follow","max-snippet":"max-snippet:-1","max-image-preview":"max-image-preview:large","max-video-preview":"max-video-preview:-1"},"canonical":"https:\/\/realidadturistica.com\/realtur\/cuenta-atras-para-11a-edicion-de-cultourfair\/","og_locale":"es_ES","og_type":"article","og_title":"Cuenta atr\u00e1s para 11\u00aa edici\u00f3n de CULTOURFAIR","og_description":"Cuenta atr\u00e1s para la celebraci\u00f3n de la 11\u00aa edici\u00f3n de CULTOURFAIR \u2013 la \u00fanica feria internacional B2B del mundo especializada en turismo Cultural premium y&hellip;","og_url":"https:\/\/realidadturistica.com\/realtur\/cuenta-atras-para-11a-edicion-de-cultourfair\/","og_site_name":"Realidad Tur\u00edstica","article_publisher":"https:\/\/www.facebook.com\/realidadturistica","article_published_time":"2024-08-28T13:53:40+00:00","article_modified_time":"2024-08-28T13:53:44+00:00","og_image":[{"width":1152,"height":637,"url":"https:\/\/realidadturistica.com\/realtur\/wp-content\/uploads\/2024\/08\/Cultourfair_2024_2.jpg","type":"image\/jpeg"}],"author":"Editor","twitter_card":"summary_large_image","twitter_misc":{"Escrito por":"Editor","Tiempo de lectura":"2 minutos"},"schema":{"@context":"https:\/\/schema.org","@graph":[{"@type":"Article","@id":"https:\/\/realidadturistica.com\/realtur\/cuenta-atras-para-11a-edicion-de-cultourfair\/#article","isPartOf":{"@id":"https:\/\/realidadturistica.com\/realtur\/cuenta-atras-para-11a-edicion-de-cultourfair\/"},"author":{"name":"Editor","@id":"https:\/\/realidadturistica.com\/realtur\/#\/schema\/person\/ade671191202490fcf08ab21590de73e"},"headline":"Cuenta atr\u00e1s para 11\u00aa edici\u00f3n de CULTOURFAIR","datePublished":"2024-08-28T13:53:40+00:00","dateModified":"2024-08-28T13:53:44+00:00","mainEntityOfPage":{"@id":"https:\/\/realidadturistica.com\/realtur\/cuenta-atras-para-11a-edicion-de-cultourfair\/"},"wordCount":367,"commentCount":0,"publisher":{"@id":"https:\/\/realidadturistica.com\/realtur\/#organization"},"image":{"@id":"https:\/\/realidadturistica.com\/realtur\/cuenta-atras-para-11a-edicion-de-cultourfair\/#primaryimage"},"thumbnailUrl":"https:\/\/realidadturistica.com\/realtur\/wp-content\/uploads\/2024\/08\/Cultourfair_2024_2.jpg","articleSection":["MICE"],"inLanguage":"es","potentialAction":[{"@type":"CommentAction","name":"Comment","target":["https:\/\/realidadturistica.com\/realtur\/cuenta-atras-para-11a-edicion-de-cultourfair\/#respond"]}]},{"@type":"WebPage","@id":"https:\/\/realidadturistica.com\/realtur\/cuenta-atras-para-11a-edicion-de-cultourfair\/","url":"https:\/\/realidadturistica.com\/realtur\/cuenta-atras-para-11a-edicion-de-cultourfair\/","name":"Cuenta atr\u00e1s para 11\u00aa edici\u00f3n de CULTOURFAIR - Realidad Tur\u00edstica","isPartOf":{"@id":"https:\/\/realidadturistica.com\/realtur\/#website"},"primaryImageOfPage":{"@id":"https:\/\/realidadturistica.com\/realtur\/cuenta-atras-para-11a-edicion-de-cultourfair\/#primaryimage"},"image":{"@id":"https:\/\/realidadturistica.com\/realtur\/cuenta-atras-para-11a-edicion-de-cultourfair\/#primaryimage"},"thumbnailUrl":"https:\/\/realidadturistica.com\/realtur\/wp-content\/uploads\/2024\/08\/Cultourfair_2024_2.jpg","datePublished":"2024-08-28T13:53:40+00:00","dateModified":"2024-08-28T13:53:44+00:00","breadcrumb":{"@id":"https:\/\/realidadturistica.com\/realtur\/cuenta-atras-para-11a-edicion-de-cultourfair\/#breadcrumb"},"inLanguage":"es","potentialAction":[{"@type":"ReadAction","target":["https:\/\/realidadturistica.com\/realtur\/cuenta-atras-para-11a-edicion-de-cultourfair\/"]}]},{"@type":"ImageObject","inLanguage":"es","@id":"https:\/\/realidadturistica.com\/realtur\/cuenta-atras-para-11a-edicion-de-cultourfair\/#primaryimage","url":"https:\/\/realidadturistica.com\/realtur\/wp-content\/uploads\/2024\/08\/Cultourfair_2024_2.jpg","contentUrl":"https:\/\/realidadturistica.com\/realtur\/wp-content\/uploads\/2024\/08\/Cultourfair_2024_2.jpg","width":1152,"height":637},{"@type":"BreadcrumbList","@id":"https:\/\/realidadturistica.com\/realtur\/cuenta-atras-para-11a-edicion-de-cultourfair\/#breadcrumb","itemListElement":[{"@type":"ListItem","position":1,"name":"Portada","item":"https:\/\/realidadturistica.com\/realtur\/"},{"@type":"ListItem","position":2,"name":"Cuenta atr\u00e1s para 11\u00aa edici\u00f3n de CULTOURFAIR"}]},{"@type":"WebSite","@id":"https:\/\/realidadturistica.com\/realtur\/#website","url":"https:\/\/realidadturistica.com\/realtur\/","name":"Realidad Tur\u00edstica","description":"","publisher":{"@id":"https:\/\/realidadturistica.com\/realtur\/#organization"},"potentialAction":[{"@type":"SearchAction","target":{"@type":"EntryPoint","urlTemplate":"https:\/\/realidadturistica.com\/realtur\/?s={search_term_string}"},"query-input":{"@type":"PropertyValueSpecification","valueRequired":true,"valueName":"search_term_string"}}],"inLanguage":"es"},{"@type":"Organization","@id":"https:\/\/realidadturistica.com\/realtur\/#organization","name":"Realidad Tur\u00edstica","url":"https:\/\/realidadturistica.com\/realtur\/","logo":{"@type":"ImageObject","inLanguage":"es","@id":"https:\/\/realidadturistica.com\/realtur\/#\/schema\/logo\/image\/","url":"https:\/\/realidadturistica.com\/realtur\/wp-content\/uploads\/2021\/12\/logotipo-realidad-turistica.png","contentUrl":"https:\/\/realidadturistica.com\/realtur\/wp-content\/uploads\/2021\/12\/logotipo-realidad-turistica.png","width":1382,"height":629,"caption":"Realidad Tur\u00edstica"},"image":{"@id":"https:\/\/realidadturistica.com\/realtur\/#\/schema\/logo\/image\/"},"sameAs":["https:\/\/www.facebook.com\/realidadturistica","https:\/\/www.instagram.com\/realidad_turistica\/"]},{"@type":"Person","@id":"https:\/\/realidadturistica.com\/realtur\/#\/schema\/person\/ade671191202490fcf08ab21590de73e","name":"Editor","image":{"@type":"ImageObject","inLanguage":"es","@id":"https:\/\/realidadturistica.com\/realtur\/wp-content\/uploads\/2023\/09\/Editor_avatar_1693668634-96x96.png","url":"https:\/\/realidadturistica.com\/realtur\/wp-content\/uploads\/2023\/09\/Editor_avatar_1693668634-96x96.png","contentUrl":"https:\/\/realidadturistica.com\/realtur\/wp-content\/uploads\/2023\/09\/Editor_avatar_1693668634-96x96.png","caption":"Editor"},"sameAs":["https:\/\/realidadturistica.com\/realtur"],"url":"https:\/\/realidadturistica.com\/realtur\/author\/editor2\/"}]}},"_links":{"self":[{"href":"https:\/\/realidadturistica.com\/realtur\/wp-json\/wp\/v2\/posts\/7927","targetHints":{"allow":["GET"]}}],"collection":[{"href":"https:\/\/realidadturistica.com\/realtur\/wp-json\/wp\/v2\/posts"}],"about":[{"href":"https:\/\/realidadturistica.com\/realtur\/wp-json\/wp\/v2\/types\/post"}],"author":[{"embeddable":true,"href":"https:\/\/realidadturistica.com\/realtur\/wp-json\/wp\/v2\/users\/2"}],"replies":[{"embeddable":true,"href":"https:\/\/realidadturistica.com\/realtur\/wp-json\/wp\/v2\/comments?post=7927"}],"version-history":[{"count":1,"href":"https:\/\/realidadturistica.com\/realtur\/wp-json\/wp\/v2\/posts\/7927\/revisions"}],"predecessor-version":[{"id":7929,"href":"https:\/\/realidadturistica.com\/realtur\/wp-json\/wp\/v2\/posts\/7927\/revisions\/7929"}],"wp:featuredmedia":[{"embeddable":true,"href":"https:\/\/realidadturistica.com\/realtur\/wp-json\/wp\/v2\/media\/7928"}],"wp:attachment":[{"href":"https:\/\/realidadturistica.com\/realtur\/wp-json\/wp\/v2\/media?parent=7927"}],"wp:term":[{"taxonomy":"category","embeddable":true,"href":"https:\/\/realidadturistica.com\/realtur\/wp-json\/wp\/v2\/categories?post=7927"},{"taxonomy":"post_tag","embeddable":true,"href":"https:\/\/realidadturistica.com\/realtur\/wp-json\/wp\/v2\/tags?post=7927"}],"curies":[{"name":"wp","href":"https:\/\/api.w.org\/{rel}","templated":true}]}}