{"id":7988,"date":"2024-09-04T14:09:46","date_gmt":"2024-09-04T14:09:46","guid":{"rendered":"https:\/\/realidadturistica.com\/realtur\/?p=7988"},"modified":"2024-09-04T14:09:48","modified_gmt":"2024-09-04T14:09:48","slug":"inauguran-salon-del-cacao-para-promover-el-valor-cultural-y-economico-del-chocolate-hondureno","status":"publish","type":"post","link":"https:\/\/realidadturistica.com\/realtur\/inauguran-salon-del-cacao-para-promover-el-valor-cultural-y-economico-del-chocolate-hondureno\/","title":{"rendered":"Inauguran \u201cSal\u00f3n del Cacao\u201d para promover el valor cultural y econ\u00f3mico del chocolate hondure\u00f1o"},"content":{"rendered":"\n<p class=\"wp-block-yoast-seo-estimated-reading-time yoast-reading-time__wrapper\"><span class=\"yoast-reading-time__icon\"><svg aria-hidden=\"true\" focusable=\"false\" data-icon=\"clock\" width=\"20\" height=\"20\" fill=\"none\" stroke=\"currentColor\" style=\"display:inline-block;vertical-align:-0.1em\" role=\"img\" xmlns=\"http:\/\/www.w3.org\/2000\/svg\" viewBox=\"0 0 24 24\"><path stroke-linecap=\"round\" stroke-linejoin=\"round\" stroke-width=\"2\" d=\"M12 8v4l3 3m6-3a9 9 0 11-18 0 9 9 0 0118 0z\"><\/path><\/svg><\/span><span class=\"yoast-reading-time__spacer\" style=\"display:inline-block;width:1em\"><\/span><span class=\"yoast-reading-time__descriptive-text\">Estimated reading time: <\/span><span class=\"yoast-reading-time__reading-time\">2<\/span><span class=\"yoast-reading-time__time-unit\"> minutos<\/span><\/p>\n\n\n\n<p>Honduras. El Instituto Hondure\u00f1o de Turismo particip\u00f3 en la inauguraci\u00f3n del \u201cSal\u00f3n del Cacao\u201d, un evento enmarcado dentro del Festival Internacional del Chocolate Artesanal.<\/p>\n\n\n\n<p>La iniciativa busca destacar la relevancia del cacao hondure\u00f1o en el \u00e1mbito gastron\u00f3mico y econ\u00f3mico a trav\u00e9s de una serie de conferencias y una expoventa de productos derivados de este valioso fruto.<\/p>\n\n\n\n<p>El taller cont\u00f3 con la presencia de figuras destacadas en la transformaci\u00f3n del cacao. Entre ellos, Efren Elvir, un reconocido chocolatero hondure\u00f1o de Chocolater\u00eda Atucun; Vanessa Medina, gerente general de Natcacao; y Sandra Cabrera, chef EDUCATEUR en la carrera de T\u00e9cnicos de Alimentos y Bebidas de la Universidad Nacional Aut\u00f3noma de Honduras. Rosa Leiva, presidenta del Festival del Chocolate Artesanal, tambi\u00e9n estuvo entre los presentes.<\/p>\n\n\n\n<p>Durante la conferencia, los expertos discutieron las m\u00faltiples aplicaciones del cacao en la gastronom\u00eda, resaltando su potencial no solo como un ingrediente culinario, sino tambi\u00e9n como una bebida energ\u00e9tica con beneficios para el cuerpo y la mente. Se destac\u00f3 c\u00f3mo este alimento ancestral puede contribuir a la salud emocional y f\u00edsica.<\/p>\n\n\n\n<p>La expoventa, parte central de la promoci\u00f3n del \u201cSal\u00f3n del Cacao\u201d, tendr\u00e1 lugar los d\u00edas 28 y 29 de agosto en el Mall Multiplaza.<\/p>\n\n\n\n<p>Este evento busca no solo comercializar productos, sino tambi\u00e9n educar al p\u00fablico sobre la rica historia del cacao en Honduras, subrayando su importancia como un patrimonio cultural de la naci\u00f3n.<\/p>\n\n\n\n<p>La participaci\u00f3n del Instituto Hondure\u00f1o de Turismo en este evento refleja un esfuerzo por integrar el cacao en la oferta tur\u00edstica del pa\u00eds, aportando su valor cultural y econ\u00f3mico. El festival no solo celebra el cacao como un producto, sino que tambi\u00e9n promueve la identidad hondure\u00f1a a trav\u00e9s de sus sabores y tradiciones.<\/p>\n\n\n\n<p>El \u201cSal\u00f3n del Cacao\u201d se presenta como una plataforma para los productores locales, quienes tienen la oportunidad de mostrar la calidad de sus productos a un p\u00fablico m\u00e1s amplio. A trav\u00e9s de esta iniciativa, se espera aumentar la visibilidad y apreciaci\u00f3n del cacao hondure\u00f1o tanto a nivel nacional como internacional.<\/p>\n\n\n\n<p>OB\/Hondudiario<\/p>\n","protected":false},"excerpt":{"rendered":"<p>Honduras. El Instituto Hondure\u00f1o de Turismo particip\u00f3 en la inauguraci\u00f3n del \u201cSal\u00f3n del Cacao\u201d, un evento enmarcado dentro del Festival Internacional del Chocolate Artesanal. La&hellip;<\/p>\n","protected":false},"author":2,"featured_media":7989,"comment_status":"open","ping_status":"closed","sticky":false,"template":"","format":"standard","meta":{"content-type":"","_lmt_disableupdate":"","_lmt_disable":"","footnotes":""},"categories":[4],"tags":[],"class_list":["post-7988","post","type-post","status-publish","format-standard","has-post-thumbnail","hentry","category-destinos"],"yoast_head":"<!-- This site is optimized with the Yoast SEO Premium plugin v27.4 (Yoast SEO v27.5) - https:\/\/yoast.com\/product\/yoast-seo-premium-wordpress\/ -->\n<title>Inauguran \u201cSal\u00f3n del Cacao\u201d para promover el valor cultural y econ\u00f3mico del chocolate hondure\u00f1o - Realidad Tur\u00edstica<\/title>\n<meta name=\"robots\" content=\"index, follow, max-snippet:-1, max-image-preview:large, max-video-preview:-1\" \/>\n<link rel=\"canonical\" href=\"https:\/\/realidadturistica.com\/realtur\/inauguran-salon-del-cacao-para-promover-el-valor-cultural-y-economico-del-chocolate-hondureno\/\" \/>\n<meta property=\"og:locale\" content=\"es_ES\" \/>\n<meta property=\"og:type\" content=\"article\" \/>\n<meta property=\"og:title\" content=\"Inauguran \u201cSal\u00f3n del Cacao\u201d para promover el valor cultural y econ\u00f3mico del chocolate hondure\u00f1o\" \/>\n<meta property=\"og:description\" content=\"Honduras. El Instituto Hondure\u00f1o de Turismo particip\u00f3 en la inauguraci\u00f3n del \u201cSal\u00f3n del Cacao\u201d, un evento enmarcado dentro del Festival Internacional del Chocolate Artesanal. La&hellip;\" \/>\n<meta property=\"og:url\" content=\"https:\/\/realidadturistica.com\/realtur\/inauguran-salon-del-cacao-para-promover-el-valor-cultural-y-economico-del-chocolate-hondureno\/\" \/>\n<meta property=\"og:site_name\" content=\"Realidad Tur\u00edstica\" \/>\n<meta property=\"article:publisher\" content=\"https:\/\/www.facebook.com\/realidadturistica\" \/>\n<meta property=\"article:published_time\" content=\"2024-09-04T14:09:46+00:00\" \/>\n<meta property=\"article:modified_time\" content=\"2024-09-04T14:09:48+00:00\" \/>\n<meta property=\"og:image\" content=\"https:\/\/realidadturistica.com\/realtur\/wp-content\/uploads\/2024\/09\/Inauguran.jpg\" \/>\n\t<meta property=\"og:image:width\" content=\"2048\" \/>\n\t<meta property=\"og:image:height\" content=\"1536\" \/>\n\t<meta property=\"og:image:type\" content=\"image\/jpeg\" \/>\n<meta name=\"author\" content=\"Editor\" \/>\n<meta name=\"twitter:card\" content=\"summary_large_image\" \/>\n<meta name=\"twitter:label1\" content=\"Escrito por\" \/>\n\t<meta name=\"twitter:data1\" content=\"Editor\" \/>\n\t<meta name=\"twitter:label2\" content=\"Tiempo de lectura\" \/>\n\t<meta name=\"twitter:data2\" content=\"2 minutos\" \/>\n<script type=\"application\/ld+json\" class=\"yoast-schema-graph\">{\"@context\":\"https:\\\/\\\/schema.org\",\"@graph\":[{\"@type\":\"Article\",\"@id\":\"https:\\\/\\\/realidadturistica.com\\\/realtur\\\/inauguran-salon-del-cacao-para-promover-el-valor-cultural-y-economico-del-chocolate-hondureno\\\/#article\",\"isPartOf\":{\"@id\":\"https:\\\/\\\/realidadturistica.com\\\/realtur\\\/inauguran-salon-del-cacao-para-promover-el-valor-cultural-y-economico-del-chocolate-hondureno\\\/\"},\"author\":{\"name\":\"Editor\",\"@id\":\"https:\\\/\\\/realidadturistica.com\\\/realtur\\\/#\\\/schema\\\/person\\\/ade671191202490fcf08ab21590de73e\"},\"headline\":\"Inauguran \u201cSal\u00f3n del Cacao\u201d para promover el valor cultural y econ\u00f3mico del chocolate hondure\u00f1o\",\"datePublished\":\"2024-09-04T14:09:46+00:00\",\"dateModified\":\"2024-09-04T14:09:48+00:00\",\"mainEntityOfPage\":{\"@id\":\"https:\\\/\\\/realidadturistica.com\\\/realtur\\\/inauguran-salon-del-cacao-para-promover-el-valor-cultural-y-economico-del-chocolate-hondureno\\\/\"},\"wordCount\":389,\"commentCount\":0,\"publisher\":{\"@id\":\"https:\\\/\\\/realidadturistica.com\\\/realtur\\\/#organization\"},\"image\":{\"@id\":\"https:\\\/\\\/realidadturistica.com\\\/realtur\\\/inauguran-salon-del-cacao-para-promover-el-valor-cultural-y-economico-del-chocolate-hondureno\\\/#primaryimage\"},\"thumbnailUrl\":\"https:\\\/\\\/realidadturistica.com\\\/realtur\\\/wp-content\\\/uploads\\\/2024\\\/09\\\/Inauguran.jpg\",\"articleSection\":[\"Destinos M\u00e1gicos\"],\"inLanguage\":\"es\",\"potentialAction\":[{\"@type\":\"CommentAction\",\"name\":\"Comment\",\"target\":[\"https:\\\/\\\/realidadturistica.com\\\/realtur\\\/inauguran-salon-del-cacao-para-promover-el-valor-cultural-y-economico-del-chocolate-hondureno\\\/#respond\"]}]},{\"@type\":\"WebPage\",\"@id\":\"https:\\\/\\\/realidadturistica.com\\\/realtur\\\/inauguran-salon-del-cacao-para-promover-el-valor-cultural-y-economico-del-chocolate-hondureno\\\/\",\"url\":\"https:\\\/\\\/realidadturistica.com\\\/realtur\\\/inauguran-salon-del-cacao-para-promover-el-valor-cultural-y-economico-del-chocolate-hondureno\\\/\",\"name\":\"Inauguran \u201cSal\u00f3n del Cacao\u201d para promover el valor cultural y econ\u00f3mico del chocolate hondure\u00f1o - Realidad Tur\u00edstica\",\"isPartOf\":{\"@id\":\"https:\\\/\\\/realidadturistica.com\\\/realtur\\\/#website\"},\"primaryImageOfPage\":{\"@id\":\"https:\\\/\\\/realidadturistica.com\\\/realtur\\\/inauguran-salon-del-cacao-para-promover-el-valor-cultural-y-economico-del-chocolate-hondureno\\\/#primaryimage\"},\"image\":{\"@id\":\"https:\\\/\\\/realidadturistica.com\\\/realtur\\\/inauguran-salon-del-cacao-para-promover-el-valor-cultural-y-economico-del-chocolate-hondureno\\\/#primaryimage\"},\"thumbnailUrl\":\"https:\\\/\\\/realidadturistica.com\\\/realtur\\\/wp-content\\\/uploads\\\/2024\\\/09\\\/Inauguran.jpg\",\"datePublished\":\"2024-09-04T14:09:46+00:00\",\"dateModified\":\"2024-09-04T14:09:48+00:00\",\"breadcrumb\":{\"@id\":\"https:\\\/\\\/realidadturistica.com\\\/realtur\\\/inauguran-salon-del-cacao-para-promover-el-valor-cultural-y-economico-del-chocolate-hondureno\\\/#breadcrumb\"},\"inLanguage\":\"es\",\"potentialAction\":[{\"@type\":\"ReadAction\",\"target\":[\"https:\\\/\\\/realidadturistica.com\\\/realtur\\\/inauguran-salon-del-cacao-para-promover-el-valor-cultural-y-economico-del-chocolate-hondureno\\\/\"]}]},{\"@type\":\"ImageObject\",\"inLanguage\":\"es\",\"@id\":\"https:\\\/\\\/realidadturistica.com\\\/realtur\\\/inauguran-salon-del-cacao-para-promover-el-valor-cultural-y-economico-del-chocolate-hondureno\\\/#primaryimage\",\"url\":\"https:\\\/\\\/realidadturistica.com\\\/realtur\\\/wp-content\\\/uploads\\\/2024\\\/09\\\/Inauguran.jpg\",\"contentUrl\":\"https:\\\/\\\/realidadturistica.com\\\/realtur\\\/wp-content\\\/uploads\\\/2024\\\/09\\\/Inauguran.jpg\",\"width\":2048,\"height\":1536},{\"@type\":\"BreadcrumbList\",\"@id\":\"https:\\\/\\\/realidadturistica.com\\\/realtur\\\/inauguran-salon-del-cacao-para-promover-el-valor-cultural-y-economico-del-chocolate-hondureno\\\/#breadcrumb\",\"itemListElement\":[{\"@type\":\"ListItem\",\"position\":1,\"name\":\"Portada\",\"item\":\"https:\\\/\\\/realidadturistica.com\\\/realtur\\\/\"},{\"@type\":\"ListItem\",\"position\":2,\"name\":\"Inauguran \u201cSal\u00f3n del Cacao\u201d para promover el valor cultural y econ\u00f3mico del chocolate hondure\u00f1o\"}]},{\"@type\":\"WebSite\",\"@id\":\"https:\\\/\\\/realidadturistica.com\\\/realtur\\\/#website\",\"url\":\"https:\\\/\\\/realidadturistica.com\\\/realtur\\\/\",\"name\":\"Realidad Tur\u00edstica\",\"description\":\"\",\"publisher\":{\"@id\":\"https:\\\/\\\/realidadturistica.com\\\/realtur\\\/#organization\"},\"potentialAction\":[{\"@type\":\"SearchAction\",\"target\":{\"@type\":\"EntryPoint\",\"urlTemplate\":\"https:\\\/\\\/realidadturistica.com\\\/realtur\\\/?s={search_term_string}\"},\"query-input\":{\"@type\":\"PropertyValueSpecification\",\"valueRequired\":true,\"valueName\":\"search_term_string\"}}],\"inLanguage\":\"es\"},{\"@type\":\"Organization\",\"@id\":\"https:\\\/\\\/realidadturistica.com\\\/realtur\\\/#organization\",\"name\":\"Realidad Tur\u00edstica\",\"url\":\"https:\\\/\\\/realidadturistica.com\\\/realtur\\\/\",\"logo\":{\"@type\":\"ImageObject\",\"inLanguage\":\"es\",\"@id\":\"https:\\\/\\\/realidadturistica.com\\\/realtur\\\/#\\\/schema\\\/logo\\\/image\\\/\",\"url\":\"https:\\\/\\\/realidadturistica.com\\\/realtur\\\/wp-content\\\/uploads\\\/2021\\\/12\\\/logotipo-realidad-turistica.png\",\"contentUrl\":\"https:\\\/\\\/realidadturistica.com\\\/realtur\\\/wp-content\\\/uploads\\\/2021\\\/12\\\/logotipo-realidad-turistica.png\",\"width\":1382,\"height\":629,\"caption\":\"Realidad Tur\u00edstica\"},\"image\":{\"@id\":\"https:\\\/\\\/realidadturistica.com\\\/realtur\\\/#\\\/schema\\\/logo\\\/image\\\/\"},\"sameAs\":[\"https:\\\/\\\/www.facebook.com\\\/realidadturistica\",\"https:\\\/\\\/www.instagram.com\\\/realidad_turistica\\\/\"]},{\"@type\":\"Person\",\"@id\":\"https:\\\/\\\/realidadturistica.com\\\/realtur\\\/#\\\/schema\\\/person\\\/ade671191202490fcf08ab21590de73e\",\"name\":\"Editor\",\"image\":{\"@type\":\"ImageObject\",\"inLanguage\":\"es\",\"@id\":\"https:\\\/\\\/realidadturistica.com\\\/realtur\\\/wp-content\\\/uploads\\\/2023\\\/09\\\/Editor_avatar_1693668634-96x96.png\",\"url\":\"https:\\\/\\\/realidadturistica.com\\\/realtur\\\/wp-content\\\/uploads\\\/2023\\\/09\\\/Editor_avatar_1693668634-96x96.png\",\"contentUrl\":\"https:\\\/\\\/realidadturistica.com\\\/realtur\\\/wp-content\\\/uploads\\\/2023\\\/09\\\/Editor_avatar_1693668634-96x96.png\",\"caption\":\"Editor\"},\"sameAs\":[\"https:\\\/\\\/realidadturistica.com\\\/realtur\"],\"url\":\"https:\\\/\\\/realidadturistica.com\\\/realtur\\\/author\\\/editor2\\\/\"}]}<\/script>\n<!-- \/ Yoast SEO Premium plugin. -->","yoast_head_json":{"title":"Inauguran \u201cSal\u00f3n del Cacao\u201d para promover el valor cultural y econ\u00f3mico del chocolate hondure\u00f1o - Realidad Tur\u00edstica","robots":{"index":"index","follow":"follow","max-snippet":"max-snippet:-1","max-image-preview":"max-image-preview:large","max-video-preview":"max-video-preview:-1"},"canonical":"https:\/\/realidadturistica.com\/realtur\/inauguran-salon-del-cacao-para-promover-el-valor-cultural-y-economico-del-chocolate-hondureno\/","og_locale":"es_ES","og_type":"article","og_title":"Inauguran \u201cSal\u00f3n del Cacao\u201d para promover el valor cultural y econ\u00f3mico del chocolate hondure\u00f1o","og_description":"Honduras. El Instituto Hondure\u00f1o de Turismo particip\u00f3 en la inauguraci\u00f3n del \u201cSal\u00f3n del Cacao\u201d, un evento enmarcado dentro del Festival Internacional del Chocolate Artesanal. La&hellip;","og_url":"https:\/\/realidadturistica.com\/realtur\/inauguran-salon-del-cacao-para-promover-el-valor-cultural-y-economico-del-chocolate-hondureno\/","og_site_name":"Realidad Tur\u00edstica","article_publisher":"https:\/\/www.facebook.com\/realidadturistica","article_published_time":"2024-09-04T14:09:46+00:00","article_modified_time":"2024-09-04T14:09:48+00:00","og_image":[{"width":2048,"height":1536,"url":"https:\/\/realidadturistica.com\/realtur\/wp-content\/uploads\/2024\/09\/Inauguran.jpg","type":"image\/jpeg"}],"author":"Editor","twitter_card":"summary_large_image","twitter_misc":{"Escrito por":"Editor","Tiempo de lectura":"2 minutos"},"schema":{"@context":"https:\/\/schema.org","@graph":[{"@type":"Article","@id":"https:\/\/realidadturistica.com\/realtur\/inauguran-salon-del-cacao-para-promover-el-valor-cultural-y-economico-del-chocolate-hondureno\/#article","isPartOf":{"@id":"https:\/\/realidadturistica.com\/realtur\/inauguran-salon-del-cacao-para-promover-el-valor-cultural-y-economico-del-chocolate-hondureno\/"},"author":{"name":"Editor","@id":"https:\/\/realidadturistica.com\/realtur\/#\/schema\/person\/ade671191202490fcf08ab21590de73e"},"headline":"Inauguran \u201cSal\u00f3n del Cacao\u201d para promover el valor cultural y econ\u00f3mico del chocolate hondure\u00f1o","datePublished":"2024-09-04T14:09:46+00:00","dateModified":"2024-09-04T14:09:48+00:00","mainEntityOfPage":{"@id":"https:\/\/realidadturistica.com\/realtur\/inauguran-salon-del-cacao-para-promover-el-valor-cultural-y-economico-del-chocolate-hondureno\/"},"wordCount":389,"commentCount":0,"publisher":{"@id":"https:\/\/realidadturistica.com\/realtur\/#organization"},"image":{"@id":"https:\/\/realidadturistica.com\/realtur\/inauguran-salon-del-cacao-para-promover-el-valor-cultural-y-economico-del-chocolate-hondureno\/#primaryimage"},"thumbnailUrl":"https:\/\/realidadturistica.com\/realtur\/wp-content\/uploads\/2024\/09\/Inauguran.jpg","articleSection":["Destinos M\u00e1gicos"],"inLanguage":"es","potentialAction":[{"@type":"CommentAction","name":"Comment","target":["https:\/\/realidadturistica.com\/realtur\/inauguran-salon-del-cacao-para-promover-el-valor-cultural-y-economico-del-chocolate-hondureno\/#respond"]}]},{"@type":"WebPage","@id":"https:\/\/realidadturistica.com\/realtur\/inauguran-salon-del-cacao-para-promover-el-valor-cultural-y-economico-del-chocolate-hondureno\/","url":"https:\/\/realidadturistica.com\/realtur\/inauguran-salon-del-cacao-para-promover-el-valor-cultural-y-economico-del-chocolate-hondureno\/","name":"Inauguran \u201cSal\u00f3n del Cacao\u201d para promover el valor cultural y econ\u00f3mico del chocolate hondure\u00f1o - Realidad Tur\u00edstica","isPartOf":{"@id":"https:\/\/realidadturistica.com\/realtur\/#website"},"primaryImageOfPage":{"@id":"https:\/\/realidadturistica.com\/realtur\/inauguran-salon-del-cacao-para-promover-el-valor-cultural-y-economico-del-chocolate-hondureno\/#primaryimage"},"image":{"@id":"https:\/\/realidadturistica.com\/realtur\/inauguran-salon-del-cacao-para-promover-el-valor-cultural-y-economico-del-chocolate-hondureno\/#primaryimage"},"thumbnailUrl":"https:\/\/realidadturistica.com\/realtur\/wp-content\/uploads\/2024\/09\/Inauguran.jpg","datePublished":"2024-09-04T14:09:46+00:00","dateModified":"2024-09-04T14:09:48+00:00","breadcrumb":{"@id":"https:\/\/realidadturistica.com\/realtur\/inauguran-salon-del-cacao-para-promover-el-valor-cultural-y-economico-del-chocolate-hondureno\/#breadcrumb"},"inLanguage":"es","potentialAction":[{"@type":"ReadAction","target":["https:\/\/realidadturistica.com\/realtur\/inauguran-salon-del-cacao-para-promover-el-valor-cultural-y-economico-del-chocolate-hondureno\/"]}]},{"@type":"ImageObject","inLanguage":"es","@id":"https:\/\/realidadturistica.com\/realtur\/inauguran-salon-del-cacao-para-promover-el-valor-cultural-y-economico-del-chocolate-hondureno\/#primaryimage","url":"https:\/\/realidadturistica.com\/realtur\/wp-content\/uploads\/2024\/09\/Inauguran.jpg","contentUrl":"https:\/\/realidadturistica.com\/realtur\/wp-content\/uploads\/2024\/09\/Inauguran.jpg","width":2048,"height":1536},{"@type":"BreadcrumbList","@id":"https:\/\/realidadturistica.com\/realtur\/inauguran-salon-del-cacao-para-promover-el-valor-cultural-y-economico-del-chocolate-hondureno\/#breadcrumb","itemListElement":[{"@type":"ListItem","position":1,"name":"Portada","item":"https:\/\/realidadturistica.com\/realtur\/"},{"@type":"ListItem","position":2,"name":"Inauguran \u201cSal\u00f3n del Cacao\u201d para promover el valor cultural y econ\u00f3mico del chocolate hondure\u00f1o"}]},{"@type":"WebSite","@id":"https:\/\/realidadturistica.com\/realtur\/#website","url":"https:\/\/realidadturistica.com\/realtur\/","name":"Realidad Tur\u00edstica","description":"","publisher":{"@id":"https:\/\/realidadturistica.com\/realtur\/#organization"},"potentialAction":[{"@type":"SearchAction","target":{"@type":"EntryPoint","urlTemplate":"https:\/\/realidadturistica.com\/realtur\/?s={search_term_string}"},"query-input":{"@type":"PropertyValueSpecification","valueRequired":true,"valueName":"search_term_string"}}],"inLanguage":"es"},{"@type":"Organization","@id":"https:\/\/realidadturistica.com\/realtur\/#organization","name":"Realidad Tur\u00edstica","url":"https:\/\/realidadturistica.com\/realtur\/","logo":{"@type":"ImageObject","inLanguage":"es","@id":"https:\/\/realidadturistica.com\/realtur\/#\/schema\/logo\/image\/","url":"https:\/\/realidadturistica.com\/realtur\/wp-content\/uploads\/2021\/12\/logotipo-realidad-turistica.png","contentUrl":"https:\/\/realidadturistica.com\/realtur\/wp-content\/uploads\/2021\/12\/logotipo-realidad-turistica.png","width":1382,"height":629,"caption":"Realidad Tur\u00edstica"},"image":{"@id":"https:\/\/realidadturistica.com\/realtur\/#\/schema\/logo\/image\/"},"sameAs":["https:\/\/www.facebook.com\/realidadturistica","https:\/\/www.instagram.com\/realidad_turistica\/"]},{"@type":"Person","@id":"https:\/\/realidadturistica.com\/realtur\/#\/schema\/person\/ade671191202490fcf08ab21590de73e","name":"Editor","image":{"@type":"ImageObject","inLanguage":"es","@id":"https:\/\/realidadturistica.com\/realtur\/wp-content\/uploads\/2023\/09\/Editor_avatar_1693668634-96x96.png","url":"https:\/\/realidadturistica.com\/realtur\/wp-content\/uploads\/2023\/09\/Editor_avatar_1693668634-96x96.png","contentUrl":"https:\/\/realidadturistica.com\/realtur\/wp-content\/uploads\/2023\/09\/Editor_avatar_1693668634-96x96.png","caption":"Editor"},"sameAs":["https:\/\/realidadturistica.com\/realtur"],"url":"https:\/\/realidadturistica.com\/realtur\/author\/editor2\/"}]}},"_links":{"self":[{"href":"https:\/\/realidadturistica.com\/realtur\/wp-json\/wp\/v2\/posts\/7988","targetHints":{"allow":["GET"]}}],"collection":[{"href":"https:\/\/realidadturistica.com\/realtur\/wp-json\/wp\/v2\/posts"}],"about":[{"href":"https:\/\/realidadturistica.com\/realtur\/wp-json\/wp\/v2\/types\/post"}],"author":[{"embeddable":true,"href":"https:\/\/realidadturistica.com\/realtur\/wp-json\/wp\/v2\/users\/2"}],"replies":[{"embeddable":true,"href":"https:\/\/realidadturistica.com\/realtur\/wp-json\/wp\/v2\/comments?post=7988"}],"version-history":[{"count":1,"href":"https:\/\/realidadturistica.com\/realtur\/wp-json\/wp\/v2\/posts\/7988\/revisions"}],"predecessor-version":[{"id":7990,"href":"https:\/\/realidadturistica.com\/realtur\/wp-json\/wp\/v2\/posts\/7988\/revisions\/7990"}],"wp:featuredmedia":[{"embeddable":true,"href":"https:\/\/realidadturistica.com\/realtur\/wp-json\/wp\/v2\/media\/7989"}],"wp:attachment":[{"href":"https:\/\/realidadturistica.com\/realtur\/wp-json\/wp\/v2\/media?parent=7988"}],"wp:term":[{"taxonomy":"category","embeddable":true,"href":"https:\/\/realidadturistica.com\/realtur\/wp-json\/wp\/v2\/categories?post=7988"},{"taxonomy":"post_tag","embeddable":true,"href":"https:\/\/realidadturistica.com\/realtur\/wp-json\/wp\/v2\/tags?post=7988"}],"curies":[{"name":"wp","href":"https:\/\/api.w.org\/{rel}","templated":true}]}}