{"id":8005,"date":"2024-09-10T10:51:11","date_gmt":"2024-09-10T10:51:11","guid":{"rendered":"https:\/\/realidadturistica.com\/realtur\/?p=8005"},"modified":"2024-09-10T10:51:14","modified_gmt":"2024-09-10T10:51:14","slug":"la-espanola-oca-hotels-da-el-salto-fuera-de-oporto-con-su-septimo-establecimiento-en-portugal","status":"publish","type":"post","link":"https:\/\/realidadturistica.com\/realtur\/la-espanola-oca-hotels-da-el-salto-fuera-de-oporto-con-su-septimo-establecimiento-en-portugal\/","title":{"rendered":"La espa\u00f1ola Oca Hotels da el salto fuera de Oporto con su s\u00e9ptimo establecimiento en Portugal"},"content":{"rendered":"\n<p class=\"wp-block-yoast-seo-estimated-reading-time yoast-reading-time__wrapper\"><span class=\"yoast-reading-time__icon\"><svg aria-hidden=\"true\" focusable=\"false\" data-icon=\"clock\" width=\"20\" height=\"20\" fill=\"none\" stroke=\"currentColor\" style=\"display:inline-block;vertical-align:-0.1em\" role=\"img\" xmlns=\"http:\/\/www.w3.org\/2000\/svg\" viewBox=\"0 0 24 24\"><path stroke-linecap=\"round\" stroke-linejoin=\"round\" stroke-width=\"2\" d=\"M12 8v4l3 3m6-3a9 9 0 11-18 0 9 9 0 0118 0z\"><\/path><\/svg><\/span><span class=\"yoast-reading-time__spacer\" style=\"display:inline-block;width:1em\"><\/span><span class=\"yoast-reading-time__descriptive-text\">Estimated reading time: <\/span><span class=\"yoast-reading-time__reading-time\">1<\/span><span class=\"yoast-reading-time__time-unit\"> minuto<\/span><\/p>\n\n\n\n<p>Espa\u00f1a. La cadena Oca Hotels contin\u00faa su expansi\u00f3n en el mercado portugu\u00e9s con la apertura de un establecimiento en la regi\u00f3n de Melga\u00e7o, lo que supondr\u00e1 su primera incursi\u00f3n fuera de Oporto, donde se concentraban hasta ahora sus seis hoteles lusos.<\/p>\n\n\n\n<p>Hotel Duerming Villa de Arz\u00faa (A Coru\u00f1a) | Foto: Oca Hotels<\/p>\n\n\n\n<p>El Oca Grande Hotel do Pezo, ubicado en un edificio hist\u00f3rico con acceso directo al parque termal de Melga\u00e7o, buscando atraer a un p\u00fablico interesado en el bienestar y la naturaleza, informa La Alacena Roja.<\/p>\n\n\n\n<p>El hotel, cuya apertura est\u00e1 prevista para 2025, contar\u00e1 con 60 habitaciones, piano-bar, restaurante, sala multiusos, spa y gimnasio.<\/p>\n\n\n\n<p>Fuente: Tourinews<\/p>\n","protected":false},"excerpt":{"rendered":"<p>Espa\u00f1a. La cadena Oca Hotels contin\u00faa su expansi\u00f3n en el mercado portugu\u00e9s con la apertura de un establecimiento en la regi\u00f3n de Melga\u00e7o, lo que&hellip;<\/p>\n","protected":false},"author":2,"featured_media":8006,"comment_status":"open","ping_status":"closed","sticky":false,"template":"","format":"standard","meta":{"content-type":"","_lmt_disableupdate":"","_lmt_disable":"","footnotes":""},"categories":[6],"tags":[],"class_list":["post-8005","post","type-post","status-publish","format-standard","has-post-thumbnail","hentry","category-turismo"],"yoast_head":"<!-- This site is optimized with the Yoast SEO Premium plugin v27.4 (Yoast SEO v27.5) - https:\/\/yoast.com\/product\/yoast-seo-premium-wordpress\/ -->\n<title>La espa\u00f1ola Oca Hotels da el salto fuera de Oporto con su s\u00e9ptimo establecimiento en Portugal - Realidad Tur\u00edstica<\/title>\n<meta name=\"robots\" content=\"index, follow, max-snippet:-1, max-image-preview:large, max-video-preview:-1\" \/>\n<link rel=\"canonical\" href=\"https:\/\/realidadturistica.com\/realtur\/la-espanola-oca-hotels-da-el-salto-fuera-de-oporto-con-su-septimo-establecimiento-en-portugal\/\" \/>\n<meta property=\"og:locale\" content=\"es_ES\" \/>\n<meta property=\"og:type\" content=\"article\" \/>\n<meta property=\"og:title\" content=\"La espa\u00f1ola Oca Hotels da el salto fuera de Oporto con su s\u00e9ptimo establecimiento en Portugal\" \/>\n<meta property=\"og:description\" content=\"Espa\u00f1a. La cadena Oca Hotels contin\u00faa su expansi\u00f3n en el mercado portugu\u00e9s con la apertura de un establecimiento en la regi\u00f3n de Melga\u00e7o, lo que&hellip;\" \/>\n<meta property=\"og:url\" content=\"https:\/\/realidadturistica.com\/realtur\/la-espanola-oca-hotels-da-el-salto-fuera-de-oporto-con-su-septimo-establecimiento-en-portugal\/\" \/>\n<meta property=\"og:site_name\" content=\"Realidad Tur\u00edstica\" \/>\n<meta property=\"article:publisher\" content=\"https:\/\/www.facebook.com\/realidadturistica\" \/>\n<meta property=\"article:published_time\" content=\"2024-09-10T10:51:11+00:00\" \/>\n<meta property=\"article:modified_time\" content=\"2024-09-10T10:51:14+00:00\" \/>\n<meta property=\"og:image\" content=\"https:\/\/realidadturistica.com\/realtur\/wp-content\/uploads\/2024\/09\/oca-grande-hotel-do-pezo_4_732x400.jpeg\" \/>\n\t<meta property=\"og:image:width\" content=\"732\" \/>\n\t<meta property=\"og:image:height\" content=\"400\" \/>\n\t<meta property=\"og:image:type\" content=\"image\/jpeg\" \/>\n<meta name=\"author\" content=\"Editor\" \/>\n<meta name=\"twitter:card\" content=\"summary_large_image\" \/>\n<meta name=\"twitter:label1\" content=\"Escrito por\" \/>\n\t<meta name=\"twitter:data1\" content=\"Editor\" \/>\n\t<meta name=\"twitter:label2\" content=\"Tiempo de lectura\" \/>\n\t<meta name=\"twitter:data2\" content=\"1 minuto\" \/>\n<script type=\"application\/ld+json\" class=\"yoast-schema-graph\">{\"@context\":\"https:\\\/\\\/schema.org\",\"@graph\":[{\"@type\":\"Article\",\"@id\":\"https:\\\/\\\/realidadturistica.com\\\/realtur\\\/la-espanola-oca-hotels-da-el-salto-fuera-de-oporto-con-su-septimo-establecimiento-en-portugal\\\/#article\",\"isPartOf\":{\"@id\":\"https:\\\/\\\/realidadturistica.com\\\/realtur\\\/la-espanola-oca-hotels-da-el-salto-fuera-de-oporto-con-su-septimo-establecimiento-en-portugal\\\/\"},\"author\":{\"name\":\"Editor\",\"@id\":\"https:\\\/\\\/realidadturistica.com\\\/realtur\\\/#\\\/schema\\\/person\\\/ade671191202490fcf08ab21590de73e\"},\"headline\":\"La espa\u00f1ola Oca Hotels da el salto fuera de Oporto con su s\u00e9ptimo establecimiento en Portugal\",\"datePublished\":\"2024-09-10T10:51:11+00:00\",\"dateModified\":\"2024-09-10T10:51:14+00:00\",\"mainEntityOfPage\":{\"@id\":\"https:\\\/\\\/realidadturistica.com\\\/realtur\\\/la-espanola-oca-hotels-da-el-salto-fuera-de-oporto-con-su-septimo-establecimiento-en-portugal\\\/\"},\"wordCount\":139,\"commentCount\":0,\"publisher\":{\"@id\":\"https:\\\/\\\/realidadturistica.com\\\/realtur\\\/#organization\"},\"image\":{\"@id\":\"https:\\\/\\\/realidadturistica.com\\\/realtur\\\/la-espanola-oca-hotels-da-el-salto-fuera-de-oporto-con-su-septimo-establecimiento-en-portugal\\\/#primaryimage\"},\"thumbnailUrl\":\"https:\\\/\\\/realidadturistica.com\\\/realtur\\\/wp-content\\\/uploads\\\/2024\\\/09\\\/oca-grande-hotel-do-pezo_4_732x400.jpeg\",\"articleSection\":[\"Turismo\"],\"inLanguage\":\"es\",\"potentialAction\":[{\"@type\":\"CommentAction\",\"name\":\"Comment\",\"target\":[\"https:\\\/\\\/realidadturistica.com\\\/realtur\\\/la-espanola-oca-hotels-da-el-salto-fuera-de-oporto-con-su-septimo-establecimiento-en-portugal\\\/#respond\"]}]},{\"@type\":\"WebPage\",\"@id\":\"https:\\\/\\\/realidadturistica.com\\\/realtur\\\/la-espanola-oca-hotels-da-el-salto-fuera-de-oporto-con-su-septimo-establecimiento-en-portugal\\\/\",\"url\":\"https:\\\/\\\/realidadturistica.com\\\/realtur\\\/la-espanola-oca-hotels-da-el-salto-fuera-de-oporto-con-su-septimo-establecimiento-en-portugal\\\/\",\"name\":\"La espa\u00f1ola Oca Hotels da el salto fuera de Oporto con su s\u00e9ptimo establecimiento en Portugal - Realidad Tur\u00edstica\",\"isPartOf\":{\"@id\":\"https:\\\/\\\/realidadturistica.com\\\/realtur\\\/#website\"},\"primaryImageOfPage\":{\"@id\":\"https:\\\/\\\/realidadturistica.com\\\/realtur\\\/la-espanola-oca-hotels-da-el-salto-fuera-de-oporto-con-su-septimo-establecimiento-en-portugal\\\/#primaryimage\"},\"image\":{\"@id\":\"https:\\\/\\\/realidadturistica.com\\\/realtur\\\/la-espanola-oca-hotels-da-el-salto-fuera-de-oporto-con-su-septimo-establecimiento-en-portugal\\\/#primaryimage\"},\"thumbnailUrl\":\"https:\\\/\\\/realidadturistica.com\\\/realtur\\\/wp-content\\\/uploads\\\/2024\\\/09\\\/oca-grande-hotel-do-pezo_4_732x400.jpeg\",\"datePublished\":\"2024-09-10T10:51:11+00:00\",\"dateModified\":\"2024-09-10T10:51:14+00:00\",\"breadcrumb\":{\"@id\":\"https:\\\/\\\/realidadturistica.com\\\/realtur\\\/la-espanola-oca-hotels-da-el-salto-fuera-de-oporto-con-su-septimo-establecimiento-en-portugal\\\/#breadcrumb\"},\"inLanguage\":\"es\",\"potentialAction\":[{\"@type\":\"ReadAction\",\"target\":[\"https:\\\/\\\/realidadturistica.com\\\/realtur\\\/la-espanola-oca-hotels-da-el-salto-fuera-de-oporto-con-su-septimo-establecimiento-en-portugal\\\/\"]}]},{\"@type\":\"ImageObject\",\"inLanguage\":\"es\",\"@id\":\"https:\\\/\\\/realidadturistica.com\\\/realtur\\\/la-espanola-oca-hotels-da-el-salto-fuera-de-oporto-con-su-septimo-establecimiento-en-portugal\\\/#primaryimage\",\"url\":\"https:\\\/\\\/realidadturistica.com\\\/realtur\\\/wp-content\\\/uploads\\\/2024\\\/09\\\/oca-grande-hotel-do-pezo_4_732x400.jpeg\",\"contentUrl\":\"https:\\\/\\\/realidadturistica.com\\\/realtur\\\/wp-content\\\/uploads\\\/2024\\\/09\\\/oca-grande-hotel-do-pezo_4_732x400.jpeg\",\"width\":732,\"height\":400},{\"@type\":\"BreadcrumbList\",\"@id\":\"https:\\\/\\\/realidadturistica.com\\\/realtur\\\/la-espanola-oca-hotels-da-el-salto-fuera-de-oporto-con-su-septimo-establecimiento-en-portugal\\\/#breadcrumb\",\"itemListElement\":[{\"@type\":\"ListItem\",\"position\":1,\"name\":\"Portada\",\"item\":\"https:\\\/\\\/realidadturistica.com\\\/realtur\\\/\"},{\"@type\":\"ListItem\",\"position\":2,\"name\":\"La espa\u00f1ola Oca Hotels da el salto fuera de Oporto con su s\u00e9ptimo establecimiento en Portugal\"}]},{\"@type\":\"WebSite\",\"@id\":\"https:\\\/\\\/realidadturistica.com\\\/realtur\\\/#website\",\"url\":\"https:\\\/\\\/realidadturistica.com\\\/realtur\\\/\",\"name\":\"Realidad Tur\u00edstica\",\"description\":\"\",\"publisher\":{\"@id\":\"https:\\\/\\\/realidadturistica.com\\\/realtur\\\/#organization\"},\"potentialAction\":[{\"@type\":\"SearchAction\",\"target\":{\"@type\":\"EntryPoint\",\"urlTemplate\":\"https:\\\/\\\/realidadturistica.com\\\/realtur\\\/?s={search_term_string}\"},\"query-input\":{\"@type\":\"PropertyValueSpecification\",\"valueRequired\":true,\"valueName\":\"search_term_string\"}}],\"inLanguage\":\"es\"},{\"@type\":\"Organization\",\"@id\":\"https:\\\/\\\/realidadturistica.com\\\/realtur\\\/#organization\",\"name\":\"Realidad Tur\u00edstica\",\"url\":\"https:\\\/\\\/realidadturistica.com\\\/realtur\\\/\",\"logo\":{\"@type\":\"ImageObject\",\"inLanguage\":\"es\",\"@id\":\"https:\\\/\\\/realidadturistica.com\\\/realtur\\\/#\\\/schema\\\/logo\\\/image\\\/\",\"url\":\"https:\\\/\\\/realidadturistica.com\\\/realtur\\\/wp-content\\\/uploads\\\/2021\\\/12\\\/logotipo-realidad-turistica.png\",\"contentUrl\":\"https:\\\/\\\/realidadturistica.com\\\/realtur\\\/wp-content\\\/uploads\\\/2021\\\/12\\\/logotipo-realidad-turistica.png\",\"width\":1382,\"height\":629,\"caption\":\"Realidad Tur\u00edstica\"},\"image\":{\"@id\":\"https:\\\/\\\/realidadturistica.com\\\/realtur\\\/#\\\/schema\\\/logo\\\/image\\\/\"},\"sameAs\":[\"https:\\\/\\\/www.facebook.com\\\/realidadturistica\",\"https:\\\/\\\/www.instagram.com\\\/realidad_turistica\\\/\"]},{\"@type\":\"Person\",\"@id\":\"https:\\\/\\\/realidadturistica.com\\\/realtur\\\/#\\\/schema\\\/person\\\/ade671191202490fcf08ab21590de73e\",\"name\":\"Editor\",\"image\":{\"@type\":\"ImageObject\",\"inLanguage\":\"es\",\"@id\":\"https:\\\/\\\/realidadturistica.com\\\/realtur\\\/wp-content\\\/uploads\\\/2023\\\/09\\\/Editor_avatar_1693668634-96x96.png\",\"url\":\"https:\\\/\\\/realidadturistica.com\\\/realtur\\\/wp-content\\\/uploads\\\/2023\\\/09\\\/Editor_avatar_1693668634-96x96.png\",\"contentUrl\":\"https:\\\/\\\/realidadturistica.com\\\/realtur\\\/wp-content\\\/uploads\\\/2023\\\/09\\\/Editor_avatar_1693668634-96x96.png\",\"caption\":\"Editor\"},\"sameAs\":[\"https:\\\/\\\/realidadturistica.com\\\/realtur\"],\"url\":\"https:\\\/\\\/realidadturistica.com\\\/realtur\\\/author\\\/editor2\\\/\"}]}<\/script>\n<!-- \/ Yoast SEO Premium plugin. -->","yoast_head_json":{"title":"La espa\u00f1ola Oca Hotels da el salto fuera de Oporto con su s\u00e9ptimo establecimiento en Portugal - Realidad Tur\u00edstica","robots":{"index":"index","follow":"follow","max-snippet":"max-snippet:-1","max-image-preview":"max-image-preview:large","max-video-preview":"max-video-preview:-1"},"canonical":"https:\/\/realidadturistica.com\/realtur\/la-espanola-oca-hotels-da-el-salto-fuera-de-oporto-con-su-septimo-establecimiento-en-portugal\/","og_locale":"es_ES","og_type":"article","og_title":"La espa\u00f1ola Oca Hotels da el salto fuera de Oporto con su s\u00e9ptimo establecimiento en Portugal","og_description":"Espa\u00f1a. La cadena Oca Hotels contin\u00faa su expansi\u00f3n en el mercado portugu\u00e9s con la apertura de un establecimiento en la regi\u00f3n de Melga\u00e7o, lo que&hellip;","og_url":"https:\/\/realidadturistica.com\/realtur\/la-espanola-oca-hotels-da-el-salto-fuera-de-oporto-con-su-septimo-establecimiento-en-portugal\/","og_site_name":"Realidad Tur\u00edstica","article_publisher":"https:\/\/www.facebook.com\/realidadturistica","article_published_time":"2024-09-10T10:51:11+00:00","article_modified_time":"2024-09-10T10:51:14+00:00","og_image":[{"width":732,"height":400,"url":"https:\/\/realidadturistica.com\/realtur\/wp-content\/uploads\/2024\/09\/oca-grande-hotel-do-pezo_4_732x400.jpeg","type":"image\/jpeg"}],"author":"Editor","twitter_card":"summary_large_image","twitter_misc":{"Escrito por":"Editor","Tiempo de lectura":"1 minuto"},"schema":{"@context":"https:\/\/schema.org","@graph":[{"@type":"Article","@id":"https:\/\/realidadturistica.com\/realtur\/la-espanola-oca-hotels-da-el-salto-fuera-de-oporto-con-su-septimo-establecimiento-en-portugal\/#article","isPartOf":{"@id":"https:\/\/realidadturistica.com\/realtur\/la-espanola-oca-hotels-da-el-salto-fuera-de-oporto-con-su-septimo-establecimiento-en-portugal\/"},"author":{"name":"Editor","@id":"https:\/\/realidadturistica.com\/realtur\/#\/schema\/person\/ade671191202490fcf08ab21590de73e"},"headline":"La espa\u00f1ola Oca Hotels da el salto fuera de Oporto con su s\u00e9ptimo establecimiento en Portugal","datePublished":"2024-09-10T10:51:11+00:00","dateModified":"2024-09-10T10:51:14+00:00","mainEntityOfPage":{"@id":"https:\/\/realidadturistica.com\/realtur\/la-espanola-oca-hotels-da-el-salto-fuera-de-oporto-con-su-septimo-establecimiento-en-portugal\/"},"wordCount":139,"commentCount":0,"publisher":{"@id":"https:\/\/realidadturistica.com\/realtur\/#organization"},"image":{"@id":"https:\/\/realidadturistica.com\/realtur\/la-espanola-oca-hotels-da-el-salto-fuera-de-oporto-con-su-septimo-establecimiento-en-portugal\/#primaryimage"},"thumbnailUrl":"https:\/\/realidadturistica.com\/realtur\/wp-content\/uploads\/2024\/09\/oca-grande-hotel-do-pezo_4_732x400.jpeg","articleSection":["Turismo"],"inLanguage":"es","potentialAction":[{"@type":"CommentAction","name":"Comment","target":["https:\/\/realidadturistica.com\/realtur\/la-espanola-oca-hotels-da-el-salto-fuera-de-oporto-con-su-septimo-establecimiento-en-portugal\/#respond"]}]},{"@type":"WebPage","@id":"https:\/\/realidadturistica.com\/realtur\/la-espanola-oca-hotels-da-el-salto-fuera-de-oporto-con-su-septimo-establecimiento-en-portugal\/","url":"https:\/\/realidadturistica.com\/realtur\/la-espanola-oca-hotels-da-el-salto-fuera-de-oporto-con-su-septimo-establecimiento-en-portugal\/","name":"La espa\u00f1ola Oca Hotels da el salto fuera de Oporto con su s\u00e9ptimo establecimiento en Portugal - Realidad Tur\u00edstica","isPartOf":{"@id":"https:\/\/realidadturistica.com\/realtur\/#website"},"primaryImageOfPage":{"@id":"https:\/\/realidadturistica.com\/realtur\/la-espanola-oca-hotels-da-el-salto-fuera-de-oporto-con-su-septimo-establecimiento-en-portugal\/#primaryimage"},"image":{"@id":"https:\/\/realidadturistica.com\/realtur\/la-espanola-oca-hotels-da-el-salto-fuera-de-oporto-con-su-septimo-establecimiento-en-portugal\/#primaryimage"},"thumbnailUrl":"https:\/\/realidadturistica.com\/realtur\/wp-content\/uploads\/2024\/09\/oca-grande-hotel-do-pezo_4_732x400.jpeg","datePublished":"2024-09-10T10:51:11+00:00","dateModified":"2024-09-10T10:51:14+00:00","breadcrumb":{"@id":"https:\/\/realidadturistica.com\/realtur\/la-espanola-oca-hotels-da-el-salto-fuera-de-oporto-con-su-septimo-establecimiento-en-portugal\/#breadcrumb"},"inLanguage":"es","potentialAction":[{"@type":"ReadAction","target":["https:\/\/realidadturistica.com\/realtur\/la-espanola-oca-hotels-da-el-salto-fuera-de-oporto-con-su-septimo-establecimiento-en-portugal\/"]}]},{"@type":"ImageObject","inLanguage":"es","@id":"https:\/\/realidadturistica.com\/realtur\/la-espanola-oca-hotels-da-el-salto-fuera-de-oporto-con-su-septimo-establecimiento-en-portugal\/#primaryimage","url":"https:\/\/realidadturistica.com\/realtur\/wp-content\/uploads\/2024\/09\/oca-grande-hotel-do-pezo_4_732x400.jpeg","contentUrl":"https:\/\/realidadturistica.com\/realtur\/wp-content\/uploads\/2024\/09\/oca-grande-hotel-do-pezo_4_732x400.jpeg","width":732,"height":400},{"@type":"BreadcrumbList","@id":"https:\/\/realidadturistica.com\/realtur\/la-espanola-oca-hotels-da-el-salto-fuera-de-oporto-con-su-septimo-establecimiento-en-portugal\/#breadcrumb","itemListElement":[{"@type":"ListItem","position":1,"name":"Portada","item":"https:\/\/realidadturistica.com\/realtur\/"},{"@type":"ListItem","position":2,"name":"La espa\u00f1ola Oca Hotels da el salto fuera de Oporto con su s\u00e9ptimo establecimiento en Portugal"}]},{"@type":"WebSite","@id":"https:\/\/realidadturistica.com\/realtur\/#website","url":"https:\/\/realidadturistica.com\/realtur\/","name":"Realidad Tur\u00edstica","description":"","publisher":{"@id":"https:\/\/realidadturistica.com\/realtur\/#organization"},"potentialAction":[{"@type":"SearchAction","target":{"@type":"EntryPoint","urlTemplate":"https:\/\/realidadturistica.com\/realtur\/?s={search_term_string}"},"query-input":{"@type":"PropertyValueSpecification","valueRequired":true,"valueName":"search_term_string"}}],"inLanguage":"es"},{"@type":"Organization","@id":"https:\/\/realidadturistica.com\/realtur\/#organization","name":"Realidad Tur\u00edstica","url":"https:\/\/realidadturistica.com\/realtur\/","logo":{"@type":"ImageObject","inLanguage":"es","@id":"https:\/\/realidadturistica.com\/realtur\/#\/schema\/logo\/image\/","url":"https:\/\/realidadturistica.com\/realtur\/wp-content\/uploads\/2021\/12\/logotipo-realidad-turistica.png","contentUrl":"https:\/\/realidadturistica.com\/realtur\/wp-content\/uploads\/2021\/12\/logotipo-realidad-turistica.png","width":1382,"height":629,"caption":"Realidad Tur\u00edstica"},"image":{"@id":"https:\/\/realidadturistica.com\/realtur\/#\/schema\/logo\/image\/"},"sameAs":["https:\/\/www.facebook.com\/realidadturistica","https:\/\/www.instagram.com\/realidad_turistica\/"]},{"@type":"Person","@id":"https:\/\/realidadturistica.com\/realtur\/#\/schema\/person\/ade671191202490fcf08ab21590de73e","name":"Editor","image":{"@type":"ImageObject","inLanguage":"es","@id":"https:\/\/realidadturistica.com\/realtur\/wp-content\/uploads\/2023\/09\/Editor_avatar_1693668634-96x96.png","url":"https:\/\/realidadturistica.com\/realtur\/wp-content\/uploads\/2023\/09\/Editor_avatar_1693668634-96x96.png","contentUrl":"https:\/\/realidadturistica.com\/realtur\/wp-content\/uploads\/2023\/09\/Editor_avatar_1693668634-96x96.png","caption":"Editor"},"sameAs":["https:\/\/realidadturistica.com\/realtur"],"url":"https:\/\/realidadturistica.com\/realtur\/author\/editor2\/"}]}},"_links":{"self":[{"href":"https:\/\/realidadturistica.com\/realtur\/wp-json\/wp\/v2\/posts\/8005","targetHints":{"allow":["GET"]}}],"collection":[{"href":"https:\/\/realidadturistica.com\/realtur\/wp-json\/wp\/v2\/posts"}],"about":[{"href":"https:\/\/realidadturistica.com\/realtur\/wp-json\/wp\/v2\/types\/post"}],"author":[{"embeddable":true,"href":"https:\/\/realidadturistica.com\/realtur\/wp-json\/wp\/v2\/users\/2"}],"replies":[{"embeddable":true,"href":"https:\/\/realidadturistica.com\/realtur\/wp-json\/wp\/v2\/comments?post=8005"}],"version-history":[{"count":1,"href":"https:\/\/realidadturistica.com\/realtur\/wp-json\/wp\/v2\/posts\/8005\/revisions"}],"predecessor-version":[{"id":8007,"href":"https:\/\/realidadturistica.com\/realtur\/wp-json\/wp\/v2\/posts\/8005\/revisions\/8007"}],"wp:featuredmedia":[{"embeddable":true,"href":"https:\/\/realidadturistica.com\/realtur\/wp-json\/wp\/v2\/media\/8006"}],"wp:attachment":[{"href":"https:\/\/realidadturistica.com\/realtur\/wp-json\/wp\/v2\/media?parent=8005"}],"wp:term":[{"taxonomy":"category","embeddable":true,"href":"https:\/\/realidadturistica.com\/realtur\/wp-json\/wp\/v2\/categories?post=8005"},{"taxonomy":"post_tag","embeddable":true,"href":"https:\/\/realidadturistica.com\/realtur\/wp-json\/wp\/v2\/tags?post=8005"}],"curies":[{"name":"wp","href":"https:\/\/api.w.org\/{rel}","templated":true}]}}