{"id":8018,"date":"2024-09-14T03:06:13","date_gmt":"2024-09-14T03:06:13","guid":{"rendered":"https:\/\/realidadturistica.com\/realtur\/?p=8018"},"modified":"2024-09-14T03:06:16","modified_gmt":"2024-09-14T03:06:16","slug":"inicia-la-3ra-edicion-del-festival-de-aguas-abiertas-gran-retto-2024","status":"publish","type":"post","link":"https:\/\/realidadturistica.com\/realtur\/inicia-la-3ra-edicion-del-festival-de-aguas-abiertas-gran-retto-2024\/","title":{"rendered":"Inicia la 3ra edici\u00f3n del Festival de Aguas Abiertas Gran Retto 2024"},"content":{"rendered":"\n<p class=\"wp-block-yoast-seo-estimated-reading-time yoast-reading-time__wrapper\"><span class=\"yoast-reading-time__icon\"><svg aria-hidden=\"true\" focusable=\"false\" data-icon=\"clock\" width=\"20\" height=\"20\" fill=\"none\" stroke=\"currentColor\" style=\"display:inline-block;vertical-align:-0.1em\" role=\"img\" xmlns=\"http:\/\/www.w3.org\/2000\/svg\" viewBox=\"0 0 24 24\"><path stroke-linecap=\"round\" stroke-linejoin=\"round\" stroke-width=\"2\" d=\"M12 8v4l3 3m6-3a9 9 0 11-18 0 9 9 0 0118 0z\"><\/path><\/svg><\/span><span class=\"yoast-reading-time__spacer\" style=\"display:inline-block;width:1em\"><\/span><span class=\"yoast-reading-time__descriptive-text\">Estimated reading time: <\/span><span class=\"yoast-reading-time__reading-time\">2<\/span><span class=\"yoast-reading-time__time-unit\"> minutos<\/span><\/p>\n\n\n\n<p>Cuba. Este viernes 13 de septiembre qued\u00f3 oficialmente inaugurada la 3ra edici\u00f3n del Festival de Aguas Abiertas Gran Retto 2024, que por tercera ocasi\u00f3n se desarrolla en Cuba y se extender\u00e1 hasta el domingo 15 de septiembre.<\/p>\n\n\n\n<p>Seg\u00fan manifest\u00f3 el director de la empresa mexicana Gran Retto, Luis Mario Villareal, en esta ocasi\u00f3n participar\u00e1n m\u00e1s de 400 competidores procedentes de Argentina, Bahamas, Espa\u00f1a, Estados Unidos, Guatemala, M\u00e9xico, Per\u00fa y Cuba, con un 80 porciento de repitentes, lo cual indica que para futuras ediciones se continuar\u00e1 creciendo. Agradeci\u00f3 a las autoridades cubanas por la realizaci\u00f3n de este evento y en especial a los participantes<\/p>\n\n\n\n<figure class=\"wp-block-image size-large\"><img fetchpriority=\"high\" decoding=\"async\" width=\"1024\" height=\"461\" src=\"https:\/\/realidadturistica.com\/realtur\/wp-content\/uploads\/2024\/09\/Otra-foto-1024x461.jpg\" alt=\"\" class=\"wp-image-8020\" srcset=\"https:\/\/realidadturistica.com\/realtur\/wp-content\/uploads\/2024\/09\/Otra-foto-1024x461.jpg 1024w, https:\/\/realidadturistica.com\/realtur\/wp-content\/uploads\/2024\/09\/Otra-foto-300x135.jpg 300w, https:\/\/realidadturistica.com\/realtur\/wp-content\/uploads\/2024\/09\/Otra-foto-768x346.jpg 768w, https:\/\/realidadturistica.com\/realtur\/wp-content\/uploads\/2024\/09\/Otra-foto-1536x692.jpg 1536w, https:\/\/realidadturistica.com\/realtur\/wp-content\/uploads\/2024\/09\/Otra-foto-2048x922.jpg 2048w, https:\/\/realidadturistica.com\/realtur\/wp-content\/uploads\/2024\/09\/Otra-foto-1920x865.jpg 1920w, https:\/\/realidadturistica.com\/realtur\/wp-content\/uploads\/2024\/09\/Otra-foto-1170x527.jpg 1170w, https:\/\/realidadturistica.com\/realtur\/wp-content\/uploads\/2024\/09\/Otra-foto-585x263.jpg 585w\" sizes=\"(max-width: 1024px) 100vw, 1024px\" \/><figcaption class=\"wp-element-caption\">Luis Mario Villareal, director general de Gran Retto<\/figcaption><\/figure>\n\n\n\n<p>Por su parte Yadira Gonz\u00e1lez, presidenta de Cubadeporte S.A, dio la bienvenida a nombre del Comit\u00e9 Organizador a todos los participantes, agradeciendo a los que han hecho posible este hermoso reto. Igual agradeci\u00f3 a Gran Retto por confiar en Cuba deseando que se logren los resultados de los atletas y que tengan una hermosa estancia en este pa\u00eds, a la vez que convoc\u00f3 a los participantes para la pr\u00f3xima edici\u00f3n de este evento en septiembre del 2025.<\/p>\n\n\n\n<p>Gran Retto es una empresa mexicana con m\u00e1s de 10 a\u00f1os de experiencia en la preparaci\u00f3n y realizaci\u00f3n de eventos deportivos, y ha escogido a Cuba en tres ocasiones para el desarrollo de estas competencias debido a la belleza de sus playas, por ser un lugar inigualable y por la amistad y empat\u00eda que existe entre los dos pa\u00edses, adem\u00e1s que se busca &nbsp;potenciar al destino Cuba como un lugar ideal para la pr\u00e1ctica de este deporte.<\/p>\n\n\n\n<p>El Festival de Aguas Abiertas Gran Retto 2024 es auspiciado adem\u00e1s por la agencia de viajes Taino Tour de M\u00e9xico, Havanatur S.A., Cubadeportes S.A. y el Ministerio de Turismo de Cuba.<\/p>\n\n\n\n<p>En pr\u00f3ximas ediciones ampliaremos la informaci\u00f3n.<\/p>\n\n\n\n<p>Fuente: <a href=\"http:\/\/www.newsinamerica.com\">Peri\u00f3dico Digital Centroamericano y del Caribe<\/a><\/p>\n","protected":false},"excerpt":{"rendered":"<p>Cuba. Este viernes 13 de septiembre qued\u00f3 oficialmente inaugurada la 3ra edici\u00f3n del Festival de Aguas Abiertas Gran Retto 2024, que por tercera ocasi\u00f3n se&hellip;<\/p>\n","protected":false},"author":2,"featured_media":8019,"comment_status":"open","ping_status":"closed","sticky":false,"template":"","format":"standard","meta":{"content-type":"","_lmt_disableupdate":"","_lmt_disable":"","footnotes":""},"categories":[6],"tags":[],"class_list":["post-8018","post","type-post","status-publish","format-standard","has-post-thumbnail","hentry","category-turismo"],"yoast_head":"<!-- This site is optimized with the Yoast SEO Premium plugin v27.4 (Yoast SEO v27.4) - https:\/\/yoast.com\/product\/yoast-seo-premium-wordpress\/ -->\n<title>Inicia la 3ra edici\u00f3n del Festival de Aguas Abiertas Gran Retto 2024 - Realidad Tur\u00edstica<\/title>\n<meta name=\"robots\" content=\"index, follow, max-snippet:-1, max-image-preview:large, max-video-preview:-1\" \/>\n<link rel=\"canonical\" href=\"https:\/\/realidadturistica.com\/realtur\/inicia-la-3ra-edicion-del-festival-de-aguas-abiertas-gran-retto-2024\/\" \/>\n<meta property=\"og:locale\" content=\"es_ES\" \/>\n<meta property=\"og:type\" content=\"article\" \/>\n<meta property=\"og:title\" content=\"Inicia la 3ra edici\u00f3n del Festival de Aguas Abiertas Gran Retto 2024\" \/>\n<meta property=\"og:description\" content=\"Cuba. Este viernes 13 de septiembre qued\u00f3 oficialmente inaugurada la 3ra edici\u00f3n del Festival de Aguas Abiertas Gran Retto 2024, que por tercera ocasi\u00f3n se&hellip;\" \/>\n<meta property=\"og:url\" content=\"https:\/\/realidadturistica.com\/realtur\/inicia-la-3ra-edicion-del-festival-de-aguas-abiertas-gran-retto-2024\/\" \/>\n<meta property=\"og:site_name\" content=\"Realidad Tur\u00edstica\" \/>\n<meta property=\"article:publisher\" content=\"https:\/\/www.facebook.com\/realidadturistica\" \/>\n<meta property=\"article:published_time\" content=\"2024-09-14T03:06:13+00:00\" \/>\n<meta property=\"article:modified_time\" content=\"2024-09-14T03:06:16+00:00\" \/>\n<meta property=\"og:image\" content=\"https:\/\/realidadturistica.com\/realtur\/wp-content\/uploads\/2024\/09\/principal-scaled.jpg\" \/>\n\t<meta property=\"og:image:width\" content=\"2560\" \/>\n\t<meta property=\"og:image:height\" content=\"1153\" \/>\n\t<meta property=\"og:image:type\" content=\"image\/jpeg\" \/>\n<meta name=\"author\" content=\"Editor\" \/>\n<meta name=\"twitter:card\" content=\"summary_large_image\" \/>\n<meta name=\"twitter:label1\" content=\"Escrito por\" \/>\n\t<meta name=\"twitter:data1\" content=\"Editor\" \/>\n\t<meta name=\"twitter:label2\" content=\"Tiempo de lectura\" \/>\n\t<meta name=\"twitter:data2\" content=\"2 minutos\" \/>\n<script type=\"application\/ld+json\" class=\"yoast-schema-graph\">{\"@context\":\"https:\\\/\\\/schema.org\",\"@graph\":[{\"@type\":\"Article\",\"@id\":\"https:\\\/\\\/realidadturistica.com\\\/realtur\\\/inicia-la-3ra-edicion-del-festival-de-aguas-abiertas-gran-retto-2024\\\/#article\",\"isPartOf\":{\"@id\":\"https:\\\/\\\/realidadturistica.com\\\/realtur\\\/inicia-la-3ra-edicion-del-festival-de-aguas-abiertas-gran-retto-2024\\\/\"},\"author\":{\"name\":\"Editor\",\"@id\":\"https:\\\/\\\/realidadturistica.com\\\/realtur\\\/#\\\/schema\\\/person\\\/ade671191202490fcf08ab21590de73e\"},\"headline\":\"Inicia la 3ra edici\u00f3n del Festival de Aguas Abiertas Gran Retto 2024\",\"datePublished\":\"2024-09-14T03:06:13+00:00\",\"dateModified\":\"2024-09-14T03:06:16+00:00\",\"mainEntityOfPage\":{\"@id\":\"https:\\\/\\\/realidadturistica.com\\\/realtur\\\/inicia-la-3ra-edicion-del-festival-de-aguas-abiertas-gran-retto-2024\\\/\"},\"wordCount\":347,\"commentCount\":0,\"publisher\":{\"@id\":\"https:\\\/\\\/realidadturistica.com\\\/realtur\\\/#organization\"},\"image\":{\"@id\":\"https:\\\/\\\/realidadturistica.com\\\/realtur\\\/inicia-la-3ra-edicion-del-festival-de-aguas-abiertas-gran-retto-2024\\\/#primaryimage\"},\"thumbnailUrl\":\"https:\\\/\\\/realidadturistica.com\\\/realtur\\\/wp-content\\\/uploads\\\/2024\\\/09\\\/principal-scaled.jpg\",\"articleSection\":[\"Turismo\"],\"inLanguage\":\"es\",\"potentialAction\":[{\"@type\":\"CommentAction\",\"name\":\"Comment\",\"target\":[\"https:\\\/\\\/realidadturistica.com\\\/realtur\\\/inicia-la-3ra-edicion-del-festival-de-aguas-abiertas-gran-retto-2024\\\/#respond\"]}]},{\"@type\":\"WebPage\",\"@id\":\"https:\\\/\\\/realidadturistica.com\\\/realtur\\\/inicia-la-3ra-edicion-del-festival-de-aguas-abiertas-gran-retto-2024\\\/\",\"url\":\"https:\\\/\\\/realidadturistica.com\\\/realtur\\\/inicia-la-3ra-edicion-del-festival-de-aguas-abiertas-gran-retto-2024\\\/\",\"name\":\"Inicia la 3ra edici\u00f3n del Festival de Aguas Abiertas Gran Retto 2024 - Realidad Tur\u00edstica\",\"isPartOf\":{\"@id\":\"https:\\\/\\\/realidadturistica.com\\\/realtur\\\/#website\"},\"primaryImageOfPage\":{\"@id\":\"https:\\\/\\\/realidadturistica.com\\\/realtur\\\/inicia-la-3ra-edicion-del-festival-de-aguas-abiertas-gran-retto-2024\\\/#primaryimage\"},\"image\":{\"@id\":\"https:\\\/\\\/realidadturistica.com\\\/realtur\\\/inicia-la-3ra-edicion-del-festival-de-aguas-abiertas-gran-retto-2024\\\/#primaryimage\"},\"thumbnailUrl\":\"https:\\\/\\\/realidadturistica.com\\\/realtur\\\/wp-content\\\/uploads\\\/2024\\\/09\\\/principal-scaled.jpg\",\"datePublished\":\"2024-09-14T03:06:13+00:00\",\"dateModified\":\"2024-09-14T03:06:16+00:00\",\"breadcrumb\":{\"@id\":\"https:\\\/\\\/realidadturistica.com\\\/realtur\\\/inicia-la-3ra-edicion-del-festival-de-aguas-abiertas-gran-retto-2024\\\/#breadcrumb\"},\"inLanguage\":\"es\",\"potentialAction\":[{\"@type\":\"ReadAction\",\"target\":[\"https:\\\/\\\/realidadturistica.com\\\/realtur\\\/inicia-la-3ra-edicion-del-festival-de-aguas-abiertas-gran-retto-2024\\\/\"]}]},{\"@type\":\"ImageObject\",\"inLanguage\":\"es\",\"@id\":\"https:\\\/\\\/realidadturistica.com\\\/realtur\\\/inicia-la-3ra-edicion-del-festival-de-aguas-abiertas-gran-retto-2024\\\/#primaryimage\",\"url\":\"https:\\\/\\\/realidadturistica.com\\\/realtur\\\/wp-content\\\/uploads\\\/2024\\\/09\\\/principal-scaled.jpg\",\"contentUrl\":\"https:\\\/\\\/realidadturistica.com\\\/realtur\\\/wp-content\\\/uploads\\\/2024\\\/09\\\/principal-scaled.jpg\",\"width\":2560,\"height\":1153},{\"@type\":\"BreadcrumbList\",\"@id\":\"https:\\\/\\\/realidadturistica.com\\\/realtur\\\/inicia-la-3ra-edicion-del-festival-de-aguas-abiertas-gran-retto-2024\\\/#breadcrumb\",\"itemListElement\":[{\"@type\":\"ListItem\",\"position\":1,\"name\":\"Portada\",\"item\":\"https:\\\/\\\/realidadturistica.com\\\/realtur\\\/\"},{\"@type\":\"ListItem\",\"position\":2,\"name\":\"Inicia la 3ra edici\u00f3n del Festival de Aguas Abiertas Gran Retto 2024\"}]},{\"@type\":\"WebSite\",\"@id\":\"https:\\\/\\\/realidadturistica.com\\\/realtur\\\/#website\",\"url\":\"https:\\\/\\\/realidadturistica.com\\\/realtur\\\/\",\"name\":\"Realidad Tur\u00edstica\",\"description\":\"\",\"publisher\":{\"@id\":\"https:\\\/\\\/realidadturistica.com\\\/realtur\\\/#organization\"},\"potentialAction\":[{\"@type\":\"SearchAction\",\"target\":{\"@type\":\"EntryPoint\",\"urlTemplate\":\"https:\\\/\\\/realidadturistica.com\\\/realtur\\\/?s={search_term_string}\"},\"query-input\":{\"@type\":\"PropertyValueSpecification\",\"valueRequired\":true,\"valueName\":\"search_term_string\"}}],\"inLanguage\":\"es\"},{\"@type\":\"Organization\",\"@id\":\"https:\\\/\\\/realidadturistica.com\\\/realtur\\\/#organization\",\"name\":\"Realidad Tur\u00edstica\",\"url\":\"https:\\\/\\\/realidadturistica.com\\\/realtur\\\/\",\"logo\":{\"@type\":\"ImageObject\",\"inLanguage\":\"es\",\"@id\":\"https:\\\/\\\/realidadturistica.com\\\/realtur\\\/#\\\/schema\\\/logo\\\/image\\\/\",\"url\":\"https:\\\/\\\/realidadturistica.com\\\/realtur\\\/wp-content\\\/uploads\\\/2021\\\/12\\\/logotipo-realidad-turistica.png\",\"contentUrl\":\"https:\\\/\\\/realidadturistica.com\\\/realtur\\\/wp-content\\\/uploads\\\/2021\\\/12\\\/logotipo-realidad-turistica.png\",\"width\":1382,\"height\":629,\"caption\":\"Realidad Tur\u00edstica\"},\"image\":{\"@id\":\"https:\\\/\\\/realidadturistica.com\\\/realtur\\\/#\\\/schema\\\/logo\\\/image\\\/\"},\"sameAs\":[\"https:\\\/\\\/www.facebook.com\\\/realidadturistica\",\"https:\\\/\\\/www.instagram.com\\\/realidad_turistica\\\/\"]},{\"@type\":\"Person\",\"@id\":\"https:\\\/\\\/realidadturistica.com\\\/realtur\\\/#\\\/schema\\\/person\\\/ade671191202490fcf08ab21590de73e\",\"name\":\"Editor\",\"image\":{\"@type\":\"ImageObject\",\"inLanguage\":\"es\",\"@id\":\"https:\\\/\\\/realidadturistica.com\\\/realtur\\\/wp-content\\\/uploads\\\/2023\\\/09\\\/Editor_avatar_1693668634-96x96.png\",\"url\":\"https:\\\/\\\/realidadturistica.com\\\/realtur\\\/wp-content\\\/uploads\\\/2023\\\/09\\\/Editor_avatar_1693668634-96x96.png\",\"contentUrl\":\"https:\\\/\\\/realidadturistica.com\\\/realtur\\\/wp-content\\\/uploads\\\/2023\\\/09\\\/Editor_avatar_1693668634-96x96.png\",\"caption\":\"Editor\"},\"sameAs\":[\"https:\\\/\\\/realidadturistica.com\\\/realtur\"],\"url\":\"https:\\\/\\\/realidadturistica.com\\\/realtur\\\/author\\\/editor2\\\/\"}]}<\/script>\n<!-- \/ Yoast SEO Premium plugin. -->","yoast_head_json":{"title":"Inicia la 3ra edici\u00f3n del Festival de Aguas Abiertas Gran Retto 2024 - Realidad Tur\u00edstica","robots":{"index":"index","follow":"follow","max-snippet":"max-snippet:-1","max-image-preview":"max-image-preview:large","max-video-preview":"max-video-preview:-1"},"canonical":"https:\/\/realidadturistica.com\/realtur\/inicia-la-3ra-edicion-del-festival-de-aguas-abiertas-gran-retto-2024\/","og_locale":"es_ES","og_type":"article","og_title":"Inicia la 3ra edici\u00f3n del Festival de Aguas Abiertas Gran Retto 2024","og_description":"Cuba. Este viernes 13 de septiembre qued\u00f3 oficialmente inaugurada la 3ra edici\u00f3n del Festival de Aguas Abiertas Gran Retto 2024, que por tercera ocasi\u00f3n se&hellip;","og_url":"https:\/\/realidadturistica.com\/realtur\/inicia-la-3ra-edicion-del-festival-de-aguas-abiertas-gran-retto-2024\/","og_site_name":"Realidad Tur\u00edstica","article_publisher":"https:\/\/www.facebook.com\/realidadturistica","article_published_time":"2024-09-14T03:06:13+00:00","article_modified_time":"2024-09-14T03:06:16+00:00","og_image":[{"width":2560,"height":1153,"url":"https:\/\/realidadturistica.com\/realtur\/wp-content\/uploads\/2024\/09\/principal-scaled.jpg","type":"image\/jpeg"}],"author":"Editor","twitter_card":"summary_large_image","twitter_misc":{"Escrito por":"Editor","Tiempo de lectura":"2 minutos"},"schema":{"@context":"https:\/\/schema.org","@graph":[{"@type":"Article","@id":"https:\/\/realidadturistica.com\/realtur\/inicia-la-3ra-edicion-del-festival-de-aguas-abiertas-gran-retto-2024\/#article","isPartOf":{"@id":"https:\/\/realidadturistica.com\/realtur\/inicia-la-3ra-edicion-del-festival-de-aguas-abiertas-gran-retto-2024\/"},"author":{"name":"Editor","@id":"https:\/\/realidadturistica.com\/realtur\/#\/schema\/person\/ade671191202490fcf08ab21590de73e"},"headline":"Inicia la 3ra edici\u00f3n del Festival de Aguas Abiertas Gran Retto 2024","datePublished":"2024-09-14T03:06:13+00:00","dateModified":"2024-09-14T03:06:16+00:00","mainEntityOfPage":{"@id":"https:\/\/realidadturistica.com\/realtur\/inicia-la-3ra-edicion-del-festival-de-aguas-abiertas-gran-retto-2024\/"},"wordCount":347,"commentCount":0,"publisher":{"@id":"https:\/\/realidadturistica.com\/realtur\/#organization"},"image":{"@id":"https:\/\/realidadturistica.com\/realtur\/inicia-la-3ra-edicion-del-festival-de-aguas-abiertas-gran-retto-2024\/#primaryimage"},"thumbnailUrl":"https:\/\/realidadturistica.com\/realtur\/wp-content\/uploads\/2024\/09\/principal-scaled.jpg","articleSection":["Turismo"],"inLanguage":"es","potentialAction":[{"@type":"CommentAction","name":"Comment","target":["https:\/\/realidadturistica.com\/realtur\/inicia-la-3ra-edicion-del-festival-de-aguas-abiertas-gran-retto-2024\/#respond"]}]},{"@type":"WebPage","@id":"https:\/\/realidadturistica.com\/realtur\/inicia-la-3ra-edicion-del-festival-de-aguas-abiertas-gran-retto-2024\/","url":"https:\/\/realidadturistica.com\/realtur\/inicia-la-3ra-edicion-del-festival-de-aguas-abiertas-gran-retto-2024\/","name":"Inicia la 3ra edici\u00f3n del Festival de Aguas Abiertas Gran Retto 2024 - Realidad Tur\u00edstica","isPartOf":{"@id":"https:\/\/realidadturistica.com\/realtur\/#website"},"primaryImageOfPage":{"@id":"https:\/\/realidadturistica.com\/realtur\/inicia-la-3ra-edicion-del-festival-de-aguas-abiertas-gran-retto-2024\/#primaryimage"},"image":{"@id":"https:\/\/realidadturistica.com\/realtur\/inicia-la-3ra-edicion-del-festival-de-aguas-abiertas-gran-retto-2024\/#primaryimage"},"thumbnailUrl":"https:\/\/realidadturistica.com\/realtur\/wp-content\/uploads\/2024\/09\/principal-scaled.jpg","datePublished":"2024-09-14T03:06:13+00:00","dateModified":"2024-09-14T03:06:16+00:00","breadcrumb":{"@id":"https:\/\/realidadturistica.com\/realtur\/inicia-la-3ra-edicion-del-festival-de-aguas-abiertas-gran-retto-2024\/#breadcrumb"},"inLanguage":"es","potentialAction":[{"@type":"ReadAction","target":["https:\/\/realidadturistica.com\/realtur\/inicia-la-3ra-edicion-del-festival-de-aguas-abiertas-gran-retto-2024\/"]}]},{"@type":"ImageObject","inLanguage":"es","@id":"https:\/\/realidadturistica.com\/realtur\/inicia-la-3ra-edicion-del-festival-de-aguas-abiertas-gran-retto-2024\/#primaryimage","url":"https:\/\/realidadturistica.com\/realtur\/wp-content\/uploads\/2024\/09\/principal-scaled.jpg","contentUrl":"https:\/\/realidadturistica.com\/realtur\/wp-content\/uploads\/2024\/09\/principal-scaled.jpg","width":2560,"height":1153},{"@type":"BreadcrumbList","@id":"https:\/\/realidadturistica.com\/realtur\/inicia-la-3ra-edicion-del-festival-de-aguas-abiertas-gran-retto-2024\/#breadcrumb","itemListElement":[{"@type":"ListItem","position":1,"name":"Portada","item":"https:\/\/realidadturistica.com\/realtur\/"},{"@type":"ListItem","position":2,"name":"Inicia la 3ra edici\u00f3n del Festival de Aguas Abiertas Gran Retto 2024"}]},{"@type":"WebSite","@id":"https:\/\/realidadturistica.com\/realtur\/#website","url":"https:\/\/realidadturistica.com\/realtur\/","name":"Realidad Tur\u00edstica","description":"","publisher":{"@id":"https:\/\/realidadturistica.com\/realtur\/#organization"},"potentialAction":[{"@type":"SearchAction","target":{"@type":"EntryPoint","urlTemplate":"https:\/\/realidadturistica.com\/realtur\/?s={search_term_string}"},"query-input":{"@type":"PropertyValueSpecification","valueRequired":true,"valueName":"search_term_string"}}],"inLanguage":"es"},{"@type":"Organization","@id":"https:\/\/realidadturistica.com\/realtur\/#organization","name":"Realidad Tur\u00edstica","url":"https:\/\/realidadturistica.com\/realtur\/","logo":{"@type":"ImageObject","inLanguage":"es","@id":"https:\/\/realidadturistica.com\/realtur\/#\/schema\/logo\/image\/","url":"https:\/\/realidadturistica.com\/realtur\/wp-content\/uploads\/2021\/12\/logotipo-realidad-turistica.png","contentUrl":"https:\/\/realidadturistica.com\/realtur\/wp-content\/uploads\/2021\/12\/logotipo-realidad-turistica.png","width":1382,"height":629,"caption":"Realidad Tur\u00edstica"},"image":{"@id":"https:\/\/realidadturistica.com\/realtur\/#\/schema\/logo\/image\/"},"sameAs":["https:\/\/www.facebook.com\/realidadturistica","https:\/\/www.instagram.com\/realidad_turistica\/"]},{"@type":"Person","@id":"https:\/\/realidadturistica.com\/realtur\/#\/schema\/person\/ade671191202490fcf08ab21590de73e","name":"Editor","image":{"@type":"ImageObject","inLanguage":"es","@id":"https:\/\/realidadturistica.com\/realtur\/wp-content\/uploads\/2023\/09\/Editor_avatar_1693668634-96x96.png","url":"https:\/\/realidadturistica.com\/realtur\/wp-content\/uploads\/2023\/09\/Editor_avatar_1693668634-96x96.png","contentUrl":"https:\/\/realidadturistica.com\/realtur\/wp-content\/uploads\/2023\/09\/Editor_avatar_1693668634-96x96.png","caption":"Editor"},"sameAs":["https:\/\/realidadturistica.com\/realtur"],"url":"https:\/\/realidadturistica.com\/realtur\/author\/editor2\/"}]}},"_links":{"self":[{"href":"https:\/\/realidadturistica.com\/realtur\/wp-json\/wp\/v2\/posts\/8018","targetHints":{"allow":["GET"]}}],"collection":[{"href":"https:\/\/realidadturistica.com\/realtur\/wp-json\/wp\/v2\/posts"}],"about":[{"href":"https:\/\/realidadturistica.com\/realtur\/wp-json\/wp\/v2\/types\/post"}],"author":[{"embeddable":true,"href":"https:\/\/realidadturistica.com\/realtur\/wp-json\/wp\/v2\/users\/2"}],"replies":[{"embeddable":true,"href":"https:\/\/realidadturistica.com\/realtur\/wp-json\/wp\/v2\/comments?post=8018"}],"version-history":[{"count":1,"href":"https:\/\/realidadturistica.com\/realtur\/wp-json\/wp\/v2\/posts\/8018\/revisions"}],"predecessor-version":[{"id":8021,"href":"https:\/\/realidadturistica.com\/realtur\/wp-json\/wp\/v2\/posts\/8018\/revisions\/8021"}],"wp:featuredmedia":[{"embeddable":true,"href":"https:\/\/realidadturistica.com\/realtur\/wp-json\/wp\/v2\/media\/8019"}],"wp:attachment":[{"href":"https:\/\/realidadturistica.com\/realtur\/wp-json\/wp\/v2\/media?parent=8018"}],"wp:term":[{"taxonomy":"category","embeddable":true,"href":"https:\/\/realidadturistica.com\/realtur\/wp-json\/wp\/v2\/categories?post=8018"},{"taxonomy":"post_tag","embeddable":true,"href":"https:\/\/realidadturistica.com\/realtur\/wp-json\/wp\/v2\/tags?post=8018"}],"curies":[{"name":"wp","href":"https:\/\/api.w.org\/{rel}","templated":true}]}}