{"id":8032,"date":"2024-09-16T03:15:13","date_gmt":"2024-09-16T03:15:13","guid":{"rendered":"https:\/\/realidadturistica.com\/realtur\/?p=8032"},"modified":"2024-09-16T03:15:15","modified_gmt":"2024-09-16T03:15:15","slug":"culmino-3er-festival-de-aguas-abiertas-gran-retto-2024","status":"publish","type":"post","link":"https:\/\/realidadturistica.com\/realtur\/culmino-3er-festival-de-aguas-abiertas-gran-retto-2024\/","title":{"rendered":"Culmin\u00f3 3er Festival de Aguas Abiertas Gran Retto 2024"},"content":{"rendered":"\n<p class=\"wp-block-yoast-seo-estimated-reading-time yoast-reading-time__wrapper\"><span class=\"yoast-reading-time__icon\"><svg aria-hidden=\"true\" focusable=\"false\" data-icon=\"clock\" width=\"20\" height=\"20\" fill=\"none\" stroke=\"currentColor\" style=\"display:inline-block;vertical-align:-0.1em\" role=\"img\" xmlns=\"http:\/\/www.w3.org\/2000\/svg\" viewBox=\"0 0 24 24\"><path stroke-linecap=\"round\" stroke-linejoin=\"round\" stroke-width=\"2\" d=\"M12 8v4l3 3m6-3a9 9 0 11-18 0 9 9 0 0118 0z\"><\/path><\/svg><\/span><span class=\"yoast-reading-time__spacer\" style=\"display:inline-block;width:1em\"><\/span><span class=\"yoast-reading-time__descriptive-text\">Estimated reading time: <\/span><span class=\"yoast-reading-time__reading-time\">4<\/span><span class=\"yoast-reading-time__time-unit\"> minutos<\/span><\/p>\n\n\n\n<p>Este domingo 15 de septiembre culmin\u00f3 en el balneario de Varadero, Cuba, la 3ra edici\u00f3n del Festival de Aguas Abiertas Gran Retto 2024, despu\u00e9s de dos d\u00edas de intensas jornadas de competencia que acapararon la atenci\u00f3n de todos.<\/p>\n\n\n\n<p>Seg\u00fan explic\u00f3 Luis Mario Villareal, director general de Gran Retto, empresa mexicana con 10 a\u00f1os de experiencia en la preparaci\u00f3n de eventos deportivos y organizadora de este evento, este a\u00f1o participaron m\u00e1s de 400 competidores, procedentes de Guatemala, Argentina, Estados Unidos, Bahamas, M\u00e9xico, Per\u00fa, Espa\u00f1a y Cuba, con un 80 por ciento de repitentes, lo cual denota el inter\u00e9s y aceptaci\u00f3n que ha ido ganando esta competencia, garantizando un mayor crecimiento de participantes en pr\u00f3ximas ediciones. Reconoci\u00f3 la calidad organizativa de Cuba y la belleza de la playa de Varadero, albergando todas las condiciones para garantizar el \u00e9xito de la competencia.<\/p>\n\n\n\n<figure class=\"wp-block-gallery has-nested-images columns-default is-cropped wp-block-gallery-1 is-layout-flex wp-block-gallery-is-layout-flex\">\n<figure class=\"wp-block-image size-large\"><img fetchpriority=\"high\" decoding=\"async\" width=\"1024\" height=\"461\" data-id=\"8034\" src=\"https:\/\/realidadturistica.com\/realtur\/wp-content\/uploads\/2024\/09\/Gran-Retto2-1024x461.jpg\" alt=\"\" class=\"wp-image-8034\" srcset=\"https:\/\/realidadturistica.com\/realtur\/wp-content\/uploads\/2024\/09\/Gran-Retto2-1024x461.jpg 1024w, https:\/\/realidadturistica.com\/realtur\/wp-content\/uploads\/2024\/09\/Gran-Retto2-300x135.jpg 300w, https:\/\/realidadturistica.com\/realtur\/wp-content\/uploads\/2024\/09\/Gran-Retto2-768x346.jpg 768w, https:\/\/realidadturistica.com\/realtur\/wp-content\/uploads\/2024\/09\/Gran-Retto2-1536x691.jpg 1536w, https:\/\/realidadturistica.com\/realtur\/wp-content\/uploads\/2024\/09\/Gran-Retto2-2048x922.jpg 2048w, https:\/\/realidadturistica.com\/realtur\/wp-content\/uploads\/2024\/09\/Gran-Retto2-1920x864.jpg 1920w, https:\/\/realidadturistica.com\/realtur\/wp-content\/uploads\/2024\/09\/Gran-Retto2-1170x527.jpg 1170w, https:\/\/realidadturistica.com\/realtur\/wp-content\/uploads\/2024\/09\/Gran-Retto2-585x263.jpg 585w\" sizes=\"(max-width: 1024px) 100vw, 1024px\" \/><\/figure>\n\n\n\n<figure class=\"wp-block-image size-large\"><img decoding=\"async\" width=\"1024\" height=\"461\" data-id=\"8035\" src=\"https:\/\/realidadturistica.com\/realtur\/wp-content\/uploads\/2024\/09\/Gran-Retto4-1024x461.jpg\" alt=\"\" class=\"wp-image-8035\" srcset=\"https:\/\/realidadturistica.com\/realtur\/wp-content\/uploads\/2024\/09\/Gran-Retto4-1024x461.jpg 1024w, https:\/\/realidadturistica.com\/realtur\/wp-content\/uploads\/2024\/09\/Gran-Retto4-300x135.jpg 300w, https:\/\/realidadturistica.com\/realtur\/wp-content\/uploads\/2024\/09\/Gran-Retto4-768x346.jpg 768w, https:\/\/realidadturistica.com\/realtur\/wp-content\/uploads\/2024\/09\/Gran-Retto4-1536x692.jpg 1536w, https:\/\/realidadturistica.com\/realtur\/wp-content\/uploads\/2024\/09\/Gran-Retto4-2048x922.jpg 2048w, https:\/\/realidadturistica.com\/realtur\/wp-content\/uploads\/2024\/09\/Gran-Retto4-1920x865.jpg 1920w, https:\/\/realidadturistica.com\/realtur\/wp-content\/uploads\/2024\/09\/Gran-Retto4-1170x527.jpg 1170w, https:\/\/realidadturistica.com\/realtur\/wp-content\/uploads\/2024\/09\/Gran-Retto4-585x263.jpg 585w\" sizes=\"(max-width: 1024px) 100vw, 1024px\" \/><\/figure>\n<\/figure>\n\n\n\n<p>En la jornada del s\u00e1bado se compiti\u00f3 en las distancias de 750 metros, 1,500 y 3,000 kil\u00f3metros, mientras que el domingo en 5 y 10 kil\u00f3metros. En esta ocasi\u00f3n el deportista cubano Jhoen Lefont logr\u00f3 dos R\u00e9cords Guinness, uno al golpear el bal\u00f3n con la cabeza 172 veces durante un minuto dentro de una piscina, y el otro sosteniendo el bal\u00f3n en la cabeza durante 750 metros en aguas abiertas, sin dudas un triunfo para el deporte cubano y un mayor nivel para las competencias Gran Retto.<\/p>\n\n\n\n<p>Entre los participantes resalt\u00f3 el ni\u00f1o cubano Ricardo Enrique Suarez de Cienfuegos, que con solo 10 a\u00f1os lleg\u00f3 a la meta despu\u00e9s de nadar 750 metros en aguas abiertas. En esa misma distancia se llevaron los aplausos la joven mexicana de 19 a\u00f1os Mar\u00eda Fernanda, que padece una discapacidad intelectual, y en compa\u00f1\u00eda de su padre Josue Garc\u00eda logr\u00f3 hacer la traves\u00eda. Mar\u00eda Fernanda toma clases de nataci\u00f3n desde los 6 a\u00f1os y en esta oportunidad quiso acompa\u00f1ar a su padre en esta competencia.<\/p>\n\n\n\n<p>Como parte de las actividades colaterales al festival se llev\u00f3 a cabo una caravana deportiva por las calles de Varadero donde los habitantes saludaron y dieron la bienvenida a los competidores, tambi\u00e9n se desarroll\u00f3 un festival deportivo en el complejo recreativo de piscinas y un festival de domin\u00f3 por parejas, as\u00ed como la esperada carrera \u201cla milla de la cerveza\u201d, donde los competidores ten\u00edan que recorrer una determinada distancia tomando cervezas.<\/p>\n\n\n\n<figure class=\"wp-block-image size-large\"><img decoding=\"async\" width=\"1024\" height=\"461\" src=\"https:\/\/realidadturistica.com\/realtur\/wp-content\/uploads\/2024\/09\/PRemio-1024x461.jpg\" alt=\"\" class=\"wp-image-8036\" srcset=\"https:\/\/realidadturistica.com\/realtur\/wp-content\/uploads\/2024\/09\/PRemio-1024x461.jpg 1024w, https:\/\/realidadturistica.com\/realtur\/wp-content\/uploads\/2024\/09\/PRemio-300x135.jpg 300w, https:\/\/realidadturistica.com\/realtur\/wp-content\/uploads\/2024\/09\/PRemio-768x346.jpg 768w, https:\/\/realidadturistica.com\/realtur\/wp-content\/uploads\/2024\/09\/PRemio-1536x691.jpg 1536w, https:\/\/realidadturistica.com\/realtur\/wp-content\/uploads\/2024\/09\/PRemio-2048x922.jpg 2048w, https:\/\/realidadturistica.com\/realtur\/wp-content\/uploads\/2024\/09\/PRemio-1920x864.jpg 1920w, https:\/\/realidadturistica.com\/realtur\/wp-content\/uploads\/2024\/09\/PRemio-1170x527.jpg 1170w, https:\/\/realidadturistica.com\/realtur\/wp-content\/uploads\/2024\/09\/PRemio-585x263.jpg 585w\" sizes=\"(max-width: 1024px) 100vw, 1024px\" \/><\/figure>\n\n\n\n<p>La competencia de Aguas Abiertas Gran Retto 2024 se desarroll\u00f3 en el litoral de playa del Hotel Los Delfines, de la cadena hotelera Islazul y fue auspiciado por Havanatur S.A. la agencia de viajes Taino Tour de M\u00e9xico, Cubadeportes S.A. y el Ministerio de Turismo de Cuba, entre otros.<\/p>\n\n\n\n<p>Este tipo de competencia busca posicionar a Cuba como un destino ideal para el desarrollo de eventos deportivo de esta \u00edndole.<\/p>\n\n\n\n<p>El pr\u00f3ximo Festival de Aguas Abiertas Gran Retto 2025 se llevar\u00e1 a cabo en el mes de septiembre del pr\u00f3ximo a\u00f1o y se espera contar con una mayor participaci\u00f3n.<\/p>\n\n\n\n<p>Fuente: Realidad Tur\u00edstica<\/p>\n","protected":false},"excerpt":{"rendered":"<p>Este domingo 15 de septiembre culmin\u00f3 en el balneario de Varadero, Cuba, la 3ra edici\u00f3n del Festival de Aguas Abiertas Gran Retto 2024, despu\u00e9s de&hellip;<\/p>\n","protected":false},"author":2,"featured_media":8033,"comment_status":"open","ping_status":"closed","sticky":false,"template":"","format":"standard","meta":{"content-type":"","_lmt_disableupdate":"","_lmt_disable":"","footnotes":""},"categories":[4],"tags":[],"class_list":["post-8032","post","type-post","status-publish","format-standard","has-post-thumbnail","hentry","category-destinos"],"yoast_head":"<!-- This site is optimized with the Yoast SEO Premium plugin v27.4 (Yoast SEO v27.5) - https:\/\/yoast.com\/product\/yoast-seo-premium-wordpress\/ -->\n<title>Culmin\u00f3 3er Festival de Aguas Abiertas Gran Retto 2024 - Realidad Tur\u00edstica<\/title>\n<meta name=\"robots\" content=\"index, follow, max-snippet:-1, max-image-preview:large, max-video-preview:-1\" \/>\n<link rel=\"canonical\" href=\"https:\/\/realidadturistica.com\/realtur\/culmino-3er-festival-de-aguas-abiertas-gran-retto-2024\/\" \/>\n<meta property=\"og:locale\" content=\"es_ES\" \/>\n<meta property=\"og:type\" content=\"article\" \/>\n<meta property=\"og:title\" content=\"Culmin\u00f3 3er Festival de Aguas Abiertas Gran Retto 2024\" \/>\n<meta property=\"og:description\" content=\"Este domingo 15 de septiembre culmin\u00f3 en el balneario de Varadero, Cuba, la 3ra edici\u00f3n del Festival de Aguas Abiertas Gran Retto 2024, despu\u00e9s de&hellip;\" \/>\n<meta property=\"og:url\" content=\"https:\/\/realidadturistica.com\/realtur\/culmino-3er-festival-de-aguas-abiertas-gran-retto-2024\/\" \/>\n<meta property=\"og:site_name\" content=\"Realidad Tur\u00edstica\" \/>\n<meta property=\"article:publisher\" content=\"https:\/\/www.facebook.com\/realidadturistica\" \/>\n<meta property=\"article:published_time\" content=\"2024-09-16T03:15:13+00:00\" \/>\n<meta property=\"article:modified_time\" content=\"2024-09-16T03:15:15+00:00\" \/>\n<meta property=\"og:image\" content=\"https:\/\/realidadturistica.com\/realtur\/wp-content\/uploads\/2024\/09\/Gran-Retto5-scaled.jpg\" \/>\n\t<meta property=\"og:image:width\" content=\"2560\" \/>\n\t<meta property=\"og:image:height\" content=\"1152\" \/>\n\t<meta property=\"og:image:type\" content=\"image\/jpeg\" \/>\n<meta name=\"author\" content=\"Editor\" \/>\n<meta name=\"twitter:card\" content=\"summary_large_image\" \/>\n<meta name=\"twitter:label1\" content=\"Escrito por\" \/>\n\t<meta name=\"twitter:data1\" content=\"Editor\" \/>\n\t<meta name=\"twitter:label2\" content=\"Tiempo de lectura\" \/>\n\t<meta name=\"twitter:data2\" content=\"4 minutos\" \/>\n<script type=\"application\/ld+json\" class=\"yoast-schema-graph\">{\"@context\":\"https:\\\/\\\/schema.org\",\"@graph\":[{\"@type\":\"Article\",\"@id\":\"https:\\\/\\\/realidadturistica.com\\\/realtur\\\/culmino-3er-festival-de-aguas-abiertas-gran-retto-2024\\\/#article\",\"isPartOf\":{\"@id\":\"https:\\\/\\\/realidadturistica.com\\\/realtur\\\/culmino-3er-festival-de-aguas-abiertas-gran-retto-2024\\\/\"},\"author\":{\"name\":\"Editor\",\"@id\":\"https:\\\/\\\/realidadturistica.com\\\/realtur\\\/#\\\/schema\\\/person\\\/ade671191202490fcf08ab21590de73e\"},\"headline\":\"Culmin\u00f3 3er Festival de Aguas Abiertas Gran Retto 2024\",\"datePublished\":\"2024-09-16T03:15:13+00:00\",\"dateModified\":\"2024-09-16T03:15:15+00:00\",\"mainEntityOfPage\":{\"@id\":\"https:\\\/\\\/realidadturistica.com\\\/realtur\\\/culmino-3er-festival-de-aguas-abiertas-gran-retto-2024\\\/\"},\"wordCount\":520,\"commentCount\":0,\"publisher\":{\"@id\":\"https:\\\/\\\/realidadturistica.com\\\/realtur\\\/#organization\"},\"image\":{\"@id\":\"https:\\\/\\\/realidadturistica.com\\\/realtur\\\/culmino-3er-festival-de-aguas-abiertas-gran-retto-2024\\\/#primaryimage\"},\"thumbnailUrl\":\"https:\\\/\\\/realidadturistica.com\\\/realtur\\\/wp-content\\\/uploads\\\/2024\\\/09\\\/Gran-Retto5-scaled.jpg\",\"articleSection\":[\"Destinos M\u00e1gicos\"],\"inLanguage\":\"es\",\"potentialAction\":[{\"@type\":\"CommentAction\",\"name\":\"Comment\",\"target\":[\"https:\\\/\\\/realidadturistica.com\\\/realtur\\\/culmino-3er-festival-de-aguas-abiertas-gran-retto-2024\\\/#respond\"]}]},{\"@type\":\"WebPage\",\"@id\":\"https:\\\/\\\/realidadturistica.com\\\/realtur\\\/culmino-3er-festival-de-aguas-abiertas-gran-retto-2024\\\/\",\"url\":\"https:\\\/\\\/realidadturistica.com\\\/realtur\\\/culmino-3er-festival-de-aguas-abiertas-gran-retto-2024\\\/\",\"name\":\"Culmin\u00f3 3er Festival de Aguas Abiertas Gran Retto 2024 - Realidad Tur\u00edstica\",\"isPartOf\":{\"@id\":\"https:\\\/\\\/realidadturistica.com\\\/realtur\\\/#website\"},\"primaryImageOfPage\":{\"@id\":\"https:\\\/\\\/realidadturistica.com\\\/realtur\\\/culmino-3er-festival-de-aguas-abiertas-gran-retto-2024\\\/#primaryimage\"},\"image\":{\"@id\":\"https:\\\/\\\/realidadturistica.com\\\/realtur\\\/culmino-3er-festival-de-aguas-abiertas-gran-retto-2024\\\/#primaryimage\"},\"thumbnailUrl\":\"https:\\\/\\\/realidadturistica.com\\\/realtur\\\/wp-content\\\/uploads\\\/2024\\\/09\\\/Gran-Retto5-scaled.jpg\",\"datePublished\":\"2024-09-16T03:15:13+00:00\",\"dateModified\":\"2024-09-16T03:15:15+00:00\",\"breadcrumb\":{\"@id\":\"https:\\\/\\\/realidadturistica.com\\\/realtur\\\/culmino-3er-festival-de-aguas-abiertas-gran-retto-2024\\\/#breadcrumb\"},\"inLanguage\":\"es\",\"potentialAction\":[{\"@type\":\"ReadAction\",\"target\":[\"https:\\\/\\\/realidadturistica.com\\\/realtur\\\/culmino-3er-festival-de-aguas-abiertas-gran-retto-2024\\\/\"]}]},{\"@type\":\"ImageObject\",\"inLanguage\":\"es\",\"@id\":\"https:\\\/\\\/realidadturistica.com\\\/realtur\\\/culmino-3er-festival-de-aguas-abiertas-gran-retto-2024\\\/#primaryimage\",\"url\":\"https:\\\/\\\/realidadturistica.com\\\/realtur\\\/wp-content\\\/uploads\\\/2024\\\/09\\\/Gran-Retto5-scaled.jpg\",\"contentUrl\":\"https:\\\/\\\/realidadturistica.com\\\/realtur\\\/wp-content\\\/uploads\\\/2024\\\/09\\\/Gran-Retto5-scaled.jpg\",\"width\":2560,\"height\":1152},{\"@type\":\"BreadcrumbList\",\"@id\":\"https:\\\/\\\/realidadturistica.com\\\/realtur\\\/culmino-3er-festival-de-aguas-abiertas-gran-retto-2024\\\/#breadcrumb\",\"itemListElement\":[{\"@type\":\"ListItem\",\"position\":1,\"name\":\"Portada\",\"item\":\"https:\\\/\\\/realidadturistica.com\\\/realtur\\\/\"},{\"@type\":\"ListItem\",\"position\":2,\"name\":\"Culmin\u00f3 3er Festival de Aguas Abiertas Gran Retto 2024\"}]},{\"@type\":\"WebSite\",\"@id\":\"https:\\\/\\\/realidadturistica.com\\\/realtur\\\/#website\",\"url\":\"https:\\\/\\\/realidadturistica.com\\\/realtur\\\/\",\"name\":\"Realidad Tur\u00edstica\",\"description\":\"\",\"publisher\":{\"@id\":\"https:\\\/\\\/realidadturistica.com\\\/realtur\\\/#organization\"},\"potentialAction\":[{\"@type\":\"SearchAction\",\"target\":{\"@type\":\"EntryPoint\",\"urlTemplate\":\"https:\\\/\\\/realidadturistica.com\\\/realtur\\\/?s={search_term_string}\"},\"query-input\":{\"@type\":\"PropertyValueSpecification\",\"valueRequired\":true,\"valueName\":\"search_term_string\"}}],\"inLanguage\":\"es\"},{\"@type\":\"Organization\",\"@id\":\"https:\\\/\\\/realidadturistica.com\\\/realtur\\\/#organization\",\"name\":\"Realidad Tur\u00edstica\",\"url\":\"https:\\\/\\\/realidadturistica.com\\\/realtur\\\/\",\"logo\":{\"@type\":\"ImageObject\",\"inLanguage\":\"es\",\"@id\":\"https:\\\/\\\/realidadturistica.com\\\/realtur\\\/#\\\/schema\\\/logo\\\/image\\\/\",\"url\":\"https:\\\/\\\/realidadturistica.com\\\/realtur\\\/wp-content\\\/uploads\\\/2021\\\/12\\\/logotipo-realidad-turistica.png\",\"contentUrl\":\"https:\\\/\\\/realidadturistica.com\\\/realtur\\\/wp-content\\\/uploads\\\/2021\\\/12\\\/logotipo-realidad-turistica.png\",\"width\":1382,\"height\":629,\"caption\":\"Realidad Tur\u00edstica\"},\"image\":{\"@id\":\"https:\\\/\\\/realidadturistica.com\\\/realtur\\\/#\\\/schema\\\/logo\\\/image\\\/\"},\"sameAs\":[\"https:\\\/\\\/www.facebook.com\\\/realidadturistica\",\"https:\\\/\\\/www.instagram.com\\\/realidad_turistica\\\/\"]},{\"@type\":\"Person\",\"@id\":\"https:\\\/\\\/realidadturistica.com\\\/realtur\\\/#\\\/schema\\\/person\\\/ade671191202490fcf08ab21590de73e\",\"name\":\"Editor\",\"image\":{\"@type\":\"ImageObject\",\"inLanguage\":\"es\",\"@id\":\"https:\\\/\\\/realidadturistica.com\\\/realtur\\\/wp-content\\\/uploads\\\/2023\\\/09\\\/Editor_avatar_1693668634-96x96.png\",\"url\":\"https:\\\/\\\/realidadturistica.com\\\/realtur\\\/wp-content\\\/uploads\\\/2023\\\/09\\\/Editor_avatar_1693668634-96x96.png\",\"contentUrl\":\"https:\\\/\\\/realidadturistica.com\\\/realtur\\\/wp-content\\\/uploads\\\/2023\\\/09\\\/Editor_avatar_1693668634-96x96.png\",\"caption\":\"Editor\"},\"sameAs\":[\"https:\\\/\\\/realidadturistica.com\\\/realtur\"],\"url\":\"https:\\\/\\\/realidadturistica.com\\\/realtur\\\/author\\\/editor2\\\/\"}]}<\/script>\n<!-- \/ Yoast SEO Premium plugin. -->","yoast_head_json":{"title":"Culmin\u00f3 3er Festival de Aguas Abiertas Gran Retto 2024 - Realidad Tur\u00edstica","robots":{"index":"index","follow":"follow","max-snippet":"max-snippet:-1","max-image-preview":"max-image-preview:large","max-video-preview":"max-video-preview:-1"},"canonical":"https:\/\/realidadturistica.com\/realtur\/culmino-3er-festival-de-aguas-abiertas-gran-retto-2024\/","og_locale":"es_ES","og_type":"article","og_title":"Culmin\u00f3 3er Festival de Aguas Abiertas Gran Retto 2024","og_description":"Este domingo 15 de septiembre culmin\u00f3 en el balneario de Varadero, Cuba, la 3ra edici\u00f3n del Festival de Aguas Abiertas Gran Retto 2024, despu\u00e9s de&hellip;","og_url":"https:\/\/realidadturistica.com\/realtur\/culmino-3er-festival-de-aguas-abiertas-gran-retto-2024\/","og_site_name":"Realidad Tur\u00edstica","article_publisher":"https:\/\/www.facebook.com\/realidadturistica","article_published_time":"2024-09-16T03:15:13+00:00","article_modified_time":"2024-09-16T03:15:15+00:00","og_image":[{"width":2560,"height":1152,"url":"https:\/\/realidadturistica.com\/realtur\/wp-content\/uploads\/2024\/09\/Gran-Retto5-scaled.jpg","type":"image\/jpeg"}],"author":"Editor","twitter_card":"summary_large_image","twitter_misc":{"Escrito por":"Editor","Tiempo de lectura":"4 minutos"},"schema":{"@context":"https:\/\/schema.org","@graph":[{"@type":"Article","@id":"https:\/\/realidadturistica.com\/realtur\/culmino-3er-festival-de-aguas-abiertas-gran-retto-2024\/#article","isPartOf":{"@id":"https:\/\/realidadturistica.com\/realtur\/culmino-3er-festival-de-aguas-abiertas-gran-retto-2024\/"},"author":{"name":"Editor","@id":"https:\/\/realidadturistica.com\/realtur\/#\/schema\/person\/ade671191202490fcf08ab21590de73e"},"headline":"Culmin\u00f3 3er Festival de Aguas Abiertas Gran Retto 2024","datePublished":"2024-09-16T03:15:13+00:00","dateModified":"2024-09-16T03:15:15+00:00","mainEntityOfPage":{"@id":"https:\/\/realidadturistica.com\/realtur\/culmino-3er-festival-de-aguas-abiertas-gran-retto-2024\/"},"wordCount":520,"commentCount":0,"publisher":{"@id":"https:\/\/realidadturistica.com\/realtur\/#organization"},"image":{"@id":"https:\/\/realidadturistica.com\/realtur\/culmino-3er-festival-de-aguas-abiertas-gran-retto-2024\/#primaryimage"},"thumbnailUrl":"https:\/\/realidadturistica.com\/realtur\/wp-content\/uploads\/2024\/09\/Gran-Retto5-scaled.jpg","articleSection":["Destinos M\u00e1gicos"],"inLanguage":"es","potentialAction":[{"@type":"CommentAction","name":"Comment","target":["https:\/\/realidadturistica.com\/realtur\/culmino-3er-festival-de-aguas-abiertas-gran-retto-2024\/#respond"]}]},{"@type":"WebPage","@id":"https:\/\/realidadturistica.com\/realtur\/culmino-3er-festival-de-aguas-abiertas-gran-retto-2024\/","url":"https:\/\/realidadturistica.com\/realtur\/culmino-3er-festival-de-aguas-abiertas-gran-retto-2024\/","name":"Culmin\u00f3 3er Festival de Aguas Abiertas Gran Retto 2024 - Realidad Tur\u00edstica","isPartOf":{"@id":"https:\/\/realidadturistica.com\/realtur\/#website"},"primaryImageOfPage":{"@id":"https:\/\/realidadturistica.com\/realtur\/culmino-3er-festival-de-aguas-abiertas-gran-retto-2024\/#primaryimage"},"image":{"@id":"https:\/\/realidadturistica.com\/realtur\/culmino-3er-festival-de-aguas-abiertas-gran-retto-2024\/#primaryimage"},"thumbnailUrl":"https:\/\/realidadturistica.com\/realtur\/wp-content\/uploads\/2024\/09\/Gran-Retto5-scaled.jpg","datePublished":"2024-09-16T03:15:13+00:00","dateModified":"2024-09-16T03:15:15+00:00","breadcrumb":{"@id":"https:\/\/realidadturistica.com\/realtur\/culmino-3er-festival-de-aguas-abiertas-gran-retto-2024\/#breadcrumb"},"inLanguage":"es","potentialAction":[{"@type":"ReadAction","target":["https:\/\/realidadturistica.com\/realtur\/culmino-3er-festival-de-aguas-abiertas-gran-retto-2024\/"]}]},{"@type":"ImageObject","inLanguage":"es","@id":"https:\/\/realidadturistica.com\/realtur\/culmino-3er-festival-de-aguas-abiertas-gran-retto-2024\/#primaryimage","url":"https:\/\/realidadturistica.com\/realtur\/wp-content\/uploads\/2024\/09\/Gran-Retto5-scaled.jpg","contentUrl":"https:\/\/realidadturistica.com\/realtur\/wp-content\/uploads\/2024\/09\/Gran-Retto5-scaled.jpg","width":2560,"height":1152},{"@type":"BreadcrumbList","@id":"https:\/\/realidadturistica.com\/realtur\/culmino-3er-festival-de-aguas-abiertas-gran-retto-2024\/#breadcrumb","itemListElement":[{"@type":"ListItem","position":1,"name":"Portada","item":"https:\/\/realidadturistica.com\/realtur\/"},{"@type":"ListItem","position":2,"name":"Culmin\u00f3 3er Festival de Aguas Abiertas Gran Retto 2024"}]},{"@type":"WebSite","@id":"https:\/\/realidadturistica.com\/realtur\/#website","url":"https:\/\/realidadturistica.com\/realtur\/","name":"Realidad Tur\u00edstica","description":"","publisher":{"@id":"https:\/\/realidadturistica.com\/realtur\/#organization"},"potentialAction":[{"@type":"SearchAction","target":{"@type":"EntryPoint","urlTemplate":"https:\/\/realidadturistica.com\/realtur\/?s={search_term_string}"},"query-input":{"@type":"PropertyValueSpecification","valueRequired":true,"valueName":"search_term_string"}}],"inLanguage":"es"},{"@type":"Organization","@id":"https:\/\/realidadturistica.com\/realtur\/#organization","name":"Realidad Tur\u00edstica","url":"https:\/\/realidadturistica.com\/realtur\/","logo":{"@type":"ImageObject","inLanguage":"es","@id":"https:\/\/realidadturistica.com\/realtur\/#\/schema\/logo\/image\/","url":"https:\/\/realidadturistica.com\/realtur\/wp-content\/uploads\/2021\/12\/logotipo-realidad-turistica.png","contentUrl":"https:\/\/realidadturistica.com\/realtur\/wp-content\/uploads\/2021\/12\/logotipo-realidad-turistica.png","width":1382,"height":629,"caption":"Realidad Tur\u00edstica"},"image":{"@id":"https:\/\/realidadturistica.com\/realtur\/#\/schema\/logo\/image\/"},"sameAs":["https:\/\/www.facebook.com\/realidadturistica","https:\/\/www.instagram.com\/realidad_turistica\/"]},{"@type":"Person","@id":"https:\/\/realidadturistica.com\/realtur\/#\/schema\/person\/ade671191202490fcf08ab21590de73e","name":"Editor","image":{"@type":"ImageObject","inLanguage":"es","@id":"https:\/\/realidadturistica.com\/realtur\/wp-content\/uploads\/2023\/09\/Editor_avatar_1693668634-96x96.png","url":"https:\/\/realidadturistica.com\/realtur\/wp-content\/uploads\/2023\/09\/Editor_avatar_1693668634-96x96.png","contentUrl":"https:\/\/realidadturistica.com\/realtur\/wp-content\/uploads\/2023\/09\/Editor_avatar_1693668634-96x96.png","caption":"Editor"},"sameAs":["https:\/\/realidadturistica.com\/realtur"],"url":"https:\/\/realidadturistica.com\/realtur\/author\/editor2\/"}]}},"_links":{"self":[{"href":"https:\/\/realidadturistica.com\/realtur\/wp-json\/wp\/v2\/posts\/8032","targetHints":{"allow":["GET"]}}],"collection":[{"href":"https:\/\/realidadturistica.com\/realtur\/wp-json\/wp\/v2\/posts"}],"about":[{"href":"https:\/\/realidadturistica.com\/realtur\/wp-json\/wp\/v2\/types\/post"}],"author":[{"embeddable":true,"href":"https:\/\/realidadturistica.com\/realtur\/wp-json\/wp\/v2\/users\/2"}],"replies":[{"embeddable":true,"href":"https:\/\/realidadturistica.com\/realtur\/wp-json\/wp\/v2\/comments?post=8032"}],"version-history":[{"count":1,"href":"https:\/\/realidadturistica.com\/realtur\/wp-json\/wp\/v2\/posts\/8032\/revisions"}],"predecessor-version":[{"id":8037,"href":"https:\/\/realidadturistica.com\/realtur\/wp-json\/wp\/v2\/posts\/8032\/revisions\/8037"}],"wp:featuredmedia":[{"embeddable":true,"href":"https:\/\/realidadturistica.com\/realtur\/wp-json\/wp\/v2\/media\/8033"}],"wp:attachment":[{"href":"https:\/\/realidadturistica.com\/realtur\/wp-json\/wp\/v2\/media?parent=8032"}],"wp:term":[{"taxonomy":"category","embeddable":true,"href":"https:\/\/realidadturistica.com\/realtur\/wp-json\/wp\/v2\/categories?post=8032"},{"taxonomy":"post_tag","embeddable":true,"href":"https:\/\/realidadturistica.com\/realtur\/wp-json\/wp\/v2\/tags?post=8032"}],"curies":[{"name":"wp","href":"https:\/\/api.w.org\/{rel}","templated":true}]}}