{"id":8050,"date":"2024-09-17T02:14:37","date_gmt":"2024-09-17T02:14:37","guid":{"rendered":"https:\/\/realidadturistica.com\/realtur\/?p=8050"},"modified":"2024-09-17T02:14:40","modified_gmt":"2024-09-17T02:14:40","slug":"el-turismo-mice-en-mallorca-se-consolida-el-palau-de-congressos-recibira-6-000-asistentes-hasta-final-de-ano","status":"publish","type":"post","link":"https:\/\/realidadturistica.com\/realtur\/el-turismo-mice-en-mallorca-se-consolida-el-palau-de-congressos-recibira-6-000-asistentes-hasta-final-de-ano\/","title":{"rendered":"El turismo MICE en Mallorca se consolida: el Palau de Congressos recibir\u00e1 6.000 asistentes hasta final de a\u00f1o"},"content":{"rendered":"\n<p class=\"wp-block-yoast-seo-estimated-reading-time yoast-reading-time__wrapper\"><span class=\"yoast-reading-time__icon\"><svg aria-hidden=\"true\" focusable=\"false\" data-icon=\"clock\" width=\"20\" height=\"20\" fill=\"none\" stroke=\"currentColor\" style=\"display:inline-block;vertical-align:-0.1em\" role=\"img\" xmlns=\"http:\/\/www.w3.org\/2000\/svg\" viewBox=\"0 0 24 24\"><path stroke-linecap=\"round\" stroke-linejoin=\"round\" stroke-width=\"2\" d=\"M12 8v4l3 3m6-3a9 9 0 11-18 0 9 9 0 0118 0z\"><\/path><\/svg><\/span><span class=\"yoast-reading-time__spacer\" style=\"display:inline-block;width:1em\"><\/span><span class=\"yoast-reading-time__descriptive-text\">Estimated reading time: <\/span><span class=\"yoast-reading-time__reading-time\">2<\/span><span class=\"yoast-reading-time__time-unit\"> minutos<\/span><\/p>\n\n\n\n<p>Espa\u00f1a. El turismo MICE se est\u00e1 terminando por consolidar en Palma (Mallorca), para alivio de los hoteleros de la ciudad. Y es que los congresos, eventos y ferias no dejan de ser una oportunidad para mantener los establecimientos abiertos fuera de la temporada de verano. El \u00e9xito de este segmento en la isla balear ha sido constatado por los n\u00fameros del Palau de Congressos de Palma.<\/p>\n\n\n\n<p>As\u00ed, Natalia Seoane, directora del Palau, as\u00ed como del Meli\u00e1 Palma Bay, explica a Diario de Mallorca que la instituci\u00f3n recibir\u00e1 a un total de 6.000 congresistas hasta finales de a\u00f1o. La directiva destaca que el evento m\u00e1s grande que tendr\u00e1 lugar en esta recta final del a\u00f1o ser\u00e1 un acto que congregar\u00e1 a 2.300 participantes del sector m\u00e9dico.<\/p>\n\n\n\n<p>Seg\u00fan detalla, la clave del \u00e9xito del Palau, en parte, radica en la antelaci\u00f3n de trabajo. Y es que el MICE se caracteriza precisamente por ser un segmento que reserva y contrata con much\u00edsima antelaci\u00f3n. En este sentido, la instituci\u00f3n que dirige Seoane ya ha cerrado para 2025 un total de seis grandes congresos, mientras que otros eventos de menor tama\u00f1o, como acciones de empresas, ir\u00e1n completando la agenda.<\/p>\n\n\n\n<p>Resultados de a\u00f1os anteriores<\/p>\n\n\n\n<p>En 2023, el Palau cerr\u00f3 el a\u00f1o con un total de 139 eventos celebrados que reunieron a m\u00e1s de 70.000 personas. Esto supuso una facturaci\u00f3n de 22,4 millones de euros, un 40% m\u00e1s que el a\u00f1o anterior, a lo que habr\u00eda que sumar el gasto de cada asistente en el destino.<\/p>\n\n\n\n<p>Fuente: Tourinews.<\/p>\n","protected":false},"excerpt":{"rendered":"<p>Espa\u00f1a. El turismo MICE se est\u00e1 terminando por consolidar en Palma (Mallorca), para alivio de los hoteleros de la ciudad. Y es que los congresos,&hellip;<\/p>\n","protected":false},"author":2,"featured_media":8051,"comment_status":"open","ping_status":"closed","sticky":false,"template":"","format":"standard","meta":{"content-type":"","_lmt_disableupdate":"","_lmt_disable":"","footnotes":""},"categories":[5],"tags":[],"class_list":["post-8050","post","type-post","status-publish","format-standard","has-post-thumbnail","hentry","category-mice"],"yoast_head":"<!-- This site is optimized with the Yoast SEO Premium plugin v27.4 (Yoast SEO v27.5) - https:\/\/yoast.com\/product\/yoast-seo-premium-wordpress\/ -->\n<title>El turismo MICE en Mallorca se consolida: el Palau de Congressos recibir\u00e1 6.000 asistentes hasta final de a\u00f1o - Realidad Tur\u00edstica<\/title>\n<meta name=\"robots\" content=\"index, follow, max-snippet:-1, max-image-preview:large, max-video-preview:-1\" \/>\n<link rel=\"canonical\" href=\"https:\/\/realidadturistica.com\/realtur\/el-turismo-mice-en-mallorca-se-consolida-el-palau-de-congressos-recibira-6-000-asistentes-hasta-final-de-ano\/\" \/>\n<meta property=\"og:locale\" content=\"es_ES\" \/>\n<meta property=\"og:type\" content=\"article\" \/>\n<meta property=\"og:title\" content=\"El turismo MICE en Mallorca se consolida: el Palau de Congressos recibir\u00e1 6.000 asistentes hasta final de a\u00f1o\" \/>\n<meta property=\"og:description\" content=\"Espa\u00f1a. El turismo MICE se est\u00e1 terminando por consolidar en Palma (Mallorca), para alivio de los hoteleros de la ciudad. Y es que los congresos,&hellip;\" \/>\n<meta property=\"og:url\" content=\"https:\/\/realidadturistica.com\/realtur\/el-turismo-mice-en-mallorca-se-consolida-el-palau-de-congressos-recibira-6-000-asistentes-hasta-final-de-ano\/\" \/>\n<meta property=\"og:site_name\" content=\"Realidad Tur\u00edstica\" \/>\n<meta property=\"article:publisher\" content=\"https:\/\/www.facebook.com\/realidadturistica\" \/>\n<meta property=\"article:published_time\" content=\"2024-09-17T02:14:37+00:00\" \/>\n<meta property=\"article:modified_time\" content=\"2024-09-17T02:14:40+00:00\" \/>\n<meta property=\"og:image\" content=\"https:\/\/realidadturistica.com\/realtur\/wp-content\/uploads\/2024\/09\/El-turismo-MICE.jpg\" \/>\n\t<meta property=\"og:image:width\" content=\"732\" \/>\n\t<meta property=\"og:image:height\" content=\"400\" \/>\n\t<meta property=\"og:image:type\" content=\"image\/jpeg\" \/>\n<meta name=\"author\" content=\"Editor\" \/>\n<meta name=\"twitter:card\" content=\"summary_large_image\" \/>\n<meta name=\"twitter:label1\" content=\"Escrito por\" \/>\n\t<meta name=\"twitter:data1\" content=\"Editor\" \/>\n\t<meta name=\"twitter:label2\" content=\"Tiempo de lectura\" \/>\n\t<meta name=\"twitter:data2\" content=\"2 minutos\" \/>\n<script type=\"application\/ld+json\" class=\"yoast-schema-graph\">{\"@context\":\"https:\\\/\\\/schema.org\",\"@graph\":[{\"@type\":\"Article\",\"@id\":\"https:\\\/\\\/realidadturistica.com\\\/realtur\\\/el-turismo-mice-en-mallorca-se-consolida-el-palau-de-congressos-recibira-6-000-asistentes-hasta-final-de-ano\\\/#article\",\"isPartOf\":{\"@id\":\"https:\\\/\\\/realidadturistica.com\\\/realtur\\\/el-turismo-mice-en-mallorca-se-consolida-el-palau-de-congressos-recibira-6-000-asistentes-hasta-final-de-ano\\\/\"},\"author\":{\"name\":\"Editor\",\"@id\":\"https:\\\/\\\/realidadturistica.com\\\/realtur\\\/#\\\/schema\\\/person\\\/ade671191202490fcf08ab21590de73e\"},\"headline\":\"El turismo MICE en Mallorca se consolida: el Palau de Congressos recibir\u00e1 6.000 asistentes hasta final de a\u00f1o\",\"datePublished\":\"2024-09-17T02:14:37+00:00\",\"dateModified\":\"2024-09-17T02:14:40+00:00\",\"mainEntityOfPage\":{\"@id\":\"https:\\\/\\\/realidadturistica.com\\\/realtur\\\/el-turismo-mice-en-mallorca-se-consolida-el-palau-de-congressos-recibira-6-000-asistentes-hasta-final-de-ano\\\/\"},\"wordCount\":286,\"commentCount\":0,\"publisher\":{\"@id\":\"https:\\\/\\\/realidadturistica.com\\\/realtur\\\/#organization\"},\"image\":{\"@id\":\"https:\\\/\\\/realidadturistica.com\\\/realtur\\\/el-turismo-mice-en-mallorca-se-consolida-el-palau-de-congressos-recibira-6-000-asistentes-hasta-final-de-ano\\\/#primaryimage\"},\"thumbnailUrl\":\"https:\\\/\\\/realidadturistica.com\\\/realtur\\\/wp-content\\\/uploads\\\/2024\\\/09\\\/El-turismo-MICE.jpg\",\"articleSection\":[\"MICE\"],\"inLanguage\":\"es\",\"potentialAction\":[{\"@type\":\"CommentAction\",\"name\":\"Comment\",\"target\":[\"https:\\\/\\\/realidadturistica.com\\\/realtur\\\/el-turismo-mice-en-mallorca-se-consolida-el-palau-de-congressos-recibira-6-000-asistentes-hasta-final-de-ano\\\/#respond\"]}]},{\"@type\":\"WebPage\",\"@id\":\"https:\\\/\\\/realidadturistica.com\\\/realtur\\\/el-turismo-mice-en-mallorca-se-consolida-el-palau-de-congressos-recibira-6-000-asistentes-hasta-final-de-ano\\\/\",\"url\":\"https:\\\/\\\/realidadturistica.com\\\/realtur\\\/el-turismo-mice-en-mallorca-se-consolida-el-palau-de-congressos-recibira-6-000-asistentes-hasta-final-de-ano\\\/\",\"name\":\"El turismo MICE en Mallorca se consolida: el Palau de Congressos recibir\u00e1 6.000 asistentes hasta final de a\u00f1o - Realidad Tur\u00edstica\",\"isPartOf\":{\"@id\":\"https:\\\/\\\/realidadturistica.com\\\/realtur\\\/#website\"},\"primaryImageOfPage\":{\"@id\":\"https:\\\/\\\/realidadturistica.com\\\/realtur\\\/el-turismo-mice-en-mallorca-se-consolida-el-palau-de-congressos-recibira-6-000-asistentes-hasta-final-de-ano\\\/#primaryimage\"},\"image\":{\"@id\":\"https:\\\/\\\/realidadturistica.com\\\/realtur\\\/el-turismo-mice-en-mallorca-se-consolida-el-palau-de-congressos-recibira-6-000-asistentes-hasta-final-de-ano\\\/#primaryimage\"},\"thumbnailUrl\":\"https:\\\/\\\/realidadturistica.com\\\/realtur\\\/wp-content\\\/uploads\\\/2024\\\/09\\\/El-turismo-MICE.jpg\",\"datePublished\":\"2024-09-17T02:14:37+00:00\",\"dateModified\":\"2024-09-17T02:14:40+00:00\",\"breadcrumb\":{\"@id\":\"https:\\\/\\\/realidadturistica.com\\\/realtur\\\/el-turismo-mice-en-mallorca-se-consolida-el-palau-de-congressos-recibira-6-000-asistentes-hasta-final-de-ano\\\/#breadcrumb\"},\"inLanguage\":\"es\",\"potentialAction\":[{\"@type\":\"ReadAction\",\"target\":[\"https:\\\/\\\/realidadturistica.com\\\/realtur\\\/el-turismo-mice-en-mallorca-se-consolida-el-palau-de-congressos-recibira-6-000-asistentes-hasta-final-de-ano\\\/\"]}]},{\"@type\":\"ImageObject\",\"inLanguage\":\"es\",\"@id\":\"https:\\\/\\\/realidadturistica.com\\\/realtur\\\/el-turismo-mice-en-mallorca-se-consolida-el-palau-de-congressos-recibira-6-000-asistentes-hasta-final-de-ano\\\/#primaryimage\",\"url\":\"https:\\\/\\\/realidadturistica.com\\\/realtur\\\/wp-content\\\/uploads\\\/2024\\\/09\\\/El-turismo-MICE.jpg\",\"contentUrl\":\"https:\\\/\\\/realidadturistica.com\\\/realtur\\\/wp-content\\\/uploads\\\/2024\\\/09\\\/El-turismo-MICE.jpg\",\"width\":732,\"height\":400},{\"@type\":\"BreadcrumbList\",\"@id\":\"https:\\\/\\\/realidadturistica.com\\\/realtur\\\/el-turismo-mice-en-mallorca-se-consolida-el-palau-de-congressos-recibira-6-000-asistentes-hasta-final-de-ano\\\/#breadcrumb\",\"itemListElement\":[{\"@type\":\"ListItem\",\"position\":1,\"name\":\"Portada\",\"item\":\"https:\\\/\\\/realidadturistica.com\\\/realtur\\\/\"},{\"@type\":\"ListItem\",\"position\":2,\"name\":\"El turismo MICE en Mallorca se consolida: el Palau de Congressos recibir\u00e1 6.000 asistentes hasta final de a\u00f1o\"}]},{\"@type\":\"WebSite\",\"@id\":\"https:\\\/\\\/realidadturistica.com\\\/realtur\\\/#website\",\"url\":\"https:\\\/\\\/realidadturistica.com\\\/realtur\\\/\",\"name\":\"Realidad Tur\u00edstica\",\"description\":\"\",\"publisher\":{\"@id\":\"https:\\\/\\\/realidadturistica.com\\\/realtur\\\/#organization\"},\"potentialAction\":[{\"@type\":\"SearchAction\",\"target\":{\"@type\":\"EntryPoint\",\"urlTemplate\":\"https:\\\/\\\/realidadturistica.com\\\/realtur\\\/?s={search_term_string}\"},\"query-input\":{\"@type\":\"PropertyValueSpecification\",\"valueRequired\":true,\"valueName\":\"search_term_string\"}}],\"inLanguage\":\"es\"},{\"@type\":\"Organization\",\"@id\":\"https:\\\/\\\/realidadturistica.com\\\/realtur\\\/#organization\",\"name\":\"Realidad Tur\u00edstica\",\"url\":\"https:\\\/\\\/realidadturistica.com\\\/realtur\\\/\",\"logo\":{\"@type\":\"ImageObject\",\"inLanguage\":\"es\",\"@id\":\"https:\\\/\\\/realidadturistica.com\\\/realtur\\\/#\\\/schema\\\/logo\\\/image\\\/\",\"url\":\"https:\\\/\\\/realidadturistica.com\\\/realtur\\\/wp-content\\\/uploads\\\/2021\\\/12\\\/logotipo-realidad-turistica.png\",\"contentUrl\":\"https:\\\/\\\/realidadturistica.com\\\/realtur\\\/wp-content\\\/uploads\\\/2021\\\/12\\\/logotipo-realidad-turistica.png\",\"width\":1382,\"height\":629,\"caption\":\"Realidad Tur\u00edstica\"},\"image\":{\"@id\":\"https:\\\/\\\/realidadturistica.com\\\/realtur\\\/#\\\/schema\\\/logo\\\/image\\\/\"},\"sameAs\":[\"https:\\\/\\\/www.facebook.com\\\/realidadturistica\",\"https:\\\/\\\/www.instagram.com\\\/realidad_turistica\\\/\"]},{\"@type\":\"Person\",\"@id\":\"https:\\\/\\\/realidadturistica.com\\\/realtur\\\/#\\\/schema\\\/person\\\/ade671191202490fcf08ab21590de73e\",\"name\":\"Editor\",\"image\":{\"@type\":\"ImageObject\",\"inLanguage\":\"es\",\"@id\":\"https:\\\/\\\/realidadturistica.com\\\/realtur\\\/wp-content\\\/uploads\\\/2023\\\/09\\\/Editor_avatar_1693668634-96x96.png\",\"url\":\"https:\\\/\\\/realidadturistica.com\\\/realtur\\\/wp-content\\\/uploads\\\/2023\\\/09\\\/Editor_avatar_1693668634-96x96.png\",\"contentUrl\":\"https:\\\/\\\/realidadturistica.com\\\/realtur\\\/wp-content\\\/uploads\\\/2023\\\/09\\\/Editor_avatar_1693668634-96x96.png\",\"caption\":\"Editor\"},\"sameAs\":[\"https:\\\/\\\/realidadturistica.com\\\/realtur\"],\"url\":\"https:\\\/\\\/realidadturistica.com\\\/realtur\\\/author\\\/editor2\\\/\"}]}<\/script>\n<!-- \/ Yoast SEO Premium plugin. -->","yoast_head_json":{"title":"El turismo MICE en Mallorca se consolida: el Palau de Congressos recibir\u00e1 6.000 asistentes hasta final de a\u00f1o - Realidad Tur\u00edstica","robots":{"index":"index","follow":"follow","max-snippet":"max-snippet:-1","max-image-preview":"max-image-preview:large","max-video-preview":"max-video-preview:-1"},"canonical":"https:\/\/realidadturistica.com\/realtur\/el-turismo-mice-en-mallorca-se-consolida-el-palau-de-congressos-recibira-6-000-asistentes-hasta-final-de-ano\/","og_locale":"es_ES","og_type":"article","og_title":"El turismo MICE en Mallorca se consolida: el Palau de Congressos recibir\u00e1 6.000 asistentes hasta final de a\u00f1o","og_description":"Espa\u00f1a. El turismo MICE se est\u00e1 terminando por consolidar en Palma (Mallorca), para alivio de los hoteleros de la ciudad. Y es que los congresos,&hellip;","og_url":"https:\/\/realidadturistica.com\/realtur\/el-turismo-mice-en-mallorca-se-consolida-el-palau-de-congressos-recibira-6-000-asistentes-hasta-final-de-ano\/","og_site_name":"Realidad Tur\u00edstica","article_publisher":"https:\/\/www.facebook.com\/realidadturistica","article_published_time":"2024-09-17T02:14:37+00:00","article_modified_time":"2024-09-17T02:14:40+00:00","og_image":[{"width":732,"height":400,"url":"https:\/\/realidadturistica.com\/realtur\/wp-content\/uploads\/2024\/09\/El-turismo-MICE.jpg","type":"image\/jpeg"}],"author":"Editor","twitter_card":"summary_large_image","twitter_misc":{"Escrito por":"Editor","Tiempo de lectura":"2 minutos"},"schema":{"@context":"https:\/\/schema.org","@graph":[{"@type":"Article","@id":"https:\/\/realidadturistica.com\/realtur\/el-turismo-mice-en-mallorca-se-consolida-el-palau-de-congressos-recibira-6-000-asistentes-hasta-final-de-ano\/#article","isPartOf":{"@id":"https:\/\/realidadturistica.com\/realtur\/el-turismo-mice-en-mallorca-se-consolida-el-palau-de-congressos-recibira-6-000-asistentes-hasta-final-de-ano\/"},"author":{"name":"Editor","@id":"https:\/\/realidadturistica.com\/realtur\/#\/schema\/person\/ade671191202490fcf08ab21590de73e"},"headline":"El turismo MICE en Mallorca se consolida: el Palau de Congressos recibir\u00e1 6.000 asistentes hasta final de a\u00f1o","datePublished":"2024-09-17T02:14:37+00:00","dateModified":"2024-09-17T02:14:40+00:00","mainEntityOfPage":{"@id":"https:\/\/realidadturistica.com\/realtur\/el-turismo-mice-en-mallorca-se-consolida-el-palau-de-congressos-recibira-6-000-asistentes-hasta-final-de-ano\/"},"wordCount":286,"commentCount":0,"publisher":{"@id":"https:\/\/realidadturistica.com\/realtur\/#organization"},"image":{"@id":"https:\/\/realidadturistica.com\/realtur\/el-turismo-mice-en-mallorca-se-consolida-el-palau-de-congressos-recibira-6-000-asistentes-hasta-final-de-ano\/#primaryimage"},"thumbnailUrl":"https:\/\/realidadturistica.com\/realtur\/wp-content\/uploads\/2024\/09\/El-turismo-MICE.jpg","articleSection":["MICE"],"inLanguage":"es","potentialAction":[{"@type":"CommentAction","name":"Comment","target":["https:\/\/realidadturistica.com\/realtur\/el-turismo-mice-en-mallorca-se-consolida-el-palau-de-congressos-recibira-6-000-asistentes-hasta-final-de-ano\/#respond"]}]},{"@type":"WebPage","@id":"https:\/\/realidadturistica.com\/realtur\/el-turismo-mice-en-mallorca-se-consolida-el-palau-de-congressos-recibira-6-000-asistentes-hasta-final-de-ano\/","url":"https:\/\/realidadturistica.com\/realtur\/el-turismo-mice-en-mallorca-se-consolida-el-palau-de-congressos-recibira-6-000-asistentes-hasta-final-de-ano\/","name":"El turismo MICE en Mallorca se consolida: el Palau de Congressos recibir\u00e1 6.000 asistentes hasta final de a\u00f1o - Realidad Tur\u00edstica","isPartOf":{"@id":"https:\/\/realidadturistica.com\/realtur\/#website"},"primaryImageOfPage":{"@id":"https:\/\/realidadturistica.com\/realtur\/el-turismo-mice-en-mallorca-se-consolida-el-palau-de-congressos-recibira-6-000-asistentes-hasta-final-de-ano\/#primaryimage"},"image":{"@id":"https:\/\/realidadturistica.com\/realtur\/el-turismo-mice-en-mallorca-se-consolida-el-palau-de-congressos-recibira-6-000-asistentes-hasta-final-de-ano\/#primaryimage"},"thumbnailUrl":"https:\/\/realidadturistica.com\/realtur\/wp-content\/uploads\/2024\/09\/El-turismo-MICE.jpg","datePublished":"2024-09-17T02:14:37+00:00","dateModified":"2024-09-17T02:14:40+00:00","breadcrumb":{"@id":"https:\/\/realidadturistica.com\/realtur\/el-turismo-mice-en-mallorca-se-consolida-el-palau-de-congressos-recibira-6-000-asistentes-hasta-final-de-ano\/#breadcrumb"},"inLanguage":"es","potentialAction":[{"@type":"ReadAction","target":["https:\/\/realidadturistica.com\/realtur\/el-turismo-mice-en-mallorca-se-consolida-el-palau-de-congressos-recibira-6-000-asistentes-hasta-final-de-ano\/"]}]},{"@type":"ImageObject","inLanguage":"es","@id":"https:\/\/realidadturistica.com\/realtur\/el-turismo-mice-en-mallorca-se-consolida-el-palau-de-congressos-recibira-6-000-asistentes-hasta-final-de-ano\/#primaryimage","url":"https:\/\/realidadturistica.com\/realtur\/wp-content\/uploads\/2024\/09\/El-turismo-MICE.jpg","contentUrl":"https:\/\/realidadturistica.com\/realtur\/wp-content\/uploads\/2024\/09\/El-turismo-MICE.jpg","width":732,"height":400},{"@type":"BreadcrumbList","@id":"https:\/\/realidadturistica.com\/realtur\/el-turismo-mice-en-mallorca-se-consolida-el-palau-de-congressos-recibira-6-000-asistentes-hasta-final-de-ano\/#breadcrumb","itemListElement":[{"@type":"ListItem","position":1,"name":"Portada","item":"https:\/\/realidadturistica.com\/realtur\/"},{"@type":"ListItem","position":2,"name":"El turismo MICE en Mallorca se consolida: el Palau de Congressos recibir\u00e1 6.000 asistentes hasta final de a\u00f1o"}]},{"@type":"WebSite","@id":"https:\/\/realidadturistica.com\/realtur\/#website","url":"https:\/\/realidadturistica.com\/realtur\/","name":"Realidad Tur\u00edstica","description":"","publisher":{"@id":"https:\/\/realidadturistica.com\/realtur\/#organization"},"potentialAction":[{"@type":"SearchAction","target":{"@type":"EntryPoint","urlTemplate":"https:\/\/realidadturistica.com\/realtur\/?s={search_term_string}"},"query-input":{"@type":"PropertyValueSpecification","valueRequired":true,"valueName":"search_term_string"}}],"inLanguage":"es"},{"@type":"Organization","@id":"https:\/\/realidadturistica.com\/realtur\/#organization","name":"Realidad Tur\u00edstica","url":"https:\/\/realidadturistica.com\/realtur\/","logo":{"@type":"ImageObject","inLanguage":"es","@id":"https:\/\/realidadturistica.com\/realtur\/#\/schema\/logo\/image\/","url":"https:\/\/realidadturistica.com\/realtur\/wp-content\/uploads\/2021\/12\/logotipo-realidad-turistica.png","contentUrl":"https:\/\/realidadturistica.com\/realtur\/wp-content\/uploads\/2021\/12\/logotipo-realidad-turistica.png","width":1382,"height":629,"caption":"Realidad Tur\u00edstica"},"image":{"@id":"https:\/\/realidadturistica.com\/realtur\/#\/schema\/logo\/image\/"},"sameAs":["https:\/\/www.facebook.com\/realidadturistica","https:\/\/www.instagram.com\/realidad_turistica\/"]},{"@type":"Person","@id":"https:\/\/realidadturistica.com\/realtur\/#\/schema\/person\/ade671191202490fcf08ab21590de73e","name":"Editor","image":{"@type":"ImageObject","inLanguage":"es","@id":"https:\/\/realidadturistica.com\/realtur\/wp-content\/uploads\/2023\/09\/Editor_avatar_1693668634-96x96.png","url":"https:\/\/realidadturistica.com\/realtur\/wp-content\/uploads\/2023\/09\/Editor_avatar_1693668634-96x96.png","contentUrl":"https:\/\/realidadturistica.com\/realtur\/wp-content\/uploads\/2023\/09\/Editor_avatar_1693668634-96x96.png","caption":"Editor"},"sameAs":["https:\/\/realidadturistica.com\/realtur"],"url":"https:\/\/realidadturistica.com\/realtur\/author\/editor2\/"}]}},"_links":{"self":[{"href":"https:\/\/realidadturistica.com\/realtur\/wp-json\/wp\/v2\/posts\/8050","targetHints":{"allow":["GET"]}}],"collection":[{"href":"https:\/\/realidadturistica.com\/realtur\/wp-json\/wp\/v2\/posts"}],"about":[{"href":"https:\/\/realidadturistica.com\/realtur\/wp-json\/wp\/v2\/types\/post"}],"author":[{"embeddable":true,"href":"https:\/\/realidadturistica.com\/realtur\/wp-json\/wp\/v2\/users\/2"}],"replies":[{"embeddable":true,"href":"https:\/\/realidadturistica.com\/realtur\/wp-json\/wp\/v2\/comments?post=8050"}],"version-history":[{"count":1,"href":"https:\/\/realidadturistica.com\/realtur\/wp-json\/wp\/v2\/posts\/8050\/revisions"}],"predecessor-version":[{"id":8052,"href":"https:\/\/realidadturistica.com\/realtur\/wp-json\/wp\/v2\/posts\/8050\/revisions\/8052"}],"wp:featuredmedia":[{"embeddable":true,"href":"https:\/\/realidadturistica.com\/realtur\/wp-json\/wp\/v2\/media\/8051"}],"wp:attachment":[{"href":"https:\/\/realidadturistica.com\/realtur\/wp-json\/wp\/v2\/media?parent=8050"}],"wp:term":[{"taxonomy":"category","embeddable":true,"href":"https:\/\/realidadturistica.com\/realtur\/wp-json\/wp\/v2\/categories?post=8050"},{"taxonomy":"post_tag","embeddable":true,"href":"https:\/\/realidadturistica.com\/realtur\/wp-json\/wp\/v2\/tags?post=8050"}],"curies":[{"name":"wp","href":"https:\/\/api.w.org\/{rel}","templated":true}]}}