{"id":8086,"date":"2024-09-18T12:21:03","date_gmt":"2024-09-18T12:21:03","guid":{"rendered":"https:\/\/realidadturistica.com\/realtur\/?p=8086"},"modified":"2024-09-18T12:24:25","modified_gmt":"2024-09-18T12:24:25","slug":"melia-anuncia-dos-nuevas-aperturas-en-buenos-aires-y-da-un-nuevo-impulso-a-su-expansion-en-argentina","status":"publish","type":"post","link":"https:\/\/realidadturistica.com\/realtur\/melia-anuncia-dos-nuevas-aperturas-en-buenos-aires-y-da-un-nuevo-impulso-a-su-expansion-en-argentina\/","title":{"rendered":"Meli\u00e1 anuncia dos nuevas aperturas en Buenos Aires y da un nuevo impulso a su expansi\u00f3n en Argentina"},"content":{"rendered":"\n<p class=\"wp-block-yoast-seo-estimated-reading-time yoast-reading-time__wrapper\"><span class=\"yoast-reading-time__icon\"><svg aria-hidden=\"true\" focusable=\"false\" data-icon=\"clock\" width=\"20\" height=\"20\" fill=\"none\" stroke=\"currentColor\" style=\"display:inline-block;vertical-align:-0.1em\" role=\"img\" xmlns=\"http:\/\/www.w3.org\/2000\/svg\" viewBox=\"0 0 24 24\"><path stroke-linecap=\"round\" stroke-linejoin=\"round\" stroke-width=\"2\" d=\"M12 8v4l3 3m6-3a9 9 0 11-18 0 9 9 0 0118 0z\"><\/path><\/svg><\/span><span class=\"yoast-reading-time__spacer\" style=\"display:inline-block;width:1em\"><\/span><span class=\"yoast-reading-time__descriptive-text\">Estimated reading time: <\/span><span class=\"yoast-reading-time__reading-time\">5<\/span><span class=\"yoast-reading-time__time-unit\"> minutos<\/span><\/p>\n\n\n\n<p>Los establecimientos Almarena Puerto Retiro y Almarena Madero Urbano celebrar\u00e1n su apertura el pr\u00f3ximo 1 de noviembre bajo la marca Affiliated by Meli\u00e1<\/p>\n\n\n\n<p>La compa\u00f1\u00eda contar\u00e1 con 3 establecimientos en la capital argentina y uno m\u00e1s en Iguaz\u00fa<\/p>\n\n\n\n<p>Palma de Mallorca, 18 de septiembre de 2024. Meli\u00e1 Hotels International contin\u00faa avanzando en sus objetivos de crecimiento, ampliando su presencia internacional y reforzando, en esta ocasi\u00f3n, su oferta en Argentina. La hotelera anuncia la incorporaci\u00f3n de dos establecimientos a su portfolio, el Almarena Puerto Retiro y el Almarena Madero Urbano, que abrir\u00e1n el 1 de noviembre bajo la marca Affiliated by Meli\u00e1. Ambas incorporaciones son fruto de un nuevo acuerdo de colaboraci\u00f3n con el Grupo Almarena y sientan las bases de una futura expansi\u00f3n de Meli\u00e1 en el pa\u00eds.<\/p>\n\n\n\n<p>Estos dos establecimientos, que operar\u00e1n bajo la marca Affiliated by Meli\u00e1, est\u00e1n ubicados en los modernos barrios de Puerto Madero y Retiro en Buenos Aires, famoso por su desarrollo arquitect\u00f3nico de vanguardia. La zona, que en su d\u00eda fue un puerto industrial, cuenta hoy en d\u00eda con elegantes \u00e1reas residenciales, restaurantes y tiendas de moda a lo largo de sus muelles y un animado ambiente; un punto de partida ideal para descubrir una de las ciudades m\u00e1s vibrantes de Latinoam\u00e9rica.<\/p>\n\n\n\n<p>Almarena Puerto Retiro, Affiliated by Meli\u00e1 se encuentra en el Distrito Quartier Puerto Retiro, con vistas abiertas al puerto y al r\u00edo de La Plata. El establecimiento, inaugurado en 2023, ofrece 73 apartamentos completamente equipados y con extraordinarias vistas, adem\u00e1s de un completo espacio de spa y bienestar que hacen del establecimiento un aut\u00e9ntico oasis urbano. Tiene piscina exterior, sala de pilates y un circuito de spa con saunas, piscina climatizada y cabinas de tratamientos. Este ofrece tambi\u00e9n diferentes espacios para encuentros de trabajo, conferencias o eventos sociales, incluyendo un vers\u00e1til sal\u00f3n de usos m\u00faltiples, varias salas de reuniones y un auditorio.<\/p>\n\n\n\n<p>Por otro lado, Almarena Madero Urbano, Affiliated by Meli\u00e1, se encuentra rodeado de los lugares de inter\u00e9s m\u00e1s atractivos de Puerto Madero. Cuenta con 78 apartamentos con cocina integrada, que combinan un dise\u00f1o relajado y moderno. Tambi\u00e9n ofrece una gran piscina, dos jacuzzis, saunas y un amplio y completo gimnasio, as\u00ed como dos espaciosas salas de reuniones y un peque\u00f1o auditorio.<\/p>\n\n\n\n<p>Meli\u00e1 cuenta ya con dos hoteles emblem\u00e1ticos en el pa\u00eds: el ic\u00f3nico Gran Meli\u00e1 Iguaz\u00fa (elegido Mejor Hotel de Argentina en 2023 por los World Travel Awards), frente a las cataratas de Iguaz\u00fa, y el Meli\u00e1 Recoleta Plaza, un hotel boutique en el barrio de La Recoleta, en Buenos Aires.<\/p>\n\n\n\n<figure class=\"wp-block-image size-full\"><img fetchpriority=\"high\" decoding=\"async\" width=\"800\" height=\"534\" src=\"https:\/\/realidadturistica.com\/realtur\/wp-content\/uploads\/2024\/09\/eyJwYXRoIjoibWVsaWFcL2ZpbGVcL0FTVHpZTTd0dkhDUDhtdHd1NGprLmpwZyJ9_melia_Nk7SWiCnW6ZJIcxG98Z7OkZ2tdWdtVmSuyBdriq4DPE.jpg\" alt=\"\" class=\"wp-image-8091\" srcset=\"https:\/\/realidadturistica.com\/realtur\/wp-content\/uploads\/2024\/09\/eyJwYXRoIjoibWVsaWFcL2ZpbGVcL0FTVHpZTTd0dkhDUDhtdHd1NGprLmpwZyJ9_melia_Nk7SWiCnW6ZJIcxG98Z7OkZ2tdWdtVmSuyBdriq4DPE.jpg 800w, https:\/\/realidadturistica.com\/realtur\/wp-content\/uploads\/2024\/09\/eyJwYXRoIjoibWVsaWFcL2ZpbGVcL0FTVHpZTTd0dkhDUDhtdHd1NGprLmpwZyJ9_melia_Nk7SWiCnW6ZJIcxG98Z7OkZ2tdWdtVmSuyBdriq4DPE-300x200.jpg 300w, https:\/\/realidadturistica.com\/realtur\/wp-content\/uploads\/2024\/09\/eyJwYXRoIjoibWVsaWFcL2ZpbGVcL0FTVHpZTTd0dkhDUDhtdHd1NGprLmpwZyJ9_melia_Nk7SWiCnW6ZJIcxG98Z7OkZ2tdWdtVmSuyBdriq4DPE-768x513.jpg 768w, https:\/\/realidadturistica.com\/realtur\/wp-content\/uploads\/2024\/09\/eyJwYXRoIjoibWVsaWFcL2ZpbGVcL0FTVHpZTTd0dkhDUDhtdHd1NGprLmpwZyJ9_melia_Nk7SWiCnW6ZJIcxG98Z7OkZ2tdWdtVmSuyBdriq4DPE-585x390.jpg 585w, https:\/\/realidadturistica.com\/realtur\/wp-content\/uploads\/2024\/09\/eyJwYXRoIjoibWVsaWFcL2ZpbGVcL0FTVHpZTTd0dkhDUDhtdHd1NGprLmpwZyJ9_melia_Nk7SWiCnW6ZJIcxG98Z7OkZ2tdWdtVmSuyBdriq4DPE-263x175.jpg 263w\" sizes=\"(max-width: 800px) 100vw, 800px\" \/><\/figure>\n\n\n\n<p>Con el reciente acuerdo con el Grupo Almarena, gestor de los dos establecimientos que pronto se incorporar\u00e1n a su cartera, Meli\u00e1 quiere impulsar una nueva etapa de expansi\u00f3n en el pa\u00eds, especialmente en el segmento premium y luxury. Para ello, fijar\u00e1 un nuevo plan de expansi\u00f3n con especial foco en destinos como Bariloche, Calafate, Ushuaia, Mendoza y Salta.<\/p>\n\n\n\n<p>Para Gabriel Escarrer, Presidente y Consejero Delegado de Meli\u00e1 Hotels International, \u201cesta alianza no solo es un paso significativo para consolidar nuestra presencia en el mercado argentino, sino que tambi\u00e9n demuestra la confianza de grupos y partners locales hacia nosotros para mejorar su capacidad de distribuci\u00f3n y beneficiarse de nuestras reconocidas marcas, nuestro liderazgo y nuestro programa de fidelidad, entre otros valiosos recursos\u201d.<\/p>\n\n\n\n<p>Almarena es una empresa argentina que se encuentra este a\u00f1o festejando sus 10 a\u00f1os de vida en plena expansi\u00f3n. Desde 2014 se viene consolidando como uno de los principales actores emergentes a nivel nacional en la industria de la Hospitalidad, la gastronom\u00eda y el desarrollo inmobiliario. Naci\u00f3 con Almarena Apart y Hotel Boutique, un complejo de playa en Costa del Este, en la costa argentina, y luego sum\u00f3 alternativas de alojamiento en la capital del pa\u00eds, logrando as\u00ed cubrir tambi\u00e9n el mercado de viajeros internacionales.<\/p>\n\n\n\n<p>Para Juan Ignacio Politi, Presidente de Almarena, \u201cser parte de la familia Meli\u00e1 es un orgullo y representa un verdadero hito en la vida de la empresa. Confiamos que trabajar en conjunto nos ayudar\u00e1 a seguir creciendo en Argentina, sumando excelencia a nuestro servicio y creando nuevas oportunidades para el sector del turismo.\u201d<\/p>\n\n\n\n<p>Acerca de Meli\u00e1 Hotels International: Fundada en 1956 en Palma de Mallorca (Espa\u00f1a), Meli\u00e1 Hotels International cuenta con m\u00e1s de 400 hoteles abiertos o en proceso de apertura, en m\u00e1s de 40 pa\u00edses, y un portfolio de nueve marcas: Gran Meli\u00e1 Hotels &amp; Resorts, ME by Meli\u00e1, The Meli\u00e1 Collection, Paradisus by Meli\u00e1, Meli\u00e1 Hotels &amp; Resorts, ZEL, INNSiDE by Meli\u00e1, Sol by Meli\u00e1 y Affiliated by Meli\u00e1. La Compa\u00f1\u00eda es una de las hoteleras l\u00edderes mundiales en el segmento de hoteles vacacionales y su experiencia en este \u00e1mbito le ha permitido consolidarse en el creciente mercado de hoteles urbanos inspirados en el ocio. Su compromiso con el turismo responsable le ha hecho ser reconocida como la hotelera de origen europeo m\u00e1s sostenible del mundo (elegida como \u201cSustainability Yearbook Member\u201d en 2024 por S&amp;P Global), adem\u00e1s de ser marca \u201cTop Employer 2024\u201d en Espa\u00f1a, Rep\u00fablica Dominicana, M\u00e9xico, Italia, Alemania, Francia y Vietnam. Para m\u00e1s informaci\u00f3n, visite www.meliahotelsinternational.com<\/p>\n","protected":false},"excerpt":{"rendered":"<p>Los establecimientos Almarena Puerto Retiro y Almarena Madero Urbano celebrar\u00e1n su apertura el pr\u00f3ximo 1 de noviembre bajo la marca Affiliated by Meli\u00e1 La compa\u00f1\u00eda&hellip;<\/p>\n","protected":false},"author":2,"featured_media":8090,"comment_status":"open","ping_status":"closed","sticky":false,"template":"","format":"standard","meta":{"content-type":"","_lmt_disableupdate":"","_lmt_disable":"","footnotes":""},"categories":[6],"tags":[],"class_list":["post-8086","post","type-post","status-publish","format-standard","has-post-thumbnail","hentry","category-turismo"],"yoast_head":"<!-- This site is optimized with the Yoast SEO Premium plugin v27.4 (Yoast SEO v27.5) - https:\/\/yoast.com\/product\/yoast-seo-premium-wordpress\/ -->\n<title>Meli\u00e1 anuncia dos nuevas aperturas en Buenos Aires y da un nuevo impulso a su expansi\u00f3n en Argentina - Realidad Tur\u00edstica<\/title>\n<meta name=\"robots\" content=\"index, follow, max-snippet:-1, max-image-preview:large, max-video-preview:-1\" \/>\n<link rel=\"canonical\" href=\"https:\/\/realidadturistica.com\/realtur\/melia-anuncia-dos-nuevas-aperturas-en-buenos-aires-y-da-un-nuevo-impulso-a-su-expansion-en-argentina\/\" \/>\n<meta property=\"og:locale\" content=\"es_ES\" \/>\n<meta property=\"og:type\" content=\"article\" \/>\n<meta property=\"og:title\" content=\"Meli\u00e1 anuncia dos nuevas aperturas en Buenos Aires y da un nuevo impulso a su expansi\u00f3n en Argentina\" \/>\n<meta property=\"og:description\" content=\"Los establecimientos Almarena Puerto Retiro y Almarena Madero Urbano celebrar\u00e1n su apertura el pr\u00f3ximo 1 de noviembre bajo la marca Affiliated by Meli\u00e1 La compa\u00f1\u00eda&hellip;\" \/>\n<meta property=\"og:url\" content=\"https:\/\/realidadturistica.com\/realtur\/melia-anuncia-dos-nuevas-aperturas-en-buenos-aires-y-da-un-nuevo-impulso-a-su-expansion-en-argentina\/\" \/>\n<meta property=\"og:site_name\" content=\"Realidad Tur\u00edstica\" \/>\n<meta property=\"article:publisher\" content=\"https:\/\/www.facebook.com\/realidadturistica\" \/>\n<meta property=\"article:published_time\" content=\"2024-09-18T12:21:03+00:00\" \/>\n<meta property=\"article:modified_time\" content=\"2024-09-18T12:24:25+00:00\" \/>\n<meta property=\"og:image\" content=\"https:\/\/realidadturistica.com\/realtur\/wp-content\/uploads\/2024\/09\/eyJwYXRoIjoibWVsaWFcL2ZpbGVcLzRnaTNEckt4cHFpWVFNOTJjNXNoLmpwZyJ9_melia_loOCdYgotBFuXFdQtbPiZ9WMgQ0P1Kk4Tikl5hZjBac.jpg\" \/>\n\t<meta property=\"og:image:width\" content=\"800\" \/>\n\t<meta property=\"og:image:height\" content=\"418\" \/>\n\t<meta property=\"og:image:type\" content=\"image\/jpeg\" \/>\n<meta name=\"author\" content=\"Editor\" \/>\n<meta name=\"twitter:card\" content=\"summary_large_image\" \/>\n<meta name=\"twitter:label1\" content=\"Escrito por\" \/>\n\t<meta name=\"twitter:data1\" content=\"Editor\" \/>\n\t<meta name=\"twitter:label2\" content=\"Tiempo de lectura\" \/>\n\t<meta name=\"twitter:data2\" content=\"5 minutos\" \/>\n<script type=\"application\/ld+json\" class=\"yoast-schema-graph\">{\"@context\":\"https:\\\/\\\/schema.org\",\"@graph\":[{\"@type\":\"Article\",\"@id\":\"https:\\\/\\\/realidadturistica.com\\\/realtur\\\/melia-anuncia-dos-nuevas-aperturas-en-buenos-aires-y-da-un-nuevo-impulso-a-su-expansion-en-argentina\\\/#article\",\"isPartOf\":{\"@id\":\"https:\\\/\\\/realidadturistica.com\\\/realtur\\\/melia-anuncia-dos-nuevas-aperturas-en-buenos-aires-y-da-un-nuevo-impulso-a-su-expansion-en-argentina\\\/\"},\"author\":{\"name\":\"Editor\",\"@id\":\"https:\\\/\\\/realidadturistica.com\\\/realtur\\\/#\\\/schema\\\/person\\\/ade671191202490fcf08ab21590de73e\"},\"headline\":\"Meli\u00e1 anuncia dos nuevas aperturas en Buenos Aires y da un nuevo impulso a su expansi\u00f3n en Argentina\",\"datePublished\":\"2024-09-18T12:21:03+00:00\",\"dateModified\":\"2024-09-18T12:24:25+00:00\",\"mainEntityOfPage\":{\"@id\":\"https:\\\/\\\/realidadturistica.com\\\/realtur\\\/melia-anuncia-dos-nuevas-aperturas-en-buenos-aires-y-da-un-nuevo-impulso-a-su-expansion-en-argentina\\\/\"},\"wordCount\":906,\"commentCount\":0,\"publisher\":{\"@id\":\"https:\\\/\\\/realidadturistica.com\\\/realtur\\\/#organization\"},\"image\":{\"@id\":\"https:\\\/\\\/realidadturistica.com\\\/realtur\\\/melia-anuncia-dos-nuevas-aperturas-en-buenos-aires-y-da-un-nuevo-impulso-a-su-expansion-en-argentina\\\/#primaryimage\"},\"thumbnailUrl\":\"https:\\\/\\\/realidadturistica.com\\\/realtur\\\/wp-content\\\/uploads\\\/2024\\\/09\\\/eyJwYXRoIjoibWVsaWFcL2ZpbGVcLzRnaTNEckt4cHFpWVFNOTJjNXNoLmpwZyJ9_melia_loOCdYgotBFuXFdQtbPiZ9WMgQ0P1Kk4Tikl5hZjBac.jpg\",\"articleSection\":[\"Turismo\"],\"inLanguage\":\"es\",\"potentialAction\":[{\"@type\":\"CommentAction\",\"name\":\"Comment\",\"target\":[\"https:\\\/\\\/realidadturistica.com\\\/realtur\\\/melia-anuncia-dos-nuevas-aperturas-en-buenos-aires-y-da-un-nuevo-impulso-a-su-expansion-en-argentina\\\/#respond\"]}]},{\"@type\":\"WebPage\",\"@id\":\"https:\\\/\\\/realidadturistica.com\\\/realtur\\\/melia-anuncia-dos-nuevas-aperturas-en-buenos-aires-y-da-un-nuevo-impulso-a-su-expansion-en-argentina\\\/\",\"url\":\"https:\\\/\\\/realidadturistica.com\\\/realtur\\\/melia-anuncia-dos-nuevas-aperturas-en-buenos-aires-y-da-un-nuevo-impulso-a-su-expansion-en-argentina\\\/\",\"name\":\"Meli\u00e1 anuncia dos nuevas aperturas en Buenos Aires y da un nuevo impulso a su expansi\u00f3n en Argentina - Realidad Tur\u00edstica\",\"isPartOf\":{\"@id\":\"https:\\\/\\\/realidadturistica.com\\\/realtur\\\/#website\"},\"primaryImageOfPage\":{\"@id\":\"https:\\\/\\\/realidadturistica.com\\\/realtur\\\/melia-anuncia-dos-nuevas-aperturas-en-buenos-aires-y-da-un-nuevo-impulso-a-su-expansion-en-argentina\\\/#primaryimage\"},\"image\":{\"@id\":\"https:\\\/\\\/realidadturistica.com\\\/realtur\\\/melia-anuncia-dos-nuevas-aperturas-en-buenos-aires-y-da-un-nuevo-impulso-a-su-expansion-en-argentina\\\/#primaryimage\"},\"thumbnailUrl\":\"https:\\\/\\\/realidadturistica.com\\\/realtur\\\/wp-content\\\/uploads\\\/2024\\\/09\\\/eyJwYXRoIjoibWVsaWFcL2ZpbGVcLzRnaTNEckt4cHFpWVFNOTJjNXNoLmpwZyJ9_melia_loOCdYgotBFuXFdQtbPiZ9WMgQ0P1Kk4Tikl5hZjBac.jpg\",\"datePublished\":\"2024-09-18T12:21:03+00:00\",\"dateModified\":\"2024-09-18T12:24:25+00:00\",\"breadcrumb\":{\"@id\":\"https:\\\/\\\/realidadturistica.com\\\/realtur\\\/melia-anuncia-dos-nuevas-aperturas-en-buenos-aires-y-da-un-nuevo-impulso-a-su-expansion-en-argentina\\\/#breadcrumb\"},\"inLanguage\":\"es\",\"potentialAction\":[{\"@type\":\"ReadAction\",\"target\":[\"https:\\\/\\\/realidadturistica.com\\\/realtur\\\/melia-anuncia-dos-nuevas-aperturas-en-buenos-aires-y-da-un-nuevo-impulso-a-su-expansion-en-argentina\\\/\"]}]},{\"@type\":\"ImageObject\",\"inLanguage\":\"es\",\"@id\":\"https:\\\/\\\/realidadturistica.com\\\/realtur\\\/melia-anuncia-dos-nuevas-aperturas-en-buenos-aires-y-da-un-nuevo-impulso-a-su-expansion-en-argentina\\\/#primaryimage\",\"url\":\"https:\\\/\\\/realidadturistica.com\\\/realtur\\\/wp-content\\\/uploads\\\/2024\\\/09\\\/eyJwYXRoIjoibWVsaWFcL2ZpbGVcLzRnaTNEckt4cHFpWVFNOTJjNXNoLmpwZyJ9_melia_loOCdYgotBFuXFdQtbPiZ9WMgQ0P1Kk4Tikl5hZjBac.jpg\",\"contentUrl\":\"https:\\\/\\\/realidadturistica.com\\\/realtur\\\/wp-content\\\/uploads\\\/2024\\\/09\\\/eyJwYXRoIjoibWVsaWFcL2ZpbGVcLzRnaTNEckt4cHFpWVFNOTJjNXNoLmpwZyJ9_melia_loOCdYgotBFuXFdQtbPiZ9WMgQ0P1Kk4Tikl5hZjBac.jpg\",\"width\":800,\"height\":418},{\"@type\":\"BreadcrumbList\",\"@id\":\"https:\\\/\\\/realidadturistica.com\\\/realtur\\\/melia-anuncia-dos-nuevas-aperturas-en-buenos-aires-y-da-un-nuevo-impulso-a-su-expansion-en-argentina\\\/#breadcrumb\",\"itemListElement\":[{\"@type\":\"ListItem\",\"position\":1,\"name\":\"Portada\",\"item\":\"https:\\\/\\\/realidadturistica.com\\\/realtur\\\/\"},{\"@type\":\"ListItem\",\"position\":2,\"name\":\"Meli\u00e1 anuncia dos nuevas aperturas en Buenos Aires y da un nuevo impulso a su expansi\u00f3n en Argentina\"}]},{\"@type\":\"WebSite\",\"@id\":\"https:\\\/\\\/realidadturistica.com\\\/realtur\\\/#website\",\"url\":\"https:\\\/\\\/realidadturistica.com\\\/realtur\\\/\",\"name\":\"Realidad Tur\u00edstica\",\"description\":\"\",\"publisher\":{\"@id\":\"https:\\\/\\\/realidadturistica.com\\\/realtur\\\/#organization\"},\"potentialAction\":[{\"@type\":\"SearchAction\",\"target\":{\"@type\":\"EntryPoint\",\"urlTemplate\":\"https:\\\/\\\/realidadturistica.com\\\/realtur\\\/?s={search_term_string}\"},\"query-input\":{\"@type\":\"PropertyValueSpecification\",\"valueRequired\":true,\"valueName\":\"search_term_string\"}}],\"inLanguage\":\"es\"},{\"@type\":\"Organization\",\"@id\":\"https:\\\/\\\/realidadturistica.com\\\/realtur\\\/#organization\",\"name\":\"Realidad Tur\u00edstica\",\"url\":\"https:\\\/\\\/realidadturistica.com\\\/realtur\\\/\",\"logo\":{\"@type\":\"ImageObject\",\"inLanguage\":\"es\",\"@id\":\"https:\\\/\\\/realidadturistica.com\\\/realtur\\\/#\\\/schema\\\/logo\\\/image\\\/\",\"url\":\"https:\\\/\\\/realidadturistica.com\\\/realtur\\\/wp-content\\\/uploads\\\/2021\\\/12\\\/logotipo-realidad-turistica.png\",\"contentUrl\":\"https:\\\/\\\/realidadturistica.com\\\/realtur\\\/wp-content\\\/uploads\\\/2021\\\/12\\\/logotipo-realidad-turistica.png\",\"width\":1382,\"height\":629,\"caption\":\"Realidad Tur\u00edstica\"},\"image\":{\"@id\":\"https:\\\/\\\/realidadturistica.com\\\/realtur\\\/#\\\/schema\\\/logo\\\/image\\\/\"},\"sameAs\":[\"https:\\\/\\\/www.facebook.com\\\/realidadturistica\",\"https:\\\/\\\/www.instagram.com\\\/realidad_turistica\\\/\"]},{\"@type\":\"Person\",\"@id\":\"https:\\\/\\\/realidadturistica.com\\\/realtur\\\/#\\\/schema\\\/person\\\/ade671191202490fcf08ab21590de73e\",\"name\":\"Editor\",\"image\":{\"@type\":\"ImageObject\",\"inLanguage\":\"es\",\"@id\":\"https:\\\/\\\/realidadturistica.com\\\/realtur\\\/wp-content\\\/uploads\\\/2023\\\/09\\\/Editor_avatar_1693668634-96x96.png\",\"url\":\"https:\\\/\\\/realidadturistica.com\\\/realtur\\\/wp-content\\\/uploads\\\/2023\\\/09\\\/Editor_avatar_1693668634-96x96.png\",\"contentUrl\":\"https:\\\/\\\/realidadturistica.com\\\/realtur\\\/wp-content\\\/uploads\\\/2023\\\/09\\\/Editor_avatar_1693668634-96x96.png\",\"caption\":\"Editor\"},\"sameAs\":[\"https:\\\/\\\/realidadturistica.com\\\/realtur\"],\"url\":\"https:\\\/\\\/realidadturistica.com\\\/realtur\\\/author\\\/editor2\\\/\"}]}<\/script>\n<!-- \/ Yoast SEO Premium plugin. -->","yoast_head_json":{"title":"Meli\u00e1 anuncia dos nuevas aperturas en Buenos Aires y da un nuevo impulso a su expansi\u00f3n en Argentina - Realidad Tur\u00edstica","robots":{"index":"index","follow":"follow","max-snippet":"max-snippet:-1","max-image-preview":"max-image-preview:large","max-video-preview":"max-video-preview:-1"},"canonical":"https:\/\/realidadturistica.com\/realtur\/melia-anuncia-dos-nuevas-aperturas-en-buenos-aires-y-da-un-nuevo-impulso-a-su-expansion-en-argentina\/","og_locale":"es_ES","og_type":"article","og_title":"Meli\u00e1 anuncia dos nuevas aperturas en Buenos Aires y da un nuevo impulso a su expansi\u00f3n en Argentina","og_description":"Los establecimientos Almarena Puerto Retiro y Almarena Madero Urbano celebrar\u00e1n su apertura el pr\u00f3ximo 1 de noviembre bajo la marca Affiliated by Meli\u00e1 La compa\u00f1\u00eda&hellip;","og_url":"https:\/\/realidadturistica.com\/realtur\/melia-anuncia-dos-nuevas-aperturas-en-buenos-aires-y-da-un-nuevo-impulso-a-su-expansion-en-argentina\/","og_site_name":"Realidad Tur\u00edstica","article_publisher":"https:\/\/www.facebook.com\/realidadturistica","article_published_time":"2024-09-18T12:21:03+00:00","article_modified_time":"2024-09-18T12:24:25+00:00","og_image":[{"width":800,"height":418,"url":"https:\/\/realidadturistica.com\/realtur\/wp-content\/uploads\/2024\/09\/eyJwYXRoIjoibWVsaWFcL2ZpbGVcLzRnaTNEckt4cHFpWVFNOTJjNXNoLmpwZyJ9_melia_loOCdYgotBFuXFdQtbPiZ9WMgQ0P1Kk4Tikl5hZjBac.jpg","type":"image\/jpeg"}],"author":"Editor","twitter_card":"summary_large_image","twitter_misc":{"Escrito por":"Editor","Tiempo de lectura":"5 minutos"},"schema":{"@context":"https:\/\/schema.org","@graph":[{"@type":"Article","@id":"https:\/\/realidadturistica.com\/realtur\/melia-anuncia-dos-nuevas-aperturas-en-buenos-aires-y-da-un-nuevo-impulso-a-su-expansion-en-argentina\/#article","isPartOf":{"@id":"https:\/\/realidadturistica.com\/realtur\/melia-anuncia-dos-nuevas-aperturas-en-buenos-aires-y-da-un-nuevo-impulso-a-su-expansion-en-argentina\/"},"author":{"name":"Editor","@id":"https:\/\/realidadturistica.com\/realtur\/#\/schema\/person\/ade671191202490fcf08ab21590de73e"},"headline":"Meli\u00e1 anuncia dos nuevas aperturas en Buenos Aires y da un nuevo impulso a su expansi\u00f3n en Argentina","datePublished":"2024-09-18T12:21:03+00:00","dateModified":"2024-09-18T12:24:25+00:00","mainEntityOfPage":{"@id":"https:\/\/realidadturistica.com\/realtur\/melia-anuncia-dos-nuevas-aperturas-en-buenos-aires-y-da-un-nuevo-impulso-a-su-expansion-en-argentina\/"},"wordCount":906,"commentCount":0,"publisher":{"@id":"https:\/\/realidadturistica.com\/realtur\/#organization"},"image":{"@id":"https:\/\/realidadturistica.com\/realtur\/melia-anuncia-dos-nuevas-aperturas-en-buenos-aires-y-da-un-nuevo-impulso-a-su-expansion-en-argentina\/#primaryimage"},"thumbnailUrl":"https:\/\/realidadturistica.com\/realtur\/wp-content\/uploads\/2024\/09\/eyJwYXRoIjoibWVsaWFcL2ZpbGVcLzRnaTNEckt4cHFpWVFNOTJjNXNoLmpwZyJ9_melia_loOCdYgotBFuXFdQtbPiZ9WMgQ0P1Kk4Tikl5hZjBac.jpg","articleSection":["Turismo"],"inLanguage":"es","potentialAction":[{"@type":"CommentAction","name":"Comment","target":["https:\/\/realidadturistica.com\/realtur\/melia-anuncia-dos-nuevas-aperturas-en-buenos-aires-y-da-un-nuevo-impulso-a-su-expansion-en-argentina\/#respond"]}]},{"@type":"WebPage","@id":"https:\/\/realidadturistica.com\/realtur\/melia-anuncia-dos-nuevas-aperturas-en-buenos-aires-y-da-un-nuevo-impulso-a-su-expansion-en-argentina\/","url":"https:\/\/realidadturistica.com\/realtur\/melia-anuncia-dos-nuevas-aperturas-en-buenos-aires-y-da-un-nuevo-impulso-a-su-expansion-en-argentina\/","name":"Meli\u00e1 anuncia dos nuevas aperturas en Buenos Aires y da un nuevo impulso a su expansi\u00f3n en Argentina - Realidad Tur\u00edstica","isPartOf":{"@id":"https:\/\/realidadturistica.com\/realtur\/#website"},"primaryImageOfPage":{"@id":"https:\/\/realidadturistica.com\/realtur\/melia-anuncia-dos-nuevas-aperturas-en-buenos-aires-y-da-un-nuevo-impulso-a-su-expansion-en-argentina\/#primaryimage"},"image":{"@id":"https:\/\/realidadturistica.com\/realtur\/melia-anuncia-dos-nuevas-aperturas-en-buenos-aires-y-da-un-nuevo-impulso-a-su-expansion-en-argentina\/#primaryimage"},"thumbnailUrl":"https:\/\/realidadturistica.com\/realtur\/wp-content\/uploads\/2024\/09\/eyJwYXRoIjoibWVsaWFcL2ZpbGVcLzRnaTNEckt4cHFpWVFNOTJjNXNoLmpwZyJ9_melia_loOCdYgotBFuXFdQtbPiZ9WMgQ0P1Kk4Tikl5hZjBac.jpg","datePublished":"2024-09-18T12:21:03+00:00","dateModified":"2024-09-18T12:24:25+00:00","breadcrumb":{"@id":"https:\/\/realidadturistica.com\/realtur\/melia-anuncia-dos-nuevas-aperturas-en-buenos-aires-y-da-un-nuevo-impulso-a-su-expansion-en-argentina\/#breadcrumb"},"inLanguage":"es","potentialAction":[{"@type":"ReadAction","target":["https:\/\/realidadturistica.com\/realtur\/melia-anuncia-dos-nuevas-aperturas-en-buenos-aires-y-da-un-nuevo-impulso-a-su-expansion-en-argentina\/"]}]},{"@type":"ImageObject","inLanguage":"es","@id":"https:\/\/realidadturistica.com\/realtur\/melia-anuncia-dos-nuevas-aperturas-en-buenos-aires-y-da-un-nuevo-impulso-a-su-expansion-en-argentina\/#primaryimage","url":"https:\/\/realidadturistica.com\/realtur\/wp-content\/uploads\/2024\/09\/eyJwYXRoIjoibWVsaWFcL2ZpbGVcLzRnaTNEckt4cHFpWVFNOTJjNXNoLmpwZyJ9_melia_loOCdYgotBFuXFdQtbPiZ9WMgQ0P1Kk4Tikl5hZjBac.jpg","contentUrl":"https:\/\/realidadturistica.com\/realtur\/wp-content\/uploads\/2024\/09\/eyJwYXRoIjoibWVsaWFcL2ZpbGVcLzRnaTNEckt4cHFpWVFNOTJjNXNoLmpwZyJ9_melia_loOCdYgotBFuXFdQtbPiZ9WMgQ0P1Kk4Tikl5hZjBac.jpg","width":800,"height":418},{"@type":"BreadcrumbList","@id":"https:\/\/realidadturistica.com\/realtur\/melia-anuncia-dos-nuevas-aperturas-en-buenos-aires-y-da-un-nuevo-impulso-a-su-expansion-en-argentina\/#breadcrumb","itemListElement":[{"@type":"ListItem","position":1,"name":"Portada","item":"https:\/\/realidadturistica.com\/realtur\/"},{"@type":"ListItem","position":2,"name":"Meli\u00e1 anuncia dos nuevas aperturas en Buenos Aires y da un nuevo impulso a su expansi\u00f3n en Argentina"}]},{"@type":"WebSite","@id":"https:\/\/realidadturistica.com\/realtur\/#website","url":"https:\/\/realidadturistica.com\/realtur\/","name":"Realidad Tur\u00edstica","description":"","publisher":{"@id":"https:\/\/realidadturistica.com\/realtur\/#organization"},"potentialAction":[{"@type":"SearchAction","target":{"@type":"EntryPoint","urlTemplate":"https:\/\/realidadturistica.com\/realtur\/?s={search_term_string}"},"query-input":{"@type":"PropertyValueSpecification","valueRequired":true,"valueName":"search_term_string"}}],"inLanguage":"es"},{"@type":"Organization","@id":"https:\/\/realidadturistica.com\/realtur\/#organization","name":"Realidad Tur\u00edstica","url":"https:\/\/realidadturistica.com\/realtur\/","logo":{"@type":"ImageObject","inLanguage":"es","@id":"https:\/\/realidadturistica.com\/realtur\/#\/schema\/logo\/image\/","url":"https:\/\/realidadturistica.com\/realtur\/wp-content\/uploads\/2021\/12\/logotipo-realidad-turistica.png","contentUrl":"https:\/\/realidadturistica.com\/realtur\/wp-content\/uploads\/2021\/12\/logotipo-realidad-turistica.png","width":1382,"height":629,"caption":"Realidad Tur\u00edstica"},"image":{"@id":"https:\/\/realidadturistica.com\/realtur\/#\/schema\/logo\/image\/"},"sameAs":["https:\/\/www.facebook.com\/realidadturistica","https:\/\/www.instagram.com\/realidad_turistica\/"]},{"@type":"Person","@id":"https:\/\/realidadturistica.com\/realtur\/#\/schema\/person\/ade671191202490fcf08ab21590de73e","name":"Editor","image":{"@type":"ImageObject","inLanguage":"es","@id":"https:\/\/realidadturistica.com\/realtur\/wp-content\/uploads\/2023\/09\/Editor_avatar_1693668634-96x96.png","url":"https:\/\/realidadturistica.com\/realtur\/wp-content\/uploads\/2023\/09\/Editor_avatar_1693668634-96x96.png","contentUrl":"https:\/\/realidadturistica.com\/realtur\/wp-content\/uploads\/2023\/09\/Editor_avatar_1693668634-96x96.png","caption":"Editor"},"sameAs":["https:\/\/realidadturistica.com\/realtur"],"url":"https:\/\/realidadturistica.com\/realtur\/author\/editor2\/"}]}},"_links":{"self":[{"href":"https:\/\/realidadturistica.com\/realtur\/wp-json\/wp\/v2\/posts\/8086","targetHints":{"allow":["GET"]}}],"collection":[{"href":"https:\/\/realidadturistica.com\/realtur\/wp-json\/wp\/v2\/posts"}],"about":[{"href":"https:\/\/realidadturistica.com\/realtur\/wp-json\/wp\/v2\/types\/post"}],"author":[{"embeddable":true,"href":"https:\/\/realidadturistica.com\/realtur\/wp-json\/wp\/v2\/users\/2"}],"replies":[{"embeddable":true,"href":"https:\/\/realidadturistica.com\/realtur\/wp-json\/wp\/v2\/comments?post=8086"}],"version-history":[{"count":2,"href":"https:\/\/realidadturistica.com\/realtur\/wp-json\/wp\/v2\/posts\/8086\/revisions"}],"predecessor-version":[{"id":8092,"href":"https:\/\/realidadturistica.com\/realtur\/wp-json\/wp\/v2\/posts\/8086\/revisions\/8092"}],"wp:featuredmedia":[{"embeddable":true,"href":"https:\/\/realidadturistica.com\/realtur\/wp-json\/wp\/v2\/media\/8090"}],"wp:attachment":[{"href":"https:\/\/realidadturistica.com\/realtur\/wp-json\/wp\/v2\/media?parent=8086"}],"wp:term":[{"taxonomy":"category","embeddable":true,"href":"https:\/\/realidadturistica.com\/realtur\/wp-json\/wp\/v2\/categories?post=8086"},{"taxonomy":"post_tag","embeddable":true,"href":"https:\/\/realidadturistica.com\/realtur\/wp-json\/wp\/v2\/tags?post=8086"}],"curies":[{"name":"wp","href":"https:\/\/api.w.org\/{rel}","templated":true}]}}