{"id":8128,"date":"2024-09-20T10:59:22","date_gmt":"2024-09-20T10:59:22","guid":{"rendered":"https:\/\/realidadturistica.com\/realtur\/?p=8128"},"modified":"2024-09-20T10:59:25","modified_gmt":"2024-09-20T10:59:25","slug":"presenta-mexicana-el-embraer-195-e2-que-se-sumara-a-su-flota-en-2025","status":"publish","type":"post","link":"https:\/\/realidadturistica.com\/realtur\/presenta-mexicana-el-embraer-195-e2-que-se-sumara-a-su-flota-en-2025\/","title":{"rendered":"Presenta Mexicana el Embraer 195 E2 que se sumar\u00e1 a su flota en 2025"},"content":{"rendered":"\n<p class=\"wp-block-yoast-seo-estimated-reading-time yoast-reading-time__wrapper\"><span class=\"yoast-reading-time__icon\"><svg aria-hidden=\"true\" focusable=\"false\" data-icon=\"clock\" width=\"20\" height=\"20\" fill=\"none\" stroke=\"currentColor\" style=\"display:inline-block;vertical-align:-0.1em\" role=\"img\" xmlns=\"http:\/\/www.w3.org\/2000\/svg\" viewBox=\"0 0 24 24\"><path stroke-linecap=\"round\" stroke-linejoin=\"round\" stroke-width=\"2\" d=\"M12 8v4l3 3m6-3a9 9 0 11-18 0 9 9 0 0118 0z\"><\/path><\/svg><\/span><span class=\"yoast-reading-time__spacer\" style=\"display:inline-block;width:1em\"><\/span><span class=\"yoast-reading-time__descriptive-text\">Estimated reading time: <\/span><span class=\"yoast-reading-time__reading-time\">2<\/span><span class=\"yoast-reading-time__time-unit\"> minutos<\/span><\/p>\n\n\n\n<p>Este d\u00eda se llevar\u00e1 a cabo la exhibici\u00f3n de la aeronave Embraer E-195 E2, modelo de \u00faltima generaci\u00f3n, misma que ser\u00e1 el modelo de avi\u00f3n que Mexicana de Aviaci\u00f3n integrar\u00e1 a su flota a partir del pr\u00f3ximo a\u00f1o.<\/p>\n\n\n\n<p>Al filo de las 9:30 horas, en el Hangar B MRO de Mexicana de Aviaci\u00f3n, ubicado en la ex Hacienda de Santa Luc\u00eda, Zona de Servicios Aeroportuarios del Aeropuerto Internacional Felipe \u00c1ngeles, ser\u00e1 la presentaci\u00f3n de la aeronave de origen brasile\u00f1o.<\/p>\n\n\n\n<p>Como se recordar\u00e1, en junio pasado la aerol\u00ednea del Estado mexicano anunci\u00f3 que hab\u00eda firmado un contrato con la compa\u00f1\u00eda brasile\u00f1a Embraer para la adquisici\u00f3n de 20 aeronaves nuevas: 10 aviones E190-E2 con 108 asientos y 10 E195-E2 con 132 asientos, cuya entrega ser\u00e1 en el segundo trimestre de 2025.A trav\u00e9s de un comunicado, Mexicana ser\u00e1 el primer operador de aeronaves Embraer E2 en M\u00e9xico, cuya tecnolog\u00eda de \u00faltima generaci\u00f3n permite el ahorro de combustible y menores costos de mantenimiento, lo que pone de manifiesto el compromiso de ambas empresas con la sostenibilidad y la eficiencia econ\u00f3mica en la industria del transporte a\u00e9reo.<\/p>\n\n\n\n<p>La aerol\u00ednea pertenece al Grupo Aeroportuario, Ferroviario, de Servicios Auxiliares y Conexos Olmeca-Maya-Mexica (GAFSACOMM), actualmente opera con una flota de 5 aviones: tres Boeing 737-800 y dos Embraer 145.&nbsp;<\/p>\n\n\n\n<p>El 12 de marzo pasado, el Presidente Andr\u00e9s Manuel L\u00f3pez Obrador anunci\u00f3 que realizar\u00eda esta compra antes de finalizar su mandato y en abril se dio a conocer que SEDENA solicit\u00f3 a la Secretar\u00eda de Hacienda 20 mil 871.7 millones de pesos para este fin.<\/p>\n\n\n\n<p>Fuente: A21<\/p>\n","protected":false},"excerpt":{"rendered":"<p>Este d\u00eda se llevar\u00e1 a cabo la exhibici\u00f3n de la aeronave Embraer E-195 E2, modelo de \u00faltima generaci\u00f3n, misma que ser\u00e1 el modelo de avi\u00f3n&hellip;<\/p>\n","protected":false},"author":2,"featured_media":8129,"comment_status":"open","ping_status":"closed","sticky":false,"template":"","format":"standard","meta":{"content-type":"","_lmt_disableupdate":"","_lmt_disable":"","footnotes":""},"categories":[2],"tags":[],"class_list":["post-8128","post","type-post","status-publish","format-standard","has-post-thumbnail","hentry","category-aerolineas"],"yoast_head":"<!-- This site is optimized with the Yoast SEO Premium plugin v27.4 (Yoast SEO v27.5) - https:\/\/yoast.com\/product\/yoast-seo-premium-wordpress\/ -->\n<title>Presenta Mexicana el Embraer 195 E2 que se sumar\u00e1 a su flota en 2025 - Realidad Tur\u00edstica<\/title>\n<meta name=\"robots\" content=\"index, follow, max-snippet:-1, max-image-preview:large, max-video-preview:-1\" \/>\n<link rel=\"canonical\" href=\"https:\/\/realidadturistica.com\/realtur\/presenta-mexicana-el-embraer-195-e2-que-se-sumara-a-su-flota-en-2025\/\" \/>\n<meta property=\"og:locale\" content=\"es_ES\" \/>\n<meta property=\"og:type\" content=\"article\" \/>\n<meta property=\"og:title\" content=\"Presenta Mexicana el Embraer 195 E2 que se sumar\u00e1 a su flota en 2025\" \/>\n<meta property=\"og:description\" content=\"Este d\u00eda se llevar\u00e1 a cabo la exhibici\u00f3n de la aeronave Embraer E-195 E2, modelo de \u00faltima generaci\u00f3n, misma que ser\u00e1 el modelo de avi\u00f3n&hellip;\" \/>\n<meta property=\"og:url\" content=\"https:\/\/realidadturistica.com\/realtur\/presenta-mexicana-el-embraer-195-e2-que-se-sumara-a-su-flota-en-2025\/\" \/>\n<meta property=\"og:site_name\" content=\"Realidad Tur\u00edstica\" \/>\n<meta property=\"article:publisher\" content=\"https:\/\/www.facebook.com\/realidadturistica\" \/>\n<meta property=\"article:published_time\" content=\"2024-09-20T10:59:22+00:00\" \/>\n<meta property=\"article:modified_time\" content=\"2024-09-20T10:59:25+00:00\" \/>\n<meta property=\"og:image\" content=\"https:\/\/realidadturistica.com\/realtur\/wp-content\/uploads\/2024\/09\/WhatsApp-Image-2024-09-19-at-7.17.20-PMouolkbkblk.jpg\" \/>\n\t<meta property=\"og:image:width\" content=\"1600\" \/>\n\t<meta property=\"og:image:height\" content=\"939\" \/>\n\t<meta property=\"og:image:type\" content=\"image\/jpeg\" \/>\n<meta name=\"author\" content=\"Editor\" \/>\n<meta name=\"twitter:card\" content=\"summary_large_image\" \/>\n<meta name=\"twitter:label1\" content=\"Escrito por\" \/>\n\t<meta name=\"twitter:data1\" content=\"Editor\" \/>\n\t<meta name=\"twitter:label2\" content=\"Tiempo de lectura\" \/>\n\t<meta name=\"twitter:data2\" content=\"2 minutos\" \/>\n<script type=\"application\/ld+json\" class=\"yoast-schema-graph\">{\"@context\":\"https:\\\/\\\/schema.org\",\"@graph\":[{\"@type\":\"Article\",\"@id\":\"https:\\\/\\\/realidadturistica.com\\\/realtur\\\/presenta-mexicana-el-embraer-195-e2-que-se-sumara-a-su-flota-en-2025\\\/#article\",\"isPartOf\":{\"@id\":\"https:\\\/\\\/realidadturistica.com\\\/realtur\\\/presenta-mexicana-el-embraer-195-e2-que-se-sumara-a-su-flota-en-2025\\\/\"},\"author\":{\"name\":\"Editor\",\"@id\":\"https:\\\/\\\/realidadturistica.com\\\/realtur\\\/#\\\/schema\\\/person\\\/ade671191202490fcf08ab21590de73e\"},\"headline\":\"Presenta Mexicana el Embraer 195 E2 que se sumar\u00e1 a su flota en 2025\",\"datePublished\":\"2024-09-20T10:59:22+00:00\",\"dateModified\":\"2024-09-20T10:59:25+00:00\",\"mainEntityOfPage\":{\"@id\":\"https:\\\/\\\/realidadturistica.com\\\/realtur\\\/presenta-mexicana-el-embraer-195-e2-que-se-sumara-a-su-flota-en-2025\\\/\"},\"wordCount\":293,\"commentCount\":0,\"publisher\":{\"@id\":\"https:\\\/\\\/realidadturistica.com\\\/realtur\\\/#organization\"},\"image\":{\"@id\":\"https:\\\/\\\/realidadturistica.com\\\/realtur\\\/presenta-mexicana-el-embraer-195-e2-que-se-sumara-a-su-flota-en-2025\\\/#primaryimage\"},\"thumbnailUrl\":\"https:\\\/\\\/realidadturistica.com\\\/realtur\\\/wp-content\\\/uploads\\\/2024\\\/09\\\/WhatsApp-Image-2024-09-19-at-7.17.20-PMouolkbkblk.jpg\",\"articleSection\":[\"Volar con pasi\u00f3n\"],\"inLanguage\":\"es\",\"potentialAction\":[{\"@type\":\"CommentAction\",\"name\":\"Comment\",\"target\":[\"https:\\\/\\\/realidadturistica.com\\\/realtur\\\/presenta-mexicana-el-embraer-195-e2-que-se-sumara-a-su-flota-en-2025\\\/#respond\"]}]},{\"@type\":\"WebPage\",\"@id\":\"https:\\\/\\\/realidadturistica.com\\\/realtur\\\/presenta-mexicana-el-embraer-195-e2-que-se-sumara-a-su-flota-en-2025\\\/\",\"url\":\"https:\\\/\\\/realidadturistica.com\\\/realtur\\\/presenta-mexicana-el-embraer-195-e2-que-se-sumara-a-su-flota-en-2025\\\/\",\"name\":\"Presenta Mexicana el Embraer 195 E2 que se sumar\u00e1 a su flota en 2025 - Realidad Tur\u00edstica\",\"isPartOf\":{\"@id\":\"https:\\\/\\\/realidadturistica.com\\\/realtur\\\/#website\"},\"primaryImageOfPage\":{\"@id\":\"https:\\\/\\\/realidadturistica.com\\\/realtur\\\/presenta-mexicana-el-embraer-195-e2-que-se-sumara-a-su-flota-en-2025\\\/#primaryimage\"},\"image\":{\"@id\":\"https:\\\/\\\/realidadturistica.com\\\/realtur\\\/presenta-mexicana-el-embraer-195-e2-que-se-sumara-a-su-flota-en-2025\\\/#primaryimage\"},\"thumbnailUrl\":\"https:\\\/\\\/realidadturistica.com\\\/realtur\\\/wp-content\\\/uploads\\\/2024\\\/09\\\/WhatsApp-Image-2024-09-19-at-7.17.20-PMouolkbkblk.jpg\",\"datePublished\":\"2024-09-20T10:59:22+00:00\",\"dateModified\":\"2024-09-20T10:59:25+00:00\",\"breadcrumb\":{\"@id\":\"https:\\\/\\\/realidadturistica.com\\\/realtur\\\/presenta-mexicana-el-embraer-195-e2-que-se-sumara-a-su-flota-en-2025\\\/#breadcrumb\"},\"inLanguage\":\"es\",\"potentialAction\":[{\"@type\":\"ReadAction\",\"target\":[\"https:\\\/\\\/realidadturistica.com\\\/realtur\\\/presenta-mexicana-el-embraer-195-e2-que-se-sumara-a-su-flota-en-2025\\\/\"]}]},{\"@type\":\"ImageObject\",\"inLanguage\":\"es\",\"@id\":\"https:\\\/\\\/realidadturistica.com\\\/realtur\\\/presenta-mexicana-el-embraer-195-e2-que-se-sumara-a-su-flota-en-2025\\\/#primaryimage\",\"url\":\"https:\\\/\\\/realidadturistica.com\\\/realtur\\\/wp-content\\\/uploads\\\/2024\\\/09\\\/WhatsApp-Image-2024-09-19-at-7.17.20-PMouolkbkblk.jpg\",\"contentUrl\":\"https:\\\/\\\/realidadturistica.com\\\/realtur\\\/wp-content\\\/uploads\\\/2024\\\/09\\\/WhatsApp-Image-2024-09-19-at-7.17.20-PMouolkbkblk.jpg\",\"width\":1600,\"height\":939},{\"@type\":\"BreadcrumbList\",\"@id\":\"https:\\\/\\\/realidadturistica.com\\\/realtur\\\/presenta-mexicana-el-embraer-195-e2-que-se-sumara-a-su-flota-en-2025\\\/#breadcrumb\",\"itemListElement\":[{\"@type\":\"ListItem\",\"position\":1,\"name\":\"Portada\",\"item\":\"https:\\\/\\\/realidadturistica.com\\\/realtur\\\/\"},{\"@type\":\"ListItem\",\"position\":2,\"name\":\"Presenta Mexicana el Embraer 195 E2 que se sumar\u00e1 a su flota en 2025\"}]},{\"@type\":\"WebSite\",\"@id\":\"https:\\\/\\\/realidadturistica.com\\\/realtur\\\/#website\",\"url\":\"https:\\\/\\\/realidadturistica.com\\\/realtur\\\/\",\"name\":\"Realidad Tur\u00edstica\",\"description\":\"\",\"publisher\":{\"@id\":\"https:\\\/\\\/realidadturistica.com\\\/realtur\\\/#organization\"},\"potentialAction\":[{\"@type\":\"SearchAction\",\"target\":{\"@type\":\"EntryPoint\",\"urlTemplate\":\"https:\\\/\\\/realidadturistica.com\\\/realtur\\\/?s={search_term_string}\"},\"query-input\":{\"@type\":\"PropertyValueSpecification\",\"valueRequired\":true,\"valueName\":\"search_term_string\"}}],\"inLanguage\":\"es\"},{\"@type\":\"Organization\",\"@id\":\"https:\\\/\\\/realidadturistica.com\\\/realtur\\\/#organization\",\"name\":\"Realidad Tur\u00edstica\",\"url\":\"https:\\\/\\\/realidadturistica.com\\\/realtur\\\/\",\"logo\":{\"@type\":\"ImageObject\",\"inLanguage\":\"es\",\"@id\":\"https:\\\/\\\/realidadturistica.com\\\/realtur\\\/#\\\/schema\\\/logo\\\/image\\\/\",\"url\":\"https:\\\/\\\/realidadturistica.com\\\/realtur\\\/wp-content\\\/uploads\\\/2021\\\/12\\\/logotipo-realidad-turistica.png\",\"contentUrl\":\"https:\\\/\\\/realidadturistica.com\\\/realtur\\\/wp-content\\\/uploads\\\/2021\\\/12\\\/logotipo-realidad-turistica.png\",\"width\":1382,\"height\":629,\"caption\":\"Realidad Tur\u00edstica\"},\"image\":{\"@id\":\"https:\\\/\\\/realidadturistica.com\\\/realtur\\\/#\\\/schema\\\/logo\\\/image\\\/\"},\"sameAs\":[\"https:\\\/\\\/www.facebook.com\\\/realidadturistica\",\"https:\\\/\\\/www.instagram.com\\\/realidad_turistica\\\/\"]},{\"@type\":\"Person\",\"@id\":\"https:\\\/\\\/realidadturistica.com\\\/realtur\\\/#\\\/schema\\\/person\\\/ade671191202490fcf08ab21590de73e\",\"name\":\"Editor\",\"image\":{\"@type\":\"ImageObject\",\"inLanguage\":\"es\",\"@id\":\"https:\\\/\\\/realidadturistica.com\\\/realtur\\\/wp-content\\\/uploads\\\/2023\\\/09\\\/Editor_avatar_1693668634-96x96.png\",\"url\":\"https:\\\/\\\/realidadturistica.com\\\/realtur\\\/wp-content\\\/uploads\\\/2023\\\/09\\\/Editor_avatar_1693668634-96x96.png\",\"contentUrl\":\"https:\\\/\\\/realidadturistica.com\\\/realtur\\\/wp-content\\\/uploads\\\/2023\\\/09\\\/Editor_avatar_1693668634-96x96.png\",\"caption\":\"Editor\"},\"sameAs\":[\"https:\\\/\\\/realidadturistica.com\\\/realtur\"],\"url\":\"https:\\\/\\\/realidadturistica.com\\\/realtur\\\/author\\\/editor2\\\/\"}]}<\/script>\n<!-- \/ Yoast SEO Premium plugin. -->","yoast_head_json":{"title":"Presenta Mexicana el Embraer 195 E2 que se sumar\u00e1 a su flota en 2025 - Realidad Tur\u00edstica","robots":{"index":"index","follow":"follow","max-snippet":"max-snippet:-1","max-image-preview":"max-image-preview:large","max-video-preview":"max-video-preview:-1"},"canonical":"https:\/\/realidadturistica.com\/realtur\/presenta-mexicana-el-embraer-195-e2-que-se-sumara-a-su-flota-en-2025\/","og_locale":"es_ES","og_type":"article","og_title":"Presenta Mexicana el Embraer 195 E2 que se sumar\u00e1 a su flota en 2025","og_description":"Este d\u00eda se llevar\u00e1 a cabo la exhibici\u00f3n de la aeronave Embraer E-195 E2, modelo de \u00faltima generaci\u00f3n, misma que ser\u00e1 el modelo de avi\u00f3n&hellip;","og_url":"https:\/\/realidadturistica.com\/realtur\/presenta-mexicana-el-embraer-195-e2-que-se-sumara-a-su-flota-en-2025\/","og_site_name":"Realidad Tur\u00edstica","article_publisher":"https:\/\/www.facebook.com\/realidadturistica","article_published_time":"2024-09-20T10:59:22+00:00","article_modified_time":"2024-09-20T10:59:25+00:00","og_image":[{"width":1600,"height":939,"url":"https:\/\/realidadturistica.com\/realtur\/wp-content\/uploads\/2024\/09\/WhatsApp-Image-2024-09-19-at-7.17.20-PMouolkbkblk.jpg","type":"image\/jpeg"}],"author":"Editor","twitter_card":"summary_large_image","twitter_misc":{"Escrito por":"Editor","Tiempo de lectura":"2 minutos"},"schema":{"@context":"https:\/\/schema.org","@graph":[{"@type":"Article","@id":"https:\/\/realidadturistica.com\/realtur\/presenta-mexicana-el-embraer-195-e2-que-se-sumara-a-su-flota-en-2025\/#article","isPartOf":{"@id":"https:\/\/realidadturistica.com\/realtur\/presenta-mexicana-el-embraer-195-e2-que-se-sumara-a-su-flota-en-2025\/"},"author":{"name":"Editor","@id":"https:\/\/realidadturistica.com\/realtur\/#\/schema\/person\/ade671191202490fcf08ab21590de73e"},"headline":"Presenta Mexicana el Embraer 195 E2 que se sumar\u00e1 a su flota en 2025","datePublished":"2024-09-20T10:59:22+00:00","dateModified":"2024-09-20T10:59:25+00:00","mainEntityOfPage":{"@id":"https:\/\/realidadturistica.com\/realtur\/presenta-mexicana-el-embraer-195-e2-que-se-sumara-a-su-flota-en-2025\/"},"wordCount":293,"commentCount":0,"publisher":{"@id":"https:\/\/realidadturistica.com\/realtur\/#organization"},"image":{"@id":"https:\/\/realidadturistica.com\/realtur\/presenta-mexicana-el-embraer-195-e2-que-se-sumara-a-su-flota-en-2025\/#primaryimage"},"thumbnailUrl":"https:\/\/realidadturistica.com\/realtur\/wp-content\/uploads\/2024\/09\/WhatsApp-Image-2024-09-19-at-7.17.20-PMouolkbkblk.jpg","articleSection":["Volar con pasi\u00f3n"],"inLanguage":"es","potentialAction":[{"@type":"CommentAction","name":"Comment","target":["https:\/\/realidadturistica.com\/realtur\/presenta-mexicana-el-embraer-195-e2-que-se-sumara-a-su-flota-en-2025\/#respond"]}]},{"@type":"WebPage","@id":"https:\/\/realidadturistica.com\/realtur\/presenta-mexicana-el-embraer-195-e2-que-se-sumara-a-su-flota-en-2025\/","url":"https:\/\/realidadturistica.com\/realtur\/presenta-mexicana-el-embraer-195-e2-que-se-sumara-a-su-flota-en-2025\/","name":"Presenta Mexicana el Embraer 195 E2 que se sumar\u00e1 a su flota en 2025 - Realidad Tur\u00edstica","isPartOf":{"@id":"https:\/\/realidadturistica.com\/realtur\/#website"},"primaryImageOfPage":{"@id":"https:\/\/realidadturistica.com\/realtur\/presenta-mexicana-el-embraer-195-e2-que-se-sumara-a-su-flota-en-2025\/#primaryimage"},"image":{"@id":"https:\/\/realidadturistica.com\/realtur\/presenta-mexicana-el-embraer-195-e2-que-se-sumara-a-su-flota-en-2025\/#primaryimage"},"thumbnailUrl":"https:\/\/realidadturistica.com\/realtur\/wp-content\/uploads\/2024\/09\/WhatsApp-Image-2024-09-19-at-7.17.20-PMouolkbkblk.jpg","datePublished":"2024-09-20T10:59:22+00:00","dateModified":"2024-09-20T10:59:25+00:00","breadcrumb":{"@id":"https:\/\/realidadturistica.com\/realtur\/presenta-mexicana-el-embraer-195-e2-que-se-sumara-a-su-flota-en-2025\/#breadcrumb"},"inLanguage":"es","potentialAction":[{"@type":"ReadAction","target":["https:\/\/realidadturistica.com\/realtur\/presenta-mexicana-el-embraer-195-e2-que-se-sumara-a-su-flota-en-2025\/"]}]},{"@type":"ImageObject","inLanguage":"es","@id":"https:\/\/realidadturistica.com\/realtur\/presenta-mexicana-el-embraer-195-e2-que-se-sumara-a-su-flota-en-2025\/#primaryimage","url":"https:\/\/realidadturistica.com\/realtur\/wp-content\/uploads\/2024\/09\/WhatsApp-Image-2024-09-19-at-7.17.20-PMouolkbkblk.jpg","contentUrl":"https:\/\/realidadturistica.com\/realtur\/wp-content\/uploads\/2024\/09\/WhatsApp-Image-2024-09-19-at-7.17.20-PMouolkbkblk.jpg","width":1600,"height":939},{"@type":"BreadcrumbList","@id":"https:\/\/realidadturistica.com\/realtur\/presenta-mexicana-el-embraer-195-e2-que-se-sumara-a-su-flota-en-2025\/#breadcrumb","itemListElement":[{"@type":"ListItem","position":1,"name":"Portada","item":"https:\/\/realidadturistica.com\/realtur\/"},{"@type":"ListItem","position":2,"name":"Presenta Mexicana el Embraer 195 E2 que se sumar\u00e1 a su flota en 2025"}]},{"@type":"WebSite","@id":"https:\/\/realidadturistica.com\/realtur\/#website","url":"https:\/\/realidadturistica.com\/realtur\/","name":"Realidad Tur\u00edstica","description":"","publisher":{"@id":"https:\/\/realidadturistica.com\/realtur\/#organization"},"potentialAction":[{"@type":"SearchAction","target":{"@type":"EntryPoint","urlTemplate":"https:\/\/realidadturistica.com\/realtur\/?s={search_term_string}"},"query-input":{"@type":"PropertyValueSpecification","valueRequired":true,"valueName":"search_term_string"}}],"inLanguage":"es"},{"@type":"Organization","@id":"https:\/\/realidadturistica.com\/realtur\/#organization","name":"Realidad Tur\u00edstica","url":"https:\/\/realidadturistica.com\/realtur\/","logo":{"@type":"ImageObject","inLanguage":"es","@id":"https:\/\/realidadturistica.com\/realtur\/#\/schema\/logo\/image\/","url":"https:\/\/realidadturistica.com\/realtur\/wp-content\/uploads\/2021\/12\/logotipo-realidad-turistica.png","contentUrl":"https:\/\/realidadturistica.com\/realtur\/wp-content\/uploads\/2021\/12\/logotipo-realidad-turistica.png","width":1382,"height":629,"caption":"Realidad Tur\u00edstica"},"image":{"@id":"https:\/\/realidadturistica.com\/realtur\/#\/schema\/logo\/image\/"},"sameAs":["https:\/\/www.facebook.com\/realidadturistica","https:\/\/www.instagram.com\/realidad_turistica\/"]},{"@type":"Person","@id":"https:\/\/realidadturistica.com\/realtur\/#\/schema\/person\/ade671191202490fcf08ab21590de73e","name":"Editor","image":{"@type":"ImageObject","inLanguage":"es","@id":"https:\/\/realidadturistica.com\/realtur\/wp-content\/uploads\/2023\/09\/Editor_avatar_1693668634-96x96.png","url":"https:\/\/realidadturistica.com\/realtur\/wp-content\/uploads\/2023\/09\/Editor_avatar_1693668634-96x96.png","contentUrl":"https:\/\/realidadturistica.com\/realtur\/wp-content\/uploads\/2023\/09\/Editor_avatar_1693668634-96x96.png","caption":"Editor"},"sameAs":["https:\/\/realidadturistica.com\/realtur"],"url":"https:\/\/realidadturistica.com\/realtur\/author\/editor2\/"}]}},"_links":{"self":[{"href":"https:\/\/realidadturistica.com\/realtur\/wp-json\/wp\/v2\/posts\/8128","targetHints":{"allow":["GET"]}}],"collection":[{"href":"https:\/\/realidadturistica.com\/realtur\/wp-json\/wp\/v2\/posts"}],"about":[{"href":"https:\/\/realidadturistica.com\/realtur\/wp-json\/wp\/v2\/types\/post"}],"author":[{"embeddable":true,"href":"https:\/\/realidadturistica.com\/realtur\/wp-json\/wp\/v2\/users\/2"}],"replies":[{"embeddable":true,"href":"https:\/\/realidadturistica.com\/realtur\/wp-json\/wp\/v2\/comments?post=8128"}],"version-history":[{"count":1,"href":"https:\/\/realidadturistica.com\/realtur\/wp-json\/wp\/v2\/posts\/8128\/revisions"}],"predecessor-version":[{"id":8130,"href":"https:\/\/realidadturistica.com\/realtur\/wp-json\/wp\/v2\/posts\/8128\/revisions\/8130"}],"wp:featuredmedia":[{"embeddable":true,"href":"https:\/\/realidadturistica.com\/realtur\/wp-json\/wp\/v2\/media\/8129"}],"wp:attachment":[{"href":"https:\/\/realidadturistica.com\/realtur\/wp-json\/wp\/v2\/media?parent=8128"}],"wp:term":[{"taxonomy":"category","embeddable":true,"href":"https:\/\/realidadturistica.com\/realtur\/wp-json\/wp\/v2\/categories?post=8128"},{"taxonomy":"post_tag","embeddable":true,"href":"https:\/\/realidadturistica.com\/realtur\/wp-json\/wp\/v2\/tags?post=8128"}],"curies":[{"name":"wp","href":"https:\/\/api.w.org\/{rel}","templated":true}]}}