{"id":8277,"date":"2024-10-14T02:44:14","date_gmt":"2024-10-14T02:44:14","guid":{"rendered":"https:\/\/realidadturistica.com\/realtur\/?p=8277"},"modified":"2024-10-14T02:44:16","modified_gmt":"2024-10-14T02:44:16","slug":"observadores-de-aves-de-colombia-y-venezuela-vivieron-una-experiencia-unica-en-el-parque-nacional-la-culata","status":"publish","type":"post","link":"https:\/\/realidadturistica.com\/realtur\/observadores-de-aves-de-colombia-y-venezuela-vivieron-una-experiencia-unica-en-el-parque-nacional-la-culata\/","title":{"rendered":"Observadores de Aves de Colombia y Venezuela vivieron una experiencia \u00fanica en el Parque Nacional La Culata"},"content":{"rendered":"\n<p class=\"wp-block-yoast-seo-estimated-reading-time yoast-reading-time__wrapper\"><span class=\"yoast-reading-time__icon\"><svg aria-hidden=\"true\" focusable=\"false\" data-icon=\"clock\" width=\"20\" height=\"20\" fill=\"none\" stroke=\"currentColor\" style=\"display:inline-block;vertical-align:-0.1em\" role=\"img\" xmlns=\"http:\/\/www.w3.org\/2000\/svg\" viewBox=\"0 0 24 24\"><path stroke-linecap=\"round\" stroke-linejoin=\"round\" stroke-width=\"2\" d=\"M12 8v4l3 3m6-3a9 9 0 11-18 0 9 9 0 0118 0z\"><\/path><\/svg><\/span><span class=\"yoast-reading-time__spacer\" style=\"display:inline-block;width:1em\"><\/span><span class=\"yoast-reading-time__descriptive-text\">Estimated reading time: <\/span><span class=\"yoast-reading-time__reading-time\">2<\/span><span class=\"yoast-reading-time__time-unit\"> minutos<\/span><\/p>\n\n\n\n<p>Venezuela. Con el prop\u00f3sito de promover el conocimiento acerca de la riqueza avifaun\u00edstica e impulsar el intercambio cultural entre Venezuela y Colombia, este viernes 11 de octubre, un grupo de observadores de aves de ambas naciones, realizaron la primera pr\u00e1ctica de Aviturismo en el Parque Nacional Sierra de La Culata del estado M\u00e9rida, reconocido como un refugio para m\u00e1s de 300 especies de aves.<\/p>\n\n\n\n<p>Durante la actividad&nbsp; los participantes, acompa\u00f1ados por el viceministro de Turismo Nacional, Braian Vargas y el director Ejecutivo del Instituto Nacional de Turismo (Inatur) Asdr\u00fabal Rincones, tuvieron la oportunidad de observar m\u00e1s de 12 especies aut\u00f3ctonas, entre las que se destacan el majestuoso alcarav\u00e1n y una variedad de colibr\u00edes que adornan el paisaje monta\u00f1oso del parque.<\/p>\n\n\n\n<p>Expertos ornit\u00f3logos guiaron a los asistentes en rutas estrat\u00e9gicas, ofreciendo charlas enriquecedoras sobre la ecolog\u00eda local y la importancia de la conservaci\u00f3n de los ecosistemas. David Jara, promotor y asesor de Aviturismo en Colombia, manifest\u00f3 su agradecimiento por esta experiencia en Venezuela. \u00abEste encuentro es un paso significativo hacia la promoci\u00f3n de la conservaci\u00f3n y el respeto hacia la biodiversidad, es un pa\u00eds lleno de calidad humana y diversas potencialidades tur\u00edsticas\u00bb, acot\u00f3.<\/p>\n\n\n\n<figure class=\"wp-block-image size-full\"><img fetchpriority=\"high\" decoding=\"async\" width=\"800\" height=\"600\" src=\"https:\/\/realidadturistica.com\/realtur\/wp-content\/uploads\/2024\/10\/Observadores.jpg\" alt=\"\" class=\"wp-image-8279\" srcset=\"https:\/\/realidadturistica.com\/realtur\/wp-content\/uploads\/2024\/10\/Observadores.jpg 800w, https:\/\/realidadturistica.com\/realtur\/wp-content\/uploads\/2024\/10\/Observadores-300x225.jpg 300w, https:\/\/realidadturistica.com\/realtur\/wp-content\/uploads\/2024\/10\/Observadores-768x576.jpg 768w, https:\/\/realidadturistica.com\/realtur\/wp-content\/uploads\/2024\/10\/Observadores-585x439.jpg 585w\" sizes=\"(max-width: 800px) 100vw, 800px\" \/><\/figure>\n\n\n\n<p>Por su parte Reinol Mart\u00ednez operador de turismo de naturaleza y Aviturismo en Venezuela asegur\u00f3 estar complacido por la expedici\u00f3n. \u201cEstamos compartiendo est\u00e1 experiencia con amigos de la Republica hermana, el objetivo es posicionar al pa\u00eds como un destino principal para la observaci\u00f3n de aves\u201d, declar\u00f3.<\/p>\n\n\n\n<p>Esta jornada se extiende hasta el 12 de octubre donde se realizar\u00e1 el October Big Day, fecha en la que podr\u00e1n disfrutar a nivel mundial, del conteo definitivo de las observaciones de aves que se llevaron a cabo en los espacios naturales m\u00e1s impresionantes de la entidad andina. Este tipo de iniciativas resalta la necesidad de continuar trabajando en alianzas en pro de la conservaci\u00f3n y la educaci\u00f3n ambiental.<\/p>\n\n\n\n<p>Fuente: mintur.gob.ve<\/p>\n","protected":false},"excerpt":{"rendered":"<p>Venezuela. Con el prop\u00f3sito de promover el conocimiento acerca de la riqueza avifaun\u00edstica e impulsar el intercambio cultural entre Venezuela y Colombia, este viernes 11&hellip;<\/p>\n","protected":false},"author":2,"featured_media":8278,"comment_status":"open","ping_status":"closed","sticky":false,"template":"","format":"standard","meta":{"content-type":"","_lmt_disableupdate":"","_lmt_disable":"","footnotes":""},"categories":[4],"tags":[],"class_list":["post-8277","post","type-post","status-publish","format-standard","has-post-thumbnail","hentry","category-destinos"],"yoast_head":"<!-- This site is optimized with the Yoast SEO Premium plugin v27.4 (Yoast SEO v27.5) - https:\/\/yoast.com\/product\/yoast-seo-premium-wordpress\/ -->\n<title>Observadores de Aves de Colombia y Venezuela vivieron una experiencia \u00fanica en el Parque Nacional La Culata - Realidad Tur\u00edstica<\/title>\n<meta name=\"robots\" content=\"index, follow, max-snippet:-1, max-image-preview:large, max-video-preview:-1\" \/>\n<link rel=\"canonical\" href=\"https:\/\/realidadturistica.com\/realtur\/observadores-de-aves-de-colombia-y-venezuela-vivieron-una-experiencia-unica-en-el-parque-nacional-la-culata\/\" \/>\n<meta property=\"og:locale\" content=\"es_ES\" \/>\n<meta property=\"og:type\" content=\"article\" \/>\n<meta property=\"og:title\" content=\"Observadores de Aves de Colombia y Venezuela vivieron una experiencia \u00fanica en el Parque Nacional La Culata\" \/>\n<meta property=\"og:description\" content=\"Venezuela. Con el prop\u00f3sito de promover el conocimiento acerca de la riqueza avifaun\u00edstica e impulsar el intercambio cultural entre Venezuela y Colombia, este viernes 11&hellip;\" \/>\n<meta property=\"og:url\" content=\"https:\/\/realidadturistica.com\/realtur\/observadores-de-aves-de-colombia-y-venezuela-vivieron-una-experiencia-unica-en-el-parque-nacional-la-culata\/\" \/>\n<meta property=\"og:site_name\" content=\"Realidad Tur\u00edstica\" \/>\n<meta property=\"article:publisher\" content=\"https:\/\/www.facebook.com\/realidadturistica\" \/>\n<meta property=\"article:published_time\" content=\"2024-10-14T02:44:14+00:00\" \/>\n<meta property=\"article:modified_time\" content=\"2024-10-14T02:44:16+00:00\" \/>\n<meta property=\"og:image\" content=\"https:\/\/realidadturistica.com\/realtur\/wp-content\/uploads\/2024\/10\/Observadores-de-Aves.jpg\" \/>\n\t<meta property=\"og:image:width\" content=\"800\" \/>\n\t<meta property=\"og:image:height\" content=\"600\" \/>\n\t<meta property=\"og:image:type\" content=\"image\/jpeg\" \/>\n<meta name=\"author\" content=\"Editor\" \/>\n<meta name=\"twitter:card\" content=\"summary_large_image\" \/>\n<meta name=\"twitter:label1\" content=\"Escrito por\" \/>\n\t<meta name=\"twitter:data1\" content=\"Editor\" \/>\n\t<meta name=\"twitter:label2\" content=\"Tiempo de lectura\" \/>\n\t<meta name=\"twitter:data2\" content=\"2 minutos\" \/>\n<script type=\"application\/ld+json\" class=\"yoast-schema-graph\">{\"@context\":\"https:\\\/\\\/schema.org\",\"@graph\":[{\"@type\":\"Article\",\"@id\":\"https:\\\/\\\/realidadturistica.com\\\/realtur\\\/observadores-de-aves-de-colombia-y-venezuela-vivieron-una-experiencia-unica-en-el-parque-nacional-la-culata\\\/#article\",\"isPartOf\":{\"@id\":\"https:\\\/\\\/realidadturistica.com\\\/realtur\\\/observadores-de-aves-de-colombia-y-venezuela-vivieron-una-experiencia-unica-en-el-parque-nacional-la-culata\\\/\"},\"author\":{\"name\":\"Editor\",\"@id\":\"https:\\\/\\\/realidadturistica.com\\\/realtur\\\/#\\\/schema\\\/person\\\/ade671191202490fcf08ab21590de73e\"},\"headline\":\"Observadores de Aves de Colombia y Venezuela vivieron una experiencia \u00fanica en el Parque Nacional La Culata\",\"datePublished\":\"2024-10-14T02:44:14+00:00\",\"dateModified\":\"2024-10-14T02:44:16+00:00\",\"mainEntityOfPage\":{\"@id\":\"https:\\\/\\\/realidadturistica.com\\\/realtur\\\/observadores-de-aves-de-colombia-y-venezuela-vivieron-una-experiencia-unica-en-el-parque-nacional-la-culata\\\/\"},\"wordCount\":357,\"commentCount\":0,\"publisher\":{\"@id\":\"https:\\\/\\\/realidadturistica.com\\\/realtur\\\/#organization\"},\"image\":{\"@id\":\"https:\\\/\\\/realidadturistica.com\\\/realtur\\\/observadores-de-aves-de-colombia-y-venezuela-vivieron-una-experiencia-unica-en-el-parque-nacional-la-culata\\\/#primaryimage\"},\"thumbnailUrl\":\"https:\\\/\\\/realidadturistica.com\\\/realtur\\\/wp-content\\\/uploads\\\/2024\\\/10\\\/Observadores-de-Aves.jpg\",\"articleSection\":[\"Destinos M\u00e1gicos\"],\"inLanguage\":\"es\",\"potentialAction\":[{\"@type\":\"CommentAction\",\"name\":\"Comment\",\"target\":[\"https:\\\/\\\/realidadturistica.com\\\/realtur\\\/observadores-de-aves-de-colombia-y-venezuela-vivieron-una-experiencia-unica-en-el-parque-nacional-la-culata\\\/#respond\"]}]},{\"@type\":\"WebPage\",\"@id\":\"https:\\\/\\\/realidadturistica.com\\\/realtur\\\/observadores-de-aves-de-colombia-y-venezuela-vivieron-una-experiencia-unica-en-el-parque-nacional-la-culata\\\/\",\"url\":\"https:\\\/\\\/realidadturistica.com\\\/realtur\\\/observadores-de-aves-de-colombia-y-venezuela-vivieron-una-experiencia-unica-en-el-parque-nacional-la-culata\\\/\",\"name\":\"Observadores de Aves de Colombia y Venezuela vivieron una experiencia \u00fanica en el Parque Nacional La Culata - Realidad Tur\u00edstica\",\"isPartOf\":{\"@id\":\"https:\\\/\\\/realidadturistica.com\\\/realtur\\\/#website\"},\"primaryImageOfPage\":{\"@id\":\"https:\\\/\\\/realidadturistica.com\\\/realtur\\\/observadores-de-aves-de-colombia-y-venezuela-vivieron-una-experiencia-unica-en-el-parque-nacional-la-culata\\\/#primaryimage\"},\"image\":{\"@id\":\"https:\\\/\\\/realidadturistica.com\\\/realtur\\\/observadores-de-aves-de-colombia-y-venezuela-vivieron-una-experiencia-unica-en-el-parque-nacional-la-culata\\\/#primaryimage\"},\"thumbnailUrl\":\"https:\\\/\\\/realidadturistica.com\\\/realtur\\\/wp-content\\\/uploads\\\/2024\\\/10\\\/Observadores-de-Aves.jpg\",\"datePublished\":\"2024-10-14T02:44:14+00:00\",\"dateModified\":\"2024-10-14T02:44:16+00:00\",\"breadcrumb\":{\"@id\":\"https:\\\/\\\/realidadturistica.com\\\/realtur\\\/observadores-de-aves-de-colombia-y-venezuela-vivieron-una-experiencia-unica-en-el-parque-nacional-la-culata\\\/#breadcrumb\"},\"inLanguage\":\"es\",\"potentialAction\":[{\"@type\":\"ReadAction\",\"target\":[\"https:\\\/\\\/realidadturistica.com\\\/realtur\\\/observadores-de-aves-de-colombia-y-venezuela-vivieron-una-experiencia-unica-en-el-parque-nacional-la-culata\\\/\"]}]},{\"@type\":\"ImageObject\",\"inLanguage\":\"es\",\"@id\":\"https:\\\/\\\/realidadturistica.com\\\/realtur\\\/observadores-de-aves-de-colombia-y-venezuela-vivieron-una-experiencia-unica-en-el-parque-nacional-la-culata\\\/#primaryimage\",\"url\":\"https:\\\/\\\/realidadturistica.com\\\/realtur\\\/wp-content\\\/uploads\\\/2024\\\/10\\\/Observadores-de-Aves.jpg\",\"contentUrl\":\"https:\\\/\\\/realidadturistica.com\\\/realtur\\\/wp-content\\\/uploads\\\/2024\\\/10\\\/Observadores-de-Aves.jpg\",\"width\":800,\"height\":600},{\"@type\":\"BreadcrumbList\",\"@id\":\"https:\\\/\\\/realidadturistica.com\\\/realtur\\\/observadores-de-aves-de-colombia-y-venezuela-vivieron-una-experiencia-unica-en-el-parque-nacional-la-culata\\\/#breadcrumb\",\"itemListElement\":[{\"@type\":\"ListItem\",\"position\":1,\"name\":\"Portada\",\"item\":\"https:\\\/\\\/realidadturistica.com\\\/realtur\\\/\"},{\"@type\":\"ListItem\",\"position\":2,\"name\":\"Observadores de Aves de Colombia y Venezuela vivieron una experiencia \u00fanica en el Parque Nacional La Culata\"}]},{\"@type\":\"WebSite\",\"@id\":\"https:\\\/\\\/realidadturistica.com\\\/realtur\\\/#website\",\"url\":\"https:\\\/\\\/realidadturistica.com\\\/realtur\\\/\",\"name\":\"Realidad Tur\u00edstica\",\"description\":\"\",\"publisher\":{\"@id\":\"https:\\\/\\\/realidadturistica.com\\\/realtur\\\/#organization\"},\"potentialAction\":[{\"@type\":\"SearchAction\",\"target\":{\"@type\":\"EntryPoint\",\"urlTemplate\":\"https:\\\/\\\/realidadturistica.com\\\/realtur\\\/?s={search_term_string}\"},\"query-input\":{\"@type\":\"PropertyValueSpecification\",\"valueRequired\":true,\"valueName\":\"search_term_string\"}}],\"inLanguage\":\"es\"},{\"@type\":\"Organization\",\"@id\":\"https:\\\/\\\/realidadturistica.com\\\/realtur\\\/#organization\",\"name\":\"Realidad Tur\u00edstica\",\"url\":\"https:\\\/\\\/realidadturistica.com\\\/realtur\\\/\",\"logo\":{\"@type\":\"ImageObject\",\"inLanguage\":\"es\",\"@id\":\"https:\\\/\\\/realidadturistica.com\\\/realtur\\\/#\\\/schema\\\/logo\\\/image\\\/\",\"url\":\"https:\\\/\\\/realidadturistica.com\\\/realtur\\\/wp-content\\\/uploads\\\/2021\\\/12\\\/logotipo-realidad-turistica.png\",\"contentUrl\":\"https:\\\/\\\/realidadturistica.com\\\/realtur\\\/wp-content\\\/uploads\\\/2021\\\/12\\\/logotipo-realidad-turistica.png\",\"width\":1382,\"height\":629,\"caption\":\"Realidad Tur\u00edstica\"},\"image\":{\"@id\":\"https:\\\/\\\/realidadturistica.com\\\/realtur\\\/#\\\/schema\\\/logo\\\/image\\\/\"},\"sameAs\":[\"https:\\\/\\\/www.facebook.com\\\/realidadturistica\",\"https:\\\/\\\/www.instagram.com\\\/realidad_turistica\\\/\"]},{\"@type\":\"Person\",\"@id\":\"https:\\\/\\\/realidadturistica.com\\\/realtur\\\/#\\\/schema\\\/person\\\/ade671191202490fcf08ab21590de73e\",\"name\":\"Editor\",\"image\":{\"@type\":\"ImageObject\",\"inLanguage\":\"es\",\"@id\":\"https:\\\/\\\/realidadturistica.com\\\/realtur\\\/wp-content\\\/uploads\\\/2023\\\/09\\\/Editor_avatar_1693668634-96x96.png\",\"url\":\"https:\\\/\\\/realidadturistica.com\\\/realtur\\\/wp-content\\\/uploads\\\/2023\\\/09\\\/Editor_avatar_1693668634-96x96.png\",\"contentUrl\":\"https:\\\/\\\/realidadturistica.com\\\/realtur\\\/wp-content\\\/uploads\\\/2023\\\/09\\\/Editor_avatar_1693668634-96x96.png\",\"caption\":\"Editor\"},\"sameAs\":[\"https:\\\/\\\/realidadturistica.com\\\/realtur\"],\"url\":\"https:\\\/\\\/realidadturistica.com\\\/realtur\\\/author\\\/editor2\\\/\"}]}<\/script>\n<!-- \/ Yoast SEO Premium plugin. -->","yoast_head_json":{"title":"Observadores de Aves de Colombia y Venezuela vivieron una experiencia \u00fanica en el Parque Nacional La Culata - Realidad Tur\u00edstica","robots":{"index":"index","follow":"follow","max-snippet":"max-snippet:-1","max-image-preview":"max-image-preview:large","max-video-preview":"max-video-preview:-1"},"canonical":"https:\/\/realidadturistica.com\/realtur\/observadores-de-aves-de-colombia-y-venezuela-vivieron-una-experiencia-unica-en-el-parque-nacional-la-culata\/","og_locale":"es_ES","og_type":"article","og_title":"Observadores de Aves de Colombia y Venezuela vivieron una experiencia \u00fanica en el Parque Nacional La Culata","og_description":"Venezuela. Con el prop\u00f3sito de promover el conocimiento acerca de la riqueza avifaun\u00edstica e impulsar el intercambio cultural entre Venezuela y Colombia, este viernes 11&hellip;","og_url":"https:\/\/realidadturistica.com\/realtur\/observadores-de-aves-de-colombia-y-venezuela-vivieron-una-experiencia-unica-en-el-parque-nacional-la-culata\/","og_site_name":"Realidad Tur\u00edstica","article_publisher":"https:\/\/www.facebook.com\/realidadturistica","article_published_time":"2024-10-14T02:44:14+00:00","article_modified_time":"2024-10-14T02:44:16+00:00","og_image":[{"width":800,"height":600,"url":"https:\/\/realidadturistica.com\/realtur\/wp-content\/uploads\/2024\/10\/Observadores-de-Aves.jpg","type":"image\/jpeg"}],"author":"Editor","twitter_card":"summary_large_image","twitter_misc":{"Escrito por":"Editor","Tiempo de lectura":"2 minutos"},"schema":{"@context":"https:\/\/schema.org","@graph":[{"@type":"Article","@id":"https:\/\/realidadturistica.com\/realtur\/observadores-de-aves-de-colombia-y-venezuela-vivieron-una-experiencia-unica-en-el-parque-nacional-la-culata\/#article","isPartOf":{"@id":"https:\/\/realidadturistica.com\/realtur\/observadores-de-aves-de-colombia-y-venezuela-vivieron-una-experiencia-unica-en-el-parque-nacional-la-culata\/"},"author":{"name":"Editor","@id":"https:\/\/realidadturistica.com\/realtur\/#\/schema\/person\/ade671191202490fcf08ab21590de73e"},"headline":"Observadores de Aves de Colombia y Venezuela vivieron una experiencia \u00fanica en el Parque Nacional La Culata","datePublished":"2024-10-14T02:44:14+00:00","dateModified":"2024-10-14T02:44:16+00:00","mainEntityOfPage":{"@id":"https:\/\/realidadturistica.com\/realtur\/observadores-de-aves-de-colombia-y-venezuela-vivieron-una-experiencia-unica-en-el-parque-nacional-la-culata\/"},"wordCount":357,"commentCount":0,"publisher":{"@id":"https:\/\/realidadturistica.com\/realtur\/#organization"},"image":{"@id":"https:\/\/realidadturistica.com\/realtur\/observadores-de-aves-de-colombia-y-venezuela-vivieron-una-experiencia-unica-en-el-parque-nacional-la-culata\/#primaryimage"},"thumbnailUrl":"https:\/\/realidadturistica.com\/realtur\/wp-content\/uploads\/2024\/10\/Observadores-de-Aves.jpg","articleSection":["Destinos M\u00e1gicos"],"inLanguage":"es","potentialAction":[{"@type":"CommentAction","name":"Comment","target":["https:\/\/realidadturistica.com\/realtur\/observadores-de-aves-de-colombia-y-venezuela-vivieron-una-experiencia-unica-en-el-parque-nacional-la-culata\/#respond"]}]},{"@type":"WebPage","@id":"https:\/\/realidadturistica.com\/realtur\/observadores-de-aves-de-colombia-y-venezuela-vivieron-una-experiencia-unica-en-el-parque-nacional-la-culata\/","url":"https:\/\/realidadturistica.com\/realtur\/observadores-de-aves-de-colombia-y-venezuela-vivieron-una-experiencia-unica-en-el-parque-nacional-la-culata\/","name":"Observadores de Aves de Colombia y Venezuela vivieron una experiencia \u00fanica en el Parque Nacional La Culata - Realidad Tur\u00edstica","isPartOf":{"@id":"https:\/\/realidadturistica.com\/realtur\/#website"},"primaryImageOfPage":{"@id":"https:\/\/realidadturistica.com\/realtur\/observadores-de-aves-de-colombia-y-venezuela-vivieron-una-experiencia-unica-en-el-parque-nacional-la-culata\/#primaryimage"},"image":{"@id":"https:\/\/realidadturistica.com\/realtur\/observadores-de-aves-de-colombia-y-venezuela-vivieron-una-experiencia-unica-en-el-parque-nacional-la-culata\/#primaryimage"},"thumbnailUrl":"https:\/\/realidadturistica.com\/realtur\/wp-content\/uploads\/2024\/10\/Observadores-de-Aves.jpg","datePublished":"2024-10-14T02:44:14+00:00","dateModified":"2024-10-14T02:44:16+00:00","breadcrumb":{"@id":"https:\/\/realidadturistica.com\/realtur\/observadores-de-aves-de-colombia-y-venezuela-vivieron-una-experiencia-unica-en-el-parque-nacional-la-culata\/#breadcrumb"},"inLanguage":"es","potentialAction":[{"@type":"ReadAction","target":["https:\/\/realidadturistica.com\/realtur\/observadores-de-aves-de-colombia-y-venezuela-vivieron-una-experiencia-unica-en-el-parque-nacional-la-culata\/"]}]},{"@type":"ImageObject","inLanguage":"es","@id":"https:\/\/realidadturistica.com\/realtur\/observadores-de-aves-de-colombia-y-venezuela-vivieron-una-experiencia-unica-en-el-parque-nacional-la-culata\/#primaryimage","url":"https:\/\/realidadturistica.com\/realtur\/wp-content\/uploads\/2024\/10\/Observadores-de-Aves.jpg","contentUrl":"https:\/\/realidadturistica.com\/realtur\/wp-content\/uploads\/2024\/10\/Observadores-de-Aves.jpg","width":800,"height":600},{"@type":"BreadcrumbList","@id":"https:\/\/realidadturistica.com\/realtur\/observadores-de-aves-de-colombia-y-venezuela-vivieron-una-experiencia-unica-en-el-parque-nacional-la-culata\/#breadcrumb","itemListElement":[{"@type":"ListItem","position":1,"name":"Portada","item":"https:\/\/realidadturistica.com\/realtur\/"},{"@type":"ListItem","position":2,"name":"Observadores de Aves de Colombia y Venezuela vivieron una experiencia \u00fanica en el Parque Nacional La Culata"}]},{"@type":"WebSite","@id":"https:\/\/realidadturistica.com\/realtur\/#website","url":"https:\/\/realidadturistica.com\/realtur\/","name":"Realidad Tur\u00edstica","description":"","publisher":{"@id":"https:\/\/realidadturistica.com\/realtur\/#organization"},"potentialAction":[{"@type":"SearchAction","target":{"@type":"EntryPoint","urlTemplate":"https:\/\/realidadturistica.com\/realtur\/?s={search_term_string}"},"query-input":{"@type":"PropertyValueSpecification","valueRequired":true,"valueName":"search_term_string"}}],"inLanguage":"es"},{"@type":"Organization","@id":"https:\/\/realidadturistica.com\/realtur\/#organization","name":"Realidad Tur\u00edstica","url":"https:\/\/realidadturistica.com\/realtur\/","logo":{"@type":"ImageObject","inLanguage":"es","@id":"https:\/\/realidadturistica.com\/realtur\/#\/schema\/logo\/image\/","url":"https:\/\/realidadturistica.com\/realtur\/wp-content\/uploads\/2021\/12\/logotipo-realidad-turistica.png","contentUrl":"https:\/\/realidadturistica.com\/realtur\/wp-content\/uploads\/2021\/12\/logotipo-realidad-turistica.png","width":1382,"height":629,"caption":"Realidad Tur\u00edstica"},"image":{"@id":"https:\/\/realidadturistica.com\/realtur\/#\/schema\/logo\/image\/"},"sameAs":["https:\/\/www.facebook.com\/realidadturistica","https:\/\/www.instagram.com\/realidad_turistica\/"]},{"@type":"Person","@id":"https:\/\/realidadturistica.com\/realtur\/#\/schema\/person\/ade671191202490fcf08ab21590de73e","name":"Editor","image":{"@type":"ImageObject","inLanguage":"es","@id":"https:\/\/realidadturistica.com\/realtur\/wp-content\/uploads\/2023\/09\/Editor_avatar_1693668634-96x96.png","url":"https:\/\/realidadturistica.com\/realtur\/wp-content\/uploads\/2023\/09\/Editor_avatar_1693668634-96x96.png","contentUrl":"https:\/\/realidadturistica.com\/realtur\/wp-content\/uploads\/2023\/09\/Editor_avatar_1693668634-96x96.png","caption":"Editor"},"sameAs":["https:\/\/realidadturistica.com\/realtur"],"url":"https:\/\/realidadturistica.com\/realtur\/author\/editor2\/"}]}},"_links":{"self":[{"href":"https:\/\/realidadturistica.com\/realtur\/wp-json\/wp\/v2\/posts\/8277","targetHints":{"allow":["GET"]}}],"collection":[{"href":"https:\/\/realidadturistica.com\/realtur\/wp-json\/wp\/v2\/posts"}],"about":[{"href":"https:\/\/realidadturistica.com\/realtur\/wp-json\/wp\/v2\/types\/post"}],"author":[{"embeddable":true,"href":"https:\/\/realidadturistica.com\/realtur\/wp-json\/wp\/v2\/users\/2"}],"replies":[{"embeddable":true,"href":"https:\/\/realidadturistica.com\/realtur\/wp-json\/wp\/v2\/comments?post=8277"}],"version-history":[{"count":1,"href":"https:\/\/realidadturistica.com\/realtur\/wp-json\/wp\/v2\/posts\/8277\/revisions"}],"predecessor-version":[{"id":8280,"href":"https:\/\/realidadturistica.com\/realtur\/wp-json\/wp\/v2\/posts\/8277\/revisions\/8280"}],"wp:featuredmedia":[{"embeddable":true,"href":"https:\/\/realidadturistica.com\/realtur\/wp-json\/wp\/v2\/media\/8278"}],"wp:attachment":[{"href":"https:\/\/realidadturistica.com\/realtur\/wp-json\/wp\/v2\/media?parent=8277"}],"wp:term":[{"taxonomy":"category","embeddable":true,"href":"https:\/\/realidadturistica.com\/realtur\/wp-json\/wp\/v2\/categories?post=8277"},{"taxonomy":"post_tag","embeddable":true,"href":"https:\/\/realidadturistica.com\/realtur\/wp-json\/wp\/v2\/tags?post=8277"}],"curies":[{"name":"wp","href":"https:\/\/api.w.org\/{rel}","templated":true}]}}