{"id":8301,"date":"2024-10-17T04:25:57","date_gmt":"2024-10-17T04:25:57","guid":{"rendered":"https:\/\/realidadturistica.com\/realtur\/?p=8301"},"modified":"2024-10-17T04:27:24","modified_gmt":"2024-10-17T04:27:24","slug":"cuba-en-la-mira-de-eslovaquia","status":"publish","type":"post","link":"https:\/\/realidadturistica.com\/realtur\/cuba-en-la-mira-de-eslovaquia\/","title":{"rendered":"Cuba en la mira de Eslovaquia"},"content":{"rendered":"\n<p>Cuba. La Asociaci\u00f3n de operadores tur\u00edsticos y agencias de viajes de Eslovaquia por sus siglas SACKA seleccion\u00f3 a Cuba como destino sede para su resumen anual de la actividad tur\u00edstica desplegada durante el 2023. Bajo este objetivo, familiarizar a m\u00e1s de 70 participantes del sector de viajes con el destino cubano como un \u201cnuevo producto\u201d en inter\u00e9s de promocionar y potenciar las ventas para el venidero 2025.<\/p>\n\n\n\n<p>El despertar de Eslovaquia respecto a la motivaci\u00f3n de viajar fuera de sus fronteras, se reactiv\u00f3 posterior a la pandemia, en 2023 donde por este concepto 128 000 viajeros llegaron a otros destinos de Europa y Vietnam en Asia.<\/p>\n\n\n\n<p>El Caribe, en particular es poco conocido dentro de la regi\u00f3n y a\u00fan no muestra flujos importantes de arribos. Para Cuba hasta octubre del presente a\u00f1o han arribado un total de 5603 eslovacos, mercado que experimenta un exponencial crecimiento dentro de los flujos tur\u00edsticos hacia la Isla.<\/p>\n\n\n\n<p>En la actualidad, el inter\u00e9s de viajar y los destinos para vacaciones de verano se extienden como motivos para los eslovacos, aumentado el porciento de interesados, una se\u00f1al de recuperaci\u00f3n del sector y la confianza hacia algunos pa\u00edses, como destinos novedosos o desconocidos en comparaci\u00f3n con el a\u00f1o anterior.<\/p>\n\n\n\n<p>Las relaciones entre operadores eslovacos y Havanatur comenzaron con Orbis Tours, agencia de turismo que particip\u00f3 en el Megafam 45 aniversario del Grupo Havanatur el pasado a\u00f1o, quien propuso a SACKA elegir a este operador como receptivo oficial para la realizaci\u00f3n del magno evento en Cuba.<\/p>\n\n\n\n<figure class=\"wp-block-image size-full\"><img fetchpriority=\"high\" decoding=\"async\" width=\"918\" height=\"572\" src=\"https:\/\/realidadturistica.com\/realtur\/wp-content\/uploads\/2024\/10\/IMG-20241016-WA0009.jpg\" alt=\"\" class=\"wp-image-8303\" srcset=\"https:\/\/realidadturistica.com\/realtur\/wp-content\/uploads\/2024\/10\/IMG-20241016-WA0009.jpg 918w, https:\/\/realidadturistica.com\/realtur\/wp-content\/uploads\/2024\/10\/IMG-20241016-WA0009-300x187.jpg 300w, https:\/\/realidadturistica.com\/realtur\/wp-content\/uploads\/2024\/10\/IMG-20241016-WA0009-768x479.jpg 768w, https:\/\/realidadturistica.com\/realtur\/wp-content\/uploads\/2024\/10\/IMG-20241016-WA0009-585x365.jpg 585w\" sizes=\"(max-width: 918px) 100vw, 918px\" \/><\/figure>\n\n\n\n<p>Se ha previsto entre las actividades oficiales, una presentaci\u00f3n de Cuba como destino tur\u00edstico por parte del Ministerio del Turismo, adem\u00e1s de la presentaci\u00f3n de la cartera de productos y servicios del \u00fanico turoperador ciento por ciento cubano junto a la firma de dos memor\u00e1ndums de entendimiento entre el Grupo Havanatur S.A y las asociaciones de operadores y agencias de viajes de Eslovaquia SACKA y Rep\u00fablica Checa ACCKA.<\/p>\n\n\n\n<p>Como parte del programa los m\u00e1s de 70 operadores tur\u00edsticos, de visita en la Isla, realizar\u00e1n un recorrido de familiarizaci\u00f3n que incluye visitas en La Habana, Cienfuegos y Trinidad culminando su estad\u00eda en Varadero, principal destino de sol y playa, reconocido entre las diez mejores playas del mundo.<\/p>\n\n\n\n<p>Fuente: <a href=\"https:\/\/newsinamerica.com\/pdcc\/turismo\/2024\/cuba-en-la-mira-de-eslovaquia\/\">Peri\u00f3dico Digital Centroamericano y del Caribe<\/a><\/p>\n","protected":false},"excerpt":{"rendered":"<p>Cuba. La Asociaci\u00f3n de operadores tur\u00edsticos y agencias de viajes de Eslovaquia por sus siglas SACKA seleccion\u00f3 a Cuba como destino sede para su resumen&hellip;<\/p>\n","protected":false},"author":2,"featured_media":8302,"comment_status":"open","ping_status":"closed","sticky":false,"template":"","format":"standard","meta":{"content-type":"","_lmt_disableupdate":"","_lmt_disable":"","footnotes":""},"categories":[4],"tags":[],"class_list":["post-8301","post","type-post","status-publish","format-standard","has-post-thumbnail","hentry","category-destinos"],"yoast_head":"<!-- This site is optimized with the Yoast SEO Premium plugin v27.4 (Yoast SEO v27.5) - https:\/\/yoast.com\/product\/yoast-seo-premium-wordpress\/ -->\n<title>Cuba en la mira de Eslovaquia - Realidad Tur\u00edstica<\/title>\n<meta name=\"robots\" content=\"index, follow, max-snippet:-1, max-image-preview:large, max-video-preview:-1\" \/>\n<link rel=\"canonical\" href=\"https:\/\/realidadturistica.com\/realtur\/cuba-en-la-mira-de-eslovaquia\/\" \/>\n<meta property=\"og:locale\" content=\"es_ES\" \/>\n<meta property=\"og:type\" content=\"article\" \/>\n<meta property=\"og:title\" content=\"Cuba en la mira de Eslovaquia\" \/>\n<meta property=\"og:description\" content=\"Cuba. La Asociaci\u00f3n de operadores tur\u00edsticos y agencias de viajes de Eslovaquia por sus siglas SACKA seleccion\u00f3 a Cuba como destino sede para su resumen&hellip;\" \/>\n<meta property=\"og:url\" content=\"https:\/\/realidadturistica.com\/realtur\/cuba-en-la-mira-de-eslovaquia\/\" \/>\n<meta property=\"og:site_name\" content=\"Realidad Tur\u00edstica\" \/>\n<meta property=\"article:publisher\" content=\"https:\/\/www.facebook.com\/realidadturistica\" \/>\n<meta property=\"article:published_time\" content=\"2024-10-17T04:25:57+00:00\" \/>\n<meta property=\"article:modified_time\" content=\"2024-10-17T04:27:24+00:00\" \/>\n<meta property=\"og:image\" content=\"https:\/\/realidadturistica.com\/realtur\/wp-content\/uploads\/2024\/10\/IMG-20241016-WA0011.jpg\" \/>\n\t<meta property=\"og:image:width\" content=\"1080\" \/>\n\t<meta property=\"og:image:height\" content=\"810\" \/>\n\t<meta property=\"og:image:type\" content=\"image\/jpeg\" \/>\n<meta name=\"author\" content=\"Editor\" \/>\n<meta name=\"twitter:card\" content=\"summary_large_image\" \/>\n<meta name=\"twitter:label1\" content=\"Escrito por\" \/>\n\t<meta name=\"twitter:data1\" content=\"Editor\" \/>\n\t<meta name=\"twitter:label2\" content=\"Tiempo de lectura\" \/>\n\t<meta name=\"twitter:data2\" content=\"3 minutos\" \/>\n<script type=\"application\/ld+json\" class=\"yoast-schema-graph\">{\"@context\":\"https:\\\/\\\/schema.org\",\"@graph\":[{\"@type\":\"Article\",\"@id\":\"https:\\\/\\\/realidadturistica.com\\\/realtur\\\/cuba-en-la-mira-de-eslovaquia\\\/#article\",\"isPartOf\":{\"@id\":\"https:\\\/\\\/realidadturistica.com\\\/realtur\\\/cuba-en-la-mira-de-eslovaquia\\\/\"},\"author\":{\"name\":\"Editor\",\"@id\":\"https:\\\/\\\/realidadturistica.com\\\/realtur\\\/#\\\/schema\\\/person\\\/ade671191202490fcf08ab21590de73e\"},\"headline\":\"Cuba en la mira de Eslovaquia\",\"datePublished\":\"2024-10-17T04:25:57+00:00\",\"dateModified\":\"2024-10-17T04:27:24+00:00\",\"mainEntityOfPage\":{\"@id\":\"https:\\\/\\\/realidadturistica.com\\\/realtur\\\/cuba-en-la-mira-de-eslovaquia\\\/\"},\"wordCount\":399,\"commentCount\":0,\"publisher\":{\"@id\":\"https:\\\/\\\/realidadturistica.com\\\/realtur\\\/#organization\"},\"image\":{\"@id\":\"https:\\\/\\\/realidadturistica.com\\\/realtur\\\/cuba-en-la-mira-de-eslovaquia\\\/#primaryimage\"},\"thumbnailUrl\":\"https:\\\/\\\/realidadturistica.com\\\/realtur\\\/wp-content\\\/uploads\\\/2024\\\/10\\\/IMG-20241016-WA0011.jpg\",\"articleSection\":[\"Destinos M\u00e1gicos\"],\"inLanguage\":\"es\",\"potentialAction\":[{\"@type\":\"CommentAction\",\"name\":\"Comment\",\"target\":[\"https:\\\/\\\/realidadturistica.com\\\/realtur\\\/cuba-en-la-mira-de-eslovaquia\\\/#respond\"]}]},{\"@type\":\"WebPage\",\"@id\":\"https:\\\/\\\/realidadturistica.com\\\/realtur\\\/cuba-en-la-mira-de-eslovaquia\\\/\",\"url\":\"https:\\\/\\\/realidadturistica.com\\\/realtur\\\/cuba-en-la-mira-de-eslovaquia\\\/\",\"name\":\"Cuba en la mira de Eslovaquia - Realidad Tur\u00edstica\",\"isPartOf\":{\"@id\":\"https:\\\/\\\/realidadturistica.com\\\/realtur\\\/#website\"},\"primaryImageOfPage\":{\"@id\":\"https:\\\/\\\/realidadturistica.com\\\/realtur\\\/cuba-en-la-mira-de-eslovaquia\\\/#primaryimage\"},\"image\":{\"@id\":\"https:\\\/\\\/realidadturistica.com\\\/realtur\\\/cuba-en-la-mira-de-eslovaquia\\\/#primaryimage\"},\"thumbnailUrl\":\"https:\\\/\\\/realidadturistica.com\\\/realtur\\\/wp-content\\\/uploads\\\/2024\\\/10\\\/IMG-20241016-WA0011.jpg\",\"datePublished\":\"2024-10-17T04:25:57+00:00\",\"dateModified\":\"2024-10-17T04:27:24+00:00\",\"breadcrumb\":{\"@id\":\"https:\\\/\\\/realidadturistica.com\\\/realtur\\\/cuba-en-la-mira-de-eslovaquia\\\/#breadcrumb\"},\"inLanguage\":\"es\",\"potentialAction\":[{\"@type\":\"ReadAction\",\"target\":[\"https:\\\/\\\/realidadturistica.com\\\/realtur\\\/cuba-en-la-mira-de-eslovaquia\\\/\"]}]},{\"@type\":\"ImageObject\",\"inLanguage\":\"es\",\"@id\":\"https:\\\/\\\/realidadturistica.com\\\/realtur\\\/cuba-en-la-mira-de-eslovaquia\\\/#primaryimage\",\"url\":\"https:\\\/\\\/realidadturistica.com\\\/realtur\\\/wp-content\\\/uploads\\\/2024\\\/10\\\/IMG-20241016-WA0011.jpg\",\"contentUrl\":\"https:\\\/\\\/realidadturistica.com\\\/realtur\\\/wp-content\\\/uploads\\\/2024\\\/10\\\/IMG-20241016-WA0011.jpg\",\"width\":1080,\"height\":810},{\"@type\":\"BreadcrumbList\",\"@id\":\"https:\\\/\\\/realidadturistica.com\\\/realtur\\\/cuba-en-la-mira-de-eslovaquia\\\/#breadcrumb\",\"itemListElement\":[{\"@type\":\"ListItem\",\"position\":1,\"name\":\"Portada\",\"item\":\"https:\\\/\\\/realidadturistica.com\\\/realtur\\\/\"},{\"@type\":\"ListItem\",\"position\":2,\"name\":\"Cuba en la mira de Eslovaquia\"}]},{\"@type\":\"WebSite\",\"@id\":\"https:\\\/\\\/realidadturistica.com\\\/realtur\\\/#website\",\"url\":\"https:\\\/\\\/realidadturistica.com\\\/realtur\\\/\",\"name\":\"Realidad Tur\u00edstica\",\"description\":\"\",\"publisher\":{\"@id\":\"https:\\\/\\\/realidadturistica.com\\\/realtur\\\/#organization\"},\"potentialAction\":[{\"@type\":\"SearchAction\",\"target\":{\"@type\":\"EntryPoint\",\"urlTemplate\":\"https:\\\/\\\/realidadturistica.com\\\/realtur\\\/?s={search_term_string}\"},\"query-input\":{\"@type\":\"PropertyValueSpecification\",\"valueRequired\":true,\"valueName\":\"search_term_string\"}}],\"inLanguage\":\"es\"},{\"@type\":\"Organization\",\"@id\":\"https:\\\/\\\/realidadturistica.com\\\/realtur\\\/#organization\",\"name\":\"Realidad Tur\u00edstica\",\"url\":\"https:\\\/\\\/realidadturistica.com\\\/realtur\\\/\",\"logo\":{\"@type\":\"ImageObject\",\"inLanguage\":\"es\",\"@id\":\"https:\\\/\\\/realidadturistica.com\\\/realtur\\\/#\\\/schema\\\/logo\\\/image\\\/\",\"url\":\"https:\\\/\\\/realidadturistica.com\\\/realtur\\\/wp-content\\\/uploads\\\/2021\\\/12\\\/logotipo-realidad-turistica.png\",\"contentUrl\":\"https:\\\/\\\/realidadturistica.com\\\/realtur\\\/wp-content\\\/uploads\\\/2021\\\/12\\\/logotipo-realidad-turistica.png\",\"width\":1382,\"height\":629,\"caption\":\"Realidad Tur\u00edstica\"},\"image\":{\"@id\":\"https:\\\/\\\/realidadturistica.com\\\/realtur\\\/#\\\/schema\\\/logo\\\/image\\\/\"},\"sameAs\":[\"https:\\\/\\\/www.facebook.com\\\/realidadturistica\",\"https:\\\/\\\/www.instagram.com\\\/realidad_turistica\\\/\"]},{\"@type\":\"Person\",\"@id\":\"https:\\\/\\\/realidadturistica.com\\\/realtur\\\/#\\\/schema\\\/person\\\/ade671191202490fcf08ab21590de73e\",\"name\":\"Editor\",\"image\":{\"@type\":\"ImageObject\",\"inLanguage\":\"es\",\"@id\":\"https:\\\/\\\/realidadturistica.com\\\/realtur\\\/wp-content\\\/uploads\\\/2023\\\/09\\\/Editor_avatar_1693668634-96x96.png\",\"url\":\"https:\\\/\\\/realidadturistica.com\\\/realtur\\\/wp-content\\\/uploads\\\/2023\\\/09\\\/Editor_avatar_1693668634-96x96.png\",\"contentUrl\":\"https:\\\/\\\/realidadturistica.com\\\/realtur\\\/wp-content\\\/uploads\\\/2023\\\/09\\\/Editor_avatar_1693668634-96x96.png\",\"caption\":\"Editor\"},\"sameAs\":[\"https:\\\/\\\/realidadturistica.com\\\/realtur\"],\"url\":\"https:\\\/\\\/realidadturistica.com\\\/realtur\\\/author\\\/editor2\\\/\"}]}<\/script>\n<!-- \/ Yoast SEO Premium plugin. -->","yoast_head_json":{"title":"Cuba en la mira de Eslovaquia - Realidad Tur\u00edstica","robots":{"index":"index","follow":"follow","max-snippet":"max-snippet:-1","max-image-preview":"max-image-preview:large","max-video-preview":"max-video-preview:-1"},"canonical":"https:\/\/realidadturistica.com\/realtur\/cuba-en-la-mira-de-eslovaquia\/","og_locale":"es_ES","og_type":"article","og_title":"Cuba en la mira de Eslovaquia","og_description":"Cuba. La Asociaci\u00f3n de operadores tur\u00edsticos y agencias de viajes de Eslovaquia por sus siglas SACKA seleccion\u00f3 a Cuba como destino sede para su resumen&hellip;","og_url":"https:\/\/realidadturistica.com\/realtur\/cuba-en-la-mira-de-eslovaquia\/","og_site_name":"Realidad Tur\u00edstica","article_publisher":"https:\/\/www.facebook.com\/realidadturistica","article_published_time":"2024-10-17T04:25:57+00:00","article_modified_time":"2024-10-17T04:27:24+00:00","og_image":[{"width":1080,"height":810,"url":"https:\/\/realidadturistica.com\/realtur\/wp-content\/uploads\/2024\/10\/IMG-20241016-WA0011.jpg","type":"image\/jpeg"}],"author":"Editor","twitter_card":"summary_large_image","twitter_misc":{"Escrito por":"Editor","Tiempo de lectura":"3 minutos"},"schema":{"@context":"https:\/\/schema.org","@graph":[{"@type":"Article","@id":"https:\/\/realidadturistica.com\/realtur\/cuba-en-la-mira-de-eslovaquia\/#article","isPartOf":{"@id":"https:\/\/realidadturistica.com\/realtur\/cuba-en-la-mira-de-eslovaquia\/"},"author":{"name":"Editor","@id":"https:\/\/realidadturistica.com\/realtur\/#\/schema\/person\/ade671191202490fcf08ab21590de73e"},"headline":"Cuba en la mira de Eslovaquia","datePublished":"2024-10-17T04:25:57+00:00","dateModified":"2024-10-17T04:27:24+00:00","mainEntityOfPage":{"@id":"https:\/\/realidadturistica.com\/realtur\/cuba-en-la-mira-de-eslovaquia\/"},"wordCount":399,"commentCount":0,"publisher":{"@id":"https:\/\/realidadturistica.com\/realtur\/#organization"},"image":{"@id":"https:\/\/realidadturistica.com\/realtur\/cuba-en-la-mira-de-eslovaquia\/#primaryimage"},"thumbnailUrl":"https:\/\/realidadturistica.com\/realtur\/wp-content\/uploads\/2024\/10\/IMG-20241016-WA0011.jpg","articleSection":["Destinos M\u00e1gicos"],"inLanguage":"es","potentialAction":[{"@type":"CommentAction","name":"Comment","target":["https:\/\/realidadturistica.com\/realtur\/cuba-en-la-mira-de-eslovaquia\/#respond"]}]},{"@type":"WebPage","@id":"https:\/\/realidadturistica.com\/realtur\/cuba-en-la-mira-de-eslovaquia\/","url":"https:\/\/realidadturistica.com\/realtur\/cuba-en-la-mira-de-eslovaquia\/","name":"Cuba en la mira de Eslovaquia - Realidad Tur\u00edstica","isPartOf":{"@id":"https:\/\/realidadturistica.com\/realtur\/#website"},"primaryImageOfPage":{"@id":"https:\/\/realidadturistica.com\/realtur\/cuba-en-la-mira-de-eslovaquia\/#primaryimage"},"image":{"@id":"https:\/\/realidadturistica.com\/realtur\/cuba-en-la-mira-de-eslovaquia\/#primaryimage"},"thumbnailUrl":"https:\/\/realidadturistica.com\/realtur\/wp-content\/uploads\/2024\/10\/IMG-20241016-WA0011.jpg","datePublished":"2024-10-17T04:25:57+00:00","dateModified":"2024-10-17T04:27:24+00:00","breadcrumb":{"@id":"https:\/\/realidadturistica.com\/realtur\/cuba-en-la-mira-de-eslovaquia\/#breadcrumb"},"inLanguage":"es","potentialAction":[{"@type":"ReadAction","target":["https:\/\/realidadturistica.com\/realtur\/cuba-en-la-mira-de-eslovaquia\/"]}]},{"@type":"ImageObject","inLanguage":"es","@id":"https:\/\/realidadturistica.com\/realtur\/cuba-en-la-mira-de-eslovaquia\/#primaryimage","url":"https:\/\/realidadturistica.com\/realtur\/wp-content\/uploads\/2024\/10\/IMG-20241016-WA0011.jpg","contentUrl":"https:\/\/realidadturistica.com\/realtur\/wp-content\/uploads\/2024\/10\/IMG-20241016-WA0011.jpg","width":1080,"height":810},{"@type":"BreadcrumbList","@id":"https:\/\/realidadturistica.com\/realtur\/cuba-en-la-mira-de-eslovaquia\/#breadcrumb","itemListElement":[{"@type":"ListItem","position":1,"name":"Portada","item":"https:\/\/realidadturistica.com\/realtur\/"},{"@type":"ListItem","position":2,"name":"Cuba en la mira de Eslovaquia"}]},{"@type":"WebSite","@id":"https:\/\/realidadturistica.com\/realtur\/#website","url":"https:\/\/realidadturistica.com\/realtur\/","name":"Realidad Tur\u00edstica","description":"","publisher":{"@id":"https:\/\/realidadturistica.com\/realtur\/#organization"},"potentialAction":[{"@type":"SearchAction","target":{"@type":"EntryPoint","urlTemplate":"https:\/\/realidadturistica.com\/realtur\/?s={search_term_string}"},"query-input":{"@type":"PropertyValueSpecification","valueRequired":true,"valueName":"search_term_string"}}],"inLanguage":"es"},{"@type":"Organization","@id":"https:\/\/realidadturistica.com\/realtur\/#organization","name":"Realidad Tur\u00edstica","url":"https:\/\/realidadturistica.com\/realtur\/","logo":{"@type":"ImageObject","inLanguage":"es","@id":"https:\/\/realidadturistica.com\/realtur\/#\/schema\/logo\/image\/","url":"https:\/\/realidadturistica.com\/realtur\/wp-content\/uploads\/2021\/12\/logotipo-realidad-turistica.png","contentUrl":"https:\/\/realidadturistica.com\/realtur\/wp-content\/uploads\/2021\/12\/logotipo-realidad-turistica.png","width":1382,"height":629,"caption":"Realidad Tur\u00edstica"},"image":{"@id":"https:\/\/realidadturistica.com\/realtur\/#\/schema\/logo\/image\/"},"sameAs":["https:\/\/www.facebook.com\/realidadturistica","https:\/\/www.instagram.com\/realidad_turistica\/"]},{"@type":"Person","@id":"https:\/\/realidadturistica.com\/realtur\/#\/schema\/person\/ade671191202490fcf08ab21590de73e","name":"Editor","image":{"@type":"ImageObject","inLanguage":"es","@id":"https:\/\/realidadturistica.com\/realtur\/wp-content\/uploads\/2023\/09\/Editor_avatar_1693668634-96x96.png","url":"https:\/\/realidadturistica.com\/realtur\/wp-content\/uploads\/2023\/09\/Editor_avatar_1693668634-96x96.png","contentUrl":"https:\/\/realidadturistica.com\/realtur\/wp-content\/uploads\/2023\/09\/Editor_avatar_1693668634-96x96.png","caption":"Editor"},"sameAs":["https:\/\/realidadturistica.com\/realtur"],"url":"https:\/\/realidadturistica.com\/realtur\/author\/editor2\/"}]}},"_links":{"self":[{"href":"https:\/\/realidadturistica.com\/realtur\/wp-json\/wp\/v2\/posts\/8301","targetHints":{"allow":["GET"]}}],"collection":[{"href":"https:\/\/realidadturistica.com\/realtur\/wp-json\/wp\/v2\/posts"}],"about":[{"href":"https:\/\/realidadturistica.com\/realtur\/wp-json\/wp\/v2\/types\/post"}],"author":[{"embeddable":true,"href":"https:\/\/realidadturistica.com\/realtur\/wp-json\/wp\/v2\/users\/2"}],"replies":[{"embeddable":true,"href":"https:\/\/realidadturistica.com\/realtur\/wp-json\/wp\/v2\/comments?post=8301"}],"version-history":[{"count":2,"href":"https:\/\/realidadturistica.com\/realtur\/wp-json\/wp\/v2\/posts\/8301\/revisions"}],"predecessor-version":[{"id":8305,"href":"https:\/\/realidadturistica.com\/realtur\/wp-json\/wp\/v2\/posts\/8301\/revisions\/8305"}],"wp:featuredmedia":[{"embeddable":true,"href":"https:\/\/realidadturistica.com\/realtur\/wp-json\/wp\/v2\/media\/8302"}],"wp:attachment":[{"href":"https:\/\/realidadturistica.com\/realtur\/wp-json\/wp\/v2\/media?parent=8301"}],"wp:term":[{"taxonomy":"category","embeddable":true,"href":"https:\/\/realidadturistica.com\/realtur\/wp-json\/wp\/v2\/categories?post=8301"},{"taxonomy":"post_tag","embeddable":true,"href":"https:\/\/realidadturistica.com\/realtur\/wp-json\/wp\/v2\/tags?post=8301"}],"curies":[{"name":"wp","href":"https:\/\/api.w.org\/{rel}","templated":true}]}}