{"id":8343,"date":"2024-10-22T20:32:27","date_gmt":"2024-10-22T20:32:27","guid":{"rendered":"https:\/\/realidadturistica.com\/realtur\/?p=8343"},"modified":"2024-10-22T20:32:30","modified_gmt":"2024-10-22T20:32:30","slug":"colombia-el-pais-de-la-belleza-volvio-a-ocupar-el-primer-lugar-del-mundo-en-avistamiento-de-aves","status":"publish","type":"post","link":"https:\/\/realidadturistica.com\/realtur\/colombia-el-pais-de-la-belleza-volvio-a-ocupar-el-primer-lugar-del-mundo-en-avistamiento-de-aves\/","title":{"rendered":"Colombia, el Pa\u00eds de la Belleza, volvi\u00f3 a ocupar el primer lugar del mundo en avistamiento de aves"},"content":{"rendered":"\n<p class=\"wp-block-yoast-seo-estimated-reading-time yoast-reading-time__wrapper\"><span class=\"yoast-reading-time__icon\"><svg aria-hidden=\"true\" focusable=\"false\" data-icon=\"clock\" width=\"20\" height=\"20\" fill=\"none\" stroke=\"currentColor\" style=\"display:inline-block;vertical-align:-0.1em\" role=\"img\" xmlns=\"http:\/\/www.w3.org\/2000\/svg\" viewBox=\"0 0 24 24\"><path stroke-linecap=\"round\" stroke-linejoin=\"round\" stroke-width=\"2\" d=\"M12 8v4l3 3m6-3a9 9 0 11-18 0 9 9 0 0118 0z\"><\/path><\/svg><\/span><span class=\"yoast-reading-time__spacer\" style=\"display:inline-block;width:1em\"><\/span><span class=\"yoast-reading-time__descriptive-text\">Estimated reading time: <\/span><span class=\"yoast-reading-time__reading-time\">3<\/span><span class=\"yoast-reading-time__time-unit\"> minutos<\/span><\/p>\n\n\n\n<p>Colombia, el Pa\u00eds de la Belleza, volvi\u00f3 a demostrar por qu\u00e9 es el destino perfecto para los observadores de aves y la segunda naci\u00f3n m\u00e1s biodiversa del planeta. El pasado 12 de octubre, en el marco del October Big Day, el pa\u00eds ocup\u00f3 el primer lugar en el mundo en avistamiento de aves.<br><br>Durante la jornada, que se llev\u00f3 a cabo de manera simult\u00e1nea en todos los rincones del planeta, los aficionados al aviturismo registraron las especies que por esta \u00e9poca del a\u00f1o escapan del fr\u00edo en el norte de los continentes para buscar tierras m\u00e1s c\u00e1lidas y con m\u00e1s alimento cerca de la l\u00ednea ecuatorial, adem\u00e1s de las ya residentes.<br><br>Seg\u00fan la plataforma EBird, desarrollada por la Universidad de Cornell, en Estados Unidos, en Colombia se avistaron 1.404 especies, es decir 15 m\u00e1s que en 2023 cuando el n\u00famero fue de 1.89. Per\u00fa ocup\u00f3 el segundo lugar con 1.328, mientras que Brasil fue tercera con 1.240.<br><br>M\u00e1s abajo aparecen pa\u00edses como Argentina (772), Tanzania (772), India (751), Kenia (739) y Costa Rica (729), por nombrar algunos.<br><br>Asimismo, la aplicaci\u00f3n de esta Universidad, que tiene la base de datos cient\u00edfica m\u00e1s grande del mundo en esta materia, registr\u00f3 que en el hemisferio oriental se avistaron 4.117 especies, mientras que en el hemisferio occidental fueron 3.948.<br><br>En cuanto a los resultados generales de este October Big Day, un total de 43.983 pajareros (como se les conoce a los aficionados al aviturismo) vieron en todo el mundo a 7.845 especies, una cifra que demuestra el crecimiento de este tipo de turismo.<br><br>Juan Manrique Camargo, viceministro de Turismo (e), resalt\u00f3 que \u201cestos resultados son importantes porque nos permiten tener un panorama claro a la hora de seguir trabajando por promocionar el aviturismo en nuestro pa\u00eds y seguir consolidando destinos emergentes que, gracias a estas actividades, fortalecen sus econom\u00edas sociales\u201d.<br><br>Recordemos que a la fecha, el Ministerio de Comercio, Industria y Turismo cuenta con cuatro rutas avitur\u00edsticas en todo el pa\u00eds, dise\u00f1adas en conjunto con la organizaci\u00f3n Audubon Colombia. Se trata de la Ruta Central, la Ruta Norte, la Ruta Centro Oriental y la Ruta Sur Oriental.<br><br>De hecho, se siguen sumando esfuerzos para sacar adelante la Ruta de los Llanos y la Orinoqu\u00eda, para que m\u00e1s viajeros e interesados en el aviturismo puedan disfrutar de esta actividad en Colombia, el Pa\u00eds de la Belleza.<br>\u00a0<\/p>\n\n\n\n<p>Fuente: mincit.gov.co<\/p>\n","protected":false},"excerpt":{"rendered":"<p>Colombia, el Pa\u00eds de la Belleza, volvi\u00f3 a demostrar por qu\u00e9 es el destino perfecto para los observadores de aves y la segunda naci\u00f3n m\u00e1s&hellip;<\/p>\n","protected":false},"author":2,"featured_media":8344,"comment_status":"open","ping_status":"closed","sticky":false,"template":"","format":"standard","meta":{"content-type":"","_lmt_disableupdate":"","_lmt_disable":"","footnotes":""},"categories":[6],"tags":[],"class_list":["post-8343","post","type-post","status-publish","format-standard","has-post-thumbnail","hentry","category-turismo"],"yoast_head":"<!-- This site is optimized with the Yoast SEO Premium plugin v27.4 (Yoast SEO v27.4) - https:\/\/yoast.com\/product\/yoast-seo-premium-wordpress\/ -->\n<title>Colombia, el Pa\u00eds de la Belleza, volvi\u00f3 a ocupar el primer lugar del mundo en avistamiento de aves - Realidad Tur\u00edstica<\/title>\n<meta name=\"robots\" content=\"index, follow, max-snippet:-1, max-image-preview:large, max-video-preview:-1\" \/>\n<link rel=\"canonical\" href=\"https:\/\/realidadturistica.com\/realtur\/colombia-el-pais-de-la-belleza-volvio-a-ocupar-el-primer-lugar-del-mundo-en-avistamiento-de-aves\/\" \/>\n<meta property=\"og:locale\" content=\"es_ES\" \/>\n<meta property=\"og:type\" content=\"article\" \/>\n<meta property=\"og:title\" content=\"Colombia, el Pa\u00eds de la Belleza, volvi\u00f3 a ocupar el primer lugar del mundo en avistamiento de aves\" \/>\n<meta property=\"og:description\" content=\"Colombia, el Pa\u00eds de la Belleza, volvi\u00f3 a demostrar por qu\u00e9 es el destino perfecto para los observadores de aves y la segunda naci\u00f3n m\u00e1s&hellip;\" \/>\n<meta property=\"og:url\" content=\"https:\/\/realidadturistica.com\/realtur\/colombia-el-pais-de-la-belleza-volvio-a-ocupar-el-primer-lugar-del-mundo-en-avistamiento-de-aves\/\" \/>\n<meta property=\"og:site_name\" content=\"Realidad Tur\u00edstica\" \/>\n<meta property=\"article:publisher\" content=\"https:\/\/www.facebook.com\/realidadturistica\" \/>\n<meta property=\"article:published_time\" content=\"2024-10-22T20:32:27+00:00\" \/>\n<meta property=\"article:modified_time\" content=\"2024-10-22T20:32:30+00:00\" \/>\n<meta property=\"og:image\" content=\"https:\/\/realidadturistica.com\/realtur\/wp-content\/uploads\/2024\/10\/Colombia.jpg\" \/>\n\t<meta property=\"og:image:width\" content=\"850\" \/>\n\t<meta property=\"og:image:height\" content=\"438\" \/>\n\t<meta property=\"og:image:type\" content=\"image\/jpeg\" \/>\n<meta name=\"author\" content=\"Editor\" \/>\n<meta name=\"twitter:card\" content=\"summary_large_image\" \/>\n<meta name=\"twitter:label1\" content=\"Escrito por\" \/>\n\t<meta name=\"twitter:data1\" content=\"Editor\" \/>\n\t<meta name=\"twitter:label2\" content=\"Tiempo de lectura\" \/>\n\t<meta name=\"twitter:data2\" content=\"3 minutos\" \/>\n<script type=\"application\/ld+json\" class=\"yoast-schema-graph\">{\"@context\":\"https:\\\/\\\/schema.org\",\"@graph\":[{\"@type\":\"Article\",\"@id\":\"https:\\\/\\\/realidadturistica.com\\\/realtur\\\/colombia-el-pais-de-la-belleza-volvio-a-ocupar-el-primer-lugar-del-mundo-en-avistamiento-de-aves\\\/#article\",\"isPartOf\":{\"@id\":\"https:\\\/\\\/realidadturistica.com\\\/realtur\\\/colombia-el-pais-de-la-belleza-volvio-a-ocupar-el-primer-lugar-del-mundo-en-avistamiento-de-aves\\\/\"},\"author\":{\"name\":\"Editor\",\"@id\":\"https:\\\/\\\/realidadturistica.com\\\/realtur\\\/#\\\/schema\\\/person\\\/ade671191202490fcf08ab21590de73e\"},\"headline\":\"Colombia, el Pa\u00eds de la Belleza, volvi\u00f3 a ocupar el primer lugar del mundo en avistamiento de aves\",\"datePublished\":\"2024-10-22T20:32:27+00:00\",\"dateModified\":\"2024-10-22T20:32:30+00:00\",\"mainEntityOfPage\":{\"@id\":\"https:\\\/\\\/realidadturistica.com\\\/realtur\\\/colombia-el-pais-de-la-belleza-volvio-a-ocupar-el-primer-lugar-del-mundo-en-avistamiento-de-aves\\\/\"},\"wordCount\":431,\"commentCount\":0,\"publisher\":{\"@id\":\"https:\\\/\\\/realidadturistica.com\\\/realtur\\\/#organization\"},\"image\":{\"@id\":\"https:\\\/\\\/realidadturistica.com\\\/realtur\\\/colombia-el-pais-de-la-belleza-volvio-a-ocupar-el-primer-lugar-del-mundo-en-avistamiento-de-aves\\\/#primaryimage\"},\"thumbnailUrl\":\"https:\\\/\\\/realidadturistica.com\\\/realtur\\\/wp-content\\\/uploads\\\/2024\\\/10\\\/Colombia.jpg\",\"articleSection\":[\"Turismo\"],\"inLanguage\":\"es\",\"potentialAction\":[{\"@type\":\"CommentAction\",\"name\":\"Comment\",\"target\":[\"https:\\\/\\\/realidadturistica.com\\\/realtur\\\/colombia-el-pais-de-la-belleza-volvio-a-ocupar-el-primer-lugar-del-mundo-en-avistamiento-de-aves\\\/#respond\"]}]},{\"@type\":\"WebPage\",\"@id\":\"https:\\\/\\\/realidadturistica.com\\\/realtur\\\/colombia-el-pais-de-la-belleza-volvio-a-ocupar-el-primer-lugar-del-mundo-en-avistamiento-de-aves\\\/\",\"url\":\"https:\\\/\\\/realidadturistica.com\\\/realtur\\\/colombia-el-pais-de-la-belleza-volvio-a-ocupar-el-primer-lugar-del-mundo-en-avistamiento-de-aves\\\/\",\"name\":\"Colombia, el Pa\u00eds de la Belleza, volvi\u00f3 a ocupar el primer lugar del mundo en avistamiento de aves - Realidad Tur\u00edstica\",\"isPartOf\":{\"@id\":\"https:\\\/\\\/realidadturistica.com\\\/realtur\\\/#website\"},\"primaryImageOfPage\":{\"@id\":\"https:\\\/\\\/realidadturistica.com\\\/realtur\\\/colombia-el-pais-de-la-belleza-volvio-a-ocupar-el-primer-lugar-del-mundo-en-avistamiento-de-aves\\\/#primaryimage\"},\"image\":{\"@id\":\"https:\\\/\\\/realidadturistica.com\\\/realtur\\\/colombia-el-pais-de-la-belleza-volvio-a-ocupar-el-primer-lugar-del-mundo-en-avistamiento-de-aves\\\/#primaryimage\"},\"thumbnailUrl\":\"https:\\\/\\\/realidadturistica.com\\\/realtur\\\/wp-content\\\/uploads\\\/2024\\\/10\\\/Colombia.jpg\",\"datePublished\":\"2024-10-22T20:32:27+00:00\",\"dateModified\":\"2024-10-22T20:32:30+00:00\",\"breadcrumb\":{\"@id\":\"https:\\\/\\\/realidadturistica.com\\\/realtur\\\/colombia-el-pais-de-la-belleza-volvio-a-ocupar-el-primer-lugar-del-mundo-en-avistamiento-de-aves\\\/#breadcrumb\"},\"inLanguage\":\"es\",\"potentialAction\":[{\"@type\":\"ReadAction\",\"target\":[\"https:\\\/\\\/realidadturistica.com\\\/realtur\\\/colombia-el-pais-de-la-belleza-volvio-a-ocupar-el-primer-lugar-del-mundo-en-avistamiento-de-aves\\\/\"]}]},{\"@type\":\"ImageObject\",\"inLanguage\":\"es\",\"@id\":\"https:\\\/\\\/realidadturistica.com\\\/realtur\\\/colombia-el-pais-de-la-belleza-volvio-a-ocupar-el-primer-lugar-del-mundo-en-avistamiento-de-aves\\\/#primaryimage\",\"url\":\"https:\\\/\\\/realidadturistica.com\\\/realtur\\\/wp-content\\\/uploads\\\/2024\\\/10\\\/Colombia.jpg\",\"contentUrl\":\"https:\\\/\\\/realidadturistica.com\\\/realtur\\\/wp-content\\\/uploads\\\/2024\\\/10\\\/Colombia.jpg\",\"width\":850,\"height\":438},{\"@type\":\"BreadcrumbList\",\"@id\":\"https:\\\/\\\/realidadturistica.com\\\/realtur\\\/colombia-el-pais-de-la-belleza-volvio-a-ocupar-el-primer-lugar-del-mundo-en-avistamiento-de-aves\\\/#breadcrumb\",\"itemListElement\":[{\"@type\":\"ListItem\",\"position\":1,\"name\":\"Portada\",\"item\":\"https:\\\/\\\/realidadturistica.com\\\/realtur\\\/\"},{\"@type\":\"ListItem\",\"position\":2,\"name\":\"Colombia, el Pa\u00eds de la Belleza, volvi\u00f3 a ocupar el primer lugar del mundo en avistamiento de aves\"}]},{\"@type\":\"WebSite\",\"@id\":\"https:\\\/\\\/realidadturistica.com\\\/realtur\\\/#website\",\"url\":\"https:\\\/\\\/realidadturistica.com\\\/realtur\\\/\",\"name\":\"Realidad Tur\u00edstica\",\"description\":\"\",\"publisher\":{\"@id\":\"https:\\\/\\\/realidadturistica.com\\\/realtur\\\/#organization\"},\"potentialAction\":[{\"@type\":\"SearchAction\",\"target\":{\"@type\":\"EntryPoint\",\"urlTemplate\":\"https:\\\/\\\/realidadturistica.com\\\/realtur\\\/?s={search_term_string}\"},\"query-input\":{\"@type\":\"PropertyValueSpecification\",\"valueRequired\":true,\"valueName\":\"search_term_string\"}}],\"inLanguage\":\"es\"},{\"@type\":\"Organization\",\"@id\":\"https:\\\/\\\/realidadturistica.com\\\/realtur\\\/#organization\",\"name\":\"Realidad Tur\u00edstica\",\"url\":\"https:\\\/\\\/realidadturistica.com\\\/realtur\\\/\",\"logo\":{\"@type\":\"ImageObject\",\"inLanguage\":\"es\",\"@id\":\"https:\\\/\\\/realidadturistica.com\\\/realtur\\\/#\\\/schema\\\/logo\\\/image\\\/\",\"url\":\"https:\\\/\\\/realidadturistica.com\\\/realtur\\\/wp-content\\\/uploads\\\/2021\\\/12\\\/logotipo-realidad-turistica.png\",\"contentUrl\":\"https:\\\/\\\/realidadturistica.com\\\/realtur\\\/wp-content\\\/uploads\\\/2021\\\/12\\\/logotipo-realidad-turistica.png\",\"width\":1382,\"height\":629,\"caption\":\"Realidad Tur\u00edstica\"},\"image\":{\"@id\":\"https:\\\/\\\/realidadturistica.com\\\/realtur\\\/#\\\/schema\\\/logo\\\/image\\\/\"},\"sameAs\":[\"https:\\\/\\\/www.facebook.com\\\/realidadturistica\",\"https:\\\/\\\/www.instagram.com\\\/realidad_turistica\\\/\"]},{\"@type\":\"Person\",\"@id\":\"https:\\\/\\\/realidadturistica.com\\\/realtur\\\/#\\\/schema\\\/person\\\/ade671191202490fcf08ab21590de73e\",\"name\":\"Editor\",\"image\":{\"@type\":\"ImageObject\",\"inLanguage\":\"es\",\"@id\":\"https:\\\/\\\/realidadturistica.com\\\/realtur\\\/wp-content\\\/uploads\\\/2023\\\/09\\\/Editor_avatar_1693668634-96x96.png\",\"url\":\"https:\\\/\\\/realidadturistica.com\\\/realtur\\\/wp-content\\\/uploads\\\/2023\\\/09\\\/Editor_avatar_1693668634-96x96.png\",\"contentUrl\":\"https:\\\/\\\/realidadturistica.com\\\/realtur\\\/wp-content\\\/uploads\\\/2023\\\/09\\\/Editor_avatar_1693668634-96x96.png\",\"caption\":\"Editor\"},\"sameAs\":[\"https:\\\/\\\/realidadturistica.com\\\/realtur\"],\"url\":\"https:\\\/\\\/realidadturistica.com\\\/realtur\\\/author\\\/editor2\\\/\"}]}<\/script>\n<!-- \/ Yoast SEO Premium plugin. -->","yoast_head_json":{"title":"Colombia, el Pa\u00eds de la Belleza, volvi\u00f3 a ocupar el primer lugar del mundo en avistamiento de aves - Realidad Tur\u00edstica","robots":{"index":"index","follow":"follow","max-snippet":"max-snippet:-1","max-image-preview":"max-image-preview:large","max-video-preview":"max-video-preview:-1"},"canonical":"https:\/\/realidadturistica.com\/realtur\/colombia-el-pais-de-la-belleza-volvio-a-ocupar-el-primer-lugar-del-mundo-en-avistamiento-de-aves\/","og_locale":"es_ES","og_type":"article","og_title":"Colombia, el Pa\u00eds de la Belleza, volvi\u00f3 a ocupar el primer lugar del mundo en avistamiento de aves","og_description":"Colombia, el Pa\u00eds de la Belleza, volvi\u00f3 a demostrar por qu\u00e9 es el destino perfecto para los observadores de aves y la segunda naci\u00f3n m\u00e1s&hellip;","og_url":"https:\/\/realidadturistica.com\/realtur\/colombia-el-pais-de-la-belleza-volvio-a-ocupar-el-primer-lugar-del-mundo-en-avistamiento-de-aves\/","og_site_name":"Realidad Tur\u00edstica","article_publisher":"https:\/\/www.facebook.com\/realidadturistica","article_published_time":"2024-10-22T20:32:27+00:00","article_modified_time":"2024-10-22T20:32:30+00:00","og_image":[{"width":850,"height":438,"url":"https:\/\/realidadturistica.com\/realtur\/wp-content\/uploads\/2024\/10\/Colombia.jpg","type":"image\/jpeg"}],"author":"Editor","twitter_card":"summary_large_image","twitter_misc":{"Escrito por":"Editor","Tiempo de lectura":"3 minutos"},"schema":{"@context":"https:\/\/schema.org","@graph":[{"@type":"Article","@id":"https:\/\/realidadturistica.com\/realtur\/colombia-el-pais-de-la-belleza-volvio-a-ocupar-el-primer-lugar-del-mundo-en-avistamiento-de-aves\/#article","isPartOf":{"@id":"https:\/\/realidadturistica.com\/realtur\/colombia-el-pais-de-la-belleza-volvio-a-ocupar-el-primer-lugar-del-mundo-en-avistamiento-de-aves\/"},"author":{"name":"Editor","@id":"https:\/\/realidadturistica.com\/realtur\/#\/schema\/person\/ade671191202490fcf08ab21590de73e"},"headline":"Colombia, el Pa\u00eds de la Belleza, volvi\u00f3 a ocupar el primer lugar del mundo en avistamiento de aves","datePublished":"2024-10-22T20:32:27+00:00","dateModified":"2024-10-22T20:32:30+00:00","mainEntityOfPage":{"@id":"https:\/\/realidadturistica.com\/realtur\/colombia-el-pais-de-la-belleza-volvio-a-ocupar-el-primer-lugar-del-mundo-en-avistamiento-de-aves\/"},"wordCount":431,"commentCount":0,"publisher":{"@id":"https:\/\/realidadturistica.com\/realtur\/#organization"},"image":{"@id":"https:\/\/realidadturistica.com\/realtur\/colombia-el-pais-de-la-belleza-volvio-a-ocupar-el-primer-lugar-del-mundo-en-avistamiento-de-aves\/#primaryimage"},"thumbnailUrl":"https:\/\/realidadturistica.com\/realtur\/wp-content\/uploads\/2024\/10\/Colombia.jpg","articleSection":["Turismo"],"inLanguage":"es","potentialAction":[{"@type":"CommentAction","name":"Comment","target":["https:\/\/realidadturistica.com\/realtur\/colombia-el-pais-de-la-belleza-volvio-a-ocupar-el-primer-lugar-del-mundo-en-avistamiento-de-aves\/#respond"]}]},{"@type":"WebPage","@id":"https:\/\/realidadturistica.com\/realtur\/colombia-el-pais-de-la-belleza-volvio-a-ocupar-el-primer-lugar-del-mundo-en-avistamiento-de-aves\/","url":"https:\/\/realidadturistica.com\/realtur\/colombia-el-pais-de-la-belleza-volvio-a-ocupar-el-primer-lugar-del-mundo-en-avistamiento-de-aves\/","name":"Colombia, el Pa\u00eds de la Belleza, volvi\u00f3 a ocupar el primer lugar del mundo en avistamiento de aves - Realidad Tur\u00edstica","isPartOf":{"@id":"https:\/\/realidadturistica.com\/realtur\/#website"},"primaryImageOfPage":{"@id":"https:\/\/realidadturistica.com\/realtur\/colombia-el-pais-de-la-belleza-volvio-a-ocupar-el-primer-lugar-del-mundo-en-avistamiento-de-aves\/#primaryimage"},"image":{"@id":"https:\/\/realidadturistica.com\/realtur\/colombia-el-pais-de-la-belleza-volvio-a-ocupar-el-primer-lugar-del-mundo-en-avistamiento-de-aves\/#primaryimage"},"thumbnailUrl":"https:\/\/realidadturistica.com\/realtur\/wp-content\/uploads\/2024\/10\/Colombia.jpg","datePublished":"2024-10-22T20:32:27+00:00","dateModified":"2024-10-22T20:32:30+00:00","breadcrumb":{"@id":"https:\/\/realidadturistica.com\/realtur\/colombia-el-pais-de-la-belleza-volvio-a-ocupar-el-primer-lugar-del-mundo-en-avistamiento-de-aves\/#breadcrumb"},"inLanguage":"es","potentialAction":[{"@type":"ReadAction","target":["https:\/\/realidadturistica.com\/realtur\/colombia-el-pais-de-la-belleza-volvio-a-ocupar-el-primer-lugar-del-mundo-en-avistamiento-de-aves\/"]}]},{"@type":"ImageObject","inLanguage":"es","@id":"https:\/\/realidadturistica.com\/realtur\/colombia-el-pais-de-la-belleza-volvio-a-ocupar-el-primer-lugar-del-mundo-en-avistamiento-de-aves\/#primaryimage","url":"https:\/\/realidadturistica.com\/realtur\/wp-content\/uploads\/2024\/10\/Colombia.jpg","contentUrl":"https:\/\/realidadturistica.com\/realtur\/wp-content\/uploads\/2024\/10\/Colombia.jpg","width":850,"height":438},{"@type":"BreadcrumbList","@id":"https:\/\/realidadturistica.com\/realtur\/colombia-el-pais-de-la-belleza-volvio-a-ocupar-el-primer-lugar-del-mundo-en-avistamiento-de-aves\/#breadcrumb","itemListElement":[{"@type":"ListItem","position":1,"name":"Portada","item":"https:\/\/realidadturistica.com\/realtur\/"},{"@type":"ListItem","position":2,"name":"Colombia, el Pa\u00eds de la Belleza, volvi\u00f3 a ocupar el primer lugar del mundo en avistamiento de aves"}]},{"@type":"WebSite","@id":"https:\/\/realidadturistica.com\/realtur\/#website","url":"https:\/\/realidadturistica.com\/realtur\/","name":"Realidad Tur\u00edstica","description":"","publisher":{"@id":"https:\/\/realidadturistica.com\/realtur\/#organization"},"potentialAction":[{"@type":"SearchAction","target":{"@type":"EntryPoint","urlTemplate":"https:\/\/realidadturistica.com\/realtur\/?s={search_term_string}"},"query-input":{"@type":"PropertyValueSpecification","valueRequired":true,"valueName":"search_term_string"}}],"inLanguage":"es"},{"@type":"Organization","@id":"https:\/\/realidadturistica.com\/realtur\/#organization","name":"Realidad Tur\u00edstica","url":"https:\/\/realidadturistica.com\/realtur\/","logo":{"@type":"ImageObject","inLanguage":"es","@id":"https:\/\/realidadturistica.com\/realtur\/#\/schema\/logo\/image\/","url":"https:\/\/realidadturistica.com\/realtur\/wp-content\/uploads\/2021\/12\/logotipo-realidad-turistica.png","contentUrl":"https:\/\/realidadturistica.com\/realtur\/wp-content\/uploads\/2021\/12\/logotipo-realidad-turistica.png","width":1382,"height":629,"caption":"Realidad Tur\u00edstica"},"image":{"@id":"https:\/\/realidadturistica.com\/realtur\/#\/schema\/logo\/image\/"},"sameAs":["https:\/\/www.facebook.com\/realidadturistica","https:\/\/www.instagram.com\/realidad_turistica\/"]},{"@type":"Person","@id":"https:\/\/realidadturistica.com\/realtur\/#\/schema\/person\/ade671191202490fcf08ab21590de73e","name":"Editor","image":{"@type":"ImageObject","inLanguage":"es","@id":"https:\/\/realidadturistica.com\/realtur\/wp-content\/uploads\/2023\/09\/Editor_avatar_1693668634-96x96.png","url":"https:\/\/realidadturistica.com\/realtur\/wp-content\/uploads\/2023\/09\/Editor_avatar_1693668634-96x96.png","contentUrl":"https:\/\/realidadturistica.com\/realtur\/wp-content\/uploads\/2023\/09\/Editor_avatar_1693668634-96x96.png","caption":"Editor"},"sameAs":["https:\/\/realidadturistica.com\/realtur"],"url":"https:\/\/realidadturistica.com\/realtur\/author\/editor2\/"}]}},"_links":{"self":[{"href":"https:\/\/realidadturistica.com\/realtur\/wp-json\/wp\/v2\/posts\/8343","targetHints":{"allow":["GET"]}}],"collection":[{"href":"https:\/\/realidadturistica.com\/realtur\/wp-json\/wp\/v2\/posts"}],"about":[{"href":"https:\/\/realidadturistica.com\/realtur\/wp-json\/wp\/v2\/types\/post"}],"author":[{"embeddable":true,"href":"https:\/\/realidadturistica.com\/realtur\/wp-json\/wp\/v2\/users\/2"}],"replies":[{"embeddable":true,"href":"https:\/\/realidadturistica.com\/realtur\/wp-json\/wp\/v2\/comments?post=8343"}],"version-history":[{"count":1,"href":"https:\/\/realidadturistica.com\/realtur\/wp-json\/wp\/v2\/posts\/8343\/revisions"}],"predecessor-version":[{"id":8345,"href":"https:\/\/realidadturistica.com\/realtur\/wp-json\/wp\/v2\/posts\/8343\/revisions\/8345"}],"wp:featuredmedia":[{"embeddable":true,"href":"https:\/\/realidadturistica.com\/realtur\/wp-json\/wp\/v2\/media\/8344"}],"wp:attachment":[{"href":"https:\/\/realidadturistica.com\/realtur\/wp-json\/wp\/v2\/media?parent=8343"}],"wp:term":[{"taxonomy":"category","embeddable":true,"href":"https:\/\/realidadturistica.com\/realtur\/wp-json\/wp\/v2\/categories?post=8343"},{"taxonomy":"post_tag","embeddable":true,"href":"https:\/\/realidadturistica.com\/realtur\/wp-json\/wp\/v2\/tags?post=8343"}],"curies":[{"name":"wp","href":"https:\/\/api.w.org\/{rel}","templated":true}]}}