{"id":8443,"date":"2024-11-04T11:58:13","date_gmt":"2024-11-04T11:58:13","guid":{"rendered":"https:\/\/realidadturistica.com\/realtur\/?p=8443"},"modified":"2024-11-04T11:58:15","modified_gmt":"2024-11-04T11:58:15","slug":"el-sector-turistico-espanol-se-traslada-hoy-a-londres-para-la-wtm","status":"publish","type":"post","link":"https:\/\/realidadturistica.com\/realtur\/el-sector-turistico-espanol-se-traslada-hoy-a-londres-para-la-wtm\/","title":{"rendered":"El sector tur\u00edstico espa\u00f1ol se traslada hoy a Londres para la WTM"},"content":{"rendered":"\n<p class=\"wp-block-yoast-seo-estimated-reading-time yoast-reading-time__wrapper\"><span class=\"yoast-reading-time__icon\"><svg aria-hidden=\"true\" focusable=\"false\" data-icon=\"clock\" width=\"20\" height=\"20\" fill=\"none\" stroke=\"currentColor\" style=\"display:inline-block;vertical-align:-0.1em\" role=\"img\" xmlns=\"http:\/\/www.w3.org\/2000\/svg\" viewBox=\"0 0 24 24\"><path stroke-linecap=\"round\" stroke-linejoin=\"round\" stroke-width=\"2\" d=\"M12 8v4l3 3m6-3a9 9 0 11-18 0 9 9 0 0118 0z\"><\/path><\/svg><\/span><span class=\"yoast-reading-time__spacer\" style=\"display:inline-block;width:1em\"><\/span><span class=\"yoast-reading-time__descriptive-text\">Estimated reading time: <\/span><span class=\"yoast-reading-time__reading-time\">3<\/span><span class=\"yoast-reading-time__time-unit\"> minutos<\/span><\/p>\n\n\n\n<p>Espa\u00f1a. El sector tur\u00edstico espa\u00f1ol se traslada hoy a Londres (Reino Unido) para asistir a una de las ferias m\u00e1s importantes a nivel mundial, la World Travel Market (WTM). El evento tendr\u00e1 lugar entre el 5 y el 7 de noviembre, como ya es tradici\u00f3n, en el ExCeL London. Para esta 44\u00aa edici\u00f3n, la organizaci\u00f3n espera que acudan m\u00e1s de 40.000 profesionales y una contribuci\u00f3n a la econom\u00eda londinense de 200 millones de libras.<\/p>\n\n\n\n<p>Se trata de una feria importante para las empresas y profesionales espa\u00f1oles, al ser el brit\u00e1nico el principal mercado tur\u00edstico de Espa\u00f1a. Por ello, las delegaciones de los diferentes destinos se visten de largo para la ocasi\u00f3n: Baleares acudir\u00e1 con un estand dedicado a la Posidonia Oce\u00e1nica de 493 metros cuadrados, mayor que el del a\u00f1o anterior; Tenerife, por ejemplo, asiste con el claro objetivo de reforzar la conectividad a\u00e9rea desde Reino Unido; o tambi\u00e9n estar\u00e1 presente Andaluc\u00eda, cuyo consejero de Turismo, Arturo Bernal, ha destacado que se duplicar\u00e1n las empresas en la zona del expositor de la comunidad aut\u00f3noma con respecto al a\u00f1o pasado.<\/p>\n\n\n\n<p>Grandes ausentes<\/p>\n\n\n\n<p>Sin embargo, este a\u00f1o, debido a la DANA que ha azotado recientemente el Levante peninsular s\u00ed habr\u00e1 grandes ausentes. Algunas autoridades pol\u00edticas que no suelen faltar a este tipo de citas, este a\u00f1o han decidido cancelar su viaje para seguir de cerca la evoluci\u00f3n meteorol\u00f3gica.<\/p>\n\n\n\n<p>Es el caso del presidente de la Junta de Andaluc\u00eda, Juanma Moreno, quien ha anunciado que suspende su viaje a Londres debido a la situaci\u00f3n generada por la DANA, que este domingo ha mantenido en alerta roja a la provincia de Almer\u00eda. Por tanto, la regi\u00f3n andaluza estar\u00e1 representada por Bernal.<\/p>\n\n\n\n<p>Por su parte, la presidenta del Govern balear, Marga Prohens, tambi\u00e9n ha decidido cancelar su asistencia a la WTM 2024 \u201cante la situaci\u00f3n excepcional por los efectos de la DANA en la Comunidad Valenciana\u201d. Acto seguido, el alcalde de Palma (Mallorca), Jaime Mart\u00ednez, as\u00ed como el teniente de alcalde, Javier Bonet, tambi\u00e9n han anunciado su ausencia en la feria. Mart\u00ednez considera que \u201ces necesario seguir atendiendo y coordinando los requerimientos de ayuda que pueda ofrecer el Ayuntamiento ante una situaci\u00f3n excepcional\u201d, seg\u00fan ha asegurado en declaraciones recogidas por Europa Press. No obstante, s\u00ed acudir\u00e1n tanto el conseller balear de Turismo, Jaume Bauz\u00e0, el coordinador de Cultura y Turismo de Palma, Fernando G\u00f3mez de la Cuesta, y el gerente de la Fundaci\u00f3n Turisme Palma 365, Pedro Homar.<\/p>\n\n\n\n<p>Por el momento, los responsables pol\u00edticos de la Comunidad Valenciana a\u00fan no se han pronunciado sobre su asistencia a la feria londinense.<\/p>\n\n\n\n<p>Fuente: Tourinews<\/p>\n","protected":false},"excerpt":{"rendered":"<p>Espa\u00f1a. El sector tur\u00edstico espa\u00f1ol se traslada hoy a Londres (Reino Unido) para asistir a una de las ferias m\u00e1s importantes a nivel mundial, la&hellip;<\/p>\n","protected":false},"author":2,"featured_media":8444,"comment_status":"open","ping_status":"closed","sticky":false,"template":"","format":"standard","meta":{"content-type":"","_lmt_disableupdate":"","_lmt_disable":"","footnotes":""},"categories":[6],"tags":[],"class_list":["post-8443","post","type-post","status-publish","format-standard","has-post-thumbnail","hentry","category-turismo"],"yoast_head":"<!-- This site is optimized with the Yoast SEO Premium plugin v27.4 (Yoast SEO v27.5) - https:\/\/yoast.com\/product\/yoast-seo-premium-wordpress\/ -->\n<title>El sector tur\u00edstico espa\u00f1ol se traslada hoy a Londres para la WTM - Realidad Tur\u00edstica<\/title>\n<meta name=\"robots\" content=\"index, follow, max-snippet:-1, max-image-preview:large, max-video-preview:-1\" \/>\n<link rel=\"canonical\" href=\"https:\/\/realidadturistica.com\/realtur\/el-sector-turistico-espanol-se-traslada-hoy-a-londres-para-la-wtm\/\" \/>\n<meta property=\"og:locale\" content=\"es_ES\" \/>\n<meta property=\"og:type\" content=\"article\" \/>\n<meta property=\"og:title\" content=\"El sector tur\u00edstico espa\u00f1ol se traslada hoy a Londres para la WTM\" \/>\n<meta property=\"og:description\" content=\"Espa\u00f1a. El sector tur\u00edstico espa\u00f1ol se traslada hoy a Londres (Reino Unido) para asistir a una de las ferias m\u00e1s importantes a nivel mundial, la&hellip;\" \/>\n<meta property=\"og:url\" content=\"https:\/\/realidadturistica.com\/realtur\/el-sector-turistico-espanol-se-traslada-hoy-a-londres-para-la-wtm\/\" \/>\n<meta property=\"og:site_name\" content=\"Realidad Tur\u00edstica\" \/>\n<meta property=\"article:publisher\" content=\"https:\/\/www.facebook.com\/realidadturistica\" \/>\n<meta property=\"article:published_time\" content=\"2024-11-04T11:58:13+00:00\" \/>\n<meta property=\"article:modified_time\" content=\"2024-11-04T11:58:15+00:00\" \/>\n<meta property=\"og:image\" content=\"https:\/\/realidadturistica.com\/realtur\/wp-content\/uploads\/2024\/11\/El-sector-turistico.jpg\" \/>\n\t<meta property=\"og:image:width\" content=\"732\" \/>\n\t<meta property=\"og:image:height\" content=\"400\" \/>\n\t<meta property=\"og:image:type\" content=\"image\/jpeg\" \/>\n<meta name=\"author\" content=\"Editor\" \/>\n<meta name=\"twitter:card\" content=\"summary_large_image\" \/>\n<meta name=\"twitter:label1\" content=\"Escrito por\" \/>\n\t<meta name=\"twitter:data1\" content=\"Editor\" \/>\n\t<meta name=\"twitter:label2\" content=\"Tiempo de lectura\" \/>\n\t<meta name=\"twitter:data2\" content=\"3 minutos\" \/>\n<script type=\"application\/ld+json\" class=\"yoast-schema-graph\">{\"@context\":\"https:\\\/\\\/schema.org\",\"@graph\":[{\"@type\":\"Article\",\"@id\":\"https:\\\/\\\/realidadturistica.com\\\/realtur\\\/el-sector-turistico-espanol-se-traslada-hoy-a-londres-para-la-wtm\\\/#article\",\"isPartOf\":{\"@id\":\"https:\\\/\\\/realidadturistica.com\\\/realtur\\\/el-sector-turistico-espanol-se-traslada-hoy-a-londres-para-la-wtm\\\/\"},\"author\":{\"name\":\"Editor\",\"@id\":\"https:\\\/\\\/realidadturistica.com\\\/realtur\\\/#\\\/schema\\\/person\\\/ade671191202490fcf08ab21590de73e\"},\"headline\":\"El sector tur\u00edstico espa\u00f1ol se traslada hoy a Londres para la WTM\",\"datePublished\":\"2024-11-04T11:58:13+00:00\",\"dateModified\":\"2024-11-04T11:58:15+00:00\",\"mainEntityOfPage\":{\"@id\":\"https:\\\/\\\/realidadturistica.com\\\/realtur\\\/el-sector-turistico-espanol-se-traslada-hoy-a-londres-para-la-wtm\\\/\"},\"wordCount\":481,\"commentCount\":0,\"publisher\":{\"@id\":\"https:\\\/\\\/realidadturistica.com\\\/realtur\\\/#organization\"},\"image\":{\"@id\":\"https:\\\/\\\/realidadturistica.com\\\/realtur\\\/el-sector-turistico-espanol-se-traslada-hoy-a-londres-para-la-wtm\\\/#primaryimage\"},\"thumbnailUrl\":\"https:\\\/\\\/realidadturistica.com\\\/realtur\\\/wp-content\\\/uploads\\\/2024\\\/11\\\/El-sector-turistico.jpg\",\"articleSection\":[\"Turismo\"],\"inLanguage\":\"es\",\"potentialAction\":[{\"@type\":\"CommentAction\",\"name\":\"Comment\",\"target\":[\"https:\\\/\\\/realidadturistica.com\\\/realtur\\\/el-sector-turistico-espanol-se-traslada-hoy-a-londres-para-la-wtm\\\/#respond\"]}]},{\"@type\":\"WebPage\",\"@id\":\"https:\\\/\\\/realidadturistica.com\\\/realtur\\\/el-sector-turistico-espanol-se-traslada-hoy-a-londres-para-la-wtm\\\/\",\"url\":\"https:\\\/\\\/realidadturistica.com\\\/realtur\\\/el-sector-turistico-espanol-se-traslada-hoy-a-londres-para-la-wtm\\\/\",\"name\":\"El sector tur\u00edstico espa\u00f1ol se traslada hoy a Londres para la WTM - Realidad Tur\u00edstica\",\"isPartOf\":{\"@id\":\"https:\\\/\\\/realidadturistica.com\\\/realtur\\\/#website\"},\"primaryImageOfPage\":{\"@id\":\"https:\\\/\\\/realidadturistica.com\\\/realtur\\\/el-sector-turistico-espanol-se-traslada-hoy-a-londres-para-la-wtm\\\/#primaryimage\"},\"image\":{\"@id\":\"https:\\\/\\\/realidadturistica.com\\\/realtur\\\/el-sector-turistico-espanol-se-traslada-hoy-a-londres-para-la-wtm\\\/#primaryimage\"},\"thumbnailUrl\":\"https:\\\/\\\/realidadturistica.com\\\/realtur\\\/wp-content\\\/uploads\\\/2024\\\/11\\\/El-sector-turistico.jpg\",\"datePublished\":\"2024-11-04T11:58:13+00:00\",\"dateModified\":\"2024-11-04T11:58:15+00:00\",\"breadcrumb\":{\"@id\":\"https:\\\/\\\/realidadturistica.com\\\/realtur\\\/el-sector-turistico-espanol-se-traslada-hoy-a-londres-para-la-wtm\\\/#breadcrumb\"},\"inLanguage\":\"es\",\"potentialAction\":[{\"@type\":\"ReadAction\",\"target\":[\"https:\\\/\\\/realidadturistica.com\\\/realtur\\\/el-sector-turistico-espanol-se-traslada-hoy-a-londres-para-la-wtm\\\/\"]}]},{\"@type\":\"ImageObject\",\"inLanguage\":\"es\",\"@id\":\"https:\\\/\\\/realidadturistica.com\\\/realtur\\\/el-sector-turistico-espanol-se-traslada-hoy-a-londres-para-la-wtm\\\/#primaryimage\",\"url\":\"https:\\\/\\\/realidadturistica.com\\\/realtur\\\/wp-content\\\/uploads\\\/2024\\\/11\\\/El-sector-turistico.jpg\",\"contentUrl\":\"https:\\\/\\\/realidadturistica.com\\\/realtur\\\/wp-content\\\/uploads\\\/2024\\\/11\\\/El-sector-turistico.jpg\",\"width\":732,\"height\":400},{\"@type\":\"BreadcrumbList\",\"@id\":\"https:\\\/\\\/realidadturistica.com\\\/realtur\\\/el-sector-turistico-espanol-se-traslada-hoy-a-londres-para-la-wtm\\\/#breadcrumb\",\"itemListElement\":[{\"@type\":\"ListItem\",\"position\":1,\"name\":\"Portada\",\"item\":\"https:\\\/\\\/realidadturistica.com\\\/realtur\\\/\"},{\"@type\":\"ListItem\",\"position\":2,\"name\":\"El sector tur\u00edstico espa\u00f1ol se traslada hoy a Londres para la WTM\"}]},{\"@type\":\"WebSite\",\"@id\":\"https:\\\/\\\/realidadturistica.com\\\/realtur\\\/#website\",\"url\":\"https:\\\/\\\/realidadturistica.com\\\/realtur\\\/\",\"name\":\"Realidad Tur\u00edstica\",\"description\":\"\",\"publisher\":{\"@id\":\"https:\\\/\\\/realidadturistica.com\\\/realtur\\\/#organization\"},\"potentialAction\":[{\"@type\":\"SearchAction\",\"target\":{\"@type\":\"EntryPoint\",\"urlTemplate\":\"https:\\\/\\\/realidadturistica.com\\\/realtur\\\/?s={search_term_string}\"},\"query-input\":{\"@type\":\"PropertyValueSpecification\",\"valueRequired\":true,\"valueName\":\"search_term_string\"}}],\"inLanguage\":\"es\"},{\"@type\":\"Organization\",\"@id\":\"https:\\\/\\\/realidadturistica.com\\\/realtur\\\/#organization\",\"name\":\"Realidad Tur\u00edstica\",\"url\":\"https:\\\/\\\/realidadturistica.com\\\/realtur\\\/\",\"logo\":{\"@type\":\"ImageObject\",\"inLanguage\":\"es\",\"@id\":\"https:\\\/\\\/realidadturistica.com\\\/realtur\\\/#\\\/schema\\\/logo\\\/image\\\/\",\"url\":\"https:\\\/\\\/realidadturistica.com\\\/realtur\\\/wp-content\\\/uploads\\\/2021\\\/12\\\/logotipo-realidad-turistica.png\",\"contentUrl\":\"https:\\\/\\\/realidadturistica.com\\\/realtur\\\/wp-content\\\/uploads\\\/2021\\\/12\\\/logotipo-realidad-turistica.png\",\"width\":1382,\"height\":629,\"caption\":\"Realidad Tur\u00edstica\"},\"image\":{\"@id\":\"https:\\\/\\\/realidadturistica.com\\\/realtur\\\/#\\\/schema\\\/logo\\\/image\\\/\"},\"sameAs\":[\"https:\\\/\\\/www.facebook.com\\\/realidadturistica\",\"https:\\\/\\\/www.instagram.com\\\/realidad_turistica\\\/\"]},{\"@type\":\"Person\",\"@id\":\"https:\\\/\\\/realidadturistica.com\\\/realtur\\\/#\\\/schema\\\/person\\\/ade671191202490fcf08ab21590de73e\",\"name\":\"Editor\",\"image\":{\"@type\":\"ImageObject\",\"inLanguage\":\"es\",\"@id\":\"https:\\\/\\\/realidadturistica.com\\\/realtur\\\/wp-content\\\/uploads\\\/2023\\\/09\\\/Editor_avatar_1693668634-96x96.png\",\"url\":\"https:\\\/\\\/realidadturistica.com\\\/realtur\\\/wp-content\\\/uploads\\\/2023\\\/09\\\/Editor_avatar_1693668634-96x96.png\",\"contentUrl\":\"https:\\\/\\\/realidadturistica.com\\\/realtur\\\/wp-content\\\/uploads\\\/2023\\\/09\\\/Editor_avatar_1693668634-96x96.png\",\"caption\":\"Editor\"},\"sameAs\":[\"https:\\\/\\\/realidadturistica.com\\\/realtur\"],\"url\":\"https:\\\/\\\/realidadturistica.com\\\/realtur\\\/author\\\/editor2\\\/\"}]}<\/script>\n<!-- \/ Yoast SEO Premium plugin. -->","yoast_head_json":{"title":"El sector tur\u00edstico espa\u00f1ol se traslada hoy a Londres para la WTM - Realidad Tur\u00edstica","robots":{"index":"index","follow":"follow","max-snippet":"max-snippet:-1","max-image-preview":"max-image-preview:large","max-video-preview":"max-video-preview:-1"},"canonical":"https:\/\/realidadturistica.com\/realtur\/el-sector-turistico-espanol-se-traslada-hoy-a-londres-para-la-wtm\/","og_locale":"es_ES","og_type":"article","og_title":"El sector tur\u00edstico espa\u00f1ol se traslada hoy a Londres para la WTM","og_description":"Espa\u00f1a. El sector tur\u00edstico espa\u00f1ol se traslada hoy a Londres (Reino Unido) para asistir a una de las ferias m\u00e1s importantes a nivel mundial, la&hellip;","og_url":"https:\/\/realidadturistica.com\/realtur\/el-sector-turistico-espanol-se-traslada-hoy-a-londres-para-la-wtm\/","og_site_name":"Realidad Tur\u00edstica","article_publisher":"https:\/\/www.facebook.com\/realidadturistica","article_published_time":"2024-11-04T11:58:13+00:00","article_modified_time":"2024-11-04T11:58:15+00:00","og_image":[{"width":732,"height":400,"url":"https:\/\/realidadturistica.com\/realtur\/wp-content\/uploads\/2024\/11\/El-sector-turistico.jpg","type":"image\/jpeg"}],"author":"Editor","twitter_card":"summary_large_image","twitter_misc":{"Escrito por":"Editor","Tiempo de lectura":"3 minutos"},"schema":{"@context":"https:\/\/schema.org","@graph":[{"@type":"Article","@id":"https:\/\/realidadturistica.com\/realtur\/el-sector-turistico-espanol-se-traslada-hoy-a-londres-para-la-wtm\/#article","isPartOf":{"@id":"https:\/\/realidadturistica.com\/realtur\/el-sector-turistico-espanol-se-traslada-hoy-a-londres-para-la-wtm\/"},"author":{"name":"Editor","@id":"https:\/\/realidadturistica.com\/realtur\/#\/schema\/person\/ade671191202490fcf08ab21590de73e"},"headline":"El sector tur\u00edstico espa\u00f1ol se traslada hoy a Londres para la WTM","datePublished":"2024-11-04T11:58:13+00:00","dateModified":"2024-11-04T11:58:15+00:00","mainEntityOfPage":{"@id":"https:\/\/realidadturistica.com\/realtur\/el-sector-turistico-espanol-se-traslada-hoy-a-londres-para-la-wtm\/"},"wordCount":481,"commentCount":0,"publisher":{"@id":"https:\/\/realidadturistica.com\/realtur\/#organization"},"image":{"@id":"https:\/\/realidadturistica.com\/realtur\/el-sector-turistico-espanol-se-traslada-hoy-a-londres-para-la-wtm\/#primaryimage"},"thumbnailUrl":"https:\/\/realidadturistica.com\/realtur\/wp-content\/uploads\/2024\/11\/El-sector-turistico.jpg","articleSection":["Turismo"],"inLanguage":"es","potentialAction":[{"@type":"CommentAction","name":"Comment","target":["https:\/\/realidadturistica.com\/realtur\/el-sector-turistico-espanol-se-traslada-hoy-a-londres-para-la-wtm\/#respond"]}]},{"@type":"WebPage","@id":"https:\/\/realidadturistica.com\/realtur\/el-sector-turistico-espanol-se-traslada-hoy-a-londres-para-la-wtm\/","url":"https:\/\/realidadturistica.com\/realtur\/el-sector-turistico-espanol-se-traslada-hoy-a-londres-para-la-wtm\/","name":"El sector tur\u00edstico espa\u00f1ol se traslada hoy a Londres para la WTM - Realidad Tur\u00edstica","isPartOf":{"@id":"https:\/\/realidadturistica.com\/realtur\/#website"},"primaryImageOfPage":{"@id":"https:\/\/realidadturistica.com\/realtur\/el-sector-turistico-espanol-se-traslada-hoy-a-londres-para-la-wtm\/#primaryimage"},"image":{"@id":"https:\/\/realidadturistica.com\/realtur\/el-sector-turistico-espanol-se-traslada-hoy-a-londres-para-la-wtm\/#primaryimage"},"thumbnailUrl":"https:\/\/realidadturistica.com\/realtur\/wp-content\/uploads\/2024\/11\/El-sector-turistico.jpg","datePublished":"2024-11-04T11:58:13+00:00","dateModified":"2024-11-04T11:58:15+00:00","breadcrumb":{"@id":"https:\/\/realidadturistica.com\/realtur\/el-sector-turistico-espanol-se-traslada-hoy-a-londres-para-la-wtm\/#breadcrumb"},"inLanguage":"es","potentialAction":[{"@type":"ReadAction","target":["https:\/\/realidadturistica.com\/realtur\/el-sector-turistico-espanol-se-traslada-hoy-a-londres-para-la-wtm\/"]}]},{"@type":"ImageObject","inLanguage":"es","@id":"https:\/\/realidadturistica.com\/realtur\/el-sector-turistico-espanol-se-traslada-hoy-a-londres-para-la-wtm\/#primaryimage","url":"https:\/\/realidadturistica.com\/realtur\/wp-content\/uploads\/2024\/11\/El-sector-turistico.jpg","contentUrl":"https:\/\/realidadturistica.com\/realtur\/wp-content\/uploads\/2024\/11\/El-sector-turistico.jpg","width":732,"height":400},{"@type":"BreadcrumbList","@id":"https:\/\/realidadturistica.com\/realtur\/el-sector-turistico-espanol-se-traslada-hoy-a-londres-para-la-wtm\/#breadcrumb","itemListElement":[{"@type":"ListItem","position":1,"name":"Portada","item":"https:\/\/realidadturistica.com\/realtur\/"},{"@type":"ListItem","position":2,"name":"El sector tur\u00edstico espa\u00f1ol se traslada hoy a Londres para la WTM"}]},{"@type":"WebSite","@id":"https:\/\/realidadturistica.com\/realtur\/#website","url":"https:\/\/realidadturistica.com\/realtur\/","name":"Realidad Tur\u00edstica","description":"","publisher":{"@id":"https:\/\/realidadturistica.com\/realtur\/#organization"},"potentialAction":[{"@type":"SearchAction","target":{"@type":"EntryPoint","urlTemplate":"https:\/\/realidadturistica.com\/realtur\/?s={search_term_string}"},"query-input":{"@type":"PropertyValueSpecification","valueRequired":true,"valueName":"search_term_string"}}],"inLanguage":"es"},{"@type":"Organization","@id":"https:\/\/realidadturistica.com\/realtur\/#organization","name":"Realidad Tur\u00edstica","url":"https:\/\/realidadturistica.com\/realtur\/","logo":{"@type":"ImageObject","inLanguage":"es","@id":"https:\/\/realidadturistica.com\/realtur\/#\/schema\/logo\/image\/","url":"https:\/\/realidadturistica.com\/realtur\/wp-content\/uploads\/2021\/12\/logotipo-realidad-turistica.png","contentUrl":"https:\/\/realidadturistica.com\/realtur\/wp-content\/uploads\/2021\/12\/logotipo-realidad-turistica.png","width":1382,"height":629,"caption":"Realidad Tur\u00edstica"},"image":{"@id":"https:\/\/realidadturistica.com\/realtur\/#\/schema\/logo\/image\/"},"sameAs":["https:\/\/www.facebook.com\/realidadturistica","https:\/\/www.instagram.com\/realidad_turistica\/"]},{"@type":"Person","@id":"https:\/\/realidadturistica.com\/realtur\/#\/schema\/person\/ade671191202490fcf08ab21590de73e","name":"Editor","image":{"@type":"ImageObject","inLanguage":"es","@id":"https:\/\/realidadturistica.com\/realtur\/wp-content\/uploads\/2023\/09\/Editor_avatar_1693668634-96x96.png","url":"https:\/\/realidadturistica.com\/realtur\/wp-content\/uploads\/2023\/09\/Editor_avatar_1693668634-96x96.png","contentUrl":"https:\/\/realidadturistica.com\/realtur\/wp-content\/uploads\/2023\/09\/Editor_avatar_1693668634-96x96.png","caption":"Editor"},"sameAs":["https:\/\/realidadturistica.com\/realtur"],"url":"https:\/\/realidadturistica.com\/realtur\/author\/editor2\/"}]}},"_links":{"self":[{"href":"https:\/\/realidadturistica.com\/realtur\/wp-json\/wp\/v2\/posts\/8443","targetHints":{"allow":["GET"]}}],"collection":[{"href":"https:\/\/realidadturistica.com\/realtur\/wp-json\/wp\/v2\/posts"}],"about":[{"href":"https:\/\/realidadturistica.com\/realtur\/wp-json\/wp\/v2\/types\/post"}],"author":[{"embeddable":true,"href":"https:\/\/realidadturistica.com\/realtur\/wp-json\/wp\/v2\/users\/2"}],"replies":[{"embeddable":true,"href":"https:\/\/realidadturistica.com\/realtur\/wp-json\/wp\/v2\/comments?post=8443"}],"version-history":[{"count":2,"href":"https:\/\/realidadturistica.com\/realtur\/wp-json\/wp\/v2\/posts\/8443\/revisions"}],"predecessor-version":[{"id":8446,"href":"https:\/\/realidadturistica.com\/realtur\/wp-json\/wp\/v2\/posts\/8443\/revisions\/8446"}],"wp:featuredmedia":[{"embeddable":true,"href":"https:\/\/realidadturistica.com\/realtur\/wp-json\/wp\/v2\/media\/8444"}],"wp:attachment":[{"href":"https:\/\/realidadturistica.com\/realtur\/wp-json\/wp\/v2\/media?parent=8443"}],"wp:term":[{"taxonomy":"category","embeddable":true,"href":"https:\/\/realidadturistica.com\/realtur\/wp-json\/wp\/v2\/categories?post=8443"},{"taxonomy":"post_tag","embeddable":true,"href":"https:\/\/realidadturistica.com\/realtur\/wp-json\/wp\/v2\/tags?post=8443"}],"curies":[{"name":"wp","href":"https:\/\/api.w.org\/{rel}","templated":true}]}}