{"id":8484,"date":"2024-11-12T15:25:59","date_gmt":"2024-11-12T15:25:59","guid":{"rendered":"https:\/\/realidadturistica.com\/realtur\/?p=8484"},"modified":"2024-11-12T15:28:43","modified_gmt":"2024-11-12T15:28:43","slug":"xv-congreso-de-fepet-se-realizara-en-varadero-cuba","status":"publish","type":"post","link":"https:\/\/realidadturistica.com\/realtur\/xv-congreso-de-fepet-se-realizara-en-varadero-cuba\/","title":{"rendered":"XV Congreso de FEPET se realizar\u00e1 en Varadero, Cuba"},"content":{"rendered":"\n<p class=\"wp-block-yoast-seo-estimated-reading-time yoast-reading-time__wrapper\"><span class=\"yoast-reading-time__icon\"><svg aria-hidden=\"true\" focusable=\"false\" data-icon=\"clock\" width=\"20\" height=\"20\" fill=\"none\" stroke=\"currentColor\" style=\"display:inline-block;vertical-align:-0.1em\" role=\"img\" xmlns=\"http:\/\/www.w3.org\/2000\/svg\" viewBox=\"0 0 24 24\"><path stroke-linecap=\"round\" stroke-linejoin=\"round\" stroke-width=\"2\" d=\"M12 8v4l3 3m6-3a9 9 0 11-18 0 9 9 0 0118 0z\"><\/path><\/svg><\/span><span class=\"yoast-reading-time__spacer\" style=\"display:inline-block;width:1em\"><\/span><span class=\"yoast-reading-time__descriptive-text\">Estimated reading time: <\/span><span class=\"yoast-reading-time__reading-time\">3<\/span><span class=\"yoast-reading-time__time-unit\"> minutos<\/span><\/p>\n\n\n\n<p>Cuba. El XV Congreso de la <a href=\"https:\/\/www.fepet.info\/\">Federaci\u00f3n Espa\u00f1ola de Escritores y Periodistas del Turismo (FEPET)<\/a> se realizar\u00e1 el d\u00eda 16 de noviembre en el balneario de Varadero, Cuba.<\/p>\n\n\n\n<p>Durante un encuentro celebrado el lunes en el hotel Iberostar Grand Packard de la capital cubana, el titular de Turismo, Juan Carlos Garc\u00eda Granda dio la bienvenida a los participantes, agradeciendo que se haya seleccionado a Cuba para la celebraci\u00f3n de este congreso, pues para el pa\u00eds resulta de mucho inter\u00e9s promocionar el turismo espa\u00f1ol, que en los \u00faltimos a\u00f1os ha experimentado un decrecimiento producto de varios factores, entre ellos, las medidas extraterritoriales de Estados Unidos que impiden que turistas espa\u00f1oles y europeos puedan viajar libremente a Cuba sin ser limitados de ingresar posteriormente a Estados Unidos.<\/p>\n\n\n\n<p>Granda Garc\u00eda invit\u00f3 a los presentes a conocer Cuba, a recorrer sus calles y apreciar que el turismo no se ha detenido, que sigue avanzando con nuevos productos que ofrecer con una calidad competitiva.<\/p>\n\n\n\n<p>Durante el encuentro Karem Garrido, actual presidenta de FEPET manifest\u00f3 su satisfacci\u00f3n por encontrase en Cuba, destacando las riquezas naturales y el calor humano que siempre se agradece.<\/p>\n\n\n\n<figure class=\"wp-block-gallery has-nested-images columns-default is-cropped wp-block-gallery-1 is-layout-flex wp-block-gallery-is-layout-flex\">\n<figure class=\"wp-block-image size-large\"><img fetchpriority=\"high\" decoding=\"async\" width=\"1024\" height=\"683\" data-id=\"8487\" src=\"https:\/\/realidadturistica.com\/realtur\/wp-content\/uploads\/2024\/11\/WhatsApp-Image-2024-11-11-at-22.26.34-1536x1024-1-1024x683.jpeg\" alt=\"\" class=\"wp-image-8487\" srcset=\"https:\/\/realidadturistica.com\/realtur\/wp-content\/uploads\/2024\/11\/WhatsApp-Image-2024-11-11-at-22.26.34-1536x1024-1-1024x683.jpeg 1024w, https:\/\/realidadturistica.com\/realtur\/wp-content\/uploads\/2024\/11\/WhatsApp-Image-2024-11-11-at-22.26.34-1536x1024-1-300x200.jpeg 300w, https:\/\/realidadturistica.com\/realtur\/wp-content\/uploads\/2024\/11\/WhatsApp-Image-2024-11-11-at-22.26.34-1536x1024-1-768x512.jpeg 768w, https:\/\/realidadturistica.com\/realtur\/wp-content\/uploads\/2024\/11\/WhatsApp-Image-2024-11-11-at-22.26.34-1536x1024-1-1170x780.jpeg 1170w, https:\/\/realidadturistica.com\/realtur\/wp-content\/uploads\/2024\/11\/WhatsApp-Image-2024-11-11-at-22.26.34-1536x1024-1-585x390.jpeg 585w, https:\/\/realidadturistica.com\/realtur\/wp-content\/uploads\/2024\/11\/WhatsApp-Image-2024-11-11-at-22.26.34-1536x1024-1-263x175.jpeg 263w, https:\/\/realidadturistica.com\/realtur\/wp-content\/uploads\/2024\/11\/WhatsApp-Image-2024-11-11-at-22.26.34-1536x1024-1.jpeg 1536w\" sizes=\"(max-width: 1024px) 100vw, 1024px\" \/><figcaption class=\"wp-element-caption\">Ministro de Turismo de Cuba, Juan Carlos Garc\u00eda Granda al centro con directivos de FEPET<\/figcaption><\/figure>\n<\/figure>\n\n\n\n<p>En este contexto la directiva de FEPET reconoci\u00f3 a un grupo de entidades cubanas que han apoyado durante a\u00f1os el desarrollo del turismo en Cuba. Entre los galardonados est\u00e1n: Havanatur S.A. Marinas Marlin S.A. Transtur S.A. Iberostar Cuba, Meli\u00e1 Cuba, Hotel Iberostar Gran Packard, la Cadena Hotelera Gran Caribe y el Centro de Prensa Internacional del Minrex.<\/p>\n\n\n\n<p>Los miembros de FEPET arribaron a Cuba el d\u00eda 10 y hasta el 16 de noviembre cumplir\u00e1n un plan de actividades donde visitar\u00e1n lugares de inter\u00e9s tur\u00edsticos.<\/p>\n\n\n\n<p>El encuentro es organizado por el Ministerio de Turismo de Cuba y el Grupo Internacional de Turoperadores y Agencias de Viajes Havanatur S.A.<\/p>\n\n\n\n<figure class=\"wp-block-image size-large\"><img decoding=\"async\" width=\"1024\" height=\"683\" src=\"https:\/\/realidadturistica.com\/realtur\/wp-content\/uploads\/2024\/11\/WhatsApp-Image-2024-11-11-at-22.26.33-1-2048x1365-2-1024x683.jpeg\" alt=\"\" class=\"wp-image-8489\" srcset=\"https:\/\/realidadturistica.com\/realtur\/wp-content\/uploads\/2024\/11\/WhatsApp-Image-2024-11-11-at-22.26.33-1-2048x1365-2-1024x683.jpeg 1024w, https:\/\/realidadturistica.com\/realtur\/wp-content\/uploads\/2024\/11\/WhatsApp-Image-2024-11-11-at-22.26.33-1-2048x1365-2-300x200.jpeg 300w, https:\/\/realidadturistica.com\/realtur\/wp-content\/uploads\/2024\/11\/WhatsApp-Image-2024-11-11-at-22.26.33-1-2048x1365-2-768x512.jpeg 768w, https:\/\/realidadturistica.com\/realtur\/wp-content\/uploads\/2024\/11\/WhatsApp-Image-2024-11-11-at-22.26.33-1-2048x1365-2-1536x1024.jpeg 1536w, https:\/\/realidadturistica.com\/realtur\/wp-content\/uploads\/2024\/11\/WhatsApp-Image-2024-11-11-at-22.26.33-1-2048x1365-2-1920x1280.jpeg 1920w, https:\/\/realidadturistica.com\/realtur\/wp-content\/uploads\/2024\/11\/WhatsApp-Image-2024-11-11-at-22.26.33-1-2048x1365-2-1170x780.jpeg 1170w, https:\/\/realidadturistica.com\/realtur\/wp-content\/uploads\/2024\/11\/WhatsApp-Image-2024-11-11-at-22.26.33-1-2048x1365-2-585x390.jpeg 585w, https:\/\/realidadturistica.com\/realtur\/wp-content\/uploads\/2024\/11\/WhatsApp-Image-2024-11-11-at-22.26.33-1-2048x1365-2-263x175.jpeg 263w, https:\/\/realidadturistica.com\/realtur\/wp-content\/uploads\/2024\/11\/WhatsApp-Image-2024-11-11-at-22.26.33-1-2048x1365-2.jpeg 2048w\" sizes=\"(max-width: 1024px) 100vw, 1024px\" \/><figcaption class=\"wp-element-caption\">Representantes de entidades cubanas de turismo reconocidos por FEPET<\/figcaption><\/figure>\n\n\n\n<p>La <a href=\"https:\/\/www.fepet.info\/\">Federaci\u00f3n de Periodistas y Escritores de Turismo (FEPET)<\/a> es una entidad profesional sin \u00e1nimo de lucro, vinculada a la UNESCO con el estatuto de miembro asociado y miembro del F\u00f3rum Iberoamericano de Periodistas de Turismo. FEPET realiza congresos internacionales anuales escogiendo un lugar distinto, tratando de familiarizar al comunicador de turismo con zonas tur\u00edsticas emergentes.<\/p>\n\n\n\n<p>Fuente: Realidad Tur\u00edstica<\/p>\n","protected":false},"excerpt":{"rendered":"<p>Cuba. El XV Congreso de la Federaci\u00f3n Espa\u00f1ola de Escritores y Periodistas del Turismo (FEPET) se realizar\u00e1 el d\u00eda 16 de noviembre en el balneario&hellip;<\/p>\n","protected":false},"author":2,"featured_media":8485,"comment_status":"open","ping_status":"closed","sticky":false,"template":"","format":"standard","meta":{"content-type":"","_lmt_disableupdate":"","_lmt_disable":"","footnotes":""},"categories":[5],"tags":[],"class_list":["post-8484","post","type-post","status-publish","format-standard","has-post-thumbnail","hentry","category-mice"],"yoast_head":"<!-- This site is optimized with the Yoast SEO Premium plugin v27.4 (Yoast SEO v27.4) - https:\/\/yoast.com\/product\/yoast-seo-premium-wordpress\/ -->\n<title>XV Congreso de FEPET se realizar\u00e1 en Varadero, Cuba - Realidad Tur\u00edstica<\/title>\n<meta name=\"robots\" content=\"index, follow, max-snippet:-1, max-image-preview:large, max-video-preview:-1\" \/>\n<link rel=\"canonical\" href=\"https:\/\/realidadturistica.com\/realtur\/xv-congreso-de-fepet-se-realizara-en-varadero-cuba\/\" \/>\n<meta property=\"og:locale\" content=\"es_ES\" \/>\n<meta property=\"og:type\" content=\"article\" \/>\n<meta property=\"og:title\" content=\"XV Congreso de FEPET se realizar\u00e1 en Varadero, Cuba\" \/>\n<meta property=\"og:description\" content=\"Cuba. El XV Congreso de la Federaci\u00f3n Espa\u00f1ola de Escritores y Periodistas del Turismo (FEPET) se realizar\u00e1 el d\u00eda 16 de noviembre en el balneario&hellip;\" \/>\n<meta property=\"og:url\" content=\"https:\/\/realidadturistica.com\/realtur\/xv-congreso-de-fepet-se-realizara-en-varadero-cuba\/\" \/>\n<meta property=\"og:site_name\" content=\"Realidad Tur\u00edstica\" \/>\n<meta property=\"article:publisher\" content=\"https:\/\/www.facebook.com\/realidadturistica\" \/>\n<meta property=\"article:published_time\" content=\"2024-11-12T15:25:59+00:00\" \/>\n<meta property=\"article:modified_time\" content=\"2024-11-12T15:28:43+00:00\" \/>\n<meta property=\"og:image\" content=\"https:\/\/realidadturistica.com\/realtur\/wp-content\/uploads\/2024\/11\/WhatsApp-Image-2024-11-11-at-22.26.31-2048x1365-1.jpeg\" \/>\n\t<meta property=\"og:image:width\" content=\"2048\" \/>\n\t<meta property=\"og:image:height\" content=\"1365\" \/>\n\t<meta property=\"og:image:type\" content=\"image\/jpeg\" \/>\n<meta name=\"author\" content=\"Editor\" \/>\n<meta name=\"twitter:card\" content=\"summary_large_image\" \/>\n<meta name=\"twitter:label1\" content=\"Escrito por\" \/>\n\t<meta name=\"twitter:data1\" content=\"Editor\" \/>\n\t<meta name=\"twitter:label2\" content=\"Tiempo de lectura\" \/>\n\t<meta name=\"twitter:data2\" content=\"3 minutos\" \/>\n<script type=\"application\/ld+json\" class=\"yoast-schema-graph\">{\"@context\":\"https:\\\/\\\/schema.org\",\"@graph\":[{\"@type\":\"Article\",\"@id\":\"https:\\\/\\\/realidadturistica.com\\\/realtur\\\/xv-congreso-de-fepet-se-realizara-en-varadero-cuba\\\/#article\",\"isPartOf\":{\"@id\":\"https:\\\/\\\/realidadturistica.com\\\/realtur\\\/xv-congreso-de-fepet-se-realizara-en-varadero-cuba\\\/\"},\"author\":{\"name\":\"Editor\",\"@id\":\"https:\\\/\\\/realidadturistica.com\\\/realtur\\\/#\\\/schema\\\/person\\\/ade671191202490fcf08ab21590de73e\"},\"headline\":\"XV Congreso de FEPET se realizar\u00e1 en Varadero, Cuba\",\"datePublished\":\"2024-11-12T15:25:59+00:00\",\"dateModified\":\"2024-11-12T15:28:43+00:00\",\"mainEntityOfPage\":{\"@id\":\"https:\\\/\\\/realidadturistica.com\\\/realtur\\\/xv-congreso-de-fepet-se-realizara-en-varadero-cuba\\\/\"},\"wordCount\":415,\"commentCount\":0,\"publisher\":{\"@id\":\"https:\\\/\\\/realidadturistica.com\\\/realtur\\\/#organization\"},\"image\":{\"@id\":\"https:\\\/\\\/realidadturistica.com\\\/realtur\\\/xv-congreso-de-fepet-se-realizara-en-varadero-cuba\\\/#primaryimage\"},\"thumbnailUrl\":\"https:\\\/\\\/realidadturistica.com\\\/realtur\\\/wp-content\\\/uploads\\\/2024\\\/11\\\/WhatsApp-Image-2024-11-11-at-22.26.31-2048x1365-1.jpeg\",\"articleSection\":[\"MICE\"],\"inLanguage\":\"es\",\"potentialAction\":[{\"@type\":\"CommentAction\",\"name\":\"Comment\",\"target\":[\"https:\\\/\\\/realidadturistica.com\\\/realtur\\\/xv-congreso-de-fepet-se-realizara-en-varadero-cuba\\\/#respond\"]}]},{\"@type\":\"WebPage\",\"@id\":\"https:\\\/\\\/realidadturistica.com\\\/realtur\\\/xv-congreso-de-fepet-se-realizara-en-varadero-cuba\\\/\",\"url\":\"https:\\\/\\\/realidadturistica.com\\\/realtur\\\/xv-congreso-de-fepet-se-realizara-en-varadero-cuba\\\/\",\"name\":\"XV Congreso de FEPET se realizar\u00e1 en Varadero, Cuba - Realidad Tur\u00edstica\",\"isPartOf\":{\"@id\":\"https:\\\/\\\/realidadturistica.com\\\/realtur\\\/#website\"},\"primaryImageOfPage\":{\"@id\":\"https:\\\/\\\/realidadturistica.com\\\/realtur\\\/xv-congreso-de-fepet-se-realizara-en-varadero-cuba\\\/#primaryimage\"},\"image\":{\"@id\":\"https:\\\/\\\/realidadturistica.com\\\/realtur\\\/xv-congreso-de-fepet-se-realizara-en-varadero-cuba\\\/#primaryimage\"},\"thumbnailUrl\":\"https:\\\/\\\/realidadturistica.com\\\/realtur\\\/wp-content\\\/uploads\\\/2024\\\/11\\\/WhatsApp-Image-2024-11-11-at-22.26.31-2048x1365-1.jpeg\",\"datePublished\":\"2024-11-12T15:25:59+00:00\",\"dateModified\":\"2024-11-12T15:28:43+00:00\",\"breadcrumb\":{\"@id\":\"https:\\\/\\\/realidadturistica.com\\\/realtur\\\/xv-congreso-de-fepet-se-realizara-en-varadero-cuba\\\/#breadcrumb\"},\"inLanguage\":\"es\",\"potentialAction\":[{\"@type\":\"ReadAction\",\"target\":[\"https:\\\/\\\/realidadturistica.com\\\/realtur\\\/xv-congreso-de-fepet-se-realizara-en-varadero-cuba\\\/\"]}]},{\"@type\":\"ImageObject\",\"inLanguage\":\"es\",\"@id\":\"https:\\\/\\\/realidadturistica.com\\\/realtur\\\/xv-congreso-de-fepet-se-realizara-en-varadero-cuba\\\/#primaryimage\",\"url\":\"https:\\\/\\\/realidadturistica.com\\\/realtur\\\/wp-content\\\/uploads\\\/2024\\\/11\\\/WhatsApp-Image-2024-11-11-at-22.26.31-2048x1365-1.jpeg\",\"contentUrl\":\"https:\\\/\\\/realidadturistica.com\\\/realtur\\\/wp-content\\\/uploads\\\/2024\\\/11\\\/WhatsApp-Image-2024-11-11-at-22.26.31-2048x1365-1.jpeg\",\"width\":2048,\"height\":1365},{\"@type\":\"BreadcrumbList\",\"@id\":\"https:\\\/\\\/realidadturistica.com\\\/realtur\\\/xv-congreso-de-fepet-se-realizara-en-varadero-cuba\\\/#breadcrumb\",\"itemListElement\":[{\"@type\":\"ListItem\",\"position\":1,\"name\":\"Portada\",\"item\":\"https:\\\/\\\/realidadturistica.com\\\/realtur\\\/\"},{\"@type\":\"ListItem\",\"position\":2,\"name\":\"XV Congreso de FEPET se realizar\u00e1 en Varadero, Cuba\"}]},{\"@type\":\"WebSite\",\"@id\":\"https:\\\/\\\/realidadturistica.com\\\/realtur\\\/#website\",\"url\":\"https:\\\/\\\/realidadturistica.com\\\/realtur\\\/\",\"name\":\"Realidad Tur\u00edstica\",\"description\":\"\",\"publisher\":{\"@id\":\"https:\\\/\\\/realidadturistica.com\\\/realtur\\\/#organization\"},\"potentialAction\":[{\"@type\":\"SearchAction\",\"target\":{\"@type\":\"EntryPoint\",\"urlTemplate\":\"https:\\\/\\\/realidadturistica.com\\\/realtur\\\/?s={search_term_string}\"},\"query-input\":{\"@type\":\"PropertyValueSpecification\",\"valueRequired\":true,\"valueName\":\"search_term_string\"}}],\"inLanguage\":\"es\"},{\"@type\":\"Organization\",\"@id\":\"https:\\\/\\\/realidadturistica.com\\\/realtur\\\/#organization\",\"name\":\"Realidad Tur\u00edstica\",\"url\":\"https:\\\/\\\/realidadturistica.com\\\/realtur\\\/\",\"logo\":{\"@type\":\"ImageObject\",\"inLanguage\":\"es\",\"@id\":\"https:\\\/\\\/realidadturistica.com\\\/realtur\\\/#\\\/schema\\\/logo\\\/image\\\/\",\"url\":\"https:\\\/\\\/realidadturistica.com\\\/realtur\\\/wp-content\\\/uploads\\\/2021\\\/12\\\/logotipo-realidad-turistica.png\",\"contentUrl\":\"https:\\\/\\\/realidadturistica.com\\\/realtur\\\/wp-content\\\/uploads\\\/2021\\\/12\\\/logotipo-realidad-turistica.png\",\"width\":1382,\"height\":629,\"caption\":\"Realidad Tur\u00edstica\"},\"image\":{\"@id\":\"https:\\\/\\\/realidadturistica.com\\\/realtur\\\/#\\\/schema\\\/logo\\\/image\\\/\"},\"sameAs\":[\"https:\\\/\\\/www.facebook.com\\\/realidadturistica\",\"https:\\\/\\\/www.instagram.com\\\/realidad_turistica\\\/\"]},{\"@type\":\"Person\",\"@id\":\"https:\\\/\\\/realidadturistica.com\\\/realtur\\\/#\\\/schema\\\/person\\\/ade671191202490fcf08ab21590de73e\",\"name\":\"Editor\",\"image\":{\"@type\":\"ImageObject\",\"inLanguage\":\"es\",\"@id\":\"https:\\\/\\\/realidadturistica.com\\\/realtur\\\/wp-content\\\/uploads\\\/2023\\\/09\\\/Editor_avatar_1693668634-96x96.png\",\"url\":\"https:\\\/\\\/realidadturistica.com\\\/realtur\\\/wp-content\\\/uploads\\\/2023\\\/09\\\/Editor_avatar_1693668634-96x96.png\",\"contentUrl\":\"https:\\\/\\\/realidadturistica.com\\\/realtur\\\/wp-content\\\/uploads\\\/2023\\\/09\\\/Editor_avatar_1693668634-96x96.png\",\"caption\":\"Editor\"},\"sameAs\":[\"https:\\\/\\\/realidadturistica.com\\\/realtur\"],\"url\":\"https:\\\/\\\/realidadturistica.com\\\/realtur\\\/author\\\/editor2\\\/\"}]}<\/script>\n<!-- \/ Yoast SEO Premium plugin. -->","yoast_head_json":{"title":"XV Congreso de FEPET se realizar\u00e1 en Varadero, Cuba - Realidad Tur\u00edstica","robots":{"index":"index","follow":"follow","max-snippet":"max-snippet:-1","max-image-preview":"max-image-preview:large","max-video-preview":"max-video-preview:-1"},"canonical":"https:\/\/realidadturistica.com\/realtur\/xv-congreso-de-fepet-se-realizara-en-varadero-cuba\/","og_locale":"es_ES","og_type":"article","og_title":"XV Congreso de FEPET se realizar\u00e1 en Varadero, Cuba","og_description":"Cuba. El XV Congreso de la Federaci\u00f3n Espa\u00f1ola de Escritores y Periodistas del Turismo (FEPET) se realizar\u00e1 el d\u00eda 16 de noviembre en el balneario&hellip;","og_url":"https:\/\/realidadturistica.com\/realtur\/xv-congreso-de-fepet-se-realizara-en-varadero-cuba\/","og_site_name":"Realidad Tur\u00edstica","article_publisher":"https:\/\/www.facebook.com\/realidadturistica","article_published_time":"2024-11-12T15:25:59+00:00","article_modified_time":"2024-11-12T15:28:43+00:00","og_image":[{"width":2048,"height":1365,"url":"https:\/\/realidadturistica.com\/realtur\/wp-content\/uploads\/2024\/11\/WhatsApp-Image-2024-11-11-at-22.26.31-2048x1365-1.jpeg","type":"image\/jpeg"}],"author":"Editor","twitter_card":"summary_large_image","twitter_misc":{"Escrito por":"Editor","Tiempo de lectura":"3 minutos"},"schema":{"@context":"https:\/\/schema.org","@graph":[{"@type":"Article","@id":"https:\/\/realidadturistica.com\/realtur\/xv-congreso-de-fepet-se-realizara-en-varadero-cuba\/#article","isPartOf":{"@id":"https:\/\/realidadturistica.com\/realtur\/xv-congreso-de-fepet-se-realizara-en-varadero-cuba\/"},"author":{"name":"Editor","@id":"https:\/\/realidadturistica.com\/realtur\/#\/schema\/person\/ade671191202490fcf08ab21590de73e"},"headline":"XV Congreso de FEPET se realizar\u00e1 en Varadero, Cuba","datePublished":"2024-11-12T15:25:59+00:00","dateModified":"2024-11-12T15:28:43+00:00","mainEntityOfPage":{"@id":"https:\/\/realidadturistica.com\/realtur\/xv-congreso-de-fepet-se-realizara-en-varadero-cuba\/"},"wordCount":415,"commentCount":0,"publisher":{"@id":"https:\/\/realidadturistica.com\/realtur\/#organization"},"image":{"@id":"https:\/\/realidadturistica.com\/realtur\/xv-congreso-de-fepet-se-realizara-en-varadero-cuba\/#primaryimage"},"thumbnailUrl":"https:\/\/realidadturistica.com\/realtur\/wp-content\/uploads\/2024\/11\/WhatsApp-Image-2024-11-11-at-22.26.31-2048x1365-1.jpeg","articleSection":["MICE"],"inLanguage":"es","potentialAction":[{"@type":"CommentAction","name":"Comment","target":["https:\/\/realidadturistica.com\/realtur\/xv-congreso-de-fepet-se-realizara-en-varadero-cuba\/#respond"]}]},{"@type":"WebPage","@id":"https:\/\/realidadturistica.com\/realtur\/xv-congreso-de-fepet-se-realizara-en-varadero-cuba\/","url":"https:\/\/realidadturistica.com\/realtur\/xv-congreso-de-fepet-se-realizara-en-varadero-cuba\/","name":"XV Congreso de FEPET se realizar\u00e1 en Varadero, Cuba - Realidad Tur\u00edstica","isPartOf":{"@id":"https:\/\/realidadturistica.com\/realtur\/#website"},"primaryImageOfPage":{"@id":"https:\/\/realidadturistica.com\/realtur\/xv-congreso-de-fepet-se-realizara-en-varadero-cuba\/#primaryimage"},"image":{"@id":"https:\/\/realidadturistica.com\/realtur\/xv-congreso-de-fepet-se-realizara-en-varadero-cuba\/#primaryimage"},"thumbnailUrl":"https:\/\/realidadturistica.com\/realtur\/wp-content\/uploads\/2024\/11\/WhatsApp-Image-2024-11-11-at-22.26.31-2048x1365-1.jpeg","datePublished":"2024-11-12T15:25:59+00:00","dateModified":"2024-11-12T15:28:43+00:00","breadcrumb":{"@id":"https:\/\/realidadturistica.com\/realtur\/xv-congreso-de-fepet-se-realizara-en-varadero-cuba\/#breadcrumb"},"inLanguage":"es","potentialAction":[{"@type":"ReadAction","target":["https:\/\/realidadturistica.com\/realtur\/xv-congreso-de-fepet-se-realizara-en-varadero-cuba\/"]}]},{"@type":"ImageObject","inLanguage":"es","@id":"https:\/\/realidadturistica.com\/realtur\/xv-congreso-de-fepet-se-realizara-en-varadero-cuba\/#primaryimage","url":"https:\/\/realidadturistica.com\/realtur\/wp-content\/uploads\/2024\/11\/WhatsApp-Image-2024-11-11-at-22.26.31-2048x1365-1.jpeg","contentUrl":"https:\/\/realidadturistica.com\/realtur\/wp-content\/uploads\/2024\/11\/WhatsApp-Image-2024-11-11-at-22.26.31-2048x1365-1.jpeg","width":2048,"height":1365},{"@type":"BreadcrumbList","@id":"https:\/\/realidadturistica.com\/realtur\/xv-congreso-de-fepet-se-realizara-en-varadero-cuba\/#breadcrumb","itemListElement":[{"@type":"ListItem","position":1,"name":"Portada","item":"https:\/\/realidadturistica.com\/realtur\/"},{"@type":"ListItem","position":2,"name":"XV Congreso de FEPET se realizar\u00e1 en Varadero, Cuba"}]},{"@type":"WebSite","@id":"https:\/\/realidadturistica.com\/realtur\/#website","url":"https:\/\/realidadturistica.com\/realtur\/","name":"Realidad Tur\u00edstica","description":"","publisher":{"@id":"https:\/\/realidadturistica.com\/realtur\/#organization"},"potentialAction":[{"@type":"SearchAction","target":{"@type":"EntryPoint","urlTemplate":"https:\/\/realidadturistica.com\/realtur\/?s={search_term_string}"},"query-input":{"@type":"PropertyValueSpecification","valueRequired":true,"valueName":"search_term_string"}}],"inLanguage":"es"},{"@type":"Organization","@id":"https:\/\/realidadturistica.com\/realtur\/#organization","name":"Realidad Tur\u00edstica","url":"https:\/\/realidadturistica.com\/realtur\/","logo":{"@type":"ImageObject","inLanguage":"es","@id":"https:\/\/realidadturistica.com\/realtur\/#\/schema\/logo\/image\/","url":"https:\/\/realidadturistica.com\/realtur\/wp-content\/uploads\/2021\/12\/logotipo-realidad-turistica.png","contentUrl":"https:\/\/realidadturistica.com\/realtur\/wp-content\/uploads\/2021\/12\/logotipo-realidad-turistica.png","width":1382,"height":629,"caption":"Realidad Tur\u00edstica"},"image":{"@id":"https:\/\/realidadturistica.com\/realtur\/#\/schema\/logo\/image\/"},"sameAs":["https:\/\/www.facebook.com\/realidadturistica","https:\/\/www.instagram.com\/realidad_turistica\/"]},{"@type":"Person","@id":"https:\/\/realidadturistica.com\/realtur\/#\/schema\/person\/ade671191202490fcf08ab21590de73e","name":"Editor","image":{"@type":"ImageObject","inLanguage":"es","@id":"https:\/\/realidadturistica.com\/realtur\/wp-content\/uploads\/2023\/09\/Editor_avatar_1693668634-96x96.png","url":"https:\/\/realidadturistica.com\/realtur\/wp-content\/uploads\/2023\/09\/Editor_avatar_1693668634-96x96.png","contentUrl":"https:\/\/realidadturistica.com\/realtur\/wp-content\/uploads\/2023\/09\/Editor_avatar_1693668634-96x96.png","caption":"Editor"},"sameAs":["https:\/\/realidadturistica.com\/realtur"],"url":"https:\/\/realidadturistica.com\/realtur\/author\/editor2\/"}]}},"_links":{"self":[{"href":"https:\/\/realidadturistica.com\/realtur\/wp-json\/wp\/v2\/posts\/8484","targetHints":{"allow":["GET"]}}],"collection":[{"href":"https:\/\/realidadturistica.com\/realtur\/wp-json\/wp\/v2\/posts"}],"about":[{"href":"https:\/\/realidadturistica.com\/realtur\/wp-json\/wp\/v2\/types\/post"}],"author":[{"embeddable":true,"href":"https:\/\/realidadturistica.com\/realtur\/wp-json\/wp\/v2\/users\/2"}],"replies":[{"embeddable":true,"href":"https:\/\/realidadturistica.com\/realtur\/wp-json\/wp\/v2\/comments?post=8484"}],"version-history":[{"count":2,"href":"https:\/\/realidadturistica.com\/realtur\/wp-json\/wp\/v2\/posts\/8484\/revisions"}],"predecessor-version":[{"id":8491,"href":"https:\/\/realidadturistica.com\/realtur\/wp-json\/wp\/v2\/posts\/8484\/revisions\/8491"}],"wp:featuredmedia":[{"embeddable":true,"href":"https:\/\/realidadturistica.com\/realtur\/wp-json\/wp\/v2\/media\/8485"}],"wp:attachment":[{"href":"https:\/\/realidadturistica.com\/realtur\/wp-json\/wp\/v2\/media?parent=8484"}],"wp:term":[{"taxonomy":"category","embeddable":true,"href":"https:\/\/realidadturistica.com\/realtur\/wp-json\/wp\/v2\/categories?post=8484"},{"taxonomy":"post_tag","embeddable":true,"href":"https:\/\/realidadturistica.com\/realtur\/wp-json\/wp\/v2\/tags?post=8484"}],"curies":[{"name":"wp","href":"https:\/\/api.w.org\/{rel}","templated":true}]}}