{"id":8571,"date":"2024-11-22T13:27:48","date_gmt":"2024-11-22T13:27:48","guid":{"rendered":"https:\/\/realidadturistica.com\/realtur\/?p=8571"},"modified":"2024-11-22T13:27:50","modified_gmt":"2024-11-22T13:27:50","slug":"tributo-a-ricardo-arjona-en-trovajazz-2024","status":"publish","type":"post","link":"https:\/\/realidadturistica.com\/realtur\/tributo-a-ricardo-arjona-en-trovajazz-2024\/","title":{"rendered":"Tributo a Ricardo Arjona en TrovaJazz 2024"},"content":{"rendered":"\n<p class=\"wp-block-yoast-seo-estimated-reading-time yoast-reading-time__wrapper\"><span class=\"yoast-reading-time__icon\"><svg aria-hidden=\"true\" focusable=\"false\" data-icon=\"clock\" width=\"20\" height=\"20\" fill=\"none\" stroke=\"currentColor\" style=\"display:inline-block;vertical-align:-0.1em\" role=\"img\" xmlns=\"http:\/\/www.w3.org\/2000\/svg\" viewBox=\"0 0 24 24\"><path stroke-linecap=\"round\" stroke-linejoin=\"round\" stroke-width=\"2\" d=\"M12 8v4l3 3m6-3a9 9 0 11-18 0 9 9 0 0118 0z\"><\/path><\/svg><\/span><span class=\"yoast-reading-time__spacer\" style=\"display:inline-block;width:1em\"><\/span><span class=\"yoast-reading-time__descriptive-text\">Estimated reading time: <\/span><span class=\"yoast-reading-time__reading-time\">2<\/span><span class=\"yoast-reading-time__time-unit\"> minutos<\/span><\/p>\n\n\n\n<p>Una gran noticia traemos para los seguidores del artista, porque se llevar\u00e1 a cabo un concierto tributo a Ricardo Arjona en TrovaJazz 2024 en Guatemala. En donde podr\u00e1s revivir los grandes \u00e9xitos del cantante de una manera inolvidable. \u00a1Qu\u00e9 chilero!<\/p>\n\n\n\n<p>Que mejor forma de terminar la semana que con un show musical en donde no podr\u00e1s dejar de cantar y emocionarte con las letras. As\u00ed que no dejes de leer, porque a continuaci\u00f3n te diremos cu\u00e1ndo, d\u00f3nde y a qu\u00e9 horas se realizar\u00e1 la presentaci\u00f3n.<\/p>\n\n\n\n<p>Tributo a Ricardo Arjona en TrovaJazz 2024<\/p>\n\n\n\n<p>El cantautor guatemalteco Juane Quezada ser\u00e1 el encargado de amenizar este concierto y estar\u00e1 acompa\u00f1ado de Roberto Herrera, Walter Calder\u00f3n, Mariano Del Aire, Elisa Irene Aquino, Carlos Castellanos y Carlos Roberto Boc.<\/p>\n\n\n\n<p>Todos ellos se unir\u00e1n para brindar un show especial y transmitir una gran energ\u00eda en el escenario para que vivas una experiencia memorable. Adem\u00e1s, tambi\u00e9n se contar\u00e1 con el invitado especial Berny G\u00f3mez, quien interpretar\u00e1 distintas melod\u00edas.<\/p>\n\n\n\n<p>Entre los \u00e9xitos musicales del artista podemos mencionar \u00abFuiste t\u00fa\u00bb, \u00abMujeres\u00bb, \u00abComo duele\u00bb, \u00abTiempo en una botella\u00bb, \u00abQuien dir\u00eda\u00bb, \u00abAnimal Nocturno\u00bb y muchas otras que no querr\u00e1s perderte.<\/p>\n\n\n\n<p>La noche del animal nocturno<\/p>\n\n\n\n<p>Que no se te pase, porque el tributo a Ricardo Arjona en TrovaJazz 2024 se realizar\u00e1 este viernes 22 de noviembre a partir de las 20:00 horas. Te recomendamos llegar con tiempo para que te ubiques en el lugar que m\u00e1s te guste o que quede cerca al escenario. \u00a1Pilas pues!<\/p>\n\n\n\n<p>Las entradas las puedes adquirir a trav\u00e9s de la p\u00e1gina web de V\u00edvelo On Line o bien, en taquilla el d\u00eda del evento. Aqu\u00ed te diremos los precios disponibles para que no te quedes fuera de este espect\u00e1culo:<\/p>\n\n\n\n<p>&nbsp;&nbsp;&nbsp; Preventa: Q75.00<\/p>\n\n\n\n<p>&nbsp;&nbsp;&nbsp; Taquilla: Q100.00<\/p>\n\n\n\n<p>La noche estar\u00e1 llena de sorpresas y en el lugar venden comida y bebidas, as\u00ed que mientras escuchas la m\u00fasica podr\u00e1s deleitarte con los distintos platillos que ofrecen.<\/p>\n\n\n\n<p>Fuente: eventos.guatemala.com<\/p>\n","protected":false},"excerpt":{"rendered":"<p>Una gran noticia traemos para los seguidores del artista, porque se llevar\u00e1 a cabo un concierto tributo a Ricardo Arjona en TrovaJazz 2024 en Guatemala.&hellip;<\/p>\n","protected":false},"author":2,"featured_media":8572,"comment_status":"open","ping_status":"closed","sticky":false,"template":"","format":"standard","meta":{"content-type":"","_lmt_disableupdate":"","_lmt_disable":"","footnotes":""},"categories":[58],"tags":[],"class_list":["post-8571","post","type-post","status-publish","format-standard","has-post-thumbnail","hentry","category-culturales"],"yoast_head":"<!-- This site is optimized with the Yoast SEO Premium plugin v27.4 (Yoast SEO v27.5) - https:\/\/yoast.com\/product\/yoast-seo-premium-wordpress\/ -->\n<title>Tributo a Ricardo Arjona en TrovaJazz 2024 - Realidad Tur\u00edstica<\/title>\n<meta name=\"robots\" content=\"index, follow, max-snippet:-1, max-image-preview:large, max-video-preview:-1\" \/>\n<link rel=\"canonical\" href=\"https:\/\/realidadturistica.com\/realtur\/tributo-a-ricardo-arjona-en-trovajazz-2024\/\" \/>\n<meta property=\"og:locale\" content=\"es_ES\" \/>\n<meta property=\"og:type\" content=\"article\" \/>\n<meta property=\"og:title\" content=\"Tributo a Ricardo Arjona en TrovaJazz 2024\" \/>\n<meta property=\"og:description\" content=\"Una gran noticia traemos para los seguidores del artista, porque se llevar\u00e1 a cabo un concierto tributo a Ricardo Arjona en TrovaJazz 2024 en Guatemala.&hellip;\" \/>\n<meta property=\"og:url\" content=\"https:\/\/realidadturistica.com\/realtur\/tributo-a-ricardo-arjona-en-trovajazz-2024\/\" \/>\n<meta property=\"og:site_name\" content=\"Realidad Tur\u00edstica\" \/>\n<meta property=\"article:publisher\" content=\"https:\/\/www.facebook.com\/realidadturistica\" \/>\n<meta property=\"article:published_time\" content=\"2024-11-22T13:27:48+00:00\" \/>\n<meta property=\"article:modified_time\" content=\"2024-11-22T13:27:50+00:00\" \/>\n<meta property=\"og:image\" content=\"https:\/\/realidadturistica.com\/realtur\/wp-content\/uploads\/2024\/11\/Tributo-a-Ricardo.jpg\" \/>\n\t<meta property=\"og:image:width\" content=\"885\" \/>\n\t<meta property=\"og:image:height\" content=\"500\" \/>\n\t<meta property=\"og:image:type\" content=\"image\/jpeg\" \/>\n<meta name=\"author\" content=\"Editor\" \/>\n<meta name=\"twitter:card\" content=\"summary_large_image\" \/>\n<meta name=\"twitter:label1\" content=\"Escrito por\" \/>\n\t<meta name=\"twitter:data1\" content=\"Editor\" \/>\n\t<meta name=\"twitter:label2\" content=\"Tiempo de lectura\" \/>\n\t<meta name=\"twitter:data2\" content=\"2 minutos\" \/>\n<script type=\"application\/ld+json\" class=\"yoast-schema-graph\">{\"@context\":\"https:\\\/\\\/schema.org\",\"@graph\":[{\"@type\":\"Article\",\"@id\":\"https:\\\/\\\/realidadturistica.com\\\/realtur\\\/tributo-a-ricardo-arjona-en-trovajazz-2024\\\/#article\",\"isPartOf\":{\"@id\":\"https:\\\/\\\/realidadturistica.com\\\/realtur\\\/tributo-a-ricardo-arjona-en-trovajazz-2024\\\/\"},\"author\":{\"name\":\"Editor\",\"@id\":\"https:\\\/\\\/realidadturistica.com\\\/realtur\\\/#\\\/schema\\\/person\\\/ade671191202490fcf08ab21590de73e\"},\"headline\":\"Tributo a Ricardo Arjona en TrovaJazz 2024\",\"datePublished\":\"2024-11-22T13:27:48+00:00\",\"dateModified\":\"2024-11-22T13:27:50+00:00\",\"mainEntityOfPage\":{\"@id\":\"https:\\\/\\\/realidadturistica.com\\\/realtur\\\/tributo-a-ricardo-arjona-en-trovajazz-2024\\\/\"},\"wordCount\":354,\"commentCount\":0,\"publisher\":{\"@id\":\"https:\\\/\\\/realidadturistica.com\\\/realtur\\\/#organization\"},\"image\":{\"@id\":\"https:\\\/\\\/realidadturistica.com\\\/realtur\\\/tributo-a-ricardo-arjona-en-trovajazz-2024\\\/#primaryimage\"},\"thumbnailUrl\":\"https:\\\/\\\/realidadturistica.com\\\/realtur\\\/wp-content\\\/uploads\\\/2024\\\/11\\\/Tributo-a-Ricardo.jpg\",\"articleSection\":[\"Culturales\"],\"inLanguage\":\"es\",\"potentialAction\":[{\"@type\":\"CommentAction\",\"name\":\"Comment\",\"target\":[\"https:\\\/\\\/realidadturistica.com\\\/realtur\\\/tributo-a-ricardo-arjona-en-trovajazz-2024\\\/#respond\"]}]},{\"@type\":\"WebPage\",\"@id\":\"https:\\\/\\\/realidadturistica.com\\\/realtur\\\/tributo-a-ricardo-arjona-en-trovajazz-2024\\\/\",\"url\":\"https:\\\/\\\/realidadturistica.com\\\/realtur\\\/tributo-a-ricardo-arjona-en-trovajazz-2024\\\/\",\"name\":\"Tributo a Ricardo Arjona en TrovaJazz 2024 - Realidad Tur\u00edstica\",\"isPartOf\":{\"@id\":\"https:\\\/\\\/realidadturistica.com\\\/realtur\\\/#website\"},\"primaryImageOfPage\":{\"@id\":\"https:\\\/\\\/realidadturistica.com\\\/realtur\\\/tributo-a-ricardo-arjona-en-trovajazz-2024\\\/#primaryimage\"},\"image\":{\"@id\":\"https:\\\/\\\/realidadturistica.com\\\/realtur\\\/tributo-a-ricardo-arjona-en-trovajazz-2024\\\/#primaryimage\"},\"thumbnailUrl\":\"https:\\\/\\\/realidadturistica.com\\\/realtur\\\/wp-content\\\/uploads\\\/2024\\\/11\\\/Tributo-a-Ricardo.jpg\",\"datePublished\":\"2024-11-22T13:27:48+00:00\",\"dateModified\":\"2024-11-22T13:27:50+00:00\",\"breadcrumb\":{\"@id\":\"https:\\\/\\\/realidadturistica.com\\\/realtur\\\/tributo-a-ricardo-arjona-en-trovajazz-2024\\\/#breadcrumb\"},\"inLanguage\":\"es\",\"potentialAction\":[{\"@type\":\"ReadAction\",\"target\":[\"https:\\\/\\\/realidadturistica.com\\\/realtur\\\/tributo-a-ricardo-arjona-en-trovajazz-2024\\\/\"]}]},{\"@type\":\"ImageObject\",\"inLanguage\":\"es\",\"@id\":\"https:\\\/\\\/realidadturistica.com\\\/realtur\\\/tributo-a-ricardo-arjona-en-trovajazz-2024\\\/#primaryimage\",\"url\":\"https:\\\/\\\/realidadturistica.com\\\/realtur\\\/wp-content\\\/uploads\\\/2024\\\/11\\\/Tributo-a-Ricardo.jpg\",\"contentUrl\":\"https:\\\/\\\/realidadturistica.com\\\/realtur\\\/wp-content\\\/uploads\\\/2024\\\/11\\\/Tributo-a-Ricardo.jpg\",\"width\":885,\"height\":500},{\"@type\":\"BreadcrumbList\",\"@id\":\"https:\\\/\\\/realidadturistica.com\\\/realtur\\\/tributo-a-ricardo-arjona-en-trovajazz-2024\\\/#breadcrumb\",\"itemListElement\":[{\"@type\":\"ListItem\",\"position\":1,\"name\":\"Portada\",\"item\":\"https:\\\/\\\/realidadturistica.com\\\/realtur\\\/\"},{\"@type\":\"ListItem\",\"position\":2,\"name\":\"Tributo a Ricardo Arjona en TrovaJazz 2024\"}]},{\"@type\":\"WebSite\",\"@id\":\"https:\\\/\\\/realidadturistica.com\\\/realtur\\\/#website\",\"url\":\"https:\\\/\\\/realidadturistica.com\\\/realtur\\\/\",\"name\":\"Realidad Tur\u00edstica\",\"description\":\"\",\"publisher\":{\"@id\":\"https:\\\/\\\/realidadturistica.com\\\/realtur\\\/#organization\"},\"potentialAction\":[{\"@type\":\"SearchAction\",\"target\":{\"@type\":\"EntryPoint\",\"urlTemplate\":\"https:\\\/\\\/realidadturistica.com\\\/realtur\\\/?s={search_term_string}\"},\"query-input\":{\"@type\":\"PropertyValueSpecification\",\"valueRequired\":true,\"valueName\":\"search_term_string\"}}],\"inLanguage\":\"es\"},{\"@type\":\"Organization\",\"@id\":\"https:\\\/\\\/realidadturistica.com\\\/realtur\\\/#organization\",\"name\":\"Realidad Tur\u00edstica\",\"url\":\"https:\\\/\\\/realidadturistica.com\\\/realtur\\\/\",\"logo\":{\"@type\":\"ImageObject\",\"inLanguage\":\"es\",\"@id\":\"https:\\\/\\\/realidadturistica.com\\\/realtur\\\/#\\\/schema\\\/logo\\\/image\\\/\",\"url\":\"https:\\\/\\\/realidadturistica.com\\\/realtur\\\/wp-content\\\/uploads\\\/2021\\\/12\\\/logotipo-realidad-turistica.png\",\"contentUrl\":\"https:\\\/\\\/realidadturistica.com\\\/realtur\\\/wp-content\\\/uploads\\\/2021\\\/12\\\/logotipo-realidad-turistica.png\",\"width\":1382,\"height\":629,\"caption\":\"Realidad Tur\u00edstica\"},\"image\":{\"@id\":\"https:\\\/\\\/realidadturistica.com\\\/realtur\\\/#\\\/schema\\\/logo\\\/image\\\/\"},\"sameAs\":[\"https:\\\/\\\/www.facebook.com\\\/realidadturistica\",\"https:\\\/\\\/www.instagram.com\\\/realidad_turistica\\\/\"]},{\"@type\":\"Person\",\"@id\":\"https:\\\/\\\/realidadturistica.com\\\/realtur\\\/#\\\/schema\\\/person\\\/ade671191202490fcf08ab21590de73e\",\"name\":\"Editor\",\"image\":{\"@type\":\"ImageObject\",\"inLanguage\":\"es\",\"@id\":\"https:\\\/\\\/realidadturistica.com\\\/realtur\\\/wp-content\\\/uploads\\\/2023\\\/09\\\/Editor_avatar_1693668634-96x96.png\",\"url\":\"https:\\\/\\\/realidadturistica.com\\\/realtur\\\/wp-content\\\/uploads\\\/2023\\\/09\\\/Editor_avatar_1693668634-96x96.png\",\"contentUrl\":\"https:\\\/\\\/realidadturistica.com\\\/realtur\\\/wp-content\\\/uploads\\\/2023\\\/09\\\/Editor_avatar_1693668634-96x96.png\",\"caption\":\"Editor\"},\"sameAs\":[\"https:\\\/\\\/realidadturistica.com\\\/realtur\"],\"url\":\"https:\\\/\\\/realidadturistica.com\\\/realtur\\\/author\\\/editor2\\\/\"}]}<\/script>\n<!-- \/ Yoast SEO Premium plugin. -->","yoast_head_json":{"title":"Tributo a Ricardo Arjona en TrovaJazz 2024 - Realidad Tur\u00edstica","robots":{"index":"index","follow":"follow","max-snippet":"max-snippet:-1","max-image-preview":"max-image-preview:large","max-video-preview":"max-video-preview:-1"},"canonical":"https:\/\/realidadturistica.com\/realtur\/tributo-a-ricardo-arjona-en-trovajazz-2024\/","og_locale":"es_ES","og_type":"article","og_title":"Tributo a Ricardo Arjona en TrovaJazz 2024","og_description":"Una gran noticia traemos para los seguidores del artista, porque se llevar\u00e1 a cabo un concierto tributo a Ricardo Arjona en TrovaJazz 2024 en Guatemala.&hellip;","og_url":"https:\/\/realidadturistica.com\/realtur\/tributo-a-ricardo-arjona-en-trovajazz-2024\/","og_site_name":"Realidad Tur\u00edstica","article_publisher":"https:\/\/www.facebook.com\/realidadturistica","article_published_time":"2024-11-22T13:27:48+00:00","article_modified_time":"2024-11-22T13:27:50+00:00","og_image":[{"width":885,"height":500,"url":"https:\/\/realidadturistica.com\/realtur\/wp-content\/uploads\/2024\/11\/Tributo-a-Ricardo.jpg","type":"image\/jpeg"}],"author":"Editor","twitter_card":"summary_large_image","twitter_misc":{"Escrito por":"Editor","Tiempo de lectura":"2 minutos"},"schema":{"@context":"https:\/\/schema.org","@graph":[{"@type":"Article","@id":"https:\/\/realidadturistica.com\/realtur\/tributo-a-ricardo-arjona-en-trovajazz-2024\/#article","isPartOf":{"@id":"https:\/\/realidadturistica.com\/realtur\/tributo-a-ricardo-arjona-en-trovajazz-2024\/"},"author":{"name":"Editor","@id":"https:\/\/realidadturistica.com\/realtur\/#\/schema\/person\/ade671191202490fcf08ab21590de73e"},"headline":"Tributo a Ricardo Arjona en TrovaJazz 2024","datePublished":"2024-11-22T13:27:48+00:00","dateModified":"2024-11-22T13:27:50+00:00","mainEntityOfPage":{"@id":"https:\/\/realidadturistica.com\/realtur\/tributo-a-ricardo-arjona-en-trovajazz-2024\/"},"wordCount":354,"commentCount":0,"publisher":{"@id":"https:\/\/realidadturistica.com\/realtur\/#organization"},"image":{"@id":"https:\/\/realidadturistica.com\/realtur\/tributo-a-ricardo-arjona-en-trovajazz-2024\/#primaryimage"},"thumbnailUrl":"https:\/\/realidadturistica.com\/realtur\/wp-content\/uploads\/2024\/11\/Tributo-a-Ricardo.jpg","articleSection":["Culturales"],"inLanguage":"es","potentialAction":[{"@type":"CommentAction","name":"Comment","target":["https:\/\/realidadturistica.com\/realtur\/tributo-a-ricardo-arjona-en-trovajazz-2024\/#respond"]}]},{"@type":"WebPage","@id":"https:\/\/realidadturistica.com\/realtur\/tributo-a-ricardo-arjona-en-trovajazz-2024\/","url":"https:\/\/realidadturistica.com\/realtur\/tributo-a-ricardo-arjona-en-trovajazz-2024\/","name":"Tributo a Ricardo Arjona en TrovaJazz 2024 - Realidad Tur\u00edstica","isPartOf":{"@id":"https:\/\/realidadturistica.com\/realtur\/#website"},"primaryImageOfPage":{"@id":"https:\/\/realidadturistica.com\/realtur\/tributo-a-ricardo-arjona-en-trovajazz-2024\/#primaryimage"},"image":{"@id":"https:\/\/realidadturistica.com\/realtur\/tributo-a-ricardo-arjona-en-trovajazz-2024\/#primaryimage"},"thumbnailUrl":"https:\/\/realidadturistica.com\/realtur\/wp-content\/uploads\/2024\/11\/Tributo-a-Ricardo.jpg","datePublished":"2024-11-22T13:27:48+00:00","dateModified":"2024-11-22T13:27:50+00:00","breadcrumb":{"@id":"https:\/\/realidadturistica.com\/realtur\/tributo-a-ricardo-arjona-en-trovajazz-2024\/#breadcrumb"},"inLanguage":"es","potentialAction":[{"@type":"ReadAction","target":["https:\/\/realidadturistica.com\/realtur\/tributo-a-ricardo-arjona-en-trovajazz-2024\/"]}]},{"@type":"ImageObject","inLanguage":"es","@id":"https:\/\/realidadturistica.com\/realtur\/tributo-a-ricardo-arjona-en-trovajazz-2024\/#primaryimage","url":"https:\/\/realidadturistica.com\/realtur\/wp-content\/uploads\/2024\/11\/Tributo-a-Ricardo.jpg","contentUrl":"https:\/\/realidadturistica.com\/realtur\/wp-content\/uploads\/2024\/11\/Tributo-a-Ricardo.jpg","width":885,"height":500},{"@type":"BreadcrumbList","@id":"https:\/\/realidadturistica.com\/realtur\/tributo-a-ricardo-arjona-en-trovajazz-2024\/#breadcrumb","itemListElement":[{"@type":"ListItem","position":1,"name":"Portada","item":"https:\/\/realidadturistica.com\/realtur\/"},{"@type":"ListItem","position":2,"name":"Tributo a Ricardo Arjona en TrovaJazz 2024"}]},{"@type":"WebSite","@id":"https:\/\/realidadturistica.com\/realtur\/#website","url":"https:\/\/realidadturistica.com\/realtur\/","name":"Realidad Tur\u00edstica","description":"","publisher":{"@id":"https:\/\/realidadturistica.com\/realtur\/#organization"},"potentialAction":[{"@type":"SearchAction","target":{"@type":"EntryPoint","urlTemplate":"https:\/\/realidadturistica.com\/realtur\/?s={search_term_string}"},"query-input":{"@type":"PropertyValueSpecification","valueRequired":true,"valueName":"search_term_string"}}],"inLanguage":"es"},{"@type":"Organization","@id":"https:\/\/realidadturistica.com\/realtur\/#organization","name":"Realidad Tur\u00edstica","url":"https:\/\/realidadturistica.com\/realtur\/","logo":{"@type":"ImageObject","inLanguage":"es","@id":"https:\/\/realidadturistica.com\/realtur\/#\/schema\/logo\/image\/","url":"https:\/\/realidadturistica.com\/realtur\/wp-content\/uploads\/2021\/12\/logotipo-realidad-turistica.png","contentUrl":"https:\/\/realidadturistica.com\/realtur\/wp-content\/uploads\/2021\/12\/logotipo-realidad-turistica.png","width":1382,"height":629,"caption":"Realidad Tur\u00edstica"},"image":{"@id":"https:\/\/realidadturistica.com\/realtur\/#\/schema\/logo\/image\/"},"sameAs":["https:\/\/www.facebook.com\/realidadturistica","https:\/\/www.instagram.com\/realidad_turistica\/"]},{"@type":"Person","@id":"https:\/\/realidadturistica.com\/realtur\/#\/schema\/person\/ade671191202490fcf08ab21590de73e","name":"Editor","image":{"@type":"ImageObject","inLanguage":"es","@id":"https:\/\/realidadturistica.com\/realtur\/wp-content\/uploads\/2023\/09\/Editor_avatar_1693668634-96x96.png","url":"https:\/\/realidadturistica.com\/realtur\/wp-content\/uploads\/2023\/09\/Editor_avatar_1693668634-96x96.png","contentUrl":"https:\/\/realidadturistica.com\/realtur\/wp-content\/uploads\/2023\/09\/Editor_avatar_1693668634-96x96.png","caption":"Editor"},"sameAs":["https:\/\/realidadturistica.com\/realtur"],"url":"https:\/\/realidadturistica.com\/realtur\/author\/editor2\/"}]}},"_links":{"self":[{"href":"https:\/\/realidadturistica.com\/realtur\/wp-json\/wp\/v2\/posts\/8571","targetHints":{"allow":["GET"]}}],"collection":[{"href":"https:\/\/realidadturistica.com\/realtur\/wp-json\/wp\/v2\/posts"}],"about":[{"href":"https:\/\/realidadturistica.com\/realtur\/wp-json\/wp\/v2\/types\/post"}],"author":[{"embeddable":true,"href":"https:\/\/realidadturistica.com\/realtur\/wp-json\/wp\/v2\/users\/2"}],"replies":[{"embeddable":true,"href":"https:\/\/realidadturistica.com\/realtur\/wp-json\/wp\/v2\/comments?post=8571"}],"version-history":[{"count":1,"href":"https:\/\/realidadturistica.com\/realtur\/wp-json\/wp\/v2\/posts\/8571\/revisions"}],"predecessor-version":[{"id":8573,"href":"https:\/\/realidadturistica.com\/realtur\/wp-json\/wp\/v2\/posts\/8571\/revisions\/8573"}],"wp:featuredmedia":[{"embeddable":true,"href":"https:\/\/realidadturistica.com\/realtur\/wp-json\/wp\/v2\/media\/8572"}],"wp:attachment":[{"href":"https:\/\/realidadturistica.com\/realtur\/wp-json\/wp\/v2\/media?parent=8571"}],"wp:term":[{"taxonomy":"category","embeddable":true,"href":"https:\/\/realidadturistica.com\/realtur\/wp-json\/wp\/v2\/categories?post=8571"},{"taxonomy":"post_tag","embeddable":true,"href":"https:\/\/realidadturistica.com\/realtur\/wp-json\/wp\/v2\/tags?post=8571"}],"curies":[{"name":"wp","href":"https:\/\/api.w.org\/{rel}","templated":true}]}}