{"id":8601,"date":"2024-11-26T02:52:06","date_gmt":"2024-11-26T02:52:06","guid":{"rendered":"https:\/\/realidadturistica.com\/realtur\/?p=8601"},"modified":"2024-11-26T02:53:33","modified_gmt":"2024-11-26T02:53:33","slug":"ii-congreso-de-ciudades-activas-en-guatemala","status":"publish","type":"post","link":"https:\/\/realidadturistica.com\/realtur\/ii-congreso-de-ciudades-activas-en-guatemala\/","title":{"rendered":"II Congreso de Ciudades Activas en Guatemala"},"content":{"rendered":"\n<p class=\"wp-block-yoast-seo-estimated-reading-time yoast-reading-time__wrapper\"><span class=\"yoast-reading-time__icon\"><svg aria-hidden=\"true\" focusable=\"false\" data-icon=\"clock\" width=\"20\" height=\"20\" fill=\"none\" stroke=\"currentColor\" style=\"display:inline-block;vertical-align:-0.1em\" role=\"img\" xmlns=\"http:\/\/www.w3.org\/2000\/svg\" viewBox=\"0 0 24 24\"><path stroke-linecap=\"round\" stroke-linejoin=\"round\" stroke-width=\"2\" d=\"M12 8v4l3 3m6-3a9 9 0 11-18 0 9 9 0 0118 0z\"><\/path><\/svg><\/span><span class=\"yoast-reading-time__spacer\" style=\"display:inline-block;width:1em\"><\/span><span class=\"yoast-reading-time__descriptive-text\">Estimated reading time: <\/span><span class=\"yoast-reading-time__reading-time\">3<\/span><span class=\"yoast-reading-time__time-unit\"> minutos<\/span><\/p>\n\n\n\n<p>Guatemala. Durante el II Congreso de Ciudades Activas, organizado por el Consejo Nacional del Deporte, la Educaci\u00f3n F\u00edsica y la Recreaci\u00f3n (CONADER), la Dra. Ingrid Garc\u00eda, Representante de la Organizaci\u00f3n Panamericana de la Salud \/ Organizaci\u00f3n Mundial de la Salud (OPS\/OMS) en Guatemala, destac\u00f3 la importancia de promover la actividad f\u00edsica como una estrategia clave para mejorar la salud y el bienestar de los ciudadanos.<\/p>\n\n\n\n<p>En su intervenci\u00f3n, la Dra. Garc\u00eda resalt\u00f3 el Plan de Acci\u00f3n Mundial sobre la Actividad F\u00edsica 2018-2030, desarrollado por la OPS\/OMS, como un marco esencial para guiar las pol\u00edticas p\u00fablicas hacia sociedades m\u00e1s activas. Este plan se basa en cuatro ejes fundamentales:&nbsp;<\/p>\n\n\n\n<ol start=\"1\" class=\"wp-block-list\">\n<li>Sociedades activas, promoviendo la cultura de la actividad f\u00edsica en todas las etapas de la vida.<\/li>\n\n\n\n<li>Entornos activos, garantizando espacios e infraestructura accesibles y seguros.<\/li>\n\n\n\n<li>Personas activas, fomentando la participaci\u00f3n individual y comunitaria.<\/li>\n\n\n\n<li>Sistemas activos, estableciendo gobernanza y liderazgo en iniciativas de actividad f\u00edsica.<\/li>\n<\/ol>\n\n\n\n<p>La Dra. Garc\u00eda se\u00f1al\u00f3 que las iniciativas que se est\u00e1n consolidando en Guatemala, como las estrategias de Ciudades Activas, est\u00e1n alineadas con estos principios. Adem\u00e1s, enfatiz\u00f3 la relevancia de crear entornos saludables que incluyan infraestructura adecuada, acceso a la educaci\u00f3n f\u00edsica y espacios seguros para la pr\u00e1ctica de la actividad f\u00edsica.<\/p>\n\n\n\n<p>\u201cEste tipo de acciones requiere un esfuerzo intersectorial, un compromiso colectivo que permita responder a las necesidades locales de manera sostenible y a largo plazo. Este espacio de cohesi\u00f3n y trabajo conjunto es clave para construir una Guatemala m\u00e1s saludable,\u201d expres\u00f3 la Dra. Garc\u00eda, destacando la importancia de la colaboraci\u00f3n entre gobiernos, comunidades y sectores educativos y de salud.<\/p>\n\n\n\n<p>El evento cont\u00f3 con la participaci\u00f3n del Dr. Rafael Robles, Delegado del Presidente de la Rep\u00fablica; el Viceministro del Deporte, Dr. Francisco Aguilar Chang; y el Gobernador Departamental, Diego de Le\u00f3n, quienes subrayaron la relevancia de las pol\u00edticas locales en la transformaci\u00f3n de entornos urbanos. Asimismo, participaron instituciones como CONADER, TAFISA, ANAM y UNESCO, junto con diversas municipalidades y representantes de la sociedad civil. Estas entidades reafirmaron su compromiso con la promoci\u00f3n de la actividad f\u00edsica como un eje estrat\u00e9gico para el desarrollo sostenible y el bienestar de la poblaci\u00f3n.<\/p>\n\n\n\n<p>El evento cont\u00f3 con el respaldo de instituciones nacionales e internacionales como la OPS\/OMS, UNESCO, Ministerio de Cultura y Deportes, Ministerio de Educaci\u00f3n, Ministerio de Gobernaci\u00f3n, Ministerio de Salud P\u00fablica y Asistencia Social, Asociaci\u00f3n Nacional de Municipalidades (ANAM), Comisi\u00f3n Presidencial de Asuntos Municipales (COPRESAM), Consejo Nacional de la Juventud (CONJUVE), Comit\u00e9 Ol\u00edmpico Guatemalteco (COG), Comit\u00e9 Paral\u00edmpico Guatemalteco (COPAG), Unidad para la Prevenci\u00f3n Comunitaria de la Violencia (UPCV), Consejo Nacional para la Atenci\u00f3n de las Personas con Discapacidad (CONADI) y BiciRuta502, entre otros.<\/p>\n\n\n\n<p>El congreso subray\u00f3 la importancia de implementar soluciones innovadoras y sostenibles que promuevan la actividad f\u00edsica y mejoren la calidad de vida de las comunidades en el pa\u00eds.<\/p>\n\n\n\n<p>OPS<\/p>\n","protected":false},"excerpt":{"rendered":"<p>Guatemala. Durante el II Congreso de Ciudades Activas, organizado por el Consejo Nacional del Deporte, la Educaci\u00f3n F\u00edsica y la Recreaci\u00f3n (CONADER), la Dra. Ingrid&hellip;<\/p>\n","protected":false},"author":2,"featured_media":8602,"comment_status":"open","ping_status":"closed","sticky":false,"template":"","format":"standard","meta":{"content-type":"","_lmt_disableupdate":"","_lmt_disable":"","footnotes":""},"categories":[5],"tags":[],"class_list":["post-8601","post","type-post","status-publish","format-standard","has-post-thumbnail","hentry","category-mice"],"yoast_head":"<!-- This site is optimized with the Yoast SEO Premium plugin v27.4 (Yoast SEO v27.4) - https:\/\/yoast.com\/product\/yoast-seo-premium-wordpress\/ -->\n<title>II Congreso de Ciudades Activas en Guatemala - Realidad Tur\u00edstica<\/title>\n<meta name=\"robots\" content=\"index, follow, max-snippet:-1, max-image-preview:large, max-video-preview:-1\" \/>\n<link rel=\"canonical\" href=\"https:\/\/realidadturistica.com\/realtur\/ii-congreso-de-ciudades-activas-en-guatemala\/\" \/>\n<meta property=\"og:locale\" content=\"es_ES\" \/>\n<meta property=\"og:type\" content=\"article\" \/>\n<meta property=\"og:title\" content=\"II Congreso de Ciudades Activas en Guatemala\" \/>\n<meta property=\"og:description\" content=\"Guatemala. Durante el II Congreso de Ciudades Activas, organizado por el Consejo Nacional del Deporte, la Educaci\u00f3n F\u00edsica y la Recreaci\u00f3n (CONADER), la Dra. Ingrid&hellip;\" \/>\n<meta property=\"og:url\" content=\"https:\/\/realidadturistica.com\/realtur\/ii-congreso-de-ciudades-activas-en-guatemala\/\" \/>\n<meta property=\"og:site_name\" content=\"Realidad Tur\u00edstica\" \/>\n<meta property=\"article:publisher\" content=\"https:\/\/www.facebook.com\/realidadturistica\" \/>\n<meta property=\"article:published_time\" content=\"2024-11-26T02:52:06+00:00\" \/>\n<meta property=\"article:modified_time\" content=\"2024-11-26T02:53:33+00:00\" \/>\n<meta name=\"author\" content=\"Editor\" \/>\n<meta name=\"twitter:card\" content=\"summary_large_image\" \/>\n<meta name=\"twitter:label1\" content=\"Escrito por\" \/>\n\t<meta name=\"twitter:data1\" content=\"Editor\" \/>\n\t<meta name=\"twitter:label2\" content=\"Tiempo de lectura\" \/>\n\t<meta name=\"twitter:data2\" content=\"3 minutos\" \/>\n<script type=\"application\/ld+json\" class=\"yoast-schema-graph\">{\"@context\":\"https:\\\/\\\/schema.org\",\"@graph\":[{\"@type\":\"Article\",\"@id\":\"https:\\\/\\\/realidadturistica.com\\\/realtur\\\/ii-congreso-de-ciudades-activas-en-guatemala\\\/#article\",\"isPartOf\":{\"@id\":\"https:\\\/\\\/realidadturistica.com\\\/realtur\\\/ii-congreso-de-ciudades-activas-en-guatemala\\\/\"},\"author\":{\"name\":\"Editor\",\"@id\":\"https:\\\/\\\/realidadturistica.com\\\/realtur\\\/#\\\/schema\\\/person\\\/ade671191202490fcf08ab21590de73e\"},\"headline\":\"II Congreso de Ciudades Activas en Guatemala\",\"datePublished\":\"2024-11-26T02:52:06+00:00\",\"dateModified\":\"2024-11-26T02:53:33+00:00\",\"mainEntityOfPage\":{\"@id\":\"https:\\\/\\\/realidadturistica.com\\\/realtur\\\/ii-congreso-de-ciudades-activas-en-guatemala\\\/\"},\"wordCount\":526,\"commentCount\":0,\"publisher\":{\"@id\":\"https:\\\/\\\/realidadturistica.com\\\/realtur\\\/#organization\"},\"image\":{\"@id\":\"https:\\\/\\\/realidadturistica.com\\\/realtur\\\/ii-congreso-de-ciudades-activas-en-guatemala\\\/#primaryimage\"},\"thumbnailUrl\":\"https:\\\/\\\/realidadturistica.com\\\/realtur\\\/wp-content\\\/uploads\\\/2024\\\/11\\\/II-Congreso-de-Ciudades.avif\",\"articleSection\":[\"MICE\"],\"inLanguage\":\"es\",\"potentialAction\":[{\"@type\":\"CommentAction\",\"name\":\"Comment\",\"target\":[\"https:\\\/\\\/realidadturistica.com\\\/realtur\\\/ii-congreso-de-ciudades-activas-en-guatemala\\\/#respond\"]}]},{\"@type\":\"WebPage\",\"@id\":\"https:\\\/\\\/realidadturistica.com\\\/realtur\\\/ii-congreso-de-ciudades-activas-en-guatemala\\\/\",\"url\":\"https:\\\/\\\/realidadturistica.com\\\/realtur\\\/ii-congreso-de-ciudades-activas-en-guatemala\\\/\",\"name\":\"II Congreso de Ciudades Activas en Guatemala - Realidad Tur\u00edstica\",\"isPartOf\":{\"@id\":\"https:\\\/\\\/realidadturistica.com\\\/realtur\\\/#website\"},\"primaryImageOfPage\":{\"@id\":\"https:\\\/\\\/realidadturistica.com\\\/realtur\\\/ii-congreso-de-ciudades-activas-en-guatemala\\\/#primaryimage\"},\"image\":{\"@id\":\"https:\\\/\\\/realidadturistica.com\\\/realtur\\\/ii-congreso-de-ciudades-activas-en-guatemala\\\/#primaryimage\"},\"thumbnailUrl\":\"https:\\\/\\\/realidadturistica.com\\\/realtur\\\/wp-content\\\/uploads\\\/2024\\\/11\\\/II-Congreso-de-Ciudades.avif\",\"datePublished\":\"2024-11-26T02:52:06+00:00\",\"dateModified\":\"2024-11-26T02:53:33+00:00\",\"breadcrumb\":{\"@id\":\"https:\\\/\\\/realidadturistica.com\\\/realtur\\\/ii-congreso-de-ciudades-activas-en-guatemala\\\/#breadcrumb\"},\"inLanguage\":\"es\",\"potentialAction\":[{\"@type\":\"ReadAction\",\"target\":[\"https:\\\/\\\/realidadturistica.com\\\/realtur\\\/ii-congreso-de-ciudades-activas-en-guatemala\\\/\"]}]},{\"@type\":\"ImageObject\",\"inLanguage\":\"es\",\"@id\":\"https:\\\/\\\/realidadturistica.com\\\/realtur\\\/ii-congreso-de-ciudades-activas-en-guatemala\\\/#primaryimage\",\"url\":\"https:\\\/\\\/realidadturistica.com\\\/realtur\\\/wp-content\\\/uploads\\\/2024\\\/11\\\/II-Congreso-de-Ciudades.avif\",\"contentUrl\":\"https:\\\/\\\/realidadturistica.com\\\/realtur\\\/wp-content\\\/uploads\\\/2024\\\/11\\\/II-Congreso-de-Ciudades.avif\",\"width\":1420,\"height\":946},{\"@type\":\"BreadcrumbList\",\"@id\":\"https:\\\/\\\/realidadturistica.com\\\/realtur\\\/ii-congreso-de-ciudades-activas-en-guatemala\\\/#breadcrumb\",\"itemListElement\":[{\"@type\":\"ListItem\",\"position\":1,\"name\":\"Portada\",\"item\":\"https:\\\/\\\/realidadturistica.com\\\/realtur\\\/\"},{\"@type\":\"ListItem\",\"position\":2,\"name\":\"II Congreso de Ciudades Activas en Guatemala\"}]},{\"@type\":\"WebSite\",\"@id\":\"https:\\\/\\\/realidadturistica.com\\\/realtur\\\/#website\",\"url\":\"https:\\\/\\\/realidadturistica.com\\\/realtur\\\/\",\"name\":\"Realidad Tur\u00edstica\",\"description\":\"\",\"publisher\":{\"@id\":\"https:\\\/\\\/realidadturistica.com\\\/realtur\\\/#organization\"},\"potentialAction\":[{\"@type\":\"SearchAction\",\"target\":{\"@type\":\"EntryPoint\",\"urlTemplate\":\"https:\\\/\\\/realidadturistica.com\\\/realtur\\\/?s={search_term_string}\"},\"query-input\":{\"@type\":\"PropertyValueSpecification\",\"valueRequired\":true,\"valueName\":\"search_term_string\"}}],\"inLanguage\":\"es\"},{\"@type\":\"Organization\",\"@id\":\"https:\\\/\\\/realidadturistica.com\\\/realtur\\\/#organization\",\"name\":\"Realidad Tur\u00edstica\",\"url\":\"https:\\\/\\\/realidadturistica.com\\\/realtur\\\/\",\"logo\":{\"@type\":\"ImageObject\",\"inLanguage\":\"es\",\"@id\":\"https:\\\/\\\/realidadturistica.com\\\/realtur\\\/#\\\/schema\\\/logo\\\/image\\\/\",\"url\":\"https:\\\/\\\/realidadturistica.com\\\/realtur\\\/wp-content\\\/uploads\\\/2021\\\/12\\\/logotipo-realidad-turistica.png\",\"contentUrl\":\"https:\\\/\\\/realidadturistica.com\\\/realtur\\\/wp-content\\\/uploads\\\/2021\\\/12\\\/logotipo-realidad-turistica.png\",\"width\":1382,\"height\":629,\"caption\":\"Realidad Tur\u00edstica\"},\"image\":{\"@id\":\"https:\\\/\\\/realidadturistica.com\\\/realtur\\\/#\\\/schema\\\/logo\\\/image\\\/\"},\"sameAs\":[\"https:\\\/\\\/www.facebook.com\\\/realidadturistica\",\"https:\\\/\\\/www.instagram.com\\\/realidad_turistica\\\/\"]},{\"@type\":\"Person\",\"@id\":\"https:\\\/\\\/realidadturistica.com\\\/realtur\\\/#\\\/schema\\\/person\\\/ade671191202490fcf08ab21590de73e\",\"name\":\"Editor\",\"image\":{\"@type\":\"ImageObject\",\"inLanguage\":\"es\",\"@id\":\"https:\\\/\\\/realidadturistica.com\\\/realtur\\\/wp-content\\\/uploads\\\/2023\\\/09\\\/Editor_avatar_1693668634-96x96.png\",\"url\":\"https:\\\/\\\/realidadturistica.com\\\/realtur\\\/wp-content\\\/uploads\\\/2023\\\/09\\\/Editor_avatar_1693668634-96x96.png\",\"contentUrl\":\"https:\\\/\\\/realidadturistica.com\\\/realtur\\\/wp-content\\\/uploads\\\/2023\\\/09\\\/Editor_avatar_1693668634-96x96.png\",\"caption\":\"Editor\"},\"sameAs\":[\"https:\\\/\\\/realidadturistica.com\\\/realtur\"],\"url\":\"https:\\\/\\\/realidadturistica.com\\\/realtur\\\/author\\\/editor2\\\/\"}]}<\/script>\n<!-- \/ Yoast SEO Premium plugin. -->","yoast_head_json":{"title":"II Congreso de Ciudades Activas en Guatemala - Realidad Tur\u00edstica","robots":{"index":"index","follow":"follow","max-snippet":"max-snippet:-1","max-image-preview":"max-image-preview:large","max-video-preview":"max-video-preview:-1"},"canonical":"https:\/\/realidadturistica.com\/realtur\/ii-congreso-de-ciudades-activas-en-guatemala\/","og_locale":"es_ES","og_type":"article","og_title":"II Congreso de Ciudades Activas en Guatemala","og_description":"Guatemala. Durante el II Congreso de Ciudades Activas, organizado por el Consejo Nacional del Deporte, la Educaci\u00f3n F\u00edsica y la Recreaci\u00f3n (CONADER), la Dra. Ingrid&hellip;","og_url":"https:\/\/realidadturistica.com\/realtur\/ii-congreso-de-ciudades-activas-en-guatemala\/","og_site_name":"Realidad Tur\u00edstica","article_publisher":"https:\/\/www.facebook.com\/realidadturistica","article_published_time":"2024-11-26T02:52:06+00:00","article_modified_time":"2024-11-26T02:53:33+00:00","author":"Editor","twitter_card":"summary_large_image","twitter_misc":{"Escrito por":"Editor","Tiempo de lectura":"3 minutos"},"schema":{"@context":"https:\/\/schema.org","@graph":[{"@type":"Article","@id":"https:\/\/realidadturistica.com\/realtur\/ii-congreso-de-ciudades-activas-en-guatemala\/#article","isPartOf":{"@id":"https:\/\/realidadturistica.com\/realtur\/ii-congreso-de-ciudades-activas-en-guatemala\/"},"author":{"name":"Editor","@id":"https:\/\/realidadturistica.com\/realtur\/#\/schema\/person\/ade671191202490fcf08ab21590de73e"},"headline":"II Congreso de Ciudades Activas en Guatemala","datePublished":"2024-11-26T02:52:06+00:00","dateModified":"2024-11-26T02:53:33+00:00","mainEntityOfPage":{"@id":"https:\/\/realidadturistica.com\/realtur\/ii-congreso-de-ciudades-activas-en-guatemala\/"},"wordCount":526,"commentCount":0,"publisher":{"@id":"https:\/\/realidadturistica.com\/realtur\/#organization"},"image":{"@id":"https:\/\/realidadturistica.com\/realtur\/ii-congreso-de-ciudades-activas-en-guatemala\/#primaryimage"},"thumbnailUrl":"https:\/\/realidadturistica.com\/realtur\/wp-content\/uploads\/2024\/11\/II-Congreso-de-Ciudades.avif","articleSection":["MICE"],"inLanguage":"es","potentialAction":[{"@type":"CommentAction","name":"Comment","target":["https:\/\/realidadturistica.com\/realtur\/ii-congreso-de-ciudades-activas-en-guatemala\/#respond"]}]},{"@type":"WebPage","@id":"https:\/\/realidadturistica.com\/realtur\/ii-congreso-de-ciudades-activas-en-guatemala\/","url":"https:\/\/realidadturistica.com\/realtur\/ii-congreso-de-ciudades-activas-en-guatemala\/","name":"II Congreso de Ciudades Activas en Guatemala - Realidad Tur\u00edstica","isPartOf":{"@id":"https:\/\/realidadturistica.com\/realtur\/#website"},"primaryImageOfPage":{"@id":"https:\/\/realidadturistica.com\/realtur\/ii-congreso-de-ciudades-activas-en-guatemala\/#primaryimage"},"image":{"@id":"https:\/\/realidadturistica.com\/realtur\/ii-congreso-de-ciudades-activas-en-guatemala\/#primaryimage"},"thumbnailUrl":"https:\/\/realidadturistica.com\/realtur\/wp-content\/uploads\/2024\/11\/II-Congreso-de-Ciudades.avif","datePublished":"2024-11-26T02:52:06+00:00","dateModified":"2024-11-26T02:53:33+00:00","breadcrumb":{"@id":"https:\/\/realidadturistica.com\/realtur\/ii-congreso-de-ciudades-activas-en-guatemala\/#breadcrumb"},"inLanguage":"es","potentialAction":[{"@type":"ReadAction","target":["https:\/\/realidadturistica.com\/realtur\/ii-congreso-de-ciudades-activas-en-guatemala\/"]}]},{"@type":"ImageObject","inLanguage":"es","@id":"https:\/\/realidadturistica.com\/realtur\/ii-congreso-de-ciudades-activas-en-guatemala\/#primaryimage","url":"https:\/\/realidadturistica.com\/realtur\/wp-content\/uploads\/2024\/11\/II-Congreso-de-Ciudades.avif","contentUrl":"https:\/\/realidadturistica.com\/realtur\/wp-content\/uploads\/2024\/11\/II-Congreso-de-Ciudades.avif","width":1420,"height":946},{"@type":"BreadcrumbList","@id":"https:\/\/realidadturistica.com\/realtur\/ii-congreso-de-ciudades-activas-en-guatemala\/#breadcrumb","itemListElement":[{"@type":"ListItem","position":1,"name":"Portada","item":"https:\/\/realidadturistica.com\/realtur\/"},{"@type":"ListItem","position":2,"name":"II Congreso de Ciudades Activas en Guatemala"}]},{"@type":"WebSite","@id":"https:\/\/realidadturistica.com\/realtur\/#website","url":"https:\/\/realidadturistica.com\/realtur\/","name":"Realidad Tur\u00edstica","description":"","publisher":{"@id":"https:\/\/realidadturistica.com\/realtur\/#organization"},"potentialAction":[{"@type":"SearchAction","target":{"@type":"EntryPoint","urlTemplate":"https:\/\/realidadturistica.com\/realtur\/?s={search_term_string}"},"query-input":{"@type":"PropertyValueSpecification","valueRequired":true,"valueName":"search_term_string"}}],"inLanguage":"es"},{"@type":"Organization","@id":"https:\/\/realidadturistica.com\/realtur\/#organization","name":"Realidad Tur\u00edstica","url":"https:\/\/realidadturistica.com\/realtur\/","logo":{"@type":"ImageObject","inLanguage":"es","@id":"https:\/\/realidadturistica.com\/realtur\/#\/schema\/logo\/image\/","url":"https:\/\/realidadturistica.com\/realtur\/wp-content\/uploads\/2021\/12\/logotipo-realidad-turistica.png","contentUrl":"https:\/\/realidadturistica.com\/realtur\/wp-content\/uploads\/2021\/12\/logotipo-realidad-turistica.png","width":1382,"height":629,"caption":"Realidad Tur\u00edstica"},"image":{"@id":"https:\/\/realidadturistica.com\/realtur\/#\/schema\/logo\/image\/"},"sameAs":["https:\/\/www.facebook.com\/realidadturistica","https:\/\/www.instagram.com\/realidad_turistica\/"]},{"@type":"Person","@id":"https:\/\/realidadturistica.com\/realtur\/#\/schema\/person\/ade671191202490fcf08ab21590de73e","name":"Editor","image":{"@type":"ImageObject","inLanguage":"es","@id":"https:\/\/realidadturistica.com\/realtur\/wp-content\/uploads\/2023\/09\/Editor_avatar_1693668634-96x96.png","url":"https:\/\/realidadturistica.com\/realtur\/wp-content\/uploads\/2023\/09\/Editor_avatar_1693668634-96x96.png","contentUrl":"https:\/\/realidadturistica.com\/realtur\/wp-content\/uploads\/2023\/09\/Editor_avatar_1693668634-96x96.png","caption":"Editor"},"sameAs":["https:\/\/realidadturistica.com\/realtur"],"url":"https:\/\/realidadturistica.com\/realtur\/author\/editor2\/"}]}},"_links":{"self":[{"href":"https:\/\/realidadturistica.com\/realtur\/wp-json\/wp\/v2\/posts\/8601","targetHints":{"allow":["GET"]}}],"collection":[{"href":"https:\/\/realidadturistica.com\/realtur\/wp-json\/wp\/v2\/posts"}],"about":[{"href":"https:\/\/realidadturistica.com\/realtur\/wp-json\/wp\/v2\/types\/post"}],"author":[{"embeddable":true,"href":"https:\/\/realidadturistica.com\/realtur\/wp-json\/wp\/v2\/users\/2"}],"replies":[{"embeddable":true,"href":"https:\/\/realidadturistica.com\/realtur\/wp-json\/wp\/v2\/comments?post=8601"}],"version-history":[{"count":1,"href":"https:\/\/realidadturistica.com\/realtur\/wp-json\/wp\/v2\/posts\/8601\/revisions"}],"predecessor-version":[{"id":8603,"href":"https:\/\/realidadturistica.com\/realtur\/wp-json\/wp\/v2\/posts\/8601\/revisions\/8603"}],"wp:featuredmedia":[{"embeddable":true,"href":"https:\/\/realidadturistica.com\/realtur\/wp-json\/wp\/v2\/media\/8602"}],"wp:attachment":[{"href":"https:\/\/realidadturistica.com\/realtur\/wp-json\/wp\/v2\/media?parent=8601"}],"wp:term":[{"taxonomy":"category","embeddable":true,"href":"https:\/\/realidadturistica.com\/realtur\/wp-json\/wp\/v2\/categories?post=8601"},{"taxonomy":"post_tag","embeddable":true,"href":"https:\/\/realidadturistica.com\/realtur\/wp-json\/wp\/v2\/tags?post=8601"}],"curies":[{"name":"wp","href":"https:\/\/api.w.org\/{rel}","templated":true}]}}