{"id":8642,"date":"2024-11-28T14:32:50","date_gmt":"2024-11-28T14:32:50","guid":{"rendered":"https:\/\/realidadturistica.com\/realtur\/?p=8642"},"modified":"2024-11-28T14:34:00","modified_gmt":"2024-11-28T14:34:00","slug":"que-se-comio-realmente-en-la-primera-cena-de-accion-de-gracias","status":"publish","type":"post","link":"https:\/\/realidadturistica.com\/realtur\/que-se-comio-realmente-en-la-primera-cena-de-accion-de-gracias\/","title":{"rendered":"\u00bfQu\u00e9 se comi\u00f3 realmente en la primera cena de Acci\u00f3n de Gracias?"},"content":{"rendered":"\n<p class=\"wp-block-yoast-seo-estimated-reading-time yoast-reading-time__wrapper\"><span class=\"yoast-reading-time__icon\"><svg aria-hidden=\"true\" focusable=\"false\" data-icon=\"clock\" width=\"20\" height=\"20\" fill=\"none\" stroke=\"currentColor\" style=\"display:inline-block;vertical-align:-0.1em\" role=\"img\" xmlns=\"http:\/\/www.w3.org\/2000\/svg\" viewBox=\"0 0 24 24\"><path stroke-linecap=\"round\" stroke-linejoin=\"round\" stroke-width=\"2\" d=\"M12 8v4l3 3m6-3a9 9 0 11-18 0 9 9 0 0118 0z\"><\/path><\/svg><\/span><span class=\"yoast-reading-time__spacer\" style=\"display:inline-block;width:1em\"><\/span><span class=\"yoast-reading-time__descriptive-text\">Estimated reading time: <\/span><span class=\"yoast-reading-time__reading-time\">4<\/span><span class=\"yoast-reading-time__time-unit\"> minutos<\/span><\/p>\n\n\n\n<p>Es una de las festividades m\u00e1s respetadas y celebradas en Estados Unidos.<\/p>\n\n\n\n<p>El D\u00eda de Acci\u00f3n de Gracias est\u00e1 muy arraigado en la tradici\u00f3n estadounidense.<\/p>\n\n\n\n<p>Familias o grupos de seres queridos se congregan en la noche del cuarto jueves de cada noviembre para emular una cena de agradecimiento por la buena cosecha entre colonos e ind\u00edgenas en 1621, pocos a\u00f1os despu\u00e9s del arribo de los primeros brit\u00e1nicos al territorio americano.<\/p>\n\n\n\n<p>El men\u00fa que se prepara para la noche de Acci\u00f3n de Gracias tiene como plato estrella al pavo relleno con pan, cocinado al horno con una espesa salsa hecha a base de caldo, acompa\u00f1ado de pur\u00e9 de papas, salsa de ar\u00e1ndanos, ejotes (tambi\u00e9n conocidos como jud\u00edas o frijoles verdes) y tarta de calabaza, entre otros alimentos.<\/p>\n\n\n\n<p>Pero \u00bfes esto lo que comieron originalmente los colonos junto con los wampanoag en la localidad de Plymouth, Massachusetts (noreste del pa\u00eds) en el siglo XVII?<\/p>\n\n\n\n<p>La respuesta es no.<\/p>\n\n\n\n<p>La papa, por ejemplo, es de origen sudamericano y no hab\u00eda llegado por entonces al norte del continente.<\/p>\n\n\n\n<p>Los ejotes fueron incorporados siglos despu\u00e9s. Y el pavo probablemente no era pavo, sino aves de menor tama\u00f1o, como gansos o patos.<\/p>\n\n\n\n<p>\u00abHab\u00eda aves de caza, ma\u00edz en grano para hacer pan o papilla, venado\u00bb, le explic\u00f3 a la revista Smithsonian Kathleen Wall, especialista en gastronom\u00eda de Plimoth Patuxet, un museo de historia viviente en Plymouth.<\/p>\n\n\n\n<p>Tras su investigaci\u00f3n, Wall concluy\u00f3 que tambi\u00e9n pod\u00eda haber carne de cisnes y palomas migratorias, una especie norteamericana extinta hace m\u00e1s de un siglo.<\/p>\n\n\n\n<p>Existen dos testimonios de la \u00e9poca que dejaron constancia de aquel festejo por la abundante cosecha, que no termin\u00f3 en una noche sino que dur\u00f3 tres d\u00edas.<\/p>\n\n\n\n<p>Uno de esos documentos es la carta que el l\u00edder pol\u00edtico Edward Winslow le escribi\u00f3 a un amigo.<\/p>\n\n\n\n<p>\u00abCuando tuvimos nuestra cosecha, nuestro gobernador envi\u00f3 a cuatro hombres a cazar aves para que pudi\u00e9ramos regocijarnos juntos de una manera especial despu\u00e9s de haber recogido el fruto de nuestro trabajo\u00bb, narr\u00f3 Winslow.<\/p>\n\n\n\n<p>\u00abLos cuatro mataron en un d\u00eda tantas aves que, con un poco de ayuda adicional, sirvieron a la compa\u00f1\u00eda durante casi una semana\u00bb, continu\u00f3.<\/p>\n\n\n\n<p>\u00abEn ese momento, entre otras actividades recreativas, ejercitamos nuestras armas; muchos de los indios vinieron entre nosotros, y entre los dem\u00e1s, su rey m\u00e1s grande, Massasoit, con unos 90 hombres, a quienes entretuvimos y festejamos durante tres d\u00edas, y ellos salieron y mataron cinco ciervos, que trajeron a la plantaci\u00f3n y regalaron a nuestro gobernador, al capit\u00e1n y a otros\u00bb.<\/p>\n\n\n\n<p>El gobernador mencionado por Winslow era William Bradford, quien tambi\u00e9n dej\u00f3 un escrito sobre el evento que da pistas de lo que se sirvi\u00f3 en aquel banquete.<\/p>\n\n\n\n<p>\u00abAdem\u00e1s de aves acu\u00e1ticas, hab\u00eda una gran cantidad de pavos salvajes, de los cuales capturaban muchos, adem\u00e1s de venado, etc\u00e9tera\u00bb, se\u00f1al\u00f3.<\/p>\n\n\n\n<p>Wall record\u00f3 que \u00ablas palomas migratorias (&#8230;) eran tan numerosas en la d\u00e9cada de 1620 que dec\u00edan que se las pod\u00eda escuchar un cuarto de hora antes de verlas\u00bb.<\/p>\n\n\n\n<p>\u00abDicen que un hombre pod\u00eda disparar contra las aves en vuelo y derribar 200\u00bb.<\/p>\n\n\n\n<p>La investigadora agreg\u00f3 que probablemente hubo, a su vez, anguilas y mariscos como parte del men\u00fa.<\/p>\n\n\n\n<p>La forma de cocci\u00f3n de aquella hist\u00f3rica comida tambi\u00e9n fue objeto de estudio.<\/p>\n\n\n\n<figure class=\"wp-block-image size-full\"><img fetchpriority=\"high\" decoding=\"async\" width=\"800\" height=\"507\" src=\"https:\/\/realidadturistica.com\/realtur\/wp-content\/uploads\/2024\/11\/a67f7f70-ad05-11ef-bdf5-b7cb2fa86e10.jpg.webp\" alt=\"\" class=\"wp-image-8645\" srcset=\"https:\/\/realidadturistica.com\/realtur\/wp-content\/uploads\/2024\/11\/a67f7f70-ad05-11ef-bdf5-b7cb2fa86e10.jpg.webp 800w, https:\/\/realidadturistica.com\/realtur\/wp-content\/uploads\/2024\/11\/a67f7f70-ad05-11ef-bdf5-b7cb2fa86e10.jpg-300x190.webp 300w, https:\/\/realidadturistica.com\/realtur\/wp-content\/uploads\/2024\/11\/a67f7f70-ad05-11ef-bdf5-b7cb2fa86e10.jpg-768x487.webp 768w, https:\/\/realidadturistica.com\/realtur\/wp-content\/uploads\/2024\/11\/a67f7f70-ad05-11ef-bdf5-b7cb2fa86e10.jpg-585x371.webp 585w\" sizes=\"(max-width: 800px) 100vw, 800px\" \/><\/figure>\n\n\n\n<p>\u00abCreo que algunas aves -en muchas recetas se ve esto- se herv\u00edan primero y luego se asaban para terminar de cocerlas. O se asan primero y luego se hierven\u00bb, afirm\u00f3 Wall.<\/p>\n\n\n\n<p>\u00abEl asado temprano les da un sabor m\u00e1s agradable, como que las carameliza por fuera y hace que el caldo sea m\u00e1s oscuro\u00bb.<\/p>\n\n\n\n<p>\u00abEn el siglo XVII exist\u00eda un relleno maravilloso para el ganso que consist\u00eda simplemente en casta\u00f1as peladas\u00bb, a\u00f1adi\u00f3 la experta.<\/p>\n\n\n\n<p>Wall sostuvo que las formas de cocci\u00f3n debieron estar relacionadas con la duraci\u00f3n de tres d\u00edas de la fiesta original.<\/p>\n\n\n\n<p>\u00abNo tengo ninguna duda de que si un d\u00eda se asan las aves, los restos se tiran en una olla y se hierven para hacer un caldo al d\u00eda siguiente. Ese caldo se espesa con cereales para hacer un potaje\u00bb, dijo.<\/p>\n\n\n\n<p>La calabaza s\u00ed era un ingrediente de la cocina wampanoag, por lo que probablemente estuvo en 1621, aunque no como tarta.<\/p>\n\n\n\n<p>El D\u00eda de Acci\u00f3n de Gracias se discontinu\u00f3 al a\u00f1o siguiente de aquel banquete original, y se impuso en el pa\u00eds como celebraci\u00f3n masiva reci\u00e9n en el siglo XIX.<\/p>\n\n\n\n<p>En 1863, el presidente Abraham Lincoln lo proclam\u00f3 feriado nacional.<\/p>\n\n\n\n<p>l\u00ednea gris<\/p>\n\n\n\n<p>BBC News Mundo<\/p>\n","protected":false},"excerpt":{"rendered":"<p>Es una de las festividades m\u00e1s respetadas y celebradas en Estados Unidos. El D\u00eda de Acci\u00f3n de Gracias est\u00e1 muy arraigado en la tradici\u00f3n estadounidense.&hellip;<\/p>\n","protected":false},"author":2,"featured_media":8643,"comment_status":"open","ping_status":"closed","sticky":false,"template":"","format":"standard","meta":{"content-type":"","_lmt_disableupdate":"","_lmt_disable":"","footnotes":""},"categories":[58],"tags":[],"class_list":["post-8642","post","type-post","status-publish","format-standard","has-post-thumbnail","hentry","category-culturales"],"yoast_head":"<!-- This site is optimized with the Yoast SEO Premium plugin v27.4 (Yoast SEO v27.5) - https:\/\/yoast.com\/product\/yoast-seo-premium-wordpress\/ -->\n<title>\u00bfQu\u00e9 se comi\u00f3 realmente en la primera cena de Acci\u00f3n de Gracias? - Realidad Tur\u00edstica<\/title>\n<meta name=\"robots\" content=\"index, follow, max-snippet:-1, max-image-preview:large, max-video-preview:-1\" \/>\n<link rel=\"canonical\" href=\"https:\/\/realidadturistica.com\/realtur\/que-se-comio-realmente-en-la-primera-cena-de-accion-de-gracias\/\" \/>\n<meta property=\"og:locale\" content=\"es_ES\" \/>\n<meta property=\"og:type\" content=\"article\" \/>\n<meta property=\"og:title\" content=\"\u00bfQu\u00e9 se comi\u00f3 realmente en la primera cena de Acci\u00f3n de Gracias?\" \/>\n<meta property=\"og:description\" content=\"Es una de las festividades m\u00e1s respetadas y celebradas en Estados Unidos. El D\u00eda de Acci\u00f3n de Gracias est\u00e1 muy arraigado en la tradici\u00f3n estadounidense.&hellip;\" \/>\n<meta property=\"og:url\" content=\"https:\/\/realidadturistica.com\/realtur\/que-se-comio-realmente-en-la-primera-cena-de-accion-de-gracias\/\" \/>\n<meta property=\"og:site_name\" content=\"Realidad Tur\u00edstica\" \/>\n<meta property=\"article:publisher\" content=\"https:\/\/www.facebook.com\/realidadturistica\" \/>\n<meta property=\"article:published_time\" content=\"2024-11-28T14:32:50+00:00\" \/>\n<meta property=\"article:modified_time\" content=\"2024-11-28T14:34:00+00:00\" \/>\n<meta property=\"og:image\" content=\"https:\/\/realidadturistica.com\/realtur\/wp-content\/uploads\/2024\/11\/Que-se-comio.webp\" \/>\n\t<meta property=\"og:image:width\" content=\"800\" \/>\n\t<meta property=\"og:image:height\" content=\"450\" \/>\n\t<meta property=\"og:image:type\" content=\"image\/webp\" \/>\n<meta name=\"author\" content=\"Editor\" \/>\n<meta name=\"twitter:card\" content=\"summary_large_image\" \/>\n<meta name=\"twitter:label1\" content=\"Escrito por\" \/>\n\t<meta name=\"twitter:data1\" content=\"Editor\" \/>\n\t<meta name=\"twitter:label2\" content=\"Tiempo de lectura\" \/>\n\t<meta name=\"twitter:data2\" content=\"4 minutos\" \/>\n<script type=\"application\/ld+json\" class=\"yoast-schema-graph\">{\"@context\":\"https:\\\/\\\/schema.org\",\"@graph\":[{\"@type\":\"Article\",\"@id\":\"https:\\\/\\\/realidadturistica.com\\\/realtur\\\/que-se-comio-realmente-en-la-primera-cena-de-accion-de-gracias\\\/#article\",\"isPartOf\":{\"@id\":\"https:\\\/\\\/realidadturistica.com\\\/realtur\\\/que-se-comio-realmente-en-la-primera-cena-de-accion-de-gracias\\\/\"},\"author\":{\"name\":\"Editor\",\"@id\":\"https:\\\/\\\/realidadturistica.com\\\/realtur\\\/#\\\/schema\\\/person\\\/ade671191202490fcf08ab21590de73e\"},\"headline\":\"\u00bfQu\u00e9 se comi\u00f3 realmente en la primera cena de Acci\u00f3n de Gracias?\",\"datePublished\":\"2024-11-28T14:32:50+00:00\",\"dateModified\":\"2024-11-28T14:34:00+00:00\",\"mainEntityOfPage\":{\"@id\":\"https:\\\/\\\/realidadturistica.com\\\/realtur\\\/que-se-comio-realmente-en-la-primera-cena-de-accion-de-gracias\\\/\"},\"wordCount\":815,\"commentCount\":0,\"publisher\":{\"@id\":\"https:\\\/\\\/realidadturistica.com\\\/realtur\\\/#organization\"},\"image\":{\"@id\":\"https:\\\/\\\/realidadturistica.com\\\/realtur\\\/que-se-comio-realmente-en-la-primera-cena-de-accion-de-gracias\\\/#primaryimage\"},\"thumbnailUrl\":\"https:\\\/\\\/realidadturistica.com\\\/realtur\\\/wp-content\\\/uploads\\\/2024\\\/11\\\/Que-se-comio.webp\",\"articleSection\":[\"Culturales\"],\"inLanguage\":\"es\",\"potentialAction\":[{\"@type\":\"CommentAction\",\"name\":\"Comment\",\"target\":[\"https:\\\/\\\/realidadturistica.com\\\/realtur\\\/que-se-comio-realmente-en-la-primera-cena-de-accion-de-gracias\\\/#respond\"]}]},{\"@type\":\"WebPage\",\"@id\":\"https:\\\/\\\/realidadturistica.com\\\/realtur\\\/que-se-comio-realmente-en-la-primera-cena-de-accion-de-gracias\\\/\",\"url\":\"https:\\\/\\\/realidadturistica.com\\\/realtur\\\/que-se-comio-realmente-en-la-primera-cena-de-accion-de-gracias\\\/\",\"name\":\"\u00bfQu\u00e9 se comi\u00f3 realmente en la primera cena de Acci\u00f3n de Gracias? - Realidad Tur\u00edstica\",\"isPartOf\":{\"@id\":\"https:\\\/\\\/realidadturistica.com\\\/realtur\\\/#website\"},\"primaryImageOfPage\":{\"@id\":\"https:\\\/\\\/realidadturistica.com\\\/realtur\\\/que-se-comio-realmente-en-la-primera-cena-de-accion-de-gracias\\\/#primaryimage\"},\"image\":{\"@id\":\"https:\\\/\\\/realidadturistica.com\\\/realtur\\\/que-se-comio-realmente-en-la-primera-cena-de-accion-de-gracias\\\/#primaryimage\"},\"thumbnailUrl\":\"https:\\\/\\\/realidadturistica.com\\\/realtur\\\/wp-content\\\/uploads\\\/2024\\\/11\\\/Que-se-comio.webp\",\"datePublished\":\"2024-11-28T14:32:50+00:00\",\"dateModified\":\"2024-11-28T14:34:00+00:00\",\"breadcrumb\":{\"@id\":\"https:\\\/\\\/realidadturistica.com\\\/realtur\\\/que-se-comio-realmente-en-la-primera-cena-de-accion-de-gracias\\\/#breadcrumb\"},\"inLanguage\":\"es\",\"potentialAction\":[{\"@type\":\"ReadAction\",\"target\":[\"https:\\\/\\\/realidadturistica.com\\\/realtur\\\/que-se-comio-realmente-en-la-primera-cena-de-accion-de-gracias\\\/\"]}]},{\"@type\":\"ImageObject\",\"inLanguage\":\"es\",\"@id\":\"https:\\\/\\\/realidadturistica.com\\\/realtur\\\/que-se-comio-realmente-en-la-primera-cena-de-accion-de-gracias\\\/#primaryimage\",\"url\":\"https:\\\/\\\/realidadturistica.com\\\/realtur\\\/wp-content\\\/uploads\\\/2024\\\/11\\\/Que-se-comio.webp\",\"contentUrl\":\"https:\\\/\\\/realidadturistica.com\\\/realtur\\\/wp-content\\\/uploads\\\/2024\\\/11\\\/Que-se-comio.webp\",\"width\":800,\"height\":450},{\"@type\":\"BreadcrumbList\",\"@id\":\"https:\\\/\\\/realidadturistica.com\\\/realtur\\\/que-se-comio-realmente-en-la-primera-cena-de-accion-de-gracias\\\/#breadcrumb\",\"itemListElement\":[{\"@type\":\"ListItem\",\"position\":1,\"name\":\"Portada\",\"item\":\"https:\\\/\\\/realidadturistica.com\\\/realtur\\\/\"},{\"@type\":\"ListItem\",\"position\":2,\"name\":\"\u00bfQu\u00e9 se comi\u00f3 realmente en la primera cena de Acci\u00f3n de Gracias?\"}]},{\"@type\":\"WebSite\",\"@id\":\"https:\\\/\\\/realidadturistica.com\\\/realtur\\\/#website\",\"url\":\"https:\\\/\\\/realidadturistica.com\\\/realtur\\\/\",\"name\":\"Realidad Tur\u00edstica\",\"description\":\"\",\"publisher\":{\"@id\":\"https:\\\/\\\/realidadturistica.com\\\/realtur\\\/#organization\"},\"potentialAction\":[{\"@type\":\"SearchAction\",\"target\":{\"@type\":\"EntryPoint\",\"urlTemplate\":\"https:\\\/\\\/realidadturistica.com\\\/realtur\\\/?s={search_term_string}\"},\"query-input\":{\"@type\":\"PropertyValueSpecification\",\"valueRequired\":true,\"valueName\":\"search_term_string\"}}],\"inLanguage\":\"es\"},{\"@type\":\"Organization\",\"@id\":\"https:\\\/\\\/realidadturistica.com\\\/realtur\\\/#organization\",\"name\":\"Realidad Tur\u00edstica\",\"url\":\"https:\\\/\\\/realidadturistica.com\\\/realtur\\\/\",\"logo\":{\"@type\":\"ImageObject\",\"inLanguage\":\"es\",\"@id\":\"https:\\\/\\\/realidadturistica.com\\\/realtur\\\/#\\\/schema\\\/logo\\\/image\\\/\",\"url\":\"https:\\\/\\\/realidadturistica.com\\\/realtur\\\/wp-content\\\/uploads\\\/2021\\\/12\\\/logotipo-realidad-turistica.png\",\"contentUrl\":\"https:\\\/\\\/realidadturistica.com\\\/realtur\\\/wp-content\\\/uploads\\\/2021\\\/12\\\/logotipo-realidad-turistica.png\",\"width\":1382,\"height\":629,\"caption\":\"Realidad Tur\u00edstica\"},\"image\":{\"@id\":\"https:\\\/\\\/realidadturistica.com\\\/realtur\\\/#\\\/schema\\\/logo\\\/image\\\/\"},\"sameAs\":[\"https:\\\/\\\/www.facebook.com\\\/realidadturistica\",\"https:\\\/\\\/www.instagram.com\\\/realidad_turistica\\\/\"]},{\"@type\":\"Person\",\"@id\":\"https:\\\/\\\/realidadturistica.com\\\/realtur\\\/#\\\/schema\\\/person\\\/ade671191202490fcf08ab21590de73e\",\"name\":\"Editor\",\"image\":{\"@type\":\"ImageObject\",\"inLanguage\":\"es\",\"@id\":\"https:\\\/\\\/realidadturistica.com\\\/realtur\\\/wp-content\\\/uploads\\\/2023\\\/09\\\/Editor_avatar_1693668634-96x96.png\",\"url\":\"https:\\\/\\\/realidadturistica.com\\\/realtur\\\/wp-content\\\/uploads\\\/2023\\\/09\\\/Editor_avatar_1693668634-96x96.png\",\"contentUrl\":\"https:\\\/\\\/realidadturistica.com\\\/realtur\\\/wp-content\\\/uploads\\\/2023\\\/09\\\/Editor_avatar_1693668634-96x96.png\",\"caption\":\"Editor\"},\"sameAs\":[\"https:\\\/\\\/realidadturistica.com\\\/realtur\"],\"url\":\"https:\\\/\\\/realidadturistica.com\\\/realtur\\\/author\\\/editor2\\\/\"}]}<\/script>\n<!-- \/ Yoast SEO Premium plugin. -->","yoast_head_json":{"title":"\u00bfQu\u00e9 se comi\u00f3 realmente en la primera cena de Acci\u00f3n de Gracias? - Realidad Tur\u00edstica","robots":{"index":"index","follow":"follow","max-snippet":"max-snippet:-1","max-image-preview":"max-image-preview:large","max-video-preview":"max-video-preview:-1"},"canonical":"https:\/\/realidadturistica.com\/realtur\/que-se-comio-realmente-en-la-primera-cena-de-accion-de-gracias\/","og_locale":"es_ES","og_type":"article","og_title":"\u00bfQu\u00e9 se comi\u00f3 realmente en la primera cena de Acci\u00f3n de Gracias?","og_description":"Es una de las festividades m\u00e1s respetadas y celebradas en Estados Unidos. El D\u00eda de Acci\u00f3n de Gracias est\u00e1 muy arraigado en la tradici\u00f3n estadounidense.&hellip;","og_url":"https:\/\/realidadturistica.com\/realtur\/que-se-comio-realmente-en-la-primera-cena-de-accion-de-gracias\/","og_site_name":"Realidad Tur\u00edstica","article_publisher":"https:\/\/www.facebook.com\/realidadturistica","article_published_time":"2024-11-28T14:32:50+00:00","article_modified_time":"2024-11-28T14:34:00+00:00","og_image":[{"width":800,"height":450,"url":"https:\/\/realidadturistica.com\/realtur\/wp-content\/uploads\/2024\/11\/Que-se-comio.webp","type":"image\/webp"}],"author":"Editor","twitter_card":"summary_large_image","twitter_misc":{"Escrito por":"Editor","Tiempo de lectura":"4 minutos"},"schema":{"@context":"https:\/\/schema.org","@graph":[{"@type":"Article","@id":"https:\/\/realidadturistica.com\/realtur\/que-se-comio-realmente-en-la-primera-cena-de-accion-de-gracias\/#article","isPartOf":{"@id":"https:\/\/realidadturistica.com\/realtur\/que-se-comio-realmente-en-la-primera-cena-de-accion-de-gracias\/"},"author":{"name":"Editor","@id":"https:\/\/realidadturistica.com\/realtur\/#\/schema\/person\/ade671191202490fcf08ab21590de73e"},"headline":"\u00bfQu\u00e9 se comi\u00f3 realmente en la primera cena de Acci\u00f3n de Gracias?","datePublished":"2024-11-28T14:32:50+00:00","dateModified":"2024-11-28T14:34:00+00:00","mainEntityOfPage":{"@id":"https:\/\/realidadturistica.com\/realtur\/que-se-comio-realmente-en-la-primera-cena-de-accion-de-gracias\/"},"wordCount":815,"commentCount":0,"publisher":{"@id":"https:\/\/realidadturistica.com\/realtur\/#organization"},"image":{"@id":"https:\/\/realidadturistica.com\/realtur\/que-se-comio-realmente-en-la-primera-cena-de-accion-de-gracias\/#primaryimage"},"thumbnailUrl":"https:\/\/realidadturistica.com\/realtur\/wp-content\/uploads\/2024\/11\/Que-se-comio.webp","articleSection":["Culturales"],"inLanguage":"es","potentialAction":[{"@type":"CommentAction","name":"Comment","target":["https:\/\/realidadturistica.com\/realtur\/que-se-comio-realmente-en-la-primera-cena-de-accion-de-gracias\/#respond"]}]},{"@type":"WebPage","@id":"https:\/\/realidadturistica.com\/realtur\/que-se-comio-realmente-en-la-primera-cena-de-accion-de-gracias\/","url":"https:\/\/realidadturistica.com\/realtur\/que-se-comio-realmente-en-la-primera-cena-de-accion-de-gracias\/","name":"\u00bfQu\u00e9 se comi\u00f3 realmente en la primera cena de Acci\u00f3n de Gracias? - Realidad Tur\u00edstica","isPartOf":{"@id":"https:\/\/realidadturistica.com\/realtur\/#website"},"primaryImageOfPage":{"@id":"https:\/\/realidadturistica.com\/realtur\/que-se-comio-realmente-en-la-primera-cena-de-accion-de-gracias\/#primaryimage"},"image":{"@id":"https:\/\/realidadturistica.com\/realtur\/que-se-comio-realmente-en-la-primera-cena-de-accion-de-gracias\/#primaryimage"},"thumbnailUrl":"https:\/\/realidadturistica.com\/realtur\/wp-content\/uploads\/2024\/11\/Que-se-comio.webp","datePublished":"2024-11-28T14:32:50+00:00","dateModified":"2024-11-28T14:34:00+00:00","breadcrumb":{"@id":"https:\/\/realidadturistica.com\/realtur\/que-se-comio-realmente-en-la-primera-cena-de-accion-de-gracias\/#breadcrumb"},"inLanguage":"es","potentialAction":[{"@type":"ReadAction","target":["https:\/\/realidadturistica.com\/realtur\/que-se-comio-realmente-en-la-primera-cena-de-accion-de-gracias\/"]}]},{"@type":"ImageObject","inLanguage":"es","@id":"https:\/\/realidadturistica.com\/realtur\/que-se-comio-realmente-en-la-primera-cena-de-accion-de-gracias\/#primaryimage","url":"https:\/\/realidadturistica.com\/realtur\/wp-content\/uploads\/2024\/11\/Que-se-comio.webp","contentUrl":"https:\/\/realidadturistica.com\/realtur\/wp-content\/uploads\/2024\/11\/Que-se-comio.webp","width":800,"height":450},{"@type":"BreadcrumbList","@id":"https:\/\/realidadturistica.com\/realtur\/que-se-comio-realmente-en-la-primera-cena-de-accion-de-gracias\/#breadcrumb","itemListElement":[{"@type":"ListItem","position":1,"name":"Portada","item":"https:\/\/realidadturistica.com\/realtur\/"},{"@type":"ListItem","position":2,"name":"\u00bfQu\u00e9 se comi\u00f3 realmente en la primera cena de Acci\u00f3n de Gracias?"}]},{"@type":"WebSite","@id":"https:\/\/realidadturistica.com\/realtur\/#website","url":"https:\/\/realidadturistica.com\/realtur\/","name":"Realidad Tur\u00edstica","description":"","publisher":{"@id":"https:\/\/realidadturistica.com\/realtur\/#organization"},"potentialAction":[{"@type":"SearchAction","target":{"@type":"EntryPoint","urlTemplate":"https:\/\/realidadturistica.com\/realtur\/?s={search_term_string}"},"query-input":{"@type":"PropertyValueSpecification","valueRequired":true,"valueName":"search_term_string"}}],"inLanguage":"es"},{"@type":"Organization","@id":"https:\/\/realidadturistica.com\/realtur\/#organization","name":"Realidad Tur\u00edstica","url":"https:\/\/realidadturistica.com\/realtur\/","logo":{"@type":"ImageObject","inLanguage":"es","@id":"https:\/\/realidadturistica.com\/realtur\/#\/schema\/logo\/image\/","url":"https:\/\/realidadturistica.com\/realtur\/wp-content\/uploads\/2021\/12\/logotipo-realidad-turistica.png","contentUrl":"https:\/\/realidadturistica.com\/realtur\/wp-content\/uploads\/2021\/12\/logotipo-realidad-turistica.png","width":1382,"height":629,"caption":"Realidad Tur\u00edstica"},"image":{"@id":"https:\/\/realidadturistica.com\/realtur\/#\/schema\/logo\/image\/"},"sameAs":["https:\/\/www.facebook.com\/realidadturistica","https:\/\/www.instagram.com\/realidad_turistica\/"]},{"@type":"Person","@id":"https:\/\/realidadturistica.com\/realtur\/#\/schema\/person\/ade671191202490fcf08ab21590de73e","name":"Editor","image":{"@type":"ImageObject","inLanguage":"es","@id":"https:\/\/realidadturistica.com\/realtur\/wp-content\/uploads\/2023\/09\/Editor_avatar_1693668634-96x96.png","url":"https:\/\/realidadturistica.com\/realtur\/wp-content\/uploads\/2023\/09\/Editor_avatar_1693668634-96x96.png","contentUrl":"https:\/\/realidadturistica.com\/realtur\/wp-content\/uploads\/2023\/09\/Editor_avatar_1693668634-96x96.png","caption":"Editor"},"sameAs":["https:\/\/realidadturistica.com\/realtur"],"url":"https:\/\/realidadturistica.com\/realtur\/author\/editor2\/"}]}},"_links":{"self":[{"href":"https:\/\/realidadturistica.com\/realtur\/wp-json\/wp\/v2\/posts\/8642","targetHints":{"allow":["GET"]}}],"collection":[{"href":"https:\/\/realidadturistica.com\/realtur\/wp-json\/wp\/v2\/posts"}],"about":[{"href":"https:\/\/realidadturistica.com\/realtur\/wp-json\/wp\/v2\/types\/post"}],"author":[{"embeddable":true,"href":"https:\/\/realidadturistica.com\/realtur\/wp-json\/wp\/v2\/users\/2"}],"replies":[{"embeddable":true,"href":"https:\/\/realidadturistica.com\/realtur\/wp-json\/wp\/v2\/comments?post=8642"}],"version-history":[{"count":2,"href":"https:\/\/realidadturistica.com\/realtur\/wp-json\/wp\/v2\/posts\/8642\/revisions"}],"predecessor-version":[{"id":8646,"href":"https:\/\/realidadturistica.com\/realtur\/wp-json\/wp\/v2\/posts\/8642\/revisions\/8646"}],"wp:featuredmedia":[{"embeddable":true,"href":"https:\/\/realidadturistica.com\/realtur\/wp-json\/wp\/v2\/media\/8643"}],"wp:attachment":[{"href":"https:\/\/realidadturistica.com\/realtur\/wp-json\/wp\/v2\/media?parent=8642"}],"wp:term":[{"taxonomy":"category","embeddable":true,"href":"https:\/\/realidadturistica.com\/realtur\/wp-json\/wp\/v2\/categories?post=8642"},{"taxonomy":"post_tag","embeddable":true,"href":"https:\/\/realidadturistica.com\/realtur\/wp-json\/wp\/v2\/tags?post=8642"}],"curies":[{"name":"wp","href":"https:\/\/api.w.org\/{rel}","templated":true}]}}