{"id":8708,"date":"2024-12-07T12:47:26","date_gmt":"2024-12-07T12:47:26","guid":{"rendered":"https:\/\/realidadturistica.com\/realtur\/?p=8708"},"modified":"2024-12-07T12:47:30","modified_gmt":"2024-12-07T12:47:30","slug":"de-que-manera-unos-kilos-de-mas-pueden-pasar-factura-a-nuestra-salud-cuando-empezar-a-preocuparnos","status":"publish","type":"post","link":"https:\/\/realidadturistica.com\/realtur\/de-que-manera-unos-kilos-de-mas-pueden-pasar-factura-a-nuestra-salud-cuando-empezar-a-preocuparnos\/","title":{"rendered":"De qu\u00e9 manera unos kilos de m\u00e1s pueden pasar factura a nuestra salud: \u00bfcu\u00e1ndo empezar a preocuparnos?"},"content":{"rendered":"\n<p class=\"wp-block-yoast-seo-estimated-reading-time yoast-reading-time__wrapper\"><span class=\"yoast-reading-time__icon\"><svg aria-hidden=\"true\" focusable=\"false\" data-icon=\"clock\" width=\"20\" height=\"20\" fill=\"none\" stroke=\"currentColor\" style=\"display:inline-block;vertical-align:-0.1em\" role=\"img\" xmlns=\"http:\/\/www.w3.org\/2000\/svg\" viewBox=\"0 0 24 24\"><path stroke-linecap=\"round\" stroke-linejoin=\"round\" stroke-width=\"2\" d=\"M12 8v4l3 3m6-3a9 9 0 11-18 0 9 9 0 0118 0z\"><\/path><\/svg><\/span><span class=\"yoast-reading-time__spacer\" style=\"display:inline-block;width:1em\"><\/span><span class=\"yoast-reading-time__descriptive-text\">Estimated reading time: <\/span><span class=\"yoast-reading-time__reading-time\">6<\/span><span class=\"yoast-reading-time__time-unit\"> minutos<\/span><\/p>\n\n\n\n<p>La obesidad se ha convertido en una de las pandemias del siglo XXI pero, \u00bfen qu\u00e9 momento esos kilos de m\u00e1s pueden pasarnos factura? A juicio de la doctora Laura Bartolom\u00e9 Hern\u00e1ndez, m\u00e9dico especialista en Endocrinolog\u00eda y Nutrici\u00f3n, \u00abes dif\u00edcil encontrar una patolog\u00eda que no sea m\u00e1s prevalente en el sujeto con obesidad, ni una enfermedad cuya gravedad no empeore ante la aparici\u00f3n de la obesidad\u00bb.<\/p>\n\n\n\n<p>&nbsp;&nbsp; As\u00ed nos lo explica durante una entrevista con Europa Press Infosalus con motivo de la reciente publicaci\u00f3n de su libro &#8216;Pierde grasa, gana vida&#8217; (Roca Editorial), si bien especifica que todos los pacientes vayan a desarrollar alguna complicaci\u00f3n, todo depender\u00e1 del grado de obesidad, as\u00ed como de la cantidad y de la distribuci\u00f3n de la grasa acumulada, de la edad de la persona, del grado de inflamaci\u00f3n de la misma, o de la gen\u00e9tica, entre otros factores.<\/p>\n\n\n\n<p>&nbsp;&nbsp; \u00abTambi\u00e9n depende sobre todo de si esos kilos son de grasa o de m\u00fasculo. Antes se hablaba mucho del IMC, que al final es una forma sencilla de relacionar nuestro peso con nuestra talla, pero ahora vamos afinando m\u00e1s, y hablamos de &#8216;composici\u00f3n corporal&#8217; y de &#8216;exceso de grasa'\u00bb, precisa esta doctora.<\/p>\n\n\n\n<p>&nbsp;&nbsp; Dentro de la grasa diferencia varias zonas: la subcut\u00e1nea, repartida por el cuerpo, por ejemplo en la zona de muslos o gl\u00fateos, y que no tendr\u00eda tanta eficacia metab\u00f3lica; o bien de la grasa de la zona abdominal, y sobre todo es visceral, la que rodea a los \u00f3rganos, o bien la ect\u00f3pica, que es la que se mete dentro de los \u00f3rganos, y \u00e9sta es la que nos genera problemas.<\/p>\n\n\n\n<p>&nbsp;&nbsp; \u00abEs decir, el cuerpo est\u00e1 preparado para almacenar grasa debajo de la piel, grasa subcut\u00e1nea, y cuando excedemos esa capacidad, esa grasa empieza a circular por el organismo y se nos va a zonas que no est\u00e1n preparadas, como alrededor de los \u00f3rganos (visceral), o dentro de los \u00f3rganos (ect\u00f3pica). Aqu\u00ed es donde est\u00e1 el problema. Esta grasa, cuando intenta crecer y dividirse, se asfixia, y manda se\u00f1ales de alarma a la circulaci\u00f3n porque no est\u00e1 preparada, y genera la inflamaci\u00f3n cr\u00f3nica\u00bb, detalla la doctora Bartolom\u00e9, insistiendo en que \u00abtodo lo que desata complicaciones a nivel metab\u00f3lico es un exceso de grasa disfuncional\u00bb.<\/p>\n\n\n\n<p>QU\u00c9 SON UNOS KILOS DE M\u00c1S<\/p>\n\n\n\n<p>&nbsp;&nbsp; Para saber si esos kilos que nos sobran nos deben preocupar demasiado, preguntamos a esta endocrin\u00f3loga: \u00abEl IMC se sigue usando como una aproximaci\u00f3n pero el principal problema que tiene es que personas con mucho m\u00fasculo estar\u00edan clasificadas como obesas, cuando no lo son. Una forma f\u00e1cil y casera de saberlo es midiendo el per\u00edmetro de la cintura, que m\u00e1s de 88 cent\u00edmetros en mujeres, y en hombres m\u00e1s de 102, indicar\u00eda un elevado nivel de grasa visceral, que se correlaciona muy bien con un elevado riesgo de enfermedades metab\u00f3licas\u00bb.<\/p>\n\n\n\n<p>&nbsp;&nbsp; Pero tambi\u00e9n se\u00f1ala esta experta que, cada vez m\u00e1s, se hace uso de la impedanciometr\u00eda, un aparato que permite medir la grasa corporal, el nivel de m\u00fasculo o de agua que tiene tu organismo, as\u00ed como de hueso. \u00abAh\u00ed obtenemos una buena aproximaci\u00f3n, y para seguir a los pacientes es muy \u00fatil ir viendo cuando haces una intervenci\u00f3n en obesidad que bajen solo de grasa y no de m\u00fasculo\u00bb, apostilla. Dice que tambi\u00e9n se hacen pruebas de imagen no invasivas, las ecograf\u00edas, donde se mira grasa y m\u00fasculo, y si \u00e9ste est\u00e1 o no infiltrado de grasa.<\/p>\n\n\n\n<p>ENFERMEDADES RELACIONADAS CON LA OBESIDAD<\/p>\n\n\n\n<p>&nbsp;&nbsp; Con todo ello, la doctora Bartolom\u00e9 recuerda que en la actualidad hay m\u00e1s de 200 enfermedades descritas que bien se desencadenan fruto de la obesidad, o bien se ven agravadas por esta patolog\u00eda.<\/p>\n\n\n\n<p>&nbsp;&nbsp; \u00abLas enfermedades asociadas en las que pensamos son la hipertensi\u00f3n, la diabetes tipo 2, y el riesgo cardiovascular en general, es decir, riesgo de tener un infarto o un ictus\u00bb, apunta esta doctora.<\/p>\n\n\n\n<p>&nbsp;&nbsp; Al mismo tiempo que habla del c\u00e1ncer, especialmente del c\u00e1ncer de mama, o de endometrio, siendo m\u00e1s frecuentes en la obesidad. \u00abUna de las causas es que como el sistema inmune est\u00e1 intentando defenderse o acudir a las se\u00f1ales de alarma que mandan esos adipocitos viscerales, entonces no est\u00e1 pendiente de destruir a las c\u00e9lulas tumorales\u00bb, explica.<\/p>\n\n\n\n<p>&nbsp;&nbsp; Tambi\u00e9n indica que el desarrollo de c\u00e1ncer en algunas ocasiones se puede ver igualmente favorecido por otras alteraciones asociadas a la obesidad, como la resistencia a la insulina, o por el aumento de estr\u00f3genos que se produce en la grasa perif\u00e9rica; \u00abtodo esto hace que haya un ambiente m\u00e1s favorable para el desarrollo de determinados tumores\u00bb, tal y como afirma.<\/p>\n\n\n\n<p>&nbsp;&nbsp; Igualmente, la obesidad est\u00e1 asociada a problemas articulares, como la artrosis de rodilla principalmente, al mismo tiempo que se relaciona con problemas de salud mental vinculados al estado de \u00e1nimo, como la depresi\u00f3n; \u00abpero tambi\u00e9n con la fertilidad, as\u00ed como el h\u00edgado graso, con la apnea del sue\u00f1o\u00bb, agrega.<\/p>\n\n\n\n<p>PRINCIPALES ERRORES A LA HORA DE PERDER PESO<\/p>\n\n\n\n<p>&nbsp;&nbsp; Por otro lado, cuestionamos a la doctora Bartolom\u00e9 cu\u00e1les son los 5 principales errores que cometemos a la hora de perder peso, y cita los siguientes:<\/p>\n\n\n\n<p>&nbsp;&nbsp; 1. No consultar con un m\u00e9dico especializado en el campo de la obesidad, como los endocrin\u00f3logos, o m\u00e9dicos de atenci\u00f3n primaria bien formados en este campo, que te pueda estudiar bien y ver qu\u00e9 situaciones o factores te han llevado a esta situaci\u00f3n de obesidad, y ver si hay una enfermedad asociada.<\/p>\n\n\n\n<p>2. Intentar adelgazar siguiendo dietas muy estrictas, y que no sean dietas equilibradas, o que le hayan funcionado a un amigo o vecino; as\u00ed s\u00f3lo nos jugamos el no conseguir los aportes adecuados de alimentos, e incluso podemos registrar alg\u00fan d\u00e9ficit nutricional; pero hay situaciones, como la &#8216;resistencia basal&#8217;, fruto de estas dietas restrictivas, de manera que si bajados unos kilos, si mantienes una dieta muy restrictiva, el cuerpo quiere sobrevivir y por mucho que se empe\u00f1e la persona no bajar\u00e1 m\u00e1s de peso, sino que se entrar\u00e1 en &#8216;modo ahorro&#8217;, se estancar\u00e1 en esa p\u00e9rdida de peso, \u00absi al cuerpo no le das el suficiente aporte baja el metabolismo basal, dejas de quemar calor\u00edas, y aumentan las hormonas del apetito para intentar compensar\u00bb.<\/p>\n\n\n\n<p>&nbsp;&nbsp; 3. Hacer intervenciones diet\u00e9ticas sin pensar que el acompa\u00f1amiento de ejercicio es indispensable: la grasa est\u00e1 ah\u00ed, ocupando espacio pero casi no quema calor\u00edas, y el m\u00fasculo quema calor\u00edas hasta cuando dormimos; no se puede plantear una intervenci\u00f3n sin prescribir el ejercicio adecuado, y principalmente de fuerza.<\/p>\n\n\n\n<p>&nbsp;&nbsp; 4. No prestar atenci\u00f3n a otros factores tambi\u00e9n muy importantes, cada vez sabemos m\u00e1s que el pilar fundamental de la salud es el descanso y el descanso nocturno, el sue\u00f1o, y otros factores como la microbiota, no se puede ver a un paciente sin ver c\u00f3mo va al ba\u00f1o y conocer cu\u00e1l es su tolerancia a determinados alimentos; hay que tratar todos los factores que puedan estar implicados.<\/p>\n\n\n\n<p>5. La desinformaci\u00f3n, la gente ya viene habi\u00e9ndose informado por distintos sitios, que no siempre tienen mucha evidencia cient\u00edfica, cuando las sociedades cient\u00edficas tienen buenas fuentes de informaci\u00f3n; cualquiera no puede hablar de estos temas complejos porque las personas al final no distinguen bien un negocio de la evidencia cient\u00edfica.<\/p>\n\n\n\n<p>Infosalud.com<\/p>\n","protected":false},"excerpt":{"rendered":"<p>La obesidad se ha convertido en una de las pandemias del siglo XXI pero, \u00bfen qu\u00e9 momento esos kilos de m\u00e1s pueden pasarnos factura? A&hellip;<\/p>\n","protected":false},"author":2,"featured_media":8709,"comment_status":"open","ping_status":"closed","sticky":false,"template":"","format":"standard","meta":{"content-type":"","_lmt_disableupdate":"","_lmt_disable":"","footnotes":""},"categories":[7],"tags":[],"class_list":["post-8708","post","type-post","status-publish","format-standard","has-post-thumbnail","hentry","category-turismo-salud"],"yoast_head":"<!-- This site is optimized with the Yoast SEO Premium plugin v27.4 (Yoast SEO v27.5) - https:\/\/yoast.com\/product\/yoast-seo-premium-wordpress\/ -->\n<title>De qu\u00e9 manera unos kilos de m\u00e1s pueden pasar factura a nuestra salud: \u00bfcu\u00e1ndo empezar a preocuparnos? - Realidad Tur\u00edstica<\/title>\n<meta name=\"robots\" content=\"index, follow, max-snippet:-1, max-image-preview:large, max-video-preview:-1\" \/>\n<link rel=\"canonical\" href=\"https:\/\/realidadturistica.com\/realtur\/de-que-manera-unos-kilos-de-mas-pueden-pasar-factura-a-nuestra-salud-cuando-empezar-a-preocuparnos\/\" \/>\n<meta property=\"og:locale\" content=\"es_ES\" \/>\n<meta property=\"og:type\" content=\"article\" \/>\n<meta property=\"og:title\" content=\"De qu\u00e9 manera unos kilos de m\u00e1s pueden pasar factura a nuestra salud: \u00bfcu\u00e1ndo empezar a preocuparnos?\" \/>\n<meta property=\"og:description\" content=\"La obesidad se ha convertido en una de las pandemias del siglo XXI pero, \u00bfen qu\u00e9 momento esos kilos de m\u00e1s pueden pasarnos factura? A&hellip;\" \/>\n<meta property=\"og:url\" content=\"https:\/\/realidadturistica.com\/realtur\/de-que-manera-unos-kilos-de-mas-pueden-pasar-factura-a-nuestra-salud-cuando-empezar-a-preocuparnos\/\" \/>\n<meta property=\"og:site_name\" content=\"Realidad Tur\u00edstica\" \/>\n<meta property=\"article:publisher\" content=\"https:\/\/www.facebook.com\/realidadturistica\" \/>\n<meta property=\"article:published_time\" content=\"2024-12-07T12:47:26+00:00\" \/>\n<meta property=\"article:modified_time\" content=\"2024-12-07T12:47:30+00:00\" \/>\n<meta property=\"og:image\" content=\"https:\/\/realidadturistica.com\/realtur\/wp-content\/uploads\/2024\/12\/De-que-manera.jpg\" \/>\n\t<meta property=\"og:image:width\" content=\"1326\" \/>\n\t<meta property=\"og:image:height\" content=\"878\" \/>\n\t<meta property=\"og:image:type\" content=\"image\/jpeg\" \/>\n<meta name=\"author\" content=\"Editor\" \/>\n<meta name=\"twitter:card\" content=\"summary_large_image\" \/>\n<meta name=\"twitter:label1\" content=\"Escrito por\" \/>\n\t<meta name=\"twitter:data1\" content=\"Editor\" \/>\n\t<meta name=\"twitter:label2\" content=\"Tiempo de lectura\" \/>\n\t<meta name=\"twitter:data2\" content=\"6 minutos\" \/>\n<script type=\"application\/ld+json\" class=\"yoast-schema-graph\">{\"@context\":\"https:\\\/\\\/schema.org\",\"@graph\":[{\"@type\":\"Article\",\"@id\":\"https:\\\/\\\/realidadturistica.com\\\/realtur\\\/de-que-manera-unos-kilos-de-mas-pueden-pasar-factura-a-nuestra-salud-cuando-empezar-a-preocuparnos\\\/#article\",\"isPartOf\":{\"@id\":\"https:\\\/\\\/realidadturistica.com\\\/realtur\\\/de-que-manera-unos-kilos-de-mas-pueden-pasar-factura-a-nuestra-salud-cuando-empezar-a-preocuparnos\\\/\"},\"author\":{\"name\":\"Editor\",\"@id\":\"https:\\\/\\\/realidadturistica.com\\\/realtur\\\/#\\\/schema\\\/person\\\/ade671191202490fcf08ab21590de73e\"},\"headline\":\"De qu\u00e9 manera unos kilos de m\u00e1s pueden pasar factura a nuestra salud: \u00bfcu\u00e1ndo empezar a preocuparnos?\",\"datePublished\":\"2024-12-07T12:47:26+00:00\",\"dateModified\":\"2024-12-07T12:47:30+00:00\",\"mainEntityOfPage\":{\"@id\":\"https:\\\/\\\/realidadturistica.com\\\/realtur\\\/de-que-manera-unos-kilos-de-mas-pueden-pasar-factura-a-nuestra-salud-cuando-empezar-a-preocuparnos\\\/\"},\"wordCount\":1322,\"commentCount\":0,\"publisher\":{\"@id\":\"https:\\\/\\\/realidadturistica.com\\\/realtur\\\/#organization\"},\"image\":{\"@id\":\"https:\\\/\\\/realidadturistica.com\\\/realtur\\\/de-que-manera-unos-kilos-de-mas-pueden-pasar-factura-a-nuestra-salud-cuando-empezar-a-preocuparnos\\\/#primaryimage\"},\"thumbnailUrl\":\"https:\\\/\\\/realidadturistica.com\\\/realtur\\\/wp-content\\\/uploads\\\/2024\\\/12\\\/De-que-manera.jpg\",\"articleSection\":[\"Salud para viajar\"],\"inLanguage\":\"es\",\"potentialAction\":[{\"@type\":\"CommentAction\",\"name\":\"Comment\",\"target\":[\"https:\\\/\\\/realidadturistica.com\\\/realtur\\\/de-que-manera-unos-kilos-de-mas-pueden-pasar-factura-a-nuestra-salud-cuando-empezar-a-preocuparnos\\\/#respond\"]}]},{\"@type\":\"WebPage\",\"@id\":\"https:\\\/\\\/realidadturistica.com\\\/realtur\\\/de-que-manera-unos-kilos-de-mas-pueden-pasar-factura-a-nuestra-salud-cuando-empezar-a-preocuparnos\\\/\",\"url\":\"https:\\\/\\\/realidadturistica.com\\\/realtur\\\/de-que-manera-unos-kilos-de-mas-pueden-pasar-factura-a-nuestra-salud-cuando-empezar-a-preocuparnos\\\/\",\"name\":\"De qu\u00e9 manera unos kilos de m\u00e1s pueden pasar factura a nuestra salud: \u00bfcu\u00e1ndo empezar a preocuparnos? - Realidad Tur\u00edstica\",\"isPartOf\":{\"@id\":\"https:\\\/\\\/realidadturistica.com\\\/realtur\\\/#website\"},\"primaryImageOfPage\":{\"@id\":\"https:\\\/\\\/realidadturistica.com\\\/realtur\\\/de-que-manera-unos-kilos-de-mas-pueden-pasar-factura-a-nuestra-salud-cuando-empezar-a-preocuparnos\\\/#primaryimage\"},\"image\":{\"@id\":\"https:\\\/\\\/realidadturistica.com\\\/realtur\\\/de-que-manera-unos-kilos-de-mas-pueden-pasar-factura-a-nuestra-salud-cuando-empezar-a-preocuparnos\\\/#primaryimage\"},\"thumbnailUrl\":\"https:\\\/\\\/realidadturistica.com\\\/realtur\\\/wp-content\\\/uploads\\\/2024\\\/12\\\/De-que-manera.jpg\",\"datePublished\":\"2024-12-07T12:47:26+00:00\",\"dateModified\":\"2024-12-07T12:47:30+00:00\",\"breadcrumb\":{\"@id\":\"https:\\\/\\\/realidadturistica.com\\\/realtur\\\/de-que-manera-unos-kilos-de-mas-pueden-pasar-factura-a-nuestra-salud-cuando-empezar-a-preocuparnos\\\/#breadcrumb\"},\"inLanguage\":\"es\",\"potentialAction\":[{\"@type\":\"ReadAction\",\"target\":[\"https:\\\/\\\/realidadturistica.com\\\/realtur\\\/de-que-manera-unos-kilos-de-mas-pueden-pasar-factura-a-nuestra-salud-cuando-empezar-a-preocuparnos\\\/\"]}]},{\"@type\":\"ImageObject\",\"inLanguage\":\"es\",\"@id\":\"https:\\\/\\\/realidadturistica.com\\\/realtur\\\/de-que-manera-unos-kilos-de-mas-pueden-pasar-factura-a-nuestra-salud-cuando-empezar-a-preocuparnos\\\/#primaryimage\",\"url\":\"https:\\\/\\\/realidadturistica.com\\\/realtur\\\/wp-content\\\/uploads\\\/2024\\\/12\\\/De-que-manera.jpg\",\"contentUrl\":\"https:\\\/\\\/realidadturistica.com\\\/realtur\\\/wp-content\\\/uploads\\\/2024\\\/12\\\/De-que-manera.jpg\",\"width\":1326,\"height\":878},{\"@type\":\"BreadcrumbList\",\"@id\":\"https:\\\/\\\/realidadturistica.com\\\/realtur\\\/de-que-manera-unos-kilos-de-mas-pueden-pasar-factura-a-nuestra-salud-cuando-empezar-a-preocuparnos\\\/#breadcrumb\",\"itemListElement\":[{\"@type\":\"ListItem\",\"position\":1,\"name\":\"Portada\",\"item\":\"https:\\\/\\\/realidadturistica.com\\\/realtur\\\/\"},{\"@type\":\"ListItem\",\"position\":2,\"name\":\"De qu\u00e9 manera unos kilos de m\u00e1s pueden pasar factura a nuestra salud: \u00bfcu\u00e1ndo empezar a preocuparnos?\"}]},{\"@type\":\"WebSite\",\"@id\":\"https:\\\/\\\/realidadturistica.com\\\/realtur\\\/#website\",\"url\":\"https:\\\/\\\/realidadturistica.com\\\/realtur\\\/\",\"name\":\"Realidad Tur\u00edstica\",\"description\":\"\",\"publisher\":{\"@id\":\"https:\\\/\\\/realidadturistica.com\\\/realtur\\\/#organization\"},\"potentialAction\":[{\"@type\":\"SearchAction\",\"target\":{\"@type\":\"EntryPoint\",\"urlTemplate\":\"https:\\\/\\\/realidadturistica.com\\\/realtur\\\/?s={search_term_string}\"},\"query-input\":{\"@type\":\"PropertyValueSpecification\",\"valueRequired\":true,\"valueName\":\"search_term_string\"}}],\"inLanguage\":\"es\"},{\"@type\":\"Organization\",\"@id\":\"https:\\\/\\\/realidadturistica.com\\\/realtur\\\/#organization\",\"name\":\"Realidad Tur\u00edstica\",\"url\":\"https:\\\/\\\/realidadturistica.com\\\/realtur\\\/\",\"logo\":{\"@type\":\"ImageObject\",\"inLanguage\":\"es\",\"@id\":\"https:\\\/\\\/realidadturistica.com\\\/realtur\\\/#\\\/schema\\\/logo\\\/image\\\/\",\"url\":\"https:\\\/\\\/realidadturistica.com\\\/realtur\\\/wp-content\\\/uploads\\\/2021\\\/12\\\/logotipo-realidad-turistica.png\",\"contentUrl\":\"https:\\\/\\\/realidadturistica.com\\\/realtur\\\/wp-content\\\/uploads\\\/2021\\\/12\\\/logotipo-realidad-turistica.png\",\"width\":1382,\"height\":629,\"caption\":\"Realidad Tur\u00edstica\"},\"image\":{\"@id\":\"https:\\\/\\\/realidadturistica.com\\\/realtur\\\/#\\\/schema\\\/logo\\\/image\\\/\"},\"sameAs\":[\"https:\\\/\\\/www.facebook.com\\\/realidadturistica\",\"https:\\\/\\\/www.instagram.com\\\/realidad_turistica\\\/\"]},{\"@type\":\"Person\",\"@id\":\"https:\\\/\\\/realidadturistica.com\\\/realtur\\\/#\\\/schema\\\/person\\\/ade671191202490fcf08ab21590de73e\",\"name\":\"Editor\",\"image\":{\"@type\":\"ImageObject\",\"inLanguage\":\"es\",\"@id\":\"https:\\\/\\\/realidadturistica.com\\\/realtur\\\/wp-content\\\/uploads\\\/2023\\\/09\\\/Editor_avatar_1693668634-96x96.png\",\"url\":\"https:\\\/\\\/realidadturistica.com\\\/realtur\\\/wp-content\\\/uploads\\\/2023\\\/09\\\/Editor_avatar_1693668634-96x96.png\",\"contentUrl\":\"https:\\\/\\\/realidadturistica.com\\\/realtur\\\/wp-content\\\/uploads\\\/2023\\\/09\\\/Editor_avatar_1693668634-96x96.png\",\"caption\":\"Editor\"},\"sameAs\":[\"https:\\\/\\\/realidadturistica.com\\\/realtur\"],\"url\":\"https:\\\/\\\/realidadturistica.com\\\/realtur\\\/author\\\/editor2\\\/\"}]}<\/script>\n<!-- \/ Yoast SEO Premium plugin. -->","yoast_head_json":{"title":"De qu\u00e9 manera unos kilos de m\u00e1s pueden pasar factura a nuestra salud: \u00bfcu\u00e1ndo empezar a preocuparnos? - Realidad Tur\u00edstica","robots":{"index":"index","follow":"follow","max-snippet":"max-snippet:-1","max-image-preview":"max-image-preview:large","max-video-preview":"max-video-preview:-1"},"canonical":"https:\/\/realidadturistica.com\/realtur\/de-que-manera-unos-kilos-de-mas-pueden-pasar-factura-a-nuestra-salud-cuando-empezar-a-preocuparnos\/","og_locale":"es_ES","og_type":"article","og_title":"De qu\u00e9 manera unos kilos de m\u00e1s pueden pasar factura a nuestra salud: \u00bfcu\u00e1ndo empezar a preocuparnos?","og_description":"La obesidad se ha convertido en una de las pandemias del siglo XXI pero, \u00bfen qu\u00e9 momento esos kilos de m\u00e1s pueden pasarnos factura? A&hellip;","og_url":"https:\/\/realidadturistica.com\/realtur\/de-que-manera-unos-kilos-de-mas-pueden-pasar-factura-a-nuestra-salud-cuando-empezar-a-preocuparnos\/","og_site_name":"Realidad Tur\u00edstica","article_publisher":"https:\/\/www.facebook.com\/realidadturistica","article_published_time":"2024-12-07T12:47:26+00:00","article_modified_time":"2024-12-07T12:47:30+00:00","og_image":[{"width":1326,"height":878,"url":"https:\/\/realidadturistica.com\/realtur\/wp-content\/uploads\/2024\/12\/De-que-manera.jpg","type":"image\/jpeg"}],"author":"Editor","twitter_card":"summary_large_image","twitter_misc":{"Escrito por":"Editor","Tiempo de lectura":"6 minutos"},"schema":{"@context":"https:\/\/schema.org","@graph":[{"@type":"Article","@id":"https:\/\/realidadturistica.com\/realtur\/de-que-manera-unos-kilos-de-mas-pueden-pasar-factura-a-nuestra-salud-cuando-empezar-a-preocuparnos\/#article","isPartOf":{"@id":"https:\/\/realidadturistica.com\/realtur\/de-que-manera-unos-kilos-de-mas-pueden-pasar-factura-a-nuestra-salud-cuando-empezar-a-preocuparnos\/"},"author":{"name":"Editor","@id":"https:\/\/realidadturistica.com\/realtur\/#\/schema\/person\/ade671191202490fcf08ab21590de73e"},"headline":"De qu\u00e9 manera unos kilos de m\u00e1s pueden pasar factura a nuestra salud: \u00bfcu\u00e1ndo empezar a preocuparnos?","datePublished":"2024-12-07T12:47:26+00:00","dateModified":"2024-12-07T12:47:30+00:00","mainEntityOfPage":{"@id":"https:\/\/realidadturistica.com\/realtur\/de-que-manera-unos-kilos-de-mas-pueden-pasar-factura-a-nuestra-salud-cuando-empezar-a-preocuparnos\/"},"wordCount":1322,"commentCount":0,"publisher":{"@id":"https:\/\/realidadturistica.com\/realtur\/#organization"},"image":{"@id":"https:\/\/realidadturistica.com\/realtur\/de-que-manera-unos-kilos-de-mas-pueden-pasar-factura-a-nuestra-salud-cuando-empezar-a-preocuparnos\/#primaryimage"},"thumbnailUrl":"https:\/\/realidadturistica.com\/realtur\/wp-content\/uploads\/2024\/12\/De-que-manera.jpg","articleSection":["Salud para viajar"],"inLanguage":"es","potentialAction":[{"@type":"CommentAction","name":"Comment","target":["https:\/\/realidadturistica.com\/realtur\/de-que-manera-unos-kilos-de-mas-pueden-pasar-factura-a-nuestra-salud-cuando-empezar-a-preocuparnos\/#respond"]}]},{"@type":"WebPage","@id":"https:\/\/realidadturistica.com\/realtur\/de-que-manera-unos-kilos-de-mas-pueden-pasar-factura-a-nuestra-salud-cuando-empezar-a-preocuparnos\/","url":"https:\/\/realidadturistica.com\/realtur\/de-que-manera-unos-kilos-de-mas-pueden-pasar-factura-a-nuestra-salud-cuando-empezar-a-preocuparnos\/","name":"De qu\u00e9 manera unos kilos de m\u00e1s pueden pasar factura a nuestra salud: \u00bfcu\u00e1ndo empezar a preocuparnos? - Realidad Tur\u00edstica","isPartOf":{"@id":"https:\/\/realidadturistica.com\/realtur\/#website"},"primaryImageOfPage":{"@id":"https:\/\/realidadturistica.com\/realtur\/de-que-manera-unos-kilos-de-mas-pueden-pasar-factura-a-nuestra-salud-cuando-empezar-a-preocuparnos\/#primaryimage"},"image":{"@id":"https:\/\/realidadturistica.com\/realtur\/de-que-manera-unos-kilos-de-mas-pueden-pasar-factura-a-nuestra-salud-cuando-empezar-a-preocuparnos\/#primaryimage"},"thumbnailUrl":"https:\/\/realidadturistica.com\/realtur\/wp-content\/uploads\/2024\/12\/De-que-manera.jpg","datePublished":"2024-12-07T12:47:26+00:00","dateModified":"2024-12-07T12:47:30+00:00","breadcrumb":{"@id":"https:\/\/realidadturistica.com\/realtur\/de-que-manera-unos-kilos-de-mas-pueden-pasar-factura-a-nuestra-salud-cuando-empezar-a-preocuparnos\/#breadcrumb"},"inLanguage":"es","potentialAction":[{"@type":"ReadAction","target":["https:\/\/realidadturistica.com\/realtur\/de-que-manera-unos-kilos-de-mas-pueden-pasar-factura-a-nuestra-salud-cuando-empezar-a-preocuparnos\/"]}]},{"@type":"ImageObject","inLanguage":"es","@id":"https:\/\/realidadturistica.com\/realtur\/de-que-manera-unos-kilos-de-mas-pueden-pasar-factura-a-nuestra-salud-cuando-empezar-a-preocuparnos\/#primaryimage","url":"https:\/\/realidadturistica.com\/realtur\/wp-content\/uploads\/2024\/12\/De-que-manera.jpg","contentUrl":"https:\/\/realidadturistica.com\/realtur\/wp-content\/uploads\/2024\/12\/De-que-manera.jpg","width":1326,"height":878},{"@type":"BreadcrumbList","@id":"https:\/\/realidadturistica.com\/realtur\/de-que-manera-unos-kilos-de-mas-pueden-pasar-factura-a-nuestra-salud-cuando-empezar-a-preocuparnos\/#breadcrumb","itemListElement":[{"@type":"ListItem","position":1,"name":"Portada","item":"https:\/\/realidadturistica.com\/realtur\/"},{"@type":"ListItem","position":2,"name":"De qu\u00e9 manera unos kilos de m\u00e1s pueden pasar factura a nuestra salud: \u00bfcu\u00e1ndo empezar a preocuparnos?"}]},{"@type":"WebSite","@id":"https:\/\/realidadturistica.com\/realtur\/#website","url":"https:\/\/realidadturistica.com\/realtur\/","name":"Realidad Tur\u00edstica","description":"","publisher":{"@id":"https:\/\/realidadturistica.com\/realtur\/#organization"},"potentialAction":[{"@type":"SearchAction","target":{"@type":"EntryPoint","urlTemplate":"https:\/\/realidadturistica.com\/realtur\/?s={search_term_string}"},"query-input":{"@type":"PropertyValueSpecification","valueRequired":true,"valueName":"search_term_string"}}],"inLanguage":"es"},{"@type":"Organization","@id":"https:\/\/realidadturistica.com\/realtur\/#organization","name":"Realidad Tur\u00edstica","url":"https:\/\/realidadturistica.com\/realtur\/","logo":{"@type":"ImageObject","inLanguage":"es","@id":"https:\/\/realidadturistica.com\/realtur\/#\/schema\/logo\/image\/","url":"https:\/\/realidadturistica.com\/realtur\/wp-content\/uploads\/2021\/12\/logotipo-realidad-turistica.png","contentUrl":"https:\/\/realidadturistica.com\/realtur\/wp-content\/uploads\/2021\/12\/logotipo-realidad-turistica.png","width":1382,"height":629,"caption":"Realidad Tur\u00edstica"},"image":{"@id":"https:\/\/realidadturistica.com\/realtur\/#\/schema\/logo\/image\/"},"sameAs":["https:\/\/www.facebook.com\/realidadturistica","https:\/\/www.instagram.com\/realidad_turistica\/"]},{"@type":"Person","@id":"https:\/\/realidadturistica.com\/realtur\/#\/schema\/person\/ade671191202490fcf08ab21590de73e","name":"Editor","image":{"@type":"ImageObject","inLanguage":"es","@id":"https:\/\/realidadturistica.com\/realtur\/wp-content\/uploads\/2023\/09\/Editor_avatar_1693668634-96x96.png","url":"https:\/\/realidadturistica.com\/realtur\/wp-content\/uploads\/2023\/09\/Editor_avatar_1693668634-96x96.png","contentUrl":"https:\/\/realidadturistica.com\/realtur\/wp-content\/uploads\/2023\/09\/Editor_avatar_1693668634-96x96.png","caption":"Editor"},"sameAs":["https:\/\/realidadturistica.com\/realtur"],"url":"https:\/\/realidadturistica.com\/realtur\/author\/editor2\/"}]}},"_links":{"self":[{"href":"https:\/\/realidadturistica.com\/realtur\/wp-json\/wp\/v2\/posts\/8708","targetHints":{"allow":["GET"]}}],"collection":[{"href":"https:\/\/realidadturistica.com\/realtur\/wp-json\/wp\/v2\/posts"}],"about":[{"href":"https:\/\/realidadturistica.com\/realtur\/wp-json\/wp\/v2\/types\/post"}],"author":[{"embeddable":true,"href":"https:\/\/realidadturistica.com\/realtur\/wp-json\/wp\/v2\/users\/2"}],"replies":[{"embeddable":true,"href":"https:\/\/realidadturistica.com\/realtur\/wp-json\/wp\/v2\/comments?post=8708"}],"version-history":[{"count":1,"href":"https:\/\/realidadturistica.com\/realtur\/wp-json\/wp\/v2\/posts\/8708\/revisions"}],"predecessor-version":[{"id":8710,"href":"https:\/\/realidadturistica.com\/realtur\/wp-json\/wp\/v2\/posts\/8708\/revisions\/8710"}],"wp:featuredmedia":[{"embeddable":true,"href":"https:\/\/realidadturistica.com\/realtur\/wp-json\/wp\/v2\/media\/8709"}],"wp:attachment":[{"href":"https:\/\/realidadturistica.com\/realtur\/wp-json\/wp\/v2\/media?parent=8708"}],"wp:term":[{"taxonomy":"category","embeddable":true,"href":"https:\/\/realidadturistica.com\/realtur\/wp-json\/wp\/v2\/categories?post=8708"},{"taxonomy":"post_tag","embeddable":true,"href":"https:\/\/realidadturistica.com\/realtur\/wp-json\/wp\/v2\/tags?post=8708"}],"curies":[{"name":"wp","href":"https:\/\/api.w.org\/{rel}","templated":true}]}}