{"id":8716,"date":"2024-12-08T14:33:17","date_gmt":"2024-12-08T14:33:17","guid":{"rendered":"https:\/\/realidadturistica.com\/realtur\/?p=8716"},"modified":"2024-12-08T14:33:19","modified_gmt":"2024-12-08T14:33:19","slug":"globalia-anuncia-una-ampliacion-de-capital-para-air-europa-y-da-a-iag-hasta-el-13-de-diciembre-para-participar","status":"publish","type":"post","link":"https:\/\/realidadturistica.com\/realtur\/globalia-anuncia-una-ampliacion-de-capital-para-air-europa-y-da-a-iag-hasta-el-13-de-diciembre-para-participar\/","title":{"rendered":"Globalia anuncia una ampliaci\u00f3n de capital para Air Europa y da a IAG hasta el 13 de diciembre para participar"},"content":{"rendered":"\n<p class=\"wp-block-yoast-seo-estimated-reading-time yoast-reading-time__wrapper\"><span class=\"yoast-reading-time__icon\"><svg aria-hidden=\"true\" focusable=\"false\" data-icon=\"clock\" width=\"20\" height=\"20\" fill=\"none\" stroke=\"currentColor\" style=\"display:inline-block;vertical-align:-0.1em\" role=\"img\" xmlns=\"http:\/\/www.w3.org\/2000\/svg\" viewBox=\"0 0 24 24\"><path stroke-linecap=\"round\" stroke-linejoin=\"round\" stroke-width=\"2\" d=\"M12 8v4l3 3m6-3a9 9 0 11-18 0 9 9 0 0118 0z\"><\/path><\/svg><\/span><span class=\"yoast-reading-time__spacer\" style=\"display:inline-block;width:1em\"><\/span><span class=\"yoast-reading-time__descriptive-text\">Estimated reading time: <\/span><span class=\"yoast-reading-time__reading-time\">2<\/span><span class=\"yoast-reading-time__time-unit\"> minutos<\/span><\/p>\n\n\n\n<p>Globalia ha anunciado una ampliaci\u00f3n de capital para Air Europa por valor de 65 millones de euros. El conglomerado tur\u00edstico, propietario de la aerol\u00ednea en un 80%, ha dado a IAG, poseedora del 20% restante, hasta el d\u00eda 13 de diciembre para sumarse.<\/p>\n\n\n\n<p>De acuerdo con la compa\u00f1\u00eda balear, esta ampliaci\u00f3n ser\u00eda suficiente para completar el cierre del presente ejercicio. El objetivo de esta ampliaci\u00f3n de capital es fortalecerse y poder continuar con sus planes de expansi\u00f3n a largo plazo y cumplir con sus compromisos. Adem\u00e1s, la operaci\u00f3n evitar\u00eda que Air Europa entre en causa de disoluci\u00f3n el a\u00f1o que viene debido a las p\u00e9rdidas que viene acumulando desde la pandemia, seg\u00fan la informaci\u00f3n de El Economista.<\/p>\n\n\n\n<p>\u201cCon esta ampliaci\u00f3n de capital, estamos en disposici\u00f3n de mirar con m\u00e1s seguridad el horizonte de un mercado inestable en el que estamos convencidos que seguir\u00e1 habiendo un margen de crecimiento\u201d, ha asegurado el presidente de Globalia, Juan Jos\u00e9 Hidalgo.<\/p>\n\n\n\n<p>Por su parte, Luis Gallego, consejero delegado de IAG, ha anunciado que desde el holding hispano-brit\u00e1nico iban a estudiar su participaci\u00f3n en esta ampliaci\u00f3n de capital, pero por el momento no han tomado ninguna decisi\u00f3n en firme.<\/p>\n\n\n\n<p>Tourinews.<\/p>\n","protected":false},"excerpt":{"rendered":"<p>Globalia ha anunciado una ampliaci\u00f3n de capital para Air Europa por valor de 65 millones de euros. El conglomerado tur\u00edstico, propietario de la aerol\u00ednea en&hellip;<\/p>\n","protected":false},"author":2,"featured_media":8717,"comment_status":"open","ping_status":"closed","sticky":false,"template":"","format":"standard","meta":{"content-type":"","_lmt_disableupdate":"","_lmt_disable":"","footnotes":""},"categories":[2],"tags":[],"class_list":["post-8716","post","type-post","status-publish","format-standard","has-post-thumbnail","hentry","category-aerolineas"],"yoast_head":"<!-- This site is optimized with the Yoast SEO Premium plugin v27.4 (Yoast SEO v27.5) - https:\/\/yoast.com\/product\/yoast-seo-premium-wordpress\/ -->\n<title>Globalia anuncia una ampliaci\u00f3n de capital para Air Europa y da a IAG hasta el 13 de diciembre para participar - Realidad Tur\u00edstica<\/title>\n<meta name=\"robots\" content=\"index, follow, max-snippet:-1, max-image-preview:large, max-video-preview:-1\" \/>\n<link rel=\"canonical\" href=\"https:\/\/realidadturistica.com\/realtur\/globalia-anuncia-una-ampliacion-de-capital-para-air-europa-y-da-a-iag-hasta-el-13-de-diciembre-para-participar\/\" \/>\n<meta property=\"og:locale\" content=\"es_ES\" \/>\n<meta property=\"og:type\" content=\"article\" \/>\n<meta property=\"og:title\" content=\"Globalia anuncia una ampliaci\u00f3n de capital para Air Europa y da a IAG hasta el 13 de diciembre para participar\" \/>\n<meta property=\"og:description\" content=\"Globalia ha anunciado una ampliaci\u00f3n de capital para Air Europa por valor de 65 millones de euros. El conglomerado tur\u00edstico, propietario de la aerol\u00ednea en&hellip;\" \/>\n<meta property=\"og:url\" content=\"https:\/\/realidadturistica.com\/realtur\/globalia-anuncia-una-ampliacion-de-capital-para-air-europa-y-da-a-iag-hasta-el-13-de-diciembre-para-participar\/\" \/>\n<meta property=\"og:site_name\" content=\"Realidad Tur\u00edstica\" \/>\n<meta property=\"article:publisher\" content=\"https:\/\/www.facebook.com\/realidadturistica\" \/>\n<meta property=\"article:published_time\" content=\"2024-12-08T14:33:17+00:00\" \/>\n<meta property=\"article:modified_time\" content=\"2024-12-08T14:33:19+00:00\" \/>\n<meta property=\"og:image\" content=\"https:\/\/realidadturistica.com\/realtur\/wp-content\/uploads\/2024\/12\/575567_4_732x400.jpeg\" \/>\n\t<meta property=\"og:image:width\" content=\"732\" \/>\n\t<meta property=\"og:image:height\" content=\"400\" \/>\n\t<meta property=\"og:image:type\" content=\"image\/jpeg\" \/>\n<meta name=\"author\" content=\"Editor\" \/>\n<meta name=\"twitter:card\" content=\"summary_large_image\" \/>\n<meta name=\"twitter:label1\" content=\"Escrito por\" \/>\n\t<meta name=\"twitter:data1\" content=\"Editor\" \/>\n\t<meta name=\"twitter:label2\" content=\"Tiempo de lectura\" \/>\n\t<meta name=\"twitter:data2\" content=\"2 minutos\" \/>\n<script type=\"application\/ld+json\" class=\"yoast-schema-graph\">{\"@context\":\"https:\\\/\\\/schema.org\",\"@graph\":[{\"@type\":\"Article\",\"@id\":\"https:\\\/\\\/realidadturistica.com\\\/realtur\\\/globalia-anuncia-una-ampliacion-de-capital-para-air-europa-y-da-a-iag-hasta-el-13-de-diciembre-para-participar\\\/#article\",\"isPartOf\":{\"@id\":\"https:\\\/\\\/realidadturistica.com\\\/realtur\\\/globalia-anuncia-una-ampliacion-de-capital-para-air-europa-y-da-a-iag-hasta-el-13-de-diciembre-para-participar\\\/\"},\"author\":{\"name\":\"Editor\",\"@id\":\"https:\\\/\\\/realidadturistica.com\\\/realtur\\\/#\\\/schema\\\/person\\\/ade671191202490fcf08ab21590de73e\"},\"headline\":\"Globalia anuncia una ampliaci\u00f3n de capital para Air Europa y da a IAG hasta el 13 de diciembre para participar\",\"datePublished\":\"2024-12-08T14:33:17+00:00\",\"dateModified\":\"2024-12-08T14:33:19+00:00\",\"mainEntityOfPage\":{\"@id\":\"https:\\\/\\\/realidadturistica.com\\\/realtur\\\/globalia-anuncia-una-ampliacion-de-capital-para-air-europa-y-da-a-iag-hasta-el-13-de-diciembre-para-participar\\\/\"},\"wordCount\":239,\"commentCount\":0,\"publisher\":{\"@id\":\"https:\\\/\\\/realidadturistica.com\\\/realtur\\\/#organization\"},\"image\":{\"@id\":\"https:\\\/\\\/realidadturistica.com\\\/realtur\\\/globalia-anuncia-una-ampliacion-de-capital-para-air-europa-y-da-a-iag-hasta-el-13-de-diciembre-para-participar\\\/#primaryimage\"},\"thumbnailUrl\":\"https:\\\/\\\/realidadturistica.com\\\/realtur\\\/wp-content\\\/uploads\\\/2024\\\/12\\\/575567_4_732x400.jpeg\",\"articleSection\":[\"Volar con pasi\u00f3n\"],\"inLanguage\":\"es\",\"potentialAction\":[{\"@type\":\"CommentAction\",\"name\":\"Comment\",\"target\":[\"https:\\\/\\\/realidadturistica.com\\\/realtur\\\/globalia-anuncia-una-ampliacion-de-capital-para-air-europa-y-da-a-iag-hasta-el-13-de-diciembre-para-participar\\\/#respond\"]}]},{\"@type\":\"WebPage\",\"@id\":\"https:\\\/\\\/realidadturistica.com\\\/realtur\\\/globalia-anuncia-una-ampliacion-de-capital-para-air-europa-y-da-a-iag-hasta-el-13-de-diciembre-para-participar\\\/\",\"url\":\"https:\\\/\\\/realidadturistica.com\\\/realtur\\\/globalia-anuncia-una-ampliacion-de-capital-para-air-europa-y-da-a-iag-hasta-el-13-de-diciembre-para-participar\\\/\",\"name\":\"Globalia anuncia una ampliaci\u00f3n de capital para Air Europa y da a IAG hasta el 13 de diciembre para participar - Realidad Tur\u00edstica\",\"isPartOf\":{\"@id\":\"https:\\\/\\\/realidadturistica.com\\\/realtur\\\/#website\"},\"primaryImageOfPage\":{\"@id\":\"https:\\\/\\\/realidadturistica.com\\\/realtur\\\/globalia-anuncia-una-ampliacion-de-capital-para-air-europa-y-da-a-iag-hasta-el-13-de-diciembre-para-participar\\\/#primaryimage\"},\"image\":{\"@id\":\"https:\\\/\\\/realidadturistica.com\\\/realtur\\\/globalia-anuncia-una-ampliacion-de-capital-para-air-europa-y-da-a-iag-hasta-el-13-de-diciembre-para-participar\\\/#primaryimage\"},\"thumbnailUrl\":\"https:\\\/\\\/realidadturistica.com\\\/realtur\\\/wp-content\\\/uploads\\\/2024\\\/12\\\/575567_4_732x400.jpeg\",\"datePublished\":\"2024-12-08T14:33:17+00:00\",\"dateModified\":\"2024-12-08T14:33:19+00:00\",\"breadcrumb\":{\"@id\":\"https:\\\/\\\/realidadturistica.com\\\/realtur\\\/globalia-anuncia-una-ampliacion-de-capital-para-air-europa-y-da-a-iag-hasta-el-13-de-diciembre-para-participar\\\/#breadcrumb\"},\"inLanguage\":\"es\",\"potentialAction\":[{\"@type\":\"ReadAction\",\"target\":[\"https:\\\/\\\/realidadturistica.com\\\/realtur\\\/globalia-anuncia-una-ampliacion-de-capital-para-air-europa-y-da-a-iag-hasta-el-13-de-diciembre-para-participar\\\/\"]}]},{\"@type\":\"ImageObject\",\"inLanguage\":\"es\",\"@id\":\"https:\\\/\\\/realidadturistica.com\\\/realtur\\\/globalia-anuncia-una-ampliacion-de-capital-para-air-europa-y-da-a-iag-hasta-el-13-de-diciembre-para-participar\\\/#primaryimage\",\"url\":\"https:\\\/\\\/realidadturistica.com\\\/realtur\\\/wp-content\\\/uploads\\\/2024\\\/12\\\/575567_4_732x400.jpeg\",\"contentUrl\":\"https:\\\/\\\/realidadturistica.com\\\/realtur\\\/wp-content\\\/uploads\\\/2024\\\/12\\\/575567_4_732x400.jpeg\",\"width\":732,\"height\":400},{\"@type\":\"BreadcrumbList\",\"@id\":\"https:\\\/\\\/realidadturistica.com\\\/realtur\\\/globalia-anuncia-una-ampliacion-de-capital-para-air-europa-y-da-a-iag-hasta-el-13-de-diciembre-para-participar\\\/#breadcrumb\",\"itemListElement\":[{\"@type\":\"ListItem\",\"position\":1,\"name\":\"Portada\",\"item\":\"https:\\\/\\\/realidadturistica.com\\\/realtur\\\/\"},{\"@type\":\"ListItem\",\"position\":2,\"name\":\"Globalia anuncia una ampliaci\u00f3n de capital para Air Europa y da a IAG hasta el 13 de diciembre para participar\"}]},{\"@type\":\"WebSite\",\"@id\":\"https:\\\/\\\/realidadturistica.com\\\/realtur\\\/#website\",\"url\":\"https:\\\/\\\/realidadturistica.com\\\/realtur\\\/\",\"name\":\"Realidad Tur\u00edstica\",\"description\":\"\",\"publisher\":{\"@id\":\"https:\\\/\\\/realidadturistica.com\\\/realtur\\\/#organization\"},\"potentialAction\":[{\"@type\":\"SearchAction\",\"target\":{\"@type\":\"EntryPoint\",\"urlTemplate\":\"https:\\\/\\\/realidadturistica.com\\\/realtur\\\/?s={search_term_string}\"},\"query-input\":{\"@type\":\"PropertyValueSpecification\",\"valueRequired\":true,\"valueName\":\"search_term_string\"}}],\"inLanguage\":\"es\"},{\"@type\":\"Organization\",\"@id\":\"https:\\\/\\\/realidadturistica.com\\\/realtur\\\/#organization\",\"name\":\"Realidad Tur\u00edstica\",\"url\":\"https:\\\/\\\/realidadturistica.com\\\/realtur\\\/\",\"logo\":{\"@type\":\"ImageObject\",\"inLanguage\":\"es\",\"@id\":\"https:\\\/\\\/realidadturistica.com\\\/realtur\\\/#\\\/schema\\\/logo\\\/image\\\/\",\"url\":\"https:\\\/\\\/realidadturistica.com\\\/realtur\\\/wp-content\\\/uploads\\\/2021\\\/12\\\/logotipo-realidad-turistica.png\",\"contentUrl\":\"https:\\\/\\\/realidadturistica.com\\\/realtur\\\/wp-content\\\/uploads\\\/2021\\\/12\\\/logotipo-realidad-turistica.png\",\"width\":1382,\"height\":629,\"caption\":\"Realidad Tur\u00edstica\"},\"image\":{\"@id\":\"https:\\\/\\\/realidadturistica.com\\\/realtur\\\/#\\\/schema\\\/logo\\\/image\\\/\"},\"sameAs\":[\"https:\\\/\\\/www.facebook.com\\\/realidadturistica\",\"https:\\\/\\\/www.instagram.com\\\/realidad_turistica\\\/\"]},{\"@type\":\"Person\",\"@id\":\"https:\\\/\\\/realidadturistica.com\\\/realtur\\\/#\\\/schema\\\/person\\\/ade671191202490fcf08ab21590de73e\",\"name\":\"Editor\",\"image\":{\"@type\":\"ImageObject\",\"inLanguage\":\"es\",\"@id\":\"https:\\\/\\\/realidadturistica.com\\\/realtur\\\/wp-content\\\/uploads\\\/2023\\\/09\\\/Editor_avatar_1693668634-96x96.png\",\"url\":\"https:\\\/\\\/realidadturistica.com\\\/realtur\\\/wp-content\\\/uploads\\\/2023\\\/09\\\/Editor_avatar_1693668634-96x96.png\",\"contentUrl\":\"https:\\\/\\\/realidadturistica.com\\\/realtur\\\/wp-content\\\/uploads\\\/2023\\\/09\\\/Editor_avatar_1693668634-96x96.png\",\"caption\":\"Editor\"},\"sameAs\":[\"https:\\\/\\\/realidadturistica.com\\\/realtur\"],\"url\":\"https:\\\/\\\/realidadturistica.com\\\/realtur\\\/author\\\/editor2\\\/\"}]}<\/script>\n<!-- \/ Yoast SEO Premium plugin. -->","yoast_head_json":{"title":"Globalia anuncia una ampliaci\u00f3n de capital para Air Europa y da a IAG hasta el 13 de diciembre para participar - Realidad Tur\u00edstica","robots":{"index":"index","follow":"follow","max-snippet":"max-snippet:-1","max-image-preview":"max-image-preview:large","max-video-preview":"max-video-preview:-1"},"canonical":"https:\/\/realidadturistica.com\/realtur\/globalia-anuncia-una-ampliacion-de-capital-para-air-europa-y-da-a-iag-hasta-el-13-de-diciembre-para-participar\/","og_locale":"es_ES","og_type":"article","og_title":"Globalia anuncia una ampliaci\u00f3n de capital para Air Europa y da a IAG hasta el 13 de diciembre para participar","og_description":"Globalia ha anunciado una ampliaci\u00f3n de capital para Air Europa por valor de 65 millones de euros. El conglomerado tur\u00edstico, propietario de la aerol\u00ednea en&hellip;","og_url":"https:\/\/realidadturistica.com\/realtur\/globalia-anuncia-una-ampliacion-de-capital-para-air-europa-y-da-a-iag-hasta-el-13-de-diciembre-para-participar\/","og_site_name":"Realidad Tur\u00edstica","article_publisher":"https:\/\/www.facebook.com\/realidadturistica","article_published_time":"2024-12-08T14:33:17+00:00","article_modified_time":"2024-12-08T14:33:19+00:00","og_image":[{"width":732,"height":400,"url":"https:\/\/realidadturistica.com\/realtur\/wp-content\/uploads\/2024\/12\/575567_4_732x400.jpeg","type":"image\/jpeg"}],"author":"Editor","twitter_card":"summary_large_image","twitter_misc":{"Escrito por":"Editor","Tiempo de lectura":"2 minutos"},"schema":{"@context":"https:\/\/schema.org","@graph":[{"@type":"Article","@id":"https:\/\/realidadturistica.com\/realtur\/globalia-anuncia-una-ampliacion-de-capital-para-air-europa-y-da-a-iag-hasta-el-13-de-diciembre-para-participar\/#article","isPartOf":{"@id":"https:\/\/realidadturistica.com\/realtur\/globalia-anuncia-una-ampliacion-de-capital-para-air-europa-y-da-a-iag-hasta-el-13-de-diciembre-para-participar\/"},"author":{"name":"Editor","@id":"https:\/\/realidadturistica.com\/realtur\/#\/schema\/person\/ade671191202490fcf08ab21590de73e"},"headline":"Globalia anuncia una ampliaci\u00f3n de capital para Air Europa y da a IAG hasta el 13 de diciembre para participar","datePublished":"2024-12-08T14:33:17+00:00","dateModified":"2024-12-08T14:33:19+00:00","mainEntityOfPage":{"@id":"https:\/\/realidadturistica.com\/realtur\/globalia-anuncia-una-ampliacion-de-capital-para-air-europa-y-da-a-iag-hasta-el-13-de-diciembre-para-participar\/"},"wordCount":239,"commentCount":0,"publisher":{"@id":"https:\/\/realidadturistica.com\/realtur\/#organization"},"image":{"@id":"https:\/\/realidadturistica.com\/realtur\/globalia-anuncia-una-ampliacion-de-capital-para-air-europa-y-da-a-iag-hasta-el-13-de-diciembre-para-participar\/#primaryimage"},"thumbnailUrl":"https:\/\/realidadturistica.com\/realtur\/wp-content\/uploads\/2024\/12\/575567_4_732x400.jpeg","articleSection":["Volar con pasi\u00f3n"],"inLanguage":"es","potentialAction":[{"@type":"CommentAction","name":"Comment","target":["https:\/\/realidadturistica.com\/realtur\/globalia-anuncia-una-ampliacion-de-capital-para-air-europa-y-da-a-iag-hasta-el-13-de-diciembre-para-participar\/#respond"]}]},{"@type":"WebPage","@id":"https:\/\/realidadturistica.com\/realtur\/globalia-anuncia-una-ampliacion-de-capital-para-air-europa-y-da-a-iag-hasta-el-13-de-diciembre-para-participar\/","url":"https:\/\/realidadturistica.com\/realtur\/globalia-anuncia-una-ampliacion-de-capital-para-air-europa-y-da-a-iag-hasta-el-13-de-diciembre-para-participar\/","name":"Globalia anuncia una ampliaci\u00f3n de capital para Air Europa y da a IAG hasta el 13 de diciembre para participar - Realidad Tur\u00edstica","isPartOf":{"@id":"https:\/\/realidadturistica.com\/realtur\/#website"},"primaryImageOfPage":{"@id":"https:\/\/realidadturistica.com\/realtur\/globalia-anuncia-una-ampliacion-de-capital-para-air-europa-y-da-a-iag-hasta-el-13-de-diciembre-para-participar\/#primaryimage"},"image":{"@id":"https:\/\/realidadturistica.com\/realtur\/globalia-anuncia-una-ampliacion-de-capital-para-air-europa-y-da-a-iag-hasta-el-13-de-diciembre-para-participar\/#primaryimage"},"thumbnailUrl":"https:\/\/realidadturistica.com\/realtur\/wp-content\/uploads\/2024\/12\/575567_4_732x400.jpeg","datePublished":"2024-12-08T14:33:17+00:00","dateModified":"2024-12-08T14:33:19+00:00","breadcrumb":{"@id":"https:\/\/realidadturistica.com\/realtur\/globalia-anuncia-una-ampliacion-de-capital-para-air-europa-y-da-a-iag-hasta-el-13-de-diciembre-para-participar\/#breadcrumb"},"inLanguage":"es","potentialAction":[{"@type":"ReadAction","target":["https:\/\/realidadturistica.com\/realtur\/globalia-anuncia-una-ampliacion-de-capital-para-air-europa-y-da-a-iag-hasta-el-13-de-diciembre-para-participar\/"]}]},{"@type":"ImageObject","inLanguage":"es","@id":"https:\/\/realidadturistica.com\/realtur\/globalia-anuncia-una-ampliacion-de-capital-para-air-europa-y-da-a-iag-hasta-el-13-de-diciembre-para-participar\/#primaryimage","url":"https:\/\/realidadturistica.com\/realtur\/wp-content\/uploads\/2024\/12\/575567_4_732x400.jpeg","contentUrl":"https:\/\/realidadturistica.com\/realtur\/wp-content\/uploads\/2024\/12\/575567_4_732x400.jpeg","width":732,"height":400},{"@type":"BreadcrumbList","@id":"https:\/\/realidadturistica.com\/realtur\/globalia-anuncia-una-ampliacion-de-capital-para-air-europa-y-da-a-iag-hasta-el-13-de-diciembre-para-participar\/#breadcrumb","itemListElement":[{"@type":"ListItem","position":1,"name":"Portada","item":"https:\/\/realidadturistica.com\/realtur\/"},{"@type":"ListItem","position":2,"name":"Globalia anuncia una ampliaci\u00f3n de capital para Air Europa y da a IAG hasta el 13 de diciembre para participar"}]},{"@type":"WebSite","@id":"https:\/\/realidadturistica.com\/realtur\/#website","url":"https:\/\/realidadturistica.com\/realtur\/","name":"Realidad Tur\u00edstica","description":"","publisher":{"@id":"https:\/\/realidadturistica.com\/realtur\/#organization"},"potentialAction":[{"@type":"SearchAction","target":{"@type":"EntryPoint","urlTemplate":"https:\/\/realidadturistica.com\/realtur\/?s={search_term_string}"},"query-input":{"@type":"PropertyValueSpecification","valueRequired":true,"valueName":"search_term_string"}}],"inLanguage":"es"},{"@type":"Organization","@id":"https:\/\/realidadturistica.com\/realtur\/#organization","name":"Realidad Tur\u00edstica","url":"https:\/\/realidadturistica.com\/realtur\/","logo":{"@type":"ImageObject","inLanguage":"es","@id":"https:\/\/realidadturistica.com\/realtur\/#\/schema\/logo\/image\/","url":"https:\/\/realidadturistica.com\/realtur\/wp-content\/uploads\/2021\/12\/logotipo-realidad-turistica.png","contentUrl":"https:\/\/realidadturistica.com\/realtur\/wp-content\/uploads\/2021\/12\/logotipo-realidad-turistica.png","width":1382,"height":629,"caption":"Realidad Tur\u00edstica"},"image":{"@id":"https:\/\/realidadturistica.com\/realtur\/#\/schema\/logo\/image\/"},"sameAs":["https:\/\/www.facebook.com\/realidadturistica","https:\/\/www.instagram.com\/realidad_turistica\/"]},{"@type":"Person","@id":"https:\/\/realidadturistica.com\/realtur\/#\/schema\/person\/ade671191202490fcf08ab21590de73e","name":"Editor","image":{"@type":"ImageObject","inLanguage":"es","@id":"https:\/\/realidadturistica.com\/realtur\/wp-content\/uploads\/2023\/09\/Editor_avatar_1693668634-96x96.png","url":"https:\/\/realidadturistica.com\/realtur\/wp-content\/uploads\/2023\/09\/Editor_avatar_1693668634-96x96.png","contentUrl":"https:\/\/realidadturistica.com\/realtur\/wp-content\/uploads\/2023\/09\/Editor_avatar_1693668634-96x96.png","caption":"Editor"},"sameAs":["https:\/\/realidadturistica.com\/realtur"],"url":"https:\/\/realidadturistica.com\/realtur\/author\/editor2\/"}]}},"_links":{"self":[{"href":"https:\/\/realidadturistica.com\/realtur\/wp-json\/wp\/v2\/posts\/8716","targetHints":{"allow":["GET"]}}],"collection":[{"href":"https:\/\/realidadturistica.com\/realtur\/wp-json\/wp\/v2\/posts"}],"about":[{"href":"https:\/\/realidadturistica.com\/realtur\/wp-json\/wp\/v2\/types\/post"}],"author":[{"embeddable":true,"href":"https:\/\/realidadturistica.com\/realtur\/wp-json\/wp\/v2\/users\/2"}],"replies":[{"embeddable":true,"href":"https:\/\/realidadturistica.com\/realtur\/wp-json\/wp\/v2\/comments?post=8716"}],"version-history":[{"count":1,"href":"https:\/\/realidadturistica.com\/realtur\/wp-json\/wp\/v2\/posts\/8716\/revisions"}],"predecessor-version":[{"id":8718,"href":"https:\/\/realidadturistica.com\/realtur\/wp-json\/wp\/v2\/posts\/8716\/revisions\/8718"}],"wp:featuredmedia":[{"embeddable":true,"href":"https:\/\/realidadturistica.com\/realtur\/wp-json\/wp\/v2\/media\/8717"}],"wp:attachment":[{"href":"https:\/\/realidadturistica.com\/realtur\/wp-json\/wp\/v2\/media?parent=8716"}],"wp:term":[{"taxonomy":"category","embeddable":true,"href":"https:\/\/realidadturistica.com\/realtur\/wp-json\/wp\/v2\/categories?post=8716"},{"taxonomy":"post_tag","embeddable":true,"href":"https:\/\/realidadturistica.com\/realtur\/wp-json\/wp\/v2\/tags?post=8716"}],"curies":[{"name":"wp","href":"https:\/\/api.w.org\/{rel}","templated":true}]}}