{"id":8726,"date":"2024-12-09T08:57:00","date_gmt":"2024-12-09T08:57:00","guid":{"rendered":"https:\/\/realidadturistica.com\/realtur\/?p=8726"},"modified":"2024-12-09T08:57:01","modified_gmt":"2024-12-09T08:57:01","slug":"francia-descubre-al-mundo-una-notre-dame-deslumbrante-antes-de-su-reapertura-en-diciembre","status":"publish","type":"post","link":"https:\/\/realidadturistica.com\/realtur\/francia-descubre-al-mundo-una-notre-dame-deslumbrante-antes-de-su-reapertura-en-diciembre\/","title":{"rendered":"Francia descubre al mundo una Notre Dame deslumbrante antes de su reapertura en diciembre"},"content":{"rendered":"\n<p class=\"wp-block-yoast-seo-estimated-reading-time yoast-reading-time__wrapper\"><span class=\"yoast-reading-time__icon\"><svg aria-hidden=\"true\" focusable=\"false\" data-icon=\"clock\" width=\"20\" height=\"20\" fill=\"none\" stroke=\"currentColor\" style=\"display:inline-block;vertical-align:-0.1em\" role=\"img\" xmlns=\"http:\/\/www.w3.org\/2000\/svg\" viewBox=\"0 0 24 24\"><path stroke-linecap=\"round\" stroke-linejoin=\"round\" stroke-width=\"2\" d=\"M12 8v4l3 3m6-3a9 9 0 11-18 0 9 9 0 0118 0z\"><\/path><\/svg><\/span><span class=\"yoast-reading-time__spacer\" style=\"display:inline-block;width:1em\"><\/span><span class=\"yoast-reading-time__descriptive-text\">Estimated reading time: <\/span><span class=\"yoast-reading-time__reading-time\">4<\/span><span class=\"yoast-reading-time__time-unit\"> minutos<\/span><\/p>\n\n\n\n<p>La reconstrucci\u00f3n ha dejado Notre Dame esencialmente fiel a su configuraci\u00f3n precedente, aunque se han hecho modificaciones para elevar los est\u00e1ndares de seguridad<\/p>\n\n\n\n<p>El interior de una Notre Dame de Par\u00eds renovada, luminosa y de muros blanqueados, se desvel\u00f3 este viernes tras cinco a\u00f1os de intensos trabajos para reparar los estragos del incendio del 15 de abril de 2019, a tiempo para volver a abrir sus puertas el 7 y 8 de diciembre.<\/p>\n\n\n\n<p>\u201cLa conmoci\u00f3n de la reapertura ser\u00e1, yo creo, tan fuerte como la del incendio, pero ser\u00e1 una conmoci\u00f3n de esperanza\u201d, dijo el presidente franc\u00e9s, Emmanuel Macron, en un discurso durante su visita final a las obras de reconstrucci\u00f3n este viernes.<\/p>\n\n\n\n<p>Esa cita, en la que Macron estuvo acompa\u00f1ado por su esposa, Brigitte; la alcaldesa de Par\u00eds, Anne Hidalgo; el arzobispo de Par\u00eds, Laurent Ulrich, y otras autoridades, fue la ocasi\u00f3n elegida para ofrecer al mundo un primer vistazo del nuevo aspecto del templo g\u00f3tico, cuya reparaci\u00f3n Francia asumi\u00f3 como una cuesti\u00f3n de Estado.<\/p>\n\n\n\n<p>A Macron le pareci\u00f3 \u201csublime\u201d nada m\u00e1s ingresar al edificio, mientras que la ministra de Cultura, Rachida Dati, se mostr\u00f3 sobre todo impresionada por la nueva claridad de Notre Dame.<\/p>\n\n\n\n<p>A continuaci\u00f3n, las autoridades deambularon en primer lugar por la nave y, despu\u00e9s, por otros rincones de la catedral parisina como el coro, la capilla de San Marcial o el imponente \u00f3rgano.<\/p>\n\n\n\n<p>Aparecieron as\u00ed tanto los nuevos elementos -por ejemplo, una moderna y sobria mesa para el altar-, como las obras de arte originales que se salvaron de la destrucci\u00f3n pr\u00e1cticamente de milagro, en especial la estatua de Nuestra Se\u00f1ora de Par\u00eds (una Virgen Mar\u00eda con el Ni\u00f1o Jes\u00fas en brazos), considerada la m\u00e1s ic\u00f3nica de la catedral.<\/p>\n\n\n\n<p>La reconstrucci\u00f3n ha dejado Notre Dame esencialmente fiel a su configuraci\u00f3n precedente, aunque se han hecho modificaciones para elevar los est\u00e1ndares de seguridad y poder evitar siniestros como el de 2019.<\/p>\n\n\n\n<p>Es el caso del \u2018bosque\u2019, una enorme estructura medieval de madera en el techo que ha tenido que ser reconstruida tras ser consumida por las llamas. Se seleccionaron para ello 1.200 robles de distintos puntos de Francia y para recrearlo se usaron las mismas t\u00e9cnicas que en su levantamiento original.<\/p>\n\n\n\n<p>La emblem\u00e1tica aguja sobre el crucero, que se eleva a 96 metros, tambi\u00e9n es parte de los componentes que se han reconstruido siguiendo el modelo original, pero otros como las vidrieras van a ser actualizadas, no sin pol\u00e9mica, siguiendo c\u00e1nones m\u00e1s contempor\u00e1neos.<\/p>\n\n\n\n<p>En otras zonas, como en la capilla de San Marcial, la restauraci\u00f3n ha permitido recuperar el aut\u00e9ntico colorido de las pinturas y frescos, que se hab\u00edan oscurecido con el tiempo.<\/p>\n\n\n\n<p>Adem\u00e1s, el mobiliario de la nueva Notre Dame incorporar\u00e1 poco a poco piezas creadas expresamente, como los tres tapices encargados al artista espa\u00f1ol Miquel Barcel\u00f3.<\/p>\n\n\n\n<p>La obra m\u00e1s bonita del siglo<\/p>\n\n\n\n<p>La visita tambi\u00e9n fue el momento de agradecer sus esfuerzos a los 2.000 trabajadores del proyecto -entre alba\u00f1iles, arquitectos, carpinteros, talladores y decenas de oficios tradicionales y modernos- y a los mecenas del tit\u00e1nico proyecto.<\/p>\n\n\n\n<p>\u201cHab\u00e9is transformado el carb\u00f3n en arte\u201d, manifest\u00f3 Macron ante algo m\u00e1s de un millar de personas -invitadas para representar tanto a los trabajadores como a los donantes- que este viernes pudieron ingresar tambi\u00e9n a la catedral sonrientes, asombrados y sin dejar de tomar fotos con sus m\u00f3viles.<\/p>\n\n\n\n<p>\u201cNo olviden nunca que han reparado, reinventado y amado este lugar, que lo han reconstruido, que durante 5 a\u00f1os de sus vidas han compartido la obra m\u00e1s bonita del siglo\u201d, agreg\u00f3 el presidente.<\/p>\n\n\n\n<p>Macron tampoco dej\u00f3 de resaltar que, cuando se produjo el incendio, reabrir en 2024 parec\u00eda una meta imposible. Pero gracias a la suma de las voluntades, el esfuerzo y el entusiasmo de todos los implicados se logr\u00f3 cerrar esta \u201cherida nacional\u201d en el plazo marcado.<\/p>\n\n\n\n<p>\u201cEn abril de 2019 -rememor\u00f3- decidimos que iba a durar 5 a\u00f1os. Es verdad que al principio nos dijeron que no ser\u00eda posible, que era una locura, que era arbitrario (&#8230;) Lo hab\u00e9is hecho. Hab\u00e9is logrado algo que parec\u00eda imposible\u201d.<\/p>\n\n\n\n<p>Notre Dame pertenece a los creyentes pero tambi\u00e9n a toda Francia y al mundo entero, subray\u00f3 Macron, y es \u201cm\u00e1s grande que nosotros\u201d. As\u00ed lo demuestra, a su juicio, la ola de solidaridad mundial que sigui\u00f3 al incendio y que se materializ\u00f3 en el apoyo de 340.000 mecenas de medio centenar de pa\u00edses.<\/p>\n\n\n\n<p>El proyecto ha contado con un presupuesto de 700 millones de euros y aunque la gran reinauguraci\u00f3n oficial se realizar\u00e1 el 7 de diciembre -seguida, el d\u00eda 8, de una reapertura al p\u00fablico con una misa por la ma\u00f1ana y otra por la tarde-, las obras en Notre Dame deber\u00e1n continuar hasta 2030.<\/p>\n\n\n\n<p>EFE.<\/p>\n","protected":false},"excerpt":{"rendered":"<p>La reconstrucci\u00f3n ha dejado Notre Dame esencialmente fiel a su configuraci\u00f3n precedente, aunque se han hecho modificaciones para elevar los est\u00e1ndares de seguridad El interior&hellip;<\/p>\n","protected":false},"author":2,"featured_media":8727,"comment_status":"open","ping_status":"closed","sticky":false,"template":"","format":"standard","meta":{"content-type":"","_lmt_disableupdate":"","_lmt_disable":"","footnotes":""},"categories":[58],"tags":[],"class_list":["post-8726","post","type-post","status-publish","format-standard","has-post-thumbnail","hentry","category-culturales"],"yoast_head":"<!-- This site is optimized with the Yoast SEO Premium plugin v27.4 (Yoast SEO v27.5) - https:\/\/yoast.com\/product\/yoast-seo-premium-wordpress\/ -->\n<title>Francia descubre al mundo una Notre Dame deslumbrante antes de su reapertura en diciembre - Realidad Tur\u00edstica<\/title>\n<meta name=\"robots\" content=\"index, follow, max-snippet:-1, max-image-preview:large, max-video-preview:-1\" \/>\n<link rel=\"canonical\" href=\"https:\/\/realidadturistica.com\/realtur\/francia-descubre-al-mundo-una-notre-dame-deslumbrante-antes-de-su-reapertura-en-diciembre\/\" \/>\n<meta property=\"og:locale\" content=\"es_ES\" \/>\n<meta property=\"og:type\" content=\"article\" \/>\n<meta property=\"og:title\" content=\"Francia descubre al mundo una Notre Dame deslumbrante antes de su reapertura en diciembre\" \/>\n<meta property=\"og:description\" content=\"La reconstrucci\u00f3n ha dejado Notre Dame esencialmente fiel a su configuraci\u00f3n precedente, aunque se han hecho modificaciones para elevar los est\u00e1ndares de seguridad El interior&hellip;\" \/>\n<meta property=\"og:url\" content=\"https:\/\/realidadturistica.com\/realtur\/francia-descubre-al-mundo-una-notre-dame-deslumbrante-antes-de-su-reapertura-en-diciembre\/\" \/>\n<meta property=\"og:site_name\" content=\"Realidad Tur\u00edstica\" \/>\n<meta property=\"article:publisher\" content=\"https:\/\/www.facebook.com\/realidadturistica\" \/>\n<meta property=\"article:published_time\" content=\"2024-12-09T08:57:00+00:00\" \/>\n<meta property=\"article:modified_time\" content=\"2024-12-09T08:57:01+00:00\" \/>\n<meta property=\"og:image\" content=\"https:\/\/realidadturistica.com\/realtur\/wp-content\/uploads\/2024\/12\/Francia-descubre-al-mundo-una-Notre-Dame-deslumbrante.jpg\" \/>\n\t<meta property=\"og:image:width\" content=\"700\" \/>\n\t<meta property=\"og:image:height\" content=\"394\" \/>\n\t<meta property=\"og:image:type\" content=\"image\/jpeg\" \/>\n<meta name=\"author\" content=\"Editor\" \/>\n<meta name=\"twitter:card\" content=\"summary_large_image\" \/>\n<meta name=\"twitter:label1\" content=\"Escrito por\" \/>\n\t<meta name=\"twitter:data1\" content=\"Editor\" \/>\n\t<meta name=\"twitter:label2\" content=\"Tiempo de lectura\" \/>\n\t<meta name=\"twitter:data2\" content=\"4 minutos\" \/>\n<script type=\"application\/ld+json\" class=\"yoast-schema-graph\">{\"@context\":\"https:\\\/\\\/schema.org\",\"@graph\":[{\"@type\":\"Article\",\"@id\":\"https:\\\/\\\/realidadturistica.com\\\/realtur\\\/francia-descubre-al-mundo-una-notre-dame-deslumbrante-antes-de-su-reapertura-en-diciembre\\\/#article\",\"isPartOf\":{\"@id\":\"https:\\\/\\\/realidadturistica.com\\\/realtur\\\/francia-descubre-al-mundo-una-notre-dame-deslumbrante-antes-de-su-reapertura-en-diciembre\\\/\"},\"author\":{\"name\":\"Editor\",\"@id\":\"https:\\\/\\\/realidadturistica.com\\\/realtur\\\/#\\\/schema\\\/person\\\/ade671191202490fcf08ab21590de73e\"},\"headline\":\"Francia descubre al mundo una Notre Dame deslumbrante antes de su reapertura en diciembre\",\"datePublished\":\"2024-12-09T08:57:00+00:00\",\"dateModified\":\"2024-12-09T08:57:01+00:00\",\"mainEntityOfPage\":{\"@id\":\"https:\\\/\\\/realidadturistica.com\\\/realtur\\\/francia-descubre-al-mundo-una-notre-dame-deslumbrante-antes-de-su-reapertura-en-diciembre\\\/\"},\"wordCount\":844,\"commentCount\":0,\"publisher\":{\"@id\":\"https:\\\/\\\/realidadturistica.com\\\/realtur\\\/#organization\"},\"image\":{\"@id\":\"https:\\\/\\\/realidadturistica.com\\\/realtur\\\/francia-descubre-al-mundo-una-notre-dame-deslumbrante-antes-de-su-reapertura-en-diciembre\\\/#primaryimage\"},\"thumbnailUrl\":\"https:\\\/\\\/realidadturistica.com\\\/realtur\\\/wp-content\\\/uploads\\\/2024\\\/12\\\/Francia-descubre-al-mundo-una-Notre-Dame-deslumbrante.jpg\",\"articleSection\":[\"Culturales\"],\"inLanguage\":\"es\",\"potentialAction\":[{\"@type\":\"CommentAction\",\"name\":\"Comment\",\"target\":[\"https:\\\/\\\/realidadturistica.com\\\/realtur\\\/francia-descubre-al-mundo-una-notre-dame-deslumbrante-antes-de-su-reapertura-en-diciembre\\\/#respond\"]}]},{\"@type\":\"WebPage\",\"@id\":\"https:\\\/\\\/realidadturistica.com\\\/realtur\\\/francia-descubre-al-mundo-una-notre-dame-deslumbrante-antes-de-su-reapertura-en-diciembre\\\/\",\"url\":\"https:\\\/\\\/realidadturistica.com\\\/realtur\\\/francia-descubre-al-mundo-una-notre-dame-deslumbrante-antes-de-su-reapertura-en-diciembre\\\/\",\"name\":\"Francia descubre al mundo una Notre Dame deslumbrante antes de su reapertura en diciembre - Realidad Tur\u00edstica\",\"isPartOf\":{\"@id\":\"https:\\\/\\\/realidadturistica.com\\\/realtur\\\/#website\"},\"primaryImageOfPage\":{\"@id\":\"https:\\\/\\\/realidadturistica.com\\\/realtur\\\/francia-descubre-al-mundo-una-notre-dame-deslumbrante-antes-de-su-reapertura-en-diciembre\\\/#primaryimage\"},\"image\":{\"@id\":\"https:\\\/\\\/realidadturistica.com\\\/realtur\\\/francia-descubre-al-mundo-una-notre-dame-deslumbrante-antes-de-su-reapertura-en-diciembre\\\/#primaryimage\"},\"thumbnailUrl\":\"https:\\\/\\\/realidadturistica.com\\\/realtur\\\/wp-content\\\/uploads\\\/2024\\\/12\\\/Francia-descubre-al-mundo-una-Notre-Dame-deslumbrante.jpg\",\"datePublished\":\"2024-12-09T08:57:00+00:00\",\"dateModified\":\"2024-12-09T08:57:01+00:00\",\"breadcrumb\":{\"@id\":\"https:\\\/\\\/realidadturistica.com\\\/realtur\\\/francia-descubre-al-mundo-una-notre-dame-deslumbrante-antes-de-su-reapertura-en-diciembre\\\/#breadcrumb\"},\"inLanguage\":\"es\",\"potentialAction\":[{\"@type\":\"ReadAction\",\"target\":[\"https:\\\/\\\/realidadturistica.com\\\/realtur\\\/francia-descubre-al-mundo-una-notre-dame-deslumbrante-antes-de-su-reapertura-en-diciembre\\\/\"]}]},{\"@type\":\"ImageObject\",\"inLanguage\":\"es\",\"@id\":\"https:\\\/\\\/realidadturistica.com\\\/realtur\\\/francia-descubre-al-mundo-una-notre-dame-deslumbrante-antes-de-su-reapertura-en-diciembre\\\/#primaryimage\",\"url\":\"https:\\\/\\\/realidadturistica.com\\\/realtur\\\/wp-content\\\/uploads\\\/2024\\\/12\\\/Francia-descubre-al-mundo-una-Notre-Dame-deslumbrante.jpg\",\"contentUrl\":\"https:\\\/\\\/realidadturistica.com\\\/realtur\\\/wp-content\\\/uploads\\\/2024\\\/12\\\/Francia-descubre-al-mundo-una-Notre-Dame-deslumbrante.jpg\",\"width\":700,\"height\":394},{\"@type\":\"BreadcrumbList\",\"@id\":\"https:\\\/\\\/realidadturistica.com\\\/realtur\\\/francia-descubre-al-mundo-una-notre-dame-deslumbrante-antes-de-su-reapertura-en-diciembre\\\/#breadcrumb\",\"itemListElement\":[{\"@type\":\"ListItem\",\"position\":1,\"name\":\"Portada\",\"item\":\"https:\\\/\\\/realidadturistica.com\\\/realtur\\\/\"},{\"@type\":\"ListItem\",\"position\":2,\"name\":\"Francia descubre al mundo una Notre Dame deslumbrante antes de su reapertura en diciembre\"}]},{\"@type\":\"WebSite\",\"@id\":\"https:\\\/\\\/realidadturistica.com\\\/realtur\\\/#website\",\"url\":\"https:\\\/\\\/realidadturistica.com\\\/realtur\\\/\",\"name\":\"Realidad Tur\u00edstica\",\"description\":\"\",\"publisher\":{\"@id\":\"https:\\\/\\\/realidadturistica.com\\\/realtur\\\/#organization\"},\"potentialAction\":[{\"@type\":\"SearchAction\",\"target\":{\"@type\":\"EntryPoint\",\"urlTemplate\":\"https:\\\/\\\/realidadturistica.com\\\/realtur\\\/?s={search_term_string}\"},\"query-input\":{\"@type\":\"PropertyValueSpecification\",\"valueRequired\":true,\"valueName\":\"search_term_string\"}}],\"inLanguage\":\"es\"},{\"@type\":\"Organization\",\"@id\":\"https:\\\/\\\/realidadturistica.com\\\/realtur\\\/#organization\",\"name\":\"Realidad Tur\u00edstica\",\"url\":\"https:\\\/\\\/realidadturistica.com\\\/realtur\\\/\",\"logo\":{\"@type\":\"ImageObject\",\"inLanguage\":\"es\",\"@id\":\"https:\\\/\\\/realidadturistica.com\\\/realtur\\\/#\\\/schema\\\/logo\\\/image\\\/\",\"url\":\"https:\\\/\\\/realidadturistica.com\\\/realtur\\\/wp-content\\\/uploads\\\/2021\\\/12\\\/logotipo-realidad-turistica.png\",\"contentUrl\":\"https:\\\/\\\/realidadturistica.com\\\/realtur\\\/wp-content\\\/uploads\\\/2021\\\/12\\\/logotipo-realidad-turistica.png\",\"width\":1382,\"height\":629,\"caption\":\"Realidad Tur\u00edstica\"},\"image\":{\"@id\":\"https:\\\/\\\/realidadturistica.com\\\/realtur\\\/#\\\/schema\\\/logo\\\/image\\\/\"},\"sameAs\":[\"https:\\\/\\\/www.facebook.com\\\/realidadturistica\",\"https:\\\/\\\/www.instagram.com\\\/realidad_turistica\\\/\"]},{\"@type\":\"Person\",\"@id\":\"https:\\\/\\\/realidadturistica.com\\\/realtur\\\/#\\\/schema\\\/person\\\/ade671191202490fcf08ab21590de73e\",\"name\":\"Editor\",\"image\":{\"@type\":\"ImageObject\",\"inLanguage\":\"es\",\"@id\":\"https:\\\/\\\/realidadturistica.com\\\/realtur\\\/wp-content\\\/uploads\\\/2023\\\/09\\\/Editor_avatar_1693668634-96x96.png\",\"url\":\"https:\\\/\\\/realidadturistica.com\\\/realtur\\\/wp-content\\\/uploads\\\/2023\\\/09\\\/Editor_avatar_1693668634-96x96.png\",\"contentUrl\":\"https:\\\/\\\/realidadturistica.com\\\/realtur\\\/wp-content\\\/uploads\\\/2023\\\/09\\\/Editor_avatar_1693668634-96x96.png\",\"caption\":\"Editor\"},\"sameAs\":[\"https:\\\/\\\/realidadturistica.com\\\/realtur\"],\"url\":\"https:\\\/\\\/realidadturistica.com\\\/realtur\\\/author\\\/editor2\\\/\"}]}<\/script>\n<!-- \/ Yoast SEO Premium plugin. -->","yoast_head_json":{"title":"Francia descubre al mundo una Notre Dame deslumbrante antes de su reapertura en diciembre - Realidad Tur\u00edstica","robots":{"index":"index","follow":"follow","max-snippet":"max-snippet:-1","max-image-preview":"max-image-preview:large","max-video-preview":"max-video-preview:-1"},"canonical":"https:\/\/realidadturistica.com\/realtur\/francia-descubre-al-mundo-una-notre-dame-deslumbrante-antes-de-su-reapertura-en-diciembre\/","og_locale":"es_ES","og_type":"article","og_title":"Francia descubre al mundo una Notre Dame deslumbrante antes de su reapertura en diciembre","og_description":"La reconstrucci\u00f3n ha dejado Notre Dame esencialmente fiel a su configuraci\u00f3n precedente, aunque se han hecho modificaciones para elevar los est\u00e1ndares de seguridad El interior&hellip;","og_url":"https:\/\/realidadturistica.com\/realtur\/francia-descubre-al-mundo-una-notre-dame-deslumbrante-antes-de-su-reapertura-en-diciembre\/","og_site_name":"Realidad Tur\u00edstica","article_publisher":"https:\/\/www.facebook.com\/realidadturistica","article_published_time":"2024-12-09T08:57:00+00:00","article_modified_time":"2024-12-09T08:57:01+00:00","og_image":[{"width":700,"height":394,"url":"https:\/\/realidadturistica.com\/realtur\/wp-content\/uploads\/2024\/12\/Francia-descubre-al-mundo-una-Notre-Dame-deslumbrante.jpg","type":"image\/jpeg"}],"author":"Editor","twitter_card":"summary_large_image","twitter_misc":{"Escrito por":"Editor","Tiempo de lectura":"4 minutos"},"schema":{"@context":"https:\/\/schema.org","@graph":[{"@type":"Article","@id":"https:\/\/realidadturistica.com\/realtur\/francia-descubre-al-mundo-una-notre-dame-deslumbrante-antes-de-su-reapertura-en-diciembre\/#article","isPartOf":{"@id":"https:\/\/realidadturistica.com\/realtur\/francia-descubre-al-mundo-una-notre-dame-deslumbrante-antes-de-su-reapertura-en-diciembre\/"},"author":{"name":"Editor","@id":"https:\/\/realidadturistica.com\/realtur\/#\/schema\/person\/ade671191202490fcf08ab21590de73e"},"headline":"Francia descubre al mundo una Notre Dame deslumbrante antes de su reapertura en diciembre","datePublished":"2024-12-09T08:57:00+00:00","dateModified":"2024-12-09T08:57:01+00:00","mainEntityOfPage":{"@id":"https:\/\/realidadturistica.com\/realtur\/francia-descubre-al-mundo-una-notre-dame-deslumbrante-antes-de-su-reapertura-en-diciembre\/"},"wordCount":844,"commentCount":0,"publisher":{"@id":"https:\/\/realidadturistica.com\/realtur\/#organization"},"image":{"@id":"https:\/\/realidadturistica.com\/realtur\/francia-descubre-al-mundo-una-notre-dame-deslumbrante-antes-de-su-reapertura-en-diciembre\/#primaryimage"},"thumbnailUrl":"https:\/\/realidadturistica.com\/realtur\/wp-content\/uploads\/2024\/12\/Francia-descubre-al-mundo-una-Notre-Dame-deslumbrante.jpg","articleSection":["Culturales"],"inLanguage":"es","potentialAction":[{"@type":"CommentAction","name":"Comment","target":["https:\/\/realidadturistica.com\/realtur\/francia-descubre-al-mundo-una-notre-dame-deslumbrante-antes-de-su-reapertura-en-diciembre\/#respond"]}]},{"@type":"WebPage","@id":"https:\/\/realidadturistica.com\/realtur\/francia-descubre-al-mundo-una-notre-dame-deslumbrante-antes-de-su-reapertura-en-diciembre\/","url":"https:\/\/realidadturistica.com\/realtur\/francia-descubre-al-mundo-una-notre-dame-deslumbrante-antes-de-su-reapertura-en-diciembre\/","name":"Francia descubre al mundo una Notre Dame deslumbrante antes de su reapertura en diciembre - Realidad Tur\u00edstica","isPartOf":{"@id":"https:\/\/realidadturistica.com\/realtur\/#website"},"primaryImageOfPage":{"@id":"https:\/\/realidadturistica.com\/realtur\/francia-descubre-al-mundo-una-notre-dame-deslumbrante-antes-de-su-reapertura-en-diciembre\/#primaryimage"},"image":{"@id":"https:\/\/realidadturistica.com\/realtur\/francia-descubre-al-mundo-una-notre-dame-deslumbrante-antes-de-su-reapertura-en-diciembre\/#primaryimage"},"thumbnailUrl":"https:\/\/realidadturistica.com\/realtur\/wp-content\/uploads\/2024\/12\/Francia-descubre-al-mundo-una-Notre-Dame-deslumbrante.jpg","datePublished":"2024-12-09T08:57:00+00:00","dateModified":"2024-12-09T08:57:01+00:00","breadcrumb":{"@id":"https:\/\/realidadturistica.com\/realtur\/francia-descubre-al-mundo-una-notre-dame-deslumbrante-antes-de-su-reapertura-en-diciembre\/#breadcrumb"},"inLanguage":"es","potentialAction":[{"@type":"ReadAction","target":["https:\/\/realidadturistica.com\/realtur\/francia-descubre-al-mundo-una-notre-dame-deslumbrante-antes-de-su-reapertura-en-diciembre\/"]}]},{"@type":"ImageObject","inLanguage":"es","@id":"https:\/\/realidadturistica.com\/realtur\/francia-descubre-al-mundo-una-notre-dame-deslumbrante-antes-de-su-reapertura-en-diciembre\/#primaryimage","url":"https:\/\/realidadturistica.com\/realtur\/wp-content\/uploads\/2024\/12\/Francia-descubre-al-mundo-una-Notre-Dame-deslumbrante.jpg","contentUrl":"https:\/\/realidadturistica.com\/realtur\/wp-content\/uploads\/2024\/12\/Francia-descubre-al-mundo-una-Notre-Dame-deslumbrante.jpg","width":700,"height":394},{"@type":"BreadcrumbList","@id":"https:\/\/realidadturistica.com\/realtur\/francia-descubre-al-mundo-una-notre-dame-deslumbrante-antes-de-su-reapertura-en-diciembre\/#breadcrumb","itemListElement":[{"@type":"ListItem","position":1,"name":"Portada","item":"https:\/\/realidadturistica.com\/realtur\/"},{"@type":"ListItem","position":2,"name":"Francia descubre al mundo una Notre Dame deslumbrante antes de su reapertura en diciembre"}]},{"@type":"WebSite","@id":"https:\/\/realidadturistica.com\/realtur\/#website","url":"https:\/\/realidadturistica.com\/realtur\/","name":"Realidad Tur\u00edstica","description":"","publisher":{"@id":"https:\/\/realidadturistica.com\/realtur\/#organization"},"potentialAction":[{"@type":"SearchAction","target":{"@type":"EntryPoint","urlTemplate":"https:\/\/realidadturistica.com\/realtur\/?s={search_term_string}"},"query-input":{"@type":"PropertyValueSpecification","valueRequired":true,"valueName":"search_term_string"}}],"inLanguage":"es"},{"@type":"Organization","@id":"https:\/\/realidadturistica.com\/realtur\/#organization","name":"Realidad Tur\u00edstica","url":"https:\/\/realidadturistica.com\/realtur\/","logo":{"@type":"ImageObject","inLanguage":"es","@id":"https:\/\/realidadturistica.com\/realtur\/#\/schema\/logo\/image\/","url":"https:\/\/realidadturistica.com\/realtur\/wp-content\/uploads\/2021\/12\/logotipo-realidad-turistica.png","contentUrl":"https:\/\/realidadturistica.com\/realtur\/wp-content\/uploads\/2021\/12\/logotipo-realidad-turistica.png","width":1382,"height":629,"caption":"Realidad Tur\u00edstica"},"image":{"@id":"https:\/\/realidadturistica.com\/realtur\/#\/schema\/logo\/image\/"},"sameAs":["https:\/\/www.facebook.com\/realidadturistica","https:\/\/www.instagram.com\/realidad_turistica\/"]},{"@type":"Person","@id":"https:\/\/realidadturistica.com\/realtur\/#\/schema\/person\/ade671191202490fcf08ab21590de73e","name":"Editor","image":{"@type":"ImageObject","inLanguage":"es","@id":"https:\/\/realidadturistica.com\/realtur\/wp-content\/uploads\/2023\/09\/Editor_avatar_1693668634-96x96.png","url":"https:\/\/realidadturistica.com\/realtur\/wp-content\/uploads\/2023\/09\/Editor_avatar_1693668634-96x96.png","contentUrl":"https:\/\/realidadturistica.com\/realtur\/wp-content\/uploads\/2023\/09\/Editor_avatar_1693668634-96x96.png","caption":"Editor"},"sameAs":["https:\/\/realidadturistica.com\/realtur"],"url":"https:\/\/realidadturistica.com\/realtur\/author\/editor2\/"}]}},"_links":{"self":[{"href":"https:\/\/realidadturistica.com\/realtur\/wp-json\/wp\/v2\/posts\/8726","targetHints":{"allow":["GET"]}}],"collection":[{"href":"https:\/\/realidadturistica.com\/realtur\/wp-json\/wp\/v2\/posts"}],"about":[{"href":"https:\/\/realidadturistica.com\/realtur\/wp-json\/wp\/v2\/types\/post"}],"author":[{"embeddable":true,"href":"https:\/\/realidadturistica.com\/realtur\/wp-json\/wp\/v2\/users\/2"}],"replies":[{"embeddable":true,"href":"https:\/\/realidadturistica.com\/realtur\/wp-json\/wp\/v2\/comments?post=8726"}],"version-history":[{"count":1,"href":"https:\/\/realidadturistica.com\/realtur\/wp-json\/wp\/v2\/posts\/8726\/revisions"}],"predecessor-version":[{"id":8728,"href":"https:\/\/realidadturistica.com\/realtur\/wp-json\/wp\/v2\/posts\/8726\/revisions\/8728"}],"wp:featuredmedia":[{"embeddable":true,"href":"https:\/\/realidadturistica.com\/realtur\/wp-json\/wp\/v2\/media\/8727"}],"wp:attachment":[{"href":"https:\/\/realidadturistica.com\/realtur\/wp-json\/wp\/v2\/media?parent=8726"}],"wp:term":[{"taxonomy":"category","embeddable":true,"href":"https:\/\/realidadturistica.com\/realtur\/wp-json\/wp\/v2\/categories?post=8726"},{"taxonomy":"post_tag","embeddable":true,"href":"https:\/\/realidadturistica.com\/realtur\/wp-json\/wp\/v2\/tags?post=8726"}],"curies":[{"name":"wp","href":"https:\/\/api.w.org\/{rel}","templated":true}]}}