{"id":8766,"date":"2024-12-14T02:08:29","date_gmt":"2024-12-14T02:08:29","guid":{"rendered":"https:\/\/realidadturistica.com\/realtur\/?p=8766"},"modified":"2024-12-14T02:08:31","modified_gmt":"2024-12-14T02:08:31","slug":"el-pabellon-de-panama-en-la-bienal-de-arte-de-venecia-fue-un-exito","status":"publish","type":"post","link":"https:\/\/realidadturistica.com\/realtur\/el-pabellon-de-panama-en-la-bienal-de-arte-de-venecia-fue-un-exito\/","title":{"rendered":"El pabell\u00f3n de Panam\u00e1 en la Bienal de Arte de Venecia fue un \u00e9xito"},"content":{"rendered":"\n<p class=\"wp-block-yoast-seo-estimated-reading-time yoast-reading-time__wrapper\"><span class=\"yoast-reading-time__icon\"><svg aria-hidden=\"true\" focusable=\"false\" data-icon=\"clock\" width=\"20\" height=\"20\" fill=\"none\" stroke=\"currentColor\" style=\"display:inline-block;vertical-align:-0.1em\" role=\"img\" xmlns=\"http:\/\/www.w3.org\/2000\/svg\" viewBox=\"0 0 24 24\"><path stroke-linecap=\"round\" stroke-linejoin=\"round\" stroke-width=\"2\" d=\"M12 8v4l3 3m6-3a9 9 0 11-18 0 9 9 0 0118 0z\"><\/path><\/svg><\/span><span class=\"yoast-reading-time__spacer\" style=\"display:inline-block;width:1em\"><\/span><span class=\"yoast-reading-time__descriptive-text\">Estimated reading time: <\/span><span class=\"yoast-reading-time__reading-time\">3<\/span><span class=\"yoast-reading-time__time-unit\"> minutos<\/span><\/p>\n\n\n\n<p>Panam\u00e1. La participaci\u00f3n del istmo marca un logro hist\u00f3rico que ha permitido posicionar al pa\u00eds en el panorama art\u00edstico internacional<\/p>\n\n\n\n<p>Panam\u00e1 celebra su primera participaci\u00f3n en la Bienal de Arte de Venecia. Este hito marca un paso decisivo en el posicionamiento del pa\u00eds en la escena cultural global y destaca la capacidad de los artistas paname\u00f1os para abordar temas de relevancia universal a trav\u00e9s del arte.<\/p>\n\n\n\n<p>La exposici\u00f3n \u201cSurcos: En el cuerpo y en la tierra\u201d en la 60\u00ba Bienal de Arte de Venecia, logr\u00f3 la atenci\u00f3n de m\u00e1s de 45.000 visitantes. As\u00ed se conoci\u00f3 a trav\u00e9s de un comunicado de prensa.<\/p>\n\n\n\n<p>Por medio de una narrativa colectiva, las obras presentadas por los reconocidos artistas Brooke Alfaro, Isabel De Obald\u00eda, Giana De Dier y Cisco Merel, invitaron a reflexionar sobre la migraci\u00f3n como uno de los desaf\u00edos humanitarios m\u00e1s urgentes de esta era.<\/p>\n\n\n\n<p>Las piezas brindaron una experiencia inmersiva que conect\u00f3 al p\u00fablico con historias de resiliencia, vulnerabilidad y esperanza, resaltando la relaci\u00f3n hist\u00f3rica de Panam\u00e1 con los movimientos migratorios y procurando una impresi\u00f3n duradera en quienes exploraron el pabell\u00f3n.<\/p>\n\n\n\n<p>Reconocimientos<\/p>\n\n\n\n<p>El pabell\u00f3n paname\u00f1o capt\u00f3 la atenci\u00f3n de cr\u00edticos especializados y de destacados medios internacionales. Fue incluido en la prestigiosa lista de \u201cVenice Biennale 2024: the must-see pavilions around town\u201d de The Art Newspaper.<\/p>\n\n\n\n<p>\u201cLos sonidos y las im\u00e1genes de la migraci\u00f3n, junto con la tierra \u00e1spera sobre la que tiene lugar, llenan el pabell\u00f3n de Panam\u00e1, ubicado en un tranquilo callej\u00f3n cerca del Arsenale. Cuatro artistas est\u00e1n representados, cada uno explorando los estrechos lazos de Panam\u00e1 con las historias de movimientos migratorios\u201d, destac\u00f3 el peri\u00f3dico.<\/p>\n\n\n\n<p>Tambi\u00e9n, publicaciones internacionales como Le Monde (Par\u00eds), ArtReview (Londres) y Artforum (Nueva York) resaltaron la calidad art\u00edstica del pabell\u00f3n paname\u00f1o, as\u00ed como la relevancia del tema abordado:<\/p>\n\n\n\n<p>\u201cLa participaci\u00f3n de Panam\u00e1 en la Bienal de Venecia 2024 es una revelaci\u00f3n. El pabell\u00f3n ha sido destacado por su poderosa exploraci\u00f3n de la migraci\u00f3n, como se refleja en la exposici\u00f3n \u2018Surcos: En el cuerpo y en la tierra\u201d, Art Review.<\/p>\n\n\n\n<p>\u201cArtforum ha elogiado la muestra por su enfoque conmovedor sobre la conexi\u00f3n de Panam\u00e1 con las historias de migraci\u00f3n, especialmente a trav\u00e9s de obras que profundizan en la experiencia humana del desplazamiento\u201d, Art Forum.<\/p>\n\n\n\n<p>\u201dEntre las obras que abordan las tragedias migratorias, destaca por la inmediatez de su lenguaje pl\u00e1stico, siendo una de las m\u00e1s poderosamente evocadoras de la Bienal\u201d, Le Monde.<\/p>\n\n\n\n<p>Adem\u00e1s, Panam\u00e1 fue nombrado como uno de los pabellones m\u00e1s \u2018instagrameables\u2019 de este a\u00f1o por la revista digital Complex, que resalta c\u00f3mo las obras transportan a los visitantes al coraz\u00f3n de la selva paname\u00f1a, creando una atm\u00f3sfera \u00fanica donde las historias de los paname\u00f1os y los sonidos del Dari\u00e9n hacen olvidar por un momento que se est\u00e1 en Venecia y no en Panam\u00e1.<\/p>\n\n\n\n<p>La Estrella de Panam\u00e1<\/p>\n","protected":false},"excerpt":{"rendered":"<p>Panam\u00e1. La participaci\u00f3n del istmo marca un logro hist\u00f3rico que ha permitido posicionar al pa\u00eds en el panorama art\u00edstico internacional Panam\u00e1 celebra su primera participaci\u00f3n&hellip;<\/p>\n","protected":false},"author":2,"featured_media":8767,"comment_status":"open","ping_status":"closed","sticky":false,"template":"","format":"standard","meta":{"content-type":"","_lmt_disableupdate":"","_lmt_disable":"","footnotes":""},"categories":[58],"tags":[],"class_list":["post-8766","post","type-post","status-publish","format-standard","has-post-thumbnail","hentry","category-culturales"],"yoast_head":"<!-- This site is optimized with the Yoast SEO Premium plugin v27.4 (Yoast SEO v27.5) - https:\/\/yoast.com\/product\/yoast-seo-premium-wordpress\/ -->\n<title>El pabell\u00f3n de Panam\u00e1 en la Bienal de Arte de Venecia fue un \u00e9xito - Realidad Tur\u00edstica<\/title>\n<meta name=\"robots\" content=\"index, follow, max-snippet:-1, max-image-preview:large, max-video-preview:-1\" \/>\n<link rel=\"canonical\" href=\"https:\/\/realidadturistica.com\/realtur\/el-pabellon-de-panama-en-la-bienal-de-arte-de-venecia-fue-un-exito\/\" \/>\n<meta property=\"og:locale\" content=\"es_ES\" \/>\n<meta property=\"og:type\" content=\"article\" \/>\n<meta property=\"og:title\" content=\"El pabell\u00f3n de Panam\u00e1 en la Bienal de Arte de Venecia fue un \u00e9xito\" \/>\n<meta property=\"og:description\" content=\"Panam\u00e1. La participaci\u00f3n del istmo marca un logro hist\u00f3rico que ha permitido posicionar al pa\u00eds en el panorama art\u00edstico internacional Panam\u00e1 celebra su primera participaci\u00f3n&hellip;\" \/>\n<meta property=\"og:url\" content=\"https:\/\/realidadturistica.com\/realtur\/el-pabellon-de-panama-en-la-bienal-de-arte-de-venecia-fue-un-exito\/\" \/>\n<meta property=\"og:site_name\" content=\"Realidad Tur\u00edstica\" \/>\n<meta property=\"article:publisher\" content=\"https:\/\/www.facebook.com\/realidadturistica\" \/>\n<meta property=\"article:published_time\" content=\"2024-12-14T02:08:29+00:00\" \/>\n<meta property=\"article:modified_time\" content=\"2024-12-14T02:08:31+00:00\" \/>\n<meta property=\"og:image\" content=\"https:\/\/realidadturistica.com\/realtur\/wp-content\/uploads\/2024\/12\/El-pabellon-de-Panama.jpg\" \/>\n\t<meta property=\"og:image:width\" content=\"700\" \/>\n\t<meta property=\"og:image:height\" content=\"394\" \/>\n\t<meta property=\"og:image:type\" content=\"image\/jpeg\" \/>\n<meta name=\"author\" content=\"Editor\" \/>\n<meta name=\"twitter:card\" content=\"summary_large_image\" \/>\n<meta name=\"twitter:label1\" content=\"Escrito por\" \/>\n\t<meta name=\"twitter:data1\" content=\"Editor\" \/>\n\t<meta name=\"twitter:label2\" content=\"Tiempo de lectura\" \/>\n\t<meta name=\"twitter:data2\" content=\"3 minutos\" \/>\n<script type=\"application\/ld+json\" class=\"yoast-schema-graph\">{\"@context\":\"https:\\\/\\\/schema.org\",\"@graph\":[{\"@type\":\"Article\",\"@id\":\"https:\\\/\\\/realidadturistica.com\\\/realtur\\\/el-pabellon-de-panama-en-la-bienal-de-arte-de-venecia-fue-un-exito\\\/#article\",\"isPartOf\":{\"@id\":\"https:\\\/\\\/realidadturistica.com\\\/realtur\\\/el-pabellon-de-panama-en-la-bienal-de-arte-de-venecia-fue-un-exito\\\/\"},\"author\":{\"name\":\"Editor\",\"@id\":\"https:\\\/\\\/realidadturistica.com\\\/realtur\\\/#\\\/schema\\\/person\\\/ade671191202490fcf08ab21590de73e\"},\"headline\":\"El pabell\u00f3n de Panam\u00e1 en la Bienal de Arte de Venecia fue un \u00e9xito\",\"datePublished\":\"2024-12-14T02:08:29+00:00\",\"dateModified\":\"2024-12-14T02:08:31+00:00\",\"mainEntityOfPage\":{\"@id\":\"https:\\\/\\\/realidadturistica.com\\\/realtur\\\/el-pabellon-de-panama-en-la-bienal-de-arte-de-venecia-fue-un-exito\\\/\"},\"wordCount\":534,\"commentCount\":0,\"publisher\":{\"@id\":\"https:\\\/\\\/realidadturistica.com\\\/realtur\\\/#organization\"},\"image\":{\"@id\":\"https:\\\/\\\/realidadturistica.com\\\/realtur\\\/el-pabellon-de-panama-en-la-bienal-de-arte-de-venecia-fue-un-exito\\\/#primaryimage\"},\"thumbnailUrl\":\"https:\\\/\\\/realidadturistica.com\\\/realtur\\\/wp-content\\\/uploads\\\/2024\\\/12\\\/El-pabellon-de-Panama.jpg\",\"articleSection\":[\"Culturales\"],\"inLanguage\":\"es\",\"potentialAction\":[{\"@type\":\"CommentAction\",\"name\":\"Comment\",\"target\":[\"https:\\\/\\\/realidadturistica.com\\\/realtur\\\/el-pabellon-de-panama-en-la-bienal-de-arte-de-venecia-fue-un-exito\\\/#respond\"]}]},{\"@type\":\"WebPage\",\"@id\":\"https:\\\/\\\/realidadturistica.com\\\/realtur\\\/el-pabellon-de-panama-en-la-bienal-de-arte-de-venecia-fue-un-exito\\\/\",\"url\":\"https:\\\/\\\/realidadturistica.com\\\/realtur\\\/el-pabellon-de-panama-en-la-bienal-de-arte-de-venecia-fue-un-exito\\\/\",\"name\":\"El pabell\u00f3n de Panam\u00e1 en la Bienal de Arte de Venecia fue un \u00e9xito - Realidad Tur\u00edstica\",\"isPartOf\":{\"@id\":\"https:\\\/\\\/realidadturistica.com\\\/realtur\\\/#website\"},\"primaryImageOfPage\":{\"@id\":\"https:\\\/\\\/realidadturistica.com\\\/realtur\\\/el-pabellon-de-panama-en-la-bienal-de-arte-de-venecia-fue-un-exito\\\/#primaryimage\"},\"image\":{\"@id\":\"https:\\\/\\\/realidadturistica.com\\\/realtur\\\/el-pabellon-de-panama-en-la-bienal-de-arte-de-venecia-fue-un-exito\\\/#primaryimage\"},\"thumbnailUrl\":\"https:\\\/\\\/realidadturistica.com\\\/realtur\\\/wp-content\\\/uploads\\\/2024\\\/12\\\/El-pabellon-de-Panama.jpg\",\"datePublished\":\"2024-12-14T02:08:29+00:00\",\"dateModified\":\"2024-12-14T02:08:31+00:00\",\"breadcrumb\":{\"@id\":\"https:\\\/\\\/realidadturistica.com\\\/realtur\\\/el-pabellon-de-panama-en-la-bienal-de-arte-de-venecia-fue-un-exito\\\/#breadcrumb\"},\"inLanguage\":\"es\",\"potentialAction\":[{\"@type\":\"ReadAction\",\"target\":[\"https:\\\/\\\/realidadturistica.com\\\/realtur\\\/el-pabellon-de-panama-en-la-bienal-de-arte-de-venecia-fue-un-exito\\\/\"]}]},{\"@type\":\"ImageObject\",\"inLanguage\":\"es\",\"@id\":\"https:\\\/\\\/realidadturistica.com\\\/realtur\\\/el-pabellon-de-panama-en-la-bienal-de-arte-de-venecia-fue-un-exito\\\/#primaryimage\",\"url\":\"https:\\\/\\\/realidadturistica.com\\\/realtur\\\/wp-content\\\/uploads\\\/2024\\\/12\\\/El-pabellon-de-Panama.jpg\",\"contentUrl\":\"https:\\\/\\\/realidadturistica.com\\\/realtur\\\/wp-content\\\/uploads\\\/2024\\\/12\\\/El-pabellon-de-Panama.jpg\",\"width\":700,\"height\":394},{\"@type\":\"BreadcrumbList\",\"@id\":\"https:\\\/\\\/realidadturistica.com\\\/realtur\\\/el-pabellon-de-panama-en-la-bienal-de-arte-de-venecia-fue-un-exito\\\/#breadcrumb\",\"itemListElement\":[{\"@type\":\"ListItem\",\"position\":1,\"name\":\"Portada\",\"item\":\"https:\\\/\\\/realidadturistica.com\\\/realtur\\\/\"},{\"@type\":\"ListItem\",\"position\":2,\"name\":\"El pabell\u00f3n de Panam\u00e1 en la Bienal de Arte de Venecia fue un \u00e9xito\"}]},{\"@type\":\"WebSite\",\"@id\":\"https:\\\/\\\/realidadturistica.com\\\/realtur\\\/#website\",\"url\":\"https:\\\/\\\/realidadturistica.com\\\/realtur\\\/\",\"name\":\"Realidad Tur\u00edstica\",\"description\":\"\",\"publisher\":{\"@id\":\"https:\\\/\\\/realidadturistica.com\\\/realtur\\\/#organization\"},\"potentialAction\":[{\"@type\":\"SearchAction\",\"target\":{\"@type\":\"EntryPoint\",\"urlTemplate\":\"https:\\\/\\\/realidadturistica.com\\\/realtur\\\/?s={search_term_string}\"},\"query-input\":{\"@type\":\"PropertyValueSpecification\",\"valueRequired\":true,\"valueName\":\"search_term_string\"}}],\"inLanguage\":\"es\"},{\"@type\":\"Organization\",\"@id\":\"https:\\\/\\\/realidadturistica.com\\\/realtur\\\/#organization\",\"name\":\"Realidad Tur\u00edstica\",\"url\":\"https:\\\/\\\/realidadturistica.com\\\/realtur\\\/\",\"logo\":{\"@type\":\"ImageObject\",\"inLanguage\":\"es\",\"@id\":\"https:\\\/\\\/realidadturistica.com\\\/realtur\\\/#\\\/schema\\\/logo\\\/image\\\/\",\"url\":\"https:\\\/\\\/realidadturistica.com\\\/realtur\\\/wp-content\\\/uploads\\\/2021\\\/12\\\/logotipo-realidad-turistica.png\",\"contentUrl\":\"https:\\\/\\\/realidadturistica.com\\\/realtur\\\/wp-content\\\/uploads\\\/2021\\\/12\\\/logotipo-realidad-turistica.png\",\"width\":1382,\"height\":629,\"caption\":\"Realidad Tur\u00edstica\"},\"image\":{\"@id\":\"https:\\\/\\\/realidadturistica.com\\\/realtur\\\/#\\\/schema\\\/logo\\\/image\\\/\"},\"sameAs\":[\"https:\\\/\\\/www.facebook.com\\\/realidadturistica\",\"https:\\\/\\\/www.instagram.com\\\/realidad_turistica\\\/\"]},{\"@type\":\"Person\",\"@id\":\"https:\\\/\\\/realidadturistica.com\\\/realtur\\\/#\\\/schema\\\/person\\\/ade671191202490fcf08ab21590de73e\",\"name\":\"Editor\",\"image\":{\"@type\":\"ImageObject\",\"inLanguage\":\"es\",\"@id\":\"https:\\\/\\\/realidadturistica.com\\\/realtur\\\/wp-content\\\/uploads\\\/2023\\\/09\\\/Editor_avatar_1693668634-96x96.png\",\"url\":\"https:\\\/\\\/realidadturistica.com\\\/realtur\\\/wp-content\\\/uploads\\\/2023\\\/09\\\/Editor_avatar_1693668634-96x96.png\",\"contentUrl\":\"https:\\\/\\\/realidadturistica.com\\\/realtur\\\/wp-content\\\/uploads\\\/2023\\\/09\\\/Editor_avatar_1693668634-96x96.png\",\"caption\":\"Editor\"},\"sameAs\":[\"https:\\\/\\\/realidadturistica.com\\\/realtur\"],\"url\":\"https:\\\/\\\/realidadturistica.com\\\/realtur\\\/author\\\/editor2\\\/\"}]}<\/script>\n<!-- \/ Yoast SEO Premium plugin. -->","yoast_head_json":{"title":"El pabell\u00f3n de Panam\u00e1 en la Bienal de Arte de Venecia fue un \u00e9xito - Realidad Tur\u00edstica","robots":{"index":"index","follow":"follow","max-snippet":"max-snippet:-1","max-image-preview":"max-image-preview:large","max-video-preview":"max-video-preview:-1"},"canonical":"https:\/\/realidadturistica.com\/realtur\/el-pabellon-de-panama-en-la-bienal-de-arte-de-venecia-fue-un-exito\/","og_locale":"es_ES","og_type":"article","og_title":"El pabell\u00f3n de Panam\u00e1 en la Bienal de Arte de Venecia fue un \u00e9xito","og_description":"Panam\u00e1. La participaci\u00f3n del istmo marca un logro hist\u00f3rico que ha permitido posicionar al pa\u00eds en el panorama art\u00edstico internacional Panam\u00e1 celebra su primera participaci\u00f3n&hellip;","og_url":"https:\/\/realidadturistica.com\/realtur\/el-pabellon-de-panama-en-la-bienal-de-arte-de-venecia-fue-un-exito\/","og_site_name":"Realidad Tur\u00edstica","article_publisher":"https:\/\/www.facebook.com\/realidadturistica","article_published_time":"2024-12-14T02:08:29+00:00","article_modified_time":"2024-12-14T02:08:31+00:00","og_image":[{"width":700,"height":394,"url":"https:\/\/realidadturistica.com\/realtur\/wp-content\/uploads\/2024\/12\/El-pabellon-de-Panama.jpg","type":"image\/jpeg"}],"author":"Editor","twitter_card":"summary_large_image","twitter_misc":{"Escrito por":"Editor","Tiempo de lectura":"3 minutos"},"schema":{"@context":"https:\/\/schema.org","@graph":[{"@type":"Article","@id":"https:\/\/realidadturistica.com\/realtur\/el-pabellon-de-panama-en-la-bienal-de-arte-de-venecia-fue-un-exito\/#article","isPartOf":{"@id":"https:\/\/realidadturistica.com\/realtur\/el-pabellon-de-panama-en-la-bienal-de-arte-de-venecia-fue-un-exito\/"},"author":{"name":"Editor","@id":"https:\/\/realidadturistica.com\/realtur\/#\/schema\/person\/ade671191202490fcf08ab21590de73e"},"headline":"El pabell\u00f3n de Panam\u00e1 en la Bienal de Arte de Venecia fue un \u00e9xito","datePublished":"2024-12-14T02:08:29+00:00","dateModified":"2024-12-14T02:08:31+00:00","mainEntityOfPage":{"@id":"https:\/\/realidadturistica.com\/realtur\/el-pabellon-de-panama-en-la-bienal-de-arte-de-venecia-fue-un-exito\/"},"wordCount":534,"commentCount":0,"publisher":{"@id":"https:\/\/realidadturistica.com\/realtur\/#organization"},"image":{"@id":"https:\/\/realidadturistica.com\/realtur\/el-pabellon-de-panama-en-la-bienal-de-arte-de-venecia-fue-un-exito\/#primaryimage"},"thumbnailUrl":"https:\/\/realidadturistica.com\/realtur\/wp-content\/uploads\/2024\/12\/El-pabellon-de-Panama.jpg","articleSection":["Culturales"],"inLanguage":"es","potentialAction":[{"@type":"CommentAction","name":"Comment","target":["https:\/\/realidadturistica.com\/realtur\/el-pabellon-de-panama-en-la-bienal-de-arte-de-venecia-fue-un-exito\/#respond"]}]},{"@type":"WebPage","@id":"https:\/\/realidadturistica.com\/realtur\/el-pabellon-de-panama-en-la-bienal-de-arte-de-venecia-fue-un-exito\/","url":"https:\/\/realidadturistica.com\/realtur\/el-pabellon-de-panama-en-la-bienal-de-arte-de-venecia-fue-un-exito\/","name":"El pabell\u00f3n de Panam\u00e1 en la Bienal de Arte de Venecia fue un \u00e9xito - Realidad Tur\u00edstica","isPartOf":{"@id":"https:\/\/realidadturistica.com\/realtur\/#website"},"primaryImageOfPage":{"@id":"https:\/\/realidadturistica.com\/realtur\/el-pabellon-de-panama-en-la-bienal-de-arte-de-venecia-fue-un-exito\/#primaryimage"},"image":{"@id":"https:\/\/realidadturistica.com\/realtur\/el-pabellon-de-panama-en-la-bienal-de-arte-de-venecia-fue-un-exito\/#primaryimage"},"thumbnailUrl":"https:\/\/realidadturistica.com\/realtur\/wp-content\/uploads\/2024\/12\/El-pabellon-de-Panama.jpg","datePublished":"2024-12-14T02:08:29+00:00","dateModified":"2024-12-14T02:08:31+00:00","breadcrumb":{"@id":"https:\/\/realidadturistica.com\/realtur\/el-pabellon-de-panama-en-la-bienal-de-arte-de-venecia-fue-un-exito\/#breadcrumb"},"inLanguage":"es","potentialAction":[{"@type":"ReadAction","target":["https:\/\/realidadturistica.com\/realtur\/el-pabellon-de-panama-en-la-bienal-de-arte-de-venecia-fue-un-exito\/"]}]},{"@type":"ImageObject","inLanguage":"es","@id":"https:\/\/realidadturistica.com\/realtur\/el-pabellon-de-panama-en-la-bienal-de-arte-de-venecia-fue-un-exito\/#primaryimage","url":"https:\/\/realidadturistica.com\/realtur\/wp-content\/uploads\/2024\/12\/El-pabellon-de-Panama.jpg","contentUrl":"https:\/\/realidadturistica.com\/realtur\/wp-content\/uploads\/2024\/12\/El-pabellon-de-Panama.jpg","width":700,"height":394},{"@type":"BreadcrumbList","@id":"https:\/\/realidadturistica.com\/realtur\/el-pabellon-de-panama-en-la-bienal-de-arte-de-venecia-fue-un-exito\/#breadcrumb","itemListElement":[{"@type":"ListItem","position":1,"name":"Portada","item":"https:\/\/realidadturistica.com\/realtur\/"},{"@type":"ListItem","position":2,"name":"El pabell\u00f3n de Panam\u00e1 en la Bienal de Arte de Venecia fue un \u00e9xito"}]},{"@type":"WebSite","@id":"https:\/\/realidadturistica.com\/realtur\/#website","url":"https:\/\/realidadturistica.com\/realtur\/","name":"Realidad Tur\u00edstica","description":"","publisher":{"@id":"https:\/\/realidadturistica.com\/realtur\/#organization"},"potentialAction":[{"@type":"SearchAction","target":{"@type":"EntryPoint","urlTemplate":"https:\/\/realidadturistica.com\/realtur\/?s={search_term_string}"},"query-input":{"@type":"PropertyValueSpecification","valueRequired":true,"valueName":"search_term_string"}}],"inLanguage":"es"},{"@type":"Organization","@id":"https:\/\/realidadturistica.com\/realtur\/#organization","name":"Realidad Tur\u00edstica","url":"https:\/\/realidadturistica.com\/realtur\/","logo":{"@type":"ImageObject","inLanguage":"es","@id":"https:\/\/realidadturistica.com\/realtur\/#\/schema\/logo\/image\/","url":"https:\/\/realidadturistica.com\/realtur\/wp-content\/uploads\/2021\/12\/logotipo-realidad-turistica.png","contentUrl":"https:\/\/realidadturistica.com\/realtur\/wp-content\/uploads\/2021\/12\/logotipo-realidad-turistica.png","width":1382,"height":629,"caption":"Realidad Tur\u00edstica"},"image":{"@id":"https:\/\/realidadturistica.com\/realtur\/#\/schema\/logo\/image\/"},"sameAs":["https:\/\/www.facebook.com\/realidadturistica","https:\/\/www.instagram.com\/realidad_turistica\/"]},{"@type":"Person","@id":"https:\/\/realidadturistica.com\/realtur\/#\/schema\/person\/ade671191202490fcf08ab21590de73e","name":"Editor","image":{"@type":"ImageObject","inLanguage":"es","@id":"https:\/\/realidadturistica.com\/realtur\/wp-content\/uploads\/2023\/09\/Editor_avatar_1693668634-96x96.png","url":"https:\/\/realidadturistica.com\/realtur\/wp-content\/uploads\/2023\/09\/Editor_avatar_1693668634-96x96.png","contentUrl":"https:\/\/realidadturistica.com\/realtur\/wp-content\/uploads\/2023\/09\/Editor_avatar_1693668634-96x96.png","caption":"Editor"},"sameAs":["https:\/\/realidadturistica.com\/realtur"],"url":"https:\/\/realidadturistica.com\/realtur\/author\/editor2\/"}]}},"_links":{"self":[{"href":"https:\/\/realidadturistica.com\/realtur\/wp-json\/wp\/v2\/posts\/8766","targetHints":{"allow":["GET"]}}],"collection":[{"href":"https:\/\/realidadturistica.com\/realtur\/wp-json\/wp\/v2\/posts"}],"about":[{"href":"https:\/\/realidadturistica.com\/realtur\/wp-json\/wp\/v2\/types\/post"}],"author":[{"embeddable":true,"href":"https:\/\/realidadturistica.com\/realtur\/wp-json\/wp\/v2\/users\/2"}],"replies":[{"embeddable":true,"href":"https:\/\/realidadturistica.com\/realtur\/wp-json\/wp\/v2\/comments?post=8766"}],"version-history":[{"count":1,"href":"https:\/\/realidadturistica.com\/realtur\/wp-json\/wp\/v2\/posts\/8766\/revisions"}],"predecessor-version":[{"id":8768,"href":"https:\/\/realidadturistica.com\/realtur\/wp-json\/wp\/v2\/posts\/8766\/revisions\/8768"}],"wp:featuredmedia":[{"embeddable":true,"href":"https:\/\/realidadturistica.com\/realtur\/wp-json\/wp\/v2\/media\/8767"}],"wp:attachment":[{"href":"https:\/\/realidadturistica.com\/realtur\/wp-json\/wp\/v2\/media?parent=8766"}],"wp:term":[{"taxonomy":"category","embeddable":true,"href":"https:\/\/realidadturistica.com\/realtur\/wp-json\/wp\/v2\/categories?post=8766"},{"taxonomy":"post_tag","embeddable":true,"href":"https:\/\/realidadturistica.com\/realtur\/wp-json\/wp\/v2\/tags?post=8766"}],"curies":[{"name":"wp","href":"https:\/\/api.w.org\/{rel}","templated":true}]}}