{"id":8867,"date":"2024-12-29T13:32:03","date_gmt":"2024-12-29T13:32:03","guid":{"rendered":"https:\/\/realidadturistica.com\/realtur\/?p=8867"},"modified":"2024-12-29T13:32:05","modified_gmt":"2024-12-29T13:32:05","slug":"proyecciones-de-diciembre-confirman-al-2024-como-el-ano-de-la-recuperacion-turistica","status":"publish","type":"post","link":"https:\/\/realidadturistica.com\/realtur\/proyecciones-de-diciembre-confirman-al-2024-como-el-ano-de-la-recuperacion-turistica\/","title":{"rendered":"Proyecciones de diciembre confirman al 2024 como el a\u00f1o de la recuperaci\u00f3n tur\u00edstica"},"content":{"rendered":"\n<p class=\"wp-block-yoast-seo-estimated-reading-time yoast-reading-time__wrapper\"><span class=\"yoast-reading-time__icon\"><svg aria-hidden=\"true\" focusable=\"false\" data-icon=\"clock\" width=\"20\" height=\"20\" fill=\"none\" stroke=\"currentColor\" style=\"display:inline-block;vertical-align:-0.1em\" role=\"img\" xmlns=\"http:\/\/www.w3.org\/2000\/svg\" viewBox=\"0 0 24 24\"><path stroke-linecap=\"round\" stroke-linejoin=\"round\" stroke-width=\"2\" d=\"M12 8v4l3 3m6-3a9 9 0 11-18 0 9 9 0 0118 0z\"><\/path><\/svg><\/span><span class=\"yoast-reading-time__spacer\" style=\"display:inline-block;width:1em\"><\/span><span class=\"yoast-reading-time__descriptive-text\">Estimated reading time: <\/span><span class=\"yoast-reading-time__reading-time\">3<\/span><span class=\"yoast-reading-time__time-unit\"> minutos<\/span><\/p>\n\n\n\n<p>Chile. El \u00faltimo mes del a\u00f1o <strong>consolida la recuperaci\u00f3n del turismo en Chile<\/strong> con proyecciones positivas tanto en la cantidad de viajes internos como en las celebraciones de A\u00f1o Nuevo. Durante diciembre, se estima un <strong>movimiento tur\u00edstico interno<\/strong> de entre 5.868.111 y 6.954.734 viajes, lo que representa un aumento del 8% al 28% en comparaci\u00f3n con 2019 y del 4,9% al 24,3% respecto a 2023. Para la festividad de <strong>A\u00f1o Nuevo<\/strong>, que comprende el periodo entre el viernes 27 y el martes 31 de diciembre, se proyectan entre 1.620.683 y 1.920.792 viajes con pernoctaci\u00f3n en todo el pa\u00eds, cifras que tambi\u00e9n superan los niveles 2019 (1.500.737 viajes).<\/p>\n\n\n\n<p>La subsecretaria de Turismo, <strong>Ver\u00f3nica Pardo<\/strong>, destac\u00f3 la relevancia de estas fechas para el desarrollo econ\u00f3mico regional, se\u00f1alando que \u201c<strong>los movimientos durante el mes de diciembre son positivos para la econom\u00eda local en todas las regiones,<\/strong> activando sectores clave como la artesan\u00eda, los servicios gastron\u00f3micos, el comercio, y especialmente los alojamientos y servicios tur\u00edsticos\u201d.<\/p>\n\n\n\n<p>Sobre las celebraciones de fin de a\u00f1o, la subsecretaria a\u00f1adi\u00f3: \u201cLos viajes proyectados para la \u00faltima festividad del a\u00f1o son claves. Solo la noche del <strong>31 de diciembre se esperan entre 600.761 y 712.006 viajes<\/strong>, una cifra relevante considerando que corresponde a una sola noche\u201d.<\/p>\n\n\n\n<p>En cuanto a las cifras proyectadas de turismo interno para la temporada alta o estival, que incluye el mes de diciembre, el director nacional de Sernatur, <strong>Crist\u00f3bal Ben\u00edtez<\/strong>, inform\u00f3 que \u201cse estima que la cantidad de <strong>viajes totales con pernoctaci\u00f3n fluct\u00fae entre los 25,4 y los 30,6 millones<\/strong>. Por eso, a los chilenos y chilenas que a\u00fan no tienen claro su destino vacacional les invito a viajar por Chile en esta temporada alta, ya que tenemos destinos imperdibles y muy diversos, para todos los gustos y preferencias. En <a href=\"https:\/\/chileestuyo.cl\/\" target=\"_blank\" rel=\"noreferrer noopener\">www.chileestuyo.cl<\/a> pueden revisar toda la oferta disponible\u201d.<\/p>\n\n\n\n<p>&nbsp;<strong>Proyecci\u00f3n de emisores y receptores para A\u00f1o Nuevo<\/strong><\/p>\n\n\n\n<p>Las regiones que destacan como <strong>principales emisoras<\/strong> de viajes para A\u00f1o Nuevo son la <strong>Metropolitana<\/strong>, con proyecciones entre 742.228 y 879.669; <strong>Biob\u00edo<\/strong>, con 150.530 a 178.405; y <strong>Valpara\u00edso<\/strong>, con 116.213 a 137.733. Les sigue <strong>La Araucan\u00eda<\/strong>, con cifras estimadas entre 112.276 y 133.067 viajes.<\/p>\n\n\n\n<p>Por otro lado, las <strong>principales regiones receptoras<\/strong> durante esta festividad son <strong>Valpara\u00edso<\/strong>, con cifras que oscilan entre 465.379 y 551.555; <strong>Metropolitana<\/strong>, con 181.148 y 214.692; <strong>O\u2019Higgins<\/strong>, con estimaciones entre 151.255 y 179.263; y <strong>La Araucan\u00eda<\/strong>, que podr\u00eda recibir entre 134.855 y 159.827 viajes.<\/p>\n\n\n\n<p>En cuanto al desglose por comunas, las que m\u00e1s viajes emisores generar\u00e1n son <strong>Las Condes<\/strong>, con entre 57.618 y 68.288; <strong>Temuco<\/strong>, con 56.953 a 67.499; <strong>Maip\u00fa<\/strong>, con 56.486 a 66.946; y <strong>Puente Alto<\/strong>, con proyecciones de 54.594 a 64.703 viajes.<\/p>\n\n\n\n<p>Las comunas receptoras m\u00e1s destacadas ser\u00e1n <strong>Vi\u00f1a del Mar<\/strong>, con entre 83.176 y 98.578; <strong>Valpara\u00edso<\/strong>, con 46.699 a 55.346; <strong>El Tabo<\/strong>, con 39.534 a 46.855; y Algarrobo, con estimaciones entre 38.610 y 45.760.<\/p>\n\n\n\n<p>Estas proyecciones confirman el fuerte dinamismo del turismo en diciembre y destacan su papel crucial en la reactivaci\u00f3n econ\u00f3mica del pa\u00eds.<\/p>\n\n\n\n<p>Sernatur. cl<\/p>\n","protected":false},"excerpt":{"rendered":"<p>Chile. El \u00faltimo mes del a\u00f1o consolida la recuperaci\u00f3n del turismo en Chile con proyecciones positivas tanto en la cantidad de viajes internos como en&hellip;<\/p>\n","protected":false},"author":2,"featured_media":8868,"comment_status":"open","ping_status":"closed","sticky":false,"template":"","format":"standard","meta":{"content-type":"","_lmt_disableupdate":"","_lmt_disable":"","footnotes":""},"categories":[4],"tags":[],"class_list":["post-8867","post","type-post","status-publish","format-standard","has-post-thumbnail","hentry","category-destinos"],"yoast_head":"<!-- This site is optimized with the Yoast SEO Premium plugin v27.4 (Yoast SEO v27.5) - https:\/\/yoast.com\/product\/yoast-seo-premium-wordpress\/ -->\n<title>Proyecciones de diciembre confirman al 2024 como el a\u00f1o de la recuperaci\u00f3n tur\u00edstica - Realidad Tur\u00edstica<\/title>\n<meta name=\"robots\" content=\"index, follow, max-snippet:-1, max-image-preview:large, max-video-preview:-1\" \/>\n<link rel=\"canonical\" href=\"https:\/\/realidadturistica.com\/realtur\/proyecciones-de-diciembre-confirman-al-2024-como-el-ano-de-la-recuperacion-turistica\/\" \/>\n<meta property=\"og:locale\" content=\"es_ES\" \/>\n<meta property=\"og:type\" content=\"article\" \/>\n<meta property=\"og:title\" content=\"Proyecciones de diciembre confirman al 2024 como el a\u00f1o de la recuperaci\u00f3n tur\u00edstica\" \/>\n<meta property=\"og:description\" content=\"Chile. El \u00faltimo mes del a\u00f1o consolida la recuperaci\u00f3n del turismo en Chile con proyecciones positivas tanto en la cantidad de viajes internos como en&hellip;\" \/>\n<meta property=\"og:url\" content=\"https:\/\/realidadturistica.com\/realtur\/proyecciones-de-diciembre-confirman-al-2024-como-el-ano-de-la-recuperacion-turistica\/\" \/>\n<meta property=\"og:site_name\" content=\"Realidad Tur\u00edstica\" \/>\n<meta property=\"article:publisher\" content=\"https:\/\/www.facebook.com\/realidadturistica\" \/>\n<meta property=\"article:published_time\" content=\"2024-12-29T13:32:03+00:00\" \/>\n<meta property=\"article:modified_time\" content=\"2024-12-29T13:32:05+00:00\" \/>\n<meta property=\"og:image\" content=\"https:\/\/realidadturistica.com\/realtur\/wp-content\/uploads\/2024\/12\/Proyecciones.jpg\" \/>\n\t<meta property=\"og:image:width\" content=\"1024\" \/>\n\t<meta property=\"og:image:height\" content=\"480\" \/>\n\t<meta property=\"og:image:type\" content=\"image\/jpeg\" \/>\n<meta name=\"author\" content=\"Editor\" \/>\n<meta name=\"twitter:card\" content=\"summary_large_image\" \/>\n<meta name=\"twitter:label1\" content=\"Escrito por\" \/>\n\t<meta name=\"twitter:data1\" content=\"Editor\" \/>\n\t<meta name=\"twitter:label2\" content=\"Tiempo de lectura\" \/>\n\t<meta name=\"twitter:data2\" content=\"3 minutos\" \/>\n<script type=\"application\/ld+json\" class=\"yoast-schema-graph\">{\"@context\":\"https:\\\/\\\/schema.org\",\"@graph\":[{\"@type\":\"Article\",\"@id\":\"https:\\\/\\\/realidadturistica.com\\\/realtur\\\/proyecciones-de-diciembre-confirman-al-2024-como-el-ano-de-la-recuperacion-turistica\\\/#article\",\"isPartOf\":{\"@id\":\"https:\\\/\\\/realidadturistica.com\\\/realtur\\\/proyecciones-de-diciembre-confirman-al-2024-como-el-ano-de-la-recuperacion-turistica\\\/\"},\"author\":{\"name\":\"Editor\",\"@id\":\"https:\\\/\\\/realidadturistica.com\\\/realtur\\\/#\\\/schema\\\/person\\\/ade671191202490fcf08ab21590de73e\"},\"headline\":\"Proyecciones de diciembre confirman al 2024 como el a\u00f1o de la recuperaci\u00f3n tur\u00edstica\",\"datePublished\":\"2024-12-29T13:32:03+00:00\",\"dateModified\":\"2024-12-29T13:32:05+00:00\",\"mainEntityOfPage\":{\"@id\":\"https:\\\/\\\/realidadturistica.com\\\/realtur\\\/proyecciones-de-diciembre-confirman-al-2024-como-el-ano-de-la-recuperacion-turistica\\\/\"},\"wordCount\":506,\"commentCount\":0,\"publisher\":{\"@id\":\"https:\\\/\\\/realidadturistica.com\\\/realtur\\\/#organization\"},\"image\":{\"@id\":\"https:\\\/\\\/realidadturistica.com\\\/realtur\\\/proyecciones-de-diciembre-confirman-al-2024-como-el-ano-de-la-recuperacion-turistica\\\/#primaryimage\"},\"thumbnailUrl\":\"https:\\\/\\\/realidadturistica.com\\\/realtur\\\/wp-content\\\/uploads\\\/2024\\\/12\\\/Proyecciones.jpg\",\"articleSection\":[\"Destinos M\u00e1gicos\"],\"inLanguage\":\"es\",\"potentialAction\":[{\"@type\":\"CommentAction\",\"name\":\"Comment\",\"target\":[\"https:\\\/\\\/realidadturistica.com\\\/realtur\\\/proyecciones-de-diciembre-confirman-al-2024-como-el-ano-de-la-recuperacion-turistica\\\/#respond\"]}]},{\"@type\":\"WebPage\",\"@id\":\"https:\\\/\\\/realidadturistica.com\\\/realtur\\\/proyecciones-de-diciembre-confirman-al-2024-como-el-ano-de-la-recuperacion-turistica\\\/\",\"url\":\"https:\\\/\\\/realidadturistica.com\\\/realtur\\\/proyecciones-de-diciembre-confirman-al-2024-como-el-ano-de-la-recuperacion-turistica\\\/\",\"name\":\"Proyecciones de diciembre confirman al 2024 como el a\u00f1o de la recuperaci\u00f3n tur\u00edstica - Realidad Tur\u00edstica\",\"isPartOf\":{\"@id\":\"https:\\\/\\\/realidadturistica.com\\\/realtur\\\/#website\"},\"primaryImageOfPage\":{\"@id\":\"https:\\\/\\\/realidadturistica.com\\\/realtur\\\/proyecciones-de-diciembre-confirman-al-2024-como-el-ano-de-la-recuperacion-turistica\\\/#primaryimage\"},\"image\":{\"@id\":\"https:\\\/\\\/realidadturistica.com\\\/realtur\\\/proyecciones-de-diciembre-confirman-al-2024-como-el-ano-de-la-recuperacion-turistica\\\/#primaryimage\"},\"thumbnailUrl\":\"https:\\\/\\\/realidadturistica.com\\\/realtur\\\/wp-content\\\/uploads\\\/2024\\\/12\\\/Proyecciones.jpg\",\"datePublished\":\"2024-12-29T13:32:03+00:00\",\"dateModified\":\"2024-12-29T13:32:05+00:00\",\"breadcrumb\":{\"@id\":\"https:\\\/\\\/realidadturistica.com\\\/realtur\\\/proyecciones-de-diciembre-confirman-al-2024-como-el-ano-de-la-recuperacion-turistica\\\/#breadcrumb\"},\"inLanguage\":\"es\",\"potentialAction\":[{\"@type\":\"ReadAction\",\"target\":[\"https:\\\/\\\/realidadturistica.com\\\/realtur\\\/proyecciones-de-diciembre-confirman-al-2024-como-el-ano-de-la-recuperacion-turistica\\\/\"]}]},{\"@type\":\"ImageObject\",\"inLanguage\":\"es\",\"@id\":\"https:\\\/\\\/realidadturistica.com\\\/realtur\\\/proyecciones-de-diciembre-confirman-al-2024-como-el-ano-de-la-recuperacion-turistica\\\/#primaryimage\",\"url\":\"https:\\\/\\\/realidadturistica.com\\\/realtur\\\/wp-content\\\/uploads\\\/2024\\\/12\\\/Proyecciones.jpg\",\"contentUrl\":\"https:\\\/\\\/realidadturistica.com\\\/realtur\\\/wp-content\\\/uploads\\\/2024\\\/12\\\/Proyecciones.jpg\",\"width\":1024,\"height\":480},{\"@type\":\"BreadcrumbList\",\"@id\":\"https:\\\/\\\/realidadturistica.com\\\/realtur\\\/proyecciones-de-diciembre-confirman-al-2024-como-el-ano-de-la-recuperacion-turistica\\\/#breadcrumb\",\"itemListElement\":[{\"@type\":\"ListItem\",\"position\":1,\"name\":\"Portada\",\"item\":\"https:\\\/\\\/realidadturistica.com\\\/realtur\\\/\"},{\"@type\":\"ListItem\",\"position\":2,\"name\":\"Proyecciones de diciembre confirman al 2024 como el a\u00f1o de la recuperaci\u00f3n tur\u00edstica\"}]},{\"@type\":\"WebSite\",\"@id\":\"https:\\\/\\\/realidadturistica.com\\\/realtur\\\/#website\",\"url\":\"https:\\\/\\\/realidadturistica.com\\\/realtur\\\/\",\"name\":\"Realidad Tur\u00edstica\",\"description\":\"\",\"publisher\":{\"@id\":\"https:\\\/\\\/realidadturistica.com\\\/realtur\\\/#organization\"},\"potentialAction\":[{\"@type\":\"SearchAction\",\"target\":{\"@type\":\"EntryPoint\",\"urlTemplate\":\"https:\\\/\\\/realidadturistica.com\\\/realtur\\\/?s={search_term_string}\"},\"query-input\":{\"@type\":\"PropertyValueSpecification\",\"valueRequired\":true,\"valueName\":\"search_term_string\"}}],\"inLanguage\":\"es\"},{\"@type\":\"Organization\",\"@id\":\"https:\\\/\\\/realidadturistica.com\\\/realtur\\\/#organization\",\"name\":\"Realidad Tur\u00edstica\",\"url\":\"https:\\\/\\\/realidadturistica.com\\\/realtur\\\/\",\"logo\":{\"@type\":\"ImageObject\",\"inLanguage\":\"es\",\"@id\":\"https:\\\/\\\/realidadturistica.com\\\/realtur\\\/#\\\/schema\\\/logo\\\/image\\\/\",\"url\":\"https:\\\/\\\/realidadturistica.com\\\/realtur\\\/wp-content\\\/uploads\\\/2021\\\/12\\\/logotipo-realidad-turistica.png\",\"contentUrl\":\"https:\\\/\\\/realidadturistica.com\\\/realtur\\\/wp-content\\\/uploads\\\/2021\\\/12\\\/logotipo-realidad-turistica.png\",\"width\":1382,\"height\":629,\"caption\":\"Realidad Tur\u00edstica\"},\"image\":{\"@id\":\"https:\\\/\\\/realidadturistica.com\\\/realtur\\\/#\\\/schema\\\/logo\\\/image\\\/\"},\"sameAs\":[\"https:\\\/\\\/www.facebook.com\\\/realidadturistica\",\"https:\\\/\\\/www.instagram.com\\\/realidad_turistica\\\/\"]},{\"@type\":\"Person\",\"@id\":\"https:\\\/\\\/realidadturistica.com\\\/realtur\\\/#\\\/schema\\\/person\\\/ade671191202490fcf08ab21590de73e\",\"name\":\"Editor\",\"image\":{\"@type\":\"ImageObject\",\"inLanguage\":\"es\",\"@id\":\"https:\\\/\\\/realidadturistica.com\\\/realtur\\\/wp-content\\\/uploads\\\/2023\\\/09\\\/Editor_avatar_1693668634-96x96.png\",\"url\":\"https:\\\/\\\/realidadturistica.com\\\/realtur\\\/wp-content\\\/uploads\\\/2023\\\/09\\\/Editor_avatar_1693668634-96x96.png\",\"contentUrl\":\"https:\\\/\\\/realidadturistica.com\\\/realtur\\\/wp-content\\\/uploads\\\/2023\\\/09\\\/Editor_avatar_1693668634-96x96.png\",\"caption\":\"Editor\"},\"sameAs\":[\"https:\\\/\\\/realidadturistica.com\\\/realtur\"],\"url\":\"https:\\\/\\\/realidadturistica.com\\\/realtur\\\/author\\\/editor2\\\/\"}]}<\/script>\n<!-- \/ Yoast SEO Premium plugin. -->","yoast_head_json":{"title":"Proyecciones de diciembre confirman al 2024 como el a\u00f1o de la recuperaci\u00f3n tur\u00edstica - Realidad Tur\u00edstica","robots":{"index":"index","follow":"follow","max-snippet":"max-snippet:-1","max-image-preview":"max-image-preview:large","max-video-preview":"max-video-preview:-1"},"canonical":"https:\/\/realidadturistica.com\/realtur\/proyecciones-de-diciembre-confirman-al-2024-como-el-ano-de-la-recuperacion-turistica\/","og_locale":"es_ES","og_type":"article","og_title":"Proyecciones de diciembre confirman al 2024 como el a\u00f1o de la recuperaci\u00f3n tur\u00edstica","og_description":"Chile. El \u00faltimo mes del a\u00f1o consolida la recuperaci\u00f3n del turismo en Chile con proyecciones positivas tanto en la cantidad de viajes internos como en&hellip;","og_url":"https:\/\/realidadturistica.com\/realtur\/proyecciones-de-diciembre-confirman-al-2024-como-el-ano-de-la-recuperacion-turistica\/","og_site_name":"Realidad Tur\u00edstica","article_publisher":"https:\/\/www.facebook.com\/realidadturistica","article_published_time":"2024-12-29T13:32:03+00:00","article_modified_time":"2024-12-29T13:32:05+00:00","og_image":[{"width":1024,"height":480,"url":"https:\/\/realidadturistica.com\/realtur\/wp-content\/uploads\/2024\/12\/Proyecciones.jpg","type":"image\/jpeg"}],"author":"Editor","twitter_card":"summary_large_image","twitter_misc":{"Escrito por":"Editor","Tiempo de lectura":"3 minutos"},"schema":{"@context":"https:\/\/schema.org","@graph":[{"@type":"Article","@id":"https:\/\/realidadturistica.com\/realtur\/proyecciones-de-diciembre-confirman-al-2024-como-el-ano-de-la-recuperacion-turistica\/#article","isPartOf":{"@id":"https:\/\/realidadturistica.com\/realtur\/proyecciones-de-diciembre-confirman-al-2024-como-el-ano-de-la-recuperacion-turistica\/"},"author":{"name":"Editor","@id":"https:\/\/realidadturistica.com\/realtur\/#\/schema\/person\/ade671191202490fcf08ab21590de73e"},"headline":"Proyecciones de diciembre confirman al 2024 como el a\u00f1o de la recuperaci\u00f3n tur\u00edstica","datePublished":"2024-12-29T13:32:03+00:00","dateModified":"2024-12-29T13:32:05+00:00","mainEntityOfPage":{"@id":"https:\/\/realidadturistica.com\/realtur\/proyecciones-de-diciembre-confirman-al-2024-como-el-ano-de-la-recuperacion-turistica\/"},"wordCount":506,"commentCount":0,"publisher":{"@id":"https:\/\/realidadturistica.com\/realtur\/#organization"},"image":{"@id":"https:\/\/realidadturistica.com\/realtur\/proyecciones-de-diciembre-confirman-al-2024-como-el-ano-de-la-recuperacion-turistica\/#primaryimage"},"thumbnailUrl":"https:\/\/realidadturistica.com\/realtur\/wp-content\/uploads\/2024\/12\/Proyecciones.jpg","articleSection":["Destinos M\u00e1gicos"],"inLanguage":"es","potentialAction":[{"@type":"CommentAction","name":"Comment","target":["https:\/\/realidadturistica.com\/realtur\/proyecciones-de-diciembre-confirman-al-2024-como-el-ano-de-la-recuperacion-turistica\/#respond"]}]},{"@type":"WebPage","@id":"https:\/\/realidadturistica.com\/realtur\/proyecciones-de-diciembre-confirman-al-2024-como-el-ano-de-la-recuperacion-turistica\/","url":"https:\/\/realidadturistica.com\/realtur\/proyecciones-de-diciembre-confirman-al-2024-como-el-ano-de-la-recuperacion-turistica\/","name":"Proyecciones de diciembre confirman al 2024 como el a\u00f1o de la recuperaci\u00f3n tur\u00edstica - Realidad Tur\u00edstica","isPartOf":{"@id":"https:\/\/realidadturistica.com\/realtur\/#website"},"primaryImageOfPage":{"@id":"https:\/\/realidadturistica.com\/realtur\/proyecciones-de-diciembre-confirman-al-2024-como-el-ano-de-la-recuperacion-turistica\/#primaryimage"},"image":{"@id":"https:\/\/realidadturistica.com\/realtur\/proyecciones-de-diciembre-confirman-al-2024-como-el-ano-de-la-recuperacion-turistica\/#primaryimage"},"thumbnailUrl":"https:\/\/realidadturistica.com\/realtur\/wp-content\/uploads\/2024\/12\/Proyecciones.jpg","datePublished":"2024-12-29T13:32:03+00:00","dateModified":"2024-12-29T13:32:05+00:00","breadcrumb":{"@id":"https:\/\/realidadturistica.com\/realtur\/proyecciones-de-diciembre-confirman-al-2024-como-el-ano-de-la-recuperacion-turistica\/#breadcrumb"},"inLanguage":"es","potentialAction":[{"@type":"ReadAction","target":["https:\/\/realidadturistica.com\/realtur\/proyecciones-de-diciembre-confirman-al-2024-como-el-ano-de-la-recuperacion-turistica\/"]}]},{"@type":"ImageObject","inLanguage":"es","@id":"https:\/\/realidadturistica.com\/realtur\/proyecciones-de-diciembre-confirman-al-2024-como-el-ano-de-la-recuperacion-turistica\/#primaryimage","url":"https:\/\/realidadturistica.com\/realtur\/wp-content\/uploads\/2024\/12\/Proyecciones.jpg","contentUrl":"https:\/\/realidadturistica.com\/realtur\/wp-content\/uploads\/2024\/12\/Proyecciones.jpg","width":1024,"height":480},{"@type":"BreadcrumbList","@id":"https:\/\/realidadturistica.com\/realtur\/proyecciones-de-diciembre-confirman-al-2024-como-el-ano-de-la-recuperacion-turistica\/#breadcrumb","itemListElement":[{"@type":"ListItem","position":1,"name":"Portada","item":"https:\/\/realidadturistica.com\/realtur\/"},{"@type":"ListItem","position":2,"name":"Proyecciones de diciembre confirman al 2024 como el a\u00f1o de la recuperaci\u00f3n tur\u00edstica"}]},{"@type":"WebSite","@id":"https:\/\/realidadturistica.com\/realtur\/#website","url":"https:\/\/realidadturistica.com\/realtur\/","name":"Realidad Tur\u00edstica","description":"","publisher":{"@id":"https:\/\/realidadturistica.com\/realtur\/#organization"},"potentialAction":[{"@type":"SearchAction","target":{"@type":"EntryPoint","urlTemplate":"https:\/\/realidadturistica.com\/realtur\/?s={search_term_string}"},"query-input":{"@type":"PropertyValueSpecification","valueRequired":true,"valueName":"search_term_string"}}],"inLanguage":"es"},{"@type":"Organization","@id":"https:\/\/realidadturistica.com\/realtur\/#organization","name":"Realidad Tur\u00edstica","url":"https:\/\/realidadturistica.com\/realtur\/","logo":{"@type":"ImageObject","inLanguage":"es","@id":"https:\/\/realidadturistica.com\/realtur\/#\/schema\/logo\/image\/","url":"https:\/\/realidadturistica.com\/realtur\/wp-content\/uploads\/2021\/12\/logotipo-realidad-turistica.png","contentUrl":"https:\/\/realidadturistica.com\/realtur\/wp-content\/uploads\/2021\/12\/logotipo-realidad-turistica.png","width":1382,"height":629,"caption":"Realidad Tur\u00edstica"},"image":{"@id":"https:\/\/realidadturistica.com\/realtur\/#\/schema\/logo\/image\/"},"sameAs":["https:\/\/www.facebook.com\/realidadturistica","https:\/\/www.instagram.com\/realidad_turistica\/"]},{"@type":"Person","@id":"https:\/\/realidadturistica.com\/realtur\/#\/schema\/person\/ade671191202490fcf08ab21590de73e","name":"Editor","image":{"@type":"ImageObject","inLanguage":"es","@id":"https:\/\/realidadturistica.com\/realtur\/wp-content\/uploads\/2023\/09\/Editor_avatar_1693668634-96x96.png","url":"https:\/\/realidadturistica.com\/realtur\/wp-content\/uploads\/2023\/09\/Editor_avatar_1693668634-96x96.png","contentUrl":"https:\/\/realidadturistica.com\/realtur\/wp-content\/uploads\/2023\/09\/Editor_avatar_1693668634-96x96.png","caption":"Editor"},"sameAs":["https:\/\/realidadturistica.com\/realtur"],"url":"https:\/\/realidadturistica.com\/realtur\/author\/editor2\/"}]}},"_links":{"self":[{"href":"https:\/\/realidadturistica.com\/realtur\/wp-json\/wp\/v2\/posts\/8867","targetHints":{"allow":["GET"]}}],"collection":[{"href":"https:\/\/realidadturistica.com\/realtur\/wp-json\/wp\/v2\/posts"}],"about":[{"href":"https:\/\/realidadturistica.com\/realtur\/wp-json\/wp\/v2\/types\/post"}],"author":[{"embeddable":true,"href":"https:\/\/realidadturistica.com\/realtur\/wp-json\/wp\/v2\/users\/2"}],"replies":[{"embeddable":true,"href":"https:\/\/realidadturistica.com\/realtur\/wp-json\/wp\/v2\/comments?post=8867"}],"version-history":[{"count":1,"href":"https:\/\/realidadturistica.com\/realtur\/wp-json\/wp\/v2\/posts\/8867\/revisions"}],"predecessor-version":[{"id":8869,"href":"https:\/\/realidadturistica.com\/realtur\/wp-json\/wp\/v2\/posts\/8867\/revisions\/8869"}],"wp:featuredmedia":[{"embeddable":true,"href":"https:\/\/realidadturistica.com\/realtur\/wp-json\/wp\/v2\/media\/8868"}],"wp:attachment":[{"href":"https:\/\/realidadturistica.com\/realtur\/wp-json\/wp\/v2\/media?parent=8867"}],"wp:term":[{"taxonomy":"category","embeddable":true,"href":"https:\/\/realidadturistica.com\/realtur\/wp-json\/wp\/v2\/categories?post=8867"},{"taxonomy":"post_tag","embeddable":true,"href":"https:\/\/realidadturistica.com\/realtur\/wp-json\/wp\/v2\/tags?post=8867"}],"curies":[{"name":"wp","href":"https:\/\/api.w.org\/{rel}","templated":true}]}}