{"id":8911,"date":"2025-01-01T15:01:19","date_gmt":"2025-01-01T15:01:19","guid":{"rendered":"https:\/\/realidadturistica.com\/realtur\/?p=8911"},"modified":"2025-01-01T15:01:22","modified_gmt":"2025-01-01T15:01:22","slug":"pide-azerbaiyan-a-rusia-se-responsabilice-por-su-ataque-a-aeronave-civil","status":"publish","type":"post","link":"https:\/\/realidadturistica.com\/realtur\/pide-azerbaiyan-a-rusia-se-responsabilice-por-su-ataque-a-aeronave-civil\/","title":{"rendered":"Pide Azerbaiy\u00e1n a Rusia se responsabilice por su ataque a aeronave civil"},"content":{"rendered":"\n<p class=\"wp-block-yoast-seo-estimated-reading-time yoast-reading-time__wrapper\"><span class=\"yoast-reading-time__icon\"><svg aria-hidden=\"true\" focusable=\"false\" data-icon=\"clock\" width=\"20\" height=\"20\" fill=\"none\" stroke=\"currentColor\" style=\"display:inline-block;vertical-align:-0.1em\" role=\"img\" xmlns=\"http:\/\/www.w3.org\/2000\/svg\" viewBox=\"0 0 24 24\"><path stroke-linecap=\"round\" stroke-linejoin=\"round\" stroke-width=\"2\" d=\"M12 8v4l3 3m6-3a9 9 0 11-18 0 9 9 0 0118 0z\"><\/path><\/svg><\/span><span class=\"yoast-reading-time__spacer\" style=\"display:inline-block;width:1em\"><\/span><span class=\"yoast-reading-time__descriptive-text\">Estimated reading time: <\/span><span class=\"yoast-reading-time__reading-time\">3<\/span><span class=\"yoast-reading-time__time-unit\"> minutos<\/span><\/p>\n\n\n\n<p>Baku, Azerbaiy\u00e1n.- Sube la tensi\u00f3n entre Azerbaiy\u00e1n&nbsp; y Rusia, tras el accidente del 25 de diciembre pasado del vuelo de Azerbaijan Airlines que cost\u00f3 la vida a 38 pasajeros.<\/p>\n\n\n\n<p>Y es que el presidente de esta naci\u00f3n, Ilham Aliyev, acus\u00f3 directamente a Rusia de ser responsable del accidente a\u00e9reo que ocurri\u00f3 la semana pasada.<\/p>\n\n\n\n<p>De acuerdo con medios internacionales, en una entrevista con la emisora nacional de Azerbaiy\u00e1n, Aliyev expres\u00f3 su insatisfacci\u00f3n con la vaga disculpa ofrecida por el presidente ruso, Vladimir Putin.<\/p>\n\n\n\n<p>Adem\u00e1s de exigirle a Mosc\u00fa a que aceptara su responsabilidad y ofreciera indemnizaciones a las v\u00edctimas.<\/p>\n\n\n\n<p>Como se recordar\u00e1, la aeronave Embraer 190, que viajaba de Bak\u00fa a Grozni, sufri\u00f3 interferencias en sus sistemas de navegaci\u00f3n e impactos con objetos externos antes de intentar aterrizar.<\/p>\n\n\n\n<p>Funcionarios azerbaiyanos, estadounidenses y expertos internacionales en aviaci\u00f3n creen que el avi\u00f3n fue derribado por un misil ruso de defensa antia\u00e9rea, aunque Mosc\u00fa no ha admitido su responsabilidad.<\/p>\n\n\n\n<p>Ordenan inspeccionar los B737-800 tras accidente de Jeju Air<\/p>\n\n\n\n<p>El Gobierno de Corea del Sur orden\u00f3 la inspecci\u00f3n de todos los aviones Boeing 737-800 operados por aerol\u00edneas nacionales.<\/p>\n\n\n\n<p>Este anuncio fue hecho por Joo Jong-wan, jefe de Pol\u00edtica de Aviaci\u00f3n del Ministerio de Tierra, Infraestructura y Transporte (MOLIT) durante una conferencia de prensa en el Complejo Gubernamental de Sejong en la ma\u00f1ana de este lunes.<\/p>\n\n\n\n<p>De acuerdo con despachos informativos internacionales, esto se dio despu\u00e9s de que 179 pasajeros murieran cuando un avi\u00f3n de la aerol\u00ednea de bajo costo Jeju Air se accidentara durante un aterrizaje de emergencia en el Aeropuerto Internacional de Muan el 29 de diciembre de 2024.<\/p>\n\n\n\n<p>&nbsp;&nbsp;&nbsp; \u201cEl Gobierno interino dijo que planea examinar exhaustivamente si las aerol\u00edneas se adhieren a las regulaciones para el modelo Boeing. La auditor\u00eda incluir\u00e1 la verificaci\u00f3n de las tasas de utilizaci\u00f3n de las aeronaves, las inspecciones de vuelo y los registros de mantenimiento\u201d, de acuerdo con un informe de Yonhap News, agencia de noticias surcoreana.<\/p>\n\n\n\n<p>Pasajera abre puerta y camina sobre el ala de un avi\u00f3n<\/p>\n\n\n\n<p>De acuerdo con fotos difundidas en redes sociales, una mujer abri\u00f3 la puerta de emergencia de un avi\u00f3n de Alaska Airlines, cuando \u00e9ste estaba en tierra, y se subi\u00f3 a un ala de la aeronave.<\/p>\n\n\n\n<p>De acuerdo con reportes de agencias, la mujer, la cual no se dio a conocer su nombre ni nacionalidad, al parecer por un ataque de ansiedad, una vez que aterriz\u00f3 el avi\u00f3n del vuelo 323 Alaska Airlines, abri\u00f3 la puerta de emergencia.<\/p>\n\n\n\n<p>Estos hechos ocurrieron el 22 de diciembre pasado, en el Aeropuerto Internacional de Seattle-Tacoma, bomberos del aeropuerto acudieron al lugar y atendieron a la mujer, la cual fue llevada a un hospital para su atenci\u00f3n m\u00e9dica.<\/p>\n\n\n\n<p>A21<\/p>\n","protected":false},"excerpt":{"rendered":"<p>Baku, Azerbaiy\u00e1n.- Sube la tensi\u00f3n entre Azerbaiy\u00e1n&nbsp; y Rusia, tras el accidente del 25 de diciembre pasado del vuelo de Azerbaijan Airlines que cost\u00f3 la&hellip;<\/p>\n","protected":false},"author":2,"featured_media":8912,"comment_status":"open","ping_status":"closed","sticky":false,"template":"","format":"standard","meta":{"content-type":"","_lmt_disableupdate":"","_lmt_disable":"","footnotes":""},"categories":[2],"tags":[],"class_list":["post-8911","post","type-post","status-publish","format-standard","has-post-thumbnail","hentry","category-aerolineas"],"yoast_head":"<!-- This site is optimized with the Yoast SEO Premium plugin v27.4 (Yoast SEO v27.5) - https:\/\/yoast.com\/product\/yoast-seo-premium-wordpress\/ -->\n<title>Pide Azerbaiy\u00e1n a Rusia se responsabilice por su ataque a aeronave civil - Realidad Tur\u00edstica<\/title>\n<meta name=\"robots\" content=\"index, follow, max-snippet:-1, max-image-preview:large, max-video-preview:-1\" \/>\n<link rel=\"canonical\" href=\"https:\/\/realidadturistica.com\/realtur\/pide-azerbaiyan-a-rusia-se-responsabilice-por-su-ataque-a-aeronave-civil\/\" \/>\n<meta property=\"og:locale\" content=\"es_ES\" \/>\n<meta property=\"og:type\" content=\"article\" \/>\n<meta property=\"og:title\" content=\"Pide Azerbaiy\u00e1n a Rusia se responsabilice por su ataque a aeronave civil\" \/>\n<meta property=\"og:description\" content=\"Baku, Azerbaiy\u00e1n.- Sube la tensi\u00f3n entre Azerbaiy\u00e1n&nbsp; y Rusia, tras el accidente del 25 de diciembre pasado del vuelo de Azerbaijan Airlines que cost\u00f3 la&hellip;\" \/>\n<meta property=\"og:url\" content=\"https:\/\/realidadturistica.com\/realtur\/pide-azerbaiyan-a-rusia-se-responsabilice-por-su-ataque-a-aeronave-civil\/\" \/>\n<meta property=\"og:site_name\" content=\"Realidad Tur\u00edstica\" \/>\n<meta property=\"article:publisher\" content=\"https:\/\/www.facebook.com\/realidadturistica\" \/>\n<meta property=\"article:published_time\" content=\"2025-01-01T15:01:19+00:00\" \/>\n<meta property=\"article:modified_time\" content=\"2025-01-01T15:01:22+00:00\" \/>\n<meta property=\"og:image\" content=\"https:\/\/realidadturistica.com\/realtur\/wp-content\/uploads\/2025\/01\/azerbaijan.jpeg\" \/>\n\t<meta property=\"og:image:width\" content=\"1200\" \/>\n\t<meta property=\"og:image:height\" content=\"543\" \/>\n\t<meta property=\"og:image:type\" content=\"image\/jpeg\" \/>\n<meta name=\"author\" content=\"Editor\" \/>\n<meta name=\"twitter:card\" content=\"summary_large_image\" \/>\n<meta name=\"twitter:label1\" content=\"Escrito por\" \/>\n\t<meta name=\"twitter:data1\" content=\"Editor\" \/>\n\t<meta name=\"twitter:label2\" content=\"Tiempo de lectura\" \/>\n\t<meta name=\"twitter:data2\" content=\"3 minutos\" \/>\n<script type=\"application\/ld+json\" class=\"yoast-schema-graph\">{\"@context\":\"https:\\\/\\\/schema.org\",\"@graph\":[{\"@type\":\"Article\",\"@id\":\"https:\\\/\\\/realidadturistica.com\\\/realtur\\\/pide-azerbaiyan-a-rusia-se-responsabilice-por-su-ataque-a-aeronave-civil\\\/#article\",\"isPartOf\":{\"@id\":\"https:\\\/\\\/realidadturistica.com\\\/realtur\\\/pide-azerbaiyan-a-rusia-se-responsabilice-por-su-ataque-a-aeronave-civil\\\/\"},\"author\":{\"name\":\"Editor\",\"@id\":\"https:\\\/\\\/realidadturistica.com\\\/realtur\\\/#\\\/schema\\\/person\\\/ade671191202490fcf08ab21590de73e\"},\"headline\":\"Pide Azerbaiy\u00e1n a Rusia se responsabilice por su ataque a aeronave civil\",\"datePublished\":\"2025-01-01T15:01:19+00:00\",\"dateModified\":\"2025-01-01T15:01:22+00:00\",\"mainEntityOfPage\":{\"@id\":\"https:\\\/\\\/realidadturistica.com\\\/realtur\\\/pide-azerbaiyan-a-rusia-se-responsabilice-por-su-ataque-a-aeronave-civil\\\/\"},\"wordCount\":490,\"commentCount\":0,\"publisher\":{\"@id\":\"https:\\\/\\\/realidadturistica.com\\\/realtur\\\/#organization\"},\"image\":{\"@id\":\"https:\\\/\\\/realidadturistica.com\\\/realtur\\\/pide-azerbaiyan-a-rusia-se-responsabilice-por-su-ataque-a-aeronave-civil\\\/#primaryimage\"},\"thumbnailUrl\":\"https:\\\/\\\/realidadturistica.com\\\/realtur\\\/wp-content\\\/uploads\\\/2025\\\/01\\\/azerbaijan.jpeg\",\"articleSection\":[\"Volar con pasi\u00f3n\"],\"inLanguage\":\"es\",\"potentialAction\":[{\"@type\":\"CommentAction\",\"name\":\"Comment\",\"target\":[\"https:\\\/\\\/realidadturistica.com\\\/realtur\\\/pide-azerbaiyan-a-rusia-se-responsabilice-por-su-ataque-a-aeronave-civil\\\/#respond\"]}]},{\"@type\":\"WebPage\",\"@id\":\"https:\\\/\\\/realidadturistica.com\\\/realtur\\\/pide-azerbaiyan-a-rusia-se-responsabilice-por-su-ataque-a-aeronave-civil\\\/\",\"url\":\"https:\\\/\\\/realidadturistica.com\\\/realtur\\\/pide-azerbaiyan-a-rusia-se-responsabilice-por-su-ataque-a-aeronave-civil\\\/\",\"name\":\"Pide Azerbaiy\u00e1n a Rusia se responsabilice por su ataque a aeronave civil - Realidad Tur\u00edstica\",\"isPartOf\":{\"@id\":\"https:\\\/\\\/realidadturistica.com\\\/realtur\\\/#website\"},\"primaryImageOfPage\":{\"@id\":\"https:\\\/\\\/realidadturistica.com\\\/realtur\\\/pide-azerbaiyan-a-rusia-se-responsabilice-por-su-ataque-a-aeronave-civil\\\/#primaryimage\"},\"image\":{\"@id\":\"https:\\\/\\\/realidadturistica.com\\\/realtur\\\/pide-azerbaiyan-a-rusia-se-responsabilice-por-su-ataque-a-aeronave-civil\\\/#primaryimage\"},\"thumbnailUrl\":\"https:\\\/\\\/realidadturistica.com\\\/realtur\\\/wp-content\\\/uploads\\\/2025\\\/01\\\/azerbaijan.jpeg\",\"datePublished\":\"2025-01-01T15:01:19+00:00\",\"dateModified\":\"2025-01-01T15:01:22+00:00\",\"breadcrumb\":{\"@id\":\"https:\\\/\\\/realidadturistica.com\\\/realtur\\\/pide-azerbaiyan-a-rusia-se-responsabilice-por-su-ataque-a-aeronave-civil\\\/#breadcrumb\"},\"inLanguage\":\"es\",\"potentialAction\":[{\"@type\":\"ReadAction\",\"target\":[\"https:\\\/\\\/realidadturistica.com\\\/realtur\\\/pide-azerbaiyan-a-rusia-se-responsabilice-por-su-ataque-a-aeronave-civil\\\/\"]}]},{\"@type\":\"ImageObject\",\"inLanguage\":\"es\",\"@id\":\"https:\\\/\\\/realidadturistica.com\\\/realtur\\\/pide-azerbaiyan-a-rusia-se-responsabilice-por-su-ataque-a-aeronave-civil\\\/#primaryimage\",\"url\":\"https:\\\/\\\/realidadturistica.com\\\/realtur\\\/wp-content\\\/uploads\\\/2025\\\/01\\\/azerbaijan.jpeg\",\"contentUrl\":\"https:\\\/\\\/realidadturistica.com\\\/realtur\\\/wp-content\\\/uploads\\\/2025\\\/01\\\/azerbaijan.jpeg\",\"width\":1200,\"height\":543},{\"@type\":\"BreadcrumbList\",\"@id\":\"https:\\\/\\\/realidadturistica.com\\\/realtur\\\/pide-azerbaiyan-a-rusia-se-responsabilice-por-su-ataque-a-aeronave-civil\\\/#breadcrumb\",\"itemListElement\":[{\"@type\":\"ListItem\",\"position\":1,\"name\":\"Portada\",\"item\":\"https:\\\/\\\/realidadturistica.com\\\/realtur\\\/\"},{\"@type\":\"ListItem\",\"position\":2,\"name\":\"Pide Azerbaiy\u00e1n a Rusia se responsabilice por su ataque a aeronave civil\"}]},{\"@type\":\"WebSite\",\"@id\":\"https:\\\/\\\/realidadturistica.com\\\/realtur\\\/#website\",\"url\":\"https:\\\/\\\/realidadturistica.com\\\/realtur\\\/\",\"name\":\"Realidad Tur\u00edstica\",\"description\":\"\",\"publisher\":{\"@id\":\"https:\\\/\\\/realidadturistica.com\\\/realtur\\\/#organization\"},\"potentialAction\":[{\"@type\":\"SearchAction\",\"target\":{\"@type\":\"EntryPoint\",\"urlTemplate\":\"https:\\\/\\\/realidadturistica.com\\\/realtur\\\/?s={search_term_string}\"},\"query-input\":{\"@type\":\"PropertyValueSpecification\",\"valueRequired\":true,\"valueName\":\"search_term_string\"}}],\"inLanguage\":\"es\"},{\"@type\":\"Organization\",\"@id\":\"https:\\\/\\\/realidadturistica.com\\\/realtur\\\/#organization\",\"name\":\"Realidad Tur\u00edstica\",\"url\":\"https:\\\/\\\/realidadturistica.com\\\/realtur\\\/\",\"logo\":{\"@type\":\"ImageObject\",\"inLanguage\":\"es\",\"@id\":\"https:\\\/\\\/realidadturistica.com\\\/realtur\\\/#\\\/schema\\\/logo\\\/image\\\/\",\"url\":\"https:\\\/\\\/realidadturistica.com\\\/realtur\\\/wp-content\\\/uploads\\\/2021\\\/12\\\/logotipo-realidad-turistica.png\",\"contentUrl\":\"https:\\\/\\\/realidadturistica.com\\\/realtur\\\/wp-content\\\/uploads\\\/2021\\\/12\\\/logotipo-realidad-turistica.png\",\"width\":1382,\"height\":629,\"caption\":\"Realidad Tur\u00edstica\"},\"image\":{\"@id\":\"https:\\\/\\\/realidadturistica.com\\\/realtur\\\/#\\\/schema\\\/logo\\\/image\\\/\"},\"sameAs\":[\"https:\\\/\\\/www.facebook.com\\\/realidadturistica\",\"https:\\\/\\\/www.instagram.com\\\/realidad_turistica\\\/\"]},{\"@type\":\"Person\",\"@id\":\"https:\\\/\\\/realidadturistica.com\\\/realtur\\\/#\\\/schema\\\/person\\\/ade671191202490fcf08ab21590de73e\",\"name\":\"Editor\",\"image\":{\"@type\":\"ImageObject\",\"inLanguage\":\"es\",\"@id\":\"https:\\\/\\\/realidadturistica.com\\\/realtur\\\/wp-content\\\/uploads\\\/2023\\\/09\\\/Editor_avatar_1693668634-96x96.png\",\"url\":\"https:\\\/\\\/realidadturistica.com\\\/realtur\\\/wp-content\\\/uploads\\\/2023\\\/09\\\/Editor_avatar_1693668634-96x96.png\",\"contentUrl\":\"https:\\\/\\\/realidadturistica.com\\\/realtur\\\/wp-content\\\/uploads\\\/2023\\\/09\\\/Editor_avatar_1693668634-96x96.png\",\"caption\":\"Editor\"},\"sameAs\":[\"https:\\\/\\\/realidadturistica.com\\\/realtur\"],\"url\":\"https:\\\/\\\/realidadturistica.com\\\/realtur\\\/author\\\/editor2\\\/\"}]}<\/script>\n<!-- \/ Yoast SEO Premium plugin. -->","yoast_head_json":{"title":"Pide Azerbaiy\u00e1n a Rusia se responsabilice por su ataque a aeronave civil - Realidad Tur\u00edstica","robots":{"index":"index","follow":"follow","max-snippet":"max-snippet:-1","max-image-preview":"max-image-preview:large","max-video-preview":"max-video-preview:-1"},"canonical":"https:\/\/realidadturistica.com\/realtur\/pide-azerbaiyan-a-rusia-se-responsabilice-por-su-ataque-a-aeronave-civil\/","og_locale":"es_ES","og_type":"article","og_title":"Pide Azerbaiy\u00e1n a Rusia se responsabilice por su ataque a aeronave civil","og_description":"Baku, Azerbaiy\u00e1n.- Sube la tensi\u00f3n entre Azerbaiy\u00e1n&nbsp; y Rusia, tras el accidente del 25 de diciembre pasado del vuelo de Azerbaijan Airlines que cost\u00f3 la&hellip;","og_url":"https:\/\/realidadturistica.com\/realtur\/pide-azerbaiyan-a-rusia-se-responsabilice-por-su-ataque-a-aeronave-civil\/","og_site_name":"Realidad Tur\u00edstica","article_publisher":"https:\/\/www.facebook.com\/realidadturistica","article_published_time":"2025-01-01T15:01:19+00:00","article_modified_time":"2025-01-01T15:01:22+00:00","og_image":[{"width":1200,"height":543,"url":"https:\/\/realidadturistica.com\/realtur\/wp-content\/uploads\/2025\/01\/azerbaijan.jpeg","type":"image\/jpeg"}],"author":"Editor","twitter_card":"summary_large_image","twitter_misc":{"Escrito por":"Editor","Tiempo de lectura":"3 minutos"},"schema":{"@context":"https:\/\/schema.org","@graph":[{"@type":"Article","@id":"https:\/\/realidadturistica.com\/realtur\/pide-azerbaiyan-a-rusia-se-responsabilice-por-su-ataque-a-aeronave-civil\/#article","isPartOf":{"@id":"https:\/\/realidadturistica.com\/realtur\/pide-azerbaiyan-a-rusia-se-responsabilice-por-su-ataque-a-aeronave-civil\/"},"author":{"name":"Editor","@id":"https:\/\/realidadturistica.com\/realtur\/#\/schema\/person\/ade671191202490fcf08ab21590de73e"},"headline":"Pide Azerbaiy\u00e1n a Rusia se responsabilice por su ataque a aeronave civil","datePublished":"2025-01-01T15:01:19+00:00","dateModified":"2025-01-01T15:01:22+00:00","mainEntityOfPage":{"@id":"https:\/\/realidadturistica.com\/realtur\/pide-azerbaiyan-a-rusia-se-responsabilice-por-su-ataque-a-aeronave-civil\/"},"wordCount":490,"commentCount":0,"publisher":{"@id":"https:\/\/realidadturistica.com\/realtur\/#organization"},"image":{"@id":"https:\/\/realidadturistica.com\/realtur\/pide-azerbaiyan-a-rusia-se-responsabilice-por-su-ataque-a-aeronave-civil\/#primaryimage"},"thumbnailUrl":"https:\/\/realidadturistica.com\/realtur\/wp-content\/uploads\/2025\/01\/azerbaijan.jpeg","articleSection":["Volar con pasi\u00f3n"],"inLanguage":"es","potentialAction":[{"@type":"CommentAction","name":"Comment","target":["https:\/\/realidadturistica.com\/realtur\/pide-azerbaiyan-a-rusia-se-responsabilice-por-su-ataque-a-aeronave-civil\/#respond"]}]},{"@type":"WebPage","@id":"https:\/\/realidadturistica.com\/realtur\/pide-azerbaiyan-a-rusia-se-responsabilice-por-su-ataque-a-aeronave-civil\/","url":"https:\/\/realidadturistica.com\/realtur\/pide-azerbaiyan-a-rusia-se-responsabilice-por-su-ataque-a-aeronave-civil\/","name":"Pide Azerbaiy\u00e1n a Rusia se responsabilice por su ataque a aeronave civil - Realidad Tur\u00edstica","isPartOf":{"@id":"https:\/\/realidadturistica.com\/realtur\/#website"},"primaryImageOfPage":{"@id":"https:\/\/realidadturistica.com\/realtur\/pide-azerbaiyan-a-rusia-se-responsabilice-por-su-ataque-a-aeronave-civil\/#primaryimage"},"image":{"@id":"https:\/\/realidadturistica.com\/realtur\/pide-azerbaiyan-a-rusia-se-responsabilice-por-su-ataque-a-aeronave-civil\/#primaryimage"},"thumbnailUrl":"https:\/\/realidadturistica.com\/realtur\/wp-content\/uploads\/2025\/01\/azerbaijan.jpeg","datePublished":"2025-01-01T15:01:19+00:00","dateModified":"2025-01-01T15:01:22+00:00","breadcrumb":{"@id":"https:\/\/realidadturistica.com\/realtur\/pide-azerbaiyan-a-rusia-se-responsabilice-por-su-ataque-a-aeronave-civil\/#breadcrumb"},"inLanguage":"es","potentialAction":[{"@type":"ReadAction","target":["https:\/\/realidadturistica.com\/realtur\/pide-azerbaiyan-a-rusia-se-responsabilice-por-su-ataque-a-aeronave-civil\/"]}]},{"@type":"ImageObject","inLanguage":"es","@id":"https:\/\/realidadturistica.com\/realtur\/pide-azerbaiyan-a-rusia-se-responsabilice-por-su-ataque-a-aeronave-civil\/#primaryimage","url":"https:\/\/realidadturistica.com\/realtur\/wp-content\/uploads\/2025\/01\/azerbaijan.jpeg","contentUrl":"https:\/\/realidadturistica.com\/realtur\/wp-content\/uploads\/2025\/01\/azerbaijan.jpeg","width":1200,"height":543},{"@type":"BreadcrumbList","@id":"https:\/\/realidadturistica.com\/realtur\/pide-azerbaiyan-a-rusia-se-responsabilice-por-su-ataque-a-aeronave-civil\/#breadcrumb","itemListElement":[{"@type":"ListItem","position":1,"name":"Portada","item":"https:\/\/realidadturistica.com\/realtur\/"},{"@type":"ListItem","position":2,"name":"Pide Azerbaiy\u00e1n a Rusia se responsabilice por su ataque a aeronave civil"}]},{"@type":"WebSite","@id":"https:\/\/realidadturistica.com\/realtur\/#website","url":"https:\/\/realidadturistica.com\/realtur\/","name":"Realidad Tur\u00edstica","description":"","publisher":{"@id":"https:\/\/realidadturistica.com\/realtur\/#organization"},"potentialAction":[{"@type":"SearchAction","target":{"@type":"EntryPoint","urlTemplate":"https:\/\/realidadturistica.com\/realtur\/?s={search_term_string}"},"query-input":{"@type":"PropertyValueSpecification","valueRequired":true,"valueName":"search_term_string"}}],"inLanguage":"es"},{"@type":"Organization","@id":"https:\/\/realidadturistica.com\/realtur\/#organization","name":"Realidad Tur\u00edstica","url":"https:\/\/realidadturistica.com\/realtur\/","logo":{"@type":"ImageObject","inLanguage":"es","@id":"https:\/\/realidadturistica.com\/realtur\/#\/schema\/logo\/image\/","url":"https:\/\/realidadturistica.com\/realtur\/wp-content\/uploads\/2021\/12\/logotipo-realidad-turistica.png","contentUrl":"https:\/\/realidadturistica.com\/realtur\/wp-content\/uploads\/2021\/12\/logotipo-realidad-turistica.png","width":1382,"height":629,"caption":"Realidad Tur\u00edstica"},"image":{"@id":"https:\/\/realidadturistica.com\/realtur\/#\/schema\/logo\/image\/"},"sameAs":["https:\/\/www.facebook.com\/realidadturistica","https:\/\/www.instagram.com\/realidad_turistica\/"]},{"@type":"Person","@id":"https:\/\/realidadturistica.com\/realtur\/#\/schema\/person\/ade671191202490fcf08ab21590de73e","name":"Editor","image":{"@type":"ImageObject","inLanguage":"es","@id":"https:\/\/realidadturistica.com\/realtur\/wp-content\/uploads\/2023\/09\/Editor_avatar_1693668634-96x96.png","url":"https:\/\/realidadturistica.com\/realtur\/wp-content\/uploads\/2023\/09\/Editor_avatar_1693668634-96x96.png","contentUrl":"https:\/\/realidadturistica.com\/realtur\/wp-content\/uploads\/2023\/09\/Editor_avatar_1693668634-96x96.png","caption":"Editor"},"sameAs":["https:\/\/realidadturistica.com\/realtur"],"url":"https:\/\/realidadturistica.com\/realtur\/author\/editor2\/"}]}},"_links":{"self":[{"href":"https:\/\/realidadturistica.com\/realtur\/wp-json\/wp\/v2\/posts\/8911","targetHints":{"allow":["GET"]}}],"collection":[{"href":"https:\/\/realidadturistica.com\/realtur\/wp-json\/wp\/v2\/posts"}],"about":[{"href":"https:\/\/realidadturistica.com\/realtur\/wp-json\/wp\/v2\/types\/post"}],"author":[{"embeddable":true,"href":"https:\/\/realidadturistica.com\/realtur\/wp-json\/wp\/v2\/users\/2"}],"replies":[{"embeddable":true,"href":"https:\/\/realidadturistica.com\/realtur\/wp-json\/wp\/v2\/comments?post=8911"}],"version-history":[{"count":1,"href":"https:\/\/realidadturistica.com\/realtur\/wp-json\/wp\/v2\/posts\/8911\/revisions"}],"predecessor-version":[{"id":8913,"href":"https:\/\/realidadturistica.com\/realtur\/wp-json\/wp\/v2\/posts\/8911\/revisions\/8913"}],"wp:featuredmedia":[{"embeddable":true,"href":"https:\/\/realidadturistica.com\/realtur\/wp-json\/wp\/v2\/media\/8912"}],"wp:attachment":[{"href":"https:\/\/realidadturistica.com\/realtur\/wp-json\/wp\/v2\/media?parent=8911"}],"wp:term":[{"taxonomy":"category","embeddable":true,"href":"https:\/\/realidadturistica.com\/realtur\/wp-json\/wp\/v2\/categories?post=8911"},{"taxonomy":"post_tag","embeddable":true,"href":"https:\/\/realidadturistica.com\/realtur\/wp-json\/wp\/v2\/tags?post=8911"}],"curies":[{"name":"wp","href":"https:\/\/api.w.org\/{rel}","templated":true}]}}