{"id":8958,"date":"2025-01-10T12:23:47","date_gmt":"2025-01-10T12:23:47","guid":{"rendered":"https:\/\/realidadturistica.com\/realtur\/?p=8958"},"modified":"2025-01-10T12:23:50","modified_gmt":"2025-01-10T12:23:50","slug":"aeromexico-cambia-embraer-por-boeing-para-subir-83-en-sillas","status":"publish","type":"post","link":"https:\/\/realidadturistica.com\/realtur\/aeromexico-cambia-embraer-por-boeing-para-subir-83-en-sillas\/","title":{"rendered":"Aerom\u00e9xico cambia Embraer por Boeing para subir 83% en sillas"},"content":{"rendered":"\n<p class=\"wp-block-yoast-seo-estimated-reading-time yoast-reading-time__wrapper\"><span class=\"yoast-reading-time__icon\"><svg aria-hidden=\"true\" focusable=\"false\" data-icon=\"clock\" width=\"20\" height=\"20\" fill=\"none\" stroke=\"currentColor\" style=\"display:inline-block;vertical-align:-0.1em\" role=\"img\" xmlns=\"http:\/\/www.w3.org\/2000\/svg\" viewBox=\"0 0 24 24\"><path stroke-linecap=\"round\" stroke-linejoin=\"round\" stroke-width=\"2\" d=\"M12 8v4l3 3m6-3a9 9 0 11-18 0 9 9 0 0118 0z\"><\/path><\/svg><\/span><span class=\"yoast-reading-time__spacer\" style=\"display:inline-block;width:1em\"><\/span><span class=\"yoast-reading-time__descriptive-text\">Estimated reading time: <\/span><span class=\"yoast-reading-time__reading-time\">2<\/span><span class=\"yoast-reading-time__time-unit\"> minutos<\/span><\/p>\n\n\n\n<p>Aerom\u00e9xico anunci\u00f3 el cambio de su flota, pues planea sacar sus equipos Embraer 190 por Boeing 737 Max 9, incrementando su capacidad un 83% en sillas disponibles. \u201cPueden ser reemplazados por 737 MAX 9 para aumentar el n\u00famero de asientos por salidas\u201d, se\u00f1al\u00f3 la compa\u00f1\u00eda a\u00e9rea.<\/p>\n\n\n\n<p>La aerol\u00ednea confirm\u00f3 que ir\u00e1 reemplazando las aeronaves Embraer de las rutas que operan en el Aeropuerto Internacional de la Ciudad de M\u00e9xico (AICM) para ir ingresando gradualmente los Boeing.<\/p>\n\n\n\n<p>Explic\u00f3 que los Embraer solo tienen capacidad para 99 asientos, mientras que los Boeing 737 Max 9 tienen 181 sillas, con m\u00e1s categor\u00edas de asientos, como son clase premier, AM Plus y economy, seg\u00fan Milenio.<\/p>\n\n\n\n<p>Como lo inform\u00f3 REPORTUR.mx, el Departamento de Transporte de Estados Unidos (DOT, por sus siglas en ingl\u00e9s) condicion\u00f3 recientemente la alianza entre Delta Air Lines y Aerom\u00e9xico. En la p\u00e1gina de asuntos regulatorios del gobierno, el DOT mencion\u00f3 que permitir\u00eda una \u00abextensi\u00f3n condicional\u00bb de la alianza entre ambas aerol\u00edneas bajo la condici\u00f3n de que el gobierno mexicano cumpla con un cronograma claro para la restauraci\u00f3n de la capacidad de vuelos en el Aeropuerto Internacional de la Ciudad de M\u00e9xico (AICM).<\/p>\n\n\n\n<p>El 26 de enero del a\u00f1o pasado, el DOT propuso terminar la aprobaci\u00f3n de la alianza entre Delta y Aerom\u00e9xico, existente desde 2017, al considerar que las decisiones del gobierno del entonces presidente Andr\u00e9s Manuel L\u00f3pez Obrador, como trasladar a las aerol\u00edneas de carga al AIFA y recortar operaciones por hora en el AICM, contravienen el convenio bilateral a\u00e9reo.<\/p>\n\n\n\n<p>Reportur.mx<\/p>\n","protected":false},"excerpt":{"rendered":"<p>Aerom\u00e9xico anunci\u00f3 el cambio de su flota, pues planea sacar sus equipos Embraer 190 por Boeing 737 Max 9, incrementando su capacidad un 83% en&hellip;<\/p>\n","protected":false},"author":2,"featured_media":8959,"comment_status":"open","ping_status":"closed","sticky":false,"template":"","format":"standard","meta":{"content-type":"","_lmt_disableupdate":"","_lmt_disable":"","footnotes":""},"categories":[2],"tags":[],"class_list":["post-8958","post","type-post","status-publish","format-standard","has-post-thumbnail","hentry","category-aerolineas"],"yoast_head":"<!-- This site is optimized with the Yoast SEO Premium plugin v27.4 (Yoast SEO v27.5) - https:\/\/yoast.com\/product\/yoast-seo-premium-wordpress\/ -->\n<title>Aerom\u00e9xico cambia Embraer por Boeing para subir 83% en sillas - Realidad Tur\u00edstica<\/title>\n<meta name=\"robots\" content=\"index, follow, max-snippet:-1, max-image-preview:large, max-video-preview:-1\" \/>\n<link rel=\"canonical\" href=\"https:\/\/realidadturistica.com\/realtur\/aeromexico-cambia-embraer-por-boeing-para-subir-83-en-sillas\/\" \/>\n<meta property=\"og:locale\" content=\"es_ES\" \/>\n<meta property=\"og:type\" content=\"article\" \/>\n<meta property=\"og:title\" content=\"Aerom\u00e9xico cambia Embraer por Boeing para subir 83% en sillas\" \/>\n<meta property=\"og:description\" content=\"Aerom\u00e9xico anunci\u00f3 el cambio de su flota, pues planea sacar sus equipos Embraer 190 por Boeing 737 Max 9, incrementando su capacidad un 83% en&hellip;\" \/>\n<meta property=\"og:url\" content=\"https:\/\/realidadturistica.com\/realtur\/aeromexico-cambia-embraer-por-boeing-para-subir-83-en-sillas\/\" \/>\n<meta property=\"og:site_name\" content=\"Realidad Tur\u00edstica\" \/>\n<meta property=\"article:publisher\" content=\"https:\/\/www.facebook.com\/realidadturistica\" \/>\n<meta property=\"article:published_time\" content=\"2025-01-10T12:23:47+00:00\" \/>\n<meta property=\"article:modified_time\" content=\"2025-01-10T12:23:50+00:00\" \/>\n<meta property=\"og:image\" content=\"https:\/\/realidadturistica.com\/realtur\/wp-content\/uploads\/2025\/01\/Aeromexico-cambia.jpg\" \/>\n\t<meta property=\"og:image:width\" content=\"612\" \/>\n\t<meta property=\"og:image:height\" content=\"408\" \/>\n\t<meta property=\"og:image:type\" content=\"image\/jpeg\" \/>\n<meta name=\"author\" content=\"Editor\" \/>\n<meta name=\"twitter:card\" content=\"summary_large_image\" \/>\n<meta name=\"twitter:label1\" content=\"Escrito por\" \/>\n\t<meta name=\"twitter:data1\" content=\"Editor\" \/>\n\t<meta name=\"twitter:label2\" content=\"Tiempo de lectura\" \/>\n\t<meta name=\"twitter:data2\" content=\"2 minutos\" \/>\n<script type=\"application\/ld+json\" class=\"yoast-schema-graph\">{\"@context\":\"https:\\\/\\\/schema.org\",\"@graph\":[{\"@type\":\"Article\",\"@id\":\"https:\\\/\\\/realidadturistica.com\\\/realtur\\\/aeromexico-cambia-embraer-por-boeing-para-subir-83-en-sillas\\\/#article\",\"isPartOf\":{\"@id\":\"https:\\\/\\\/realidadturistica.com\\\/realtur\\\/aeromexico-cambia-embraer-por-boeing-para-subir-83-en-sillas\\\/\"},\"author\":{\"name\":\"Editor\",\"@id\":\"https:\\\/\\\/realidadturistica.com\\\/realtur\\\/#\\\/schema\\\/person\\\/ade671191202490fcf08ab21590de73e\"},\"headline\":\"Aerom\u00e9xico cambia Embraer por Boeing para subir 83% en sillas\",\"datePublished\":\"2025-01-10T12:23:47+00:00\",\"dateModified\":\"2025-01-10T12:23:50+00:00\",\"mainEntityOfPage\":{\"@id\":\"https:\\\/\\\/realidadturistica.com\\\/realtur\\\/aeromexico-cambia-embraer-por-boeing-para-subir-83-en-sillas\\\/\"},\"wordCount\":281,\"commentCount\":0,\"publisher\":{\"@id\":\"https:\\\/\\\/realidadturistica.com\\\/realtur\\\/#organization\"},\"image\":{\"@id\":\"https:\\\/\\\/realidadturistica.com\\\/realtur\\\/aeromexico-cambia-embraer-por-boeing-para-subir-83-en-sillas\\\/#primaryimage\"},\"thumbnailUrl\":\"https:\\\/\\\/realidadturistica.com\\\/realtur\\\/wp-content\\\/uploads\\\/2025\\\/01\\\/Aeromexico-cambia.jpg\",\"articleSection\":[\"Volar con pasi\u00f3n\"],\"inLanguage\":\"es\",\"potentialAction\":[{\"@type\":\"CommentAction\",\"name\":\"Comment\",\"target\":[\"https:\\\/\\\/realidadturistica.com\\\/realtur\\\/aeromexico-cambia-embraer-por-boeing-para-subir-83-en-sillas\\\/#respond\"]}]},{\"@type\":\"WebPage\",\"@id\":\"https:\\\/\\\/realidadturistica.com\\\/realtur\\\/aeromexico-cambia-embraer-por-boeing-para-subir-83-en-sillas\\\/\",\"url\":\"https:\\\/\\\/realidadturistica.com\\\/realtur\\\/aeromexico-cambia-embraer-por-boeing-para-subir-83-en-sillas\\\/\",\"name\":\"Aerom\u00e9xico cambia Embraer por Boeing para subir 83% en sillas - Realidad Tur\u00edstica\",\"isPartOf\":{\"@id\":\"https:\\\/\\\/realidadturistica.com\\\/realtur\\\/#website\"},\"primaryImageOfPage\":{\"@id\":\"https:\\\/\\\/realidadturistica.com\\\/realtur\\\/aeromexico-cambia-embraer-por-boeing-para-subir-83-en-sillas\\\/#primaryimage\"},\"image\":{\"@id\":\"https:\\\/\\\/realidadturistica.com\\\/realtur\\\/aeromexico-cambia-embraer-por-boeing-para-subir-83-en-sillas\\\/#primaryimage\"},\"thumbnailUrl\":\"https:\\\/\\\/realidadturistica.com\\\/realtur\\\/wp-content\\\/uploads\\\/2025\\\/01\\\/Aeromexico-cambia.jpg\",\"datePublished\":\"2025-01-10T12:23:47+00:00\",\"dateModified\":\"2025-01-10T12:23:50+00:00\",\"breadcrumb\":{\"@id\":\"https:\\\/\\\/realidadturistica.com\\\/realtur\\\/aeromexico-cambia-embraer-por-boeing-para-subir-83-en-sillas\\\/#breadcrumb\"},\"inLanguage\":\"es\",\"potentialAction\":[{\"@type\":\"ReadAction\",\"target\":[\"https:\\\/\\\/realidadturistica.com\\\/realtur\\\/aeromexico-cambia-embraer-por-boeing-para-subir-83-en-sillas\\\/\"]}]},{\"@type\":\"ImageObject\",\"inLanguage\":\"es\",\"@id\":\"https:\\\/\\\/realidadturistica.com\\\/realtur\\\/aeromexico-cambia-embraer-por-boeing-para-subir-83-en-sillas\\\/#primaryimage\",\"url\":\"https:\\\/\\\/realidadturistica.com\\\/realtur\\\/wp-content\\\/uploads\\\/2025\\\/01\\\/Aeromexico-cambia.jpg\",\"contentUrl\":\"https:\\\/\\\/realidadturistica.com\\\/realtur\\\/wp-content\\\/uploads\\\/2025\\\/01\\\/Aeromexico-cambia.jpg\",\"width\":612,\"height\":408,\"caption\":\"Lima, Peru \u2013 February 1, 2019: AeroMexico Boeing 737-8 MAX airplane at Lima airport (LIM) in Peru.\"},{\"@type\":\"BreadcrumbList\",\"@id\":\"https:\\\/\\\/realidadturistica.com\\\/realtur\\\/aeromexico-cambia-embraer-por-boeing-para-subir-83-en-sillas\\\/#breadcrumb\",\"itemListElement\":[{\"@type\":\"ListItem\",\"position\":1,\"name\":\"Portada\",\"item\":\"https:\\\/\\\/realidadturistica.com\\\/realtur\\\/\"},{\"@type\":\"ListItem\",\"position\":2,\"name\":\"Aerom\u00e9xico cambia Embraer por Boeing para subir 83% en sillas\"}]},{\"@type\":\"WebSite\",\"@id\":\"https:\\\/\\\/realidadturistica.com\\\/realtur\\\/#website\",\"url\":\"https:\\\/\\\/realidadturistica.com\\\/realtur\\\/\",\"name\":\"Realidad Tur\u00edstica\",\"description\":\"\",\"publisher\":{\"@id\":\"https:\\\/\\\/realidadturistica.com\\\/realtur\\\/#organization\"},\"potentialAction\":[{\"@type\":\"SearchAction\",\"target\":{\"@type\":\"EntryPoint\",\"urlTemplate\":\"https:\\\/\\\/realidadturistica.com\\\/realtur\\\/?s={search_term_string}\"},\"query-input\":{\"@type\":\"PropertyValueSpecification\",\"valueRequired\":true,\"valueName\":\"search_term_string\"}}],\"inLanguage\":\"es\"},{\"@type\":\"Organization\",\"@id\":\"https:\\\/\\\/realidadturistica.com\\\/realtur\\\/#organization\",\"name\":\"Realidad Tur\u00edstica\",\"url\":\"https:\\\/\\\/realidadturistica.com\\\/realtur\\\/\",\"logo\":{\"@type\":\"ImageObject\",\"inLanguage\":\"es\",\"@id\":\"https:\\\/\\\/realidadturistica.com\\\/realtur\\\/#\\\/schema\\\/logo\\\/image\\\/\",\"url\":\"https:\\\/\\\/realidadturistica.com\\\/realtur\\\/wp-content\\\/uploads\\\/2021\\\/12\\\/logotipo-realidad-turistica.png\",\"contentUrl\":\"https:\\\/\\\/realidadturistica.com\\\/realtur\\\/wp-content\\\/uploads\\\/2021\\\/12\\\/logotipo-realidad-turistica.png\",\"width\":1382,\"height\":629,\"caption\":\"Realidad Tur\u00edstica\"},\"image\":{\"@id\":\"https:\\\/\\\/realidadturistica.com\\\/realtur\\\/#\\\/schema\\\/logo\\\/image\\\/\"},\"sameAs\":[\"https:\\\/\\\/www.facebook.com\\\/realidadturistica\",\"https:\\\/\\\/www.instagram.com\\\/realidad_turistica\\\/\"]},{\"@type\":\"Person\",\"@id\":\"https:\\\/\\\/realidadturistica.com\\\/realtur\\\/#\\\/schema\\\/person\\\/ade671191202490fcf08ab21590de73e\",\"name\":\"Editor\",\"image\":{\"@type\":\"ImageObject\",\"inLanguage\":\"es\",\"@id\":\"https:\\\/\\\/realidadturistica.com\\\/realtur\\\/wp-content\\\/uploads\\\/2023\\\/09\\\/Editor_avatar_1693668634-96x96.png\",\"url\":\"https:\\\/\\\/realidadturistica.com\\\/realtur\\\/wp-content\\\/uploads\\\/2023\\\/09\\\/Editor_avatar_1693668634-96x96.png\",\"contentUrl\":\"https:\\\/\\\/realidadturistica.com\\\/realtur\\\/wp-content\\\/uploads\\\/2023\\\/09\\\/Editor_avatar_1693668634-96x96.png\",\"caption\":\"Editor\"},\"sameAs\":[\"https:\\\/\\\/realidadturistica.com\\\/realtur\"],\"url\":\"https:\\\/\\\/realidadturistica.com\\\/realtur\\\/author\\\/editor2\\\/\"}]}<\/script>\n<!-- \/ Yoast SEO Premium plugin. -->","yoast_head_json":{"title":"Aerom\u00e9xico cambia Embraer por Boeing para subir 83% en sillas - Realidad Tur\u00edstica","robots":{"index":"index","follow":"follow","max-snippet":"max-snippet:-1","max-image-preview":"max-image-preview:large","max-video-preview":"max-video-preview:-1"},"canonical":"https:\/\/realidadturistica.com\/realtur\/aeromexico-cambia-embraer-por-boeing-para-subir-83-en-sillas\/","og_locale":"es_ES","og_type":"article","og_title":"Aerom\u00e9xico cambia Embraer por Boeing para subir 83% en sillas","og_description":"Aerom\u00e9xico anunci\u00f3 el cambio de su flota, pues planea sacar sus equipos Embraer 190 por Boeing 737 Max 9, incrementando su capacidad un 83% en&hellip;","og_url":"https:\/\/realidadturistica.com\/realtur\/aeromexico-cambia-embraer-por-boeing-para-subir-83-en-sillas\/","og_site_name":"Realidad Tur\u00edstica","article_publisher":"https:\/\/www.facebook.com\/realidadturistica","article_published_time":"2025-01-10T12:23:47+00:00","article_modified_time":"2025-01-10T12:23:50+00:00","og_image":[{"width":612,"height":408,"url":"https:\/\/realidadturistica.com\/realtur\/wp-content\/uploads\/2025\/01\/Aeromexico-cambia.jpg","type":"image\/jpeg"}],"author":"Editor","twitter_card":"summary_large_image","twitter_misc":{"Escrito por":"Editor","Tiempo de lectura":"2 minutos"},"schema":{"@context":"https:\/\/schema.org","@graph":[{"@type":"Article","@id":"https:\/\/realidadturistica.com\/realtur\/aeromexico-cambia-embraer-por-boeing-para-subir-83-en-sillas\/#article","isPartOf":{"@id":"https:\/\/realidadturistica.com\/realtur\/aeromexico-cambia-embraer-por-boeing-para-subir-83-en-sillas\/"},"author":{"name":"Editor","@id":"https:\/\/realidadturistica.com\/realtur\/#\/schema\/person\/ade671191202490fcf08ab21590de73e"},"headline":"Aerom\u00e9xico cambia Embraer por Boeing para subir 83% en sillas","datePublished":"2025-01-10T12:23:47+00:00","dateModified":"2025-01-10T12:23:50+00:00","mainEntityOfPage":{"@id":"https:\/\/realidadturistica.com\/realtur\/aeromexico-cambia-embraer-por-boeing-para-subir-83-en-sillas\/"},"wordCount":281,"commentCount":0,"publisher":{"@id":"https:\/\/realidadturistica.com\/realtur\/#organization"},"image":{"@id":"https:\/\/realidadturistica.com\/realtur\/aeromexico-cambia-embraer-por-boeing-para-subir-83-en-sillas\/#primaryimage"},"thumbnailUrl":"https:\/\/realidadturistica.com\/realtur\/wp-content\/uploads\/2025\/01\/Aeromexico-cambia.jpg","articleSection":["Volar con pasi\u00f3n"],"inLanguage":"es","potentialAction":[{"@type":"CommentAction","name":"Comment","target":["https:\/\/realidadturistica.com\/realtur\/aeromexico-cambia-embraer-por-boeing-para-subir-83-en-sillas\/#respond"]}]},{"@type":"WebPage","@id":"https:\/\/realidadturistica.com\/realtur\/aeromexico-cambia-embraer-por-boeing-para-subir-83-en-sillas\/","url":"https:\/\/realidadturistica.com\/realtur\/aeromexico-cambia-embraer-por-boeing-para-subir-83-en-sillas\/","name":"Aerom\u00e9xico cambia Embraer por Boeing para subir 83% en sillas - Realidad Tur\u00edstica","isPartOf":{"@id":"https:\/\/realidadturistica.com\/realtur\/#website"},"primaryImageOfPage":{"@id":"https:\/\/realidadturistica.com\/realtur\/aeromexico-cambia-embraer-por-boeing-para-subir-83-en-sillas\/#primaryimage"},"image":{"@id":"https:\/\/realidadturistica.com\/realtur\/aeromexico-cambia-embraer-por-boeing-para-subir-83-en-sillas\/#primaryimage"},"thumbnailUrl":"https:\/\/realidadturistica.com\/realtur\/wp-content\/uploads\/2025\/01\/Aeromexico-cambia.jpg","datePublished":"2025-01-10T12:23:47+00:00","dateModified":"2025-01-10T12:23:50+00:00","breadcrumb":{"@id":"https:\/\/realidadturistica.com\/realtur\/aeromexico-cambia-embraer-por-boeing-para-subir-83-en-sillas\/#breadcrumb"},"inLanguage":"es","potentialAction":[{"@type":"ReadAction","target":["https:\/\/realidadturistica.com\/realtur\/aeromexico-cambia-embraer-por-boeing-para-subir-83-en-sillas\/"]}]},{"@type":"ImageObject","inLanguage":"es","@id":"https:\/\/realidadturistica.com\/realtur\/aeromexico-cambia-embraer-por-boeing-para-subir-83-en-sillas\/#primaryimage","url":"https:\/\/realidadturistica.com\/realtur\/wp-content\/uploads\/2025\/01\/Aeromexico-cambia.jpg","contentUrl":"https:\/\/realidadturistica.com\/realtur\/wp-content\/uploads\/2025\/01\/Aeromexico-cambia.jpg","width":612,"height":408,"caption":"Lima, Peru \u2013 February 1, 2019: AeroMexico Boeing 737-8 MAX airplane at Lima airport (LIM) in Peru."},{"@type":"BreadcrumbList","@id":"https:\/\/realidadturistica.com\/realtur\/aeromexico-cambia-embraer-por-boeing-para-subir-83-en-sillas\/#breadcrumb","itemListElement":[{"@type":"ListItem","position":1,"name":"Portada","item":"https:\/\/realidadturistica.com\/realtur\/"},{"@type":"ListItem","position":2,"name":"Aerom\u00e9xico cambia Embraer por Boeing para subir 83% en sillas"}]},{"@type":"WebSite","@id":"https:\/\/realidadturistica.com\/realtur\/#website","url":"https:\/\/realidadturistica.com\/realtur\/","name":"Realidad Tur\u00edstica","description":"","publisher":{"@id":"https:\/\/realidadturistica.com\/realtur\/#organization"},"potentialAction":[{"@type":"SearchAction","target":{"@type":"EntryPoint","urlTemplate":"https:\/\/realidadturistica.com\/realtur\/?s={search_term_string}"},"query-input":{"@type":"PropertyValueSpecification","valueRequired":true,"valueName":"search_term_string"}}],"inLanguage":"es"},{"@type":"Organization","@id":"https:\/\/realidadturistica.com\/realtur\/#organization","name":"Realidad Tur\u00edstica","url":"https:\/\/realidadturistica.com\/realtur\/","logo":{"@type":"ImageObject","inLanguage":"es","@id":"https:\/\/realidadturistica.com\/realtur\/#\/schema\/logo\/image\/","url":"https:\/\/realidadturistica.com\/realtur\/wp-content\/uploads\/2021\/12\/logotipo-realidad-turistica.png","contentUrl":"https:\/\/realidadturistica.com\/realtur\/wp-content\/uploads\/2021\/12\/logotipo-realidad-turistica.png","width":1382,"height":629,"caption":"Realidad Tur\u00edstica"},"image":{"@id":"https:\/\/realidadturistica.com\/realtur\/#\/schema\/logo\/image\/"},"sameAs":["https:\/\/www.facebook.com\/realidadturistica","https:\/\/www.instagram.com\/realidad_turistica\/"]},{"@type":"Person","@id":"https:\/\/realidadturistica.com\/realtur\/#\/schema\/person\/ade671191202490fcf08ab21590de73e","name":"Editor","image":{"@type":"ImageObject","inLanguage":"es","@id":"https:\/\/realidadturistica.com\/realtur\/wp-content\/uploads\/2023\/09\/Editor_avatar_1693668634-96x96.png","url":"https:\/\/realidadturistica.com\/realtur\/wp-content\/uploads\/2023\/09\/Editor_avatar_1693668634-96x96.png","contentUrl":"https:\/\/realidadturistica.com\/realtur\/wp-content\/uploads\/2023\/09\/Editor_avatar_1693668634-96x96.png","caption":"Editor"},"sameAs":["https:\/\/realidadturistica.com\/realtur"],"url":"https:\/\/realidadturistica.com\/realtur\/author\/editor2\/"}]}},"_links":{"self":[{"href":"https:\/\/realidadturistica.com\/realtur\/wp-json\/wp\/v2\/posts\/8958","targetHints":{"allow":["GET"]}}],"collection":[{"href":"https:\/\/realidadturistica.com\/realtur\/wp-json\/wp\/v2\/posts"}],"about":[{"href":"https:\/\/realidadturistica.com\/realtur\/wp-json\/wp\/v2\/types\/post"}],"author":[{"embeddable":true,"href":"https:\/\/realidadturistica.com\/realtur\/wp-json\/wp\/v2\/users\/2"}],"replies":[{"embeddable":true,"href":"https:\/\/realidadturistica.com\/realtur\/wp-json\/wp\/v2\/comments?post=8958"}],"version-history":[{"count":1,"href":"https:\/\/realidadturistica.com\/realtur\/wp-json\/wp\/v2\/posts\/8958\/revisions"}],"predecessor-version":[{"id":8960,"href":"https:\/\/realidadturistica.com\/realtur\/wp-json\/wp\/v2\/posts\/8958\/revisions\/8960"}],"wp:featuredmedia":[{"embeddable":true,"href":"https:\/\/realidadturistica.com\/realtur\/wp-json\/wp\/v2\/media\/8959"}],"wp:attachment":[{"href":"https:\/\/realidadturistica.com\/realtur\/wp-json\/wp\/v2\/media?parent=8958"}],"wp:term":[{"taxonomy":"category","embeddable":true,"href":"https:\/\/realidadturistica.com\/realtur\/wp-json\/wp\/v2\/categories?post=8958"},{"taxonomy":"post_tag","embeddable":true,"href":"https:\/\/realidadturistica.com\/realtur\/wp-json\/wp\/v2\/tags?post=8958"}],"curies":[{"name":"wp","href":"https:\/\/api.w.org\/{rel}","templated":true}]}}