{"id":8996,"date":"2025-01-21T13:39:49","date_gmt":"2025-01-21T13:39:49","guid":{"rendered":"https:\/\/realidadturistica.com\/realtur\/?p=8996"},"modified":"2025-01-21T13:39:52","modified_gmt":"2025-01-21T13:39:52","slug":"concluye-exitosamente-la-edicion-de-25a-mitm-europe-mice-business","status":"publish","type":"post","link":"https:\/\/realidadturistica.com\/realtur\/concluye-exitosamente-la-edicion-de-25a-mitm-europe-mice-business\/","title":{"rendered":"Concluye exitosamente la edici\u00f3n de 25\u00aa MITM Europe \u2013 MICE &amp; Business"},"content":{"rendered":"\n<p class=\"wp-block-yoast-seo-estimated-reading-time yoast-reading-time__wrapper\"><span class=\"yoast-reading-time__icon\"><svg aria-hidden=\"true\" focusable=\"false\" data-icon=\"clock\" width=\"20\" height=\"20\" fill=\"none\" stroke=\"currentColor\" style=\"display:inline-block;vertical-align:-0.1em\" role=\"img\" xmlns=\"http:\/\/www.w3.org\/2000\/svg\" viewBox=\"0 0 24 24\"><path stroke-linecap=\"round\" stroke-linejoin=\"round\" stroke-width=\"2\" d=\"M12 8v4l3 3m6-3a9 9 0 11-18 0 9 9 0 0118 0z\"><\/path><\/svg><\/span><span class=\"yoast-reading-time__spacer\" style=\"display:inline-block;width:1em\"><\/span><span class=\"yoast-reading-time__descriptive-text\">Estimated reading time: <\/span><span class=\"yoast-reading-time__reading-time\">4<\/span><span class=\"yoast-reading-time__time-unit\"> minutos<\/span><\/p>\n\n\n\n<p>Concluye exitosamente la 25\u00aa edici\u00f3n de MITM Europe \u2013 MICE &amp; Business \u2013 con la participaci\u00f3n de m\u00e1s de 120 empresas de 27 pa\u00edses.<\/p>\n\n\n\n<p>Una vez m\u00e1s MITM cont\u00f3 con el apoyo y patrocinio de la Comunidad de Madrid, Destino Sede del evento, Meli\u00e1 Castilla, hotel sede, y el Estado de Yucat\u00e1n como Destino Invitado, adem\u00e1s de San Luis Capital, Flamenco de Leones &amp; Ramses District, La Milla de Oro del Vino de la Provincia de Valladolid y el Ayuntamiento de Zamora.<\/p>\n\n\n\n<p>El gran atractivo de La Comunidad de Madrid y la intensa promoci\u00f3n realizada para esta edici\u00f3n han generado un gran inter\u00e9s; habi\u00e9ndose registrado m\u00e1s de 500 empresas de 67 pa\u00edses, de las cuales se han seleccionado las 60 con mayor potencial de negocio, especializadas en el sector MICE: empresas corporativas, agencias de incentivo, asociaciones internacionales, event planners, organizadores de congresos, agencias de lujo y tour-operadores con enfoque MICE. Adem\u00e1s, los expositores han adquirido el 100% del espacio disponible, confirmando el \u00e9xito de esta edici\u00f3n, y el inter\u00e9s del sector.<\/p>\n\n\n\n<p>En el hotel Meli\u00e1 Castilla, icono en Madrid del turismo MICE&nbsp; se llevaron a cabo alrededor de 2000 citas de negocio con un impacto econ\u00f3mico estimado a medio y largo plazo de m\u00e1s de 250 millones de euros.<\/p>\n\n\n\n<p>El Estado de Yucat\u00e1n dio inicio a las sesiones de trabajo con una presentaci\u00f3n cautivadora de su destino, destacando su incomparable oferta para el segmento MICE, as\u00ed como la riqueza de su patrimonio cultural y la excelencia de su gastronom\u00eda.<\/p>\n\n\n\n<p>El evento clausur\u00f3 en Flamenco de Leones &amp; Ramses District, un caf\u00e9 cantante entre el bullicio de la Puerta de Alcal\u00e1, donde los participantes disfrutaron de un espect\u00e1culo flamenco feroz. La cena de clausura cont\u00f3 con la participacion de Raquel Gonz\u00e1lez, Jefa de \u00c1rea de Promoci\u00f3n Tur\u00edstica de La Comunidad de Madrid, Ra\u00fal Paz, Subsecretario de Turismo del Estado de Yucat\u00e1n, y Charo Trabado, CEO de MITM Events. Por su parte, Raquel Gonz\u00e1lez, agradeci\u00f3 a los presentes por asistir a esta edici\u00f3n de MITM Europe, \u00abLa Comunidad de Madrid agradece a MITM la organizaci\u00f3n de este evento tan relevante para el sector. Este encuentro, que re\u00fane a compradores y expositores de 27 pa\u00edses en un \u00fanico lugar, refuerza nuestra posici\u00f3n como un destino de confianza para la celebraci\u00f3n de eventos internacionales de gran envergadura. Ra\u00fal Paz agradeci\u00f3 la excelente organizaci\u00f3n del evento, y la oportunidad de ser Destino Invitado: \u00abEs un verdadero honor para Yucat\u00e1n ser el Destino Invitado en este evento, que nos permite compartir nuestra rica cultura, historia y tradiciones con el mundo. Estamos emocionados de poder mostrar la calidez y hospitalidad de nuestra gente, as\u00ed como la diversidad de experiencias que Yucat\u00e1n ofrece como destino MICE de clase mundial.\u00bb<\/p>\n\n\n\n<p>El evento concluy\u00f3 con una cata de&nbsp; La Milla de Oro del Vino, Provincia de Valladolid d\u00f3nde se degustaron 3 de sus mejores vinos maridados con 3 quesos de denominaci\u00f3n de origen. La cata corri\u00f3 a cargo de Rub\u00e9n Valbuena (Queser\u00eda Cultivo-Cantagrullas) y Silvia Ortu\u00f1ez, sumiller vallisoletana, actualmente Head Sommelier del Restaurante Kabuki de Madrid. Francisco Fuentes, Jefe del Servicio de Promoci\u00f3n Agroalimentaria y Consumo, durante el maridaje a\u00f1adi\u00f3 que \u00abPara la Milla de Oro del Vino, participar en esta feria es una oportunidad magn\u00edfica para seguir trabajando en la internacionalizaci\u00f3n de este producto enotur\u00edstico. Este es uno de nuestros objetivos principales, junto con la excelencia y sostenibilidad.\u00bb<\/p>\n\n\n\n<p>El Ayuntamiento de Zamora organiz\u00f3 un exclusivo post-tour dise\u00f1ado especialmente para el sector MICE, una experiencia \u00fanica que permiti\u00f3 a los asistentes sumergirse en la riqueza&nbsp; cultural de la regi\u00f3n, deleitarse con su exquisita gastronom\u00eda y descubrir los matices de su enoturismo en un entorno verdaderamente id\u00edlico, destacando la esencia de Zamora como un destino con gran encanto y atractivo para eventos de alto nivel.<\/p>\n\n\n\n<p>MITM Europe \u2013 MICE &amp; Business \u2013 se ha realizado en veintiuna ciudades de ocho pa\u00edses, y re\u00fane alrededor de 120 participantes provenientes de 25 pa\u00edses, todos ellos directivos y ejecutivos de empresas corporativas, agencias de incentivo, asociaciones internacionales, event planners, organizadores de congresos, agencias de lujo y tour-operadores con enfoque MICE.<\/p>\n\n\n\n<p>GSAR Marketing, empresa organizadora, es una empresa de marketing tur\u00edstico global que forma parte del Grupo Convenco: primer \u201cIncentive House\u201d de Espa\u00f1a fundada hace 51 a\u00f1os, en 1973. Desde 1997, GSAR Marketing produce sus propias ferias internacionales especializadas en Turismo Cultural y en el sector MICE. Ferias interactivas pioneras en B2B en Europa, Las Am\u00e9ricas y El Caribe. Hasta la fecha se han realizado 63 exitosas ediciones en 38 ciudades de 18 pa\u00edses.<\/p>\n\n\n\n<p>Para m\u00e1s informaci\u00f3n: sales@mitmevents.com |&nbsp; +34 915 414 307<\/p>\n\n\n\n<p>GSAR Marketing MITM Events<\/p>\n","protected":false},"excerpt":{"rendered":"<p>Concluye exitosamente la 25\u00aa edici\u00f3n de MITM Europe \u2013 MICE &amp; Business \u2013 con la participaci\u00f3n de m\u00e1s de 120 empresas de 27 pa\u00edses. Una&hellip;<\/p>\n","protected":false},"author":2,"featured_media":8997,"comment_status":"open","ping_status":"closed","sticky":false,"template":"","format":"standard","meta":{"content-type":"","_lmt_disableupdate":"","_lmt_disable":"","footnotes":""},"categories":[5],"tags":[],"class_list":["post-8996","post","type-post","status-publish","format-standard","has-post-thumbnail","hentry","category-mice"],"yoast_head":"<!-- This site is optimized with the Yoast SEO Premium plugin v27.4 (Yoast SEO v27.5) - https:\/\/yoast.com\/product\/yoast-seo-premium-wordpress\/ -->\n<title>Concluye exitosamente la edici\u00f3n de 25\u00aa MITM Europe \u2013 MICE &amp; Business - Realidad Tur\u00edstica<\/title>\n<meta name=\"robots\" content=\"index, follow, max-snippet:-1, max-image-preview:large, max-video-preview:-1\" \/>\n<link rel=\"canonical\" href=\"https:\/\/realidadturistica.com\/realtur\/concluye-exitosamente-la-edicion-de-25a-mitm-europe-mice-business\/\" \/>\n<meta property=\"og:locale\" content=\"es_ES\" \/>\n<meta property=\"og:type\" content=\"article\" \/>\n<meta property=\"og:title\" content=\"Concluye exitosamente la edici\u00f3n de 25\u00aa MITM Europe \u2013 MICE &amp; Business\" \/>\n<meta property=\"og:description\" content=\"Concluye exitosamente la 25\u00aa edici\u00f3n de MITM Europe \u2013 MICE &amp; Business \u2013 con la participaci\u00f3n de m\u00e1s de 120 empresas de 27 pa\u00edses. Una&hellip;\" \/>\n<meta property=\"og:url\" content=\"https:\/\/realidadturistica.com\/realtur\/concluye-exitosamente-la-edicion-de-25a-mitm-europe-mice-business\/\" \/>\n<meta property=\"og:site_name\" content=\"Realidad Tur\u00edstica\" \/>\n<meta property=\"article:publisher\" content=\"https:\/\/www.facebook.com\/realidadturistica\" \/>\n<meta property=\"article:published_time\" content=\"2025-01-21T13:39:49+00:00\" \/>\n<meta property=\"article:modified_time\" content=\"2025-01-21T13:39:52+00:00\" \/>\n<meta property=\"og:image\" content=\"https:\/\/realidadturistica.com\/realtur\/wp-content\/uploads\/2025\/01\/Concluye-exitosamente.jpg\" \/>\n\t<meta property=\"og:image:width\" content=\"1428\" \/>\n\t<meta property=\"og:image:height\" content=\"934\" \/>\n\t<meta property=\"og:image:type\" content=\"image\/jpeg\" \/>\n<meta name=\"author\" content=\"Editor\" \/>\n<meta name=\"twitter:card\" content=\"summary_large_image\" \/>\n<meta name=\"twitter:label1\" content=\"Escrito por\" \/>\n\t<meta name=\"twitter:data1\" content=\"Editor\" \/>\n\t<meta name=\"twitter:label2\" content=\"Tiempo de lectura\" \/>\n\t<meta name=\"twitter:data2\" content=\"4 minutos\" \/>\n<script type=\"application\/ld+json\" class=\"yoast-schema-graph\">{\"@context\":\"https:\\\/\\\/schema.org\",\"@graph\":[{\"@type\":\"Article\",\"@id\":\"https:\\\/\\\/realidadturistica.com\\\/realtur\\\/concluye-exitosamente-la-edicion-de-25a-mitm-europe-mice-business\\\/#article\",\"isPartOf\":{\"@id\":\"https:\\\/\\\/realidadturistica.com\\\/realtur\\\/concluye-exitosamente-la-edicion-de-25a-mitm-europe-mice-business\\\/\"},\"author\":{\"name\":\"Editor\",\"@id\":\"https:\\\/\\\/realidadturistica.com\\\/realtur\\\/#\\\/schema\\\/person\\\/ade671191202490fcf08ab21590de73e\"},\"headline\":\"Concluye exitosamente la edici\u00f3n de 25\u00aa MITM Europe \u2013 MICE &amp; Business\",\"datePublished\":\"2025-01-21T13:39:49+00:00\",\"dateModified\":\"2025-01-21T13:39:52+00:00\",\"mainEntityOfPage\":{\"@id\":\"https:\\\/\\\/realidadturistica.com\\\/realtur\\\/concluye-exitosamente-la-edicion-de-25a-mitm-europe-mice-business\\\/\"},\"wordCount\":817,\"commentCount\":0,\"publisher\":{\"@id\":\"https:\\\/\\\/realidadturistica.com\\\/realtur\\\/#organization\"},\"image\":{\"@id\":\"https:\\\/\\\/realidadturistica.com\\\/realtur\\\/concluye-exitosamente-la-edicion-de-25a-mitm-europe-mice-business\\\/#primaryimage\"},\"thumbnailUrl\":\"https:\\\/\\\/realidadturistica.com\\\/realtur\\\/wp-content\\\/uploads\\\/2025\\\/01\\\/Concluye-exitosamente.jpg\",\"articleSection\":[\"MICE\"],\"inLanguage\":\"es\",\"potentialAction\":[{\"@type\":\"CommentAction\",\"name\":\"Comment\",\"target\":[\"https:\\\/\\\/realidadturistica.com\\\/realtur\\\/concluye-exitosamente-la-edicion-de-25a-mitm-europe-mice-business\\\/#respond\"]}]},{\"@type\":\"WebPage\",\"@id\":\"https:\\\/\\\/realidadturistica.com\\\/realtur\\\/concluye-exitosamente-la-edicion-de-25a-mitm-europe-mice-business\\\/\",\"url\":\"https:\\\/\\\/realidadturistica.com\\\/realtur\\\/concluye-exitosamente-la-edicion-de-25a-mitm-europe-mice-business\\\/\",\"name\":\"Concluye exitosamente la edici\u00f3n de 25\u00aa MITM Europe \u2013 MICE &amp; Business - Realidad Tur\u00edstica\",\"isPartOf\":{\"@id\":\"https:\\\/\\\/realidadturistica.com\\\/realtur\\\/#website\"},\"primaryImageOfPage\":{\"@id\":\"https:\\\/\\\/realidadturistica.com\\\/realtur\\\/concluye-exitosamente-la-edicion-de-25a-mitm-europe-mice-business\\\/#primaryimage\"},\"image\":{\"@id\":\"https:\\\/\\\/realidadturistica.com\\\/realtur\\\/concluye-exitosamente-la-edicion-de-25a-mitm-europe-mice-business\\\/#primaryimage\"},\"thumbnailUrl\":\"https:\\\/\\\/realidadturistica.com\\\/realtur\\\/wp-content\\\/uploads\\\/2025\\\/01\\\/Concluye-exitosamente.jpg\",\"datePublished\":\"2025-01-21T13:39:49+00:00\",\"dateModified\":\"2025-01-21T13:39:52+00:00\",\"breadcrumb\":{\"@id\":\"https:\\\/\\\/realidadturistica.com\\\/realtur\\\/concluye-exitosamente-la-edicion-de-25a-mitm-europe-mice-business\\\/#breadcrumb\"},\"inLanguage\":\"es\",\"potentialAction\":[{\"@type\":\"ReadAction\",\"target\":[\"https:\\\/\\\/realidadturistica.com\\\/realtur\\\/concluye-exitosamente-la-edicion-de-25a-mitm-europe-mice-business\\\/\"]}]},{\"@type\":\"ImageObject\",\"inLanguage\":\"es\",\"@id\":\"https:\\\/\\\/realidadturistica.com\\\/realtur\\\/concluye-exitosamente-la-edicion-de-25a-mitm-europe-mice-business\\\/#primaryimage\",\"url\":\"https:\\\/\\\/realidadturistica.com\\\/realtur\\\/wp-content\\\/uploads\\\/2025\\\/01\\\/Concluye-exitosamente.jpg\",\"contentUrl\":\"https:\\\/\\\/realidadturistica.com\\\/realtur\\\/wp-content\\\/uploads\\\/2025\\\/01\\\/Concluye-exitosamente.jpg\",\"width\":1428,\"height\":934},{\"@type\":\"BreadcrumbList\",\"@id\":\"https:\\\/\\\/realidadturistica.com\\\/realtur\\\/concluye-exitosamente-la-edicion-de-25a-mitm-europe-mice-business\\\/#breadcrumb\",\"itemListElement\":[{\"@type\":\"ListItem\",\"position\":1,\"name\":\"Portada\",\"item\":\"https:\\\/\\\/realidadturistica.com\\\/realtur\\\/\"},{\"@type\":\"ListItem\",\"position\":2,\"name\":\"Concluye exitosamente la edici\u00f3n de 25\u00aa MITM Europe \u2013 MICE &amp; Business\"}]},{\"@type\":\"WebSite\",\"@id\":\"https:\\\/\\\/realidadturistica.com\\\/realtur\\\/#website\",\"url\":\"https:\\\/\\\/realidadturistica.com\\\/realtur\\\/\",\"name\":\"Realidad Tur\u00edstica\",\"description\":\"\",\"publisher\":{\"@id\":\"https:\\\/\\\/realidadturistica.com\\\/realtur\\\/#organization\"},\"potentialAction\":[{\"@type\":\"SearchAction\",\"target\":{\"@type\":\"EntryPoint\",\"urlTemplate\":\"https:\\\/\\\/realidadturistica.com\\\/realtur\\\/?s={search_term_string}\"},\"query-input\":{\"@type\":\"PropertyValueSpecification\",\"valueRequired\":true,\"valueName\":\"search_term_string\"}}],\"inLanguage\":\"es\"},{\"@type\":\"Organization\",\"@id\":\"https:\\\/\\\/realidadturistica.com\\\/realtur\\\/#organization\",\"name\":\"Realidad Tur\u00edstica\",\"url\":\"https:\\\/\\\/realidadturistica.com\\\/realtur\\\/\",\"logo\":{\"@type\":\"ImageObject\",\"inLanguage\":\"es\",\"@id\":\"https:\\\/\\\/realidadturistica.com\\\/realtur\\\/#\\\/schema\\\/logo\\\/image\\\/\",\"url\":\"https:\\\/\\\/realidadturistica.com\\\/realtur\\\/wp-content\\\/uploads\\\/2021\\\/12\\\/logotipo-realidad-turistica.png\",\"contentUrl\":\"https:\\\/\\\/realidadturistica.com\\\/realtur\\\/wp-content\\\/uploads\\\/2021\\\/12\\\/logotipo-realidad-turistica.png\",\"width\":1382,\"height\":629,\"caption\":\"Realidad Tur\u00edstica\"},\"image\":{\"@id\":\"https:\\\/\\\/realidadturistica.com\\\/realtur\\\/#\\\/schema\\\/logo\\\/image\\\/\"},\"sameAs\":[\"https:\\\/\\\/www.facebook.com\\\/realidadturistica\",\"https:\\\/\\\/www.instagram.com\\\/realidad_turistica\\\/\"]},{\"@type\":\"Person\",\"@id\":\"https:\\\/\\\/realidadturistica.com\\\/realtur\\\/#\\\/schema\\\/person\\\/ade671191202490fcf08ab21590de73e\",\"name\":\"Editor\",\"image\":{\"@type\":\"ImageObject\",\"inLanguage\":\"es\",\"@id\":\"https:\\\/\\\/realidadturistica.com\\\/realtur\\\/wp-content\\\/uploads\\\/2023\\\/09\\\/Editor_avatar_1693668634-96x96.png\",\"url\":\"https:\\\/\\\/realidadturistica.com\\\/realtur\\\/wp-content\\\/uploads\\\/2023\\\/09\\\/Editor_avatar_1693668634-96x96.png\",\"contentUrl\":\"https:\\\/\\\/realidadturistica.com\\\/realtur\\\/wp-content\\\/uploads\\\/2023\\\/09\\\/Editor_avatar_1693668634-96x96.png\",\"caption\":\"Editor\"},\"sameAs\":[\"https:\\\/\\\/realidadturistica.com\\\/realtur\"],\"url\":\"https:\\\/\\\/realidadturistica.com\\\/realtur\\\/author\\\/editor2\\\/\"}]}<\/script>\n<!-- \/ Yoast SEO Premium plugin. -->","yoast_head_json":{"title":"Concluye exitosamente la edici\u00f3n de 25\u00aa MITM Europe \u2013 MICE &amp; Business - Realidad Tur\u00edstica","robots":{"index":"index","follow":"follow","max-snippet":"max-snippet:-1","max-image-preview":"max-image-preview:large","max-video-preview":"max-video-preview:-1"},"canonical":"https:\/\/realidadturistica.com\/realtur\/concluye-exitosamente-la-edicion-de-25a-mitm-europe-mice-business\/","og_locale":"es_ES","og_type":"article","og_title":"Concluye exitosamente la edici\u00f3n de 25\u00aa MITM Europe \u2013 MICE &amp; Business","og_description":"Concluye exitosamente la 25\u00aa edici\u00f3n de MITM Europe \u2013 MICE &amp; Business \u2013 con la participaci\u00f3n de m\u00e1s de 120 empresas de 27 pa\u00edses. Una&hellip;","og_url":"https:\/\/realidadturistica.com\/realtur\/concluye-exitosamente-la-edicion-de-25a-mitm-europe-mice-business\/","og_site_name":"Realidad Tur\u00edstica","article_publisher":"https:\/\/www.facebook.com\/realidadturistica","article_published_time":"2025-01-21T13:39:49+00:00","article_modified_time":"2025-01-21T13:39:52+00:00","og_image":[{"width":1428,"height":934,"url":"https:\/\/realidadturistica.com\/realtur\/wp-content\/uploads\/2025\/01\/Concluye-exitosamente.jpg","type":"image\/jpeg"}],"author":"Editor","twitter_card":"summary_large_image","twitter_misc":{"Escrito por":"Editor","Tiempo de lectura":"4 minutos"},"schema":{"@context":"https:\/\/schema.org","@graph":[{"@type":"Article","@id":"https:\/\/realidadturistica.com\/realtur\/concluye-exitosamente-la-edicion-de-25a-mitm-europe-mice-business\/#article","isPartOf":{"@id":"https:\/\/realidadturistica.com\/realtur\/concluye-exitosamente-la-edicion-de-25a-mitm-europe-mice-business\/"},"author":{"name":"Editor","@id":"https:\/\/realidadturistica.com\/realtur\/#\/schema\/person\/ade671191202490fcf08ab21590de73e"},"headline":"Concluye exitosamente la edici\u00f3n de 25\u00aa MITM Europe \u2013 MICE &amp; Business","datePublished":"2025-01-21T13:39:49+00:00","dateModified":"2025-01-21T13:39:52+00:00","mainEntityOfPage":{"@id":"https:\/\/realidadturistica.com\/realtur\/concluye-exitosamente-la-edicion-de-25a-mitm-europe-mice-business\/"},"wordCount":817,"commentCount":0,"publisher":{"@id":"https:\/\/realidadturistica.com\/realtur\/#organization"},"image":{"@id":"https:\/\/realidadturistica.com\/realtur\/concluye-exitosamente-la-edicion-de-25a-mitm-europe-mice-business\/#primaryimage"},"thumbnailUrl":"https:\/\/realidadturistica.com\/realtur\/wp-content\/uploads\/2025\/01\/Concluye-exitosamente.jpg","articleSection":["MICE"],"inLanguage":"es","potentialAction":[{"@type":"CommentAction","name":"Comment","target":["https:\/\/realidadturistica.com\/realtur\/concluye-exitosamente-la-edicion-de-25a-mitm-europe-mice-business\/#respond"]}]},{"@type":"WebPage","@id":"https:\/\/realidadturistica.com\/realtur\/concluye-exitosamente-la-edicion-de-25a-mitm-europe-mice-business\/","url":"https:\/\/realidadturistica.com\/realtur\/concluye-exitosamente-la-edicion-de-25a-mitm-europe-mice-business\/","name":"Concluye exitosamente la edici\u00f3n de 25\u00aa MITM Europe \u2013 MICE &amp; Business - Realidad Tur\u00edstica","isPartOf":{"@id":"https:\/\/realidadturistica.com\/realtur\/#website"},"primaryImageOfPage":{"@id":"https:\/\/realidadturistica.com\/realtur\/concluye-exitosamente-la-edicion-de-25a-mitm-europe-mice-business\/#primaryimage"},"image":{"@id":"https:\/\/realidadturistica.com\/realtur\/concluye-exitosamente-la-edicion-de-25a-mitm-europe-mice-business\/#primaryimage"},"thumbnailUrl":"https:\/\/realidadturistica.com\/realtur\/wp-content\/uploads\/2025\/01\/Concluye-exitosamente.jpg","datePublished":"2025-01-21T13:39:49+00:00","dateModified":"2025-01-21T13:39:52+00:00","breadcrumb":{"@id":"https:\/\/realidadturistica.com\/realtur\/concluye-exitosamente-la-edicion-de-25a-mitm-europe-mice-business\/#breadcrumb"},"inLanguage":"es","potentialAction":[{"@type":"ReadAction","target":["https:\/\/realidadturistica.com\/realtur\/concluye-exitosamente-la-edicion-de-25a-mitm-europe-mice-business\/"]}]},{"@type":"ImageObject","inLanguage":"es","@id":"https:\/\/realidadturistica.com\/realtur\/concluye-exitosamente-la-edicion-de-25a-mitm-europe-mice-business\/#primaryimage","url":"https:\/\/realidadturistica.com\/realtur\/wp-content\/uploads\/2025\/01\/Concluye-exitosamente.jpg","contentUrl":"https:\/\/realidadturistica.com\/realtur\/wp-content\/uploads\/2025\/01\/Concluye-exitosamente.jpg","width":1428,"height":934},{"@type":"BreadcrumbList","@id":"https:\/\/realidadturistica.com\/realtur\/concluye-exitosamente-la-edicion-de-25a-mitm-europe-mice-business\/#breadcrumb","itemListElement":[{"@type":"ListItem","position":1,"name":"Portada","item":"https:\/\/realidadturistica.com\/realtur\/"},{"@type":"ListItem","position":2,"name":"Concluye exitosamente la edici\u00f3n de 25\u00aa MITM Europe \u2013 MICE &amp; Business"}]},{"@type":"WebSite","@id":"https:\/\/realidadturistica.com\/realtur\/#website","url":"https:\/\/realidadturistica.com\/realtur\/","name":"Realidad Tur\u00edstica","description":"","publisher":{"@id":"https:\/\/realidadturistica.com\/realtur\/#organization"},"potentialAction":[{"@type":"SearchAction","target":{"@type":"EntryPoint","urlTemplate":"https:\/\/realidadturistica.com\/realtur\/?s={search_term_string}"},"query-input":{"@type":"PropertyValueSpecification","valueRequired":true,"valueName":"search_term_string"}}],"inLanguage":"es"},{"@type":"Organization","@id":"https:\/\/realidadturistica.com\/realtur\/#organization","name":"Realidad Tur\u00edstica","url":"https:\/\/realidadturistica.com\/realtur\/","logo":{"@type":"ImageObject","inLanguage":"es","@id":"https:\/\/realidadturistica.com\/realtur\/#\/schema\/logo\/image\/","url":"https:\/\/realidadturistica.com\/realtur\/wp-content\/uploads\/2021\/12\/logotipo-realidad-turistica.png","contentUrl":"https:\/\/realidadturistica.com\/realtur\/wp-content\/uploads\/2021\/12\/logotipo-realidad-turistica.png","width":1382,"height":629,"caption":"Realidad Tur\u00edstica"},"image":{"@id":"https:\/\/realidadturistica.com\/realtur\/#\/schema\/logo\/image\/"},"sameAs":["https:\/\/www.facebook.com\/realidadturistica","https:\/\/www.instagram.com\/realidad_turistica\/"]},{"@type":"Person","@id":"https:\/\/realidadturistica.com\/realtur\/#\/schema\/person\/ade671191202490fcf08ab21590de73e","name":"Editor","image":{"@type":"ImageObject","inLanguage":"es","@id":"https:\/\/realidadturistica.com\/realtur\/wp-content\/uploads\/2023\/09\/Editor_avatar_1693668634-96x96.png","url":"https:\/\/realidadturistica.com\/realtur\/wp-content\/uploads\/2023\/09\/Editor_avatar_1693668634-96x96.png","contentUrl":"https:\/\/realidadturistica.com\/realtur\/wp-content\/uploads\/2023\/09\/Editor_avatar_1693668634-96x96.png","caption":"Editor"},"sameAs":["https:\/\/realidadturistica.com\/realtur"],"url":"https:\/\/realidadturistica.com\/realtur\/author\/editor2\/"}]}},"_links":{"self":[{"href":"https:\/\/realidadturistica.com\/realtur\/wp-json\/wp\/v2\/posts\/8996","targetHints":{"allow":["GET"]}}],"collection":[{"href":"https:\/\/realidadturistica.com\/realtur\/wp-json\/wp\/v2\/posts"}],"about":[{"href":"https:\/\/realidadturistica.com\/realtur\/wp-json\/wp\/v2\/types\/post"}],"author":[{"embeddable":true,"href":"https:\/\/realidadturistica.com\/realtur\/wp-json\/wp\/v2\/users\/2"}],"replies":[{"embeddable":true,"href":"https:\/\/realidadturistica.com\/realtur\/wp-json\/wp\/v2\/comments?post=8996"}],"version-history":[{"count":1,"href":"https:\/\/realidadturistica.com\/realtur\/wp-json\/wp\/v2\/posts\/8996\/revisions"}],"predecessor-version":[{"id":8998,"href":"https:\/\/realidadturistica.com\/realtur\/wp-json\/wp\/v2\/posts\/8996\/revisions\/8998"}],"wp:featuredmedia":[{"embeddable":true,"href":"https:\/\/realidadturistica.com\/realtur\/wp-json\/wp\/v2\/media\/8997"}],"wp:attachment":[{"href":"https:\/\/realidadturistica.com\/realtur\/wp-json\/wp\/v2\/media?parent=8996"}],"wp:term":[{"taxonomy":"category","embeddable":true,"href":"https:\/\/realidadturistica.com\/realtur\/wp-json\/wp\/v2\/categories?post=8996"},{"taxonomy":"post_tag","embeddable":true,"href":"https:\/\/realidadturistica.com\/realtur\/wp-json\/wp\/v2\/tags?post=8996"}],"curies":[{"name":"wp","href":"https:\/\/api.w.org\/{rel}","templated":true}]}}