{"id":8999,"date":"2025-01-21T17:45:33","date_gmt":"2025-01-21T17:45:33","guid":{"rendered":"https:\/\/realidadturistica.com\/realtur\/?p=8999"},"modified":"2025-01-21T17:45:36","modified_gmt":"2025-01-21T17:45:36","slug":"air-europa-conectara-madrid-con-estambul-a-partir-de-mayo","status":"publish","type":"post","link":"https:\/\/realidadturistica.com\/realtur\/air-europa-conectara-madrid-con-estambul-a-partir-de-mayo\/","title":{"rendered":"Air Europa conectar\u00e1 Madrid con Estambul a partir de mayo"},"content":{"rendered":"\n<p class=\"wp-block-yoast-seo-estimated-reading-time yoast-reading-time__wrapper\"><span class=\"yoast-reading-time__icon\"><svg aria-hidden=\"true\" focusable=\"false\" data-icon=\"clock\" width=\"20\" height=\"20\" fill=\"none\" stroke=\"currentColor\" style=\"display:inline-block;vertical-align:-0.1em\" role=\"img\" xmlns=\"http:\/\/www.w3.org\/2000\/svg\" viewBox=\"0 0 24 24\"><path stroke-linecap=\"round\" stroke-linejoin=\"round\" stroke-width=\"2\" d=\"M12 8v4l3 3m6-3a9 9 0 11-18 0 9 9 0 0118 0z\"><\/path><\/svg><\/span><span class=\"yoast-reading-time__spacer\" style=\"display:inline-block;width:1em\"><\/span><span class=\"yoast-reading-time__descriptive-text\">Estimated reading time: <\/span><span class=\"yoast-reading-time__reading-time\">3<\/span><span class=\"yoast-reading-time__time-unit\"> minutos<\/span><\/p>\n\n\n\n<p>\u2022&nbsp;&nbsp;&nbsp;&nbsp;&nbsp;&nbsp;&nbsp;&nbsp;&nbsp; La aerol\u00ednea volar\u00e1 a la ciudad turca con una frecuencia diaria de manera estable desde principios de julio.<\/p>\n\n\n\n<p>\u2022&nbsp;&nbsp;&nbsp;&nbsp;&nbsp;&nbsp;&nbsp;&nbsp;&nbsp; La ruta se operar\u00e1 con la flota Boeing 787 Dreamliner que permitir\u00e1 habilitar una oferta de m\u00e1s de 247.000 plazas este a\u00f1o con una ocupaci\u00f3n estimada del 80%.<\/p>\n\n\n\n<p>Madrid, 20 de enero de 2025.- Air Europa contin\u00faa ampliando su red global de destinos con la incorporaci\u00f3n de una de las ciudades con m\u00e1s encanto del planeta, y puente entre Europa y Oriente Pr\u00f3ximo: Estambul. La aerol\u00ednea abrir\u00e1 por primera vez ruta entre el hub estrat\u00e9gico del aeropuerto Madrid-Barajas y la urbe turca el pr\u00f3ximo 12 de mayo, con lo que consolida su oferta alrededor del arco Mediterr\u00e1neo.<\/p>\n\n\n\n<p>Estambul es un nodo de gran valor, tanto para el turismo, por su riqueza cultural, como para los negocios, dada su ubicaci\u00f3n privilegiada y sus posibilidades de conectividad con Asia y \u00c1frica. Air Europa comenzar\u00e1 operando cuatro frecuencias semanales y las aumentar\u00e1 progresivamente hasta alcanzar una diaria desde el 7 de julio. Los vuelos desde Madrid despegar\u00e1n a las 9:30, mientras que desde Estambul lo har\u00e1n a las 16:00, lo que garantiza la conexi\u00f3n con las rutas transoce\u00e1nicas nocturnas desde Madrid hacia los diferentes destinos de Air Europa en Am\u00e9rica.<\/p>\n\n\n\n<p>La operativa se realizar\u00e1 a bordo del avi\u00f3n m\u00e1s emblem\u00e1tico de la compa\u00f1\u00eda, el Boeing 787 Dreamliner. La alta capacidad de este modelo, el m\u00e1s eficiente y avanzado de su categor\u00eda, permite habilitar una oferta de m\u00e1s de 247.000 plazas este a\u00f1o con una ocupaci\u00f3n estimada del 80%.<\/p>\n\n\n\n<p>El Dreamliner representa un cambio total en la experiencia del cliente. Adem\u00e1s de su rendimiento, que favorece la reducci\u00f3n del consumo y las emisiones hasta en un 25%, est\u00e1 dise\u00f1ado para proporcionar el m\u00e1ximo confort y descanso al usuario. A ello contribuye el bajo impacto sonoro de sus motores, los techos m\u00e1s elevados en la cabina, la amplia luz natural que permiten sus ventanillas (un 30% m\u00e1s grandes de lo habitual) o su sistema de ventilaci\u00f3n que facilita el descanso y reduce la fatiga. Adem\u00e1s, cuenta con un completo sistema de entretenimiento a bordo y una clase Business \u00fanica, con asientos totalmente reclinables y convertibles en camas de dos metros de largo.<\/p>\n\n\n\n<p>Con esta ruta, Air Europa contin\u00faa adelante con su plan de expansi\u00f3n internacional, llegando a m\u00e1s destinos y creciendo en su oferta de plazas. Para ello, la compa\u00f1\u00eda seguir\u00e1 sumando este a\u00f1o nuevos aviones a su flota, incluyendo tres nuevos Boeing 787 Dreamliner y su primer Boeing 737 MAX. De esta forma, ampliar\u00e1 su capacidad al tiempo que sigue apostando por la flota m\u00e1s sostenible y ecol\u00f3gica del mercado.<\/p>\n\n\n\n<p>Acerca de Air Europa<\/p>\n\n\n\n<p>En el aire desde 1986, Air Europa es una aerol\u00ednea espa\u00f1ola miembro de la alianza SkyTeam. La flota de la compa\u00f1\u00eda, constituida por 52 aeronaves, es una de las m\u00e1s modernas y sostenibles del sector, integrada por modelos Boeing 787 Dreamliner y Boeing 737 que garantizan la m\u00e1xima eficiencia y comodidad para sus pasajeros. Air Europa vuela a m\u00e1s de 55 destinos en todo el mundo y cuenta con una posici\u00f3n estrat\u00e9gica en el hub del aeropuerto Adolfo Su\u00e1rez Madrid-Barajas, conectando Europa y Am\u00e9rica. La compa\u00f1\u00eda destaca por su firme compromiso con la sostenibilidad y la descarbonizaci\u00f3n, as\u00ed como por su apuesta por la innovaci\u00f3n a trav\u00e9s de la incorporaci\u00f3n de las tecnolog\u00edas m\u00e1s avanzadas para la digitalizaci\u00f3n y optimizaci\u00f3n de sus procesos. Adem\u00e1s, Air Europa brinda un elevado nivel de excelencia a sus pasajeros y figura habitualmente entre las aerol\u00edneas m\u00e1s puntuales del continente europeo.<\/p>\n\n\n\n<p>Departamento de Comunicaci\u00f3n<\/p>\n\n\n\n<p>Email: comunicacion@globalia.com<\/p>\n","protected":false},"excerpt":{"rendered":"<p>\u2022&nbsp;&nbsp;&nbsp;&nbsp;&nbsp;&nbsp;&nbsp;&nbsp;&nbsp; La aerol\u00ednea volar\u00e1 a la ciudad turca con una frecuencia diaria de manera estable desde principios de julio. \u2022&nbsp;&nbsp;&nbsp;&nbsp;&nbsp;&nbsp;&nbsp;&nbsp;&nbsp; La ruta se operar\u00e1 con&hellip;<\/p>\n","protected":false},"author":2,"featured_media":9000,"comment_status":"open","ping_status":"closed","sticky":false,"template":"","format":"standard","meta":{"content-type":"","_lmt_disableupdate":"","_lmt_disable":"","footnotes":""},"categories":[2],"tags":[],"class_list":["post-8999","post","type-post","status-publish","format-standard","has-post-thumbnail","hentry","category-aerolineas"],"yoast_head":"<!-- This site is optimized with the Yoast SEO Premium plugin v27.4 (Yoast SEO v27.4) - https:\/\/yoast.com\/product\/yoast-seo-premium-wordpress\/ -->\n<title>Air Europa conectar\u00e1 Madrid con Estambul a partir de mayo - Realidad Tur\u00edstica<\/title>\n<meta name=\"robots\" content=\"index, follow, max-snippet:-1, max-image-preview:large, max-video-preview:-1\" \/>\n<link rel=\"canonical\" href=\"https:\/\/realidadturistica.com\/realtur\/air-europa-conectara-madrid-con-estambul-a-partir-de-mayo\/\" \/>\n<meta property=\"og:locale\" content=\"es_ES\" \/>\n<meta property=\"og:type\" content=\"article\" \/>\n<meta property=\"og:title\" content=\"Air Europa conectar\u00e1 Madrid con Estambul a partir de mayo\" \/>\n<meta property=\"og:description\" content=\"\u2022&nbsp;&nbsp;&nbsp;&nbsp;&nbsp;&nbsp;&nbsp;&nbsp;&nbsp; La aerol\u00ednea volar\u00e1 a la ciudad turca con una frecuencia diaria de manera estable desde principios de julio. \u2022&nbsp;&nbsp;&nbsp;&nbsp;&nbsp;&nbsp;&nbsp;&nbsp;&nbsp; La ruta se operar\u00e1 con&hellip;\" \/>\n<meta property=\"og:url\" content=\"https:\/\/realidadturistica.com\/realtur\/air-europa-conectara-madrid-con-estambul-a-partir-de-mayo\/\" \/>\n<meta property=\"og:site_name\" content=\"Realidad Tur\u00edstica\" \/>\n<meta property=\"article:publisher\" content=\"https:\/\/www.facebook.com\/realidadturistica\" \/>\n<meta property=\"article:published_time\" content=\"2025-01-21T17:45:33+00:00\" \/>\n<meta property=\"article:modified_time\" content=\"2025-01-21T17:45:36+00:00\" \/>\n<meta property=\"og:image\" content=\"https:\/\/realidadturistica.com\/realtur\/wp-content\/uploads\/2025\/01\/300x250.jpg\" \/>\n\t<meta property=\"og:image:width\" content=\"300\" \/>\n\t<meta property=\"og:image:height\" content=\"250\" \/>\n\t<meta property=\"og:image:type\" content=\"image\/jpeg\" \/>\n<meta name=\"author\" content=\"Editor\" \/>\n<meta name=\"twitter:card\" content=\"summary_large_image\" \/>\n<meta name=\"twitter:label1\" content=\"Escrito por\" \/>\n\t<meta name=\"twitter:data1\" content=\"Editor\" \/>\n\t<meta name=\"twitter:label2\" content=\"Tiempo de lectura\" \/>\n\t<meta name=\"twitter:data2\" content=\"3 minutos\" \/>\n<script type=\"application\/ld+json\" class=\"yoast-schema-graph\">{\"@context\":\"https:\\\/\\\/schema.org\",\"@graph\":[{\"@type\":\"Article\",\"@id\":\"https:\\\/\\\/realidadturistica.com\\\/realtur\\\/air-europa-conectara-madrid-con-estambul-a-partir-de-mayo\\\/#article\",\"isPartOf\":{\"@id\":\"https:\\\/\\\/realidadturistica.com\\\/realtur\\\/air-europa-conectara-madrid-con-estambul-a-partir-de-mayo\\\/\"},\"author\":{\"name\":\"Editor\",\"@id\":\"https:\\\/\\\/realidadturistica.com\\\/realtur\\\/#\\\/schema\\\/person\\\/ade671191202490fcf08ab21590de73e\"},\"headline\":\"Air Europa conectar\u00e1 Madrid con Estambul a partir de mayo\",\"datePublished\":\"2025-01-21T17:45:33+00:00\",\"dateModified\":\"2025-01-21T17:45:36+00:00\",\"mainEntityOfPage\":{\"@id\":\"https:\\\/\\\/realidadturistica.com\\\/realtur\\\/air-europa-conectara-madrid-con-estambul-a-partir-de-mayo\\\/\"},\"wordCount\":668,\"commentCount\":0,\"publisher\":{\"@id\":\"https:\\\/\\\/realidadturistica.com\\\/realtur\\\/#organization\"},\"image\":{\"@id\":\"https:\\\/\\\/realidadturistica.com\\\/realtur\\\/air-europa-conectara-madrid-con-estambul-a-partir-de-mayo\\\/#primaryimage\"},\"thumbnailUrl\":\"https:\\\/\\\/realidadturistica.com\\\/realtur\\\/wp-content\\\/uploads\\\/2025\\\/01\\\/300x250.jpg\",\"articleSection\":[\"Volar con pasi\u00f3n\"],\"inLanguage\":\"es\",\"potentialAction\":[{\"@type\":\"CommentAction\",\"name\":\"Comment\",\"target\":[\"https:\\\/\\\/realidadturistica.com\\\/realtur\\\/air-europa-conectara-madrid-con-estambul-a-partir-de-mayo\\\/#respond\"]}]},{\"@type\":\"WebPage\",\"@id\":\"https:\\\/\\\/realidadturistica.com\\\/realtur\\\/air-europa-conectara-madrid-con-estambul-a-partir-de-mayo\\\/\",\"url\":\"https:\\\/\\\/realidadturistica.com\\\/realtur\\\/air-europa-conectara-madrid-con-estambul-a-partir-de-mayo\\\/\",\"name\":\"Air Europa conectar\u00e1 Madrid con Estambul a partir de mayo - Realidad Tur\u00edstica\",\"isPartOf\":{\"@id\":\"https:\\\/\\\/realidadturistica.com\\\/realtur\\\/#website\"},\"primaryImageOfPage\":{\"@id\":\"https:\\\/\\\/realidadturistica.com\\\/realtur\\\/air-europa-conectara-madrid-con-estambul-a-partir-de-mayo\\\/#primaryimage\"},\"image\":{\"@id\":\"https:\\\/\\\/realidadturistica.com\\\/realtur\\\/air-europa-conectara-madrid-con-estambul-a-partir-de-mayo\\\/#primaryimage\"},\"thumbnailUrl\":\"https:\\\/\\\/realidadturistica.com\\\/realtur\\\/wp-content\\\/uploads\\\/2025\\\/01\\\/300x250.jpg\",\"datePublished\":\"2025-01-21T17:45:33+00:00\",\"dateModified\":\"2025-01-21T17:45:36+00:00\",\"breadcrumb\":{\"@id\":\"https:\\\/\\\/realidadturistica.com\\\/realtur\\\/air-europa-conectara-madrid-con-estambul-a-partir-de-mayo\\\/#breadcrumb\"},\"inLanguage\":\"es\",\"potentialAction\":[{\"@type\":\"ReadAction\",\"target\":[\"https:\\\/\\\/realidadturistica.com\\\/realtur\\\/air-europa-conectara-madrid-con-estambul-a-partir-de-mayo\\\/\"]}]},{\"@type\":\"ImageObject\",\"inLanguage\":\"es\",\"@id\":\"https:\\\/\\\/realidadturistica.com\\\/realtur\\\/air-europa-conectara-madrid-con-estambul-a-partir-de-mayo\\\/#primaryimage\",\"url\":\"https:\\\/\\\/realidadturistica.com\\\/realtur\\\/wp-content\\\/uploads\\\/2025\\\/01\\\/300x250.jpg\",\"contentUrl\":\"https:\\\/\\\/realidadturistica.com\\\/realtur\\\/wp-content\\\/uploads\\\/2025\\\/01\\\/300x250.jpg\",\"width\":300,\"height\":250},{\"@type\":\"BreadcrumbList\",\"@id\":\"https:\\\/\\\/realidadturistica.com\\\/realtur\\\/air-europa-conectara-madrid-con-estambul-a-partir-de-mayo\\\/#breadcrumb\",\"itemListElement\":[{\"@type\":\"ListItem\",\"position\":1,\"name\":\"Portada\",\"item\":\"https:\\\/\\\/realidadturistica.com\\\/realtur\\\/\"},{\"@type\":\"ListItem\",\"position\":2,\"name\":\"Air Europa conectar\u00e1 Madrid con Estambul a partir de mayo\"}]},{\"@type\":\"WebSite\",\"@id\":\"https:\\\/\\\/realidadturistica.com\\\/realtur\\\/#website\",\"url\":\"https:\\\/\\\/realidadturistica.com\\\/realtur\\\/\",\"name\":\"Realidad Tur\u00edstica\",\"description\":\"\",\"publisher\":{\"@id\":\"https:\\\/\\\/realidadturistica.com\\\/realtur\\\/#organization\"},\"potentialAction\":[{\"@type\":\"SearchAction\",\"target\":{\"@type\":\"EntryPoint\",\"urlTemplate\":\"https:\\\/\\\/realidadturistica.com\\\/realtur\\\/?s={search_term_string}\"},\"query-input\":{\"@type\":\"PropertyValueSpecification\",\"valueRequired\":true,\"valueName\":\"search_term_string\"}}],\"inLanguage\":\"es\"},{\"@type\":\"Organization\",\"@id\":\"https:\\\/\\\/realidadturistica.com\\\/realtur\\\/#organization\",\"name\":\"Realidad Tur\u00edstica\",\"url\":\"https:\\\/\\\/realidadturistica.com\\\/realtur\\\/\",\"logo\":{\"@type\":\"ImageObject\",\"inLanguage\":\"es\",\"@id\":\"https:\\\/\\\/realidadturistica.com\\\/realtur\\\/#\\\/schema\\\/logo\\\/image\\\/\",\"url\":\"https:\\\/\\\/realidadturistica.com\\\/realtur\\\/wp-content\\\/uploads\\\/2021\\\/12\\\/logotipo-realidad-turistica.png\",\"contentUrl\":\"https:\\\/\\\/realidadturistica.com\\\/realtur\\\/wp-content\\\/uploads\\\/2021\\\/12\\\/logotipo-realidad-turistica.png\",\"width\":1382,\"height\":629,\"caption\":\"Realidad Tur\u00edstica\"},\"image\":{\"@id\":\"https:\\\/\\\/realidadturistica.com\\\/realtur\\\/#\\\/schema\\\/logo\\\/image\\\/\"},\"sameAs\":[\"https:\\\/\\\/www.facebook.com\\\/realidadturistica\",\"https:\\\/\\\/www.instagram.com\\\/realidad_turistica\\\/\"]},{\"@type\":\"Person\",\"@id\":\"https:\\\/\\\/realidadturistica.com\\\/realtur\\\/#\\\/schema\\\/person\\\/ade671191202490fcf08ab21590de73e\",\"name\":\"Editor\",\"image\":{\"@type\":\"ImageObject\",\"inLanguage\":\"es\",\"@id\":\"https:\\\/\\\/realidadturistica.com\\\/realtur\\\/wp-content\\\/uploads\\\/2023\\\/09\\\/Editor_avatar_1693668634-96x96.png\",\"url\":\"https:\\\/\\\/realidadturistica.com\\\/realtur\\\/wp-content\\\/uploads\\\/2023\\\/09\\\/Editor_avatar_1693668634-96x96.png\",\"contentUrl\":\"https:\\\/\\\/realidadturistica.com\\\/realtur\\\/wp-content\\\/uploads\\\/2023\\\/09\\\/Editor_avatar_1693668634-96x96.png\",\"caption\":\"Editor\"},\"sameAs\":[\"https:\\\/\\\/realidadturistica.com\\\/realtur\"],\"url\":\"https:\\\/\\\/realidadturistica.com\\\/realtur\\\/author\\\/editor2\\\/\"}]}<\/script>\n<!-- \/ Yoast SEO Premium plugin. -->","yoast_head_json":{"title":"Air Europa conectar\u00e1 Madrid con Estambul a partir de mayo - Realidad Tur\u00edstica","robots":{"index":"index","follow":"follow","max-snippet":"max-snippet:-1","max-image-preview":"max-image-preview:large","max-video-preview":"max-video-preview:-1"},"canonical":"https:\/\/realidadturistica.com\/realtur\/air-europa-conectara-madrid-con-estambul-a-partir-de-mayo\/","og_locale":"es_ES","og_type":"article","og_title":"Air Europa conectar\u00e1 Madrid con Estambul a partir de mayo","og_description":"\u2022&nbsp;&nbsp;&nbsp;&nbsp;&nbsp;&nbsp;&nbsp;&nbsp;&nbsp; La aerol\u00ednea volar\u00e1 a la ciudad turca con una frecuencia diaria de manera estable desde principios de julio. \u2022&nbsp;&nbsp;&nbsp;&nbsp;&nbsp;&nbsp;&nbsp;&nbsp;&nbsp; La ruta se operar\u00e1 con&hellip;","og_url":"https:\/\/realidadturistica.com\/realtur\/air-europa-conectara-madrid-con-estambul-a-partir-de-mayo\/","og_site_name":"Realidad Tur\u00edstica","article_publisher":"https:\/\/www.facebook.com\/realidadturistica","article_published_time":"2025-01-21T17:45:33+00:00","article_modified_time":"2025-01-21T17:45:36+00:00","og_image":[{"width":300,"height":250,"url":"https:\/\/realidadturistica.com\/realtur\/wp-content\/uploads\/2025\/01\/300x250.jpg","type":"image\/jpeg"}],"author":"Editor","twitter_card":"summary_large_image","twitter_misc":{"Escrito por":"Editor","Tiempo de lectura":"3 minutos"},"schema":{"@context":"https:\/\/schema.org","@graph":[{"@type":"Article","@id":"https:\/\/realidadturistica.com\/realtur\/air-europa-conectara-madrid-con-estambul-a-partir-de-mayo\/#article","isPartOf":{"@id":"https:\/\/realidadturistica.com\/realtur\/air-europa-conectara-madrid-con-estambul-a-partir-de-mayo\/"},"author":{"name":"Editor","@id":"https:\/\/realidadturistica.com\/realtur\/#\/schema\/person\/ade671191202490fcf08ab21590de73e"},"headline":"Air Europa conectar\u00e1 Madrid con Estambul a partir de mayo","datePublished":"2025-01-21T17:45:33+00:00","dateModified":"2025-01-21T17:45:36+00:00","mainEntityOfPage":{"@id":"https:\/\/realidadturistica.com\/realtur\/air-europa-conectara-madrid-con-estambul-a-partir-de-mayo\/"},"wordCount":668,"commentCount":0,"publisher":{"@id":"https:\/\/realidadturistica.com\/realtur\/#organization"},"image":{"@id":"https:\/\/realidadturistica.com\/realtur\/air-europa-conectara-madrid-con-estambul-a-partir-de-mayo\/#primaryimage"},"thumbnailUrl":"https:\/\/realidadturistica.com\/realtur\/wp-content\/uploads\/2025\/01\/300x250.jpg","articleSection":["Volar con pasi\u00f3n"],"inLanguage":"es","potentialAction":[{"@type":"CommentAction","name":"Comment","target":["https:\/\/realidadturistica.com\/realtur\/air-europa-conectara-madrid-con-estambul-a-partir-de-mayo\/#respond"]}]},{"@type":"WebPage","@id":"https:\/\/realidadturistica.com\/realtur\/air-europa-conectara-madrid-con-estambul-a-partir-de-mayo\/","url":"https:\/\/realidadturistica.com\/realtur\/air-europa-conectara-madrid-con-estambul-a-partir-de-mayo\/","name":"Air Europa conectar\u00e1 Madrid con Estambul a partir de mayo - Realidad Tur\u00edstica","isPartOf":{"@id":"https:\/\/realidadturistica.com\/realtur\/#website"},"primaryImageOfPage":{"@id":"https:\/\/realidadturistica.com\/realtur\/air-europa-conectara-madrid-con-estambul-a-partir-de-mayo\/#primaryimage"},"image":{"@id":"https:\/\/realidadturistica.com\/realtur\/air-europa-conectara-madrid-con-estambul-a-partir-de-mayo\/#primaryimage"},"thumbnailUrl":"https:\/\/realidadturistica.com\/realtur\/wp-content\/uploads\/2025\/01\/300x250.jpg","datePublished":"2025-01-21T17:45:33+00:00","dateModified":"2025-01-21T17:45:36+00:00","breadcrumb":{"@id":"https:\/\/realidadturistica.com\/realtur\/air-europa-conectara-madrid-con-estambul-a-partir-de-mayo\/#breadcrumb"},"inLanguage":"es","potentialAction":[{"@type":"ReadAction","target":["https:\/\/realidadturistica.com\/realtur\/air-europa-conectara-madrid-con-estambul-a-partir-de-mayo\/"]}]},{"@type":"ImageObject","inLanguage":"es","@id":"https:\/\/realidadturistica.com\/realtur\/air-europa-conectara-madrid-con-estambul-a-partir-de-mayo\/#primaryimage","url":"https:\/\/realidadturistica.com\/realtur\/wp-content\/uploads\/2025\/01\/300x250.jpg","contentUrl":"https:\/\/realidadturistica.com\/realtur\/wp-content\/uploads\/2025\/01\/300x250.jpg","width":300,"height":250},{"@type":"BreadcrumbList","@id":"https:\/\/realidadturistica.com\/realtur\/air-europa-conectara-madrid-con-estambul-a-partir-de-mayo\/#breadcrumb","itemListElement":[{"@type":"ListItem","position":1,"name":"Portada","item":"https:\/\/realidadturistica.com\/realtur\/"},{"@type":"ListItem","position":2,"name":"Air Europa conectar\u00e1 Madrid con Estambul a partir de mayo"}]},{"@type":"WebSite","@id":"https:\/\/realidadturistica.com\/realtur\/#website","url":"https:\/\/realidadturistica.com\/realtur\/","name":"Realidad Tur\u00edstica","description":"","publisher":{"@id":"https:\/\/realidadturistica.com\/realtur\/#organization"},"potentialAction":[{"@type":"SearchAction","target":{"@type":"EntryPoint","urlTemplate":"https:\/\/realidadturistica.com\/realtur\/?s={search_term_string}"},"query-input":{"@type":"PropertyValueSpecification","valueRequired":true,"valueName":"search_term_string"}}],"inLanguage":"es"},{"@type":"Organization","@id":"https:\/\/realidadturistica.com\/realtur\/#organization","name":"Realidad Tur\u00edstica","url":"https:\/\/realidadturistica.com\/realtur\/","logo":{"@type":"ImageObject","inLanguage":"es","@id":"https:\/\/realidadturistica.com\/realtur\/#\/schema\/logo\/image\/","url":"https:\/\/realidadturistica.com\/realtur\/wp-content\/uploads\/2021\/12\/logotipo-realidad-turistica.png","contentUrl":"https:\/\/realidadturistica.com\/realtur\/wp-content\/uploads\/2021\/12\/logotipo-realidad-turistica.png","width":1382,"height":629,"caption":"Realidad Tur\u00edstica"},"image":{"@id":"https:\/\/realidadturistica.com\/realtur\/#\/schema\/logo\/image\/"},"sameAs":["https:\/\/www.facebook.com\/realidadturistica","https:\/\/www.instagram.com\/realidad_turistica\/"]},{"@type":"Person","@id":"https:\/\/realidadturistica.com\/realtur\/#\/schema\/person\/ade671191202490fcf08ab21590de73e","name":"Editor","image":{"@type":"ImageObject","inLanguage":"es","@id":"https:\/\/realidadturistica.com\/realtur\/wp-content\/uploads\/2023\/09\/Editor_avatar_1693668634-96x96.png","url":"https:\/\/realidadturistica.com\/realtur\/wp-content\/uploads\/2023\/09\/Editor_avatar_1693668634-96x96.png","contentUrl":"https:\/\/realidadturistica.com\/realtur\/wp-content\/uploads\/2023\/09\/Editor_avatar_1693668634-96x96.png","caption":"Editor"},"sameAs":["https:\/\/realidadturistica.com\/realtur"],"url":"https:\/\/realidadturistica.com\/realtur\/author\/editor2\/"}]}},"_links":{"self":[{"href":"https:\/\/realidadturistica.com\/realtur\/wp-json\/wp\/v2\/posts\/8999","targetHints":{"allow":["GET"]}}],"collection":[{"href":"https:\/\/realidadturistica.com\/realtur\/wp-json\/wp\/v2\/posts"}],"about":[{"href":"https:\/\/realidadturistica.com\/realtur\/wp-json\/wp\/v2\/types\/post"}],"author":[{"embeddable":true,"href":"https:\/\/realidadturistica.com\/realtur\/wp-json\/wp\/v2\/users\/2"}],"replies":[{"embeddable":true,"href":"https:\/\/realidadturistica.com\/realtur\/wp-json\/wp\/v2\/comments?post=8999"}],"version-history":[{"count":1,"href":"https:\/\/realidadturistica.com\/realtur\/wp-json\/wp\/v2\/posts\/8999\/revisions"}],"predecessor-version":[{"id":9001,"href":"https:\/\/realidadturistica.com\/realtur\/wp-json\/wp\/v2\/posts\/8999\/revisions\/9001"}],"wp:featuredmedia":[{"embeddable":true,"href":"https:\/\/realidadturistica.com\/realtur\/wp-json\/wp\/v2\/media\/9000"}],"wp:attachment":[{"href":"https:\/\/realidadturistica.com\/realtur\/wp-json\/wp\/v2\/media?parent=8999"}],"wp:term":[{"taxonomy":"category","embeddable":true,"href":"https:\/\/realidadturistica.com\/realtur\/wp-json\/wp\/v2\/categories?post=8999"},{"taxonomy":"post_tag","embeddable":true,"href":"https:\/\/realidadturistica.com\/realtur\/wp-json\/wp\/v2\/tags?post=8999"}],"curies":[{"name":"wp","href":"https:\/\/api.w.org\/{rel}","templated":true}]}}