{"id":9044,"date":"2025-01-24T20:26:26","date_gmt":"2025-01-24T20:26:26","guid":{"rendered":"https:\/\/realidadturistica.com\/realtur\/?p=9044"},"modified":"2025-01-24T20:26:28","modified_gmt":"2025-01-24T20:26:28","slug":"enjoy-travel-group-cierra-la-jornada-profesional-de-fitur-con-una-destacada-experiencia-gastronomica-mexicana","status":"publish","type":"post","link":"https:\/\/realidadturistica.com\/realtur\/enjoy-travel-group-cierra-la-jornada-profesional-de-fitur-con-una-destacada-experiencia-gastronomica-mexicana\/","title":{"rendered":"Enjoy Travel Group cierra la jornada profesional de FITUR con una destacada experiencia gastron\u00f3mica mexicana"},"content":{"rendered":"\n<p class=\"wp-block-yoast-seo-estimated-reading-time yoast-reading-time__wrapper\"><span class=\"yoast-reading-time__icon\"><svg aria-hidden=\"true\" focusable=\"false\" data-icon=\"clock\" width=\"20\" height=\"20\" fill=\"none\" stroke=\"currentColor\" style=\"display:inline-block;vertical-align:-0.1em\" role=\"img\" xmlns=\"http:\/\/www.w3.org\/2000\/svg\" viewBox=\"0 0 24 24\"><path stroke-linecap=\"round\" stroke-linejoin=\"round\" stroke-width=\"2\" d=\"M12 8v4l3 3m6-3a9 9 0 11-18 0 9 9 0 0118 0z\"><\/path><\/svg><\/span><span class=\"yoast-reading-time__spacer\" style=\"display:inline-block;width:1em\"><\/span><span class=\"yoast-reading-time__descriptive-text\">Estimated reading time: <\/span><span class=\"yoast-reading-time__reading-time\">3<\/span><span class=\"yoast-reading-time__time-unit\"> minutos<\/span><\/p>\n\n\n\n<p>Madrid, 24 de enero de 2025. Como parte del cierre de las jornadas profesionales de FITUR 2025, Enjoy Travel Group ofreci\u00f3 una experiencia culinaria excepcional en su stand, ubicada en el pabell\u00f3n #3 Am\u00e9rica (espacio 3C18). La actividad central fue una degustaci\u00f3n de botanas t\u00edpicas mexicanas acompa\u00f1ada de un maridaje con mezcal y tequila, liderada por un grupo de chefs de renombre, encabezados por el Chef Jorge Orozco, embajador de la cocina tradicional y prehisp\u00e1nica de M\u00e9xico y galardonado con el Premio Nacional de Gastronom\u00eda 2024.<\/p>\n\n\n\n<p>El men\u00fa incluy\u00f3 una exquisita selecci\u00f3n de platillos representativos de la riqueza culinaria mexicana, como:<\/p>\n\n\n\n<p>\u2022 Tlacoyos de ma\u00edz azul criollo con frijol negro veracruzano y pl\u00e1tano macho.<\/p>\n\n\n\n<p>\u2022 Gorditas de ma\u00edz blanco criollo rellenas de chicharr\u00f3n prensado.<\/p>\n\n\n\n<p>\u2022 Sop\u00e9citos de frijoles con mole poblano con un toque de chapulines dorados.<\/p>\n\n\n\n<p>\u2022 Tamales oaxaque\u00f1os de masa de ma\u00edz y hoja de pl\u00e1tano.<\/p>\n\n\n\n<p>\u2022 Feast prehisp\u00e1nica en tostaditas con cocopaches, chapulines y jumiles.<\/p>\n\n\n\n<figure class=\"wp-block-gallery has-nested-images columns-default is-cropped wp-block-gallery-1 is-layout-flex wp-block-gallery-is-layout-flex\">\n<figure class=\"wp-block-image size-large\"><img fetchpriority=\"high\" decoding=\"async\" width=\"1024\" height=\"460\" data-id=\"9046\" src=\"https:\/\/realidadturistica.com\/realtur\/wp-content\/uploads\/2025\/01\/IMG-20250124-WA0003-1024x460.jpg\" alt=\"\" class=\"wp-image-9046\" srcset=\"https:\/\/realidadturistica.com\/realtur\/wp-content\/uploads\/2025\/01\/IMG-20250124-WA0003-1024x460.jpg 1024w, https:\/\/realidadturistica.com\/realtur\/wp-content\/uploads\/2025\/01\/IMG-20250124-WA0003-300x135.jpg 300w, https:\/\/realidadturistica.com\/realtur\/wp-content\/uploads\/2025\/01\/IMG-20250124-WA0003-768x345.jpg 768w, https:\/\/realidadturistica.com\/realtur\/wp-content\/uploads\/2025\/01\/IMG-20250124-WA0003-585x263.jpg 585w, https:\/\/realidadturistica.com\/realtur\/wp-content\/uploads\/2025\/01\/IMG-20250124-WA0003.jpg 1080w\" sizes=\"(max-width: 1024px) 100vw, 1024px\" \/><\/figure>\n\n\n\n<figure class=\"wp-block-image size-large\"><img decoding=\"async\" width=\"1024\" height=\"460\" data-id=\"9047\" src=\"https:\/\/realidadturistica.com\/realtur\/wp-content\/uploads\/2025\/01\/IMG-20250124-WA0005-1024x460.jpg\" alt=\"\" class=\"wp-image-9047\" srcset=\"https:\/\/realidadturistica.com\/realtur\/wp-content\/uploads\/2025\/01\/IMG-20250124-WA0005-1024x460.jpg 1024w, https:\/\/realidadturistica.com\/realtur\/wp-content\/uploads\/2025\/01\/IMG-20250124-WA0005-300x135.jpg 300w, https:\/\/realidadturistica.com\/realtur\/wp-content\/uploads\/2025\/01\/IMG-20250124-WA0005-768x345.jpg 768w, https:\/\/realidadturistica.com\/realtur\/wp-content\/uploads\/2025\/01\/IMG-20250124-WA0005-585x263.jpg 585w, https:\/\/realidadturistica.com\/realtur\/wp-content\/uploads\/2025\/01\/IMG-20250124-WA0005.jpg 1080w\" sizes=\"(max-width: 1024px) 100vw, 1024px\" \/><\/figure>\n\n\n\n<figure class=\"wp-block-image size-large\"><img decoding=\"async\" width=\"1024\" height=\"768\" data-id=\"9048\" src=\"https:\/\/realidadturistica.com\/realtur\/wp-content\/uploads\/2025\/01\/IMG-20250124-WA0006-1024x768.jpg\" alt=\"\" class=\"wp-image-9048\" srcset=\"https:\/\/realidadturistica.com\/realtur\/wp-content\/uploads\/2025\/01\/IMG-20250124-WA0006-1024x768.jpg 1024w, https:\/\/realidadturistica.com\/realtur\/wp-content\/uploads\/2025\/01\/IMG-20250124-WA0006-300x225.jpg 300w, https:\/\/realidadturistica.com\/realtur\/wp-content\/uploads\/2025\/01\/IMG-20250124-WA0006-768x576.jpg 768w, https:\/\/realidadturistica.com\/realtur\/wp-content\/uploads\/2025\/01\/IMG-20250124-WA0006-1536x1152.jpg 1536w, https:\/\/realidadturistica.com\/realtur\/wp-content\/uploads\/2025\/01\/IMG-20250124-WA0006-1170x878.jpg 1170w, https:\/\/realidadturistica.com\/realtur\/wp-content\/uploads\/2025\/01\/IMG-20250124-WA0006-585x439.jpg 585w, https:\/\/realidadturistica.com\/realtur\/wp-content\/uploads\/2025\/01\/IMG-20250124-WA0006-1200x900.jpg 1200w, https:\/\/realidadturistica.com\/realtur\/wp-content\/uploads\/2025\/01\/IMG-20250124-WA0006.jpg 1600w\" sizes=\"(max-width: 1024px) 100vw, 1024px\" \/><\/figure>\n<\/figure>\n\n\n\n<p>La degustaci\u00f3n se complement\u00f3 con escorpiones doraditos servidos con un shot de tequila y una variedad de dulces t\u00edpicos mexicanos. Para el maridaje, se ofrecieron destacados destilados como Mezcal Poblano Boyero, Tequila Viva M\u00e9xico de Los Altos de Jalisco y Tequila Campo Azul de Los Altos de Jalisco, realzando la experiencia gastron\u00f3mica.<\/p>\n\n\n\n<p>La actriz espa\u00f1ola Melanie Olivares, reconocida por su papel en la serie A\u00edda, fue una invitada especial del evento. Su presencia destac\u00f3 la importancia de unir cultura y gastronom\u00eda en un espacio internacional como FITUR, donde confluyen personas de todo el mundo.<\/p>\n\n\n\n<figure class=\"wp-block-image size-large is-resized\"><img loading=\"lazy\" decoding=\"async\" width=\"799\" height=\"1024\" src=\"https:\/\/realidadturistica.com\/realtur\/wp-content\/uploads\/2025\/01\/IMG-20250124-WA0002-799x1024.jpg\" alt=\"\" class=\"wp-image-9049\" style=\"width:840px;height:auto\" srcset=\"https:\/\/realidadturistica.com\/realtur\/wp-content\/uploads\/2025\/01\/IMG-20250124-WA0002-799x1024.jpg 799w, https:\/\/realidadturistica.com\/realtur\/wp-content\/uploads\/2025\/01\/IMG-20250124-WA0002-234x300.jpg 234w, https:\/\/realidadturistica.com\/realtur\/wp-content\/uploads\/2025\/01\/IMG-20250124-WA0002-768x984.jpg 768w, https:\/\/realidadturistica.com\/realtur\/wp-content\/uploads\/2025\/01\/IMG-20250124-WA0002-585x750.jpg 585w, https:\/\/realidadturistica.com\/realtur\/wp-content\/uploads\/2025\/01\/IMG-20250124-WA0002.jpg 1170w\" sizes=\"(max-width: 799px) 100vw, 799px\" \/><\/figure>\n\n\n\n<p>El Chef Jorge Orozco, acompa\u00f1ado por chefs de renombre como Juana Luna, Jorge Woolrich y Lissette Garc\u00eda, enfatiz\u00f3 la misi\u00f3n de promover la riqueza gastron\u00f3mica de M\u00e9xico como un puente entre culturas. \u201cLa gastronom\u00eda no solo alimenta el cuerpo, sino que conecta almas y tradiciones\u201d, expres\u00f3 el Chef Orozco.<\/p>\n\n\n\n<p>Enjoy Travel Group reafirm\u00f3 su compromiso con la promoci\u00f3n del turismo cultural y gastron\u00f3mico, consolidando su visi\u00f3n de que viajar trasciende los destinos para convertirse en una experiencia transformadora.<\/p>\n\n\n\n<p>Enjoy Travel Group: m\u00e1s que viajes, experiencias que inspiran.<\/p>\n\n\n\n<p>enjoytravelgroup.com<\/p>\n","protected":false},"excerpt":{"rendered":"<p>Madrid, 24 de enero de 2025. Como parte del cierre de las jornadas profesionales de FITUR 2025, Enjoy Travel Group ofreci\u00f3 una experiencia culinaria excepcional&hellip;<\/p>\n","protected":false},"author":2,"featured_media":9045,"comment_status":"open","ping_status":"closed","sticky":false,"template":"","format":"standard","meta":{"content-type":"","_lmt_disableupdate":"","_lmt_disable":"","footnotes":""},"categories":[6],"tags":[],"class_list":["post-9044","post","type-post","status-publish","format-standard","has-post-thumbnail","hentry","category-turismo"],"yoast_head":"<!-- This site is optimized with the Yoast SEO Premium plugin v27.4 (Yoast SEO v27.4) - https:\/\/yoast.com\/product\/yoast-seo-premium-wordpress\/ -->\n<title>Enjoy Travel Group cierra la jornada profesional de FITUR con una destacada experiencia gastron\u00f3mica mexicana - Realidad Tur\u00edstica<\/title>\n<meta name=\"robots\" content=\"index, follow, max-snippet:-1, max-image-preview:large, max-video-preview:-1\" \/>\n<link rel=\"canonical\" href=\"https:\/\/realidadturistica.com\/realtur\/enjoy-travel-group-cierra-la-jornada-profesional-de-fitur-con-una-destacada-experiencia-gastronomica-mexicana\/\" \/>\n<meta property=\"og:locale\" content=\"es_ES\" \/>\n<meta property=\"og:type\" content=\"article\" \/>\n<meta property=\"og:title\" content=\"Enjoy Travel Group cierra la jornada profesional de FITUR con una destacada experiencia gastron\u00f3mica mexicana\" \/>\n<meta property=\"og:description\" content=\"Madrid, 24 de enero de 2025. Como parte del cierre de las jornadas profesionales de FITUR 2025, Enjoy Travel Group ofreci\u00f3 una experiencia culinaria excepcional&hellip;\" \/>\n<meta property=\"og:url\" content=\"https:\/\/realidadturistica.com\/realtur\/enjoy-travel-group-cierra-la-jornada-profesional-de-fitur-con-una-destacada-experiencia-gastronomica-mexicana\/\" \/>\n<meta property=\"og:site_name\" content=\"Realidad Tur\u00edstica\" \/>\n<meta property=\"article:publisher\" content=\"https:\/\/www.facebook.com\/realidadturistica\" \/>\n<meta property=\"article:published_time\" content=\"2025-01-24T20:26:26+00:00\" \/>\n<meta property=\"article:modified_time\" content=\"2025-01-24T20:26:28+00:00\" \/>\n<meta property=\"og:image\" content=\"https:\/\/realidadturistica.com\/realtur\/wp-content\/uploads\/2025\/01\/IMG-20250124-WA0004.jpg\" \/>\n\t<meta property=\"og:image:width\" content=\"1000\" \/>\n\t<meta property=\"og:image:height\" content=\"450\" \/>\n\t<meta property=\"og:image:type\" content=\"image\/jpeg\" \/>\n<meta name=\"author\" content=\"Editor\" \/>\n<meta name=\"twitter:card\" content=\"summary_large_image\" \/>\n<meta name=\"twitter:label1\" content=\"Escrito por\" \/>\n\t<meta name=\"twitter:data1\" content=\"Editor\" \/>\n\t<meta name=\"twitter:label2\" content=\"Tiempo de lectura\" \/>\n\t<meta name=\"twitter:data2\" content=\"3 minutos\" \/>\n<script type=\"application\/ld+json\" class=\"yoast-schema-graph\">{\"@context\":\"https:\\\/\\\/schema.org\",\"@graph\":[{\"@type\":\"Article\",\"@id\":\"https:\\\/\\\/realidadturistica.com\\\/realtur\\\/enjoy-travel-group-cierra-la-jornada-profesional-de-fitur-con-una-destacada-experiencia-gastronomica-mexicana\\\/#article\",\"isPartOf\":{\"@id\":\"https:\\\/\\\/realidadturistica.com\\\/realtur\\\/enjoy-travel-group-cierra-la-jornada-profesional-de-fitur-con-una-destacada-experiencia-gastronomica-mexicana\\\/\"},\"author\":{\"name\":\"Editor\",\"@id\":\"https:\\\/\\\/realidadturistica.com\\\/realtur\\\/#\\\/schema\\\/person\\\/ade671191202490fcf08ab21590de73e\"},\"headline\":\"Enjoy Travel Group cierra la jornada profesional de FITUR con una destacada experiencia gastron\u00f3mica mexicana\",\"datePublished\":\"2025-01-24T20:26:26+00:00\",\"dateModified\":\"2025-01-24T20:26:28+00:00\",\"mainEntityOfPage\":{\"@id\":\"https:\\\/\\\/realidadturistica.com\\\/realtur\\\/enjoy-travel-group-cierra-la-jornada-profesional-de-fitur-con-una-destacada-experiencia-gastronomica-mexicana\\\/\"},\"wordCount\":386,\"commentCount\":0,\"publisher\":{\"@id\":\"https:\\\/\\\/realidadturistica.com\\\/realtur\\\/#organization\"},\"image\":{\"@id\":\"https:\\\/\\\/realidadturistica.com\\\/realtur\\\/enjoy-travel-group-cierra-la-jornada-profesional-de-fitur-con-una-destacada-experiencia-gastronomica-mexicana\\\/#primaryimage\"},\"thumbnailUrl\":\"https:\\\/\\\/realidadturistica.com\\\/realtur\\\/wp-content\\\/uploads\\\/2025\\\/01\\\/IMG-20250124-WA0004.jpg\",\"articleSection\":[\"Turismo\"],\"inLanguage\":\"es\",\"potentialAction\":[{\"@type\":\"CommentAction\",\"name\":\"Comment\",\"target\":[\"https:\\\/\\\/realidadturistica.com\\\/realtur\\\/enjoy-travel-group-cierra-la-jornada-profesional-de-fitur-con-una-destacada-experiencia-gastronomica-mexicana\\\/#respond\"]}]},{\"@type\":\"WebPage\",\"@id\":\"https:\\\/\\\/realidadturistica.com\\\/realtur\\\/enjoy-travel-group-cierra-la-jornada-profesional-de-fitur-con-una-destacada-experiencia-gastronomica-mexicana\\\/\",\"url\":\"https:\\\/\\\/realidadturistica.com\\\/realtur\\\/enjoy-travel-group-cierra-la-jornada-profesional-de-fitur-con-una-destacada-experiencia-gastronomica-mexicana\\\/\",\"name\":\"Enjoy Travel Group cierra la jornada profesional de FITUR con una destacada experiencia gastron\u00f3mica mexicana - Realidad Tur\u00edstica\",\"isPartOf\":{\"@id\":\"https:\\\/\\\/realidadturistica.com\\\/realtur\\\/#website\"},\"primaryImageOfPage\":{\"@id\":\"https:\\\/\\\/realidadturistica.com\\\/realtur\\\/enjoy-travel-group-cierra-la-jornada-profesional-de-fitur-con-una-destacada-experiencia-gastronomica-mexicana\\\/#primaryimage\"},\"image\":{\"@id\":\"https:\\\/\\\/realidadturistica.com\\\/realtur\\\/enjoy-travel-group-cierra-la-jornada-profesional-de-fitur-con-una-destacada-experiencia-gastronomica-mexicana\\\/#primaryimage\"},\"thumbnailUrl\":\"https:\\\/\\\/realidadturistica.com\\\/realtur\\\/wp-content\\\/uploads\\\/2025\\\/01\\\/IMG-20250124-WA0004.jpg\",\"datePublished\":\"2025-01-24T20:26:26+00:00\",\"dateModified\":\"2025-01-24T20:26:28+00:00\",\"breadcrumb\":{\"@id\":\"https:\\\/\\\/realidadturistica.com\\\/realtur\\\/enjoy-travel-group-cierra-la-jornada-profesional-de-fitur-con-una-destacada-experiencia-gastronomica-mexicana\\\/#breadcrumb\"},\"inLanguage\":\"es\",\"potentialAction\":[{\"@type\":\"ReadAction\",\"target\":[\"https:\\\/\\\/realidadturistica.com\\\/realtur\\\/enjoy-travel-group-cierra-la-jornada-profesional-de-fitur-con-una-destacada-experiencia-gastronomica-mexicana\\\/\"]}]},{\"@type\":\"ImageObject\",\"inLanguage\":\"es\",\"@id\":\"https:\\\/\\\/realidadturistica.com\\\/realtur\\\/enjoy-travel-group-cierra-la-jornada-profesional-de-fitur-con-una-destacada-experiencia-gastronomica-mexicana\\\/#primaryimage\",\"url\":\"https:\\\/\\\/realidadturistica.com\\\/realtur\\\/wp-content\\\/uploads\\\/2025\\\/01\\\/IMG-20250124-WA0004.jpg\",\"contentUrl\":\"https:\\\/\\\/realidadturistica.com\\\/realtur\\\/wp-content\\\/uploads\\\/2025\\\/01\\\/IMG-20250124-WA0004.jpg\",\"width\":1000,\"height\":450},{\"@type\":\"BreadcrumbList\",\"@id\":\"https:\\\/\\\/realidadturistica.com\\\/realtur\\\/enjoy-travel-group-cierra-la-jornada-profesional-de-fitur-con-una-destacada-experiencia-gastronomica-mexicana\\\/#breadcrumb\",\"itemListElement\":[{\"@type\":\"ListItem\",\"position\":1,\"name\":\"Portada\",\"item\":\"https:\\\/\\\/realidadturistica.com\\\/realtur\\\/\"},{\"@type\":\"ListItem\",\"position\":2,\"name\":\"Enjoy Travel Group cierra la jornada profesional de FITUR con una destacada experiencia gastron\u00f3mica mexicana\"}]},{\"@type\":\"WebSite\",\"@id\":\"https:\\\/\\\/realidadturistica.com\\\/realtur\\\/#website\",\"url\":\"https:\\\/\\\/realidadturistica.com\\\/realtur\\\/\",\"name\":\"Realidad Tur\u00edstica\",\"description\":\"\",\"publisher\":{\"@id\":\"https:\\\/\\\/realidadturistica.com\\\/realtur\\\/#organization\"},\"potentialAction\":[{\"@type\":\"SearchAction\",\"target\":{\"@type\":\"EntryPoint\",\"urlTemplate\":\"https:\\\/\\\/realidadturistica.com\\\/realtur\\\/?s={search_term_string}\"},\"query-input\":{\"@type\":\"PropertyValueSpecification\",\"valueRequired\":true,\"valueName\":\"search_term_string\"}}],\"inLanguage\":\"es\"},{\"@type\":\"Organization\",\"@id\":\"https:\\\/\\\/realidadturistica.com\\\/realtur\\\/#organization\",\"name\":\"Realidad Tur\u00edstica\",\"url\":\"https:\\\/\\\/realidadturistica.com\\\/realtur\\\/\",\"logo\":{\"@type\":\"ImageObject\",\"inLanguage\":\"es\",\"@id\":\"https:\\\/\\\/realidadturistica.com\\\/realtur\\\/#\\\/schema\\\/logo\\\/image\\\/\",\"url\":\"https:\\\/\\\/realidadturistica.com\\\/realtur\\\/wp-content\\\/uploads\\\/2021\\\/12\\\/logotipo-realidad-turistica.png\",\"contentUrl\":\"https:\\\/\\\/realidadturistica.com\\\/realtur\\\/wp-content\\\/uploads\\\/2021\\\/12\\\/logotipo-realidad-turistica.png\",\"width\":1382,\"height\":629,\"caption\":\"Realidad Tur\u00edstica\"},\"image\":{\"@id\":\"https:\\\/\\\/realidadturistica.com\\\/realtur\\\/#\\\/schema\\\/logo\\\/image\\\/\"},\"sameAs\":[\"https:\\\/\\\/www.facebook.com\\\/realidadturistica\",\"https:\\\/\\\/www.instagram.com\\\/realidad_turistica\\\/\"]},{\"@type\":\"Person\",\"@id\":\"https:\\\/\\\/realidadturistica.com\\\/realtur\\\/#\\\/schema\\\/person\\\/ade671191202490fcf08ab21590de73e\",\"name\":\"Editor\",\"image\":{\"@type\":\"ImageObject\",\"inLanguage\":\"es\",\"@id\":\"https:\\\/\\\/realidadturistica.com\\\/realtur\\\/wp-content\\\/uploads\\\/2023\\\/09\\\/Editor_avatar_1693668634-96x96.png\",\"url\":\"https:\\\/\\\/realidadturistica.com\\\/realtur\\\/wp-content\\\/uploads\\\/2023\\\/09\\\/Editor_avatar_1693668634-96x96.png\",\"contentUrl\":\"https:\\\/\\\/realidadturistica.com\\\/realtur\\\/wp-content\\\/uploads\\\/2023\\\/09\\\/Editor_avatar_1693668634-96x96.png\",\"caption\":\"Editor\"},\"sameAs\":[\"https:\\\/\\\/realidadturistica.com\\\/realtur\"],\"url\":\"https:\\\/\\\/realidadturistica.com\\\/realtur\\\/author\\\/editor2\\\/\"}]}<\/script>\n<!-- \/ Yoast SEO Premium plugin. -->","yoast_head_json":{"title":"Enjoy Travel Group cierra la jornada profesional de FITUR con una destacada experiencia gastron\u00f3mica mexicana - Realidad Tur\u00edstica","robots":{"index":"index","follow":"follow","max-snippet":"max-snippet:-1","max-image-preview":"max-image-preview:large","max-video-preview":"max-video-preview:-1"},"canonical":"https:\/\/realidadturistica.com\/realtur\/enjoy-travel-group-cierra-la-jornada-profesional-de-fitur-con-una-destacada-experiencia-gastronomica-mexicana\/","og_locale":"es_ES","og_type":"article","og_title":"Enjoy Travel Group cierra la jornada profesional de FITUR con una destacada experiencia gastron\u00f3mica mexicana","og_description":"Madrid, 24 de enero de 2025. Como parte del cierre de las jornadas profesionales de FITUR 2025, Enjoy Travel Group ofreci\u00f3 una experiencia culinaria excepcional&hellip;","og_url":"https:\/\/realidadturistica.com\/realtur\/enjoy-travel-group-cierra-la-jornada-profesional-de-fitur-con-una-destacada-experiencia-gastronomica-mexicana\/","og_site_name":"Realidad Tur\u00edstica","article_publisher":"https:\/\/www.facebook.com\/realidadturistica","article_published_time":"2025-01-24T20:26:26+00:00","article_modified_time":"2025-01-24T20:26:28+00:00","og_image":[{"width":1000,"height":450,"url":"https:\/\/realidadturistica.com\/realtur\/wp-content\/uploads\/2025\/01\/IMG-20250124-WA0004.jpg","type":"image\/jpeg"}],"author":"Editor","twitter_card":"summary_large_image","twitter_misc":{"Escrito por":"Editor","Tiempo de lectura":"3 minutos"},"schema":{"@context":"https:\/\/schema.org","@graph":[{"@type":"Article","@id":"https:\/\/realidadturistica.com\/realtur\/enjoy-travel-group-cierra-la-jornada-profesional-de-fitur-con-una-destacada-experiencia-gastronomica-mexicana\/#article","isPartOf":{"@id":"https:\/\/realidadturistica.com\/realtur\/enjoy-travel-group-cierra-la-jornada-profesional-de-fitur-con-una-destacada-experiencia-gastronomica-mexicana\/"},"author":{"name":"Editor","@id":"https:\/\/realidadturistica.com\/realtur\/#\/schema\/person\/ade671191202490fcf08ab21590de73e"},"headline":"Enjoy Travel Group cierra la jornada profesional de FITUR con una destacada experiencia gastron\u00f3mica mexicana","datePublished":"2025-01-24T20:26:26+00:00","dateModified":"2025-01-24T20:26:28+00:00","mainEntityOfPage":{"@id":"https:\/\/realidadturistica.com\/realtur\/enjoy-travel-group-cierra-la-jornada-profesional-de-fitur-con-una-destacada-experiencia-gastronomica-mexicana\/"},"wordCount":386,"commentCount":0,"publisher":{"@id":"https:\/\/realidadturistica.com\/realtur\/#organization"},"image":{"@id":"https:\/\/realidadturistica.com\/realtur\/enjoy-travel-group-cierra-la-jornada-profesional-de-fitur-con-una-destacada-experiencia-gastronomica-mexicana\/#primaryimage"},"thumbnailUrl":"https:\/\/realidadturistica.com\/realtur\/wp-content\/uploads\/2025\/01\/IMG-20250124-WA0004.jpg","articleSection":["Turismo"],"inLanguage":"es","potentialAction":[{"@type":"CommentAction","name":"Comment","target":["https:\/\/realidadturistica.com\/realtur\/enjoy-travel-group-cierra-la-jornada-profesional-de-fitur-con-una-destacada-experiencia-gastronomica-mexicana\/#respond"]}]},{"@type":"WebPage","@id":"https:\/\/realidadturistica.com\/realtur\/enjoy-travel-group-cierra-la-jornada-profesional-de-fitur-con-una-destacada-experiencia-gastronomica-mexicana\/","url":"https:\/\/realidadturistica.com\/realtur\/enjoy-travel-group-cierra-la-jornada-profesional-de-fitur-con-una-destacada-experiencia-gastronomica-mexicana\/","name":"Enjoy Travel Group cierra la jornada profesional de FITUR con una destacada experiencia gastron\u00f3mica mexicana - Realidad Tur\u00edstica","isPartOf":{"@id":"https:\/\/realidadturistica.com\/realtur\/#website"},"primaryImageOfPage":{"@id":"https:\/\/realidadturistica.com\/realtur\/enjoy-travel-group-cierra-la-jornada-profesional-de-fitur-con-una-destacada-experiencia-gastronomica-mexicana\/#primaryimage"},"image":{"@id":"https:\/\/realidadturistica.com\/realtur\/enjoy-travel-group-cierra-la-jornada-profesional-de-fitur-con-una-destacada-experiencia-gastronomica-mexicana\/#primaryimage"},"thumbnailUrl":"https:\/\/realidadturistica.com\/realtur\/wp-content\/uploads\/2025\/01\/IMG-20250124-WA0004.jpg","datePublished":"2025-01-24T20:26:26+00:00","dateModified":"2025-01-24T20:26:28+00:00","breadcrumb":{"@id":"https:\/\/realidadturistica.com\/realtur\/enjoy-travel-group-cierra-la-jornada-profesional-de-fitur-con-una-destacada-experiencia-gastronomica-mexicana\/#breadcrumb"},"inLanguage":"es","potentialAction":[{"@type":"ReadAction","target":["https:\/\/realidadturistica.com\/realtur\/enjoy-travel-group-cierra-la-jornada-profesional-de-fitur-con-una-destacada-experiencia-gastronomica-mexicana\/"]}]},{"@type":"ImageObject","inLanguage":"es","@id":"https:\/\/realidadturistica.com\/realtur\/enjoy-travel-group-cierra-la-jornada-profesional-de-fitur-con-una-destacada-experiencia-gastronomica-mexicana\/#primaryimage","url":"https:\/\/realidadturistica.com\/realtur\/wp-content\/uploads\/2025\/01\/IMG-20250124-WA0004.jpg","contentUrl":"https:\/\/realidadturistica.com\/realtur\/wp-content\/uploads\/2025\/01\/IMG-20250124-WA0004.jpg","width":1000,"height":450},{"@type":"BreadcrumbList","@id":"https:\/\/realidadturistica.com\/realtur\/enjoy-travel-group-cierra-la-jornada-profesional-de-fitur-con-una-destacada-experiencia-gastronomica-mexicana\/#breadcrumb","itemListElement":[{"@type":"ListItem","position":1,"name":"Portada","item":"https:\/\/realidadturistica.com\/realtur\/"},{"@type":"ListItem","position":2,"name":"Enjoy Travel Group cierra la jornada profesional de FITUR con una destacada experiencia gastron\u00f3mica mexicana"}]},{"@type":"WebSite","@id":"https:\/\/realidadturistica.com\/realtur\/#website","url":"https:\/\/realidadturistica.com\/realtur\/","name":"Realidad Tur\u00edstica","description":"","publisher":{"@id":"https:\/\/realidadturistica.com\/realtur\/#organization"},"potentialAction":[{"@type":"SearchAction","target":{"@type":"EntryPoint","urlTemplate":"https:\/\/realidadturistica.com\/realtur\/?s={search_term_string}"},"query-input":{"@type":"PropertyValueSpecification","valueRequired":true,"valueName":"search_term_string"}}],"inLanguage":"es"},{"@type":"Organization","@id":"https:\/\/realidadturistica.com\/realtur\/#organization","name":"Realidad Tur\u00edstica","url":"https:\/\/realidadturistica.com\/realtur\/","logo":{"@type":"ImageObject","inLanguage":"es","@id":"https:\/\/realidadturistica.com\/realtur\/#\/schema\/logo\/image\/","url":"https:\/\/realidadturistica.com\/realtur\/wp-content\/uploads\/2021\/12\/logotipo-realidad-turistica.png","contentUrl":"https:\/\/realidadturistica.com\/realtur\/wp-content\/uploads\/2021\/12\/logotipo-realidad-turistica.png","width":1382,"height":629,"caption":"Realidad Tur\u00edstica"},"image":{"@id":"https:\/\/realidadturistica.com\/realtur\/#\/schema\/logo\/image\/"},"sameAs":["https:\/\/www.facebook.com\/realidadturistica","https:\/\/www.instagram.com\/realidad_turistica\/"]},{"@type":"Person","@id":"https:\/\/realidadturistica.com\/realtur\/#\/schema\/person\/ade671191202490fcf08ab21590de73e","name":"Editor","image":{"@type":"ImageObject","inLanguage":"es","@id":"https:\/\/realidadturistica.com\/realtur\/wp-content\/uploads\/2023\/09\/Editor_avatar_1693668634-96x96.png","url":"https:\/\/realidadturistica.com\/realtur\/wp-content\/uploads\/2023\/09\/Editor_avatar_1693668634-96x96.png","contentUrl":"https:\/\/realidadturistica.com\/realtur\/wp-content\/uploads\/2023\/09\/Editor_avatar_1693668634-96x96.png","caption":"Editor"},"sameAs":["https:\/\/realidadturistica.com\/realtur"],"url":"https:\/\/realidadturistica.com\/realtur\/author\/editor2\/"}]}},"_links":{"self":[{"href":"https:\/\/realidadturistica.com\/realtur\/wp-json\/wp\/v2\/posts\/9044","targetHints":{"allow":["GET"]}}],"collection":[{"href":"https:\/\/realidadturistica.com\/realtur\/wp-json\/wp\/v2\/posts"}],"about":[{"href":"https:\/\/realidadturistica.com\/realtur\/wp-json\/wp\/v2\/types\/post"}],"author":[{"embeddable":true,"href":"https:\/\/realidadturistica.com\/realtur\/wp-json\/wp\/v2\/users\/2"}],"replies":[{"embeddable":true,"href":"https:\/\/realidadturistica.com\/realtur\/wp-json\/wp\/v2\/comments?post=9044"}],"version-history":[{"count":2,"href":"https:\/\/realidadturistica.com\/realtur\/wp-json\/wp\/v2\/posts\/9044\/revisions"}],"predecessor-version":[{"id":9051,"href":"https:\/\/realidadturistica.com\/realtur\/wp-json\/wp\/v2\/posts\/9044\/revisions\/9051"}],"wp:featuredmedia":[{"embeddable":true,"href":"https:\/\/realidadturistica.com\/realtur\/wp-json\/wp\/v2\/media\/9045"}],"wp:attachment":[{"href":"https:\/\/realidadturistica.com\/realtur\/wp-json\/wp\/v2\/media?parent=9044"}],"wp:term":[{"taxonomy":"category","embeddable":true,"href":"https:\/\/realidadturistica.com\/realtur\/wp-json\/wp\/v2\/categories?post=9044"},{"taxonomy":"post_tag","embeddable":true,"href":"https:\/\/realidadturistica.com\/realtur\/wp-json\/wp\/v2\/tags?post=9044"}],"curies":[{"name":"wp","href":"https:\/\/api.w.org\/{rel}","templated":true}]}}