{"id":9090,"date":"2025-01-30T11:58:48","date_gmt":"2025-01-30T11:58:48","guid":{"rendered":"https:\/\/realidadturistica.com\/realtur\/?p=9090"},"modified":"2025-01-30T11:58:53","modified_gmt":"2025-01-30T11:58:53","slug":"melia-hotels-international-afianza-su-liderazgo-como-empresa-turistica-mas-responsable-de-espana","status":"publish","type":"post","link":"https:\/\/realidadturistica.com\/realtur\/melia-hotels-international-afianza-su-liderazgo-como-empresa-turistica-mas-responsable-de-espana\/","title":{"rendered":"Meli\u00e1 Hotels International afianza su liderazgo como empresa tur\u00edstica m\u00e1s responsable de Espa\u00f1a"},"content":{"rendered":"\n<p class=\"wp-block-yoast-seo-estimated-reading-time yoast-reading-time__wrapper\"><span class=\"yoast-reading-time__icon\"><svg aria-hidden=\"true\" focusable=\"false\" data-icon=\"clock\" width=\"20\" height=\"20\" fill=\"none\" stroke=\"currentColor\" style=\"display:inline-block;vertical-align:-0.1em\" role=\"img\" xmlns=\"http:\/\/www.w3.org\/2000\/svg\" viewBox=\"0 0 24 24\"><path stroke-linecap=\"round\" stroke-linejoin=\"round\" stroke-width=\"2\" d=\"M12 8v4l3 3m6-3a9 9 0 11-18 0 9 9 0 0118 0z\"><\/path><\/svg><\/span><span class=\"yoast-reading-time__spacer\" style=\"display:inline-block;width:1em\"><\/span><span class=\"yoast-reading-time__descriptive-text\">Estimated reading time: <\/span><span class=\"yoast-reading-time__reading-time\">3<\/span><span class=\"yoast-reading-time__time-unit\"> minutos<\/span><\/p>\n\n\n\n<p>La hotelera vuelve a posicionarse a la cabeza del ranking sectorial de MERCO Responsabilidad ESG, mejorando su posici\u00f3n en 8 puntos y entrando en el Top 20 de empresas m\u00e1s responsables de Espa\u00f1a<\/p>\n\n\n\n<p>Meli\u00e1 Hotels International consolida su posici\u00f3n como una de las empresas l\u00edderes en sostenibilidad encabezando, durante un a\u00f1o m\u00e1s, el ranking sectorial MERCO Responsabilidad ESG. Adem\u00e1s, de posicionarse como la empresa tur\u00edstica m\u00e1s responsable de Espa\u00f1a, la compa\u00f1\u00eda entra en el top 20 del ranking general, tras la mejora de sus resultados y fruto del firme compromiso con la sostenibilidad.<\/p>\n\n\n\n<p>MERCO, organizaci\u00f3n de referencia en la evaluaci\u00f3n de la reputaci\u00f3n empresarial, ha publicado la \u00faltima edici\u00f3n de su ranking en el que analiza a las empresas en los diferentes \u00e1mbitos ESG, como son la \u00e9tica y el buen gobierno, la responsabilidad con los trabajadores y la sociedad, o la gesti\u00f3n medioambiental. Los resultados obtenidos a trav\u00e9s de un exhaustivo monitor elaborado con 7 perspectivas de an\u00e1lisis, 26 fuentes de informaci\u00f3n y m\u00e1s de 63 mil encuestas realizadas, han puesto en valor los avances de Meli\u00e1 Hotels International en esta materia.<\/p>\n\n\n\n<p>La hotelera, ha afianzado as\u00ed su liderazgo sectorial y no solo ha mejorado su posici\u00f3n en el ranking general, tambi\u00e9n en los rankings elaborados por MERCO para cada una de las dimensiones ESG. Concretamente, Meli\u00e1 ha mejorado su puntuaci\u00f3n en los \u00e1mbitos medioambiental y social, en l\u00ednea con el impulso que est\u00e1 haciendo de su estrategia de sostenibilidad y de su programa de turismo responsable Travel For Good.<\/p>\n\n\n\n<p>Como explica Gabriel Escarrer Jaume, Presidente y CEO de Meli\u00e1 Hotels International, \u201cla sostenibilidad siempre ha estado en el adn de nuestra compa\u00f1\u00eda y en los \u00faltimos a\u00f1os hemos afianzado nuestra posici\u00f3n en este \u00e1mbito como una de las hoteleras m\u00e1s sostenibles del mundo. Nos enorgullece ser reconocidos una vez m\u00e1s, manteniendo nuestros compromisos y mejorando resultados, pero somos conscientes de los retos y buscaremos abordarlos con el apoyo y la involucraci\u00f3n de nuestros colaboradores, socios, clientes y proveedores, all\u00ed donde nos encontremos\u201d.<\/p>\n\n\n\n<p>Acerca de Meli\u00e1 Hotels International: Fundada en 1956 en Palma de Mallorca (Espa\u00f1a), Meli\u00e1 Hotels International cuenta con m\u00e1s de 400 hoteles abiertos o en proceso de apertura, en m\u00e1s de 40 pa\u00edses, y un portfolio de nueve marcas: Gran Meli\u00e1 Hotels &amp; Resorts, ME by Meli\u00e1, The Meli\u00e1 Collection, Paradisus by Meli\u00e1, Meli\u00e1 Hotels &amp; Resorts, ZEL, INNSiDE by Meli\u00e1, Sol by Meli\u00e1 y Affiliated by Meli\u00e1. La Compa\u00f1\u00eda es una de las hoteleras l\u00edderes mundiales en el segmento de hoteles vacacionales y su experiencia en este \u00e1mbito le ha permitido consolidarse en el creciente mercado de hoteles urbanos inspirados en el ocio. Su compromiso con el turismo responsable le ha hecho ser reconocida como la hotelera de origen europeo m\u00e1s sostenible del mundo (elegida como \u201cSustainability Yearbook Member\u201d en 2024 por S&amp;P Global), adem\u00e1s de ser marca \u201cTop Employer Enterprise 2025\u201d. Para m\u00e1s informaci\u00f3n, visite www.meliahotelsinternational.com<\/p>\n","protected":false},"excerpt":{"rendered":"<p>La hotelera vuelve a posicionarse a la cabeza del ranking sectorial de MERCO Responsabilidad ESG, mejorando su posici\u00f3n en 8 puntos y entrando en el&hellip;<\/p>\n","protected":false},"author":2,"featured_media":9091,"comment_status":"open","ping_status":"closed","sticky":false,"template":"","format":"standard","meta":{"content-type":"","_lmt_disableupdate":"","_lmt_disable":"","footnotes":""},"categories":[6],"tags":[],"class_list":["post-9090","post","type-post","status-publish","format-standard","has-post-thumbnail","hentry","category-turismo"],"yoast_head":"<!-- This site is optimized with the Yoast SEO Premium plugin v27.4 (Yoast SEO v27.5) - https:\/\/yoast.com\/product\/yoast-seo-premium-wordpress\/ -->\n<title>Meli\u00e1 Hotels International afianza su liderazgo como empresa tur\u00edstica m\u00e1s responsable de Espa\u00f1a - Realidad Tur\u00edstica<\/title>\n<meta name=\"robots\" content=\"index, follow, max-snippet:-1, max-image-preview:large, max-video-preview:-1\" \/>\n<link rel=\"canonical\" href=\"https:\/\/realidadturistica.com\/realtur\/melia-hotels-international-afianza-su-liderazgo-como-empresa-turistica-mas-responsable-de-espana\/\" \/>\n<meta property=\"og:locale\" content=\"es_ES\" \/>\n<meta property=\"og:type\" content=\"article\" \/>\n<meta property=\"og:title\" content=\"Meli\u00e1 Hotels International afianza su liderazgo como empresa tur\u00edstica m\u00e1s responsable de Espa\u00f1a\" \/>\n<meta property=\"og:description\" content=\"La hotelera vuelve a posicionarse a la cabeza del ranking sectorial de MERCO Responsabilidad ESG, mejorando su posici\u00f3n en 8 puntos y entrando en el&hellip;\" \/>\n<meta property=\"og:url\" content=\"https:\/\/realidadturistica.com\/realtur\/melia-hotels-international-afianza-su-liderazgo-como-empresa-turistica-mas-responsable-de-espana\/\" \/>\n<meta property=\"og:site_name\" content=\"Realidad Tur\u00edstica\" \/>\n<meta property=\"article:publisher\" content=\"https:\/\/www.facebook.com\/realidadturistica\" \/>\n<meta property=\"article:published_time\" content=\"2025-01-30T11:58:48+00:00\" \/>\n<meta property=\"article:modified_time\" content=\"2025-01-30T11:58:53+00:00\" \/>\n<meta property=\"og:image\" content=\"https:\/\/realidadturistica.com\/realtur\/wp-content\/uploads\/2025\/01\/Melia-Hotels-International.jpg\" \/>\n\t<meta property=\"og:image:width\" content=\"275\" \/>\n\t<meta property=\"og:image:height\" content=\"183\" \/>\n\t<meta property=\"og:image:type\" content=\"image\/jpeg\" \/>\n<meta name=\"author\" content=\"Editor\" \/>\n<meta name=\"twitter:card\" content=\"summary_large_image\" \/>\n<meta name=\"twitter:label1\" content=\"Escrito por\" \/>\n\t<meta name=\"twitter:data1\" content=\"Editor\" \/>\n\t<meta name=\"twitter:label2\" content=\"Tiempo de lectura\" \/>\n\t<meta name=\"twitter:data2\" content=\"3 minutos\" \/>\n<script type=\"application\/ld+json\" class=\"yoast-schema-graph\">{\"@context\":\"https:\\\/\\\/schema.org\",\"@graph\":[{\"@type\":\"Article\",\"@id\":\"https:\\\/\\\/realidadturistica.com\\\/realtur\\\/melia-hotels-international-afianza-su-liderazgo-como-empresa-turistica-mas-responsable-de-espana\\\/#article\",\"isPartOf\":{\"@id\":\"https:\\\/\\\/realidadturistica.com\\\/realtur\\\/melia-hotels-international-afianza-su-liderazgo-como-empresa-turistica-mas-responsable-de-espana\\\/\"},\"author\":{\"name\":\"Editor\",\"@id\":\"https:\\\/\\\/realidadturistica.com\\\/realtur\\\/#\\\/schema\\\/person\\\/ade671191202490fcf08ab21590de73e\"},\"headline\":\"Meli\u00e1 Hotels International afianza su liderazgo como empresa tur\u00edstica m\u00e1s responsable de Espa\u00f1a\",\"datePublished\":\"2025-01-30T11:58:48+00:00\",\"dateModified\":\"2025-01-30T11:58:53+00:00\",\"mainEntityOfPage\":{\"@id\":\"https:\\\/\\\/realidadturistica.com\\\/realtur\\\/melia-hotels-international-afianza-su-liderazgo-como-empresa-turistica-mas-responsable-de-espana\\\/\"},\"wordCount\":536,\"commentCount\":0,\"publisher\":{\"@id\":\"https:\\\/\\\/realidadturistica.com\\\/realtur\\\/#organization\"},\"image\":{\"@id\":\"https:\\\/\\\/realidadturistica.com\\\/realtur\\\/melia-hotels-international-afianza-su-liderazgo-como-empresa-turistica-mas-responsable-de-espana\\\/#primaryimage\"},\"thumbnailUrl\":\"https:\\\/\\\/realidadturistica.com\\\/realtur\\\/wp-content\\\/uploads\\\/2025\\\/01\\\/Melia-Hotels-International.jpg\",\"articleSection\":[\"Turismo\"],\"inLanguage\":\"es\",\"potentialAction\":[{\"@type\":\"CommentAction\",\"name\":\"Comment\",\"target\":[\"https:\\\/\\\/realidadturistica.com\\\/realtur\\\/melia-hotels-international-afianza-su-liderazgo-como-empresa-turistica-mas-responsable-de-espana\\\/#respond\"]}]},{\"@type\":\"WebPage\",\"@id\":\"https:\\\/\\\/realidadturistica.com\\\/realtur\\\/melia-hotels-international-afianza-su-liderazgo-como-empresa-turistica-mas-responsable-de-espana\\\/\",\"url\":\"https:\\\/\\\/realidadturistica.com\\\/realtur\\\/melia-hotels-international-afianza-su-liderazgo-como-empresa-turistica-mas-responsable-de-espana\\\/\",\"name\":\"Meli\u00e1 Hotels International afianza su liderazgo como empresa tur\u00edstica m\u00e1s responsable de Espa\u00f1a - Realidad Tur\u00edstica\",\"isPartOf\":{\"@id\":\"https:\\\/\\\/realidadturistica.com\\\/realtur\\\/#website\"},\"primaryImageOfPage\":{\"@id\":\"https:\\\/\\\/realidadturistica.com\\\/realtur\\\/melia-hotels-international-afianza-su-liderazgo-como-empresa-turistica-mas-responsable-de-espana\\\/#primaryimage\"},\"image\":{\"@id\":\"https:\\\/\\\/realidadturistica.com\\\/realtur\\\/melia-hotels-international-afianza-su-liderazgo-como-empresa-turistica-mas-responsable-de-espana\\\/#primaryimage\"},\"thumbnailUrl\":\"https:\\\/\\\/realidadturistica.com\\\/realtur\\\/wp-content\\\/uploads\\\/2025\\\/01\\\/Melia-Hotels-International.jpg\",\"datePublished\":\"2025-01-30T11:58:48+00:00\",\"dateModified\":\"2025-01-30T11:58:53+00:00\",\"breadcrumb\":{\"@id\":\"https:\\\/\\\/realidadturistica.com\\\/realtur\\\/melia-hotels-international-afianza-su-liderazgo-como-empresa-turistica-mas-responsable-de-espana\\\/#breadcrumb\"},\"inLanguage\":\"es\",\"potentialAction\":[{\"@type\":\"ReadAction\",\"target\":[\"https:\\\/\\\/realidadturistica.com\\\/realtur\\\/melia-hotels-international-afianza-su-liderazgo-como-empresa-turistica-mas-responsable-de-espana\\\/\"]}]},{\"@type\":\"ImageObject\",\"inLanguage\":\"es\",\"@id\":\"https:\\\/\\\/realidadturistica.com\\\/realtur\\\/melia-hotels-international-afianza-su-liderazgo-como-empresa-turistica-mas-responsable-de-espana\\\/#primaryimage\",\"url\":\"https:\\\/\\\/realidadturistica.com\\\/realtur\\\/wp-content\\\/uploads\\\/2025\\\/01\\\/Melia-Hotels-International.jpg\",\"contentUrl\":\"https:\\\/\\\/realidadturistica.com\\\/realtur\\\/wp-content\\\/uploads\\\/2025\\\/01\\\/Melia-Hotels-International.jpg\",\"width\":275,\"height\":183},{\"@type\":\"BreadcrumbList\",\"@id\":\"https:\\\/\\\/realidadturistica.com\\\/realtur\\\/melia-hotels-international-afianza-su-liderazgo-como-empresa-turistica-mas-responsable-de-espana\\\/#breadcrumb\",\"itemListElement\":[{\"@type\":\"ListItem\",\"position\":1,\"name\":\"Portada\",\"item\":\"https:\\\/\\\/realidadturistica.com\\\/realtur\\\/\"},{\"@type\":\"ListItem\",\"position\":2,\"name\":\"Meli\u00e1 Hotels International afianza su liderazgo como empresa tur\u00edstica m\u00e1s responsable de Espa\u00f1a\"}]},{\"@type\":\"WebSite\",\"@id\":\"https:\\\/\\\/realidadturistica.com\\\/realtur\\\/#website\",\"url\":\"https:\\\/\\\/realidadturistica.com\\\/realtur\\\/\",\"name\":\"Realidad Tur\u00edstica\",\"description\":\"\",\"publisher\":{\"@id\":\"https:\\\/\\\/realidadturistica.com\\\/realtur\\\/#organization\"},\"potentialAction\":[{\"@type\":\"SearchAction\",\"target\":{\"@type\":\"EntryPoint\",\"urlTemplate\":\"https:\\\/\\\/realidadturistica.com\\\/realtur\\\/?s={search_term_string}\"},\"query-input\":{\"@type\":\"PropertyValueSpecification\",\"valueRequired\":true,\"valueName\":\"search_term_string\"}}],\"inLanguage\":\"es\"},{\"@type\":\"Organization\",\"@id\":\"https:\\\/\\\/realidadturistica.com\\\/realtur\\\/#organization\",\"name\":\"Realidad Tur\u00edstica\",\"url\":\"https:\\\/\\\/realidadturistica.com\\\/realtur\\\/\",\"logo\":{\"@type\":\"ImageObject\",\"inLanguage\":\"es\",\"@id\":\"https:\\\/\\\/realidadturistica.com\\\/realtur\\\/#\\\/schema\\\/logo\\\/image\\\/\",\"url\":\"https:\\\/\\\/realidadturistica.com\\\/realtur\\\/wp-content\\\/uploads\\\/2021\\\/12\\\/logotipo-realidad-turistica.png\",\"contentUrl\":\"https:\\\/\\\/realidadturistica.com\\\/realtur\\\/wp-content\\\/uploads\\\/2021\\\/12\\\/logotipo-realidad-turistica.png\",\"width\":1382,\"height\":629,\"caption\":\"Realidad Tur\u00edstica\"},\"image\":{\"@id\":\"https:\\\/\\\/realidadturistica.com\\\/realtur\\\/#\\\/schema\\\/logo\\\/image\\\/\"},\"sameAs\":[\"https:\\\/\\\/www.facebook.com\\\/realidadturistica\",\"https:\\\/\\\/www.instagram.com\\\/realidad_turistica\\\/\"]},{\"@type\":\"Person\",\"@id\":\"https:\\\/\\\/realidadturistica.com\\\/realtur\\\/#\\\/schema\\\/person\\\/ade671191202490fcf08ab21590de73e\",\"name\":\"Editor\",\"image\":{\"@type\":\"ImageObject\",\"inLanguage\":\"es\",\"@id\":\"https:\\\/\\\/realidadturistica.com\\\/realtur\\\/wp-content\\\/uploads\\\/2023\\\/09\\\/Editor_avatar_1693668634-96x96.png\",\"url\":\"https:\\\/\\\/realidadturistica.com\\\/realtur\\\/wp-content\\\/uploads\\\/2023\\\/09\\\/Editor_avatar_1693668634-96x96.png\",\"contentUrl\":\"https:\\\/\\\/realidadturistica.com\\\/realtur\\\/wp-content\\\/uploads\\\/2023\\\/09\\\/Editor_avatar_1693668634-96x96.png\",\"caption\":\"Editor\"},\"sameAs\":[\"https:\\\/\\\/realidadturistica.com\\\/realtur\"],\"url\":\"https:\\\/\\\/realidadturistica.com\\\/realtur\\\/author\\\/editor2\\\/\"}]}<\/script>\n<!-- \/ Yoast SEO Premium plugin. -->","yoast_head_json":{"title":"Meli\u00e1 Hotels International afianza su liderazgo como empresa tur\u00edstica m\u00e1s responsable de Espa\u00f1a - Realidad Tur\u00edstica","robots":{"index":"index","follow":"follow","max-snippet":"max-snippet:-1","max-image-preview":"max-image-preview:large","max-video-preview":"max-video-preview:-1"},"canonical":"https:\/\/realidadturistica.com\/realtur\/melia-hotels-international-afianza-su-liderazgo-como-empresa-turistica-mas-responsable-de-espana\/","og_locale":"es_ES","og_type":"article","og_title":"Meli\u00e1 Hotels International afianza su liderazgo como empresa tur\u00edstica m\u00e1s responsable de Espa\u00f1a","og_description":"La hotelera vuelve a posicionarse a la cabeza del ranking sectorial de MERCO Responsabilidad ESG, mejorando su posici\u00f3n en 8 puntos y entrando en el&hellip;","og_url":"https:\/\/realidadturistica.com\/realtur\/melia-hotels-international-afianza-su-liderazgo-como-empresa-turistica-mas-responsable-de-espana\/","og_site_name":"Realidad Tur\u00edstica","article_publisher":"https:\/\/www.facebook.com\/realidadturistica","article_published_time":"2025-01-30T11:58:48+00:00","article_modified_time":"2025-01-30T11:58:53+00:00","og_image":[{"width":275,"height":183,"url":"https:\/\/realidadturistica.com\/realtur\/wp-content\/uploads\/2025\/01\/Melia-Hotels-International.jpg","type":"image\/jpeg"}],"author":"Editor","twitter_card":"summary_large_image","twitter_misc":{"Escrito por":"Editor","Tiempo de lectura":"3 minutos"},"schema":{"@context":"https:\/\/schema.org","@graph":[{"@type":"Article","@id":"https:\/\/realidadturistica.com\/realtur\/melia-hotels-international-afianza-su-liderazgo-como-empresa-turistica-mas-responsable-de-espana\/#article","isPartOf":{"@id":"https:\/\/realidadturistica.com\/realtur\/melia-hotels-international-afianza-su-liderazgo-como-empresa-turistica-mas-responsable-de-espana\/"},"author":{"name":"Editor","@id":"https:\/\/realidadturistica.com\/realtur\/#\/schema\/person\/ade671191202490fcf08ab21590de73e"},"headline":"Meli\u00e1 Hotels International afianza su liderazgo como empresa tur\u00edstica m\u00e1s responsable de Espa\u00f1a","datePublished":"2025-01-30T11:58:48+00:00","dateModified":"2025-01-30T11:58:53+00:00","mainEntityOfPage":{"@id":"https:\/\/realidadturistica.com\/realtur\/melia-hotels-international-afianza-su-liderazgo-como-empresa-turistica-mas-responsable-de-espana\/"},"wordCount":536,"commentCount":0,"publisher":{"@id":"https:\/\/realidadturistica.com\/realtur\/#organization"},"image":{"@id":"https:\/\/realidadturistica.com\/realtur\/melia-hotels-international-afianza-su-liderazgo-como-empresa-turistica-mas-responsable-de-espana\/#primaryimage"},"thumbnailUrl":"https:\/\/realidadturistica.com\/realtur\/wp-content\/uploads\/2025\/01\/Melia-Hotels-International.jpg","articleSection":["Turismo"],"inLanguage":"es","potentialAction":[{"@type":"CommentAction","name":"Comment","target":["https:\/\/realidadturistica.com\/realtur\/melia-hotels-international-afianza-su-liderazgo-como-empresa-turistica-mas-responsable-de-espana\/#respond"]}]},{"@type":"WebPage","@id":"https:\/\/realidadturistica.com\/realtur\/melia-hotels-international-afianza-su-liderazgo-como-empresa-turistica-mas-responsable-de-espana\/","url":"https:\/\/realidadturistica.com\/realtur\/melia-hotels-international-afianza-su-liderazgo-como-empresa-turistica-mas-responsable-de-espana\/","name":"Meli\u00e1 Hotels International afianza su liderazgo como empresa tur\u00edstica m\u00e1s responsable de Espa\u00f1a - Realidad Tur\u00edstica","isPartOf":{"@id":"https:\/\/realidadturistica.com\/realtur\/#website"},"primaryImageOfPage":{"@id":"https:\/\/realidadturistica.com\/realtur\/melia-hotels-international-afianza-su-liderazgo-como-empresa-turistica-mas-responsable-de-espana\/#primaryimage"},"image":{"@id":"https:\/\/realidadturistica.com\/realtur\/melia-hotels-international-afianza-su-liderazgo-como-empresa-turistica-mas-responsable-de-espana\/#primaryimage"},"thumbnailUrl":"https:\/\/realidadturistica.com\/realtur\/wp-content\/uploads\/2025\/01\/Melia-Hotels-International.jpg","datePublished":"2025-01-30T11:58:48+00:00","dateModified":"2025-01-30T11:58:53+00:00","breadcrumb":{"@id":"https:\/\/realidadturistica.com\/realtur\/melia-hotels-international-afianza-su-liderazgo-como-empresa-turistica-mas-responsable-de-espana\/#breadcrumb"},"inLanguage":"es","potentialAction":[{"@type":"ReadAction","target":["https:\/\/realidadturistica.com\/realtur\/melia-hotels-international-afianza-su-liderazgo-como-empresa-turistica-mas-responsable-de-espana\/"]}]},{"@type":"ImageObject","inLanguage":"es","@id":"https:\/\/realidadturistica.com\/realtur\/melia-hotels-international-afianza-su-liderazgo-como-empresa-turistica-mas-responsable-de-espana\/#primaryimage","url":"https:\/\/realidadturistica.com\/realtur\/wp-content\/uploads\/2025\/01\/Melia-Hotels-International.jpg","contentUrl":"https:\/\/realidadturistica.com\/realtur\/wp-content\/uploads\/2025\/01\/Melia-Hotels-International.jpg","width":275,"height":183},{"@type":"BreadcrumbList","@id":"https:\/\/realidadturistica.com\/realtur\/melia-hotels-international-afianza-su-liderazgo-como-empresa-turistica-mas-responsable-de-espana\/#breadcrumb","itemListElement":[{"@type":"ListItem","position":1,"name":"Portada","item":"https:\/\/realidadturistica.com\/realtur\/"},{"@type":"ListItem","position":2,"name":"Meli\u00e1 Hotels International afianza su liderazgo como empresa tur\u00edstica m\u00e1s responsable de Espa\u00f1a"}]},{"@type":"WebSite","@id":"https:\/\/realidadturistica.com\/realtur\/#website","url":"https:\/\/realidadturistica.com\/realtur\/","name":"Realidad Tur\u00edstica","description":"","publisher":{"@id":"https:\/\/realidadturistica.com\/realtur\/#organization"},"potentialAction":[{"@type":"SearchAction","target":{"@type":"EntryPoint","urlTemplate":"https:\/\/realidadturistica.com\/realtur\/?s={search_term_string}"},"query-input":{"@type":"PropertyValueSpecification","valueRequired":true,"valueName":"search_term_string"}}],"inLanguage":"es"},{"@type":"Organization","@id":"https:\/\/realidadturistica.com\/realtur\/#organization","name":"Realidad Tur\u00edstica","url":"https:\/\/realidadturistica.com\/realtur\/","logo":{"@type":"ImageObject","inLanguage":"es","@id":"https:\/\/realidadturistica.com\/realtur\/#\/schema\/logo\/image\/","url":"https:\/\/realidadturistica.com\/realtur\/wp-content\/uploads\/2021\/12\/logotipo-realidad-turistica.png","contentUrl":"https:\/\/realidadturistica.com\/realtur\/wp-content\/uploads\/2021\/12\/logotipo-realidad-turistica.png","width":1382,"height":629,"caption":"Realidad Tur\u00edstica"},"image":{"@id":"https:\/\/realidadturistica.com\/realtur\/#\/schema\/logo\/image\/"},"sameAs":["https:\/\/www.facebook.com\/realidadturistica","https:\/\/www.instagram.com\/realidad_turistica\/"]},{"@type":"Person","@id":"https:\/\/realidadturistica.com\/realtur\/#\/schema\/person\/ade671191202490fcf08ab21590de73e","name":"Editor","image":{"@type":"ImageObject","inLanguage":"es","@id":"https:\/\/realidadturistica.com\/realtur\/wp-content\/uploads\/2023\/09\/Editor_avatar_1693668634-96x96.png","url":"https:\/\/realidadturistica.com\/realtur\/wp-content\/uploads\/2023\/09\/Editor_avatar_1693668634-96x96.png","contentUrl":"https:\/\/realidadturistica.com\/realtur\/wp-content\/uploads\/2023\/09\/Editor_avatar_1693668634-96x96.png","caption":"Editor"},"sameAs":["https:\/\/realidadturistica.com\/realtur"],"url":"https:\/\/realidadturistica.com\/realtur\/author\/editor2\/"}]}},"_links":{"self":[{"href":"https:\/\/realidadturistica.com\/realtur\/wp-json\/wp\/v2\/posts\/9090","targetHints":{"allow":["GET"]}}],"collection":[{"href":"https:\/\/realidadturistica.com\/realtur\/wp-json\/wp\/v2\/posts"}],"about":[{"href":"https:\/\/realidadturistica.com\/realtur\/wp-json\/wp\/v2\/types\/post"}],"author":[{"embeddable":true,"href":"https:\/\/realidadturistica.com\/realtur\/wp-json\/wp\/v2\/users\/2"}],"replies":[{"embeddable":true,"href":"https:\/\/realidadturistica.com\/realtur\/wp-json\/wp\/v2\/comments?post=9090"}],"version-history":[{"count":1,"href":"https:\/\/realidadturistica.com\/realtur\/wp-json\/wp\/v2\/posts\/9090\/revisions"}],"predecessor-version":[{"id":9092,"href":"https:\/\/realidadturistica.com\/realtur\/wp-json\/wp\/v2\/posts\/9090\/revisions\/9092"}],"wp:featuredmedia":[{"embeddable":true,"href":"https:\/\/realidadturistica.com\/realtur\/wp-json\/wp\/v2\/media\/9091"}],"wp:attachment":[{"href":"https:\/\/realidadturistica.com\/realtur\/wp-json\/wp\/v2\/media?parent=9090"}],"wp:term":[{"taxonomy":"category","embeddable":true,"href":"https:\/\/realidadturistica.com\/realtur\/wp-json\/wp\/v2\/categories?post=9090"},{"taxonomy":"post_tag","embeddable":true,"href":"https:\/\/realidadturistica.com\/realtur\/wp-json\/wp\/v2\/tags?post=9090"}],"curies":[{"name":"wp","href":"https:\/\/api.w.org\/{rel}","templated":true}]}}