{"id":9123,"date":"2025-02-11T12:59:49","date_gmt":"2025-02-11T12:59:49","guid":{"rendered":"https:\/\/realidadturistica.com\/realtur\/?p=9123"},"modified":"2025-02-11T12:59:52","modified_gmt":"2025-02-11T12:59:52","slug":"melia-encabeza-el-sector-hotelero-mundial-en-el-anuario-de-sostenibilidad-2025-de-sp-global","status":"publish","type":"post","link":"https:\/\/realidadturistica.com\/realtur\/melia-encabeza-el-sector-hotelero-mundial-en-el-anuario-de-sostenibilidad-2025-de-sp-global\/","title":{"rendered":"Meli\u00e1 encabeza el sector hotelero mundial en el Anuario de Sostenibilidad 2025 de S&amp;P Global"},"content":{"rendered":"\n<p class=\"wp-block-yoast-seo-estimated-reading-time yoast-reading-time__wrapper\"><span class=\"yoast-reading-time__icon\"><svg aria-hidden=\"true\" focusable=\"false\" data-icon=\"clock\" width=\"20\" height=\"20\" fill=\"none\" stroke=\"currentColor\" style=\"display:inline-block;vertical-align:-0.1em\" role=\"img\" xmlns=\"http:\/\/www.w3.org\/2000\/svg\" viewBox=\"0 0 24 24\"><path stroke-linecap=\"round\" stroke-linejoin=\"round\" stroke-width=\"2\" d=\"M12 8v4l3 3m6-3a9 9 0 11-18 0 9 9 0 0118 0z\"><\/path><\/svg><\/span><span class=\"yoast-reading-time__spacer\" style=\"display:inline-block;width:1em\"><\/span><span class=\"yoast-reading-time__descriptive-text\">Estimated reading time: <\/span><span class=\"yoast-reading-time__reading-time\">4<\/span><span class=\"yoast-reading-time__time-unit\"> minutos<\/span><\/p>\n\n\n\n<p>The Sustainability Yearbook, el ranking de sostenibilidad m\u00e1s prestigioso del mundo, sit\u00faa a Meli\u00e1 como la tercera empresa tur\u00edstica m\u00e1s sostenible y la primera del sector hotelero<\/p>\n\n\n\n<p>Este logro reafirma los progresos de la compa\u00f1\u00eda para consolidar su modelo de hoteler\u00eda responsable y su estrategia para abordar los desaf\u00edos econ\u00f3micos, sociales y medioambientales del entorno actual<\/p>\n\n\n\n<p>Palma de Mallorca, 11 de febrero de 2025. Meli\u00e1 Hotels International ha sido incluida en el Anuario de Sostenibilidad de S&amp;P Global por s\u00e9ptimo a\u00f1o consecutivo. Tras analizar cerca de 7.690 empresas de todo el mundo mediante la Evaluaci\u00f3n Anual de Sostenibilidad Corporativa (CSA), el informe internacional m\u00e1s prestigioso en el \u00e1mbito de la sostenibilidad vuelve a destacar el desempe\u00f1o de Meli\u00e1 en el sector tur\u00edstico.<\/p>\n\n\n\n<p>En concreto, la agencia l\u00edder en calificaciones financieras y an\u00e1lisis de mercados S&amp;P Global sit\u00faa a Meli\u00e1 en el tercer puesto, por detr\u00e1s de la tailandesa Asset World Corporation &#8211; especializada en inversi\u00f3n inmobiliaria, tambi\u00e9n con activos hoteleros &#8211; y la tecnol\u00f3gica Amadeus, siendo la primera compa\u00f1\u00eda hotelera en el ranking.<\/p>\n\n\n\n<p>Las calificaciones de Meli\u00e1 en los indicadores de medioambiente ponen de manifiesto una destacada estrategia clim\u00e1tica, as\u00ed como una s\u00f3lida gesti\u00f3n medioambiental. La compa\u00f1\u00eda ha establecido un objetivo global de reducci\u00f3n de emisiones de CO2 del 71,4% en 2035, respecto al a\u00f1o 2018, y ha consolidado un modelo de reporting para monitorizar con rigurosidad y fiabilidad los indicadores en materia de huella de carbono, consumos energ\u00e9ticos e h\u00eddricos, con el fin de avanzar en sus compromisos.<\/p>\n\n\n\n<p>Para lograrlo, la compa\u00f1\u00eda ha invertido en instalaciones eficientes y compra de energ\u00eda verde, entre otras medidas, adem\u00e1s de impulsar diferentes proyectos para reducir la huella de carbono, como el Proyecto CO2PERATE, centrado en la optimizaci\u00f3n del sistema de climatizaci\u00f3n para reducir el consumo energ\u00e9tico usando inteligencia artificial; o el programa Road to Net Zero Events, que busca minimizar el impacto ambiental de los eventos de gran formato.<\/p>\n\n\n\n<p>En la dimensi\u00f3n social, la evaluaci\u00f3n de S&amp;P Global destaca el compromiso de Meli\u00e1 en la gesti\u00f3n del capital humano o la defensa de los Derechos Humanos. La hotelera, certificada como Top Employer Enterprise, mantiene un fuerte compromiso con el desarrollo del talento, ofreciendo un entorno laboral basado en la igualdad y la diversidad, las oportunidades de formaci\u00f3n y el crecimiento profesional, con un 75% de vacantes cubiertas mediante promoci\u00f3n interna. Asimismo, a trav\u00e9s de su Pol\u00edtica de Diversidad, la compa\u00f1\u00eda se ha comprometido a potencia una mayor presencia de mujeres en posiciones directivas, reducir las desigualdades de g\u00e9nero, luchar contra el acoso y la discriminaci\u00f3n o a favorecer la inclusi\u00f3n social de colectivos vulnerables.<\/p>\n\n\n\n<p>En el \u00e1mbito econ\u00f3mico y de gobierno corporativo, Meli\u00e1 ha obtenido una calificaci\u00f3n de 100 puntos en Transparencia y Reporting, destacando adem\u00e1s en aspectos como \u00e9tica empresarial o estrategia fiscal.<\/p>\n\n\n\n<p>Travel for Good es el programa de Meli\u00e1 dise\u00f1ado para reforzar y poner en valor los compromisos y avances de la compa\u00f1\u00eda en el \u00e1mbito ESG. Este programa abarca cuatro ejes fundamentales: el planeta, el cuidado de las personas, el desarrollo de las comunidades y el buen gobierno corporativo. A trav\u00e9s de objetivos e iniciativas desarrollados en cada una de las dimensiones en el \u00e1mbito de la sostenibilidad, la compa\u00f1\u00eda aspira a mejorar y divulgar su impacto positivo en el entorno y contribuir no solo a un mayor desarrollo econ\u00f3mico de los destinos en los que opera, sino tambi\u00e9n contribuir al progreso de sus comunidades.<\/p>\n\n\n\n<p>\u201cNos sentimos muy orgullosos de estar incluidos en este anuario por s\u00e9ptimo a\u00f1o consecutivo, lo cual respalda nuestro compromiso con el turismo responsable y refuerza la trayectoria de liderazgo y \u00e9xito de Meli\u00e1 en la creaci\u00f3n de un modelo de turismo m\u00e1s sostenible, que genera valor a largo plazo en los destinos\u00bb, ha asegurado Gabriel Escarrer, Presidente y Consejero Delegado de Meli\u00e1 Hotels International.<\/p>\n\n\n\n<p>Para la elaboraci\u00f3n del Sustainability Yearbook, S&amp;P combina la informaci\u00f3n p\u00fablica de las compa\u00f1\u00edas con una exhaustiva evaluaci\u00f3n de sostenibilidad corporativa (CSA). De todas las compa\u00f1\u00edas evaluadas a nivel mundial, tan solo 780 han sido incluidas en el Anuario de 2025.<\/p>\n\n\n\n<p>Acerca de Meli\u00e1 Hotels International: Fundada en 1956 en Palma de Mallorca (Espa\u00f1a), Meli\u00e1 Hotels International cuenta con m\u00e1s de 400 hoteles abiertos o en proceso de apertura, en m\u00e1s de 40 pa\u00edses, y un portfolio de nueve marcas: Gran Meli\u00e1 Hotels &amp; Resorts, ME by Meli\u00e1, The Meli\u00e1 Collection, Paradisus by Meli\u00e1, Meli\u00e1 Hotels &amp; Resorts, ZEL, INNSiDE by Meli\u00e1, Sol by Meli\u00e1 y Affiliated by Meli\u00e1. La Compa\u00f1\u00eda es una de las hoteleras l\u00edderes mundiales en el segmento de hoteles vacacionales y su experiencia en este \u00e1mbito le ha permitido consolidarse en el creciente mercado de hoteles urbanos inspirados en el ocio. Su compromiso con el turismo responsable le ha hecho ser reconocida como la hotelera de origen europeo m\u00e1s sostenible del mundo (elegida como \u201cSustainability Yearbook Member\u201d en 2024 por S&amp;P Global), adem\u00e1s de ser marca \u201cTop Employer Enterprise 2025\u201d. Para m\u00e1s informaci\u00f3n, visite www.meliahotelsinternational.com<\/p>\n\n\n\n<p>Meli\u00e1 Hotels International<\/p>\n","protected":false},"excerpt":{"rendered":"<p>The Sustainability Yearbook, el ranking de sostenibilidad m\u00e1s prestigioso del mundo, sit\u00faa a Meli\u00e1 como la tercera empresa tur\u00edstica m\u00e1s sostenible y la primera del&hellip;<\/p>\n","protected":false},"author":2,"featured_media":9124,"comment_status":"open","ping_status":"closed","sticky":false,"template":"","format":"standard","meta":{"content-type":"","_lmt_disableupdate":"","_lmt_disable":"","footnotes":""},"categories":[6],"tags":[],"class_list":["post-9123","post","type-post","status-publish","format-standard","has-post-thumbnail","hentry","category-turismo"],"yoast_head":"<!-- This site is optimized with the Yoast SEO Premium plugin v27.4 (Yoast SEO v27.4) - https:\/\/yoast.com\/product\/yoast-seo-premium-wordpress\/ -->\n<title>Meli\u00e1 encabeza el sector hotelero mundial en el Anuario de Sostenibilidad 2025 de S&amp;P Global - Realidad Tur\u00edstica<\/title>\n<meta name=\"robots\" content=\"index, follow, max-snippet:-1, max-image-preview:large, max-video-preview:-1\" \/>\n<link rel=\"canonical\" href=\"https:\/\/realidadturistica.com\/realtur\/melia-encabeza-el-sector-hotelero-mundial-en-el-anuario-de-sostenibilidad-2025-de-sp-global\/\" \/>\n<meta property=\"og:locale\" content=\"es_ES\" \/>\n<meta property=\"og:type\" content=\"article\" \/>\n<meta property=\"og:title\" content=\"Meli\u00e1 encabeza el sector hotelero mundial en el Anuario de Sostenibilidad 2025 de S&amp;P Global\" \/>\n<meta property=\"og:description\" content=\"The Sustainability Yearbook, el ranking de sostenibilidad m\u00e1s prestigioso del mundo, sit\u00faa a Meli\u00e1 como la tercera empresa tur\u00edstica m\u00e1s sostenible y la primera del&hellip;\" \/>\n<meta property=\"og:url\" content=\"https:\/\/realidadturistica.com\/realtur\/melia-encabeza-el-sector-hotelero-mundial-en-el-anuario-de-sostenibilidad-2025-de-sp-global\/\" \/>\n<meta property=\"og:site_name\" content=\"Realidad Tur\u00edstica\" \/>\n<meta property=\"article:publisher\" content=\"https:\/\/www.facebook.com\/realidadturistica\" \/>\n<meta property=\"article:published_time\" content=\"2025-02-11T12:59:49+00:00\" \/>\n<meta property=\"article:modified_time\" content=\"2025-02-11T12:59:52+00:00\" \/>\n<meta property=\"og:image\" content=\"https:\/\/realidadturistica.com\/realtur\/wp-content\/uploads\/2025\/02\/Melia-encabeza-el-sector-hotelero-mundial.jpg\" \/>\n\t<meta property=\"og:image:width\" content=\"1254\" \/>\n\t<meta property=\"og:image:height\" content=\"702\" \/>\n\t<meta property=\"og:image:type\" content=\"image\/jpeg\" \/>\n<meta name=\"author\" content=\"Editor\" \/>\n<meta name=\"twitter:card\" content=\"summary_large_image\" \/>\n<meta name=\"twitter:label1\" content=\"Escrito por\" \/>\n\t<meta name=\"twitter:data1\" content=\"Editor\" \/>\n\t<meta name=\"twitter:label2\" content=\"Tiempo de lectura\" \/>\n\t<meta name=\"twitter:data2\" content=\"4 minutos\" \/>\n<script type=\"application\/ld+json\" class=\"yoast-schema-graph\">{\"@context\":\"https:\\\/\\\/schema.org\",\"@graph\":[{\"@type\":\"Article\",\"@id\":\"https:\\\/\\\/realidadturistica.com\\\/realtur\\\/melia-encabeza-el-sector-hotelero-mundial-en-el-anuario-de-sostenibilidad-2025-de-sp-global\\\/#article\",\"isPartOf\":{\"@id\":\"https:\\\/\\\/realidadturistica.com\\\/realtur\\\/melia-encabeza-el-sector-hotelero-mundial-en-el-anuario-de-sostenibilidad-2025-de-sp-global\\\/\"},\"author\":{\"name\":\"Editor\",\"@id\":\"https:\\\/\\\/realidadturistica.com\\\/realtur\\\/#\\\/schema\\\/person\\\/ade671191202490fcf08ab21590de73e\"},\"headline\":\"Meli\u00e1 encabeza el sector hotelero mundial en el Anuario de Sostenibilidad 2025 de S&amp;P Global\",\"datePublished\":\"2025-02-11T12:59:49+00:00\",\"dateModified\":\"2025-02-11T12:59:52+00:00\",\"mainEntityOfPage\":{\"@id\":\"https:\\\/\\\/realidadturistica.com\\\/realtur\\\/melia-encabeza-el-sector-hotelero-mundial-en-el-anuario-de-sostenibilidad-2025-de-sp-global\\\/\"},\"wordCount\":917,\"commentCount\":0,\"publisher\":{\"@id\":\"https:\\\/\\\/realidadturistica.com\\\/realtur\\\/#organization\"},\"image\":{\"@id\":\"https:\\\/\\\/realidadturistica.com\\\/realtur\\\/melia-encabeza-el-sector-hotelero-mundial-en-el-anuario-de-sostenibilidad-2025-de-sp-global\\\/#primaryimage\"},\"thumbnailUrl\":\"https:\\\/\\\/realidadturistica.com\\\/realtur\\\/wp-content\\\/uploads\\\/2025\\\/02\\\/Melia-encabeza-el-sector-hotelero-mundial.jpg\",\"articleSection\":[\"Turismo\"],\"inLanguage\":\"es\",\"potentialAction\":[{\"@type\":\"CommentAction\",\"name\":\"Comment\",\"target\":[\"https:\\\/\\\/realidadturistica.com\\\/realtur\\\/melia-encabeza-el-sector-hotelero-mundial-en-el-anuario-de-sostenibilidad-2025-de-sp-global\\\/#respond\"]}]},{\"@type\":\"WebPage\",\"@id\":\"https:\\\/\\\/realidadturistica.com\\\/realtur\\\/melia-encabeza-el-sector-hotelero-mundial-en-el-anuario-de-sostenibilidad-2025-de-sp-global\\\/\",\"url\":\"https:\\\/\\\/realidadturistica.com\\\/realtur\\\/melia-encabeza-el-sector-hotelero-mundial-en-el-anuario-de-sostenibilidad-2025-de-sp-global\\\/\",\"name\":\"Meli\u00e1 encabeza el sector hotelero mundial en el Anuario de Sostenibilidad 2025 de S&amp;P Global - Realidad Tur\u00edstica\",\"isPartOf\":{\"@id\":\"https:\\\/\\\/realidadturistica.com\\\/realtur\\\/#website\"},\"primaryImageOfPage\":{\"@id\":\"https:\\\/\\\/realidadturistica.com\\\/realtur\\\/melia-encabeza-el-sector-hotelero-mundial-en-el-anuario-de-sostenibilidad-2025-de-sp-global\\\/#primaryimage\"},\"image\":{\"@id\":\"https:\\\/\\\/realidadturistica.com\\\/realtur\\\/melia-encabeza-el-sector-hotelero-mundial-en-el-anuario-de-sostenibilidad-2025-de-sp-global\\\/#primaryimage\"},\"thumbnailUrl\":\"https:\\\/\\\/realidadturistica.com\\\/realtur\\\/wp-content\\\/uploads\\\/2025\\\/02\\\/Melia-encabeza-el-sector-hotelero-mundial.jpg\",\"datePublished\":\"2025-02-11T12:59:49+00:00\",\"dateModified\":\"2025-02-11T12:59:52+00:00\",\"breadcrumb\":{\"@id\":\"https:\\\/\\\/realidadturistica.com\\\/realtur\\\/melia-encabeza-el-sector-hotelero-mundial-en-el-anuario-de-sostenibilidad-2025-de-sp-global\\\/#breadcrumb\"},\"inLanguage\":\"es\",\"potentialAction\":[{\"@type\":\"ReadAction\",\"target\":[\"https:\\\/\\\/realidadturistica.com\\\/realtur\\\/melia-encabeza-el-sector-hotelero-mundial-en-el-anuario-de-sostenibilidad-2025-de-sp-global\\\/\"]}]},{\"@type\":\"ImageObject\",\"inLanguage\":\"es\",\"@id\":\"https:\\\/\\\/realidadturistica.com\\\/realtur\\\/melia-encabeza-el-sector-hotelero-mundial-en-el-anuario-de-sostenibilidad-2025-de-sp-global\\\/#primaryimage\",\"url\":\"https:\\\/\\\/realidadturistica.com\\\/realtur\\\/wp-content\\\/uploads\\\/2025\\\/02\\\/Melia-encabeza-el-sector-hotelero-mundial.jpg\",\"contentUrl\":\"https:\\\/\\\/realidadturistica.com\\\/realtur\\\/wp-content\\\/uploads\\\/2025\\\/02\\\/Melia-encabeza-el-sector-hotelero-mundial.jpg\",\"width\":1254,\"height\":702},{\"@type\":\"BreadcrumbList\",\"@id\":\"https:\\\/\\\/realidadturistica.com\\\/realtur\\\/melia-encabeza-el-sector-hotelero-mundial-en-el-anuario-de-sostenibilidad-2025-de-sp-global\\\/#breadcrumb\",\"itemListElement\":[{\"@type\":\"ListItem\",\"position\":1,\"name\":\"Portada\",\"item\":\"https:\\\/\\\/realidadturistica.com\\\/realtur\\\/\"},{\"@type\":\"ListItem\",\"position\":2,\"name\":\"Meli\u00e1 encabeza el sector hotelero mundial en el Anuario de Sostenibilidad 2025 de S&amp;P Global\"}]},{\"@type\":\"WebSite\",\"@id\":\"https:\\\/\\\/realidadturistica.com\\\/realtur\\\/#website\",\"url\":\"https:\\\/\\\/realidadturistica.com\\\/realtur\\\/\",\"name\":\"Realidad Tur\u00edstica\",\"description\":\"\",\"publisher\":{\"@id\":\"https:\\\/\\\/realidadturistica.com\\\/realtur\\\/#organization\"},\"potentialAction\":[{\"@type\":\"SearchAction\",\"target\":{\"@type\":\"EntryPoint\",\"urlTemplate\":\"https:\\\/\\\/realidadturistica.com\\\/realtur\\\/?s={search_term_string}\"},\"query-input\":{\"@type\":\"PropertyValueSpecification\",\"valueRequired\":true,\"valueName\":\"search_term_string\"}}],\"inLanguage\":\"es\"},{\"@type\":\"Organization\",\"@id\":\"https:\\\/\\\/realidadturistica.com\\\/realtur\\\/#organization\",\"name\":\"Realidad Tur\u00edstica\",\"url\":\"https:\\\/\\\/realidadturistica.com\\\/realtur\\\/\",\"logo\":{\"@type\":\"ImageObject\",\"inLanguage\":\"es\",\"@id\":\"https:\\\/\\\/realidadturistica.com\\\/realtur\\\/#\\\/schema\\\/logo\\\/image\\\/\",\"url\":\"https:\\\/\\\/realidadturistica.com\\\/realtur\\\/wp-content\\\/uploads\\\/2021\\\/12\\\/logotipo-realidad-turistica.png\",\"contentUrl\":\"https:\\\/\\\/realidadturistica.com\\\/realtur\\\/wp-content\\\/uploads\\\/2021\\\/12\\\/logotipo-realidad-turistica.png\",\"width\":1382,\"height\":629,\"caption\":\"Realidad Tur\u00edstica\"},\"image\":{\"@id\":\"https:\\\/\\\/realidadturistica.com\\\/realtur\\\/#\\\/schema\\\/logo\\\/image\\\/\"},\"sameAs\":[\"https:\\\/\\\/www.facebook.com\\\/realidadturistica\",\"https:\\\/\\\/www.instagram.com\\\/realidad_turistica\\\/\"]},{\"@type\":\"Person\",\"@id\":\"https:\\\/\\\/realidadturistica.com\\\/realtur\\\/#\\\/schema\\\/person\\\/ade671191202490fcf08ab21590de73e\",\"name\":\"Editor\",\"image\":{\"@type\":\"ImageObject\",\"inLanguage\":\"es\",\"@id\":\"https:\\\/\\\/realidadturistica.com\\\/realtur\\\/wp-content\\\/uploads\\\/2023\\\/09\\\/Editor_avatar_1693668634-96x96.png\",\"url\":\"https:\\\/\\\/realidadturistica.com\\\/realtur\\\/wp-content\\\/uploads\\\/2023\\\/09\\\/Editor_avatar_1693668634-96x96.png\",\"contentUrl\":\"https:\\\/\\\/realidadturistica.com\\\/realtur\\\/wp-content\\\/uploads\\\/2023\\\/09\\\/Editor_avatar_1693668634-96x96.png\",\"caption\":\"Editor\"},\"sameAs\":[\"https:\\\/\\\/realidadturistica.com\\\/realtur\"],\"url\":\"https:\\\/\\\/realidadturistica.com\\\/realtur\\\/author\\\/editor2\\\/\"}]}<\/script>\n<!-- \/ Yoast SEO Premium plugin. -->","yoast_head_json":{"title":"Meli\u00e1 encabeza el sector hotelero mundial en el Anuario de Sostenibilidad 2025 de S&amp;P Global - Realidad Tur\u00edstica","robots":{"index":"index","follow":"follow","max-snippet":"max-snippet:-1","max-image-preview":"max-image-preview:large","max-video-preview":"max-video-preview:-1"},"canonical":"https:\/\/realidadturistica.com\/realtur\/melia-encabeza-el-sector-hotelero-mundial-en-el-anuario-de-sostenibilidad-2025-de-sp-global\/","og_locale":"es_ES","og_type":"article","og_title":"Meli\u00e1 encabeza el sector hotelero mundial en el Anuario de Sostenibilidad 2025 de S&amp;P Global","og_description":"The Sustainability Yearbook, el ranking de sostenibilidad m\u00e1s prestigioso del mundo, sit\u00faa a Meli\u00e1 como la tercera empresa tur\u00edstica m\u00e1s sostenible y la primera del&hellip;","og_url":"https:\/\/realidadturistica.com\/realtur\/melia-encabeza-el-sector-hotelero-mundial-en-el-anuario-de-sostenibilidad-2025-de-sp-global\/","og_site_name":"Realidad Tur\u00edstica","article_publisher":"https:\/\/www.facebook.com\/realidadturistica","article_published_time":"2025-02-11T12:59:49+00:00","article_modified_time":"2025-02-11T12:59:52+00:00","og_image":[{"width":1254,"height":702,"url":"https:\/\/realidadturistica.com\/realtur\/wp-content\/uploads\/2025\/02\/Melia-encabeza-el-sector-hotelero-mundial.jpg","type":"image\/jpeg"}],"author":"Editor","twitter_card":"summary_large_image","twitter_misc":{"Escrito por":"Editor","Tiempo de lectura":"4 minutos"},"schema":{"@context":"https:\/\/schema.org","@graph":[{"@type":"Article","@id":"https:\/\/realidadturistica.com\/realtur\/melia-encabeza-el-sector-hotelero-mundial-en-el-anuario-de-sostenibilidad-2025-de-sp-global\/#article","isPartOf":{"@id":"https:\/\/realidadturistica.com\/realtur\/melia-encabeza-el-sector-hotelero-mundial-en-el-anuario-de-sostenibilidad-2025-de-sp-global\/"},"author":{"name":"Editor","@id":"https:\/\/realidadturistica.com\/realtur\/#\/schema\/person\/ade671191202490fcf08ab21590de73e"},"headline":"Meli\u00e1 encabeza el sector hotelero mundial en el Anuario de Sostenibilidad 2025 de S&amp;P Global","datePublished":"2025-02-11T12:59:49+00:00","dateModified":"2025-02-11T12:59:52+00:00","mainEntityOfPage":{"@id":"https:\/\/realidadturistica.com\/realtur\/melia-encabeza-el-sector-hotelero-mundial-en-el-anuario-de-sostenibilidad-2025-de-sp-global\/"},"wordCount":917,"commentCount":0,"publisher":{"@id":"https:\/\/realidadturistica.com\/realtur\/#organization"},"image":{"@id":"https:\/\/realidadturistica.com\/realtur\/melia-encabeza-el-sector-hotelero-mundial-en-el-anuario-de-sostenibilidad-2025-de-sp-global\/#primaryimage"},"thumbnailUrl":"https:\/\/realidadturistica.com\/realtur\/wp-content\/uploads\/2025\/02\/Melia-encabeza-el-sector-hotelero-mundial.jpg","articleSection":["Turismo"],"inLanguage":"es","potentialAction":[{"@type":"CommentAction","name":"Comment","target":["https:\/\/realidadturistica.com\/realtur\/melia-encabeza-el-sector-hotelero-mundial-en-el-anuario-de-sostenibilidad-2025-de-sp-global\/#respond"]}]},{"@type":"WebPage","@id":"https:\/\/realidadturistica.com\/realtur\/melia-encabeza-el-sector-hotelero-mundial-en-el-anuario-de-sostenibilidad-2025-de-sp-global\/","url":"https:\/\/realidadturistica.com\/realtur\/melia-encabeza-el-sector-hotelero-mundial-en-el-anuario-de-sostenibilidad-2025-de-sp-global\/","name":"Meli\u00e1 encabeza el sector hotelero mundial en el Anuario de Sostenibilidad 2025 de S&amp;P Global - Realidad Tur\u00edstica","isPartOf":{"@id":"https:\/\/realidadturistica.com\/realtur\/#website"},"primaryImageOfPage":{"@id":"https:\/\/realidadturistica.com\/realtur\/melia-encabeza-el-sector-hotelero-mundial-en-el-anuario-de-sostenibilidad-2025-de-sp-global\/#primaryimage"},"image":{"@id":"https:\/\/realidadturistica.com\/realtur\/melia-encabeza-el-sector-hotelero-mundial-en-el-anuario-de-sostenibilidad-2025-de-sp-global\/#primaryimage"},"thumbnailUrl":"https:\/\/realidadturistica.com\/realtur\/wp-content\/uploads\/2025\/02\/Melia-encabeza-el-sector-hotelero-mundial.jpg","datePublished":"2025-02-11T12:59:49+00:00","dateModified":"2025-02-11T12:59:52+00:00","breadcrumb":{"@id":"https:\/\/realidadturistica.com\/realtur\/melia-encabeza-el-sector-hotelero-mundial-en-el-anuario-de-sostenibilidad-2025-de-sp-global\/#breadcrumb"},"inLanguage":"es","potentialAction":[{"@type":"ReadAction","target":["https:\/\/realidadturistica.com\/realtur\/melia-encabeza-el-sector-hotelero-mundial-en-el-anuario-de-sostenibilidad-2025-de-sp-global\/"]}]},{"@type":"ImageObject","inLanguage":"es","@id":"https:\/\/realidadturistica.com\/realtur\/melia-encabeza-el-sector-hotelero-mundial-en-el-anuario-de-sostenibilidad-2025-de-sp-global\/#primaryimage","url":"https:\/\/realidadturistica.com\/realtur\/wp-content\/uploads\/2025\/02\/Melia-encabeza-el-sector-hotelero-mundial.jpg","contentUrl":"https:\/\/realidadturistica.com\/realtur\/wp-content\/uploads\/2025\/02\/Melia-encabeza-el-sector-hotelero-mundial.jpg","width":1254,"height":702},{"@type":"BreadcrumbList","@id":"https:\/\/realidadturistica.com\/realtur\/melia-encabeza-el-sector-hotelero-mundial-en-el-anuario-de-sostenibilidad-2025-de-sp-global\/#breadcrumb","itemListElement":[{"@type":"ListItem","position":1,"name":"Portada","item":"https:\/\/realidadturistica.com\/realtur\/"},{"@type":"ListItem","position":2,"name":"Meli\u00e1 encabeza el sector hotelero mundial en el Anuario de Sostenibilidad 2025 de S&amp;P Global"}]},{"@type":"WebSite","@id":"https:\/\/realidadturistica.com\/realtur\/#website","url":"https:\/\/realidadturistica.com\/realtur\/","name":"Realidad Tur\u00edstica","description":"","publisher":{"@id":"https:\/\/realidadturistica.com\/realtur\/#organization"},"potentialAction":[{"@type":"SearchAction","target":{"@type":"EntryPoint","urlTemplate":"https:\/\/realidadturistica.com\/realtur\/?s={search_term_string}"},"query-input":{"@type":"PropertyValueSpecification","valueRequired":true,"valueName":"search_term_string"}}],"inLanguage":"es"},{"@type":"Organization","@id":"https:\/\/realidadturistica.com\/realtur\/#organization","name":"Realidad Tur\u00edstica","url":"https:\/\/realidadturistica.com\/realtur\/","logo":{"@type":"ImageObject","inLanguage":"es","@id":"https:\/\/realidadturistica.com\/realtur\/#\/schema\/logo\/image\/","url":"https:\/\/realidadturistica.com\/realtur\/wp-content\/uploads\/2021\/12\/logotipo-realidad-turistica.png","contentUrl":"https:\/\/realidadturistica.com\/realtur\/wp-content\/uploads\/2021\/12\/logotipo-realidad-turistica.png","width":1382,"height":629,"caption":"Realidad Tur\u00edstica"},"image":{"@id":"https:\/\/realidadturistica.com\/realtur\/#\/schema\/logo\/image\/"},"sameAs":["https:\/\/www.facebook.com\/realidadturistica","https:\/\/www.instagram.com\/realidad_turistica\/"]},{"@type":"Person","@id":"https:\/\/realidadturistica.com\/realtur\/#\/schema\/person\/ade671191202490fcf08ab21590de73e","name":"Editor","image":{"@type":"ImageObject","inLanguage":"es","@id":"https:\/\/realidadturistica.com\/realtur\/wp-content\/uploads\/2023\/09\/Editor_avatar_1693668634-96x96.png","url":"https:\/\/realidadturistica.com\/realtur\/wp-content\/uploads\/2023\/09\/Editor_avatar_1693668634-96x96.png","contentUrl":"https:\/\/realidadturistica.com\/realtur\/wp-content\/uploads\/2023\/09\/Editor_avatar_1693668634-96x96.png","caption":"Editor"},"sameAs":["https:\/\/realidadturistica.com\/realtur"],"url":"https:\/\/realidadturistica.com\/realtur\/author\/editor2\/"}]}},"_links":{"self":[{"href":"https:\/\/realidadturistica.com\/realtur\/wp-json\/wp\/v2\/posts\/9123","targetHints":{"allow":["GET"]}}],"collection":[{"href":"https:\/\/realidadturistica.com\/realtur\/wp-json\/wp\/v2\/posts"}],"about":[{"href":"https:\/\/realidadturistica.com\/realtur\/wp-json\/wp\/v2\/types\/post"}],"author":[{"embeddable":true,"href":"https:\/\/realidadturistica.com\/realtur\/wp-json\/wp\/v2\/users\/2"}],"replies":[{"embeddable":true,"href":"https:\/\/realidadturistica.com\/realtur\/wp-json\/wp\/v2\/comments?post=9123"}],"version-history":[{"count":1,"href":"https:\/\/realidadturistica.com\/realtur\/wp-json\/wp\/v2\/posts\/9123\/revisions"}],"predecessor-version":[{"id":9125,"href":"https:\/\/realidadturistica.com\/realtur\/wp-json\/wp\/v2\/posts\/9123\/revisions\/9125"}],"wp:featuredmedia":[{"embeddable":true,"href":"https:\/\/realidadturistica.com\/realtur\/wp-json\/wp\/v2\/media\/9124"}],"wp:attachment":[{"href":"https:\/\/realidadturistica.com\/realtur\/wp-json\/wp\/v2\/media?parent=9123"}],"wp:term":[{"taxonomy":"category","embeddable":true,"href":"https:\/\/realidadturistica.com\/realtur\/wp-json\/wp\/v2\/categories?post=9123"},{"taxonomy":"post_tag","embeddable":true,"href":"https:\/\/realidadturistica.com\/realtur\/wp-json\/wp\/v2\/tags?post=9123"}],"curies":[{"name":"wp","href":"https:\/\/api.w.org\/{rel}","templated":true}]}}