{"id":9129,"date":"2025-02-11T13:12:11","date_gmt":"2025-02-11T13:12:11","guid":{"rendered":"https:\/\/realidadturistica.com\/realtur\/?p=9129"},"modified":"2025-02-11T13:12:13","modified_gmt":"2025-02-11T13:12:13","slug":"secretaria-de-cultura-presento-la-decima-edicion-de-peregrinaje-de-argentina-diaz-lozano","status":"publish","type":"post","link":"https:\/\/realidadturistica.com\/realtur\/secretaria-de-cultura-presento-la-decima-edicion-de-peregrinaje-de-argentina-diaz-lozano\/","title":{"rendered":"Secretar\u00eda de Cultura present\u00f3 la d\u00e9cima edici\u00f3n de \u201cPeregrinaje\u201d de Argentina D\u00edaz Lozano"},"content":{"rendered":"\n<p class=\"wp-block-yoast-seo-estimated-reading-time yoast-reading-time__wrapper\"><span class=\"yoast-reading-time__icon\"><svg aria-hidden=\"true\" focusable=\"false\" data-icon=\"clock\" width=\"20\" height=\"20\" fill=\"none\" stroke=\"currentColor\" style=\"display:inline-block;vertical-align:-0.1em\" role=\"img\" xmlns=\"http:\/\/www.w3.org\/2000\/svg\" viewBox=\"0 0 24 24\"><path stroke-linecap=\"round\" stroke-linejoin=\"round\" stroke-width=\"2\" d=\"M12 8v4l3 3m6-3a9 9 0 11-18 0 9 9 0 0118 0z\"><\/path><\/svg><\/span><span class=\"yoast-reading-time__spacer\" style=\"display:inline-block;width:1em\"><\/span><span class=\"yoast-reading-time__descriptive-text\">Estimated reading time: <\/span><span class=\"yoast-reading-time__reading-time\">3<\/span><span class=\"yoast-reading-time__time-unit\"> minutos<\/span><\/p>\n\n\n\n<p>Honduras. La Direcci\u00f3n General de Libro y Documento de la Secretar\u00eda de las Culturas, las Artes y los Patrimonios de los Pueblos de Honduras (SECAPPH), present\u00f3 el libro \u201cPeregrinaje\u201d, obra emblem\u00e1tica de Argentina D\u00edaz Lozano, en un evento en conmemoraci\u00f3n del D\u00eda de la Mujer Hondure\u00f1a.<\/p>\n\n\n\n<p>En esta d\u00e9cima edici\u00f3n, impresa por la casa editora, Eva Thais, se destaca no solo la riqueza literaria de la autora, sino tambi\u00e9n el papel fundamental de las mujeres en la literatura y la cultura hondure\u00f1a.<\/p>\n\n\n\n<p>Mujeres que transforman la literatura hondure\u00f1a<\/p>\n\n\n\n<p>Durante la jornada acad\u00e9mica \u201cMujeres, Literatura y Luchas Sociales en Honduras\u201d, organizada por el Centro de Arte y Cultura de la Universidad Nacional Aut\u00f3noma de Honduras, se reconoci\u00f3 el impacto de D\u00edaz Lozano en la construcci\u00f3n de una identidad literaria que celebre la diversidad y la inclusi\u00f3n.<\/p>\n\n\n\n<p>La directora general de Libro y Documento, Carolina Torres, enfatiz\u00f3: \u201cAutoras como D\u00edaz Lozano desde esos tiempos ya estaban teniendo esas visiones de lo que estaba pasando con nosotras, porque eso es lo importante de resaltar de las autoras en el contexto de la mujer y su historia\u201d.<\/p>\n\n\n\n<p>La obra \u201cPeregrinaje\u201d se presenta, as\u00ed, como un testimonio esencial del talento de una de las m\u00e1s influyentes escritoras de Honduras. Durante la presentaci\u00f3n del libro \u201cPeregrinaje\u201d, se ofrecieron libros de manera gratuita a todos los asistentes.<\/p>\n\n\n\n<p>Un Espacio de Reflexi\u00f3n y Di\u00e1logo Cultural<\/p>\n\n\n\n<p>El evento se convirti\u00f3 en un espacio para el di\u00e1logo sobre la representaci\u00f3n de la mujer en la literatura y la lucha por la equidad de g\u00e9nero. Se abordaron temas relevantes, como el impacto de las escritoras hondure\u00f1as en la transformaci\u00f3n cultural de la naci\u00f3n. Los especialistas presentes convocaron a continuar impulsando espacios que fomenten la lectura, reafirmando el compromiso de la SECAPPH en promover la cultura y la literatura.<\/p>\n\n\n\n<p>La edici\u00f3n gratuita de \u201cPeregrinaje\u201d permiti\u00f3 que muchos j\u00f3venes llevasen a casa un ejemplar de esta valiosa obra literaria. Nuestra Editorial Eva Thais fue la encargada del tiraje de la d\u00e9cima edici\u00f3n de la obra literaria \u201cPeregrinaje\u201d.<\/p>\n\n\n\n<p>La presentaci\u00f3n de \u201cPeregrinaje\u201d se enmarca dentro de la visi\u00f3n del primer Gobierno encabezado por una mujer, la presidenta Xiomara de Zelaya, quien promueve el desarrollo de las artes, la cultura y la literatura como motores de cambio y progreso.<\/p>\n\n\n\n<p>Este esfuerzo representa un avance significativo hacia el reconocimiento del valor de las mujeres en todas las esferas de la sociedad. La obra, que narra las aventuras de Enriqueta y su hija Elena, es un recordatorio de que las historias de las mujeres son esenciales para la construcci\u00f3n de un pa\u00eds m\u00e1s inclusivo y equitativo.<\/p>\n\n\n\n<p>Con este evento, la Secretar\u00eda de las Culturas reafirma su compromiso con la promoci\u00f3n de las artes y la literatura, asegurando que las voces de las mujeres contin\u00faen resonando en cada rinc\u00f3n de Honduras.<\/p>\n\n\n\n<p>AB\/Hondudiario<\/p>\n","protected":false},"excerpt":{"rendered":"<p>Honduras. La Direcci\u00f3n General de Libro y Documento de la Secretar\u00eda de las Culturas, las Artes y los Patrimonios de los Pueblos de Honduras (SECAPPH),&hellip;<\/p>\n","protected":false},"author":2,"featured_media":9130,"comment_status":"open","ping_status":"closed","sticky":false,"template":"","format":"standard","meta":{"content-type":"","_lmt_disableupdate":"","_lmt_disable":"","footnotes":""},"categories":[58],"tags":[],"class_list":["post-9129","post","type-post","status-publish","format-standard","has-post-thumbnail","hentry","category-culturales"],"yoast_head":"<!-- This site is optimized with the Yoast SEO Premium plugin v27.4 (Yoast SEO v27.4) - https:\/\/yoast.com\/product\/yoast-seo-premium-wordpress\/ -->\n<title>Secretar\u00eda de Cultura present\u00f3 la d\u00e9cima edici\u00f3n de \u201cPeregrinaje\u201d de Argentina D\u00edaz Lozano - Realidad Tur\u00edstica<\/title>\n<meta name=\"robots\" content=\"index, follow, max-snippet:-1, max-image-preview:large, max-video-preview:-1\" \/>\n<link rel=\"canonical\" href=\"https:\/\/realidadturistica.com\/realtur\/secretaria-de-cultura-presento-la-decima-edicion-de-peregrinaje-de-argentina-diaz-lozano\/\" \/>\n<meta property=\"og:locale\" content=\"es_ES\" \/>\n<meta property=\"og:type\" content=\"article\" \/>\n<meta property=\"og:title\" content=\"Secretar\u00eda de Cultura present\u00f3 la d\u00e9cima edici\u00f3n de \u201cPeregrinaje\u201d de Argentina D\u00edaz Lozano\" \/>\n<meta property=\"og:description\" content=\"Honduras. La Direcci\u00f3n General de Libro y Documento de la Secretar\u00eda de las Culturas, las Artes y los Patrimonios de los Pueblos de Honduras (SECAPPH),&hellip;\" \/>\n<meta property=\"og:url\" content=\"https:\/\/realidadturistica.com\/realtur\/secretaria-de-cultura-presento-la-decima-edicion-de-peregrinaje-de-argentina-diaz-lozano\/\" \/>\n<meta property=\"og:site_name\" content=\"Realidad Tur\u00edstica\" \/>\n<meta property=\"article:publisher\" content=\"https:\/\/www.facebook.com\/realidadturistica\" \/>\n<meta property=\"article:published_time\" content=\"2025-02-11T13:12:11+00:00\" \/>\n<meta property=\"article:modified_time\" content=\"2025-02-11T13:12:13+00:00\" \/>\n<meta property=\"og:image\" content=\"https:\/\/realidadturistica.com\/realtur\/wp-content\/uploads\/2025\/02\/peregrinaje_1.webp\" \/>\n\t<meta property=\"og:image:width\" content=\"1024\" \/>\n\t<meta property=\"og:image:height\" content=\"683\" \/>\n\t<meta property=\"og:image:type\" content=\"image\/webp\" \/>\n<meta name=\"author\" content=\"Editor\" \/>\n<meta name=\"twitter:card\" content=\"summary_large_image\" \/>\n<meta name=\"twitter:label1\" content=\"Escrito por\" \/>\n\t<meta name=\"twitter:data1\" content=\"Editor\" \/>\n\t<meta name=\"twitter:label2\" content=\"Tiempo de lectura\" \/>\n\t<meta name=\"twitter:data2\" content=\"3 minutos\" \/>\n<script type=\"application\/ld+json\" class=\"yoast-schema-graph\">{\"@context\":\"https:\\\/\\\/schema.org\",\"@graph\":[{\"@type\":\"Article\",\"@id\":\"https:\\\/\\\/realidadturistica.com\\\/realtur\\\/secretaria-de-cultura-presento-la-decima-edicion-de-peregrinaje-de-argentina-diaz-lozano\\\/#article\",\"isPartOf\":{\"@id\":\"https:\\\/\\\/realidadturistica.com\\\/realtur\\\/secretaria-de-cultura-presento-la-decima-edicion-de-peregrinaje-de-argentina-diaz-lozano\\\/\"},\"author\":{\"name\":\"Editor\",\"@id\":\"https:\\\/\\\/realidadturistica.com\\\/realtur\\\/#\\\/schema\\\/person\\\/ade671191202490fcf08ab21590de73e\"},\"headline\":\"Secretar\u00eda de Cultura present\u00f3 la d\u00e9cima edici\u00f3n de \u201cPeregrinaje\u201d de Argentina D\u00edaz Lozano\",\"datePublished\":\"2025-02-11T13:12:11+00:00\",\"dateModified\":\"2025-02-11T13:12:13+00:00\",\"mainEntityOfPage\":{\"@id\":\"https:\\\/\\\/realidadturistica.com\\\/realtur\\\/secretaria-de-cultura-presento-la-decima-edicion-de-peregrinaje-de-argentina-diaz-lozano\\\/\"},\"wordCount\":527,\"commentCount\":0,\"publisher\":{\"@id\":\"https:\\\/\\\/realidadturistica.com\\\/realtur\\\/#organization\"},\"image\":{\"@id\":\"https:\\\/\\\/realidadturistica.com\\\/realtur\\\/secretaria-de-cultura-presento-la-decima-edicion-de-peregrinaje-de-argentina-diaz-lozano\\\/#primaryimage\"},\"thumbnailUrl\":\"https:\\\/\\\/realidadturistica.com\\\/realtur\\\/wp-content\\\/uploads\\\/2025\\\/02\\\/peregrinaje_1.webp\",\"articleSection\":[\"Culturales\"],\"inLanguage\":\"es\",\"potentialAction\":[{\"@type\":\"CommentAction\",\"name\":\"Comment\",\"target\":[\"https:\\\/\\\/realidadturistica.com\\\/realtur\\\/secretaria-de-cultura-presento-la-decima-edicion-de-peregrinaje-de-argentina-diaz-lozano\\\/#respond\"]}]},{\"@type\":\"WebPage\",\"@id\":\"https:\\\/\\\/realidadturistica.com\\\/realtur\\\/secretaria-de-cultura-presento-la-decima-edicion-de-peregrinaje-de-argentina-diaz-lozano\\\/\",\"url\":\"https:\\\/\\\/realidadturistica.com\\\/realtur\\\/secretaria-de-cultura-presento-la-decima-edicion-de-peregrinaje-de-argentina-diaz-lozano\\\/\",\"name\":\"Secretar\u00eda de Cultura present\u00f3 la d\u00e9cima edici\u00f3n de \u201cPeregrinaje\u201d de Argentina D\u00edaz Lozano - Realidad Tur\u00edstica\",\"isPartOf\":{\"@id\":\"https:\\\/\\\/realidadturistica.com\\\/realtur\\\/#website\"},\"primaryImageOfPage\":{\"@id\":\"https:\\\/\\\/realidadturistica.com\\\/realtur\\\/secretaria-de-cultura-presento-la-decima-edicion-de-peregrinaje-de-argentina-diaz-lozano\\\/#primaryimage\"},\"image\":{\"@id\":\"https:\\\/\\\/realidadturistica.com\\\/realtur\\\/secretaria-de-cultura-presento-la-decima-edicion-de-peregrinaje-de-argentina-diaz-lozano\\\/#primaryimage\"},\"thumbnailUrl\":\"https:\\\/\\\/realidadturistica.com\\\/realtur\\\/wp-content\\\/uploads\\\/2025\\\/02\\\/peregrinaje_1.webp\",\"datePublished\":\"2025-02-11T13:12:11+00:00\",\"dateModified\":\"2025-02-11T13:12:13+00:00\",\"breadcrumb\":{\"@id\":\"https:\\\/\\\/realidadturistica.com\\\/realtur\\\/secretaria-de-cultura-presento-la-decima-edicion-de-peregrinaje-de-argentina-diaz-lozano\\\/#breadcrumb\"},\"inLanguage\":\"es\",\"potentialAction\":[{\"@type\":\"ReadAction\",\"target\":[\"https:\\\/\\\/realidadturistica.com\\\/realtur\\\/secretaria-de-cultura-presento-la-decima-edicion-de-peregrinaje-de-argentina-diaz-lozano\\\/\"]}]},{\"@type\":\"ImageObject\",\"inLanguage\":\"es\",\"@id\":\"https:\\\/\\\/realidadturistica.com\\\/realtur\\\/secretaria-de-cultura-presento-la-decima-edicion-de-peregrinaje-de-argentina-diaz-lozano\\\/#primaryimage\",\"url\":\"https:\\\/\\\/realidadturistica.com\\\/realtur\\\/wp-content\\\/uploads\\\/2025\\\/02\\\/peregrinaje_1.webp\",\"contentUrl\":\"https:\\\/\\\/realidadturistica.com\\\/realtur\\\/wp-content\\\/uploads\\\/2025\\\/02\\\/peregrinaje_1.webp\",\"width\":1024,\"height\":683},{\"@type\":\"BreadcrumbList\",\"@id\":\"https:\\\/\\\/realidadturistica.com\\\/realtur\\\/secretaria-de-cultura-presento-la-decima-edicion-de-peregrinaje-de-argentina-diaz-lozano\\\/#breadcrumb\",\"itemListElement\":[{\"@type\":\"ListItem\",\"position\":1,\"name\":\"Portada\",\"item\":\"https:\\\/\\\/realidadturistica.com\\\/realtur\\\/\"},{\"@type\":\"ListItem\",\"position\":2,\"name\":\"Secretar\u00eda de Cultura present\u00f3 la d\u00e9cima edici\u00f3n de \u201cPeregrinaje\u201d de Argentina D\u00edaz Lozano\"}]},{\"@type\":\"WebSite\",\"@id\":\"https:\\\/\\\/realidadturistica.com\\\/realtur\\\/#website\",\"url\":\"https:\\\/\\\/realidadturistica.com\\\/realtur\\\/\",\"name\":\"Realidad Tur\u00edstica\",\"description\":\"\",\"publisher\":{\"@id\":\"https:\\\/\\\/realidadturistica.com\\\/realtur\\\/#organization\"},\"potentialAction\":[{\"@type\":\"SearchAction\",\"target\":{\"@type\":\"EntryPoint\",\"urlTemplate\":\"https:\\\/\\\/realidadturistica.com\\\/realtur\\\/?s={search_term_string}\"},\"query-input\":{\"@type\":\"PropertyValueSpecification\",\"valueRequired\":true,\"valueName\":\"search_term_string\"}}],\"inLanguage\":\"es\"},{\"@type\":\"Organization\",\"@id\":\"https:\\\/\\\/realidadturistica.com\\\/realtur\\\/#organization\",\"name\":\"Realidad Tur\u00edstica\",\"url\":\"https:\\\/\\\/realidadturistica.com\\\/realtur\\\/\",\"logo\":{\"@type\":\"ImageObject\",\"inLanguage\":\"es\",\"@id\":\"https:\\\/\\\/realidadturistica.com\\\/realtur\\\/#\\\/schema\\\/logo\\\/image\\\/\",\"url\":\"https:\\\/\\\/realidadturistica.com\\\/realtur\\\/wp-content\\\/uploads\\\/2021\\\/12\\\/logotipo-realidad-turistica.png\",\"contentUrl\":\"https:\\\/\\\/realidadturistica.com\\\/realtur\\\/wp-content\\\/uploads\\\/2021\\\/12\\\/logotipo-realidad-turistica.png\",\"width\":1382,\"height\":629,\"caption\":\"Realidad Tur\u00edstica\"},\"image\":{\"@id\":\"https:\\\/\\\/realidadturistica.com\\\/realtur\\\/#\\\/schema\\\/logo\\\/image\\\/\"},\"sameAs\":[\"https:\\\/\\\/www.facebook.com\\\/realidadturistica\",\"https:\\\/\\\/www.instagram.com\\\/realidad_turistica\\\/\"]},{\"@type\":\"Person\",\"@id\":\"https:\\\/\\\/realidadturistica.com\\\/realtur\\\/#\\\/schema\\\/person\\\/ade671191202490fcf08ab21590de73e\",\"name\":\"Editor\",\"image\":{\"@type\":\"ImageObject\",\"inLanguage\":\"es\",\"@id\":\"https:\\\/\\\/realidadturistica.com\\\/realtur\\\/wp-content\\\/uploads\\\/2023\\\/09\\\/Editor_avatar_1693668634-96x96.png\",\"url\":\"https:\\\/\\\/realidadturistica.com\\\/realtur\\\/wp-content\\\/uploads\\\/2023\\\/09\\\/Editor_avatar_1693668634-96x96.png\",\"contentUrl\":\"https:\\\/\\\/realidadturistica.com\\\/realtur\\\/wp-content\\\/uploads\\\/2023\\\/09\\\/Editor_avatar_1693668634-96x96.png\",\"caption\":\"Editor\"},\"sameAs\":[\"https:\\\/\\\/realidadturistica.com\\\/realtur\"],\"url\":\"https:\\\/\\\/realidadturistica.com\\\/realtur\\\/author\\\/editor2\\\/\"}]}<\/script>\n<!-- \/ Yoast SEO Premium plugin. -->","yoast_head_json":{"title":"Secretar\u00eda de Cultura present\u00f3 la d\u00e9cima edici\u00f3n de \u201cPeregrinaje\u201d de Argentina D\u00edaz Lozano - Realidad Tur\u00edstica","robots":{"index":"index","follow":"follow","max-snippet":"max-snippet:-1","max-image-preview":"max-image-preview:large","max-video-preview":"max-video-preview:-1"},"canonical":"https:\/\/realidadturistica.com\/realtur\/secretaria-de-cultura-presento-la-decima-edicion-de-peregrinaje-de-argentina-diaz-lozano\/","og_locale":"es_ES","og_type":"article","og_title":"Secretar\u00eda de Cultura present\u00f3 la d\u00e9cima edici\u00f3n de \u201cPeregrinaje\u201d de Argentina D\u00edaz Lozano","og_description":"Honduras. La Direcci\u00f3n General de Libro y Documento de la Secretar\u00eda de las Culturas, las Artes y los Patrimonios de los Pueblos de Honduras (SECAPPH),&hellip;","og_url":"https:\/\/realidadturistica.com\/realtur\/secretaria-de-cultura-presento-la-decima-edicion-de-peregrinaje-de-argentina-diaz-lozano\/","og_site_name":"Realidad Tur\u00edstica","article_publisher":"https:\/\/www.facebook.com\/realidadturistica","article_published_time":"2025-02-11T13:12:11+00:00","article_modified_time":"2025-02-11T13:12:13+00:00","og_image":[{"width":1024,"height":683,"url":"https:\/\/realidadturistica.com\/realtur\/wp-content\/uploads\/2025\/02\/peregrinaje_1.webp","type":"image\/webp"}],"author":"Editor","twitter_card":"summary_large_image","twitter_misc":{"Escrito por":"Editor","Tiempo de lectura":"3 minutos"},"schema":{"@context":"https:\/\/schema.org","@graph":[{"@type":"Article","@id":"https:\/\/realidadturistica.com\/realtur\/secretaria-de-cultura-presento-la-decima-edicion-de-peregrinaje-de-argentina-diaz-lozano\/#article","isPartOf":{"@id":"https:\/\/realidadturistica.com\/realtur\/secretaria-de-cultura-presento-la-decima-edicion-de-peregrinaje-de-argentina-diaz-lozano\/"},"author":{"name":"Editor","@id":"https:\/\/realidadturistica.com\/realtur\/#\/schema\/person\/ade671191202490fcf08ab21590de73e"},"headline":"Secretar\u00eda de Cultura present\u00f3 la d\u00e9cima edici\u00f3n de \u201cPeregrinaje\u201d de Argentina D\u00edaz Lozano","datePublished":"2025-02-11T13:12:11+00:00","dateModified":"2025-02-11T13:12:13+00:00","mainEntityOfPage":{"@id":"https:\/\/realidadturistica.com\/realtur\/secretaria-de-cultura-presento-la-decima-edicion-de-peregrinaje-de-argentina-diaz-lozano\/"},"wordCount":527,"commentCount":0,"publisher":{"@id":"https:\/\/realidadturistica.com\/realtur\/#organization"},"image":{"@id":"https:\/\/realidadturistica.com\/realtur\/secretaria-de-cultura-presento-la-decima-edicion-de-peregrinaje-de-argentina-diaz-lozano\/#primaryimage"},"thumbnailUrl":"https:\/\/realidadturistica.com\/realtur\/wp-content\/uploads\/2025\/02\/peregrinaje_1.webp","articleSection":["Culturales"],"inLanguage":"es","potentialAction":[{"@type":"CommentAction","name":"Comment","target":["https:\/\/realidadturistica.com\/realtur\/secretaria-de-cultura-presento-la-decima-edicion-de-peregrinaje-de-argentina-diaz-lozano\/#respond"]}]},{"@type":"WebPage","@id":"https:\/\/realidadturistica.com\/realtur\/secretaria-de-cultura-presento-la-decima-edicion-de-peregrinaje-de-argentina-diaz-lozano\/","url":"https:\/\/realidadturistica.com\/realtur\/secretaria-de-cultura-presento-la-decima-edicion-de-peregrinaje-de-argentina-diaz-lozano\/","name":"Secretar\u00eda de Cultura present\u00f3 la d\u00e9cima edici\u00f3n de \u201cPeregrinaje\u201d de Argentina D\u00edaz Lozano - Realidad Tur\u00edstica","isPartOf":{"@id":"https:\/\/realidadturistica.com\/realtur\/#website"},"primaryImageOfPage":{"@id":"https:\/\/realidadturistica.com\/realtur\/secretaria-de-cultura-presento-la-decima-edicion-de-peregrinaje-de-argentina-diaz-lozano\/#primaryimage"},"image":{"@id":"https:\/\/realidadturistica.com\/realtur\/secretaria-de-cultura-presento-la-decima-edicion-de-peregrinaje-de-argentina-diaz-lozano\/#primaryimage"},"thumbnailUrl":"https:\/\/realidadturistica.com\/realtur\/wp-content\/uploads\/2025\/02\/peregrinaje_1.webp","datePublished":"2025-02-11T13:12:11+00:00","dateModified":"2025-02-11T13:12:13+00:00","breadcrumb":{"@id":"https:\/\/realidadturistica.com\/realtur\/secretaria-de-cultura-presento-la-decima-edicion-de-peregrinaje-de-argentina-diaz-lozano\/#breadcrumb"},"inLanguage":"es","potentialAction":[{"@type":"ReadAction","target":["https:\/\/realidadturistica.com\/realtur\/secretaria-de-cultura-presento-la-decima-edicion-de-peregrinaje-de-argentina-diaz-lozano\/"]}]},{"@type":"ImageObject","inLanguage":"es","@id":"https:\/\/realidadturistica.com\/realtur\/secretaria-de-cultura-presento-la-decima-edicion-de-peregrinaje-de-argentina-diaz-lozano\/#primaryimage","url":"https:\/\/realidadturistica.com\/realtur\/wp-content\/uploads\/2025\/02\/peregrinaje_1.webp","contentUrl":"https:\/\/realidadturistica.com\/realtur\/wp-content\/uploads\/2025\/02\/peregrinaje_1.webp","width":1024,"height":683},{"@type":"BreadcrumbList","@id":"https:\/\/realidadturistica.com\/realtur\/secretaria-de-cultura-presento-la-decima-edicion-de-peregrinaje-de-argentina-diaz-lozano\/#breadcrumb","itemListElement":[{"@type":"ListItem","position":1,"name":"Portada","item":"https:\/\/realidadturistica.com\/realtur\/"},{"@type":"ListItem","position":2,"name":"Secretar\u00eda de Cultura present\u00f3 la d\u00e9cima edici\u00f3n de \u201cPeregrinaje\u201d de Argentina D\u00edaz Lozano"}]},{"@type":"WebSite","@id":"https:\/\/realidadturistica.com\/realtur\/#website","url":"https:\/\/realidadturistica.com\/realtur\/","name":"Realidad Tur\u00edstica","description":"","publisher":{"@id":"https:\/\/realidadturistica.com\/realtur\/#organization"},"potentialAction":[{"@type":"SearchAction","target":{"@type":"EntryPoint","urlTemplate":"https:\/\/realidadturistica.com\/realtur\/?s={search_term_string}"},"query-input":{"@type":"PropertyValueSpecification","valueRequired":true,"valueName":"search_term_string"}}],"inLanguage":"es"},{"@type":"Organization","@id":"https:\/\/realidadturistica.com\/realtur\/#organization","name":"Realidad Tur\u00edstica","url":"https:\/\/realidadturistica.com\/realtur\/","logo":{"@type":"ImageObject","inLanguage":"es","@id":"https:\/\/realidadturistica.com\/realtur\/#\/schema\/logo\/image\/","url":"https:\/\/realidadturistica.com\/realtur\/wp-content\/uploads\/2021\/12\/logotipo-realidad-turistica.png","contentUrl":"https:\/\/realidadturistica.com\/realtur\/wp-content\/uploads\/2021\/12\/logotipo-realidad-turistica.png","width":1382,"height":629,"caption":"Realidad Tur\u00edstica"},"image":{"@id":"https:\/\/realidadturistica.com\/realtur\/#\/schema\/logo\/image\/"},"sameAs":["https:\/\/www.facebook.com\/realidadturistica","https:\/\/www.instagram.com\/realidad_turistica\/"]},{"@type":"Person","@id":"https:\/\/realidadturistica.com\/realtur\/#\/schema\/person\/ade671191202490fcf08ab21590de73e","name":"Editor","image":{"@type":"ImageObject","inLanguage":"es","@id":"https:\/\/realidadturistica.com\/realtur\/wp-content\/uploads\/2023\/09\/Editor_avatar_1693668634-96x96.png","url":"https:\/\/realidadturistica.com\/realtur\/wp-content\/uploads\/2023\/09\/Editor_avatar_1693668634-96x96.png","contentUrl":"https:\/\/realidadturistica.com\/realtur\/wp-content\/uploads\/2023\/09\/Editor_avatar_1693668634-96x96.png","caption":"Editor"},"sameAs":["https:\/\/realidadturistica.com\/realtur"],"url":"https:\/\/realidadturistica.com\/realtur\/author\/editor2\/"}]}},"_links":{"self":[{"href":"https:\/\/realidadturistica.com\/realtur\/wp-json\/wp\/v2\/posts\/9129","targetHints":{"allow":["GET"]}}],"collection":[{"href":"https:\/\/realidadturistica.com\/realtur\/wp-json\/wp\/v2\/posts"}],"about":[{"href":"https:\/\/realidadturistica.com\/realtur\/wp-json\/wp\/v2\/types\/post"}],"author":[{"embeddable":true,"href":"https:\/\/realidadturistica.com\/realtur\/wp-json\/wp\/v2\/users\/2"}],"replies":[{"embeddable":true,"href":"https:\/\/realidadturistica.com\/realtur\/wp-json\/wp\/v2\/comments?post=9129"}],"version-history":[{"count":2,"href":"https:\/\/realidadturistica.com\/realtur\/wp-json\/wp\/v2\/posts\/9129\/revisions"}],"predecessor-version":[{"id":9132,"href":"https:\/\/realidadturistica.com\/realtur\/wp-json\/wp\/v2\/posts\/9129\/revisions\/9132"}],"wp:featuredmedia":[{"embeddable":true,"href":"https:\/\/realidadturistica.com\/realtur\/wp-json\/wp\/v2\/media\/9130"}],"wp:attachment":[{"href":"https:\/\/realidadturistica.com\/realtur\/wp-json\/wp\/v2\/media?parent=9129"}],"wp:term":[{"taxonomy":"category","embeddable":true,"href":"https:\/\/realidadturistica.com\/realtur\/wp-json\/wp\/v2\/categories?post=9129"},{"taxonomy":"post_tag","embeddable":true,"href":"https:\/\/realidadturistica.com\/realtur\/wp-json\/wp\/v2\/tags?post=9129"}],"curies":[{"name":"wp","href":"https:\/\/api.w.org\/{rel}","templated":true}]}}