{"id":9144,"date":"2025-02-13T15:19:26","date_gmt":"2025-02-13T15:19:26","guid":{"rendered":"https:\/\/realidadturistica.com\/realtur\/?p=9144"},"modified":"2025-02-13T15:19:28","modified_gmt":"2025-02-13T15:19:28","slug":"destinos-turisticos-registran-positiva-tasa-de-ocupabilidad","status":"publish","type":"post","link":"https:\/\/realidadturistica.com\/realtur\/destinos-turisticos-registran-positiva-tasa-de-ocupabilidad\/","title":{"rendered":"Destinos tur\u00edsticos registran positiva tasa de ocupabilidad"},"content":{"rendered":"\n<p class=\"wp-block-yoast-seo-estimated-reading-time yoast-reading-time__wrapper\"><span class=\"yoast-reading-time__icon\"><svg aria-hidden=\"true\" focusable=\"false\" data-icon=\"clock\" width=\"20\" height=\"20\" fill=\"none\" stroke=\"currentColor\" style=\"display:inline-block;vertical-align:-0.1em\" role=\"img\" xmlns=\"http:\/\/www.w3.org\/2000\/svg\" viewBox=\"0 0 24 24\"><path stroke-linecap=\"round\" stroke-linejoin=\"round\" stroke-width=\"2\" d=\"M12 8v4l3 3m6-3a9 9 0 11-18 0 9 9 0 0118 0z\"><\/path><\/svg><\/span><span class=\"yoast-reading-time__spacer\" style=\"display:inline-block;width:1em\"><\/span><span class=\"yoast-reading-time__descriptive-text\">Estimated reading time: <\/span><span class=\"yoast-reading-time__reading-time\">4<\/span><span class=\"yoast-reading-time__time-unit\"> minutos<\/span><\/p>\n\n\n\n<p>Chile. Un positivo balance realiz\u00f3 la Subsecretar\u00eda de Turismo y el Servicio Nacional de Turismo, tras la publicaci\u00f3n del<strong> informe elaborado por Sernatur con los resultados de la tasa de ocupabilidad<\/strong> en habitaciones durante las vacaciones de verano, particularmente para la semana comprendida entre el lunes 20 y el s\u00e1bado 25 de enero de este a\u00f1o.<\/p>\n\n\n\n<p>El estudio registr\u00f3 una <strong>tasa de ocupabilidad total de 63,7% en los 53 destinos tur\u00edsticos<\/strong> que se midieron esta temporada. Del total de destinos medidos este a\u00f1o, 42 pueden ser contrastados con el a\u00f1o 2024, lo que dio como resultado un aumento de 3,0 puntos porcentuales en 2025.<\/p>\n\n\n\n<p>De hecho, veintis\u00e9is de los cuarenta y dos destinos tuvieron un aumento en la tasa de ocupabilidad de 2025 respecto al mismo per\u00edodo del a\u00f1o 2024, destacando con un crecimiento por sobre los 20 puntos porcentuales los destinos Patagonia Costa (+31,5 pp), Temuco y sus alrededores (+28,5 pp), Ays\u00e9n Patagonia \u2013 Queulat (+27,9 pp) y Rapa Nui (+21,2 pp).<\/p>\n\n\n\n<p>Al respecto, la subsecretaria de Turismo, Ver\u00f3nica Pardo, se\u00f1al\u00f3: <em>\u201cEste es el a\u00f1o de la consolidaci\u00f3n tur\u00edstica de Chile. Durante el a\u00f1o pasado llegaron m\u00e1s de cinco millones de turistas extranjeros, y tenemos grandes proyecciones para esta temporada estival. A esto hay que sumar que albergaremos tres grandes eventos internacionales, los cuales pondr\u00e1n a Chile en el ojo del mundo con dos de sus experiencias m\u00e1s reconocidas: la naturaleza y la gastronom\u00eda\u201d<\/em>.<\/p>\n\n\n\n<p>Adem\u00e1s, la subsecretaria Pardo inst\u00f3 a los chilenos a conocer su propio pa\u00eds: <em>\u201cSubir las tasas de ocupaci\u00f3n durante el mes de enero es una buena noticia para nuestra industria y para el desarrollo econ\u00f3mico de las regiones. Nos alegramos profundamente de las buenas cifras de ocupaci\u00f3n en nuestras macrozonas sur y austral, donde se ha superado el 80 %. Sin embargo, no hay que olvidar que la macrozona norte tambi\u00e9n ofrece diversas experiencias, como el desierto, el altiplano, el astroturismo, el enoturismo y, por supuesto, las playas y ciudades. La invitaci\u00f3n para todos es a conocer, querer y cuidar nuestro pa\u00eds, y a descubrir cada uno de sus destinos\u201d.<\/em><\/p>\n\n\n\n<p>Respecto de los 53 destinos medidos este a\u00f1o, destacan tres con m\u00e1s de un 80% de ocupaci\u00f3n hotelera. Estos destinos son: <strong>Coyhaique y Puerto Ays\u00e9n (87,3%), Lago Llanquihue y Todos Los Santos (85,2%) y Patagonia Costa (80,4%).<\/strong><\/p>\n\n\n\n<p>El director nacional de Sernatur, Crist\u00f3bal Ben\u00edtez, expres\u00f3 que \u201c<em>estas cifras son alentadoras, porque significa que todo el trabajo de promoci\u00f3n del destino Chile en mercados internacionales y la invitaci\u00f3n que hemos hecho a los turistas nacionales de que disfruten nuestro pa\u00eds porque \u00a1Chile es Tuyo! han tenido resultados positivos para la industria. Muestra de ello es la tasa de ocupabilidad de m\u00e1s de un 80% en los destinos Coyhaique y Puerto Ays\u00e9n, Lago Llanquihue y Todos Los Santos y Patagonia Costa. Tambi\u00e9n lo es que a nivel nacional la medici\u00f3n de los 53 destinos tur\u00edsticos arroje un 63,7% de ocupaci\u00f3n hotelera\u201d.<\/em><\/p>\n\n\n\n<p>De los seis destinos de la zona austral considerados en este estudio, todos cuentan con una tasa de ocupabilidad de alojamiento tur\u00edstico sobre el 70% en el per\u00edodo de medici\u00f3n, siendo estos: <strong>Coyhaique y Puerto Ays\u00e9n (87,3%), Ays\u00e9n Patagonia \u2013 Queulat (77,9%), Chelenko (77,5%), Parque Nacional Torres del Paine (75,8%), Estrecho de Magallanes (73,8%) y Provincia de Los Glaciares (72,2%).<\/strong><\/p>\n\n\n\n<p><strong>Otros destinos<\/strong><\/p>\n\n\n\n<p>En la zona norte, siete de los once destinos medidos superaron la tasa de ocupabilidad total (63,7%), siendo ellos: La Serena-Coquimbo (79%), San Pedro de Atacama (71,8%), Iquique (71,3%), Valle del Elqui (68,5%), Bah\u00eda Inglesa-Parque Nacional Pan de Az\u00facar (67,7%), Antofagasta (66,4%) y Valle de Copiap\u00f3 y Cordillera de Atacama (65,6%).<\/p>\n\n\n\n<p>En la zona centro, destacan cinco de los diecis\u00e9is destinos, entre los que se encuentra el Litoral Vi\u00f1a del Mar \u2013 Conc\u00f3n (77,8%), Cachapoal (70,1%), Litoral Ritoque-Los Molles (68,8%), Santiago Urbano (66,9%) y Rapa Nui (65,8%).<\/p>\n\n\n\n<p>Y en la zona sur, ocho de los veinte destinos considerados obtuvieron resultados mayores a la tasa de ocupabilidad total: Lago Llanquihue y Todos Los Santos (85,2%), Patagonia Costa (80,4%), Temuco y sus alrededores (78,3%), Osorno \u2013 Puyehue (76,0%), Cuenca del Lago Ranco (75,9%), Valdivia \u2013 Corral (71,5%), Araucan\u00eda Lacustre (67,9%) y Panguipulli \u2013 Siete Lagos (65,4%).<\/p>\n\n\n\n<p>Para m\u00e1s informaci\u00f3n sobre las cifras de turismo ingresa a: <a href=\"http:\/\/www.sernatur.cl\/dataturismo\">www.sernatur.cl\/dataturismo<\/a> y descarga el informe completo de la Tasa de Ocupabilidad en Establecimientos de Alojamiento Tur\u00edstico (EAT), elaborado por Sernatur.<\/p>\n\n\n\n<p>Si requieres planificar tu viaje, buscar qu\u00e9 hacer estas vacaciones, y de qu\u00e9 atractivos disfrutar, visita <a href=\"http:\/\/www.chileestuyo.cl\">www.chileestuyo.cl<\/a><\/p>\n\n\n\n<p>Sernatur.cl<\/p>\n\n\n\n<p><\/p>\n","protected":false},"excerpt":{"rendered":"<p>Chile. Un positivo balance realiz\u00f3 la Subsecretar\u00eda de Turismo y el Servicio Nacional de Turismo, tras la publicaci\u00f3n del informe elaborado por Sernatur con los&hellip;<\/p>\n","protected":false},"author":2,"featured_media":9145,"comment_status":"open","ping_status":"closed","sticky":false,"template":"","format":"standard","meta":{"content-type":"","_lmt_disableupdate":"","_lmt_disable":"","footnotes":""},"categories":[4],"tags":[],"class_list":["post-9144","post","type-post","status-publish","format-standard","has-post-thumbnail","hentry","category-destinos"],"yoast_head":"<!-- This site is optimized with the Yoast SEO Premium plugin v27.4 (Yoast SEO v27.5) - https:\/\/yoast.com\/product\/yoast-seo-premium-wordpress\/ -->\n<title>Destinos tur\u00edsticos registran positiva tasa de ocupabilidad - Realidad Tur\u00edstica<\/title>\n<meta name=\"robots\" content=\"index, follow, max-snippet:-1, max-image-preview:large, max-video-preview:-1\" \/>\n<link rel=\"canonical\" href=\"https:\/\/realidadturistica.com\/realtur\/destinos-turisticos-registran-positiva-tasa-de-ocupabilidad\/\" \/>\n<meta property=\"og:locale\" content=\"es_ES\" \/>\n<meta property=\"og:type\" content=\"article\" \/>\n<meta property=\"og:title\" content=\"Destinos tur\u00edsticos registran positiva tasa de ocupabilidad\" \/>\n<meta property=\"og:description\" content=\"Chile. Un positivo balance realiz\u00f3 la Subsecretar\u00eda de Turismo y el Servicio Nacional de Turismo, tras la publicaci\u00f3n del informe elaborado por Sernatur con los&hellip;\" \/>\n<meta property=\"og:url\" content=\"https:\/\/realidadturistica.com\/realtur\/destinos-turisticos-registran-positiva-tasa-de-ocupabilidad\/\" \/>\n<meta property=\"og:site_name\" content=\"Realidad Tur\u00edstica\" \/>\n<meta property=\"article:publisher\" content=\"https:\/\/www.facebook.com\/realidadturistica\" \/>\n<meta property=\"article:published_time\" content=\"2025-02-13T15:19:26+00:00\" \/>\n<meta property=\"article:modified_time\" content=\"2025-02-13T15:19:28+00:00\" \/>\n<meta property=\"og:image\" content=\"https:\/\/realidadturistica.com\/realtur\/wp-content\/uploads\/2025\/02\/Destinos-turisticos.jpg\" \/>\n\t<meta property=\"og:image:width\" content=\"2036\" \/>\n\t<meta property=\"og:image:height\" content=\"946\" \/>\n\t<meta property=\"og:image:type\" content=\"image\/jpeg\" \/>\n<meta name=\"author\" content=\"Editor\" \/>\n<meta name=\"twitter:card\" content=\"summary_large_image\" \/>\n<meta name=\"twitter:label1\" content=\"Escrito por\" \/>\n\t<meta name=\"twitter:data1\" content=\"Editor\" \/>\n\t<meta name=\"twitter:label2\" content=\"Tiempo de lectura\" \/>\n\t<meta name=\"twitter:data2\" content=\"4 minutos\" \/>\n<script type=\"application\/ld+json\" class=\"yoast-schema-graph\">{\"@context\":\"https:\\\/\\\/schema.org\",\"@graph\":[{\"@type\":\"Article\",\"@id\":\"https:\\\/\\\/realidadturistica.com\\\/realtur\\\/destinos-turisticos-registran-positiva-tasa-de-ocupabilidad\\\/#article\",\"isPartOf\":{\"@id\":\"https:\\\/\\\/realidadturistica.com\\\/realtur\\\/destinos-turisticos-registran-positiva-tasa-de-ocupabilidad\\\/\"},\"author\":{\"name\":\"Editor\",\"@id\":\"https:\\\/\\\/realidadturistica.com\\\/realtur\\\/#\\\/schema\\\/person\\\/ade671191202490fcf08ab21590de73e\"},\"headline\":\"Destinos tur\u00edsticos registran positiva tasa de ocupabilidad\",\"datePublished\":\"2025-02-13T15:19:26+00:00\",\"dateModified\":\"2025-02-13T15:19:28+00:00\",\"mainEntityOfPage\":{\"@id\":\"https:\\\/\\\/realidadturistica.com\\\/realtur\\\/destinos-turisticos-registran-positiva-tasa-de-ocupabilidad\\\/\"},\"wordCount\":755,\"commentCount\":0,\"publisher\":{\"@id\":\"https:\\\/\\\/realidadturistica.com\\\/realtur\\\/#organization\"},\"image\":{\"@id\":\"https:\\\/\\\/realidadturistica.com\\\/realtur\\\/destinos-turisticos-registran-positiva-tasa-de-ocupabilidad\\\/#primaryimage\"},\"thumbnailUrl\":\"https:\\\/\\\/realidadturistica.com\\\/realtur\\\/wp-content\\\/uploads\\\/2025\\\/02\\\/Destinos-turisticos.jpg\",\"articleSection\":[\"Destinos M\u00e1gicos\"],\"inLanguage\":\"es\",\"potentialAction\":[{\"@type\":\"CommentAction\",\"name\":\"Comment\",\"target\":[\"https:\\\/\\\/realidadturistica.com\\\/realtur\\\/destinos-turisticos-registran-positiva-tasa-de-ocupabilidad\\\/#respond\"]}]},{\"@type\":\"WebPage\",\"@id\":\"https:\\\/\\\/realidadturistica.com\\\/realtur\\\/destinos-turisticos-registran-positiva-tasa-de-ocupabilidad\\\/\",\"url\":\"https:\\\/\\\/realidadturistica.com\\\/realtur\\\/destinos-turisticos-registran-positiva-tasa-de-ocupabilidad\\\/\",\"name\":\"Destinos tur\u00edsticos registran positiva tasa de ocupabilidad - Realidad Tur\u00edstica\",\"isPartOf\":{\"@id\":\"https:\\\/\\\/realidadturistica.com\\\/realtur\\\/#website\"},\"primaryImageOfPage\":{\"@id\":\"https:\\\/\\\/realidadturistica.com\\\/realtur\\\/destinos-turisticos-registran-positiva-tasa-de-ocupabilidad\\\/#primaryimage\"},\"image\":{\"@id\":\"https:\\\/\\\/realidadturistica.com\\\/realtur\\\/destinos-turisticos-registran-positiva-tasa-de-ocupabilidad\\\/#primaryimage\"},\"thumbnailUrl\":\"https:\\\/\\\/realidadturistica.com\\\/realtur\\\/wp-content\\\/uploads\\\/2025\\\/02\\\/Destinos-turisticos.jpg\",\"datePublished\":\"2025-02-13T15:19:26+00:00\",\"dateModified\":\"2025-02-13T15:19:28+00:00\",\"breadcrumb\":{\"@id\":\"https:\\\/\\\/realidadturistica.com\\\/realtur\\\/destinos-turisticos-registran-positiva-tasa-de-ocupabilidad\\\/#breadcrumb\"},\"inLanguage\":\"es\",\"potentialAction\":[{\"@type\":\"ReadAction\",\"target\":[\"https:\\\/\\\/realidadturistica.com\\\/realtur\\\/destinos-turisticos-registran-positiva-tasa-de-ocupabilidad\\\/\"]}]},{\"@type\":\"ImageObject\",\"inLanguage\":\"es\",\"@id\":\"https:\\\/\\\/realidadturistica.com\\\/realtur\\\/destinos-turisticos-registran-positiva-tasa-de-ocupabilidad\\\/#primaryimage\",\"url\":\"https:\\\/\\\/realidadturistica.com\\\/realtur\\\/wp-content\\\/uploads\\\/2025\\\/02\\\/Destinos-turisticos.jpg\",\"contentUrl\":\"https:\\\/\\\/realidadturistica.com\\\/realtur\\\/wp-content\\\/uploads\\\/2025\\\/02\\\/Destinos-turisticos.jpg\",\"width\":2036,\"height\":946},{\"@type\":\"BreadcrumbList\",\"@id\":\"https:\\\/\\\/realidadturistica.com\\\/realtur\\\/destinos-turisticos-registran-positiva-tasa-de-ocupabilidad\\\/#breadcrumb\",\"itemListElement\":[{\"@type\":\"ListItem\",\"position\":1,\"name\":\"Portada\",\"item\":\"https:\\\/\\\/realidadturistica.com\\\/realtur\\\/\"},{\"@type\":\"ListItem\",\"position\":2,\"name\":\"Destinos tur\u00edsticos registran positiva tasa de ocupabilidad\"}]},{\"@type\":\"WebSite\",\"@id\":\"https:\\\/\\\/realidadturistica.com\\\/realtur\\\/#website\",\"url\":\"https:\\\/\\\/realidadturistica.com\\\/realtur\\\/\",\"name\":\"Realidad Tur\u00edstica\",\"description\":\"\",\"publisher\":{\"@id\":\"https:\\\/\\\/realidadturistica.com\\\/realtur\\\/#organization\"},\"potentialAction\":[{\"@type\":\"SearchAction\",\"target\":{\"@type\":\"EntryPoint\",\"urlTemplate\":\"https:\\\/\\\/realidadturistica.com\\\/realtur\\\/?s={search_term_string}\"},\"query-input\":{\"@type\":\"PropertyValueSpecification\",\"valueRequired\":true,\"valueName\":\"search_term_string\"}}],\"inLanguage\":\"es\"},{\"@type\":\"Organization\",\"@id\":\"https:\\\/\\\/realidadturistica.com\\\/realtur\\\/#organization\",\"name\":\"Realidad Tur\u00edstica\",\"url\":\"https:\\\/\\\/realidadturistica.com\\\/realtur\\\/\",\"logo\":{\"@type\":\"ImageObject\",\"inLanguage\":\"es\",\"@id\":\"https:\\\/\\\/realidadturistica.com\\\/realtur\\\/#\\\/schema\\\/logo\\\/image\\\/\",\"url\":\"https:\\\/\\\/realidadturistica.com\\\/realtur\\\/wp-content\\\/uploads\\\/2021\\\/12\\\/logotipo-realidad-turistica.png\",\"contentUrl\":\"https:\\\/\\\/realidadturistica.com\\\/realtur\\\/wp-content\\\/uploads\\\/2021\\\/12\\\/logotipo-realidad-turistica.png\",\"width\":1382,\"height\":629,\"caption\":\"Realidad Tur\u00edstica\"},\"image\":{\"@id\":\"https:\\\/\\\/realidadturistica.com\\\/realtur\\\/#\\\/schema\\\/logo\\\/image\\\/\"},\"sameAs\":[\"https:\\\/\\\/www.facebook.com\\\/realidadturistica\",\"https:\\\/\\\/www.instagram.com\\\/realidad_turistica\\\/\"]},{\"@type\":\"Person\",\"@id\":\"https:\\\/\\\/realidadturistica.com\\\/realtur\\\/#\\\/schema\\\/person\\\/ade671191202490fcf08ab21590de73e\",\"name\":\"Editor\",\"image\":{\"@type\":\"ImageObject\",\"inLanguage\":\"es\",\"@id\":\"https:\\\/\\\/realidadturistica.com\\\/realtur\\\/wp-content\\\/uploads\\\/2023\\\/09\\\/Editor_avatar_1693668634-96x96.png\",\"url\":\"https:\\\/\\\/realidadturistica.com\\\/realtur\\\/wp-content\\\/uploads\\\/2023\\\/09\\\/Editor_avatar_1693668634-96x96.png\",\"contentUrl\":\"https:\\\/\\\/realidadturistica.com\\\/realtur\\\/wp-content\\\/uploads\\\/2023\\\/09\\\/Editor_avatar_1693668634-96x96.png\",\"caption\":\"Editor\"},\"sameAs\":[\"https:\\\/\\\/realidadturistica.com\\\/realtur\"],\"url\":\"https:\\\/\\\/realidadturistica.com\\\/realtur\\\/author\\\/editor2\\\/\"}]}<\/script>\n<!-- \/ Yoast SEO Premium plugin. -->","yoast_head_json":{"title":"Destinos tur\u00edsticos registran positiva tasa de ocupabilidad - Realidad Tur\u00edstica","robots":{"index":"index","follow":"follow","max-snippet":"max-snippet:-1","max-image-preview":"max-image-preview:large","max-video-preview":"max-video-preview:-1"},"canonical":"https:\/\/realidadturistica.com\/realtur\/destinos-turisticos-registran-positiva-tasa-de-ocupabilidad\/","og_locale":"es_ES","og_type":"article","og_title":"Destinos tur\u00edsticos registran positiva tasa de ocupabilidad","og_description":"Chile. Un positivo balance realiz\u00f3 la Subsecretar\u00eda de Turismo y el Servicio Nacional de Turismo, tras la publicaci\u00f3n del informe elaborado por Sernatur con los&hellip;","og_url":"https:\/\/realidadturistica.com\/realtur\/destinos-turisticos-registran-positiva-tasa-de-ocupabilidad\/","og_site_name":"Realidad Tur\u00edstica","article_publisher":"https:\/\/www.facebook.com\/realidadturistica","article_published_time":"2025-02-13T15:19:26+00:00","article_modified_time":"2025-02-13T15:19:28+00:00","og_image":[{"width":2036,"height":946,"url":"https:\/\/realidadturistica.com\/realtur\/wp-content\/uploads\/2025\/02\/Destinos-turisticos.jpg","type":"image\/jpeg"}],"author":"Editor","twitter_card":"summary_large_image","twitter_misc":{"Escrito por":"Editor","Tiempo de lectura":"4 minutos"},"schema":{"@context":"https:\/\/schema.org","@graph":[{"@type":"Article","@id":"https:\/\/realidadturistica.com\/realtur\/destinos-turisticos-registran-positiva-tasa-de-ocupabilidad\/#article","isPartOf":{"@id":"https:\/\/realidadturistica.com\/realtur\/destinos-turisticos-registran-positiva-tasa-de-ocupabilidad\/"},"author":{"name":"Editor","@id":"https:\/\/realidadturistica.com\/realtur\/#\/schema\/person\/ade671191202490fcf08ab21590de73e"},"headline":"Destinos tur\u00edsticos registran positiva tasa de ocupabilidad","datePublished":"2025-02-13T15:19:26+00:00","dateModified":"2025-02-13T15:19:28+00:00","mainEntityOfPage":{"@id":"https:\/\/realidadturistica.com\/realtur\/destinos-turisticos-registran-positiva-tasa-de-ocupabilidad\/"},"wordCount":755,"commentCount":0,"publisher":{"@id":"https:\/\/realidadturistica.com\/realtur\/#organization"},"image":{"@id":"https:\/\/realidadturistica.com\/realtur\/destinos-turisticos-registran-positiva-tasa-de-ocupabilidad\/#primaryimage"},"thumbnailUrl":"https:\/\/realidadturistica.com\/realtur\/wp-content\/uploads\/2025\/02\/Destinos-turisticos.jpg","articleSection":["Destinos M\u00e1gicos"],"inLanguage":"es","potentialAction":[{"@type":"CommentAction","name":"Comment","target":["https:\/\/realidadturistica.com\/realtur\/destinos-turisticos-registran-positiva-tasa-de-ocupabilidad\/#respond"]}]},{"@type":"WebPage","@id":"https:\/\/realidadturistica.com\/realtur\/destinos-turisticos-registran-positiva-tasa-de-ocupabilidad\/","url":"https:\/\/realidadturistica.com\/realtur\/destinos-turisticos-registran-positiva-tasa-de-ocupabilidad\/","name":"Destinos tur\u00edsticos registran positiva tasa de ocupabilidad - Realidad Tur\u00edstica","isPartOf":{"@id":"https:\/\/realidadturistica.com\/realtur\/#website"},"primaryImageOfPage":{"@id":"https:\/\/realidadturistica.com\/realtur\/destinos-turisticos-registran-positiva-tasa-de-ocupabilidad\/#primaryimage"},"image":{"@id":"https:\/\/realidadturistica.com\/realtur\/destinos-turisticos-registran-positiva-tasa-de-ocupabilidad\/#primaryimage"},"thumbnailUrl":"https:\/\/realidadturistica.com\/realtur\/wp-content\/uploads\/2025\/02\/Destinos-turisticos.jpg","datePublished":"2025-02-13T15:19:26+00:00","dateModified":"2025-02-13T15:19:28+00:00","breadcrumb":{"@id":"https:\/\/realidadturistica.com\/realtur\/destinos-turisticos-registran-positiva-tasa-de-ocupabilidad\/#breadcrumb"},"inLanguage":"es","potentialAction":[{"@type":"ReadAction","target":["https:\/\/realidadturistica.com\/realtur\/destinos-turisticos-registran-positiva-tasa-de-ocupabilidad\/"]}]},{"@type":"ImageObject","inLanguage":"es","@id":"https:\/\/realidadturistica.com\/realtur\/destinos-turisticos-registran-positiva-tasa-de-ocupabilidad\/#primaryimage","url":"https:\/\/realidadturistica.com\/realtur\/wp-content\/uploads\/2025\/02\/Destinos-turisticos.jpg","contentUrl":"https:\/\/realidadturistica.com\/realtur\/wp-content\/uploads\/2025\/02\/Destinos-turisticos.jpg","width":2036,"height":946},{"@type":"BreadcrumbList","@id":"https:\/\/realidadturistica.com\/realtur\/destinos-turisticos-registran-positiva-tasa-de-ocupabilidad\/#breadcrumb","itemListElement":[{"@type":"ListItem","position":1,"name":"Portada","item":"https:\/\/realidadturistica.com\/realtur\/"},{"@type":"ListItem","position":2,"name":"Destinos tur\u00edsticos registran positiva tasa de ocupabilidad"}]},{"@type":"WebSite","@id":"https:\/\/realidadturistica.com\/realtur\/#website","url":"https:\/\/realidadturistica.com\/realtur\/","name":"Realidad Tur\u00edstica","description":"","publisher":{"@id":"https:\/\/realidadturistica.com\/realtur\/#organization"},"potentialAction":[{"@type":"SearchAction","target":{"@type":"EntryPoint","urlTemplate":"https:\/\/realidadturistica.com\/realtur\/?s={search_term_string}"},"query-input":{"@type":"PropertyValueSpecification","valueRequired":true,"valueName":"search_term_string"}}],"inLanguage":"es"},{"@type":"Organization","@id":"https:\/\/realidadturistica.com\/realtur\/#organization","name":"Realidad Tur\u00edstica","url":"https:\/\/realidadturistica.com\/realtur\/","logo":{"@type":"ImageObject","inLanguage":"es","@id":"https:\/\/realidadturistica.com\/realtur\/#\/schema\/logo\/image\/","url":"https:\/\/realidadturistica.com\/realtur\/wp-content\/uploads\/2021\/12\/logotipo-realidad-turistica.png","contentUrl":"https:\/\/realidadturistica.com\/realtur\/wp-content\/uploads\/2021\/12\/logotipo-realidad-turistica.png","width":1382,"height":629,"caption":"Realidad Tur\u00edstica"},"image":{"@id":"https:\/\/realidadturistica.com\/realtur\/#\/schema\/logo\/image\/"},"sameAs":["https:\/\/www.facebook.com\/realidadturistica","https:\/\/www.instagram.com\/realidad_turistica\/"]},{"@type":"Person","@id":"https:\/\/realidadturistica.com\/realtur\/#\/schema\/person\/ade671191202490fcf08ab21590de73e","name":"Editor","image":{"@type":"ImageObject","inLanguage":"es","@id":"https:\/\/realidadturistica.com\/realtur\/wp-content\/uploads\/2023\/09\/Editor_avatar_1693668634-96x96.png","url":"https:\/\/realidadturistica.com\/realtur\/wp-content\/uploads\/2023\/09\/Editor_avatar_1693668634-96x96.png","contentUrl":"https:\/\/realidadturistica.com\/realtur\/wp-content\/uploads\/2023\/09\/Editor_avatar_1693668634-96x96.png","caption":"Editor"},"sameAs":["https:\/\/realidadturistica.com\/realtur"],"url":"https:\/\/realidadturistica.com\/realtur\/author\/editor2\/"}]}},"_links":{"self":[{"href":"https:\/\/realidadturistica.com\/realtur\/wp-json\/wp\/v2\/posts\/9144","targetHints":{"allow":["GET"]}}],"collection":[{"href":"https:\/\/realidadturistica.com\/realtur\/wp-json\/wp\/v2\/posts"}],"about":[{"href":"https:\/\/realidadturistica.com\/realtur\/wp-json\/wp\/v2\/types\/post"}],"author":[{"embeddable":true,"href":"https:\/\/realidadturistica.com\/realtur\/wp-json\/wp\/v2\/users\/2"}],"replies":[{"embeddable":true,"href":"https:\/\/realidadturistica.com\/realtur\/wp-json\/wp\/v2\/comments?post=9144"}],"version-history":[{"count":1,"href":"https:\/\/realidadturistica.com\/realtur\/wp-json\/wp\/v2\/posts\/9144\/revisions"}],"predecessor-version":[{"id":9146,"href":"https:\/\/realidadturistica.com\/realtur\/wp-json\/wp\/v2\/posts\/9144\/revisions\/9146"}],"wp:featuredmedia":[{"embeddable":true,"href":"https:\/\/realidadturistica.com\/realtur\/wp-json\/wp\/v2\/media\/9145"}],"wp:attachment":[{"href":"https:\/\/realidadturistica.com\/realtur\/wp-json\/wp\/v2\/media?parent=9144"}],"wp:term":[{"taxonomy":"category","embeddable":true,"href":"https:\/\/realidadturistica.com\/realtur\/wp-json\/wp\/v2\/categories?post=9144"},{"taxonomy":"post_tag","embeddable":true,"href":"https:\/\/realidadturistica.com\/realtur\/wp-json\/wp\/v2\/tags?post=9144"}],"curies":[{"name":"wp","href":"https:\/\/api.w.org\/{rel}","templated":true}]}}