{"id":9147,"date":"2025-02-14T03:38:08","date_gmt":"2025-02-14T03:38:08","guid":{"rendered":"https:\/\/realidadturistica.com\/realtur\/?p=9147"},"modified":"2025-02-14T03:38:11","modified_gmt":"2025-02-14T03:38:11","slug":"presentacion-oficial-de-12a-edicion-de-cultourfair-sevilla-28-30-septiembre","status":"publish","type":"post","link":"https:\/\/realidadturistica.com\/realtur\/presentacion-oficial-de-12a-edicion-de-cultourfair-sevilla-28-30-septiembre\/","title":{"rendered":"Presentaci\u00f3n Oficial de 12\u00aa edici\u00f3n de CULTOURFAIR Sevilla, 28-30 septiembre"},"content":{"rendered":"\n<p class=\"wp-block-yoast-seo-estimated-reading-time yoast-reading-time__wrapper\"><span class=\"yoast-reading-time__icon\"><svg aria-hidden=\"true\" focusable=\"false\" data-icon=\"clock\" width=\"20\" height=\"20\" fill=\"none\" stroke=\"currentColor\" style=\"display:inline-block;vertical-align:-0.1em\" role=\"img\" xmlns=\"http:\/\/www.w3.org\/2000\/svg\" viewBox=\"0 0 24 24\"><path stroke-linecap=\"round\" stroke-linejoin=\"round\" stroke-width=\"2\" d=\"M12 8v4l3 3m6-3a9 9 0 11-18 0 9 9 0 0118 0z\"><\/path><\/svg><\/span><span class=\"yoast-reading-time__spacer\" style=\"display:inline-block;width:1em\"><\/span><span class=\"yoast-reading-time__descriptive-text\">Estimated reading time: <\/span><span class=\"yoast-reading-time__reading-time\">2<\/span><span class=\"yoast-reading-time__time-unit\"> minutos<\/span><\/p>\n\n\n\n<p>Espa\u00f1a. En el marco de FITUR tuvo lugar la presentaci\u00f3n oficial de la 12\u00aa edici\u00f3n de CULTOURFAIR \u2013 Global Heritage Culture and Gastronomy Travel Market \u2013 que regresa a Sevilla del 28 al 30 de septiembre con el apoyo y el patrocinio de Sevilla City Office.<\/p>\n\n\n\n<p>Antonio Casta\u00f1o, Gerente General de Sevilla City Office, Angie Moreno, Teniente de Alcalde y Delegada de Turismo y Cultura del Ayuntamiento de Sevilla, y Charo Trabado, CEO de MITM Events, reforzaron su colaboraci\u00f3n para esta nueva edici\u00f3n, d\u00f3nde se abordaron aspectos clave como la log\u00edstica, la promoci\u00f3n internacional y la agenda de actividades, con el objetivo de consolidar a Sevilla como un hub global para el turismo cultural premium y MICE.<\/p>\n\n\n\n<p>CULTOURFAIR cuenta tambi\u00e9n con el apoyo y patrocinio de Espacio Exploraterra &#8211; Fundaci\u00f3n Nao Victoria, venue del evento, Grupo la Raza, F&amp;B Partner, y Ceuta, como organanizador del post-tour.<\/p>\n\n\n\n<p>MITM Events, empresa organizadora y pionera en la organizaci\u00f3n de ferias B2B desde 1997, prev\u00e9 m\u00e1s de 500 registros de compradores provenientes de 60 pa\u00edses, de los cuales selecciona las mejores 60 empresas para su participaci\u00f3n en la feria. La convocatoria ha suscitado gran inter\u00e9s, recibiciendo m\u00e1s de 100 registros de empresas provenientes de 23 pa\u00edses, as\u00ed como de empresas expositoras que ya han contratado el 40% del espacio disponible.<\/p>\n\n\n\n<p>El programa del evento ofrece una agenda de hasta 30 citas preestablecidas y un programa de networking de alto impacto con compradores rigurosamente seleccionados, directores y ejecutivos con poder de decisi\u00f3n especializados en: viajes de lujo, eventos (deportivos, musicales, enol\u00f3gicos, gourmet, etc.), MICE, city-breaks, patrimonio, gastronom\u00eda, folklore, religioso, etc&#8230;<\/p>\n\n\n\n<p>CULTOURFAIR se ha realizado en diez ciudades de cinco pa\u00edses, con un impacto econ\u00f3mico estimado a medio y largo plazo de m\u00e1s de 200 millones de euros.<\/p>\n\n\n\n<p>GSAR Marketing, empresa organizadora, es una empresa de marketing tur\u00edstico global que forma parte del Grupo Convenco: primer \u201cIncentive House\u201d de Espa\u00f1a fundada hace 52 a\u00f1os, en 1973. Desde 1997, GSAR Marketing produce sus propias ferias internacionales especializadas en Turismo Cultural y en el sector MICE. Ferias interactivas pioneras en B2B en Europa, Las Am\u00e9ricas y El Caribe. Hasta la fecha se han realizado 63 exitosas ediciones en 38 ciudades de 18 pa\u00edses.<\/p>\n\n\n\n<p>Para m\u00e1s informaci\u00f3n: sales@mitmevents.com |&nbsp; +34 915 414 307<\/p>\n","protected":false},"excerpt":{"rendered":"<p>Espa\u00f1a. En el marco de FITUR tuvo lugar la presentaci\u00f3n oficial de la 12\u00aa edici\u00f3n de CULTOURFAIR \u2013 Global Heritage Culture and Gastronomy Travel Market&hellip;<\/p>\n","protected":false},"author":2,"featured_media":9148,"comment_status":"open","ping_status":"closed","sticky":false,"template":"","format":"standard","meta":{"content-type":"","_lmt_disableupdate":"","_lmt_disable":"","footnotes":""},"categories":[5],"tags":[],"class_list":["post-9147","post","type-post","status-publish","format-standard","has-post-thumbnail","hentry","category-mice"],"yoast_head":"<!-- This site is optimized with the Yoast SEO Premium plugin v27.4 (Yoast SEO v27.5) - https:\/\/yoast.com\/product\/yoast-seo-premium-wordpress\/ -->\n<title>Presentaci\u00f3n Oficial de 12\u00aa edici\u00f3n de CULTOURFAIR Sevilla, 28-30 septiembre - Realidad Tur\u00edstica<\/title>\n<meta name=\"robots\" content=\"index, follow, max-snippet:-1, max-image-preview:large, max-video-preview:-1\" \/>\n<link rel=\"canonical\" href=\"https:\/\/realidadturistica.com\/realtur\/presentacion-oficial-de-12a-edicion-de-cultourfair-sevilla-28-30-septiembre\/\" \/>\n<meta property=\"og:locale\" content=\"es_ES\" \/>\n<meta property=\"og:type\" content=\"article\" \/>\n<meta property=\"og:title\" content=\"Presentaci\u00f3n Oficial de 12\u00aa edici\u00f3n de CULTOURFAIR Sevilla, 28-30 septiembre\" \/>\n<meta property=\"og:description\" content=\"Espa\u00f1a. En el marco de FITUR tuvo lugar la presentaci\u00f3n oficial de la 12\u00aa edici\u00f3n de CULTOURFAIR \u2013 Global Heritage Culture and Gastronomy Travel Market&hellip;\" \/>\n<meta property=\"og:url\" content=\"https:\/\/realidadturistica.com\/realtur\/presentacion-oficial-de-12a-edicion-de-cultourfair-sevilla-28-30-septiembre\/\" \/>\n<meta property=\"og:site_name\" content=\"Realidad Tur\u00edstica\" \/>\n<meta property=\"article:publisher\" content=\"https:\/\/www.facebook.com\/realidadturistica\" \/>\n<meta property=\"article:published_time\" content=\"2025-02-14T03:38:08+00:00\" \/>\n<meta property=\"article:modified_time\" content=\"2025-02-14T03:38:11+00:00\" \/>\n<meta property=\"og:image\" content=\"https:\/\/realidadturistica.com\/realtur\/wp-content\/uploads\/2025\/02\/Captura-de-pantalla-2025-02-13-a-las-9.31.57\u202fp.m.jpg\" \/>\n\t<meta property=\"og:image:width\" content=\"1372\" \/>\n\t<meta property=\"og:image:height\" content=\"798\" \/>\n\t<meta property=\"og:image:type\" content=\"image\/jpeg\" \/>\n<meta name=\"author\" content=\"Editor\" \/>\n<meta name=\"twitter:card\" content=\"summary_large_image\" \/>\n<meta name=\"twitter:label1\" content=\"Escrito por\" \/>\n\t<meta name=\"twitter:data1\" content=\"Editor\" \/>\n\t<meta name=\"twitter:label2\" content=\"Tiempo de lectura\" \/>\n\t<meta name=\"twitter:data2\" content=\"2 minutos\" \/>\n<script type=\"application\/ld+json\" class=\"yoast-schema-graph\">{\"@context\":\"https:\\\/\\\/schema.org\",\"@graph\":[{\"@type\":\"Article\",\"@id\":\"https:\\\/\\\/realidadturistica.com\\\/realtur\\\/presentacion-oficial-de-12a-edicion-de-cultourfair-sevilla-28-30-septiembre\\\/#article\",\"isPartOf\":{\"@id\":\"https:\\\/\\\/realidadturistica.com\\\/realtur\\\/presentacion-oficial-de-12a-edicion-de-cultourfair-sevilla-28-30-septiembre\\\/\"},\"author\":{\"name\":\"Editor\",\"@id\":\"https:\\\/\\\/realidadturistica.com\\\/realtur\\\/#\\\/schema\\\/person\\\/ade671191202490fcf08ab21590de73e\"},\"headline\":\"Presentaci\u00f3n Oficial de 12\u00aa edici\u00f3n de CULTOURFAIR Sevilla, 28-30 septiembre\",\"datePublished\":\"2025-02-14T03:38:08+00:00\",\"dateModified\":\"2025-02-14T03:38:11+00:00\",\"mainEntityOfPage\":{\"@id\":\"https:\\\/\\\/realidadturistica.com\\\/realtur\\\/presentacion-oficial-de-12a-edicion-de-cultourfair-sevilla-28-30-septiembre\\\/\"},\"wordCount\":402,\"commentCount\":0,\"publisher\":{\"@id\":\"https:\\\/\\\/realidadturistica.com\\\/realtur\\\/#organization\"},\"image\":{\"@id\":\"https:\\\/\\\/realidadturistica.com\\\/realtur\\\/presentacion-oficial-de-12a-edicion-de-cultourfair-sevilla-28-30-septiembre\\\/#primaryimage\"},\"thumbnailUrl\":\"https:\\\/\\\/realidadturistica.com\\\/realtur\\\/wp-content\\\/uploads\\\/2025\\\/02\\\/Captura-de-pantalla-2025-02-13-a-las-9.31.57\u202fp.m.jpg\",\"articleSection\":[\"MICE\"],\"inLanguage\":\"es\",\"potentialAction\":[{\"@type\":\"CommentAction\",\"name\":\"Comment\",\"target\":[\"https:\\\/\\\/realidadturistica.com\\\/realtur\\\/presentacion-oficial-de-12a-edicion-de-cultourfair-sevilla-28-30-septiembre\\\/#respond\"]}]},{\"@type\":\"WebPage\",\"@id\":\"https:\\\/\\\/realidadturistica.com\\\/realtur\\\/presentacion-oficial-de-12a-edicion-de-cultourfair-sevilla-28-30-septiembre\\\/\",\"url\":\"https:\\\/\\\/realidadturistica.com\\\/realtur\\\/presentacion-oficial-de-12a-edicion-de-cultourfair-sevilla-28-30-septiembre\\\/\",\"name\":\"Presentaci\u00f3n Oficial de 12\u00aa edici\u00f3n de CULTOURFAIR Sevilla, 28-30 septiembre - Realidad Tur\u00edstica\",\"isPartOf\":{\"@id\":\"https:\\\/\\\/realidadturistica.com\\\/realtur\\\/#website\"},\"primaryImageOfPage\":{\"@id\":\"https:\\\/\\\/realidadturistica.com\\\/realtur\\\/presentacion-oficial-de-12a-edicion-de-cultourfair-sevilla-28-30-septiembre\\\/#primaryimage\"},\"image\":{\"@id\":\"https:\\\/\\\/realidadturistica.com\\\/realtur\\\/presentacion-oficial-de-12a-edicion-de-cultourfair-sevilla-28-30-septiembre\\\/#primaryimage\"},\"thumbnailUrl\":\"https:\\\/\\\/realidadturistica.com\\\/realtur\\\/wp-content\\\/uploads\\\/2025\\\/02\\\/Captura-de-pantalla-2025-02-13-a-las-9.31.57\u202fp.m.jpg\",\"datePublished\":\"2025-02-14T03:38:08+00:00\",\"dateModified\":\"2025-02-14T03:38:11+00:00\",\"breadcrumb\":{\"@id\":\"https:\\\/\\\/realidadturistica.com\\\/realtur\\\/presentacion-oficial-de-12a-edicion-de-cultourfair-sevilla-28-30-septiembre\\\/#breadcrumb\"},\"inLanguage\":\"es\",\"potentialAction\":[{\"@type\":\"ReadAction\",\"target\":[\"https:\\\/\\\/realidadturistica.com\\\/realtur\\\/presentacion-oficial-de-12a-edicion-de-cultourfair-sevilla-28-30-septiembre\\\/\"]}]},{\"@type\":\"ImageObject\",\"inLanguage\":\"es\",\"@id\":\"https:\\\/\\\/realidadturistica.com\\\/realtur\\\/presentacion-oficial-de-12a-edicion-de-cultourfair-sevilla-28-30-septiembre\\\/#primaryimage\",\"url\":\"https:\\\/\\\/realidadturistica.com\\\/realtur\\\/wp-content\\\/uploads\\\/2025\\\/02\\\/Captura-de-pantalla-2025-02-13-a-las-9.31.57\u202fp.m.jpg\",\"contentUrl\":\"https:\\\/\\\/realidadturistica.com\\\/realtur\\\/wp-content\\\/uploads\\\/2025\\\/02\\\/Captura-de-pantalla-2025-02-13-a-las-9.31.57\u202fp.m.jpg\",\"width\":1372,\"height\":798},{\"@type\":\"BreadcrumbList\",\"@id\":\"https:\\\/\\\/realidadturistica.com\\\/realtur\\\/presentacion-oficial-de-12a-edicion-de-cultourfair-sevilla-28-30-septiembre\\\/#breadcrumb\",\"itemListElement\":[{\"@type\":\"ListItem\",\"position\":1,\"name\":\"Portada\",\"item\":\"https:\\\/\\\/realidadturistica.com\\\/realtur\\\/\"},{\"@type\":\"ListItem\",\"position\":2,\"name\":\"Presentaci\u00f3n Oficial de 12\u00aa edici\u00f3n de CULTOURFAIR Sevilla, 28-30 septiembre\"}]},{\"@type\":\"WebSite\",\"@id\":\"https:\\\/\\\/realidadturistica.com\\\/realtur\\\/#website\",\"url\":\"https:\\\/\\\/realidadturistica.com\\\/realtur\\\/\",\"name\":\"Realidad Tur\u00edstica\",\"description\":\"\",\"publisher\":{\"@id\":\"https:\\\/\\\/realidadturistica.com\\\/realtur\\\/#organization\"},\"potentialAction\":[{\"@type\":\"SearchAction\",\"target\":{\"@type\":\"EntryPoint\",\"urlTemplate\":\"https:\\\/\\\/realidadturistica.com\\\/realtur\\\/?s={search_term_string}\"},\"query-input\":{\"@type\":\"PropertyValueSpecification\",\"valueRequired\":true,\"valueName\":\"search_term_string\"}}],\"inLanguage\":\"es\"},{\"@type\":\"Organization\",\"@id\":\"https:\\\/\\\/realidadturistica.com\\\/realtur\\\/#organization\",\"name\":\"Realidad Tur\u00edstica\",\"url\":\"https:\\\/\\\/realidadturistica.com\\\/realtur\\\/\",\"logo\":{\"@type\":\"ImageObject\",\"inLanguage\":\"es\",\"@id\":\"https:\\\/\\\/realidadturistica.com\\\/realtur\\\/#\\\/schema\\\/logo\\\/image\\\/\",\"url\":\"https:\\\/\\\/realidadturistica.com\\\/realtur\\\/wp-content\\\/uploads\\\/2021\\\/12\\\/logotipo-realidad-turistica.png\",\"contentUrl\":\"https:\\\/\\\/realidadturistica.com\\\/realtur\\\/wp-content\\\/uploads\\\/2021\\\/12\\\/logotipo-realidad-turistica.png\",\"width\":1382,\"height\":629,\"caption\":\"Realidad Tur\u00edstica\"},\"image\":{\"@id\":\"https:\\\/\\\/realidadturistica.com\\\/realtur\\\/#\\\/schema\\\/logo\\\/image\\\/\"},\"sameAs\":[\"https:\\\/\\\/www.facebook.com\\\/realidadturistica\",\"https:\\\/\\\/www.instagram.com\\\/realidad_turistica\\\/\"]},{\"@type\":\"Person\",\"@id\":\"https:\\\/\\\/realidadturistica.com\\\/realtur\\\/#\\\/schema\\\/person\\\/ade671191202490fcf08ab21590de73e\",\"name\":\"Editor\",\"image\":{\"@type\":\"ImageObject\",\"inLanguage\":\"es\",\"@id\":\"https:\\\/\\\/realidadturistica.com\\\/realtur\\\/wp-content\\\/uploads\\\/2023\\\/09\\\/Editor_avatar_1693668634-96x96.png\",\"url\":\"https:\\\/\\\/realidadturistica.com\\\/realtur\\\/wp-content\\\/uploads\\\/2023\\\/09\\\/Editor_avatar_1693668634-96x96.png\",\"contentUrl\":\"https:\\\/\\\/realidadturistica.com\\\/realtur\\\/wp-content\\\/uploads\\\/2023\\\/09\\\/Editor_avatar_1693668634-96x96.png\",\"caption\":\"Editor\"},\"sameAs\":[\"https:\\\/\\\/realidadturistica.com\\\/realtur\"],\"url\":\"https:\\\/\\\/realidadturistica.com\\\/realtur\\\/author\\\/editor2\\\/\"}]}<\/script>\n<!-- \/ Yoast SEO Premium plugin. -->","yoast_head_json":{"title":"Presentaci\u00f3n Oficial de 12\u00aa edici\u00f3n de CULTOURFAIR Sevilla, 28-30 septiembre - Realidad Tur\u00edstica","robots":{"index":"index","follow":"follow","max-snippet":"max-snippet:-1","max-image-preview":"max-image-preview:large","max-video-preview":"max-video-preview:-1"},"canonical":"https:\/\/realidadturistica.com\/realtur\/presentacion-oficial-de-12a-edicion-de-cultourfair-sevilla-28-30-septiembre\/","og_locale":"es_ES","og_type":"article","og_title":"Presentaci\u00f3n Oficial de 12\u00aa edici\u00f3n de CULTOURFAIR Sevilla, 28-30 septiembre","og_description":"Espa\u00f1a. En el marco de FITUR tuvo lugar la presentaci\u00f3n oficial de la 12\u00aa edici\u00f3n de CULTOURFAIR \u2013 Global Heritage Culture and Gastronomy Travel Market&hellip;","og_url":"https:\/\/realidadturistica.com\/realtur\/presentacion-oficial-de-12a-edicion-de-cultourfair-sevilla-28-30-septiembre\/","og_site_name":"Realidad Tur\u00edstica","article_publisher":"https:\/\/www.facebook.com\/realidadturistica","article_published_time":"2025-02-14T03:38:08+00:00","article_modified_time":"2025-02-14T03:38:11+00:00","og_image":[{"width":1372,"height":798,"url":"https:\/\/realidadturistica.com\/realtur\/wp-content\/uploads\/2025\/02\/Captura-de-pantalla-2025-02-13-a-las-9.31.57\u202fp.m.jpg","type":"image\/jpeg"}],"author":"Editor","twitter_card":"summary_large_image","twitter_misc":{"Escrito por":"Editor","Tiempo de lectura":"2 minutos"},"schema":{"@context":"https:\/\/schema.org","@graph":[{"@type":"Article","@id":"https:\/\/realidadturistica.com\/realtur\/presentacion-oficial-de-12a-edicion-de-cultourfair-sevilla-28-30-septiembre\/#article","isPartOf":{"@id":"https:\/\/realidadturistica.com\/realtur\/presentacion-oficial-de-12a-edicion-de-cultourfair-sevilla-28-30-septiembre\/"},"author":{"name":"Editor","@id":"https:\/\/realidadturistica.com\/realtur\/#\/schema\/person\/ade671191202490fcf08ab21590de73e"},"headline":"Presentaci\u00f3n Oficial de 12\u00aa edici\u00f3n de CULTOURFAIR Sevilla, 28-30 septiembre","datePublished":"2025-02-14T03:38:08+00:00","dateModified":"2025-02-14T03:38:11+00:00","mainEntityOfPage":{"@id":"https:\/\/realidadturistica.com\/realtur\/presentacion-oficial-de-12a-edicion-de-cultourfair-sevilla-28-30-septiembre\/"},"wordCount":402,"commentCount":0,"publisher":{"@id":"https:\/\/realidadturistica.com\/realtur\/#organization"},"image":{"@id":"https:\/\/realidadturistica.com\/realtur\/presentacion-oficial-de-12a-edicion-de-cultourfair-sevilla-28-30-septiembre\/#primaryimage"},"thumbnailUrl":"https:\/\/realidadturistica.com\/realtur\/wp-content\/uploads\/2025\/02\/Captura-de-pantalla-2025-02-13-a-las-9.31.57\u202fp.m.jpg","articleSection":["MICE"],"inLanguage":"es","potentialAction":[{"@type":"CommentAction","name":"Comment","target":["https:\/\/realidadturistica.com\/realtur\/presentacion-oficial-de-12a-edicion-de-cultourfair-sevilla-28-30-septiembre\/#respond"]}]},{"@type":"WebPage","@id":"https:\/\/realidadturistica.com\/realtur\/presentacion-oficial-de-12a-edicion-de-cultourfair-sevilla-28-30-septiembre\/","url":"https:\/\/realidadturistica.com\/realtur\/presentacion-oficial-de-12a-edicion-de-cultourfair-sevilla-28-30-septiembre\/","name":"Presentaci\u00f3n Oficial de 12\u00aa edici\u00f3n de CULTOURFAIR Sevilla, 28-30 septiembre - Realidad Tur\u00edstica","isPartOf":{"@id":"https:\/\/realidadturistica.com\/realtur\/#website"},"primaryImageOfPage":{"@id":"https:\/\/realidadturistica.com\/realtur\/presentacion-oficial-de-12a-edicion-de-cultourfair-sevilla-28-30-septiembre\/#primaryimage"},"image":{"@id":"https:\/\/realidadturistica.com\/realtur\/presentacion-oficial-de-12a-edicion-de-cultourfair-sevilla-28-30-septiembre\/#primaryimage"},"thumbnailUrl":"https:\/\/realidadturistica.com\/realtur\/wp-content\/uploads\/2025\/02\/Captura-de-pantalla-2025-02-13-a-las-9.31.57\u202fp.m.jpg","datePublished":"2025-02-14T03:38:08+00:00","dateModified":"2025-02-14T03:38:11+00:00","breadcrumb":{"@id":"https:\/\/realidadturistica.com\/realtur\/presentacion-oficial-de-12a-edicion-de-cultourfair-sevilla-28-30-septiembre\/#breadcrumb"},"inLanguage":"es","potentialAction":[{"@type":"ReadAction","target":["https:\/\/realidadturistica.com\/realtur\/presentacion-oficial-de-12a-edicion-de-cultourfair-sevilla-28-30-septiembre\/"]}]},{"@type":"ImageObject","inLanguage":"es","@id":"https:\/\/realidadturistica.com\/realtur\/presentacion-oficial-de-12a-edicion-de-cultourfair-sevilla-28-30-septiembre\/#primaryimage","url":"https:\/\/realidadturistica.com\/realtur\/wp-content\/uploads\/2025\/02\/Captura-de-pantalla-2025-02-13-a-las-9.31.57\u202fp.m.jpg","contentUrl":"https:\/\/realidadturistica.com\/realtur\/wp-content\/uploads\/2025\/02\/Captura-de-pantalla-2025-02-13-a-las-9.31.57\u202fp.m.jpg","width":1372,"height":798},{"@type":"BreadcrumbList","@id":"https:\/\/realidadturistica.com\/realtur\/presentacion-oficial-de-12a-edicion-de-cultourfair-sevilla-28-30-septiembre\/#breadcrumb","itemListElement":[{"@type":"ListItem","position":1,"name":"Portada","item":"https:\/\/realidadturistica.com\/realtur\/"},{"@type":"ListItem","position":2,"name":"Presentaci\u00f3n Oficial de 12\u00aa edici\u00f3n de CULTOURFAIR Sevilla, 28-30 septiembre"}]},{"@type":"WebSite","@id":"https:\/\/realidadturistica.com\/realtur\/#website","url":"https:\/\/realidadturistica.com\/realtur\/","name":"Realidad Tur\u00edstica","description":"","publisher":{"@id":"https:\/\/realidadturistica.com\/realtur\/#organization"},"potentialAction":[{"@type":"SearchAction","target":{"@type":"EntryPoint","urlTemplate":"https:\/\/realidadturistica.com\/realtur\/?s={search_term_string}"},"query-input":{"@type":"PropertyValueSpecification","valueRequired":true,"valueName":"search_term_string"}}],"inLanguage":"es"},{"@type":"Organization","@id":"https:\/\/realidadturistica.com\/realtur\/#organization","name":"Realidad Tur\u00edstica","url":"https:\/\/realidadturistica.com\/realtur\/","logo":{"@type":"ImageObject","inLanguage":"es","@id":"https:\/\/realidadturistica.com\/realtur\/#\/schema\/logo\/image\/","url":"https:\/\/realidadturistica.com\/realtur\/wp-content\/uploads\/2021\/12\/logotipo-realidad-turistica.png","contentUrl":"https:\/\/realidadturistica.com\/realtur\/wp-content\/uploads\/2021\/12\/logotipo-realidad-turistica.png","width":1382,"height":629,"caption":"Realidad Tur\u00edstica"},"image":{"@id":"https:\/\/realidadturistica.com\/realtur\/#\/schema\/logo\/image\/"},"sameAs":["https:\/\/www.facebook.com\/realidadturistica","https:\/\/www.instagram.com\/realidad_turistica\/"]},{"@type":"Person","@id":"https:\/\/realidadturistica.com\/realtur\/#\/schema\/person\/ade671191202490fcf08ab21590de73e","name":"Editor","image":{"@type":"ImageObject","inLanguage":"es","@id":"https:\/\/realidadturistica.com\/realtur\/wp-content\/uploads\/2023\/09\/Editor_avatar_1693668634-96x96.png","url":"https:\/\/realidadturistica.com\/realtur\/wp-content\/uploads\/2023\/09\/Editor_avatar_1693668634-96x96.png","contentUrl":"https:\/\/realidadturistica.com\/realtur\/wp-content\/uploads\/2023\/09\/Editor_avatar_1693668634-96x96.png","caption":"Editor"},"sameAs":["https:\/\/realidadturistica.com\/realtur"],"url":"https:\/\/realidadturistica.com\/realtur\/author\/editor2\/"}]}},"_links":{"self":[{"href":"https:\/\/realidadturistica.com\/realtur\/wp-json\/wp\/v2\/posts\/9147","targetHints":{"allow":["GET"]}}],"collection":[{"href":"https:\/\/realidadturistica.com\/realtur\/wp-json\/wp\/v2\/posts"}],"about":[{"href":"https:\/\/realidadturistica.com\/realtur\/wp-json\/wp\/v2\/types\/post"}],"author":[{"embeddable":true,"href":"https:\/\/realidadturistica.com\/realtur\/wp-json\/wp\/v2\/users\/2"}],"replies":[{"embeddable":true,"href":"https:\/\/realidadturistica.com\/realtur\/wp-json\/wp\/v2\/comments?post=9147"}],"version-history":[{"count":1,"href":"https:\/\/realidadturistica.com\/realtur\/wp-json\/wp\/v2\/posts\/9147\/revisions"}],"predecessor-version":[{"id":9149,"href":"https:\/\/realidadturistica.com\/realtur\/wp-json\/wp\/v2\/posts\/9147\/revisions\/9149"}],"wp:featuredmedia":[{"embeddable":true,"href":"https:\/\/realidadturistica.com\/realtur\/wp-json\/wp\/v2\/media\/9148"}],"wp:attachment":[{"href":"https:\/\/realidadturistica.com\/realtur\/wp-json\/wp\/v2\/media?parent=9147"}],"wp:term":[{"taxonomy":"category","embeddable":true,"href":"https:\/\/realidadturistica.com\/realtur\/wp-json\/wp\/v2\/categories?post=9147"},{"taxonomy":"post_tag","embeddable":true,"href":"https:\/\/realidadturistica.com\/realtur\/wp-json\/wp\/v2\/tags?post=9147"}],"curies":[{"name":"wp","href":"https:\/\/api.w.org\/{rel}","templated":true}]}}