{"id":9158,"date":"2025-02-22T13:45:22","date_gmt":"2025-02-22T13:45:22","guid":{"rendered":"https:\/\/realidadturistica.com\/realtur\/?p=9158"},"modified":"2025-02-22T13:45:28","modified_gmt":"2025-02-22T13:45:28","slug":"palladium-supera-a-grupo-pinero-tendra-el-resort-mas-grande-de-jamaica","status":"publish","type":"post","link":"https:\/\/realidadturistica.com\/realtur\/palladium-supera-a-grupo-pinero-tendra-el-resort-mas-grande-de-jamaica\/","title":{"rendered":"Palladium supera a Grupo Pi\u00f1ero: tendr\u00e1 el resort m\u00e1s grande de Jamaica"},"content":{"rendered":"\n<p class=\"wp-block-yoast-seo-estimated-reading-time yoast-reading-time__wrapper\"><span class=\"yoast-reading-time__icon\"><svg aria-hidden=\"true\" focusable=\"false\" data-icon=\"clock\" width=\"20\" height=\"20\" fill=\"none\" stroke=\"currentColor\" style=\"display:inline-block;vertical-align:-0.1em\" role=\"img\" xmlns=\"http:\/\/www.w3.org\/2000\/svg\" viewBox=\"0 0 24 24\"><path stroke-linecap=\"round\" stroke-linejoin=\"round\" stroke-width=\"2\" d=\"M12 8v4l3 3m6-3a9 9 0 11-18 0 9 9 0 0118 0z\"><\/path><\/svg><\/span><span class=\"yoast-reading-time__spacer\" style=\"display:inline-block;width:1em\"><\/span><span class=\"yoast-reading-time__descriptive-text\">Estimated reading time: <\/span><span class=\"yoast-reading-time__reading-time\">2<\/span><span class=\"yoast-reading-time__time-unit\"> minutos<\/span><\/p>\n\n\n\n<p>Caribe. Palladium Hotel Group ha iniciado el proyecto de expansi\u00f3n de su resort en Hannover (Jamaica), que supondr\u00e1 sumar 948 habitaciones adicionales a las 1.054 con las que ya contaba en el complejo. La ampliaci\u00f3n llevar\u00e1 al Grand Palladium Jamaica Resort &amp; Spa a convertirse en la propiedad hotelera m\u00e1s grande del pa\u00eds caribe\u00f1o, superando al Bahia Principe Grand en Discovery Bay, en St. Ann, del tambi\u00e9n espa\u00f1ol Grupo Pi\u00f1ero.<\/p>\n\n\n\n<p>Tal y como adelant\u00f3 Carlos Ortega, director de Desarrollo Operativo del grupo, en entrevista con Tourinews, la empresa contaba con un suelo contiguo a su actual hotel en el que levantar\u00e1n uno nuevo bajo la marca de lujo solo para adultos TRS Hotels.<\/p>\n\n\n\n<p>Carlos Ortega, director de Desarrollo Operativo de Palladium | Foto: Tourinews<\/p>\n\n\n\n<p>El 18 de febrero se celebr\u00f3 la ceremonia de inicio de obras en la que estuvieron presentes el primer ministro de Jamaica, Andrew Holness; asi como representantes gubernamentales, diplom\u00e1ticos y l\u00edderes del sector tur\u00edstico.<\/p>\n\n\n\n<p>\u00abJamaica es un destino clave en nuestro porfolio global. Confiamos en su potencial tur\u00edstico y reafirmamos nuestro compromiso con su desarrollo econ\u00f3mico y social a largo plazo\u00bb, destac\u00f3 durante el acto el presidente del grupo Palladium, Abel Matutes Prats.<\/p>\n\n\n\n<p>\u00abJamaica contin\u00faa atrayendo el inter\u00e9s y la confianza de los inversores y hoy vemos otra demostraci\u00f3n de ello\u00bb, subray\u00f3 Holness.<\/p>\n\n\n\n<p>Tourinews<\/p>\n","protected":false},"excerpt":{"rendered":"<p>Caribe. Palladium Hotel Group ha iniciado el proyecto de expansi\u00f3n de su resort en Hannover (Jamaica), que supondr\u00e1 sumar 948 habitaciones adicionales a las 1.054&hellip;<\/p>\n","protected":false},"author":2,"featured_media":9159,"comment_status":"open","ping_status":"closed","sticky":false,"template":"","format":"standard","meta":{"content-type":"","_lmt_disableupdate":"","_lmt_disable":"","footnotes":""},"categories":[6],"tags":[],"class_list":["post-9158","post","type-post","status-publish","format-standard","has-post-thumbnail","hentry","category-turismo"],"yoast_head":"<!-- This site is optimized with the Yoast SEO Premium plugin v27.4 (Yoast SEO v27.5) - https:\/\/yoast.com\/product\/yoast-seo-premium-wordpress\/ -->\n<title>Palladium supera a Grupo Pi\u00f1ero: tendr\u00e1 el resort m\u00e1s grande de Jamaica - Realidad Tur\u00edstica<\/title>\n<meta name=\"robots\" content=\"index, follow, max-snippet:-1, max-image-preview:large, max-video-preview:-1\" \/>\n<link rel=\"canonical\" href=\"https:\/\/realidadturistica.com\/realtur\/palladium-supera-a-grupo-pinero-tendra-el-resort-mas-grande-de-jamaica\/\" \/>\n<meta property=\"og:locale\" content=\"es_ES\" \/>\n<meta property=\"og:type\" content=\"article\" \/>\n<meta property=\"og:title\" content=\"Palladium supera a Grupo Pi\u00f1ero: tendr\u00e1 el resort m\u00e1s grande de Jamaica\" \/>\n<meta property=\"og:description\" content=\"Caribe. Palladium Hotel Group ha iniciado el proyecto de expansi\u00f3n de su resort en Hannover (Jamaica), que supondr\u00e1 sumar 948 habitaciones adicionales a las 1.054&hellip;\" \/>\n<meta property=\"og:url\" content=\"https:\/\/realidadturistica.com\/realtur\/palladium-supera-a-grupo-pinero-tendra-el-resort-mas-grande-de-jamaica\/\" \/>\n<meta property=\"og:site_name\" content=\"Realidad Tur\u00edstica\" \/>\n<meta property=\"article:publisher\" content=\"https:\/\/www.facebook.com\/realidadturistica\" \/>\n<meta property=\"article:published_time\" content=\"2025-02-22T13:45:22+00:00\" \/>\n<meta property=\"article:modified_time\" content=\"2025-02-22T13:45:28+00:00\" \/>\n<meta property=\"og:image\" content=\"https:\/\/realidadturistica.com\/realtur\/wp-content\/uploads\/2025\/02\/Palladium-supera.jpg\" \/>\n\t<meta property=\"og:image:width\" content=\"732\" \/>\n\t<meta property=\"og:image:height\" content=\"400\" \/>\n\t<meta property=\"og:image:type\" content=\"image\/jpeg\" \/>\n<meta name=\"author\" content=\"Editor\" \/>\n<meta name=\"twitter:card\" content=\"summary_large_image\" \/>\n<meta name=\"twitter:label1\" content=\"Escrito por\" \/>\n\t<meta name=\"twitter:data1\" content=\"Editor\" \/>\n\t<meta name=\"twitter:label2\" content=\"Tiempo de lectura\" \/>\n\t<meta name=\"twitter:data2\" content=\"2 minutos\" \/>\n<script type=\"application\/ld+json\" class=\"yoast-schema-graph\">{\"@context\":\"https:\\\/\\\/schema.org\",\"@graph\":[{\"@type\":\"Article\",\"@id\":\"https:\\\/\\\/realidadturistica.com\\\/realtur\\\/palladium-supera-a-grupo-pinero-tendra-el-resort-mas-grande-de-jamaica\\\/#article\",\"isPartOf\":{\"@id\":\"https:\\\/\\\/realidadturistica.com\\\/realtur\\\/palladium-supera-a-grupo-pinero-tendra-el-resort-mas-grande-de-jamaica\\\/\"},\"author\":{\"name\":\"Editor\",\"@id\":\"https:\\\/\\\/realidadturistica.com\\\/realtur\\\/#\\\/schema\\\/person\\\/ade671191202490fcf08ab21590de73e\"},\"headline\":\"Palladium supera a Grupo Pi\u00f1ero: tendr\u00e1 el resort m\u00e1s grande de Jamaica\",\"datePublished\":\"2025-02-22T13:45:22+00:00\",\"dateModified\":\"2025-02-22T13:45:28+00:00\",\"mainEntityOfPage\":{\"@id\":\"https:\\\/\\\/realidadturistica.com\\\/realtur\\\/palladium-supera-a-grupo-pinero-tendra-el-resort-mas-grande-de-jamaica\\\/\"},\"wordCount\":249,\"commentCount\":0,\"publisher\":{\"@id\":\"https:\\\/\\\/realidadturistica.com\\\/realtur\\\/#organization\"},\"image\":{\"@id\":\"https:\\\/\\\/realidadturistica.com\\\/realtur\\\/palladium-supera-a-grupo-pinero-tendra-el-resort-mas-grande-de-jamaica\\\/#primaryimage\"},\"thumbnailUrl\":\"https:\\\/\\\/realidadturistica.com\\\/realtur\\\/wp-content\\\/uploads\\\/2025\\\/02\\\/Palladium-supera.jpg\",\"articleSection\":[\"Turismo\"],\"inLanguage\":\"es\",\"potentialAction\":[{\"@type\":\"CommentAction\",\"name\":\"Comment\",\"target\":[\"https:\\\/\\\/realidadturistica.com\\\/realtur\\\/palladium-supera-a-grupo-pinero-tendra-el-resort-mas-grande-de-jamaica\\\/#respond\"]}]},{\"@type\":\"WebPage\",\"@id\":\"https:\\\/\\\/realidadturistica.com\\\/realtur\\\/palladium-supera-a-grupo-pinero-tendra-el-resort-mas-grande-de-jamaica\\\/\",\"url\":\"https:\\\/\\\/realidadturistica.com\\\/realtur\\\/palladium-supera-a-grupo-pinero-tendra-el-resort-mas-grande-de-jamaica\\\/\",\"name\":\"Palladium supera a Grupo Pi\u00f1ero: tendr\u00e1 el resort m\u00e1s grande de Jamaica - Realidad Tur\u00edstica\",\"isPartOf\":{\"@id\":\"https:\\\/\\\/realidadturistica.com\\\/realtur\\\/#website\"},\"primaryImageOfPage\":{\"@id\":\"https:\\\/\\\/realidadturistica.com\\\/realtur\\\/palladium-supera-a-grupo-pinero-tendra-el-resort-mas-grande-de-jamaica\\\/#primaryimage\"},\"image\":{\"@id\":\"https:\\\/\\\/realidadturistica.com\\\/realtur\\\/palladium-supera-a-grupo-pinero-tendra-el-resort-mas-grande-de-jamaica\\\/#primaryimage\"},\"thumbnailUrl\":\"https:\\\/\\\/realidadturistica.com\\\/realtur\\\/wp-content\\\/uploads\\\/2025\\\/02\\\/Palladium-supera.jpg\",\"datePublished\":\"2025-02-22T13:45:22+00:00\",\"dateModified\":\"2025-02-22T13:45:28+00:00\",\"breadcrumb\":{\"@id\":\"https:\\\/\\\/realidadturistica.com\\\/realtur\\\/palladium-supera-a-grupo-pinero-tendra-el-resort-mas-grande-de-jamaica\\\/#breadcrumb\"},\"inLanguage\":\"es\",\"potentialAction\":[{\"@type\":\"ReadAction\",\"target\":[\"https:\\\/\\\/realidadturistica.com\\\/realtur\\\/palladium-supera-a-grupo-pinero-tendra-el-resort-mas-grande-de-jamaica\\\/\"]}]},{\"@type\":\"ImageObject\",\"inLanguage\":\"es\",\"@id\":\"https:\\\/\\\/realidadturistica.com\\\/realtur\\\/palladium-supera-a-grupo-pinero-tendra-el-resort-mas-grande-de-jamaica\\\/#primaryimage\",\"url\":\"https:\\\/\\\/realidadturistica.com\\\/realtur\\\/wp-content\\\/uploads\\\/2025\\\/02\\\/Palladium-supera.jpg\",\"contentUrl\":\"https:\\\/\\\/realidadturistica.com\\\/realtur\\\/wp-content\\\/uploads\\\/2025\\\/02\\\/Palladium-supera.jpg\",\"width\":732,\"height\":400},{\"@type\":\"BreadcrumbList\",\"@id\":\"https:\\\/\\\/realidadturistica.com\\\/realtur\\\/palladium-supera-a-grupo-pinero-tendra-el-resort-mas-grande-de-jamaica\\\/#breadcrumb\",\"itemListElement\":[{\"@type\":\"ListItem\",\"position\":1,\"name\":\"Portada\",\"item\":\"https:\\\/\\\/realidadturistica.com\\\/realtur\\\/\"},{\"@type\":\"ListItem\",\"position\":2,\"name\":\"Palladium supera a Grupo Pi\u00f1ero: tendr\u00e1 el resort m\u00e1s grande de Jamaica\"}]},{\"@type\":\"WebSite\",\"@id\":\"https:\\\/\\\/realidadturistica.com\\\/realtur\\\/#website\",\"url\":\"https:\\\/\\\/realidadturistica.com\\\/realtur\\\/\",\"name\":\"Realidad Tur\u00edstica\",\"description\":\"\",\"publisher\":{\"@id\":\"https:\\\/\\\/realidadturistica.com\\\/realtur\\\/#organization\"},\"potentialAction\":[{\"@type\":\"SearchAction\",\"target\":{\"@type\":\"EntryPoint\",\"urlTemplate\":\"https:\\\/\\\/realidadturistica.com\\\/realtur\\\/?s={search_term_string}\"},\"query-input\":{\"@type\":\"PropertyValueSpecification\",\"valueRequired\":true,\"valueName\":\"search_term_string\"}}],\"inLanguage\":\"es\"},{\"@type\":\"Organization\",\"@id\":\"https:\\\/\\\/realidadturistica.com\\\/realtur\\\/#organization\",\"name\":\"Realidad Tur\u00edstica\",\"url\":\"https:\\\/\\\/realidadturistica.com\\\/realtur\\\/\",\"logo\":{\"@type\":\"ImageObject\",\"inLanguage\":\"es\",\"@id\":\"https:\\\/\\\/realidadturistica.com\\\/realtur\\\/#\\\/schema\\\/logo\\\/image\\\/\",\"url\":\"https:\\\/\\\/realidadturistica.com\\\/realtur\\\/wp-content\\\/uploads\\\/2021\\\/12\\\/logotipo-realidad-turistica.png\",\"contentUrl\":\"https:\\\/\\\/realidadturistica.com\\\/realtur\\\/wp-content\\\/uploads\\\/2021\\\/12\\\/logotipo-realidad-turistica.png\",\"width\":1382,\"height\":629,\"caption\":\"Realidad Tur\u00edstica\"},\"image\":{\"@id\":\"https:\\\/\\\/realidadturistica.com\\\/realtur\\\/#\\\/schema\\\/logo\\\/image\\\/\"},\"sameAs\":[\"https:\\\/\\\/www.facebook.com\\\/realidadturistica\",\"https:\\\/\\\/www.instagram.com\\\/realidad_turistica\\\/\"]},{\"@type\":\"Person\",\"@id\":\"https:\\\/\\\/realidadturistica.com\\\/realtur\\\/#\\\/schema\\\/person\\\/ade671191202490fcf08ab21590de73e\",\"name\":\"Editor\",\"image\":{\"@type\":\"ImageObject\",\"inLanguage\":\"es\",\"@id\":\"https:\\\/\\\/realidadturistica.com\\\/realtur\\\/wp-content\\\/uploads\\\/2023\\\/09\\\/Editor_avatar_1693668634-96x96.png\",\"url\":\"https:\\\/\\\/realidadturistica.com\\\/realtur\\\/wp-content\\\/uploads\\\/2023\\\/09\\\/Editor_avatar_1693668634-96x96.png\",\"contentUrl\":\"https:\\\/\\\/realidadturistica.com\\\/realtur\\\/wp-content\\\/uploads\\\/2023\\\/09\\\/Editor_avatar_1693668634-96x96.png\",\"caption\":\"Editor\"},\"sameAs\":[\"https:\\\/\\\/realidadturistica.com\\\/realtur\"],\"url\":\"https:\\\/\\\/realidadturistica.com\\\/realtur\\\/author\\\/editor2\\\/\"}]}<\/script>\n<!-- \/ Yoast SEO Premium plugin. -->","yoast_head_json":{"title":"Palladium supera a Grupo Pi\u00f1ero: tendr\u00e1 el resort m\u00e1s grande de Jamaica - Realidad Tur\u00edstica","robots":{"index":"index","follow":"follow","max-snippet":"max-snippet:-1","max-image-preview":"max-image-preview:large","max-video-preview":"max-video-preview:-1"},"canonical":"https:\/\/realidadturistica.com\/realtur\/palladium-supera-a-grupo-pinero-tendra-el-resort-mas-grande-de-jamaica\/","og_locale":"es_ES","og_type":"article","og_title":"Palladium supera a Grupo Pi\u00f1ero: tendr\u00e1 el resort m\u00e1s grande de Jamaica","og_description":"Caribe. Palladium Hotel Group ha iniciado el proyecto de expansi\u00f3n de su resort en Hannover (Jamaica), que supondr\u00e1 sumar 948 habitaciones adicionales a las 1.054&hellip;","og_url":"https:\/\/realidadturistica.com\/realtur\/palladium-supera-a-grupo-pinero-tendra-el-resort-mas-grande-de-jamaica\/","og_site_name":"Realidad Tur\u00edstica","article_publisher":"https:\/\/www.facebook.com\/realidadturistica","article_published_time":"2025-02-22T13:45:22+00:00","article_modified_time":"2025-02-22T13:45:28+00:00","og_image":[{"width":732,"height":400,"url":"https:\/\/realidadturistica.com\/realtur\/wp-content\/uploads\/2025\/02\/Palladium-supera.jpg","type":"image\/jpeg"}],"author":"Editor","twitter_card":"summary_large_image","twitter_misc":{"Escrito por":"Editor","Tiempo de lectura":"2 minutos"},"schema":{"@context":"https:\/\/schema.org","@graph":[{"@type":"Article","@id":"https:\/\/realidadturistica.com\/realtur\/palladium-supera-a-grupo-pinero-tendra-el-resort-mas-grande-de-jamaica\/#article","isPartOf":{"@id":"https:\/\/realidadturistica.com\/realtur\/palladium-supera-a-grupo-pinero-tendra-el-resort-mas-grande-de-jamaica\/"},"author":{"name":"Editor","@id":"https:\/\/realidadturistica.com\/realtur\/#\/schema\/person\/ade671191202490fcf08ab21590de73e"},"headline":"Palladium supera a Grupo Pi\u00f1ero: tendr\u00e1 el resort m\u00e1s grande de Jamaica","datePublished":"2025-02-22T13:45:22+00:00","dateModified":"2025-02-22T13:45:28+00:00","mainEntityOfPage":{"@id":"https:\/\/realidadturistica.com\/realtur\/palladium-supera-a-grupo-pinero-tendra-el-resort-mas-grande-de-jamaica\/"},"wordCount":249,"commentCount":0,"publisher":{"@id":"https:\/\/realidadturistica.com\/realtur\/#organization"},"image":{"@id":"https:\/\/realidadturistica.com\/realtur\/palladium-supera-a-grupo-pinero-tendra-el-resort-mas-grande-de-jamaica\/#primaryimage"},"thumbnailUrl":"https:\/\/realidadturistica.com\/realtur\/wp-content\/uploads\/2025\/02\/Palladium-supera.jpg","articleSection":["Turismo"],"inLanguage":"es","potentialAction":[{"@type":"CommentAction","name":"Comment","target":["https:\/\/realidadturistica.com\/realtur\/palladium-supera-a-grupo-pinero-tendra-el-resort-mas-grande-de-jamaica\/#respond"]}]},{"@type":"WebPage","@id":"https:\/\/realidadturistica.com\/realtur\/palladium-supera-a-grupo-pinero-tendra-el-resort-mas-grande-de-jamaica\/","url":"https:\/\/realidadturistica.com\/realtur\/palladium-supera-a-grupo-pinero-tendra-el-resort-mas-grande-de-jamaica\/","name":"Palladium supera a Grupo Pi\u00f1ero: tendr\u00e1 el resort m\u00e1s grande de Jamaica - Realidad Tur\u00edstica","isPartOf":{"@id":"https:\/\/realidadturistica.com\/realtur\/#website"},"primaryImageOfPage":{"@id":"https:\/\/realidadturistica.com\/realtur\/palladium-supera-a-grupo-pinero-tendra-el-resort-mas-grande-de-jamaica\/#primaryimage"},"image":{"@id":"https:\/\/realidadturistica.com\/realtur\/palladium-supera-a-grupo-pinero-tendra-el-resort-mas-grande-de-jamaica\/#primaryimage"},"thumbnailUrl":"https:\/\/realidadturistica.com\/realtur\/wp-content\/uploads\/2025\/02\/Palladium-supera.jpg","datePublished":"2025-02-22T13:45:22+00:00","dateModified":"2025-02-22T13:45:28+00:00","breadcrumb":{"@id":"https:\/\/realidadturistica.com\/realtur\/palladium-supera-a-grupo-pinero-tendra-el-resort-mas-grande-de-jamaica\/#breadcrumb"},"inLanguage":"es","potentialAction":[{"@type":"ReadAction","target":["https:\/\/realidadturistica.com\/realtur\/palladium-supera-a-grupo-pinero-tendra-el-resort-mas-grande-de-jamaica\/"]}]},{"@type":"ImageObject","inLanguage":"es","@id":"https:\/\/realidadturistica.com\/realtur\/palladium-supera-a-grupo-pinero-tendra-el-resort-mas-grande-de-jamaica\/#primaryimage","url":"https:\/\/realidadturistica.com\/realtur\/wp-content\/uploads\/2025\/02\/Palladium-supera.jpg","contentUrl":"https:\/\/realidadturistica.com\/realtur\/wp-content\/uploads\/2025\/02\/Palladium-supera.jpg","width":732,"height":400},{"@type":"BreadcrumbList","@id":"https:\/\/realidadturistica.com\/realtur\/palladium-supera-a-grupo-pinero-tendra-el-resort-mas-grande-de-jamaica\/#breadcrumb","itemListElement":[{"@type":"ListItem","position":1,"name":"Portada","item":"https:\/\/realidadturistica.com\/realtur\/"},{"@type":"ListItem","position":2,"name":"Palladium supera a Grupo Pi\u00f1ero: tendr\u00e1 el resort m\u00e1s grande de Jamaica"}]},{"@type":"WebSite","@id":"https:\/\/realidadturistica.com\/realtur\/#website","url":"https:\/\/realidadturistica.com\/realtur\/","name":"Realidad Tur\u00edstica","description":"","publisher":{"@id":"https:\/\/realidadturistica.com\/realtur\/#organization"},"potentialAction":[{"@type":"SearchAction","target":{"@type":"EntryPoint","urlTemplate":"https:\/\/realidadturistica.com\/realtur\/?s={search_term_string}"},"query-input":{"@type":"PropertyValueSpecification","valueRequired":true,"valueName":"search_term_string"}}],"inLanguage":"es"},{"@type":"Organization","@id":"https:\/\/realidadturistica.com\/realtur\/#organization","name":"Realidad Tur\u00edstica","url":"https:\/\/realidadturistica.com\/realtur\/","logo":{"@type":"ImageObject","inLanguage":"es","@id":"https:\/\/realidadturistica.com\/realtur\/#\/schema\/logo\/image\/","url":"https:\/\/realidadturistica.com\/realtur\/wp-content\/uploads\/2021\/12\/logotipo-realidad-turistica.png","contentUrl":"https:\/\/realidadturistica.com\/realtur\/wp-content\/uploads\/2021\/12\/logotipo-realidad-turistica.png","width":1382,"height":629,"caption":"Realidad Tur\u00edstica"},"image":{"@id":"https:\/\/realidadturistica.com\/realtur\/#\/schema\/logo\/image\/"},"sameAs":["https:\/\/www.facebook.com\/realidadturistica","https:\/\/www.instagram.com\/realidad_turistica\/"]},{"@type":"Person","@id":"https:\/\/realidadturistica.com\/realtur\/#\/schema\/person\/ade671191202490fcf08ab21590de73e","name":"Editor","image":{"@type":"ImageObject","inLanguage":"es","@id":"https:\/\/realidadturistica.com\/realtur\/wp-content\/uploads\/2023\/09\/Editor_avatar_1693668634-96x96.png","url":"https:\/\/realidadturistica.com\/realtur\/wp-content\/uploads\/2023\/09\/Editor_avatar_1693668634-96x96.png","contentUrl":"https:\/\/realidadturistica.com\/realtur\/wp-content\/uploads\/2023\/09\/Editor_avatar_1693668634-96x96.png","caption":"Editor"},"sameAs":["https:\/\/realidadturistica.com\/realtur"],"url":"https:\/\/realidadturistica.com\/realtur\/author\/editor2\/"}]}},"_links":{"self":[{"href":"https:\/\/realidadturistica.com\/realtur\/wp-json\/wp\/v2\/posts\/9158","targetHints":{"allow":["GET"]}}],"collection":[{"href":"https:\/\/realidadturistica.com\/realtur\/wp-json\/wp\/v2\/posts"}],"about":[{"href":"https:\/\/realidadturistica.com\/realtur\/wp-json\/wp\/v2\/types\/post"}],"author":[{"embeddable":true,"href":"https:\/\/realidadturistica.com\/realtur\/wp-json\/wp\/v2\/users\/2"}],"replies":[{"embeddable":true,"href":"https:\/\/realidadturistica.com\/realtur\/wp-json\/wp\/v2\/comments?post=9158"}],"version-history":[{"count":1,"href":"https:\/\/realidadturistica.com\/realtur\/wp-json\/wp\/v2\/posts\/9158\/revisions"}],"predecessor-version":[{"id":9160,"href":"https:\/\/realidadturistica.com\/realtur\/wp-json\/wp\/v2\/posts\/9158\/revisions\/9160"}],"wp:featuredmedia":[{"embeddable":true,"href":"https:\/\/realidadturistica.com\/realtur\/wp-json\/wp\/v2\/media\/9159"}],"wp:attachment":[{"href":"https:\/\/realidadturistica.com\/realtur\/wp-json\/wp\/v2\/media?parent=9158"}],"wp:term":[{"taxonomy":"category","embeddable":true,"href":"https:\/\/realidadturistica.com\/realtur\/wp-json\/wp\/v2\/categories?post=9158"},{"taxonomy":"post_tag","embeddable":true,"href":"https:\/\/realidadturistica.com\/realtur\/wp-json\/wp\/v2\/tags?post=9158"}],"curies":[{"name":"wp","href":"https:\/\/api.w.org\/{rel}","templated":true}]}}