{"id":9161,"date":"2025-02-22T13:47:50","date_gmt":"2025-02-22T13:47:50","guid":{"rendered":"https:\/\/realidadturistica.com\/realtur\/?p=9161"},"modified":"2025-02-22T13:47:55","modified_gmt":"2025-02-22T13:47:55","slug":"tenerife-apuesta-por-el-mercado-de-miami-con-conectividad-diaria-a-traves-de-madrid","status":"publish","type":"post","link":"https:\/\/realidadturistica.com\/realtur\/tenerife-apuesta-por-el-mercado-de-miami-con-conectividad-diaria-a-traves-de-madrid\/","title":{"rendered":"Tenerife apuesta por el mercado de Miami, con conectividad diaria a trav\u00e9s de Madrid"},"content":{"rendered":"\n<p class=\"wp-block-yoast-seo-estimated-reading-time yoast-reading-time__wrapper\"><span class=\"yoast-reading-time__icon\"><svg aria-hidden=\"true\" focusable=\"false\" data-icon=\"clock\" width=\"20\" height=\"20\" fill=\"none\" stroke=\"currentColor\" style=\"display:inline-block;vertical-align:-0.1em\" role=\"img\" xmlns=\"http:\/\/www.w3.org\/2000\/svg\" viewBox=\"0 0 24 24\"><path stroke-linecap=\"round\" stroke-linejoin=\"round\" stroke-width=\"2\" d=\"M12 8v4l3 3m6-3a9 9 0 11-18 0 9 9 0 0118 0z\"><\/path><\/svg><\/span><span class=\"yoast-reading-time__spacer\" style=\"display:inline-block;width:1em\"><\/span><span class=\"yoast-reading-time__descriptive-text\">Estimated reading time: <\/span><span class=\"yoast-reading-time__reading-time\">3<\/span><span class=\"yoast-reading-time__time-unit\"> minutos<\/span><\/p>\n\n\n\n<p>Espa\u00f1a. Tenerife fortalece su conectividad con Miami (Estados Unidos) mediante la aerol\u00ednea Air Europa, principal compa\u00f1\u00eda a\u00e9rea que enlaza ambos destinos. Miami es el segundo aeropuerto estadounidense con mayor flujo de pasajeros hacia Tenerife, principalmente a trav\u00e9s de Madrid.<\/p>\n\n\n\n<p>En l\u00ednea con esta apuesta, Turismo de Tenerife y Air Europa han desarrollado varias acciones en la ciudad de Florida para presentar ante los medios de comunicaci\u00f3n la oferta del destino para generar inter\u00e9s, haciendo hincapi\u00e9 en todas las actividades de ocio, naturaleza, gastronom\u00eda y dem\u00e1s atractivos.<\/p>\n\n\n\n<p>\u201cEl mercado norteamericano es prioritario en la estrategia de conectividad del destino, de ah\u00ed que sigamos profundizando en las diferentes opciones de reforzar la conectividad, directa e indirecta, con Estados Unidos, un mercado emisor con un perfil de cliente atractivo y que nos permite continuar con el reposicionamiento de la isla como destino de experiencias, de manera que vayamos reemplazando flujos de mercados tradicionalmente de masas por otros basados en mayor calidad del visitante\u00bb, ha comentado el vicepresidente y consejero de Turismo del Cabildo de Tenerife, Lope Afonso.<\/p>\n\n\n\n<p>La consejera delegada de Turismo de Tenerife, Dimple Melwani, subraya \u201cla importancia de la conectividad con Miami, siendo parte de la estrategia de internacionalizaci\u00f3n\u00bb para captar visitantes con mayor capacidad de gasto en destino. \u201cLa estrategia de conexi\u00f3n significa que Tenerife conecta con destinos de largo radio con una parada en algunos de los hubs internacionales m\u00e1s importantes, como es el caso de Air Europa, que nos une con la ruta Miami-Tenerife a trav\u00e9s de su hub en Madrid\u201d, ha a\u00f1adido, destacando que, con una frecuencia diaria, siete d\u00edas a la semana, y un tiempo de escala que no supera las tres horas en el aeropuerto, \u201capostar por esta conexi\u00f3n es muy importante para ver la evoluci\u00f3n de la campa\u00f1a y poder as\u00ed valorar de cara a futuro nuevas v\u00edas de conexi\u00f3n con esta ciudad de Florida\u201d.<\/p>\n\n\n\n<p>\u00abEstamos muy satisfechos de contribuir a la conectividad de las islas con el resto del mundo a trav\u00e9s de las posibilidades que se abren, desde Madrid-Barajas, con toda nuestra red internacional de destinos. Miami es una de nuestras grandes referencias en Am\u00e9rica, y acercarla a Tenerife contribuir\u00e1, sin duda, al impulso econ\u00f3mico de la regi\u00f3n y a su promoci\u00f3n en un mercado tan importante como es el estadounidense. Para ello, ponemos a disposici\u00f3n de los pasajeros nuestra flota Dreamliner, que convierte los vuelos transoce\u00e1nicos en una experiencia \u00fanica y m\u00e1s c\u00f3moda gracias a la que el usuario llega m\u00e1s descansado y con menor sensaci\u00f3n de jet lag\u201d, ha destacado, por su parte, el director comercial de Air Europa, Imanol P\u00e9rez.<\/p>\n\n\n\n<p>Acciones en la ciudad de Florida<\/p>\n\n\n\n<p>En l\u00ednea con la presentaci\u00f3n de su oferta tur\u00edstica y cultural ante los medios de comunicaci\u00f3n de Miami, la isla ha llevado a cabo durante dos d\u00edas una acci\u00f3n promocional en el Brickell City Centre, en la que los visitantes y residentes han tenido la oportunidad de conocer las bondades de Tenerife, adem\u00e1s de su oferta experiencial \u00fanica, a trav\u00e9s de una campa\u00f1a con impactos audiovisuales y un sorteo de dos plazas a\u00e9reas en el vuelo de Air Europa para descubrir en primera persona los atractivos de la isla.<\/p>\n\n\n\n<p>Tourinews<\/p>\n","protected":false},"excerpt":{"rendered":"<p>Espa\u00f1a. Tenerife fortalece su conectividad con Miami (Estados Unidos) mediante la aerol\u00ednea Air Europa, principal compa\u00f1\u00eda a\u00e9rea que enlaza ambos destinos. Miami es el segundo&hellip;<\/p>\n","protected":false},"author":2,"featured_media":9162,"comment_status":"open","ping_status":"closed","sticky":false,"template":"","format":"standard","meta":{"content-type":"","_lmt_disableupdate":"","_lmt_disable":"","footnotes":""},"categories":[4],"tags":[],"class_list":["post-9161","post","type-post","status-publish","format-standard","has-post-thumbnail","hentry","category-destinos"],"yoast_head":"<!-- This site is optimized with the Yoast SEO Premium plugin v27.4 (Yoast SEO v27.4) - https:\/\/yoast.com\/product\/yoast-seo-premium-wordpress\/ -->\n<title>Tenerife apuesta por el mercado de Miami, con conectividad diaria a trav\u00e9s de Madrid - Realidad Tur\u00edstica<\/title>\n<meta name=\"robots\" content=\"index, follow, max-snippet:-1, max-image-preview:large, max-video-preview:-1\" \/>\n<link rel=\"canonical\" href=\"https:\/\/realidadturistica.com\/realtur\/tenerife-apuesta-por-el-mercado-de-miami-con-conectividad-diaria-a-traves-de-madrid\/\" \/>\n<meta property=\"og:locale\" content=\"es_ES\" \/>\n<meta property=\"og:type\" content=\"article\" \/>\n<meta property=\"og:title\" content=\"Tenerife apuesta por el mercado de Miami, con conectividad diaria a trav\u00e9s de Madrid\" \/>\n<meta property=\"og:description\" content=\"Espa\u00f1a. Tenerife fortalece su conectividad con Miami (Estados Unidos) mediante la aerol\u00ednea Air Europa, principal compa\u00f1\u00eda a\u00e9rea que enlaza ambos destinos. Miami es el segundo&hellip;\" \/>\n<meta property=\"og:url\" content=\"https:\/\/realidadturistica.com\/realtur\/tenerife-apuesta-por-el-mercado-de-miami-con-conectividad-diaria-a-traves-de-madrid\/\" \/>\n<meta property=\"og:site_name\" content=\"Realidad Tur\u00edstica\" \/>\n<meta property=\"article:publisher\" content=\"https:\/\/www.facebook.com\/realidadturistica\" \/>\n<meta property=\"article:published_time\" content=\"2025-02-22T13:47:50+00:00\" \/>\n<meta property=\"article:modified_time\" content=\"2025-02-22T13:47:55+00:00\" \/>\n<meta property=\"og:image\" content=\"https:\/\/realidadturistica.com\/realtur\/wp-content\/uploads\/2025\/02\/Tenerife-apuesta.jpg\" \/>\n\t<meta property=\"og:image:width\" content=\"732\" \/>\n\t<meta property=\"og:image:height\" content=\"400\" \/>\n\t<meta property=\"og:image:type\" content=\"image\/jpeg\" \/>\n<meta name=\"author\" content=\"Editor\" \/>\n<meta name=\"twitter:card\" content=\"summary_large_image\" \/>\n<meta name=\"twitter:label1\" content=\"Escrito por\" \/>\n\t<meta name=\"twitter:data1\" content=\"Editor\" \/>\n\t<meta name=\"twitter:label2\" content=\"Tiempo de lectura\" \/>\n\t<meta name=\"twitter:data2\" content=\"3 minutos\" \/>\n<script type=\"application\/ld+json\" class=\"yoast-schema-graph\">{\"@context\":\"https:\\\/\\\/schema.org\",\"@graph\":[{\"@type\":\"Article\",\"@id\":\"https:\\\/\\\/realidadturistica.com\\\/realtur\\\/tenerife-apuesta-por-el-mercado-de-miami-con-conectividad-diaria-a-traves-de-madrid\\\/#article\",\"isPartOf\":{\"@id\":\"https:\\\/\\\/realidadturistica.com\\\/realtur\\\/tenerife-apuesta-por-el-mercado-de-miami-con-conectividad-diaria-a-traves-de-madrid\\\/\"},\"author\":{\"name\":\"Editor\",\"@id\":\"https:\\\/\\\/realidadturistica.com\\\/realtur\\\/#\\\/schema\\\/person\\\/ade671191202490fcf08ab21590de73e\"},\"headline\":\"Tenerife apuesta por el mercado de Miami, con conectividad diaria a trav\u00e9s de Madrid\",\"datePublished\":\"2025-02-22T13:47:50+00:00\",\"dateModified\":\"2025-02-22T13:47:55+00:00\",\"mainEntityOfPage\":{\"@id\":\"https:\\\/\\\/realidadturistica.com\\\/realtur\\\/tenerife-apuesta-por-el-mercado-de-miami-con-conectividad-diaria-a-traves-de-madrid\\\/\"},\"wordCount\":589,\"commentCount\":0,\"publisher\":{\"@id\":\"https:\\\/\\\/realidadturistica.com\\\/realtur\\\/#organization\"},\"image\":{\"@id\":\"https:\\\/\\\/realidadturistica.com\\\/realtur\\\/tenerife-apuesta-por-el-mercado-de-miami-con-conectividad-diaria-a-traves-de-madrid\\\/#primaryimage\"},\"thumbnailUrl\":\"https:\\\/\\\/realidadturistica.com\\\/realtur\\\/wp-content\\\/uploads\\\/2025\\\/02\\\/Tenerife-apuesta.jpg\",\"articleSection\":[\"Destinos M\u00e1gicos\"],\"inLanguage\":\"es\",\"potentialAction\":[{\"@type\":\"CommentAction\",\"name\":\"Comment\",\"target\":[\"https:\\\/\\\/realidadturistica.com\\\/realtur\\\/tenerife-apuesta-por-el-mercado-de-miami-con-conectividad-diaria-a-traves-de-madrid\\\/#respond\"]}]},{\"@type\":\"WebPage\",\"@id\":\"https:\\\/\\\/realidadturistica.com\\\/realtur\\\/tenerife-apuesta-por-el-mercado-de-miami-con-conectividad-diaria-a-traves-de-madrid\\\/\",\"url\":\"https:\\\/\\\/realidadturistica.com\\\/realtur\\\/tenerife-apuesta-por-el-mercado-de-miami-con-conectividad-diaria-a-traves-de-madrid\\\/\",\"name\":\"Tenerife apuesta por el mercado de Miami, con conectividad diaria a trav\u00e9s de Madrid - Realidad Tur\u00edstica\",\"isPartOf\":{\"@id\":\"https:\\\/\\\/realidadturistica.com\\\/realtur\\\/#website\"},\"primaryImageOfPage\":{\"@id\":\"https:\\\/\\\/realidadturistica.com\\\/realtur\\\/tenerife-apuesta-por-el-mercado-de-miami-con-conectividad-diaria-a-traves-de-madrid\\\/#primaryimage\"},\"image\":{\"@id\":\"https:\\\/\\\/realidadturistica.com\\\/realtur\\\/tenerife-apuesta-por-el-mercado-de-miami-con-conectividad-diaria-a-traves-de-madrid\\\/#primaryimage\"},\"thumbnailUrl\":\"https:\\\/\\\/realidadturistica.com\\\/realtur\\\/wp-content\\\/uploads\\\/2025\\\/02\\\/Tenerife-apuesta.jpg\",\"datePublished\":\"2025-02-22T13:47:50+00:00\",\"dateModified\":\"2025-02-22T13:47:55+00:00\",\"breadcrumb\":{\"@id\":\"https:\\\/\\\/realidadturistica.com\\\/realtur\\\/tenerife-apuesta-por-el-mercado-de-miami-con-conectividad-diaria-a-traves-de-madrid\\\/#breadcrumb\"},\"inLanguage\":\"es\",\"potentialAction\":[{\"@type\":\"ReadAction\",\"target\":[\"https:\\\/\\\/realidadturistica.com\\\/realtur\\\/tenerife-apuesta-por-el-mercado-de-miami-con-conectividad-diaria-a-traves-de-madrid\\\/\"]}]},{\"@type\":\"ImageObject\",\"inLanguage\":\"es\",\"@id\":\"https:\\\/\\\/realidadturistica.com\\\/realtur\\\/tenerife-apuesta-por-el-mercado-de-miami-con-conectividad-diaria-a-traves-de-madrid\\\/#primaryimage\",\"url\":\"https:\\\/\\\/realidadturistica.com\\\/realtur\\\/wp-content\\\/uploads\\\/2025\\\/02\\\/Tenerife-apuesta.jpg\",\"contentUrl\":\"https:\\\/\\\/realidadturistica.com\\\/realtur\\\/wp-content\\\/uploads\\\/2025\\\/02\\\/Tenerife-apuesta.jpg\",\"width\":732,\"height\":400},{\"@type\":\"BreadcrumbList\",\"@id\":\"https:\\\/\\\/realidadturistica.com\\\/realtur\\\/tenerife-apuesta-por-el-mercado-de-miami-con-conectividad-diaria-a-traves-de-madrid\\\/#breadcrumb\",\"itemListElement\":[{\"@type\":\"ListItem\",\"position\":1,\"name\":\"Portada\",\"item\":\"https:\\\/\\\/realidadturistica.com\\\/realtur\\\/\"},{\"@type\":\"ListItem\",\"position\":2,\"name\":\"Tenerife apuesta por el mercado de Miami, con conectividad diaria a trav\u00e9s de Madrid\"}]},{\"@type\":\"WebSite\",\"@id\":\"https:\\\/\\\/realidadturistica.com\\\/realtur\\\/#website\",\"url\":\"https:\\\/\\\/realidadturistica.com\\\/realtur\\\/\",\"name\":\"Realidad Tur\u00edstica\",\"description\":\"\",\"publisher\":{\"@id\":\"https:\\\/\\\/realidadturistica.com\\\/realtur\\\/#organization\"},\"potentialAction\":[{\"@type\":\"SearchAction\",\"target\":{\"@type\":\"EntryPoint\",\"urlTemplate\":\"https:\\\/\\\/realidadturistica.com\\\/realtur\\\/?s={search_term_string}\"},\"query-input\":{\"@type\":\"PropertyValueSpecification\",\"valueRequired\":true,\"valueName\":\"search_term_string\"}}],\"inLanguage\":\"es\"},{\"@type\":\"Organization\",\"@id\":\"https:\\\/\\\/realidadturistica.com\\\/realtur\\\/#organization\",\"name\":\"Realidad Tur\u00edstica\",\"url\":\"https:\\\/\\\/realidadturistica.com\\\/realtur\\\/\",\"logo\":{\"@type\":\"ImageObject\",\"inLanguage\":\"es\",\"@id\":\"https:\\\/\\\/realidadturistica.com\\\/realtur\\\/#\\\/schema\\\/logo\\\/image\\\/\",\"url\":\"https:\\\/\\\/realidadturistica.com\\\/realtur\\\/wp-content\\\/uploads\\\/2021\\\/12\\\/logotipo-realidad-turistica.png\",\"contentUrl\":\"https:\\\/\\\/realidadturistica.com\\\/realtur\\\/wp-content\\\/uploads\\\/2021\\\/12\\\/logotipo-realidad-turistica.png\",\"width\":1382,\"height\":629,\"caption\":\"Realidad Tur\u00edstica\"},\"image\":{\"@id\":\"https:\\\/\\\/realidadturistica.com\\\/realtur\\\/#\\\/schema\\\/logo\\\/image\\\/\"},\"sameAs\":[\"https:\\\/\\\/www.facebook.com\\\/realidadturistica\",\"https:\\\/\\\/www.instagram.com\\\/realidad_turistica\\\/\"]},{\"@type\":\"Person\",\"@id\":\"https:\\\/\\\/realidadturistica.com\\\/realtur\\\/#\\\/schema\\\/person\\\/ade671191202490fcf08ab21590de73e\",\"name\":\"Editor\",\"image\":{\"@type\":\"ImageObject\",\"inLanguage\":\"es\",\"@id\":\"https:\\\/\\\/realidadturistica.com\\\/realtur\\\/wp-content\\\/uploads\\\/2023\\\/09\\\/Editor_avatar_1693668634-96x96.png\",\"url\":\"https:\\\/\\\/realidadturistica.com\\\/realtur\\\/wp-content\\\/uploads\\\/2023\\\/09\\\/Editor_avatar_1693668634-96x96.png\",\"contentUrl\":\"https:\\\/\\\/realidadturistica.com\\\/realtur\\\/wp-content\\\/uploads\\\/2023\\\/09\\\/Editor_avatar_1693668634-96x96.png\",\"caption\":\"Editor\"},\"sameAs\":[\"https:\\\/\\\/realidadturistica.com\\\/realtur\"],\"url\":\"https:\\\/\\\/realidadturistica.com\\\/realtur\\\/author\\\/editor2\\\/\"}]}<\/script>\n<!-- \/ Yoast SEO Premium plugin. -->","yoast_head_json":{"title":"Tenerife apuesta por el mercado de Miami, con conectividad diaria a trav\u00e9s de Madrid - Realidad Tur\u00edstica","robots":{"index":"index","follow":"follow","max-snippet":"max-snippet:-1","max-image-preview":"max-image-preview:large","max-video-preview":"max-video-preview:-1"},"canonical":"https:\/\/realidadturistica.com\/realtur\/tenerife-apuesta-por-el-mercado-de-miami-con-conectividad-diaria-a-traves-de-madrid\/","og_locale":"es_ES","og_type":"article","og_title":"Tenerife apuesta por el mercado de Miami, con conectividad diaria a trav\u00e9s de Madrid","og_description":"Espa\u00f1a. Tenerife fortalece su conectividad con Miami (Estados Unidos) mediante la aerol\u00ednea Air Europa, principal compa\u00f1\u00eda a\u00e9rea que enlaza ambos destinos. Miami es el segundo&hellip;","og_url":"https:\/\/realidadturistica.com\/realtur\/tenerife-apuesta-por-el-mercado-de-miami-con-conectividad-diaria-a-traves-de-madrid\/","og_site_name":"Realidad Tur\u00edstica","article_publisher":"https:\/\/www.facebook.com\/realidadturistica","article_published_time":"2025-02-22T13:47:50+00:00","article_modified_time":"2025-02-22T13:47:55+00:00","og_image":[{"width":732,"height":400,"url":"https:\/\/realidadturistica.com\/realtur\/wp-content\/uploads\/2025\/02\/Tenerife-apuesta.jpg","type":"image\/jpeg"}],"author":"Editor","twitter_card":"summary_large_image","twitter_misc":{"Escrito por":"Editor","Tiempo de lectura":"3 minutos"},"schema":{"@context":"https:\/\/schema.org","@graph":[{"@type":"Article","@id":"https:\/\/realidadturistica.com\/realtur\/tenerife-apuesta-por-el-mercado-de-miami-con-conectividad-diaria-a-traves-de-madrid\/#article","isPartOf":{"@id":"https:\/\/realidadturistica.com\/realtur\/tenerife-apuesta-por-el-mercado-de-miami-con-conectividad-diaria-a-traves-de-madrid\/"},"author":{"name":"Editor","@id":"https:\/\/realidadturistica.com\/realtur\/#\/schema\/person\/ade671191202490fcf08ab21590de73e"},"headline":"Tenerife apuesta por el mercado de Miami, con conectividad diaria a trav\u00e9s de Madrid","datePublished":"2025-02-22T13:47:50+00:00","dateModified":"2025-02-22T13:47:55+00:00","mainEntityOfPage":{"@id":"https:\/\/realidadturistica.com\/realtur\/tenerife-apuesta-por-el-mercado-de-miami-con-conectividad-diaria-a-traves-de-madrid\/"},"wordCount":589,"commentCount":0,"publisher":{"@id":"https:\/\/realidadturistica.com\/realtur\/#organization"},"image":{"@id":"https:\/\/realidadturistica.com\/realtur\/tenerife-apuesta-por-el-mercado-de-miami-con-conectividad-diaria-a-traves-de-madrid\/#primaryimage"},"thumbnailUrl":"https:\/\/realidadturistica.com\/realtur\/wp-content\/uploads\/2025\/02\/Tenerife-apuesta.jpg","articleSection":["Destinos M\u00e1gicos"],"inLanguage":"es","potentialAction":[{"@type":"CommentAction","name":"Comment","target":["https:\/\/realidadturistica.com\/realtur\/tenerife-apuesta-por-el-mercado-de-miami-con-conectividad-diaria-a-traves-de-madrid\/#respond"]}]},{"@type":"WebPage","@id":"https:\/\/realidadturistica.com\/realtur\/tenerife-apuesta-por-el-mercado-de-miami-con-conectividad-diaria-a-traves-de-madrid\/","url":"https:\/\/realidadturistica.com\/realtur\/tenerife-apuesta-por-el-mercado-de-miami-con-conectividad-diaria-a-traves-de-madrid\/","name":"Tenerife apuesta por el mercado de Miami, con conectividad diaria a trav\u00e9s de Madrid - Realidad Tur\u00edstica","isPartOf":{"@id":"https:\/\/realidadturistica.com\/realtur\/#website"},"primaryImageOfPage":{"@id":"https:\/\/realidadturistica.com\/realtur\/tenerife-apuesta-por-el-mercado-de-miami-con-conectividad-diaria-a-traves-de-madrid\/#primaryimage"},"image":{"@id":"https:\/\/realidadturistica.com\/realtur\/tenerife-apuesta-por-el-mercado-de-miami-con-conectividad-diaria-a-traves-de-madrid\/#primaryimage"},"thumbnailUrl":"https:\/\/realidadturistica.com\/realtur\/wp-content\/uploads\/2025\/02\/Tenerife-apuesta.jpg","datePublished":"2025-02-22T13:47:50+00:00","dateModified":"2025-02-22T13:47:55+00:00","breadcrumb":{"@id":"https:\/\/realidadturistica.com\/realtur\/tenerife-apuesta-por-el-mercado-de-miami-con-conectividad-diaria-a-traves-de-madrid\/#breadcrumb"},"inLanguage":"es","potentialAction":[{"@type":"ReadAction","target":["https:\/\/realidadturistica.com\/realtur\/tenerife-apuesta-por-el-mercado-de-miami-con-conectividad-diaria-a-traves-de-madrid\/"]}]},{"@type":"ImageObject","inLanguage":"es","@id":"https:\/\/realidadturistica.com\/realtur\/tenerife-apuesta-por-el-mercado-de-miami-con-conectividad-diaria-a-traves-de-madrid\/#primaryimage","url":"https:\/\/realidadturistica.com\/realtur\/wp-content\/uploads\/2025\/02\/Tenerife-apuesta.jpg","contentUrl":"https:\/\/realidadturistica.com\/realtur\/wp-content\/uploads\/2025\/02\/Tenerife-apuesta.jpg","width":732,"height":400},{"@type":"BreadcrumbList","@id":"https:\/\/realidadturistica.com\/realtur\/tenerife-apuesta-por-el-mercado-de-miami-con-conectividad-diaria-a-traves-de-madrid\/#breadcrumb","itemListElement":[{"@type":"ListItem","position":1,"name":"Portada","item":"https:\/\/realidadturistica.com\/realtur\/"},{"@type":"ListItem","position":2,"name":"Tenerife apuesta por el mercado de Miami, con conectividad diaria a trav\u00e9s de Madrid"}]},{"@type":"WebSite","@id":"https:\/\/realidadturistica.com\/realtur\/#website","url":"https:\/\/realidadturistica.com\/realtur\/","name":"Realidad Tur\u00edstica","description":"","publisher":{"@id":"https:\/\/realidadturistica.com\/realtur\/#organization"},"potentialAction":[{"@type":"SearchAction","target":{"@type":"EntryPoint","urlTemplate":"https:\/\/realidadturistica.com\/realtur\/?s={search_term_string}"},"query-input":{"@type":"PropertyValueSpecification","valueRequired":true,"valueName":"search_term_string"}}],"inLanguage":"es"},{"@type":"Organization","@id":"https:\/\/realidadturistica.com\/realtur\/#organization","name":"Realidad Tur\u00edstica","url":"https:\/\/realidadturistica.com\/realtur\/","logo":{"@type":"ImageObject","inLanguage":"es","@id":"https:\/\/realidadturistica.com\/realtur\/#\/schema\/logo\/image\/","url":"https:\/\/realidadturistica.com\/realtur\/wp-content\/uploads\/2021\/12\/logotipo-realidad-turistica.png","contentUrl":"https:\/\/realidadturistica.com\/realtur\/wp-content\/uploads\/2021\/12\/logotipo-realidad-turistica.png","width":1382,"height":629,"caption":"Realidad Tur\u00edstica"},"image":{"@id":"https:\/\/realidadturistica.com\/realtur\/#\/schema\/logo\/image\/"},"sameAs":["https:\/\/www.facebook.com\/realidadturistica","https:\/\/www.instagram.com\/realidad_turistica\/"]},{"@type":"Person","@id":"https:\/\/realidadturistica.com\/realtur\/#\/schema\/person\/ade671191202490fcf08ab21590de73e","name":"Editor","image":{"@type":"ImageObject","inLanguage":"es","@id":"https:\/\/realidadturistica.com\/realtur\/wp-content\/uploads\/2023\/09\/Editor_avatar_1693668634-96x96.png","url":"https:\/\/realidadturistica.com\/realtur\/wp-content\/uploads\/2023\/09\/Editor_avatar_1693668634-96x96.png","contentUrl":"https:\/\/realidadturistica.com\/realtur\/wp-content\/uploads\/2023\/09\/Editor_avatar_1693668634-96x96.png","caption":"Editor"},"sameAs":["https:\/\/realidadturistica.com\/realtur"],"url":"https:\/\/realidadturistica.com\/realtur\/author\/editor2\/"}]}},"_links":{"self":[{"href":"https:\/\/realidadturistica.com\/realtur\/wp-json\/wp\/v2\/posts\/9161","targetHints":{"allow":["GET"]}}],"collection":[{"href":"https:\/\/realidadturistica.com\/realtur\/wp-json\/wp\/v2\/posts"}],"about":[{"href":"https:\/\/realidadturistica.com\/realtur\/wp-json\/wp\/v2\/types\/post"}],"author":[{"embeddable":true,"href":"https:\/\/realidadturistica.com\/realtur\/wp-json\/wp\/v2\/users\/2"}],"replies":[{"embeddable":true,"href":"https:\/\/realidadturistica.com\/realtur\/wp-json\/wp\/v2\/comments?post=9161"}],"version-history":[{"count":1,"href":"https:\/\/realidadturistica.com\/realtur\/wp-json\/wp\/v2\/posts\/9161\/revisions"}],"predecessor-version":[{"id":9163,"href":"https:\/\/realidadturistica.com\/realtur\/wp-json\/wp\/v2\/posts\/9161\/revisions\/9163"}],"wp:featuredmedia":[{"embeddable":true,"href":"https:\/\/realidadturistica.com\/realtur\/wp-json\/wp\/v2\/media\/9162"}],"wp:attachment":[{"href":"https:\/\/realidadturistica.com\/realtur\/wp-json\/wp\/v2\/media?parent=9161"}],"wp:term":[{"taxonomy":"category","embeddable":true,"href":"https:\/\/realidadturistica.com\/realtur\/wp-json\/wp\/v2\/categories?post=9161"},{"taxonomy":"post_tag","embeddable":true,"href":"https:\/\/realidadturistica.com\/realtur\/wp-json\/wp\/v2\/tags?post=9161"}],"curies":[{"name":"wp","href":"https:\/\/api.w.org\/{rel}","templated":true}]}}