{"id":9206,"date":"2025-02-26T15:17:36","date_gmt":"2025-02-26T15:17:36","guid":{"rendered":"https:\/\/realidadturistica.com\/realtur\/?p=9206"},"modified":"2025-02-26T15:17:38","modified_gmt":"2025-02-26T15:17:38","slug":"mexico-presentan-iniciativa-para-profesionalizar-a-guias-de-turismo","status":"publish","type":"post","link":"https:\/\/realidadturistica.com\/realtur\/mexico-presentan-iniciativa-para-profesionalizar-a-guias-de-turismo\/","title":{"rendered":"M\u00e9xico: presentan iniciativa para profesionalizar a gu\u00edas de turismo"},"content":{"rendered":"\n<p class=\"wp-block-yoast-seo-estimated-reading-time yoast-reading-time__wrapper\"><span class=\"yoast-reading-time__icon\"><svg aria-hidden=\"true\" focusable=\"false\" data-icon=\"clock\" width=\"20\" height=\"20\" fill=\"none\" stroke=\"currentColor\" style=\"display:inline-block;vertical-align:-0.1em\" role=\"img\" xmlns=\"http:\/\/www.w3.org\/2000\/svg\" viewBox=\"0 0 24 24\"><path stroke-linecap=\"round\" stroke-linejoin=\"round\" stroke-width=\"2\" d=\"M12 8v4l3 3m6-3a9 9 0 11-18 0 9 9 0 0118 0z\"><\/path><\/svg><\/span><span class=\"yoast-reading-time__spacer\" style=\"display:inline-block;width:1em\"><\/span><span class=\"yoast-reading-time__descriptive-text\">Estimated reading time: <\/span><span class=\"yoast-reading-time__reading-time\">2<\/span><span class=\"yoast-reading-time__time-unit\"> minutos<\/span><\/p>\n\n\n\n<p>M\u00e9xico. El presidente de la Comisi\u00f3n de Turismo del Senado, Eugenio Segura, present\u00f3 una iniciativa que plantea reconocer el trabajo esencial de los gu\u00edas de turismo en M\u00e9xico, a trav\u00e9s de la capacitaci\u00f3n y profesionalizaci\u00f3n, as\u00ed como la mejora de sus condiciones laborales.<\/p>\n\n\n\n<p>Como parte de esta propuesta, se plantea que el 21 de febrero sea declarado el D\u00eda Nacional del Gu\u00eda de Turismo, en reconocimiento a su fundamental labor en la promoci\u00f3n, interpretaci\u00f3n y preservaci\u00f3n del patrimonio cultural y natural de M\u00e9xico.<\/p>\n\n\n\n<p>\u201cEs tiempo de reconocer a los trabajadores gu\u00edas de turismo, ya que son mediadores culturales entre los visitantes y el patrimonio nacional, fomentando el respeto por las tradiciones y valores del pa\u00eds. Brindan experiencias, mejorando la comprensi\u00f3n del contexto hist\u00f3rico, cultural y social de los destinos. Son quienes promueven la sustentabilidad y conservaci\u00f3n del turismo mediante la educaci\u00f3n y concienciaci\u00f3n de los turistas\u201d, dijo Segura.<\/p>\n\n\n\n<p>El senador por Quintana Roo detall\u00f3 que, en 2024, la fuerza laboral de gu\u00edas de turismo en M\u00e9xico fue de 18.7 mil personas; el 77.5% son hombres y el 22.5% son mujeres. Estos profesionales trabajan, en promedio, 42.3 horas semanales y tienen una edad promedio de 37 a\u00f1os.<\/p>\n\n\n\n<p>Ante este panorama, Gino Segura, en conferencia de prensa desde el Senado de la Rep\u00fablica, consider\u00f3 urgente que tengan una capacitaci\u00f3n continua no solo en interpretaci\u00f3n cultural y ambiental, sino tambi\u00e9n en el uso de tecnolog\u00edas, para dignificar la profesi\u00f3n y garantizar que M\u00e9xico siga siendo un destino tur\u00edstico competitivo.<\/p>\n\n\n\n<p>\u201cDebemos promocionar un turismo responsable y sostenible, enalteciendo su enorme trabajo en cada rinc\u00f3n de M\u00e9xico, ya que son parte fundamental para impulsar la econom\u00eda de cada estado, traducido en bienestar y prosperidad compartida para las familias\u201d, destac\u00f3 el senador.<\/p>\n\n\n\n<p>Como lo inform\u00f3 <em>REPORTUR.mx<\/em>, la Confederaci\u00f3n Revolucionaria de Obreros y Campesinos (CROC) trabaja en alianza con la Asociaci\u00f3n de Hoteles de Canc\u00fan, Puerto Morelos e Isla Mujeres (AHCPMIM) para fortalecer la certificaci\u00f3n en competencias laborales y la profesionalizaci\u00f3n del personal tur\u00edstico<\/p>\n\n\n\n<p>Reportur.mx<\/p>\n","protected":false},"excerpt":{"rendered":"<p>M\u00e9xico. El presidente de la Comisi\u00f3n de Turismo del Senado, Eugenio Segura, present\u00f3 una iniciativa que plantea reconocer el trabajo esencial de los gu\u00edas de&hellip;<\/p>\n","protected":false},"author":2,"featured_media":9207,"comment_status":"open","ping_status":"closed","sticky":false,"template":"","format":"standard","meta":{"content-type":"","_lmt_disableupdate":"","_lmt_disable":"","footnotes":""},"categories":[6],"tags":[],"class_list":["post-9206","post","type-post","status-publish","format-standard","has-post-thumbnail","hentry","category-turismo"],"yoast_head":"<!-- This site is optimized with the Yoast SEO Premium plugin v27.4 (Yoast SEO v27.5) - https:\/\/yoast.com\/product\/yoast-seo-premium-wordpress\/ -->\n<title>M\u00e9xico: presentan iniciativa para profesionalizar a gu\u00edas de turismo - Realidad Tur\u00edstica<\/title>\n<meta name=\"robots\" content=\"index, follow, max-snippet:-1, max-image-preview:large, max-video-preview:-1\" \/>\n<link rel=\"canonical\" href=\"https:\/\/realidadturistica.com\/realtur\/mexico-presentan-iniciativa-para-profesionalizar-a-guias-de-turismo\/\" \/>\n<meta property=\"og:locale\" content=\"es_ES\" \/>\n<meta property=\"og:type\" content=\"article\" \/>\n<meta property=\"og:title\" content=\"M\u00e9xico: presentan iniciativa para profesionalizar a gu\u00edas de turismo\" \/>\n<meta property=\"og:description\" content=\"M\u00e9xico. El presidente de la Comisi\u00f3n de Turismo del Senado, Eugenio Segura, present\u00f3 una iniciativa que plantea reconocer el trabajo esencial de los gu\u00edas de&hellip;\" \/>\n<meta property=\"og:url\" content=\"https:\/\/realidadturistica.com\/realtur\/mexico-presentan-iniciativa-para-profesionalizar-a-guias-de-turismo\/\" \/>\n<meta property=\"og:site_name\" content=\"Realidad Tur\u00edstica\" \/>\n<meta property=\"article:publisher\" content=\"https:\/\/www.facebook.com\/realidadturistica\" \/>\n<meta property=\"article:published_time\" content=\"2025-02-26T15:17:36+00:00\" \/>\n<meta property=\"article:modified_time\" content=\"2025-02-26T15:17:38+00:00\" \/>\n<meta property=\"og:image\" content=\"https:\/\/realidadturistica.com\/realtur\/wp-content\/uploads\/2025\/02\/Mexico.jpg\" \/>\n\t<meta property=\"og:image:width\" content=\"523\" \/>\n\t<meta property=\"og:image:height\" content=\"330\" \/>\n\t<meta property=\"og:image:type\" content=\"image\/jpeg\" \/>\n<meta name=\"author\" content=\"Editor\" \/>\n<meta name=\"twitter:card\" content=\"summary_large_image\" \/>\n<meta name=\"twitter:label1\" content=\"Escrito por\" \/>\n\t<meta name=\"twitter:data1\" content=\"Editor\" \/>\n\t<meta name=\"twitter:label2\" content=\"Tiempo de lectura\" \/>\n\t<meta name=\"twitter:data2\" content=\"2 minutos\" \/>\n<script type=\"application\/ld+json\" class=\"yoast-schema-graph\">{\"@context\":\"https:\\\/\\\/schema.org\",\"@graph\":[{\"@type\":\"Article\",\"@id\":\"https:\\\/\\\/realidadturistica.com\\\/realtur\\\/mexico-presentan-iniciativa-para-profesionalizar-a-guias-de-turismo\\\/#article\",\"isPartOf\":{\"@id\":\"https:\\\/\\\/realidadturistica.com\\\/realtur\\\/mexico-presentan-iniciativa-para-profesionalizar-a-guias-de-turismo\\\/\"},\"author\":{\"name\":\"Editor\",\"@id\":\"https:\\\/\\\/realidadturistica.com\\\/realtur\\\/#\\\/schema\\\/person\\\/ade671191202490fcf08ab21590de73e\"},\"headline\":\"M\u00e9xico: presentan iniciativa para profesionalizar a gu\u00edas de turismo\",\"datePublished\":\"2025-02-26T15:17:36+00:00\",\"dateModified\":\"2025-02-26T15:17:38+00:00\",\"mainEntityOfPage\":{\"@id\":\"https:\\\/\\\/realidadturistica.com\\\/realtur\\\/mexico-presentan-iniciativa-para-profesionalizar-a-guias-de-turismo\\\/\"},\"wordCount\":378,\"commentCount\":0,\"publisher\":{\"@id\":\"https:\\\/\\\/realidadturistica.com\\\/realtur\\\/#organization\"},\"image\":{\"@id\":\"https:\\\/\\\/realidadturistica.com\\\/realtur\\\/mexico-presentan-iniciativa-para-profesionalizar-a-guias-de-turismo\\\/#primaryimage\"},\"thumbnailUrl\":\"https:\\\/\\\/realidadturistica.com\\\/realtur\\\/wp-content\\\/uploads\\\/2025\\\/02\\\/Mexico.jpg\",\"articleSection\":[\"Turismo\"],\"inLanguage\":\"es\",\"potentialAction\":[{\"@type\":\"CommentAction\",\"name\":\"Comment\",\"target\":[\"https:\\\/\\\/realidadturistica.com\\\/realtur\\\/mexico-presentan-iniciativa-para-profesionalizar-a-guias-de-turismo\\\/#respond\"]}]},{\"@type\":\"WebPage\",\"@id\":\"https:\\\/\\\/realidadturistica.com\\\/realtur\\\/mexico-presentan-iniciativa-para-profesionalizar-a-guias-de-turismo\\\/\",\"url\":\"https:\\\/\\\/realidadturistica.com\\\/realtur\\\/mexico-presentan-iniciativa-para-profesionalizar-a-guias-de-turismo\\\/\",\"name\":\"M\u00e9xico: presentan iniciativa para profesionalizar a gu\u00edas de turismo - Realidad Tur\u00edstica\",\"isPartOf\":{\"@id\":\"https:\\\/\\\/realidadturistica.com\\\/realtur\\\/#website\"},\"primaryImageOfPage\":{\"@id\":\"https:\\\/\\\/realidadturistica.com\\\/realtur\\\/mexico-presentan-iniciativa-para-profesionalizar-a-guias-de-turismo\\\/#primaryimage\"},\"image\":{\"@id\":\"https:\\\/\\\/realidadturistica.com\\\/realtur\\\/mexico-presentan-iniciativa-para-profesionalizar-a-guias-de-turismo\\\/#primaryimage\"},\"thumbnailUrl\":\"https:\\\/\\\/realidadturistica.com\\\/realtur\\\/wp-content\\\/uploads\\\/2025\\\/02\\\/Mexico.jpg\",\"datePublished\":\"2025-02-26T15:17:36+00:00\",\"dateModified\":\"2025-02-26T15:17:38+00:00\",\"breadcrumb\":{\"@id\":\"https:\\\/\\\/realidadturistica.com\\\/realtur\\\/mexico-presentan-iniciativa-para-profesionalizar-a-guias-de-turismo\\\/#breadcrumb\"},\"inLanguage\":\"es\",\"potentialAction\":[{\"@type\":\"ReadAction\",\"target\":[\"https:\\\/\\\/realidadturistica.com\\\/realtur\\\/mexico-presentan-iniciativa-para-profesionalizar-a-guias-de-turismo\\\/\"]}]},{\"@type\":\"ImageObject\",\"inLanguage\":\"es\",\"@id\":\"https:\\\/\\\/realidadturistica.com\\\/realtur\\\/mexico-presentan-iniciativa-para-profesionalizar-a-guias-de-turismo\\\/#primaryimage\",\"url\":\"https:\\\/\\\/realidadturistica.com\\\/realtur\\\/wp-content\\\/uploads\\\/2025\\\/02\\\/Mexico.jpg\",\"contentUrl\":\"https:\\\/\\\/realidadturistica.com\\\/realtur\\\/wp-content\\\/uploads\\\/2025\\\/02\\\/Mexico.jpg\",\"width\":523,\"height\":330},{\"@type\":\"BreadcrumbList\",\"@id\":\"https:\\\/\\\/realidadturistica.com\\\/realtur\\\/mexico-presentan-iniciativa-para-profesionalizar-a-guias-de-turismo\\\/#breadcrumb\",\"itemListElement\":[{\"@type\":\"ListItem\",\"position\":1,\"name\":\"Portada\",\"item\":\"https:\\\/\\\/realidadturistica.com\\\/realtur\\\/\"},{\"@type\":\"ListItem\",\"position\":2,\"name\":\"M\u00e9xico: presentan iniciativa para profesionalizar a gu\u00edas de turismo\"}]},{\"@type\":\"WebSite\",\"@id\":\"https:\\\/\\\/realidadturistica.com\\\/realtur\\\/#website\",\"url\":\"https:\\\/\\\/realidadturistica.com\\\/realtur\\\/\",\"name\":\"Realidad Tur\u00edstica\",\"description\":\"\",\"publisher\":{\"@id\":\"https:\\\/\\\/realidadturistica.com\\\/realtur\\\/#organization\"},\"potentialAction\":[{\"@type\":\"SearchAction\",\"target\":{\"@type\":\"EntryPoint\",\"urlTemplate\":\"https:\\\/\\\/realidadturistica.com\\\/realtur\\\/?s={search_term_string}\"},\"query-input\":{\"@type\":\"PropertyValueSpecification\",\"valueRequired\":true,\"valueName\":\"search_term_string\"}}],\"inLanguage\":\"es\"},{\"@type\":\"Organization\",\"@id\":\"https:\\\/\\\/realidadturistica.com\\\/realtur\\\/#organization\",\"name\":\"Realidad Tur\u00edstica\",\"url\":\"https:\\\/\\\/realidadturistica.com\\\/realtur\\\/\",\"logo\":{\"@type\":\"ImageObject\",\"inLanguage\":\"es\",\"@id\":\"https:\\\/\\\/realidadturistica.com\\\/realtur\\\/#\\\/schema\\\/logo\\\/image\\\/\",\"url\":\"https:\\\/\\\/realidadturistica.com\\\/realtur\\\/wp-content\\\/uploads\\\/2021\\\/12\\\/logotipo-realidad-turistica.png\",\"contentUrl\":\"https:\\\/\\\/realidadturistica.com\\\/realtur\\\/wp-content\\\/uploads\\\/2021\\\/12\\\/logotipo-realidad-turistica.png\",\"width\":1382,\"height\":629,\"caption\":\"Realidad Tur\u00edstica\"},\"image\":{\"@id\":\"https:\\\/\\\/realidadturistica.com\\\/realtur\\\/#\\\/schema\\\/logo\\\/image\\\/\"},\"sameAs\":[\"https:\\\/\\\/www.facebook.com\\\/realidadturistica\",\"https:\\\/\\\/www.instagram.com\\\/realidad_turistica\\\/\"]},{\"@type\":\"Person\",\"@id\":\"https:\\\/\\\/realidadturistica.com\\\/realtur\\\/#\\\/schema\\\/person\\\/ade671191202490fcf08ab21590de73e\",\"name\":\"Editor\",\"image\":{\"@type\":\"ImageObject\",\"inLanguage\":\"es\",\"@id\":\"https:\\\/\\\/realidadturistica.com\\\/realtur\\\/wp-content\\\/uploads\\\/2023\\\/09\\\/Editor_avatar_1693668634-96x96.png\",\"url\":\"https:\\\/\\\/realidadturistica.com\\\/realtur\\\/wp-content\\\/uploads\\\/2023\\\/09\\\/Editor_avatar_1693668634-96x96.png\",\"contentUrl\":\"https:\\\/\\\/realidadturistica.com\\\/realtur\\\/wp-content\\\/uploads\\\/2023\\\/09\\\/Editor_avatar_1693668634-96x96.png\",\"caption\":\"Editor\"},\"sameAs\":[\"https:\\\/\\\/realidadturistica.com\\\/realtur\"],\"url\":\"https:\\\/\\\/realidadturistica.com\\\/realtur\\\/author\\\/editor2\\\/\"}]}<\/script>\n<!-- \/ Yoast SEO Premium plugin. -->","yoast_head_json":{"title":"M\u00e9xico: presentan iniciativa para profesionalizar a gu\u00edas de turismo - Realidad Tur\u00edstica","robots":{"index":"index","follow":"follow","max-snippet":"max-snippet:-1","max-image-preview":"max-image-preview:large","max-video-preview":"max-video-preview:-1"},"canonical":"https:\/\/realidadturistica.com\/realtur\/mexico-presentan-iniciativa-para-profesionalizar-a-guias-de-turismo\/","og_locale":"es_ES","og_type":"article","og_title":"M\u00e9xico: presentan iniciativa para profesionalizar a gu\u00edas de turismo","og_description":"M\u00e9xico. El presidente de la Comisi\u00f3n de Turismo del Senado, Eugenio Segura, present\u00f3 una iniciativa que plantea reconocer el trabajo esencial de los gu\u00edas de&hellip;","og_url":"https:\/\/realidadturistica.com\/realtur\/mexico-presentan-iniciativa-para-profesionalizar-a-guias-de-turismo\/","og_site_name":"Realidad Tur\u00edstica","article_publisher":"https:\/\/www.facebook.com\/realidadturistica","article_published_time":"2025-02-26T15:17:36+00:00","article_modified_time":"2025-02-26T15:17:38+00:00","og_image":[{"width":523,"height":330,"url":"https:\/\/realidadturistica.com\/realtur\/wp-content\/uploads\/2025\/02\/Mexico.jpg","type":"image\/jpeg"}],"author":"Editor","twitter_card":"summary_large_image","twitter_misc":{"Escrito por":"Editor","Tiempo de lectura":"2 minutos"},"schema":{"@context":"https:\/\/schema.org","@graph":[{"@type":"Article","@id":"https:\/\/realidadturistica.com\/realtur\/mexico-presentan-iniciativa-para-profesionalizar-a-guias-de-turismo\/#article","isPartOf":{"@id":"https:\/\/realidadturistica.com\/realtur\/mexico-presentan-iniciativa-para-profesionalizar-a-guias-de-turismo\/"},"author":{"name":"Editor","@id":"https:\/\/realidadturistica.com\/realtur\/#\/schema\/person\/ade671191202490fcf08ab21590de73e"},"headline":"M\u00e9xico: presentan iniciativa para profesionalizar a gu\u00edas de turismo","datePublished":"2025-02-26T15:17:36+00:00","dateModified":"2025-02-26T15:17:38+00:00","mainEntityOfPage":{"@id":"https:\/\/realidadturistica.com\/realtur\/mexico-presentan-iniciativa-para-profesionalizar-a-guias-de-turismo\/"},"wordCount":378,"commentCount":0,"publisher":{"@id":"https:\/\/realidadturistica.com\/realtur\/#organization"},"image":{"@id":"https:\/\/realidadturistica.com\/realtur\/mexico-presentan-iniciativa-para-profesionalizar-a-guias-de-turismo\/#primaryimage"},"thumbnailUrl":"https:\/\/realidadturistica.com\/realtur\/wp-content\/uploads\/2025\/02\/Mexico.jpg","articleSection":["Turismo"],"inLanguage":"es","potentialAction":[{"@type":"CommentAction","name":"Comment","target":["https:\/\/realidadturistica.com\/realtur\/mexico-presentan-iniciativa-para-profesionalizar-a-guias-de-turismo\/#respond"]}]},{"@type":"WebPage","@id":"https:\/\/realidadturistica.com\/realtur\/mexico-presentan-iniciativa-para-profesionalizar-a-guias-de-turismo\/","url":"https:\/\/realidadturistica.com\/realtur\/mexico-presentan-iniciativa-para-profesionalizar-a-guias-de-turismo\/","name":"M\u00e9xico: presentan iniciativa para profesionalizar a gu\u00edas de turismo - Realidad Tur\u00edstica","isPartOf":{"@id":"https:\/\/realidadturistica.com\/realtur\/#website"},"primaryImageOfPage":{"@id":"https:\/\/realidadturistica.com\/realtur\/mexico-presentan-iniciativa-para-profesionalizar-a-guias-de-turismo\/#primaryimage"},"image":{"@id":"https:\/\/realidadturistica.com\/realtur\/mexico-presentan-iniciativa-para-profesionalizar-a-guias-de-turismo\/#primaryimage"},"thumbnailUrl":"https:\/\/realidadturistica.com\/realtur\/wp-content\/uploads\/2025\/02\/Mexico.jpg","datePublished":"2025-02-26T15:17:36+00:00","dateModified":"2025-02-26T15:17:38+00:00","breadcrumb":{"@id":"https:\/\/realidadturistica.com\/realtur\/mexico-presentan-iniciativa-para-profesionalizar-a-guias-de-turismo\/#breadcrumb"},"inLanguage":"es","potentialAction":[{"@type":"ReadAction","target":["https:\/\/realidadturistica.com\/realtur\/mexico-presentan-iniciativa-para-profesionalizar-a-guias-de-turismo\/"]}]},{"@type":"ImageObject","inLanguage":"es","@id":"https:\/\/realidadturistica.com\/realtur\/mexico-presentan-iniciativa-para-profesionalizar-a-guias-de-turismo\/#primaryimage","url":"https:\/\/realidadturistica.com\/realtur\/wp-content\/uploads\/2025\/02\/Mexico.jpg","contentUrl":"https:\/\/realidadturistica.com\/realtur\/wp-content\/uploads\/2025\/02\/Mexico.jpg","width":523,"height":330},{"@type":"BreadcrumbList","@id":"https:\/\/realidadturistica.com\/realtur\/mexico-presentan-iniciativa-para-profesionalizar-a-guias-de-turismo\/#breadcrumb","itemListElement":[{"@type":"ListItem","position":1,"name":"Portada","item":"https:\/\/realidadturistica.com\/realtur\/"},{"@type":"ListItem","position":2,"name":"M\u00e9xico: presentan iniciativa para profesionalizar a gu\u00edas de turismo"}]},{"@type":"WebSite","@id":"https:\/\/realidadturistica.com\/realtur\/#website","url":"https:\/\/realidadturistica.com\/realtur\/","name":"Realidad Tur\u00edstica","description":"","publisher":{"@id":"https:\/\/realidadturistica.com\/realtur\/#organization"},"potentialAction":[{"@type":"SearchAction","target":{"@type":"EntryPoint","urlTemplate":"https:\/\/realidadturistica.com\/realtur\/?s={search_term_string}"},"query-input":{"@type":"PropertyValueSpecification","valueRequired":true,"valueName":"search_term_string"}}],"inLanguage":"es"},{"@type":"Organization","@id":"https:\/\/realidadturistica.com\/realtur\/#organization","name":"Realidad Tur\u00edstica","url":"https:\/\/realidadturistica.com\/realtur\/","logo":{"@type":"ImageObject","inLanguage":"es","@id":"https:\/\/realidadturistica.com\/realtur\/#\/schema\/logo\/image\/","url":"https:\/\/realidadturistica.com\/realtur\/wp-content\/uploads\/2021\/12\/logotipo-realidad-turistica.png","contentUrl":"https:\/\/realidadturistica.com\/realtur\/wp-content\/uploads\/2021\/12\/logotipo-realidad-turistica.png","width":1382,"height":629,"caption":"Realidad Tur\u00edstica"},"image":{"@id":"https:\/\/realidadturistica.com\/realtur\/#\/schema\/logo\/image\/"},"sameAs":["https:\/\/www.facebook.com\/realidadturistica","https:\/\/www.instagram.com\/realidad_turistica\/"]},{"@type":"Person","@id":"https:\/\/realidadturistica.com\/realtur\/#\/schema\/person\/ade671191202490fcf08ab21590de73e","name":"Editor","image":{"@type":"ImageObject","inLanguage":"es","@id":"https:\/\/realidadturistica.com\/realtur\/wp-content\/uploads\/2023\/09\/Editor_avatar_1693668634-96x96.png","url":"https:\/\/realidadturistica.com\/realtur\/wp-content\/uploads\/2023\/09\/Editor_avatar_1693668634-96x96.png","contentUrl":"https:\/\/realidadturistica.com\/realtur\/wp-content\/uploads\/2023\/09\/Editor_avatar_1693668634-96x96.png","caption":"Editor"},"sameAs":["https:\/\/realidadturistica.com\/realtur"],"url":"https:\/\/realidadturistica.com\/realtur\/author\/editor2\/"}]}},"_links":{"self":[{"href":"https:\/\/realidadturistica.com\/realtur\/wp-json\/wp\/v2\/posts\/9206","targetHints":{"allow":["GET"]}}],"collection":[{"href":"https:\/\/realidadturistica.com\/realtur\/wp-json\/wp\/v2\/posts"}],"about":[{"href":"https:\/\/realidadturistica.com\/realtur\/wp-json\/wp\/v2\/types\/post"}],"author":[{"embeddable":true,"href":"https:\/\/realidadturistica.com\/realtur\/wp-json\/wp\/v2\/users\/2"}],"replies":[{"embeddable":true,"href":"https:\/\/realidadturistica.com\/realtur\/wp-json\/wp\/v2\/comments?post=9206"}],"version-history":[{"count":1,"href":"https:\/\/realidadturistica.com\/realtur\/wp-json\/wp\/v2\/posts\/9206\/revisions"}],"predecessor-version":[{"id":9208,"href":"https:\/\/realidadturistica.com\/realtur\/wp-json\/wp\/v2\/posts\/9206\/revisions\/9208"}],"wp:featuredmedia":[{"embeddable":true,"href":"https:\/\/realidadturistica.com\/realtur\/wp-json\/wp\/v2\/media\/9207"}],"wp:attachment":[{"href":"https:\/\/realidadturistica.com\/realtur\/wp-json\/wp\/v2\/media?parent=9206"}],"wp:term":[{"taxonomy":"category","embeddable":true,"href":"https:\/\/realidadturistica.com\/realtur\/wp-json\/wp\/v2\/categories?post=9206"},{"taxonomy":"post_tag","embeddable":true,"href":"https:\/\/realidadturistica.com\/realtur\/wp-json\/wp\/v2\/tags?post=9206"}],"curies":[{"name":"wp","href":"https:\/\/api.w.org\/{rel}","templated":true}]}}