{"id":9252,"date":"2025-03-05T15:18:25","date_gmt":"2025-03-05T15:18:25","guid":{"rendered":"https:\/\/realidadturistica.com\/realtur\/?p=9252"},"modified":"2025-03-05T15:18:27","modified_gmt":"2025-03-05T15:18:27","slug":"el-ministro-de-turismo-pablo-menoni-recibio-delegacion-de-portugal","status":"publish","type":"post","link":"https:\/\/realidadturistica.com\/realtur\/el-ministro-de-turismo-pablo-menoni-recibio-delegacion-de-portugal\/","title":{"rendered":"El Ministro de Turismo Pablo Menoni recibi\u00f3 delegaci\u00f3n de Portugal"},"content":{"rendered":"\n<p class=\"wp-block-yoast-seo-estimated-reading-time yoast-reading-time__wrapper\"><span class=\"yoast-reading-time__icon\"><svg aria-hidden=\"true\" focusable=\"false\" data-icon=\"clock\" width=\"20\" height=\"20\" fill=\"none\" stroke=\"currentColor\" style=\"display:inline-block;vertical-align:-0.1em\" role=\"img\" xmlns=\"http:\/\/www.w3.org\/2000\/svg\" viewBox=\"0 0 24 24\"><path stroke-linecap=\"round\" stroke-linejoin=\"round\" stroke-width=\"2\" d=\"M12 8v4l3 3m6-3a9 9 0 11-18 0 9 9 0 0118 0z\"><\/path><\/svg><\/span><span class=\"yoast-reading-time__spacer\" style=\"display:inline-block;width:1em\"><\/span><span class=\"yoast-reading-time__descriptive-text\">Estimated reading time: <\/span><span class=\"yoast-reading-time__reading-time\">1<\/span><span class=\"yoast-reading-time__time-unit\"> minuto<\/span><\/p>\n\n\n\n<p>Uruguay. El domingo 2 de marzo el Ministro de Turismo Pablo Menoni se reuni\u00f3 con el Secretario de Estado de Turismo de Portugal Sr. Pedro Machado, el Embajador de Portugal en Uruguay Sr. Jo\u00e3o Pedro Louren\u00e7o Antunes y el Jefe de Misi\u00f3n Adjunto Sr. Rui Baceira.<\/p>\n\n\n\n<p>El Ministro de Turismo Pablo Menoni recibi\u00f3 delegaci\u00f3n de Portugal<\/p>\n\n\n\n<p>En el encuentro realizado en Canciller\u00eda tambi\u00e9n acompa\u00f1aron Florencia Ualde, Directora General de Secretar\u00eda designada para el Ministerio de Turismo y Andr\u00e9s Pel\u00e1ez, Director General de Secretar\u00eda designado para el Ministerio de Relaciones Exteriores.<\/p>\n\n\n\n<p>Esta reuni\u00f3n tuvo como objetivo delinear un plan de acci\u00f3n entre el Ministerio de Turismo de Uruguay y el Ministerio de Econom\u00eda de Portugal para trabajar en conjunto sobre temas de capacitaci\u00f3n y planificaci\u00f3n en turismo y diversas acciones.&nbsp;<\/p>\n\n\n\n<p>Dicho encuentro se enmarca en los lineamientos del Ministerio para fortalecer el turismo en las diferentes regiones y diversos productos que ofrece el Uruguay.<\/p>\n\n\n\n<p>www.gub.uy<\/p>\n","protected":false},"excerpt":{"rendered":"<p>Uruguay. El domingo 2 de marzo el Ministro de Turismo Pablo Menoni se reuni\u00f3 con el Secretario de Estado de Turismo de Portugal Sr. Pedro&hellip;<\/p>\n","protected":false},"author":2,"featured_media":9253,"comment_status":"open","ping_status":"closed","sticky":false,"template":"","format":"standard","meta":{"content-type":"","_lmt_disableupdate":"","_lmt_disable":"","footnotes":""},"categories":[6],"tags":[],"class_list":["post-9252","post","type-post","status-publish","format-standard","has-post-thumbnail","hentry","category-turismo"],"yoast_head":"<!-- This site is optimized with the Yoast SEO Premium plugin v27.4 (Yoast SEO v27.5) - https:\/\/yoast.com\/product\/yoast-seo-premium-wordpress\/ -->\n<title>El Ministro de Turismo Pablo Menoni recibi\u00f3 delegaci\u00f3n de Portugal - Realidad Tur\u00edstica<\/title>\n<meta name=\"robots\" content=\"index, follow, max-snippet:-1, max-image-preview:large, max-video-preview:-1\" \/>\n<link rel=\"canonical\" href=\"https:\/\/realidadturistica.com\/realtur\/el-ministro-de-turismo-pablo-menoni-recibio-delegacion-de-portugal\/\" \/>\n<meta property=\"og:locale\" content=\"es_ES\" \/>\n<meta property=\"og:type\" content=\"article\" \/>\n<meta property=\"og:title\" content=\"El Ministro de Turismo Pablo Menoni recibi\u00f3 delegaci\u00f3n de Portugal\" \/>\n<meta property=\"og:description\" content=\"Uruguay. El domingo 2 de marzo el Ministro de Turismo Pablo Menoni se reuni\u00f3 con el Secretario de Estado de Turismo de Portugal Sr. Pedro&hellip;\" \/>\n<meta property=\"og:url\" content=\"https:\/\/realidadturistica.com\/realtur\/el-ministro-de-turismo-pablo-menoni-recibio-delegacion-de-portugal\/\" \/>\n<meta property=\"og:site_name\" content=\"Realidad Tur\u00edstica\" \/>\n<meta property=\"article:publisher\" content=\"https:\/\/www.facebook.com\/realidadturistica\" \/>\n<meta property=\"article:published_time\" content=\"2025-03-05T15:18:25+00:00\" \/>\n<meta property=\"article:modified_time\" content=\"2025-03-05T15:18:27+00:00\" \/>\n<meta property=\"og:image\" content=\"https:\/\/realidadturistica.com\/realtur\/wp-content\/uploads\/2025\/03\/El-Ministro.jpg\" \/>\n\t<meta property=\"og:image:width\" content=\"473\" \/>\n\t<meta property=\"og:image:height\" content=\"630\" \/>\n\t<meta property=\"og:image:type\" content=\"image\/jpeg\" \/>\n<meta name=\"author\" content=\"Editor\" \/>\n<meta name=\"twitter:card\" content=\"summary_large_image\" \/>\n<meta name=\"twitter:label1\" content=\"Escrito por\" \/>\n\t<meta name=\"twitter:data1\" content=\"Editor\" \/>\n\t<meta name=\"twitter:label2\" content=\"Tiempo de lectura\" \/>\n\t<meta name=\"twitter:data2\" content=\"1 minuto\" \/>\n<script type=\"application\/ld+json\" class=\"yoast-schema-graph\">{\"@context\":\"https:\\\/\\\/schema.org\",\"@graph\":[{\"@type\":\"Article\",\"@id\":\"https:\\\/\\\/realidadturistica.com\\\/realtur\\\/el-ministro-de-turismo-pablo-menoni-recibio-delegacion-de-portugal\\\/#article\",\"isPartOf\":{\"@id\":\"https:\\\/\\\/realidadturistica.com\\\/realtur\\\/el-ministro-de-turismo-pablo-menoni-recibio-delegacion-de-portugal\\\/\"},\"author\":{\"name\":\"Editor\",\"@id\":\"https:\\\/\\\/realidadturistica.com\\\/realtur\\\/#\\\/schema\\\/person\\\/ade671191202490fcf08ab21590de73e\"},\"headline\":\"El Ministro de Turismo Pablo Menoni recibi\u00f3 delegaci\u00f3n de Portugal\",\"datePublished\":\"2025-03-05T15:18:25+00:00\",\"dateModified\":\"2025-03-05T15:18:27+00:00\",\"mainEntityOfPage\":{\"@id\":\"https:\\\/\\\/realidadturistica.com\\\/realtur\\\/el-ministro-de-turismo-pablo-menoni-recibio-delegacion-de-portugal\\\/\"},\"wordCount\":187,\"commentCount\":0,\"publisher\":{\"@id\":\"https:\\\/\\\/realidadturistica.com\\\/realtur\\\/#organization\"},\"image\":{\"@id\":\"https:\\\/\\\/realidadturistica.com\\\/realtur\\\/el-ministro-de-turismo-pablo-menoni-recibio-delegacion-de-portugal\\\/#primaryimage\"},\"thumbnailUrl\":\"https:\\\/\\\/realidadturistica.com\\\/realtur\\\/wp-content\\\/uploads\\\/2025\\\/03\\\/El-Ministro.jpg\",\"articleSection\":[\"Turismo\"],\"inLanguage\":\"es\",\"potentialAction\":[{\"@type\":\"CommentAction\",\"name\":\"Comment\",\"target\":[\"https:\\\/\\\/realidadturistica.com\\\/realtur\\\/el-ministro-de-turismo-pablo-menoni-recibio-delegacion-de-portugal\\\/#respond\"]}]},{\"@type\":\"WebPage\",\"@id\":\"https:\\\/\\\/realidadturistica.com\\\/realtur\\\/el-ministro-de-turismo-pablo-menoni-recibio-delegacion-de-portugal\\\/\",\"url\":\"https:\\\/\\\/realidadturistica.com\\\/realtur\\\/el-ministro-de-turismo-pablo-menoni-recibio-delegacion-de-portugal\\\/\",\"name\":\"El Ministro de Turismo Pablo Menoni recibi\u00f3 delegaci\u00f3n de Portugal - Realidad Tur\u00edstica\",\"isPartOf\":{\"@id\":\"https:\\\/\\\/realidadturistica.com\\\/realtur\\\/#website\"},\"primaryImageOfPage\":{\"@id\":\"https:\\\/\\\/realidadturistica.com\\\/realtur\\\/el-ministro-de-turismo-pablo-menoni-recibio-delegacion-de-portugal\\\/#primaryimage\"},\"image\":{\"@id\":\"https:\\\/\\\/realidadturistica.com\\\/realtur\\\/el-ministro-de-turismo-pablo-menoni-recibio-delegacion-de-portugal\\\/#primaryimage\"},\"thumbnailUrl\":\"https:\\\/\\\/realidadturistica.com\\\/realtur\\\/wp-content\\\/uploads\\\/2025\\\/03\\\/El-Ministro.jpg\",\"datePublished\":\"2025-03-05T15:18:25+00:00\",\"dateModified\":\"2025-03-05T15:18:27+00:00\",\"breadcrumb\":{\"@id\":\"https:\\\/\\\/realidadturistica.com\\\/realtur\\\/el-ministro-de-turismo-pablo-menoni-recibio-delegacion-de-portugal\\\/#breadcrumb\"},\"inLanguage\":\"es\",\"potentialAction\":[{\"@type\":\"ReadAction\",\"target\":[\"https:\\\/\\\/realidadturistica.com\\\/realtur\\\/el-ministro-de-turismo-pablo-menoni-recibio-delegacion-de-portugal\\\/\"]}]},{\"@type\":\"ImageObject\",\"inLanguage\":\"es\",\"@id\":\"https:\\\/\\\/realidadturistica.com\\\/realtur\\\/el-ministro-de-turismo-pablo-menoni-recibio-delegacion-de-portugal\\\/#primaryimage\",\"url\":\"https:\\\/\\\/realidadturistica.com\\\/realtur\\\/wp-content\\\/uploads\\\/2025\\\/03\\\/El-Ministro.jpg\",\"contentUrl\":\"https:\\\/\\\/realidadturistica.com\\\/realtur\\\/wp-content\\\/uploads\\\/2025\\\/03\\\/El-Ministro.jpg\",\"width\":473,\"height\":630},{\"@type\":\"BreadcrumbList\",\"@id\":\"https:\\\/\\\/realidadturistica.com\\\/realtur\\\/el-ministro-de-turismo-pablo-menoni-recibio-delegacion-de-portugal\\\/#breadcrumb\",\"itemListElement\":[{\"@type\":\"ListItem\",\"position\":1,\"name\":\"Portada\",\"item\":\"https:\\\/\\\/realidadturistica.com\\\/realtur\\\/\"},{\"@type\":\"ListItem\",\"position\":2,\"name\":\"El Ministro de Turismo Pablo Menoni recibi\u00f3 delegaci\u00f3n de Portugal\"}]},{\"@type\":\"WebSite\",\"@id\":\"https:\\\/\\\/realidadturistica.com\\\/realtur\\\/#website\",\"url\":\"https:\\\/\\\/realidadturistica.com\\\/realtur\\\/\",\"name\":\"Realidad Tur\u00edstica\",\"description\":\"\",\"publisher\":{\"@id\":\"https:\\\/\\\/realidadturistica.com\\\/realtur\\\/#organization\"},\"potentialAction\":[{\"@type\":\"SearchAction\",\"target\":{\"@type\":\"EntryPoint\",\"urlTemplate\":\"https:\\\/\\\/realidadturistica.com\\\/realtur\\\/?s={search_term_string}\"},\"query-input\":{\"@type\":\"PropertyValueSpecification\",\"valueRequired\":true,\"valueName\":\"search_term_string\"}}],\"inLanguage\":\"es\"},{\"@type\":\"Organization\",\"@id\":\"https:\\\/\\\/realidadturistica.com\\\/realtur\\\/#organization\",\"name\":\"Realidad Tur\u00edstica\",\"url\":\"https:\\\/\\\/realidadturistica.com\\\/realtur\\\/\",\"logo\":{\"@type\":\"ImageObject\",\"inLanguage\":\"es\",\"@id\":\"https:\\\/\\\/realidadturistica.com\\\/realtur\\\/#\\\/schema\\\/logo\\\/image\\\/\",\"url\":\"https:\\\/\\\/realidadturistica.com\\\/realtur\\\/wp-content\\\/uploads\\\/2021\\\/12\\\/logotipo-realidad-turistica.png\",\"contentUrl\":\"https:\\\/\\\/realidadturistica.com\\\/realtur\\\/wp-content\\\/uploads\\\/2021\\\/12\\\/logotipo-realidad-turistica.png\",\"width\":1382,\"height\":629,\"caption\":\"Realidad Tur\u00edstica\"},\"image\":{\"@id\":\"https:\\\/\\\/realidadturistica.com\\\/realtur\\\/#\\\/schema\\\/logo\\\/image\\\/\"},\"sameAs\":[\"https:\\\/\\\/www.facebook.com\\\/realidadturistica\",\"https:\\\/\\\/www.instagram.com\\\/realidad_turistica\\\/\"]},{\"@type\":\"Person\",\"@id\":\"https:\\\/\\\/realidadturistica.com\\\/realtur\\\/#\\\/schema\\\/person\\\/ade671191202490fcf08ab21590de73e\",\"name\":\"Editor\",\"image\":{\"@type\":\"ImageObject\",\"inLanguage\":\"es\",\"@id\":\"https:\\\/\\\/realidadturistica.com\\\/realtur\\\/wp-content\\\/uploads\\\/2023\\\/09\\\/Editor_avatar_1693668634-96x96.png\",\"url\":\"https:\\\/\\\/realidadturistica.com\\\/realtur\\\/wp-content\\\/uploads\\\/2023\\\/09\\\/Editor_avatar_1693668634-96x96.png\",\"contentUrl\":\"https:\\\/\\\/realidadturistica.com\\\/realtur\\\/wp-content\\\/uploads\\\/2023\\\/09\\\/Editor_avatar_1693668634-96x96.png\",\"caption\":\"Editor\"},\"sameAs\":[\"https:\\\/\\\/realidadturistica.com\\\/realtur\"],\"url\":\"https:\\\/\\\/realidadturistica.com\\\/realtur\\\/author\\\/editor2\\\/\"}]}<\/script>\n<!-- \/ Yoast SEO Premium plugin. -->","yoast_head_json":{"title":"El Ministro de Turismo Pablo Menoni recibi\u00f3 delegaci\u00f3n de Portugal - Realidad Tur\u00edstica","robots":{"index":"index","follow":"follow","max-snippet":"max-snippet:-1","max-image-preview":"max-image-preview:large","max-video-preview":"max-video-preview:-1"},"canonical":"https:\/\/realidadturistica.com\/realtur\/el-ministro-de-turismo-pablo-menoni-recibio-delegacion-de-portugal\/","og_locale":"es_ES","og_type":"article","og_title":"El Ministro de Turismo Pablo Menoni recibi\u00f3 delegaci\u00f3n de Portugal","og_description":"Uruguay. El domingo 2 de marzo el Ministro de Turismo Pablo Menoni se reuni\u00f3 con el Secretario de Estado de Turismo de Portugal Sr. Pedro&hellip;","og_url":"https:\/\/realidadturistica.com\/realtur\/el-ministro-de-turismo-pablo-menoni-recibio-delegacion-de-portugal\/","og_site_name":"Realidad Tur\u00edstica","article_publisher":"https:\/\/www.facebook.com\/realidadturistica","article_published_time":"2025-03-05T15:18:25+00:00","article_modified_time":"2025-03-05T15:18:27+00:00","og_image":[{"width":473,"height":630,"url":"https:\/\/realidadturistica.com\/realtur\/wp-content\/uploads\/2025\/03\/El-Ministro.jpg","type":"image\/jpeg"}],"author":"Editor","twitter_card":"summary_large_image","twitter_misc":{"Escrito por":"Editor","Tiempo de lectura":"1 minuto"},"schema":{"@context":"https:\/\/schema.org","@graph":[{"@type":"Article","@id":"https:\/\/realidadturistica.com\/realtur\/el-ministro-de-turismo-pablo-menoni-recibio-delegacion-de-portugal\/#article","isPartOf":{"@id":"https:\/\/realidadturistica.com\/realtur\/el-ministro-de-turismo-pablo-menoni-recibio-delegacion-de-portugal\/"},"author":{"name":"Editor","@id":"https:\/\/realidadturistica.com\/realtur\/#\/schema\/person\/ade671191202490fcf08ab21590de73e"},"headline":"El Ministro de Turismo Pablo Menoni recibi\u00f3 delegaci\u00f3n de Portugal","datePublished":"2025-03-05T15:18:25+00:00","dateModified":"2025-03-05T15:18:27+00:00","mainEntityOfPage":{"@id":"https:\/\/realidadturistica.com\/realtur\/el-ministro-de-turismo-pablo-menoni-recibio-delegacion-de-portugal\/"},"wordCount":187,"commentCount":0,"publisher":{"@id":"https:\/\/realidadturistica.com\/realtur\/#organization"},"image":{"@id":"https:\/\/realidadturistica.com\/realtur\/el-ministro-de-turismo-pablo-menoni-recibio-delegacion-de-portugal\/#primaryimage"},"thumbnailUrl":"https:\/\/realidadturistica.com\/realtur\/wp-content\/uploads\/2025\/03\/El-Ministro.jpg","articleSection":["Turismo"],"inLanguage":"es","potentialAction":[{"@type":"CommentAction","name":"Comment","target":["https:\/\/realidadturistica.com\/realtur\/el-ministro-de-turismo-pablo-menoni-recibio-delegacion-de-portugal\/#respond"]}]},{"@type":"WebPage","@id":"https:\/\/realidadturistica.com\/realtur\/el-ministro-de-turismo-pablo-menoni-recibio-delegacion-de-portugal\/","url":"https:\/\/realidadturistica.com\/realtur\/el-ministro-de-turismo-pablo-menoni-recibio-delegacion-de-portugal\/","name":"El Ministro de Turismo Pablo Menoni recibi\u00f3 delegaci\u00f3n de Portugal - Realidad Tur\u00edstica","isPartOf":{"@id":"https:\/\/realidadturistica.com\/realtur\/#website"},"primaryImageOfPage":{"@id":"https:\/\/realidadturistica.com\/realtur\/el-ministro-de-turismo-pablo-menoni-recibio-delegacion-de-portugal\/#primaryimage"},"image":{"@id":"https:\/\/realidadturistica.com\/realtur\/el-ministro-de-turismo-pablo-menoni-recibio-delegacion-de-portugal\/#primaryimage"},"thumbnailUrl":"https:\/\/realidadturistica.com\/realtur\/wp-content\/uploads\/2025\/03\/El-Ministro.jpg","datePublished":"2025-03-05T15:18:25+00:00","dateModified":"2025-03-05T15:18:27+00:00","breadcrumb":{"@id":"https:\/\/realidadturistica.com\/realtur\/el-ministro-de-turismo-pablo-menoni-recibio-delegacion-de-portugal\/#breadcrumb"},"inLanguage":"es","potentialAction":[{"@type":"ReadAction","target":["https:\/\/realidadturistica.com\/realtur\/el-ministro-de-turismo-pablo-menoni-recibio-delegacion-de-portugal\/"]}]},{"@type":"ImageObject","inLanguage":"es","@id":"https:\/\/realidadturistica.com\/realtur\/el-ministro-de-turismo-pablo-menoni-recibio-delegacion-de-portugal\/#primaryimage","url":"https:\/\/realidadturistica.com\/realtur\/wp-content\/uploads\/2025\/03\/El-Ministro.jpg","contentUrl":"https:\/\/realidadturistica.com\/realtur\/wp-content\/uploads\/2025\/03\/El-Ministro.jpg","width":473,"height":630},{"@type":"BreadcrumbList","@id":"https:\/\/realidadturistica.com\/realtur\/el-ministro-de-turismo-pablo-menoni-recibio-delegacion-de-portugal\/#breadcrumb","itemListElement":[{"@type":"ListItem","position":1,"name":"Portada","item":"https:\/\/realidadturistica.com\/realtur\/"},{"@type":"ListItem","position":2,"name":"El Ministro de Turismo Pablo Menoni recibi\u00f3 delegaci\u00f3n de Portugal"}]},{"@type":"WebSite","@id":"https:\/\/realidadturistica.com\/realtur\/#website","url":"https:\/\/realidadturistica.com\/realtur\/","name":"Realidad Tur\u00edstica","description":"","publisher":{"@id":"https:\/\/realidadturistica.com\/realtur\/#organization"},"potentialAction":[{"@type":"SearchAction","target":{"@type":"EntryPoint","urlTemplate":"https:\/\/realidadturistica.com\/realtur\/?s={search_term_string}"},"query-input":{"@type":"PropertyValueSpecification","valueRequired":true,"valueName":"search_term_string"}}],"inLanguage":"es"},{"@type":"Organization","@id":"https:\/\/realidadturistica.com\/realtur\/#organization","name":"Realidad Tur\u00edstica","url":"https:\/\/realidadturistica.com\/realtur\/","logo":{"@type":"ImageObject","inLanguage":"es","@id":"https:\/\/realidadturistica.com\/realtur\/#\/schema\/logo\/image\/","url":"https:\/\/realidadturistica.com\/realtur\/wp-content\/uploads\/2021\/12\/logotipo-realidad-turistica.png","contentUrl":"https:\/\/realidadturistica.com\/realtur\/wp-content\/uploads\/2021\/12\/logotipo-realidad-turistica.png","width":1382,"height":629,"caption":"Realidad Tur\u00edstica"},"image":{"@id":"https:\/\/realidadturistica.com\/realtur\/#\/schema\/logo\/image\/"},"sameAs":["https:\/\/www.facebook.com\/realidadturistica","https:\/\/www.instagram.com\/realidad_turistica\/"]},{"@type":"Person","@id":"https:\/\/realidadturistica.com\/realtur\/#\/schema\/person\/ade671191202490fcf08ab21590de73e","name":"Editor","image":{"@type":"ImageObject","inLanguage":"es","@id":"https:\/\/realidadturistica.com\/realtur\/wp-content\/uploads\/2023\/09\/Editor_avatar_1693668634-96x96.png","url":"https:\/\/realidadturistica.com\/realtur\/wp-content\/uploads\/2023\/09\/Editor_avatar_1693668634-96x96.png","contentUrl":"https:\/\/realidadturistica.com\/realtur\/wp-content\/uploads\/2023\/09\/Editor_avatar_1693668634-96x96.png","caption":"Editor"},"sameAs":["https:\/\/realidadturistica.com\/realtur"],"url":"https:\/\/realidadturistica.com\/realtur\/author\/editor2\/"}]}},"_links":{"self":[{"href":"https:\/\/realidadturistica.com\/realtur\/wp-json\/wp\/v2\/posts\/9252","targetHints":{"allow":["GET"]}}],"collection":[{"href":"https:\/\/realidadturistica.com\/realtur\/wp-json\/wp\/v2\/posts"}],"about":[{"href":"https:\/\/realidadturistica.com\/realtur\/wp-json\/wp\/v2\/types\/post"}],"author":[{"embeddable":true,"href":"https:\/\/realidadturistica.com\/realtur\/wp-json\/wp\/v2\/users\/2"}],"replies":[{"embeddable":true,"href":"https:\/\/realidadturistica.com\/realtur\/wp-json\/wp\/v2\/comments?post=9252"}],"version-history":[{"count":1,"href":"https:\/\/realidadturistica.com\/realtur\/wp-json\/wp\/v2\/posts\/9252\/revisions"}],"predecessor-version":[{"id":9254,"href":"https:\/\/realidadturistica.com\/realtur\/wp-json\/wp\/v2\/posts\/9252\/revisions\/9254"}],"wp:featuredmedia":[{"embeddable":true,"href":"https:\/\/realidadturistica.com\/realtur\/wp-json\/wp\/v2\/media\/9253"}],"wp:attachment":[{"href":"https:\/\/realidadturistica.com\/realtur\/wp-json\/wp\/v2\/media?parent=9252"}],"wp:term":[{"taxonomy":"category","embeddable":true,"href":"https:\/\/realidadturistica.com\/realtur\/wp-json\/wp\/v2\/categories?post=9252"},{"taxonomy":"post_tag","embeddable":true,"href":"https:\/\/realidadturistica.com\/realtur\/wp-json\/wp\/v2\/tags?post=9252"}],"curies":[{"name":"wp","href":"https:\/\/api.w.org\/{rel}","templated":true}]}}