{"id":9256,"date":"2025-03-05T15:31:18","date_gmt":"2025-03-05T15:31:18","guid":{"rendered":"https:\/\/realidadturistica.com\/realtur\/?p=9256"},"modified":"2025-03-05T15:31:20","modified_gmt":"2025-03-05T15:31:20","slug":"chile-se-presenta-en-itb-de-berlin-como-un-destino-diverso-y-sede-de-eventos-internacionales","status":"publish","type":"post","link":"https:\/\/realidadturistica.com\/realtur\/chile-se-presenta-en-itb-de-berlin-como-un-destino-diverso-y-sede-de-eventos-internacionales\/","title":{"rendered":"Chile se presenta en ITB de Berl\u00edn como un destino diverso y sede de eventos internacionales"},"content":{"rendered":"\n<p class=\"wp-block-yoast-seo-estimated-reading-time yoast-reading-time__wrapper\"><span class=\"yoast-reading-time__icon\"><svg aria-hidden=\"true\" focusable=\"false\" data-icon=\"clock\" width=\"20\" height=\"20\" fill=\"none\" stroke=\"currentColor\" style=\"display:inline-block;vertical-align:-0.1em\" role=\"img\" xmlns=\"http:\/\/www.w3.org\/2000\/svg\" viewBox=\"0 0 24 24\"><path stroke-linecap=\"round\" stroke-linejoin=\"round\" stroke-width=\"2\" d=\"M12 8v4l3 3m6-3a9 9 0 11-18 0 9 9 0 0118 0z\"><\/path><\/svg><\/span><span class=\"yoast-reading-time__spacer\" style=\"display:inline-block;width:1em\"><\/span><span class=\"yoast-reading-time__descriptive-text\">Estimated reading time: <\/span><span class=\"yoast-reading-time__reading-time\">4<\/span><span class=\"yoast-reading-time__time-unit\"> minutos<\/span><\/p>\n\n\n\n<p>Chile. Chile participa en la ITB de Berl\u00edn, uno de los eventos de turismo m\u00e1s importante del circuito de ferias a nivel mundial, que se celebra en la capital alemana desde este martes hasta el jueves 6 de marzo. Este a\u00f1o el pa\u00eds se presenta al mundo como epicentro tur\u00edstico a nivel global, pues ser\u00e1 anfitri\u00f3n de diversos eventos internacionales y recibir\u00e1 a miles de visitantes que podr\u00e1n conocer los espectaculares paisajes naturales y los atractivos tur\u00edsticos que tiene el territorio chileno.<\/p>\n\n\n\n<p>La subsecretaria de Turismo, Ver\u00f3nica Pardo, explic\u00f3 que Chile es parte de la ITB Berl\u00edn 2025 con el fin de seguir posicion\u00e1ndose en el mercado internacional, especialmente en el alem\u00e1n, que es un importante mercado emisor para nuestro pa\u00eds, con un n\u00famero de llegadas que confirma su popularidad internacional como destino tur\u00edstico.<\/p>\n\n\n\n<p>\u201cEn 2024 logramos recibir 5.239.233 turistas extranjeros, lo que representa un crecimiento de 40,4% en comparaci\u00f3n con 2023 y de 15,96% en comparaci\u00f3n con 2019. Los turistas de larga distancia son indispensables, no solo por la duraci\u00f3n promedio de la estad\u00eda en el pa\u00eds, sino tambi\u00e9n porque promueven el intercambio cultural y la apreciaci\u00f3n de nuestra diversidad. Tambi\u00e9n estamos comprometidos con un turismo sostenible que apoye el desarrollo equilibrado, proteja los ecosistemas, promueva pr\u00e1cticas responsables y cree beneficios reales para las comunidades locales\u201d, se\u00f1al\u00f3 la autoridad.<\/p>\n\n\n\n<p>El mercado europeo es una prioridad en la estrategia de promoci\u00f3n de Chile como destino tur\u00edstico, especialmente Espa\u00f1a, Alemania, Francia e Inglaterra. Por esta raz\u00f3n, la participaci\u00f3n en ferias internacionales de viajes es importante para promover las atracciones \u00fanicas que el pa\u00eds tiene para ofrecer a los visitantes extranjeros y para conocer a los socios de la industria de viajes.<\/p>\n\n\n\n<p>Al respecto, el director nacional de Sernatur, Crist\u00f3bal Ben\u00edtez, destac\u00f3 la importancia del mercado europeo para Chile, en particular, el alem\u00e1n. El director detall\u00f3 que \u201cel a\u00f1o pasado, registramos 440.380 llegadas de turistas europeos, de las cuales 66.599 proced\u00edan de Alemania, siendo el tercer pa\u00eds con mayor n\u00famero de llegadas del Viejo Continente. Esas cifras evidencian un incremento sostenido desde el a\u00f1o 2023, tendencia que se mantiene durante el primer mes de 2025 con un alza a doce meses del +9,7 %, por lo que estamos trabajando en mantener ese inter\u00e9s. Para eso estaremos presentes en ITB junto a una gran delegaci\u00f3n, con el firme objetivo de fortalecer las alianzas comerciales entre ambos pa\u00edses\u201d.<\/p>\n\n\n\n<p><strong>Chile en ITB 2025<\/strong><\/p>\n\n\n\n<p>La ITB de Berl\u00edn es una plataforma innovadora, a la vanguardia de la industria de turismo desde 1966. La feria y convenci\u00f3n de viajes congrega a los principales actores del sector de todo el mundo, tanto de forma presencial como en l\u00ednea.<\/p>\n\n\n\n<p>En los tres d\u00edas de la ITB Berl\u00edn, Chile estar\u00e1 representado por 23 coexpositores: seis alojamientos, catorce agencias receptivas, dos operadores de cruceros y una empresa de alquiler de veh\u00edculos; actores nacionales que brindar\u00e1n informaci\u00f3n y mostrar\u00e1n la oferta de Chile y sus distintas macrozonas.<\/p>\n\n\n\n<p>Las cartas de presentaci\u00f3n de Chile en el mercado europeo son sus macrozonas, altamente reconocidas: en el norte, destacan el desierto de Atacama, el altiplano, la ruta patrimonial de la cultura Chinchorro y valles ideales para el astroturismo; en la zona central, Santiago, Valpara\u00edso y zonas vitivin\u00edcolas; al sur, r\u00edos, lagos y volcanes adornan el paisaje; mientras que en la zona austral, glaciares y las afamadas Torres del Paine deslumbran con su belleza de paisajes patag\u00f3nicos; y finalmente la zona insular con Rapa Nui y los archipi\u00e9lagos de Juan Fern\u00e1ndez y Chilo\u00e9.<\/p>\n\n\n\n<p><strong>\u00a0Chile como sede de eventos internacionales en 2025<\/strong><\/p>\n\n\n\n<p>La popularidad de Chile se refleja no solo en el creciente n\u00famero de visitantes, sino tambi\u00e9n en su atractivo para eventos internacionales. 2025 es un a\u00f1o muy especial para el pa\u00eds, pues del 13 al 16 de octubre, la ciudad de Puerto Natales, en la Patagonia, ser\u00e1 sede de la cumbre anual de la Adventure Travel Trade Association (ATTA), que re\u00fane a turoperadores, profesionales y expertos en turismo aventura de todo el mundo, un evento que atraer\u00e1 a m\u00e1s de 800 visitantes de todo el mundo.<\/p>\n\n\n\n<p>&nbsp;Por otro lado, Chile ser\u00e1 el anfitri\u00f3n del primer Foro Gastron\u00f3mico para las Am\u00e9ricas de ONU Turismo, instancia donde la cocina local ser\u00e1 la protagonista y que espera congregar a actores clave del rubro a nivel mundial y autoridades de la regi\u00f3n. La fecha y la sede a\u00fan est\u00e1n por confirmar.<\/p>\n\n\n\n<p>&nbsp;Adem\u00e1s, se realizar\u00e1n otros eventos de nicho, como el que recibir\u00e1 Vi\u00f1a del Mar, que se convertir\u00e1 en el punto de encuentro para los amantes de la parrilla, con la realizaci\u00f3n del Intercontinental BBQ Champioship 2025, que albergar\u00e1 a 80 equipos provenientes de 40 pa\u00edses.<\/p>\n\n\n\n<p>El director de Sernatur, Crist\u00f3bal Ben\u00edtez, manifest\u00f3 que \u201cChile se convertir\u00e1 en una gran plataforma en 2025 para promover experiencias y conocer las \u00faltimas tendencias del sector, lo que a su vez nos permitir\u00e1 fomentar el intercambio de buenas pr\u00e1cticas con un enfoque sostenible de los destinos nacionales. Adem\u00e1s, ser sede de importantes eventos atraer\u00e1 considerables beneficios en los \u00e1mbitos tur\u00edstico y econ\u00f3mico para nuestro pa\u00eds, pues recibiremos a miles de visitantes que llegar\u00e1n al pa\u00eds\u201d.<\/p>\n\n\n\n<p>Cada uno de los eventos que se realizar\u00e1n durante 2025 es fundamental para seguir posicionando a Chile como un destino atractivo y diverso.<\/p>\n\n\n\n<p>Sernatur.cl<\/p>\n","protected":false},"excerpt":{"rendered":"<p>Chile. Chile participa en la ITB de Berl\u00edn, uno de los eventos de turismo m\u00e1s importante del circuito de ferias a nivel mundial, que se&hellip;<\/p>\n","protected":false},"author":2,"featured_media":9257,"comment_status":"open","ping_status":"closed","sticky":false,"template":"","format":"standard","meta":{"content-type":"","_lmt_disableupdate":"","_lmt_disable":"","footnotes":""},"categories":[6],"tags":[],"class_list":["post-9256","post","type-post","status-publish","format-standard","has-post-thumbnail","hentry","category-turismo"],"yoast_head":"<!-- This site is optimized with the Yoast SEO Premium plugin v27.4 (Yoast SEO v27.5) - https:\/\/yoast.com\/product\/yoast-seo-premium-wordpress\/ -->\n<title>Chile se presenta en ITB de Berl\u00edn como un destino diverso y sede de eventos internacionales - Realidad Tur\u00edstica<\/title>\n<meta name=\"robots\" content=\"index, follow, max-snippet:-1, max-image-preview:large, max-video-preview:-1\" \/>\n<link rel=\"canonical\" href=\"https:\/\/realidadturistica.com\/realtur\/chile-se-presenta-en-itb-de-berlin-como-un-destino-diverso-y-sede-de-eventos-internacionales\/\" \/>\n<meta property=\"og:locale\" content=\"es_ES\" \/>\n<meta property=\"og:type\" content=\"article\" \/>\n<meta property=\"og:title\" content=\"Chile se presenta en ITB de Berl\u00edn como un destino diverso y sede de eventos internacionales\" \/>\n<meta property=\"og:description\" content=\"Chile. Chile participa en la ITB de Berl\u00edn, uno de los eventos de turismo m\u00e1s importante del circuito de ferias a nivel mundial, que se&hellip;\" \/>\n<meta property=\"og:url\" content=\"https:\/\/realidadturistica.com\/realtur\/chile-se-presenta-en-itb-de-berlin-como-un-destino-diverso-y-sede-de-eventos-internacionales\/\" \/>\n<meta property=\"og:site_name\" content=\"Realidad Tur\u00edstica\" \/>\n<meta property=\"article:publisher\" content=\"https:\/\/www.facebook.com\/realidadturistica\" \/>\n<meta property=\"article:published_time\" content=\"2025-03-05T15:31:18+00:00\" \/>\n<meta property=\"article:modified_time\" content=\"2025-03-05T15:31:20+00:00\" \/>\n<meta property=\"og:image\" content=\"https:\/\/realidadturistica.com\/realtur\/wp-content\/uploads\/2025\/03\/Chile.jpg\" \/>\n\t<meta property=\"og:image:width\" content=\"2100\" \/>\n\t<meta property=\"og:image:height\" content=\"972\" \/>\n\t<meta property=\"og:image:type\" content=\"image\/jpeg\" \/>\n<meta name=\"author\" content=\"Editor\" \/>\n<meta name=\"twitter:card\" content=\"summary_large_image\" \/>\n<meta name=\"twitter:label1\" content=\"Escrito por\" \/>\n\t<meta name=\"twitter:data1\" content=\"Editor\" \/>\n\t<meta name=\"twitter:label2\" content=\"Tiempo de lectura\" \/>\n\t<meta name=\"twitter:data2\" content=\"5 minutos\" \/>\n<script type=\"application\/ld+json\" class=\"yoast-schema-graph\">{\"@context\":\"https:\\\/\\\/schema.org\",\"@graph\":[{\"@type\":\"Article\",\"@id\":\"https:\\\/\\\/realidadturistica.com\\\/realtur\\\/chile-se-presenta-en-itb-de-berlin-como-un-destino-diverso-y-sede-de-eventos-internacionales\\\/#article\",\"isPartOf\":{\"@id\":\"https:\\\/\\\/realidadturistica.com\\\/realtur\\\/chile-se-presenta-en-itb-de-berlin-como-un-destino-diverso-y-sede-de-eventos-internacionales\\\/\"},\"author\":{\"name\":\"Editor\",\"@id\":\"https:\\\/\\\/realidadturistica.com\\\/realtur\\\/#\\\/schema\\\/person\\\/ade671191202490fcf08ab21590de73e\"},\"headline\":\"Chile se presenta en ITB de Berl\u00edn como un destino diverso y sede de eventos internacionales\",\"datePublished\":\"2025-03-05T15:31:18+00:00\",\"dateModified\":\"2025-03-05T15:31:20+00:00\",\"mainEntityOfPage\":{\"@id\":\"https:\\\/\\\/realidadturistica.com\\\/realtur\\\/chile-se-presenta-en-itb-de-berlin-como-un-destino-diverso-y-sede-de-eventos-internacionales\\\/\"},\"wordCount\":949,\"commentCount\":0,\"publisher\":{\"@id\":\"https:\\\/\\\/realidadturistica.com\\\/realtur\\\/#organization\"},\"image\":{\"@id\":\"https:\\\/\\\/realidadturistica.com\\\/realtur\\\/chile-se-presenta-en-itb-de-berlin-como-un-destino-diverso-y-sede-de-eventos-internacionales\\\/#primaryimage\"},\"thumbnailUrl\":\"https:\\\/\\\/realidadturistica.com\\\/realtur\\\/wp-content\\\/uploads\\\/2025\\\/03\\\/Chile.jpg\",\"articleSection\":[\"Turismo\"],\"inLanguage\":\"es\",\"potentialAction\":[{\"@type\":\"CommentAction\",\"name\":\"Comment\",\"target\":[\"https:\\\/\\\/realidadturistica.com\\\/realtur\\\/chile-se-presenta-en-itb-de-berlin-como-un-destino-diverso-y-sede-de-eventos-internacionales\\\/#respond\"]}]},{\"@type\":\"WebPage\",\"@id\":\"https:\\\/\\\/realidadturistica.com\\\/realtur\\\/chile-se-presenta-en-itb-de-berlin-como-un-destino-diverso-y-sede-de-eventos-internacionales\\\/\",\"url\":\"https:\\\/\\\/realidadturistica.com\\\/realtur\\\/chile-se-presenta-en-itb-de-berlin-como-un-destino-diverso-y-sede-de-eventos-internacionales\\\/\",\"name\":\"Chile se presenta en ITB de Berl\u00edn como un destino diverso y sede de eventos internacionales - Realidad Tur\u00edstica\",\"isPartOf\":{\"@id\":\"https:\\\/\\\/realidadturistica.com\\\/realtur\\\/#website\"},\"primaryImageOfPage\":{\"@id\":\"https:\\\/\\\/realidadturistica.com\\\/realtur\\\/chile-se-presenta-en-itb-de-berlin-como-un-destino-diverso-y-sede-de-eventos-internacionales\\\/#primaryimage\"},\"image\":{\"@id\":\"https:\\\/\\\/realidadturistica.com\\\/realtur\\\/chile-se-presenta-en-itb-de-berlin-como-un-destino-diverso-y-sede-de-eventos-internacionales\\\/#primaryimage\"},\"thumbnailUrl\":\"https:\\\/\\\/realidadturistica.com\\\/realtur\\\/wp-content\\\/uploads\\\/2025\\\/03\\\/Chile.jpg\",\"datePublished\":\"2025-03-05T15:31:18+00:00\",\"dateModified\":\"2025-03-05T15:31:20+00:00\",\"breadcrumb\":{\"@id\":\"https:\\\/\\\/realidadturistica.com\\\/realtur\\\/chile-se-presenta-en-itb-de-berlin-como-un-destino-diverso-y-sede-de-eventos-internacionales\\\/#breadcrumb\"},\"inLanguage\":\"es\",\"potentialAction\":[{\"@type\":\"ReadAction\",\"target\":[\"https:\\\/\\\/realidadturistica.com\\\/realtur\\\/chile-se-presenta-en-itb-de-berlin-como-un-destino-diverso-y-sede-de-eventos-internacionales\\\/\"]}]},{\"@type\":\"ImageObject\",\"inLanguage\":\"es\",\"@id\":\"https:\\\/\\\/realidadturistica.com\\\/realtur\\\/chile-se-presenta-en-itb-de-berlin-como-un-destino-diverso-y-sede-de-eventos-internacionales\\\/#primaryimage\",\"url\":\"https:\\\/\\\/realidadturistica.com\\\/realtur\\\/wp-content\\\/uploads\\\/2025\\\/03\\\/Chile.jpg\",\"contentUrl\":\"https:\\\/\\\/realidadturistica.com\\\/realtur\\\/wp-content\\\/uploads\\\/2025\\\/03\\\/Chile.jpg\",\"width\":2100,\"height\":972},{\"@type\":\"BreadcrumbList\",\"@id\":\"https:\\\/\\\/realidadturistica.com\\\/realtur\\\/chile-se-presenta-en-itb-de-berlin-como-un-destino-diverso-y-sede-de-eventos-internacionales\\\/#breadcrumb\",\"itemListElement\":[{\"@type\":\"ListItem\",\"position\":1,\"name\":\"Portada\",\"item\":\"https:\\\/\\\/realidadturistica.com\\\/realtur\\\/\"},{\"@type\":\"ListItem\",\"position\":2,\"name\":\"Chile se presenta en ITB de Berl\u00edn como un destino diverso y sede de eventos internacionales\"}]},{\"@type\":\"WebSite\",\"@id\":\"https:\\\/\\\/realidadturistica.com\\\/realtur\\\/#website\",\"url\":\"https:\\\/\\\/realidadturistica.com\\\/realtur\\\/\",\"name\":\"Realidad Tur\u00edstica\",\"description\":\"\",\"publisher\":{\"@id\":\"https:\\\/\\\/realidadturistica.com\\\/realtur\\\/#organization\"},\"potentialAction\":[{\"@type\":\"SearchAction\",\"target\":{\"@type\":\"EntryPoint\",\"urlTemplate\":\"https:\\\/\\\/realidadturistica.com\\\/realtur\\\/?s={search_term_string}\"},\"query-input\":{\"@type\":\"PropertyValueSpecification\",\"valueRequired\":true,\"valueName\":\"search_term_string\"}}],\"inLanguage\":\"es\"},{\"@type\":\"Organization\",\"@id\":\"https:\\\/\\\/realidadturistica.com\\\/realtur\\\/#organization\",\"name\":\"Realidad Tur\u00edstica\",\"url\":\"https:\\\/\\\/realidadturistica.com\\\/realtur\\\/\",\"logo\":{\"@type\":\"ImageObject\",\"inLanguage\":\"es\",\"@id\":\"https:\\\/\\\/realidadturistica.com\\\/realtur\\\/#\\\/schema\\\/logo\\\/image\\\/\",\"url\":\"https:\\\/\\\/realidadturistica.com\\\/realtur\\\/wp-content\\\/uploads\\\/2021\\\/12\\\/logotipo-realidad-turistica.png\",\"contentUrl\":\"https:\\\/\\\/realidadturistica.com\\\/realtur\\\/wp-content\\\/uploads\\\/2021\\\/12\\\/logotipo-realidad-turistica.png\",\"width\":1382,\"height\":629,\"caption\":\"Realidad Tur\u00edstica\"},\"image\":{\"@id\":\"https:\\\/\\\/realidadturistica.com\\\/realtur\\\/#\\\/schema\\\/logo\\\/image\\\/\"},\"sameAs\":[\"https:\\\/\\\/www.facebook.com\\\/realidadturistica\",\"https:\\\/\\\/www.instagram.com\\\/realidad_turistica\\\/\"]},{\"@type\":\"Person\",\"@id\":\"https:\\\/\\\/realidadturistica.com\\\/realtur\\\/#\\\/schema\\\/person\\\/ade671191202490fcf08ab21590de73e\",\"name\":\"Editor\",\"image\":{\"@type\":\"ImageObject\",\"inLanguage\":\"es\",\"@id\":\"https:\\\/\\\/realidadturistica.com\\\/realtur\\\/wp-content\\\/uploads\\\/2023\\\/09\\\/Editor_avatar_1693668634-96x96.png\",\"url\":\"https:\\\/\\\/realidadturistica.com\\\/realtur\\\/wp-content\\\/uploads\\\/2023\\\/09\\\/Editor_avatar_1693668634-96x96.png\",\"contentUrl\":\"https:\\\/\\\/realidadturistica.com\\\/realtur\\\/wp-content\\\/uploads\\\/2023\\\/09\\\/Editor_avatar_1693668634-96x96.png\",\"caption\":\"Editor\"},\"sameAs\":[\"https:\\\/\\\/realidadturistica.com\\\/realtur\"],\"url\":\"https:\\\/\\\/realidadturistica.com\\\/realtur\\\/author\\\/editor2\\\/\"}]}<\/script>\n<!-- \/ Yoast SEO Premium plugin. -->","yoast_head_json":{"title":"Chile se presenta en ITB de Berl\u00edn como un destino diverso y sede de eventos internacionales - Realidad Tur\u00edstica","robots":{"index":"index","follow":"follow","max-snippet":"max-snippet:-1","max-image-preview":"max-image-preview:large","max-video-preview":"max-video-preview:-1"},"canonical":"https:\/\/realidadturistica.com\/realtur\/chile-se-presenta-en-itb-de-berlin-como-un-destino-diverso-y-sede-de-eventos-internacionales\/","og_locale":"es_ES","og_type":"article","og_title":"Chile se presenta en ITB de Berl\u00edn como un destino diverso y sede de eventos internacionales","og_description":"Chile. Chile participa en la ITB de Berl\u00edn, uno de los eventos de turismo m\u00e1s importante del circuito de ferias a nivel mundial, que se&hellip;","og_url":"https:\/\/realidadturistica.com\/realtur\/chile-se-presenta-en-itb-de-berlin-como-un-destino-diverso-y-sede-de-eventos-internacionales\/","og_site_name":"Realidad Tur\u00edstica","article_publisher":"https:\/\/www.facebook.com\/realidadturistica","article_published_time":"2025-03-05T15:31:18+00:00","article_modified_time":"2025-03-05T15:31:20+00:00","og_image":[{"width":2100,"height":972,"url":"https:\/\/realidadturistica.com\/realtur\/wp-content\/uploads\/2025\/03\/Chile.jpg","type":"image\/jpeg"}],"author":"Editor","twitter_card":"summary_large_image","twitter_misc":{"Escrito por":"Editor","Tiempo de lectura":"5 minutos"},"schema":{"@context":"https:\/\/schema.org","@graph":[{"@type":"Article","@id":"https:\/\/realidadturistica.com\/realtur\/chile-se-presenta-en-itb-de-berlin-como-un-destino-diverso-y-sede-de-eventos-internacionales\/#article","isPartOf":{"@id":"https:\/\/realidadturistica.com\/realtur\/chile-se-presenta-en-itb-de-berlin-como-un-destino-diverso-y-sede-de-eventos-internacionales\/"},"author":{"name":"Editor","@id":"https:\/\/realidadturistica.com\/realtur\/#\/schema\/person\/ade671191202490fcf08ab21590de73e"},"headline":"Chile se presenta en ITB de Berl\u00edn como un destino diverso y sede de eventos internacionales","datePublished":"2025-03-05T15:31:18+00:00","dateModified":"2025-03-05T15:31:20+00:00","mainEntityOfPage":{"@id":"https:\/\/realidadturistica.com\/realtur\/chile-se-presenta-en-itb-de-berlin-como-un-destino-diverso-y-sede-de-eventos-internacionales\/"},"wordCount":949,"commentCount":0,"publisher":{"@id":"https:\/\/realidadturistica.com\/realtur\/#organization"},"image":{"@id":"https:\/\/realidadturistica.com\/realtur\/chile-se-presenta-en-itb-de-berlin-como-un-destino-diverso-y-sede-de-eventos-internacionales\/#primaryimage"},"thumbnailUrl":"https:\/\/realidadturistica.com\/realtur\/wp-content\/uploads\/2025\/03\/Chile.jpg","articleSection":["Turismo"],"inLanguage":"es","potentialAction":[{"@type":"CommentAction","name":"Comment","target":["https:\/\/realidadturistica.com\/realtur\/chile-se-presenta-en-itb-de-berlin-como-un-destino-diverso-y-sede-de-eventos-internacionales\/#respond"]}]},{"@type":"WebPage","@id":"https:\/\/realidadturistica.com\/realtur\/chile-se-presenta-en-itb-de-berlin-como-un-destino-diverso-y-sede-de-eventos-internacionales\/","url":"https:\/\/realidadturistica.com\/realtur\/chile-se-presenta-en-itb-de-berlin-como-un-destino-diverso-y-sede-de-eventos-internacionales\/","name":"Chile se presenta en ITB de Berl\u00edn como un destino diverso y sede de eventos internacionales - Realidad Tur\u00edstica","isPartOf":{"@id":"https:\/\/realidadturistica.com\/realtur\/#website"},"primaryImageOfPage":{"@id":"https:\/\/realidadturistica.com\/realtur\/chile-se-presenta-en-itb-de-berlin-como-un-destino-diverso-y-sede-de-eventos-internacionales\/#primaryimage"},"image":{"@id":"https:\/\/realidadturistica.com\/realtur\/chile-se-presenta-en-itb-de-berlin-como-un-destino-diverso-y-sede-de-eventos-internacionales\/#primaryimage"},"thumbnailUrl":"https:\/\/realidadturistica.com\/realtur\/wp-content\/uploads\/2025\/03\/Chile.jpg","datePublished":"2025-03-05T15:31:18+00:00","dateModified":"2025-03-05T15:31:20+00:00","breadcrumb":{"@id":"https:\/\/realidadturistica.com\/realtur\/chile-se-presenta-en-itb-de-berlin-como-un-destino-diverso-y-sede-de-eventos-internacionales\/#breadcrumb"},"inLanguage":"es","potentialAction":[{"@type":"ReadAction","target":["https:\/\/realidadturistica.com\/realtur\/chile-se-presenta-en-itb-de-berlin-como-un-destino-diverso-y-sede-de-eventos-internacionales\/"]}]},{"@type":"ImageObject","inLanguage":"es","@id":"https:\/\/realidadturistica.com\/realtur\/chile-se-presenta-en-itb-de-berlin-como-un-destino-diverso-y-sede-de-eventos-internacionales\/#primaryimage","url":"https:\/\/realidadturistica.com\/realtur\/wp-content\/uploads\/2025\/03\/Chile.jpg","contentUrl":"https:\/\/realidadturistica.com\/realtur\/wp-content\/uploads\/2025\/03\/Chile.jpg","width":2100,"height":972},{"@type":"BreadcrumbList","@id":"https:\/\/realidadturistica.com\/realtur\/chile-se-presenta-en-itb-de-berlin-como-un-destino-diverso-y-sede-de-eventos-internacionales\/#breadcrumb","itemListElement":[{"@type":"ListItem","position":1,"name":"Portada","item":"https:\/\/realidadturistica.com\/realtur\/"},{"@type":"ListItem","position":2,"name":"Chile se presenta en ITB de Berl\u00edn como un destino diverso y sede de eventos internacionales"}]},{"@type":"WebSite","@id":"https:\/\/realidadturistica.com\/realtur\/#website","url":"https:\/\/realidadturistica.com\/realtur\/","name":"Realidad Tur\u00edstica","description":"","publisher":{"@id":"https:\/\/realidadturistica.com\/realtur\/#organization"},"potentialAction":[{"@type":"SearchAction","target":{"@type":"EntryPoint","urlTemplate":"https:\/\/realidadturistica.com\/realtur\/?s={search_term_string}"},"query-input":{"@type":"PropertyValueSpecification","valueRequired":true,"valueName":"search_term_string"}}],"inLanguage":"es"},{"@type":"Organization","@id":"https:\/\/realidadturistica.com\/realtur\/#organization","name":"Realidad Tur\u00edstica","url":"https:\/\/realidadturistica.com\/realtur\/","logo":{"@type":"ImageObject","inLanguage":"es","@id":"https:\/\/realidadturistica.com\/realtur\/#\/schema\/logo\/image\/","url":"https:\/\/realidadturistica.com\/realtur\/wp-content\/uploads\/2021\/12\/logotipo-realidad-turistica.png","contentUrl":"https:\/\/realidadturistica.com\/realtur\/wp-content\/uploads\/2021\/12\/logotipo-realidad-turistica.png","width":1382,"height":629,"caption":"Realidad Tur\u00edstica"},"image":{"@id":"https:\/\/realidadturistica.com\/realtur\/#\/schema\/logo\/image\/"},"sameAs":["https:\/\/www.facebook.com\/realidadturistica","https:\/\/www.instagram.com\/realidad_turistica\/"]},{"@type":"Person","@id":"https:\/\/realidadturistica.com\/realtur\/#\/schema\/person\/ade671191202490fcf08ab21590de73e","name":"Editor","image":{"@type":"ImageObject","inLanguage":"es","@id":"https:\/\/realidadturistica.com\/realtur\/wp-content\/uploads\/2023\/09\/Editor_avatar_1693668634-96x96.png","url":"https:\/\/realidadturistica.com\/realtur\/wp-content\/uploads\/2023\/09\/Editor_avatar_1693668634-96x96.png","contentUrl":"https:\/\/realidadturistica.com\/realtur\/wp-content\/uploads\/2023\/09\/Editor_avatar_1693668634-96x96.png","caption":"Editor"},"sameAs":["https:\/\/realidadturistica.com\/realtur"],"url":"https:\/\/realidadturistica.com\/realtur\/author\/editor2\/"}]}},"_links":{"self":[{"href":"https:\/\/realidadturistica.com\/realtur\/wp-json\/wp\/v2\/posts\/9256","targetHints":{"allow":["GET"]}}],"collection":[{"href":"https:\/\/realidadturistica.com\/realtur\/wp-json\/wp\/v2\/posts"}],"about":[{"href":"https:\/\/realidadturistica.com\/realtur\/wp-json\/wp\/v2\/types\/post"}],"author":[{"embeddable":true,"href":"https:\/\/realidadturistica.com\/realtur\/wp-json\/wp\/v2\/users\/2"}],"replies":[{"embeddable":true,"href":"https:\/\/realidadturistica.com\/realtur\/wp-json\/wp\/v2\/comments?post=9256"}],"version-history":[{"count":1,"href":"https:\/\/realidadturistica.com\/realtur\/wp-json\/wp\/v2\/posts\/9256\/revisions"}],"predecessor-version":[{"id":9258,"href":"https:\/\/realidadturistica.com\/realtur\/wp-json\/wp\/v2\/posts\/9256\/revisions\/9258"}],"wp:featuredmedia":[{"embeddable":true,"href":"https:\/\/realidadturistica.com\/realtur\/wp-json\/wp\/v2\/media\/9257"}],"wp:attachment":[{"href":"https:\/\/realidadturistica.com\/realtur\/wp-json\/wp\/v2\/media?parent=9256"}],"wp:term":[{"taxonomy":"category","embeddable":true,"href":"https:\/\/realidadturistica.com\/realtur\/wp-json\/wp\/v2\/categories?post=9256"},{"taxonomy":"post_tag","embeddable":true,"href":"https:\/\/realidadturistica.com\/realtur\/wp-json\/wp\/v2\/tags?post=9256"}],"curies":[{"name":"wp","href":"https:\/\/api.w.org\/{rel}","templated":true}]}}