{"id":9272,"date":"2025-03-12T04:28:44","date_gmt":"2025-03-12T04:28:44","guid":{"rendered":"https:\/\/realidadturistica.com\/realtur\/?p=9272"},"modified":"2025-03-12T04:28:46","modified_gmt":"2025-03-12T04:28:46","slug":"santa-lucia-se-prepara-para-la-llegada-de-la-33a-edicion-de-la-fiesta-de-la-cerveza","status":"publish","type":"post","link":"https:\/\/realidadturistica.com\/realtur\/santa-lucia-se-prepara-para-la-llegada-de-la-33a-edicion-de-la-fiesta-de-la-cerveza\/","title":{"rendered":"Santa Luc\u00eda se prepara para la llegada de la 33\u00aa edici\u00f3n de la Fiesta de la Cerveza"},"content":{"rendered":"\n<p class=\"wp-block-yoast-seo-estimated-reading-time yoast-reading-time__wrapper\"><span class=\"yoast-reading-time__icon\"><svg aria-hidden=\"true\" focusable=\"false\" data-icon=\"clock\" width=\"20\" height=\"20\" fill=\"none\" stroke=\"currentColor\" style=\"display:inline-block;vertical-align:-0.1em\" role=\"img\" xmlns=\"http:\/\/www.w3.org\/2000\/svg\" viewBox=\"0 0 24 24\"><path stroke-linecap=\"round\" stroke-linejoin=\"round\" stroke-width=\"2\" d=\"M12 8v4l3 3m6-3a9 9 0 11-18 0 9 9 0 0118 0z\"><\/path><\/svg><\/span><span class=\"yoast-reading-time__spacer\" style=\"display:inline-block;width:1em\"><\/span><span class=\"yoast-reading-time__descriptive-text\">Estimated reading time: <\/span><span class=\"yoast-reading-time__reading-time\">3<\/span><span class=\"yoast-reading-time__time-unit\"> minutos<\/span><\/p>\n\n\n\n<p>Uruguay. El lanzamiento se llev\u00f3 a cabo este viernes 7 de marzo en la Sala Arredondo del Ministerio de Turismo, y cont\u00f3 con la participaci\u00f3n del Ministro de Turismo, Mag. Pablo Menoni, el representante de la Comisi\u00f3n de Turismo de Santa Luc\u00eda, Javier Icasuriaga, el representante de la Comisi\u00f3n Club \u00bb23 de Marzo\u00bb, Ra\u00fal Estramil y la representante de la Comisi\u00f3n Corazones Solidarios, Veronica Estramil.<\/p>\n\n\n\n<p>Santa Luc\u00eda se prepara para la llegada de la 33\u00aa edici\u00f3n de la Fiesta de la Cerveza<\/p>\n\n\n\n<p>El Ministro de Turismo, Mag. Pablo Menoni, expres\u00f3 que \u201cla 33\u00aa edici\u00f3n no es poca cosa, m\u00e1s a\u00fan teniendo en cuenta el apoyo a la Escuela 156 que lleva un nombre ilustre, uno de los cient\u00edficos m\u00e1s destacados de Uruguay, Clemente Estable, un bi\u00f3logo de primera l\u00ednea\u201d, y resalt\u00f3 que pueden seguir contando con el apoyo del MINTUR.<\/p>\n\n\n\n<p>El&nbsp; representante de la Comisi\u00f3n de Turismo de&nbsp; Santa Luc\u00eda, Javier Icasuriaga, record\u00f3 la rica historia de este sitio, comunicando el objetivo de \u201cimpulsar la parte hist\u00f3rica, donde uno de los circuitos de llama \u201cHistoria y Naturaleza\u201d.<\/p>\n\n\n\n<p>Resaltando el resto de las actividades, como por ejemplo, visitar a las bodegas de la ciudad.<\/p>\n\n\n\n<p>El representante de la Comisi\u00f3n Club \u00bb23 de Marzo\u00bb, Ra\u00fal Estramil, destac\u00f3 que su instituci\u00f3n cumple 98 a\u00f1os, \u201cun patrimonio social, cultural y edilicio de los m\u00e1s importantes de la regi\u00f3n\u201d. Adem\u00e1s invit\u00f3 a organizaciones a ser parte de la fiesta m\u00e1s antigua de la ciudad, recordando que fue la primera en ser declarada de inter\u00e9s tur\u00edstico del Uruguay.<\/p>\n\n\n\n<p>Por \u00faltimo la representante de la Comisi\u00f3n Corazones Solidarios, Ver\u00f3nica Estramil, quien tambi\u00e9n representa a la Escuela 156 \u201cClemente Estable\u201d (\u00fanica escuela de tiempo completo de Santa Luc\u00eda) y que este 26 de junio cumple 75 a\u00f1os, manifest\u00f3 \u201cqueremos dejar algo en nuestra escuela, aportar a nuestra instituci\u00f3n que hoy est\u00e1 necesitando de un \u00e1rea techada que hoy no contamos con ese espacio, tanto para uso de la escuela como de la comunidad y todo lo recaudado en este evento junto al club lo vamos a destinar 100% a poder realizar esta \u00e1rea para todos nuestros ni\u00f1os\u201d.<\/p>\n\n\n\n<p>El evento se llevar\u00e1 a cabo del jueves 13 al domingo 16 de marzo en la Plaza Tom\u00e1s Berreta, Santa Luc\u00eda, y contar\u00e1 con una variada grilla de actividades y presentaciones art\u00edsticas. La Fiesta de la Cerveza se ha consolidado como un referente cultural y gastron\u00f3mico en la regi\u00f3n, ofreciendo una experiencia \u00fanica para personas de todas las edades.<\/p>\n\n\n\n<p>Los asistentes podr\u00e1n disfrutar de una variada oferta gastron\u00f3mica, emprendimientos locales y espect\u00e1culos de primer nivel, con la participaci\u00f3n de destacados exponentes tanto del \u00e1mbito local como nacional.<\/p>\n\n\n\n<p>Grilla de espect\u00e1culos<\/p>\n\n\n\n<p>&#8211; Vi-Em<\/p>\n\n\n\n<p>&#8211; Rolando Paz<\/p>\n\n\n\n<p>&#8211; Jam\u00e1ica<\/p>\n\n\n\n<p>&#8211; Sociedad An\u00f3nima<\/p>\n\n\n\n<p>&#8211; La Tuleca<\/p>\n\n\n\n<p>&#8211; Agarrate Catalina<\/p>\n\n\n\n<p>&#8211; De Frente y Mano<\/p>\n\n\n\n<p>&#8211; Cristian Rojas y su Banda<\/p>\n\n\n\n<p>&#8211; Ballet Folcl\u00f3rico San Jos\u00e9<\/p>\n\n\n\n<p>&#8211; Carolina Gonz\u00e1lez<\/p>\n\n\n\n<p>&#8211; Kamikaze<\/p>\n\n\n\n<p>&#8211; Franluk<\/p>\n\n\n\n<p>&#8211; Juan Barreto<\/p>\n\n\n\n<p>&#8211; Lo que venga<\/p>\n\n\n\n<p>&#8211; El Resto<\/p>\n\n\n\n<p>www.gub.uy<\/p>\n","protected":false},"excerpt":{"rendered":"<p>Uruguay. El lanzamiento se llev\u00f3 a cabo este viernes 7 de marzo en la Sala Arredondo del Ministerio de Turismo, y cont\u00f3 con la participaci\u00f3n&hellip;<\/p>\n","protected":false},"author":2,"featured_media":9273,"comment_status":"open","ping_status":"closed","sticky":false,"template":"","format":"standard","meta":{"content-type":"","_lmt_disableupdate":"","_lmt_disable":"","footnotes":""},"categories":[4],"tags":[],"class_list":["post-9272","post","type-post","status-publish","format-standard","has-post-thumbnail","hentry","category-destinos"],"yoast_head":"<!-- This site is optimized with the Yoast SEO Premium plugin v27.4 (Yoast SEO v27.4) - https:\/\/yoast.com\/product\/yoast-seo-premium-wordpress\/ -->\n<title>Santa Luc\u00eda se prepara para la llegada de la 33\u00aa edici\u00f3n de la Fiesta de la Cerveza - Realidad Tur\u00edstica<\/title>\n<meta name=\"robots\" content=\"index, follow, max-snippet:-1, max-image-preview:large, max-video-preview:-1\" \/>\n<link rel=\"canonical\" href=\"https:\/\/realidadturistica.com\/realtur\/santa-lucia-se-prepara-para-la-llegada-de-la-33a-edicion-de-la-fiesta-de-la-cerveza\/\" \/>\n<meta property=\"og:locale\" content=\"es_ES\" \/>\n<meta property=\"og:type\" content=\"article\" \/>\n<meta property=\"og:title\" content=\"Santa Luc\u00eda se prepara para la llegada de la 33\u00aa edici\u00f3n de la Fiesta de la Cerveza\" \/>\n<meta property=\"og:description\" content=\"Uruguay. El lanzamiento se llev\u00f3 a cabo este viernes 7 de marzo en la Sala Arredondo del Ministerio de Turismo, y cont\u00f3 con la participaci\u00f3n&hellip;\" \/>\n<meta property=\"og:url\" content=\"https:\/\/realidadturistica.com\/realtur\/santa-lucia-se-prepara-para-la-llegada-de-la-33a-edicion-de-la-fiesta-de-la-cerveza\/\" \/>\n<meta property=\"og:site_name\" content=\"Realidad Tur\u00edstica\" \/>\n<meta property=\"article:publisher\" content=\"https:\/\/www.facebook.com\/realidadturistica\" \/>\n<meta property=\"article:published_time\" content=\"2025-03-12T04:28:44+00:00\" \/>\n<meta property=\"article:modified_time\" content=\"2025-03-12T04:28:46+00:00\" \/>\n<meta property=\"og:image\" content=\"https:\/\/realidadturistica.com\/realtur\/wp-content\/uploads\/2025\/03\/Santa-Lucia.jpg\" \/>\n\t<meta property=\"og:image:width\" content=\"945\" \/>\n\t<meta property=\"og:image:height\" content=\"709\" \/>\n\t<meta property=\"og:image:type\" content=\"image\/jpeg\" \/>\n<meta name=\"author\" content=\"Editor\" \/>\n<meta name=\"twitter:card\" content=\"summary_large_image\" \/>\n<meta name=\"twitter:label1\" content=\"Escrito por\" \/>\n\t<meta name=\"twitter:data1\" content=\"Editor\" \/>\n\t<meta name=\"twitter:label2\" content=\"Tiempo de lectura\" \/>\n\t<meta name=\"twitter:data2\" content=\"3 minutos\" \/>\n<script type=\"application\/ld+json\" class=\"yoast-schema-graph\">{\"@context\":\"https:\\\/\\\/schema.org\",\"@graph\":[{\"@type\":\"Article\",\"@id\":\"https:\\\/\\\/realidadturistica.com\\\/realtur\\\/santa-lucia-se-prepara-para-la-llegada-de-la-33a-edicion-de-la-fiesta-de-la-cerveza\\\/#article\",\"isPartOf\":{\"@id\":\"https:\\\/\\\/realidadturistica.com\\\/realtur\\\/santa-lucia-se-prepara-para-la-llegada-de-la-33a-edicion-de-la-fiesta-de-la-cerveza\\\/\"},\"author\":{\"name\":\"Editor\",\"@id\":\"https:\\\/\\\/realidadturistica.com\\\/realtur\\\/#\\\/schema\\\/person\\\/ade671191202490fcf08ab21590de73e\"},\"headline\":\"Santa Luc\u00eda se prepara para la llegada de la 33\u00aa edici\u00f3n de la Fiesta de la Cerveza\",\"datePublished\":\"2025-03-12T04:28:44+00:00\",\"dateModified\":\"2025-03-12T04:28:46+00:00\",\"mainEntityOfPage\":{\"@id\":\"https:\\\/\\\/realidadturistica.com\\\/realtur\\\/santa-lucia-se-prepara-para-la-llegada-de-la-33a-edicion-de-la-fiesta-de-la-cerveza\\\/\"},\"wordCount\":551,\"commentCount\":0,\"publisher\":{\"@id\":\"https:\\\/\\\/realidadturistica.com\\\/realtur\\\/#organization\"},\"image\":{\"@id\":\"https:\\\/\\\/realidadturistica.com\\\/realtur\\\/santa-lucia-se-prepara-para-la-llegada-de-la-33a-edicion-de-la-fiesta-de-la-cerveza\\\/#primaryimage\"},\"thumbnailUrl\":\"https:\\\/\\\/realidadturistica.com\\\/realtur\\\/wp-content\\\/uploads\\\/2025\\\/03\\\/Santa-Lucia.jpg\",\"articleSection\":[\"Destinos M\u00e1gicos\"],\"inLanguage\":\"es\",\"potentialAction\":[{\"@type\":\"CommentAction\",\"name\":\"Comment\",\"target\":[\"https:\\\/\\\/realidadturistica.com\\\/realtur\\\/santa-lucia-se-prepara-para-la-llegada-de-la-33a-edicion-de-la-fiesta-de-la-cerveza\\\/#respond\"]}]},{\"@type\":\"WebPage\",\"@id\":\"https:\\\/\\\/realidadturistica.com\\\/realtur\\\/santa-lucia-se-prepara-para-la-llegada-de-la-33a-edicion-de-la-fiesta-de-la-cerveza\\\/\",\"url\":\"https:\\\/\\\/realidadturistica.com\\\/realtur\\\/santa-lucia-se-prepara-para-la-llegada-de-la-33a-edicion-de-la-fiesta-de-la-cerveza\\\/\",\"name\":\"Santa Luc\u00eda se prepara para la llegada de la 33\u00aa edici\u00f3n de la Fiesta de la Cerveza - Realidad Tur\u00edstica\",\"isPartOf\":{\"@id\":\"https:\\\/\\\/realidadturistica.com\\\/realtur\\\/#website\"},\"primaryImageOfPage\":{\"@id\":\"https:\\\/\\\/realidadturistica.com\\\/realtur\\\/santa-lucia-se-prepara-para-la-llegada-de-la-33a-edicion-de-la-fiesta-de-la-cerveza\\\/#primaryimage\"},\"image\":{\"@id\":\"https:\\\/\\\/realidadturistica.com\\\/realtur\\\/santa-lucia-se-prepara-para-la-llegada-de-la-33a-edicion-de-la-fiesta-de-la-cerveza\\\/#primaryimage\"},\"thumbnailUrl\":\"https:\\\/\\\/realidadturistica.com\\\/realtur\\\/wp-content\\\/uploads\\\/2025\\\/03\\\/Santa-Lucia.jpg\",\"datePublished\":\"2025-03-12T04:28:44+00:00\",\"dateModified\":\"2025-03-12T04:28:46+00:00\",\"breadcrumb\":{\"@id\":\"https:\\\/\\\/realidadturistica.com\\\/realtur\\\/santa-lucia-se-prepara-para-la-llegada-de-la-33a-edicion-de-la-fiesta-de-la-cerveza\\\/#breadcrumb\"},\"inLanguage\":\"es\",\"potentialAction\":[{\"@type\":\"ReadAction\",\"target\":[\"https:\\\/\\\/realidadturistica.com\\\/realtur\\\/santa-lucia-se-prepara-para-la-llegada-de-la-33a-edicion-de-la-fiesta-de-la-cerveza\\\/\"]}]},{\"@type\":\"ImageObject\",\"inLanguage\":\"es\",\"@id\":\"https:\\\/\\\/realidadturistica.com\\\/realtur\\\/santa-lucia-se-prepara-para-la-llegada-de-la-33a-edicion-de-la-fiesta-de-la-cerveza\\\/#primaryimage\",\"url\":\"https:\\\/\\\/realidadturistica.com\\\/realtur\\\/wp-content\\\/uploads\\\/2025\\\/03\\\/Santa-Lucia.jpg\",\"contentUrl\":\"https:\\\/\\\/realidadturistica.com\\\/realtur\\\/wp-content\\\/uploads\\\/2025\\\/03\\\/Santa-Lucia.jpg\",\"width\":945,\"height\":709},{\"@type\":\"BreadcrumbList\",\"@id\":\"https:\\\/\\\/realidadturistica.com\\\/realtur\\\/santa-lucia-se-prepara-para-la-llegada-de-la-33a-edicion-de-la-fiesta-de-la-cerveza\\\/#breadcrumb\",\"itemListElement\":[{\"@type\":\"ListItem\",\"position\":1,\"name\":\"Portada\",\"item\":\"https:\\\/\\\/realidadturistica.com\\\/realtur\\\/\"},{\"@type\":\"ListItem\",\"position\":2,\"name\":\"Santa Luc\u00eda se prepara para la llegada de la 33\u00aa edici\u00f3n de la Fiesta de la Cerveza\"}]},{\"@type\":\"WebSite\",\"@id\":\"https:\\\/\\\/realidadturistica.com\\\/realtur\\\/#website\",\"url\":\"https:\\\/\\\/realidadturistica.com\\\/realtur\\\/\",\"name\":\"Realidad Tur\u00edstica\",\"description\":\"\",\"publisher\":{\"@id\":\"https:\\\/\\\/realidadturistica.com\\\/realtur\\\/#organization\"},\"potentialAction\":[{\"@type\":\"SearchAction\",\"target\":{\"@type\":\"EntryPoint\",\"urlTemplate\":\"https:\\\/\\\/realidadturistica.com\\\/realtur\\\/?s={search_term_string}\"},\"query-input\":{\"@type\":\"PropertyValueSpecification\",\"valueRequired\":true,\"valueName\":\"search_term_string\"}}],\"inLanguage\":\"es\"},{\"@type\":\"Organization\",\"@id\":\"https:\\\/\\\/realidadturistica.com\\\/realtur\\\/#organization\",\"name\":\"Realidad Tur\u00edstica\",\"url\":\"https:\\\/\\\/realidadturistica.com\\\/realtur\\\/\",\"logo\":{\"@type\":\"ImageObject\",\"inLanguage\":\"es\",\"@id\":\"https:\\\/\\\/realidadturistica.com\\\/realtur\\\/#\\\/schema\\\/logo\\\/image\\\/\",\"url\":\"https:\\\/\\\/realidadturistica.com\\\/realtur\\\/wp-content\\\/uploads\\\/2021\\\/12\\\/logotipo-realidad-turistica.png\",\"contentUrl\":\"https:\\\/\\\/realidadturistica.com\\\/realtur\\\/wp-content\\\/uploads\\\/2021\\\/12\\\/logotipo-realidad-turistica.png\",\"width\":1382,\"height\":629,\"caption\":\"Realidad Tur\u00edstica\"},\"image\":{\"@id\":\"https:\\\/\\\/realidadturistica.com\\\/realtur\\\/#\\\/schema\\\/logo\\\/image\\\/\"},\"sameAs\":[\"https:\\\/\\\/www.facebook.com\\\/realidadturistica\",\"https:\\\/\\\/www.instagram.com\\\/realidad_turistica\\\/\"]},{\"@type\":\"Person\",\"@id\":\"https:\\\/\\\/realidadturistica.com\\\/realtur\\\/#\\\/schema\\\/person\\\/ade671191202490fcf08ab21590de73e\",\"name\":\"Editor\",\"image\":{\"@type\":\"ImageObject\",\"inLanguage\":\"es\",\"@id\":\"https:\\\/\\\/realidadturistica.com\\\/realtur\\\/wp-content\\\/uploads\\\/2023\\\/09\\\/Editor_avatar_1693668634-96x96.png\",\"url\":\"https:\\\/\\\/realidadturistica.com\\\/realtur\\\/wp-content\\\/uploads\\\/2023\\\/09\\\/Editor_avatar_1693668634-96x96.png\",\"contentUrl\":\"https:\\\/\\\/realidadturistica.com\\\/realtur\\\/wp-content\\\/uploads\\\/2023\\\/09\\\/Editor_avatar_1693668634-96x96.png\",\"caption\":\"Editor\"},\"sameAs\":[\"https:\\\/\\\/realidadturistica.com\\\/realtur\"],\"url\":\"https:\\\/\\\/realidadturistica.com\\\/realtur\\\/author\\\/editor2\\\/\"}]}<\/script>\n<!-- \/ Yoast SEO Premium plugin. -->","yoast_head_json":{"title":"Santa Luc\u00eda se prepara para la llegada de la 33\u00aa edici\u00f3n de la Fiesta de la Cerveza - Realidad Tur\u00edstica","robots":{"index":"index","follow":"follow","max-snippet":"max-snippet:-1","max-image-preview":"max-image-preview:large","max-video-preview":"max-video-preview:-1"},"canonical":"https:\/\/realidadturistica.com\/realtur\/santa-lucia-se-prepara-para-la-llegada-de-la-33a-edicion-de-la-fiesta-de-la-cerveza\/","og_locale":"es_ES","og_type":"article","og_title":"Santa Luc\u00eda se prepara para la llegada de la 33\u00aa edici\u00f3n de la Fiesta de la Cerveza","og_description":"Uruguay. El lanzamiento se llev\u00f3 a cabo este viernes 7 de marzo en la Sala Arredondo del Ministerio de Turismo, y cont\u00f3 con la participaci\u00f3n&hellip;","og_url":"https:\/\/realidadturistica.com\/realtur\/santa-lucia-se-prepara-para-la-llegada-de-la-33a-edicion-de-la-fiesta-de-la-cerveza\/","og_site_name":"Realidad Tur\u00edstica","article_publisher":"https:\/\/www.facebook.com\/realidadturistica","article_published_time":"2025-03-12T04:28:44+00:00","article_modified_time":"2025-03-12T04:28:46+00:00","og_image":[{"width":945,"height":709,"url":"https:\/\/realidadturistica.com\/realtur\/wp-content\/uploads\/2025\/03\/Santa-Lucia.jpg","type":"image\/jpeg"}],"author":"Editor","twitter_card":"summary_large_image","twitter_misc":{"Escrito por":"Editor","Tiempo de lectura":"3 minutos"},"schema":{"@context":"https:\/\/schema.org","@graph":[{"@type":"Article","@id":"https:\/\/realidadturistica.com\/realtur\/santa-lucia-se-prepara-para-la-llegada-de-la-33a-edicion-de-la-fiesta-de-la-cerveza\/#article","isPartOf":{"@id":"https:\/\/realidadturistica.com\/realtur\/santa-lucia-se-prepara-para-la-llegada-de-la-33a-edicion-de-la-fiesta-de-la-cerveza\/"},"author":{"name":"Editor","@id":"https:\/\/realidadturistica.com\/realtur\/#\/schema\/person\/ade671191202490fcf08ab21590de73e"},"headline":"Santa Luc\u00eda se prepara para la llegada de la 33\u00aa edici\u00f3n de la Fiesta de la Cerveza","datePublished":"2025-03-12T04:28:44+00:00","dateModified":"2025-03-12T04:28:46+00:00","mainEntityOfPage":{"@id":"https:\/\/realidadturistica.com\/realtur\/santa-lucia-se-prepara-para-la-llegada-de-la-33a-edicion-de-la-fiesta-de-la-cerveza\/"},"wordCount":551,"commentCount":0,"publisher":{"@id":"https:\/\/realidadturistica.com\/realtur\/#organization"},"image":{"@id":"https:\/\/realidadturistica.com\/realtur\/santa-lucia-se-prepara-para-la-llegada-de-la-33a-edicion-de-la-fiesta-de-la-cerveza\/#primaryimage"},"thumbnailUrl":"https:\/\/realidadturistica.com\/realtur\/wp-content\/uploads\/2025\/03\/Santa-Lucia.jpg","articleSection":["Destinos M\u00e1gicos"],"inLanguage":"es","potentialAction":[{"@type":"CommentAction","name":"Comment","target":["https:\/\/realidadturistica.com\/realtur\/santa-lucia-se-prepara-para-la-llegada-de-la-33a-edicion-de-la-fiesta-de-la-cerveza\/#respond"]}]},{"@type":"WebPage","@id":"https:\/\/realidadturistica.com\/realtur\/santa-lucia-se-prepara-para-la-llegada-de-la-33a-edicion-de-la-fiesta-de-la-cerveza\/","url":"https:\/\/realidadturistica.com\/realtur\/santa-lucia-se-prepara-para-la-llegada-de-la-33a-edicion-de-la-fiesta-de-la-cerveza\/","name":"Santa Luc\u00eda se prepara para la llegada de la 33\u00aa edici\u00f3n de la Fiesta de la Cerveza - Realidad Tur\u00edstica","isPartOf":{"@id":"https:\/\/realidadturistica.com\/realtur\/#website"},"primaryImageOfPage":{"@id":"https:\/\/realidadturistica.com\/realtur\/santa-lucia-se-prepara-para-la-llegada-de-la-33a-edicion-de-la-fiesta-de-la-cerveza\/#primaryimage"},"image":{"@id":"https:\/\/realidadturistica.com\/realtur\/santa-lucia-se-prepara-para-la-llegada-de-la-33a-edicion-de-la-fiesta-de-la-cerveza\/#primaryimage"},"thumbnailUrl":"https:\/\/realidadturistica.com\/realtur\/wp-content\/uploads\/2025\/03\/Santa-Lucia.jpg","datePublished":"2025-03-12T04:28:44+00:00","dateModified":"2025-03-12T04:28:46+00:00","breadcrumb":{"@id":"https:\/\/realidadturistica.com\/realtur\/santa-lucia-se-prepara-para-la-llegada-de-la-33a-edicion-de-la-fiesta-de-la-cerveza\/#breadcrumb"},"inLanguage":"es","potentialAction":[{"@type":"ReadAction","target":["https:\/\/realidadturistica.com\/realtur\/santa-lucia-se-prepara-para-la-llegada-de-la-33a-edicion-de-la-fiesta-de-la-cerveza\/"]}]},{"@type":"ImageObject","inLanguage":"es","@id":"https:\/\/realidadturistica.com\/realtur\/santa-lucia-se-prepara-para-la-llegada-de-la-33a-edicion-de-la-fiesta-de-la-cerveza\/#primaryimage","url":"https:\/\/realidadturistica.com\/realtur\/wp-content\/uploads\/2025\/03\/Santa-Lucia.jpg","contentUrl":"https:\/\/realidadturistica.com\/realtur\/wp-content\/uploads\/2025\/03\/Santa-Lucia.jpg","width":945,"height":709},{"@type":"BreadcrumbList","@id":"https:\/\/realidadturistica.com\/realtur\/santa-lucia-se-prepara-para-la-llegada-de-la-33a-edicion-de-la-fiesta-de-la-cerveza\/#breadcrumb","itemListElement":[{"@type":"ListItem","position":1,"name":"Portada","item":"https:\/\/realidadturistica.com\/realtur\/"},{"@type":"ListItem","position":2,"name":"Santa Luc\u00eda se prepara para la llegada de la 33\u00aa edici\u00f3n de la Fiesta de la Cerveza"}]},{"@type":"WebSite","@id":"https:\/\/realidadturistica.com\/realtur\/#website","url":"https:\/\/realidadturistica.com\/realtur\/","name":"Realidad Tur\u00edstica","description":"","publisher":{"@id":"https:\/\/realidadturistica.com\/realtur\/#organization"},"potentialAction":[{"@type":"SearchAction","target":{"@type":"EntryPoint","urlTemplate":"https:\/\/realidadturistica.com\/realtur\/?s={search_term_string}"},"query-input":{"@type":"PropertyValueSpecification","valueRequired":true,"valueName":"search_term_string"}}],"inLanguage":"es"},{"@type":"Organization","@id":"https:\/\/realidadturistica.com\/realtur\/#organization","name":"Realidad Tur\u00edstica","url":"https:\/\/realidadturistica.com\/realtur\/","logo":{"@type":"ImageObject","inLanguage":"es","@id":"https:\/\/realidadturistica.com\/realtur\/#\/schema\/logo\/image\/","url":"https:\/\/realidadturistica.com\/realtur\/wp-content\/uploads\/2021\/12\/logotipo-realidad-turistica.png","contentUrl":"https:\/\/realidadturistica.com\/realtur\/wp-content\/uploads\/2021\/12\/logotipo-realidad-turistica.png","width":1382,"height":629,"caption":"Realidad Tur\u00edstica"},"image":{"@id":"https:\/\/realidadturistica.com\/realtur\/#\/schema\/logo\/image\/"},"sameAs":["https:\/\/www.facebook.com\/realidadturistica","https:\/\/www.instagram.com\/realidad_turistica\/"]},{"@type":"Person","@id":"https:\/\/realidadturistica.com\/realtur\/#\/schema\/person\/ade671191202490fcf08ab21590de73e","name":"Editor","image":{"@type":"ImageObject","inLanguage":"es","@id":"https:\/\/realidadturistica.com\/realtur\/wp-content\/uploads\/2023\/09\/Editor_avatar_1693668634-96x96.png","url":"https:\/\/realidadturistica.com\/realtur\/wp-content\/uploads\/2023\/09\/Editor_avatar_1693668634-96x96.png","contentUrl":"https:\/\/realidadturistica.com\/realtur\/wp-content\/uploads\/2023\/09\/Editor_avatar_1693668634-96x96.png","caption":"Editor"},"sameAs":["https:\/\/realidadturistica.com\/realtur"],"url":"https:\/\/realidadturistica.com\/realtur\/author\/editor2\/"}]}},"_links":{"self":[{"href":"https:\/\/realidadturistica.com\/realtur\/wp-json\/wp\/v2\/posts\/9272","targetHints":{"allow":["GET"]}}],"collection":[{"href":"https:\/\/realidadturistica.com\/realtur\/wp-json\/wp\/v2\/posts"}],"about":[{"href":"https:\/\/realidadturistica.com\/realtur\/wp-json\/wp\/v2\/types\/post"}],"author":[{"embeddable":true,"href":"https:\/\/realidadturistica.com\/realtur\/wp-json\/wp\/v2\/users\/2"}],"replies":[{"embeddable":true,"href":"https:\/\/realidadturistica.com\/realtur\/wp-json\/wp\/v2\/comments?post=9272"}],"version-history":[{"count":1,"href":"https:\/\/realidadturistica.com\/realtur\/wp-json\/wp\/v2\/posts\/9272\/revisions"}],"predecessor-version":[{"id":9274,"href":"https:\/\/realidadturistica.com\/realtur\/wp-json\/wp\/v2\/posts\/9272\/revisions\/9274"}],"wp:featuredmedia":[{"embeddable":true,"href":"https:\/\/realidadturistica.com\/realtur\/wp-json\/wp\/v2\/media\/9273"}],"wp:attachment":[{"href":"https:\/\/realidadturistica.com\/realtur\/wp-json\/wp\/v2\/media?parent=9272"}],"wp:term":[{"taxonomy":"category","embeddable":true,"href":"https:\/\/realidadturistica.com\/realtur\/wp-json\/wp\/v2\/categories?post=9272"},{"taxonomy":"post_tag","embeddable":true,"href":"https:\/\/realidadturistica.com\/realtur\/wp-json\/wp\/v2\/tags?post=9272"}],"curies":[{"name":"wp","href":"https:\/\/api.w.org\/{rel}","templated":true}]}}