{"id":9312,"date":"2025-03-18T03:00:38","date_gmt":"2025-03-18T03:00:38","guid":{"rendered":"https:\/\/realidadturistica.com\/realtur\/?p=9312"},"modified":"2025-03-18T03:00:41","modified_gmt":"2025-03-18T03:00:41","slug":"hilton-se-expande-en-rd-abre-hotel-santiago-curio-collection","status":"publish","type":"post","link":"https:\/\/realidadturistica.com\/realtur\/hilton-se-expande-en-rd-abre-hotel-santiago-curio-collection\/","title":{"rendered":"Hilton se expande en RD: abre Hotel Santiago, Curio Collection"},"content":{"rendered":"\n<p class=\"wp-block-yoast-seo-estimated-reading-time yoast-reading-time__wrapper\"><span class=\"yoast-reading-time__icon\"><svg aria-hidden=\"true\" focusable=\"false\" data-icon=\"clock\" width=\"20\" height=\"20\" fill=\"none\" stroke=\"currentColor\" style=\"display:inline-block;vertical-align:-0.1em\" role=\"img\" xmlns=\"http:\/\/www.w3.org\/2000\/svg\" viewBox=\"0 0 24 24\"><path stroke-linecap=\"round\" stroke-linejoin=\"round\" stroke-width=\"2\" d=\"M12 8v4l3 3m6-3a9 9 0 11-18 0 9 9 0 0118 0z\"><\/path><\/svg><\/span><span class=\"yoast-reading-time__spacer\" style=\"display:inline-block;width:1em\"><\/span><span class=\"yoast-reading-time__descriptive-text\">Estimated reading time: <\/span><span class=\"yoast-reading-time__reading-time\">2<\/span><span class=\"yoast-reading-time__time-unit\"> minutos<\/span><\/p>\n\n\n\n<p>RD. El evento cont\u00f3 con la participaci\u00f3n de Miguel Barletta y Jos\u00e9 Miguel Gonz\u00e1lez Cuadra, as\u00ed como Pablo Maturana, vicepresidente de desarrollo para el Caribe y Am\u00e9rica Latina de Hilton, quien destac\u00f3 la importancia de esta apertura en la expansi\u00f3n de la cadena hotelera en la regi\u00f3n.<\/p>\n\n\n\n<p>\u00abCon gran satisfacci\u00f3n celebramos el primer hito de Santiago Center: la inauguraci\u00f3n formal del Hotel Santiago, Curio Collection by Hilton. Este es un testimonio tangible de nuestro compromiso con el desarrollo de esta ciudad\u00bb, expres\u00f3 Jos\u00e9 Miguel Gonz\u00e1lez Cuadra, director del Grupo Santiago Center.<\/p>\n\n\n\n<p>Enfatiz\u00f3 el impacto econ\u00f3mico y laboral del proyecto, se\u00f1alando que ha generado m\u00e1s de 1,500 empleos directos, con un 70% de ellos ocupados por residentes de Santiago.<\/p>\n\n\n\n<p>Ubicado en el complejo Santiago Center, el nuevo hotel fusiona una arquitectura contempor\u00e1nea con detalles artesanales que evocan la cultura del Cibao. Inspirado en las emblem\u00e1ticas casonas santiagueras, el hotel refleja la esencia y el colorido de la \u00abCiudad Coraz\u00f3n\u00bb.<\/p>\n\n\n\n<p>Cuenta con 177 habitaciones, muchas de ellas con vistas a la Cordillera Central. Su propuesta tambi\u00e9n incluye salones de eventos de \u00faltima generaci\u00f3n, dise\u00f1ados para satisfacer la creciente demanda de turismo de convenciones y reuniones (MICE) en la regi\u00f3n.<\/p>\n\n\n\n<p>Durante su intervenci\u00f3n, Pablo Maturana resalt\u00f3 la relevancia de esta apertura dentro del portafolio de Hilton en el Caribe y Am\u00e9rica Latina: \u00abHotel Santiago, Curio Collection by Hilton, es una incorporaci\u00f3n clave en nuestro crecimiento en la regi\u00f3n. Celebramos no solo la apertura de este hotel, sino tambi\u00e9n el esfuerzo y la dedicaci\u00f3n de todos los que hicieron posible este proyecto\u00bb, expres\u00f3 Maturana.<\/p>\n\n\n\n<p>Arecoa.com<\/p>\n","protected":false},"excerpt":{"rendered":"<p>RD. El evento cont\u00f3 con la participaci\u00f3n de Miguel Barletta y Jos\u00e9 Miguel Gonz\u00e1lez Cuadra, as\u00ed como Pablo Maturana, vicepresidente de desarrollo para el Caribe&hellip;<\/p>\n","protected":false},"author":2,"featured_media":9313,"comment_status":"open","ping_status":"closed","sticky":false,"template":"","format":"standard","meta":{"content-type":"","_lmt_disableupdate":"","_lmt_disable":"","footnotes":""},"categories":[6],"tags":[],"class_list":["post-9312","post","type-post","status-publish","format-standard","has-post-thumbnail","hentry","category-turismo"],"yoast_head":"<!-- This site is optimized with the Yoast SEO Premium plugin v27.4 (Yoast SEO v27.4) - https:\/\/yoast.com\/product\/yoast-seo-premium-wordpress\/ -->\n<title>Hilton se expande en RD: abre Hotel Santiago, Curio Collection - Realidad Tur\u00edstica<\/title>\n<meta name=\"robots\" content=\"index, follow, max-snippet:-1, max-image-preview:large, max-video-preview:-1\" \/>\n<link rel=\"canonical\" href=\"https:\/\/realidadturistica.com\/realtur\/hilton-se-expande-en-rd-abre-hotel-santiago-curio-collection\/\" \/>\n<meta property=\"og:locale\" content=\"es_ES\" \/>\n<meta property=\"og:type\" content=\"article\" \/>\n<meta property=\"og:title\" content=\"Hilton se expande en RD: abre Hotel Santiago, Curio Collection\" \/>\n<meta property=\"og:description\" content=\"RD. El evento cont\u00f3 con la participaci\u00f3n de Miguel Barletta y Jos\u00e9 Miguel Gonz\u00e1lez Cuadra, as\u00ed como Pablo Maturana, vicepresidente de desarrollo para el Caribe&hellip;\" \/>\n<meta property=\"og:url\" content=\"https:\/\/realidadturistica.com\/realtur\/hilton-se-expande-en-rd-abre-hotel-santiago-curio-collection\/\" \/>\n<meta property=\"og:site_name\" content=\"Realidad Tur\u00edstica\" \/>\n<meta property=\"article:publisher\" content=\"https:\/\/www.facebook.com\/realidadturistica\" \/>\n<meta property=\"article:published_time\" content=\"2025-03-18T03:00:38+00:00\" \/>\n<meta property=\"article:modified_time\" content=\"2025-03-18T03:00:41+00:00\" \/>\n<meta property=\"og:image\" content=\"https:\/\/realidadturistica.com\/realtur\/wp-content\/uploads\/2025\/03\/Hilton-se-expande-en-RD.webp\" \/>\n\t<meta property=\"og:image:width\" content=\"2048\" \/>\n\t<meta property=\"og:image:height\" content=\"1366\" \/>\n\t<meta property=\"og:image:type\" content=\"image\/webp\" \/>\n<meta name=\"author\" content=\"Editor\" \/>\n<meta name=\"twitter:card\" content=\"summary_large_image\" \/>\n<meta name=\"twitter:label1\" content=\"Escrito por\" \/>\n\t<meta name=\"twitter:data1\" content=\"Editor\" \/>\n\t<meta name=\"twitter:label2\" content=\"Tiempo de lectura\" \/>\n\t<meta name=\"twitter:data2\" content=\"2 minutos\" \/>\n<script type=\"application\/ld+json\" class=\"yoast-schema-graph\">{\"@context\":\"https:\\\/\\\/schema.org\",\"@graph\":[{\"@type\":\"Article\",\"@id\":\"https:\\\/\\\/realidadturistica.com\\\/realtur\\\/hilton-se-expande-en-rd-abre-hotel-santiago-curio-collection\\\/#article\",\"isPartOf\":{\"@id\":\"https:\\\/\\\/realidadturistica.com\\\/realtur\\\/hilton-se-expande-en-rd-abre-hotel-santiago-curio-collection\\\/\"},\"author\":{\"name\":\"Editor\",\"@id\":\"https:\\\/\\\/realidadturistica.com\\\/realtur\\\/#\\\/schema\\\/person\\\/ade671191202490fcf08ab21590de73e\"},\"headline\":\"Hilton se expande en RD: abre Hotel Santiago, Curio Collection\",\"datePublished\":\"2025-03-18T03:00:38+00:00\",\"dateModified\":\"2025-03-18T03:00:41+00:00\",\"mainEntityOfPage\":{\"@id\":\"https:\\\/\\\/realidadturistica.com\\\/realtur\\\/hilton-se-expande-en-rd-abre-hotel-santiago-curio-collection\\\/\"},\"wordCount\":297,\"commentCount\":0,\"publisher\":{\"@id\":\"https:\\\/\\\/realidadturistica.com\\\/realtur\\\/#organization\"},\"image\":{\"@id\":\"https:\\\/\\\/realidadturistica.com\\\/realtur\\\/hilton-se-expande-en-rd-abre-hotel-santiago-curio-collection\\\/#primaryimage\"},\"thumbnailUrl\":\"https:\\\/\\\/realidadturistica.com\\\/realtur\\\/wp-content\\\/uploads\\\/2025\\\/03\\\/Hilton-se-expande-en-RD.webp\",\"articleSection\":[\"Turismo\"],\"inLanguage\":\"es\",\"potentialAction\":[{\"@type\":\"CommentAction\",\"name\":\"Comment\",\"target\":[\"https:\\\/\\\/realidadturistica.com\\\/realtur\\\/hilton-se-expande-en-rd-abre-hotel-santiago-curio-collection\\\/#respond\"]}]},{\"@type\":\"WebPage\",\"@id\":\"https:\\\/\\\/realidadturistica.com\\\/realtur\\\/hilton-se-expande-en-rd-abre-hotel-santiago-curio-collection\\\/\",\"url\":\"https:\\\/\\\/realidadturistica.com\\\/realtur\\\/hilton-se-expande-en-rd-abre-hotel-santiago-curio-collection\\\/\",\"name\":\"Hilton se expande en RD: abre Hotel Santiago, Curio Collection - Realidad Tur\u00edstica\",\"isPartOf\":{\"@id\":\"https:\\\/\\\/realidadturistica.com\\\/realtur\\\/#website\"},\"primaryImageOfPage\":{\"@id\":\"https:\\\/\\\/realidadturistica.com\\\/realtur\\\/hilton-se-expande-en-rd-abre-hotel-santiago-curio-collection\\\/#primaryimage\"},\"image\":{\"@id\":\"https:\\\/\\\/realidadturistica.com\\\/realtur\\\/hilton-se-expande-en-rd-abre-hotel-santiago-curio-collection\\\/#primaryimage\"},\"thumbnailUrl\":\"https:\\\/\\\/realidadturistica.com\\\/realtur\\\/wp-content\\\/uploads\\\/2025\\\/03\\\/Hilton-se-expande-en-RD.webp\",\"datePublished\":\"2025-03-18T03:00:38+00:00\",\"dateModified\":\"2025-03-18T03:00:41+00:00\",\"breadcrumb\":{\"@id\":\"https:\\\/\\\/realidadturistica.com\\\/realtur\\\/hilton-se-expande-en-rd-abre-hotel-santiago-curio-collection\\\/#breadcrumb\"},\"inLanguage\":\"es\",\"potentialAction\":[{\"@type\":\"ReadAction\",\"target\":[\"https:\\\/\\\/realidadturistica.com\\\/realtur\\\/hilton-se-expande-en-rd-abre-hotel-santiago-curio-collection\\\/\"]}]},{\"@type\":\"ImageObject\",\"inLanguage\":\"es\",\"@id\":\"https:\\\/\\\/realidadturistica.com\\\/realtur\\\/hilton-se-expande-en-rd-abre-hotel-santiago-curio-collection\\\/#primaryimage\",\"url\":\"https:\\\/\\\/realidadturistica.com\\\/realtur\\\/wp-content\\\/uploads\\\/2025\\\/03\\\/Hilton-se-expande-en-RD.webp\",\"contentUrl\":\"https:\\\/\\\/realidadturistica.com\\\/realtur\\\/wp-content\\\/uploads\\\/2025\\\/03\\\/Hilton-se-expande-en-RD.webp\",\"width\":2048,\"height\":1366},{\"@type\":\"BreadcrumbList\",\"@id\":\"https:\\\/\\\/realidadturistica.com\\\/realtur\\\/hilton-se-expande-en-rd-abre-hotel-santiago-curio-collection\\\/#breadcrumb\",\"itemListElement\":[{\"@type\":\"ListItem\",\"position\":1,\"name\":\"Portada\",\"item\":\"https:\\\/\\\/realidadturistica.com\\\/realtur\\\/\"},{\"@type\":\"ListItem\",\"position\":2,\"name\":\"Hilton se expande en RD: abre Hotel Santiago, Curio Collection\"}]},{\"@type\":\"WebSite\",\"@id\":\"https:\\\/\\\/realidadturistica.com\\\/realtur\\\/#website\",\"url\":\"https:\\\/\\\/realidadturistica.com\\\/realtur\\\/\",\"name\":\"Realidad Tur\u00edstica\",\"description\":\"\",\"publisher\":{\"@id\":\"https:\\\/\\\/realidadturistica.com\\\/realtur\\\/#organization\"},\"potentialAction\":[{\"@type\":\"SearchAction\",\"target\":{\"@type\":\"EntryPoint\",\"urlTemplate\":\"https:\\\/\\\/realidadturistica.com\\\/realtur\\\/?s={search_term_string}\"},\"query-input\":{\"@type\":\"PropertyValueSpecification\",\"valueRequired\":true,\"valueName\":\"search_term_string\"}}],\"inLanguage\":\"es\"},{\"@type\":\"Organization\",\"@id\":\"https:\\\/\\\/realidadturistica.com\\\/realtur\\\/#organization\",\"name\":\"Realidad Tur\u00edstica\",\"url\":\"https:\\\/\\\/realidadturistica.com\\\/realtur\\\/\",\"logo\":{\"@type\":\"ImageObject\",\"inLanguage\":\"es\",\"@id\":\"https:\\\/\\\/realidadturistica.com\\\/realtur\\\/#\\\/schema\\\/logo\\\/image\\\/\",\"url\":\"https:\\\/\\\/realidadturistica.com\\\/realtur\\\/wp-content\\\/uploads\\\/2021\\\/12\\\/logotipo-realidad-turistica.png\",\"contentUrl\":\"https:\\\/\\\/realidadturistica.com\\\/realtur\\\/wp-content\\\/uploads\\\/2021\\\/12\\\/logotipo-realidad-turistica.png\",\"width\":1382,\"height\":629,\"caption\":\"Realidad Tur\u00edstica\"},\"image\":{\"@id\":\"https:\\\/\\\/realidadturistica.com\\\/realtur\\\/#\\\/schema\\\/logo\\\/image\\\/\"},\"sameAs\":[\"https:\\\/\\\/www.facebook.com\\\/realidadturistica\",\"https:\\\/\\\/www.instagram.com\\\/realidad_turistica\\\/\"]},{\"@type\":\"Person\",\"@id\":\"https:\\\/\\\/realidadturistica.com\\\/realtur\\\/#\\\/schema\\\/person\\\/ade671191202490fcf08ab21590de73e\",\"name\":\"Editor\",\"image\":{\"@type\":\"ImageObject\",\"inLanguage\":\"es\",\"@id\":\"https:\\\/\\\/realidadturistica.com\\\/realtur\\\/wp-content\\\/uploads\\\/2023\\\/09\\\/Editor_avatar_1693668634-96x96.png\",\"url\":\"https:\\\/\\\/realidadturistica.com\\\/realtur\\\/wp-content\\\/uploads\\\/2023\\\/09\\\/Editor_avatar_1693668634-96x96.png\",\"contentUrl\":\"https:\\\/\\\/realidadturistica.com\\\/realtur\\\/wp-content\\\/uploads\\\/2023\\\/09\\\/Editor_avatar_1693668634-96x96.png\",\"caption\":\"Editor\"},\"sameAs\":[\"https:\\\/\\\/realidadturistica.com\\\/realtur\"],\"url\":\"https:\\\/\\\/realidadturistica.com\\\/realtur\\\/author\\\/editor2\\\/\"}]}<\/script>\n<!-- \/ Yoast SEO Premium plugin. -->","yoast_head_json":{"title":"Hilton se expande en RD: abre Hotel Santiago, Curio Collection - Realidad Tur\u00edstica","robots":{"index":"index","follow":"follow","max-snippet":"max-snippet:-1","max-image-preview":"max-image-preview:large","max-video-preview":"max-video-preview:-1"},"canonical":"https:\/\/realidadturistica.com\/realtur\/hilton-se-expande-en-rd-abre-hotel-santiago-curio-collection\/","og_locale":"es_ES","og_type":"article","og_title":"Hilton se expande en RD: abre Hotel Santiago, Curio Collection","og_description":"RD. El evento cont\u00f3 con la participaci\u00f3n de Miguel Barletta y Jos\u00e9 Miguel Gonz\u00e1lez Cuadra, as\u00ed como Pablo Maturana, vicepresidente de desarrollo para el Caribe&hellip;","og_url":"https:\/\/realidadturistica.com\/realtur\/hilton-se-expande-en-rd-abre-hotel-santiago-curio-collection\/","og_site_name":"Realidad Tur\u00edstica","article_publisher":"https:\/\/www.facebook.com\/realidadturistica","article_published_time":"2025-03-18T03:00:38+00:00","article_modified_time":"2025-03-18T03:00:41+00:00","og_image":[{"width":2048,"height":1366,"url":"https:\/\/realidadturistica.com\/realtur\/wp-content\/uploads\/2025\/03\/Hilton-se-expande-en-RD.webp","type":"image\/webp"}],"author":"Editor","twitter_card":"summary_large_image","twitter_misc":{"Escrito por":"Editor","Tiempo de lectura":"2 minutos"},"schema":{"@context":"https:\/\/schema.org","@graph":[{"@type":"Article","@id":"https:\/\/realidadturistica.com\/realtur\/hilton-se-expande-en-rd-abre-hotel-santiago-curio-collection\/#article","isPartOf":{"@id":"https:\/\/realidadturistica.com\/realtur\/hilton-se-expande-en-rd-abre-hotel-santiago-curio-collection\/"},"author":{"name":"Editor","@id":"https:\/\/realidadturistica.com\/realtur\/#\/schema\/person\/ade671191202490fcf08ab21590de73e"},"headline":"Hilton se expande en RD: abre Hotel Santiago, Curio Collection","datePublished":"2025-03-18T03:00:38+00:00","dateModified":"2025-03-18T03:00:41+00:00","mainEntityOfPage":{"@id":"https:\/\/realidadturistica.com\/realtur\/hilton-se-expande-en-rd-abre-hotel-santiago-curio-collection\/"},"wordCount":297,"commentCount":0,"publisher":{"@id":"https:\/\/realidadturistica.com\/realtur\/#organization"},"image":{"@id":"https:\/\/realidadturistica.com\/realtur\/hilton-se-expande-en-rd-abre-hotel-santiago-curio-collection\/#primaryimage"},"thumbnailUrl":"https:\/\/realidadturistica.com\/realtur\/wp-content\/uploads\/2025\/03\/Hilton-se-expande-en-RD.webp","articleSection":["Turismo"],"inLanguage":"es","potentialAction":[{"@type":"CommentAction","name":"Comment","target":["https:\/\/realidadturistica.com\/realtur\/hilton-se-expande-en-rd-abre-hotel-santiago-curio-collection\/#respond"]}]},{"@type":"WebPage","@id":"https:\/\/realidadturistica.com\/realtur\/hilton-se-expande-en-rd-abre-hotel-santiago-curio-collection\/","url":"https:\/\/realidadturistica.com\/realtur\/hilton-se-expande-en-rd-abre-hotel-santiago-curio-collection\/","name":"Hilton se expande en RD: abre Hotel Santiago, Curio Collection - Realidad Tur\u00edstica","isPartOf":{"@id":"https:\/\/realidadturistica.com\/realtur\/#website"},"primaryImageOfPage":{"@id":"https:\/\/realidadturistica.com\/realtur\/hilton-se-expande-en-rd-abre-hotel-santiago-curio-collection\/#primaryimage"},"image":{"@id":"https:\/\/realidadturistica.com\/realtur\/hilton-se-expande-en-rd-abre-hotel-santiago-curio-collection\/#primaryimage"},"thumbnailUrl":"https:\/\/realidadturistica.com\/realtur\/wp-content\/uploads\/2025\/03\/Hilton-se-expande-en-RD.webp","datePublished":"2025-03-18T03:00:38+00:00","dateModified":"2025-03-18T03:00:41+00:00","breadcrumb":{"@id":"https:\/\/realidadturistica.com\/realtur\/hilton-se-expande-en-rd-abre-hotel-santiago-curio-collection\/#breadcrumb"},"inLanguage":"es","potentialAction":[{"@type":"ReadAction","target":["https:\/\/realidadturistica.com\/realtur\/hilton-se-expande-en-rd-abre-hotel-santiago-curio-collection\/"]}]},{"@type":"ImageObject","inLanguage":"es","@id":"https:\/\/realidadturistica.com\/realtur\/hilton-se-expande-en-rd-abre-hotel-santiago-curio-collection\/#primaryimage","url":"https:\/\/realidadturistica.com\/realtur\/wp-content\/uploads\/2025\/03\/Hilton-se-expande-en-RD.webp","contentUrl":"https:\/\/realidadturistica.com\/realtur\/wp-content\/uploads\/2025\/03\/Hilton-se-expande-en-RD.webp","width":2048,"height":1366},{"@type":"BreadcrumbList","@id":"https:\/\/realidadturistica.com\/realtur\/hilton-se-expande-en-rd-abre-hotel-santiago-curio-collection\/#breadcrumb","itemListElement":[{"@type":"ListItem","position":1,"name":"Portada","item":"https:\/\/realidadturistica.com\/realtur\/"},{"@type":"ListItem","position":2,"name":"Hilton se expande en RD: abre Hotel Santiago, Curio Collection"}]},{"@type":"WebSite","@id":"https:\/\/realidadturistica.com\/realtur\/#website","url":"https:\/\/realidadturistica.com\/realtur\/","name":"Realidad Tur\u00edstica","description":"","publisher":{"@id":"https:\/\/realidadturistica.com\/realtur\/#organization"},"potentialAction":[{"@type":"SearchAction","target":{"@type":"EntryPoint","urlTemplate":"https:\/\/realidadturistica.com\/realtur\/?s={search_term_string}"},"query-input":{"@type":"PropertyValueSpecification","valueRequired":true,"valueName":"search_term_string"}}],"inLanguage":"es"},{"@type":"Organization","@id":"https:\/\/realidadturistica.com\/realtur\/#organization","name":"Realidad Tur\u00edstica","url":"https:\/\/realidadturistica.com\/realtur\/","logo":{"@type":"ImageObject","inLanguage":"es","@id":"https:\/\/realidadturistica.com\/realtur\/#\/schema\/logo\/image\/","url":"https:\/\/realidadturistica.com\/realtur\/wp-content\/uploads\/2021\/12\/logotipo-realidad-turistica.png","contentUrl":"https:\/\/realidadturistica.com\/realtur\/wp-content\/uploads\/2021\/12\/logotipo-realidad-turistica.png","width":1382,"height":629,"caption":"Realidad Tur\u00edstica"},"image":{"@id":"https:\/\/realidadturistica.com\/realtur\/#\/schema\/logo\/image\/"},"sameAs":["https:\/\/www.facebook.com\/realidadturistica","https:\/\/www.instagram.com\/realidad_turistica\/"]},{"@type":"Person","@id":"https:\/\/realidadturistica.com\/realtur\/#\/schema\/person\/ade671191202490fcf08ab21590de73e","name":"Editor","image":{"@type":"ImageObject","inLanguage":"es","@id":"https:\/\/realidadturistica.com\/realtur\/wp-content\/uploads\/2023\/09\/Editor_avatar_1693668634-96x96.png","url":"https:\/\/realidadturistica.com\/realtur\/wp-content\/uploads\/2023\/09\/Editor_avatar_1693668634-96x96.png","contentUrl":"https:\/\/realidadturistica.com\/realtur\/wp-content\/uploads\/2023\/09\/Editor_avatar_1693668634-96x96.png","caption":"Editor"},"sameAs":["https:\/\/realidadturistica.com\/realtur"],"url":"https:\/\/realidadturistica.com\/realtur\/author\/editor2\/"}]}},"_links":{"self":[{"href":"https:\/\/realidadturistica.com\/realtur\/wp-json\/wp\/v2\/posts\/9312","targetHints":{"allow":["GET"]}}],"collection":[{"href":"https:\/\/realidadturistica.com\/realtur\/wp-json\/wp\/v2\/posts"}],"about":[{"href":"https:\/\/realidadturistica.com\/realtur\/wp-json\/wp\/v2\/types\/post"}],"author":[{"embeddable":true,"href":"https:\/\/realidadturistica.com\/realtur\/wp-json\/wp\/v2\/users\/2"}],"replies":[{"embeddable":true,"href":"https:\/\/realidadturistica.com\/realtur\/wp-json\/wp\/v2\/comments?post=9312"}],"version-history":[{"count":1,"href":"https:\/\/realidadturistica.com\/realtur\/wp-json\/wp\/v2\/posts\/9312\/revisions"}],"predecessor-version":[{"id":9314,"href":"https:\/\/realidadturistica.com\/realtur\/wp-json\/wp\/v2\/posts\/9312\/revisions\/9314"}],"wp:featuredmedia":[{"embeddable":true,"href":"https:\/\/realidadturistica.com\/realtur\/wp-json\/wp\/v2\/media\/9313"}],"wp:attachment":[{"href":"https:\/\/realidadturistica.com\/realtur\/wp-json\/wp\/v2\/media?parent=9312"}],"wp:term":[{"taxonomy":"category","embeddable":true,"href":"https:\/\/realidadturistica.com\/realtur\/wp-json\/wp\/v2\/categories?post=9312"},{"taxonomy":"post_tag","embeddable":true,"href":"https:\/\/realidadturistica.com\/realtur\/wp-json\/wp\/v2\/tags?post=9312"}],"curies":[{"name":"wp","href":"https:\/\/api.w.org\/{rel}","templated":true}]}}