{"id":9340,"date":"2025-03-20T01:08:49","date_gmt":"2025-03-20T01:08:49","guid":{"rendered":"https:\/\/realidadturistica.com\/realtur\/?p=9340"},"modified":"2025-03-20T01:09:40","modified_gmt":"2025-03-20T01:09:40","slug":"la-salud-y-el-turismo-promueven-el-bienestar-en-fit-salud-cuba-2025","status":"publish","type":"post","link":"https:\/\/realidadturistica.com\/realtur\/la-salud-y-el-turismo-promueven-el-bienestar-en-fit-salud-cuba-2025\/","title":{"rendered":"La Salud y el Turismo promueven el bienestar en FIT Salud Cuba 2025"},"content":{"rendered":"\n<p class=\"wp-block-yoast-seo-estimated-reading-time yoast-reading-time__wrapper\"><span class=\"yoast-reading-time__icon\"><svg aria-hidden=\"true\" focusable=\"false\" data-icon=\"clock\" width=\"20\" height=\"20\" fill=\"none\" stroke=\"currentColor\" style=\"display:inline-block;vertical-align:-0.1em\" role=\"img\" xmlns=\"http:\/\/www.w3.org\/2000\/svg\" viewBox=\"0 0 24 24\"><path stroke-linecap=\"round\" stroke-linejoin=\"round\" stroke-width=\"2\" d=\"M12 8v4l3 3m6-3a9 9 0 11-18 0 9 9 0 0118 0z\"><\/path><\/svg><\/span><span class=\"yoast-reading-time__spacer\" style=\"display:inline-block;width:1em\"><\/span><span class=\"yoast-reading-time__descriptive-text\">Estimated reading time: <\/span><span class=\"yoast-reading-time__reading-time\">3<\/span><span class=\"yoast-reading-time__time-unit\"> minutos<\/span><\/p>\n\n\n\n<p>Cuba. La Habana, Cuba volver\u00e1 a ser sede de la Convenci\u00f3n Internacional de Salud cuyo slogan \u201cUna sola Salud\u201d, acoger\u00e1 en esta 5ta edici\u00f3n a m\u00e1s de 3 mil participantes de 50 pa\u00edses del 21 al 24 de abril, seg\u00fan fue informado en conferencia de prensa realizada este mi\u00e9rcoles 19 de marzo en el Ministerio de Salud P\u00fablica de La Isla.<\/p>\n\n\n\n<p>El programa concebido contempla m\u00e1s de 400 actividades cient\u00edficas y cerca de 200 conferencias magistrales, paneles, simposios, el III Foro de Inversiones Extranjeras en el sector y el lanzamiento de un cat\u00e1logo de servicios, seg\u00fan declar\u00f3 la Dra. Ileana Morales Su\u00e1rez, directora nacional de Ciencia, Tecnolog\u00eda e Innovaci\u00f3n de ese organismo.<\/p>\n\n\n\n<figure class=\"wp-block-gallery has-nested-images columns-default is-cropped wp-block-gallery-1 is-layout-flex wp-block-gallery-is-layout-flex\">\n<figure class=\"wp-block-image size-large\"><img fetchpriority=\"high\" decoding=\"async\" width=\"1024\" height=\"662\" data-id=\"9343\" src=\"https:\/\/realidadturistica.com\/realtur\/wp-content\/uploads\/2025\/03\/IMG-20250319-WA0009-1024x662.jpg\" alt=\"\" class=\"wp-image-9343\" srcset=\"https:\/\/realidadturistica.com\/realtur\/wp-content\/uploads\/2025\/03\/IMG-20250319-WA0009-1024x662.jpg 1024w, https:\/\/realidadturistica.com\/realtur\/wp-content\/uploads\/2025\/03\/IMG-20250319-WA0009-300x194.jpg 300w, https:\/\/realidadturistica.com\/realtur\/wp-content\/uploads\/2025\/03\/IMG-20250319-WA0009-768x497.jpg 768w, https:\/\/realidadturistica.com\/realtur\/wp-content\/uploads\/2025\/03\/IMG-20250319-WA0009-585x378.jpg 585w, https:\/\/realidadturistica.com\/realtur\/wp-content\/uploads\/2025\/03\/IMG-20250319-WA0009.jpg 1045w\" sizes=\"(max-width: 1024px) 100vw, 1024px\" \/><\/figure>\n<\/figure>\n\n\n\n<p>Tambi\u00e9n se conoci\u00f3 que durante el evento tendr\u00e1 lugar la XVI Feria Comercial Salud para Todos y la II Feria Internacional de Turismo M\u00e9dico y Bienestar, FIT SaludCuba.<\/p>\n\n\n\n<p>Otro momento importante ser\u00e1 el I Simposio de Ciencia e Innovaci\u00f3n Cuba-China que tendr\u00e1 como tema central la biotecnolog\u00eda.<\/p>\n\n\n\n<p>Se contempla que diversas Casas Editoriales presentar\u00e1n 18 t\u00edtulos de autores cubanos sobre temas de la salud lo que tendr\u00e1 un espacio significativo en el programa.<\/p>\n\n\n\n<p>Respecto a la Feria Comercial el presidente de MediCuba, Armando Garrido, dio a conocer que esta ser\u00e1 la de mayor volumen de las celebradas hasta el momento y que su tema central tratar\u00e1 sobre la cobertura sanitaria universal y la equidad en salud. A esta feria asistir\u00e1n 11 empresas de China, pa\u00eds invitado de honor.<\/p>\n\n\n\n<figure class=\"wp-block-image size-large\"><img decoding=\"async\" width=\"1024\" height=\"768\" src=\"https:\/\/realidadturistica.com\/realtur\/wp-content\/uploads\/2025\/03\/IMG-20250319-WA0008-1-1024x768.jpg\" alt=\"\" class=\"wp-image-9345\" srcset=\"https:\/\/realidadturistica.com\/realtur\/wp-content\/uploads\/2025\/03\/IMG-20250319-WA0008-1-1024x768.jpg 1024w, https:\/\/realidadturistica.com\/realtur\/wp-content\/uploads\/2025\/03\/IMG-20250319-WA0008-1-300x225.jpg 300w, https:\/\/realidadturistica.com\/realtur\/wp-content\/uploads\/2025\/03\/IMG-20250319-WA0008-1-768x576.jpg 768w, https:\/\/realidadturistica.com\/realtur\/wp-content\/uploads\/2025\/03\/IMG-20250319-WA0008-1-585x439.jpg 585w, https:\/\/realidadturistica.com\/realtur\/wp-content\/uploads\/2025\/03\/IMG-20250319-WA0008-1.jpg 1080w\" sizes=\"(max-width: 1024px) 100vw, 1024px\" \/><\/figure>\n\n\n\n<p>Por su parte la Dra. Yamila de Armas, Presidenta de la <a href=\"https:\/\/www.smcsalud.cu\/\">Comercializadora de Servicios M\u00e9dicos Cubanos,<\/a> subray\u00f3 que esta cita constituye un espacio \u00fanico para el intercambio y la innovaci\u00f3n. En el encuentro se entregar\u00e1 el Premio Internacional de Turismo de Salud a quienes hayan tenido relevantes aportes a la promoci\u00f3n y comercializaci\u00f3n de los servicios de salud y bienestar.<\/p>\n\n\n\n<p>Cuba Salud 2025 recibe el apoyo de la Organizaci\u00f3n Panamericana de la Salud, del Programa de las Naciones Unidas para el Desarrollo PNUD y la UNICEF.<\/p>\n\n\n\n<p>Realidad Tur\u00edstica<\/p>\n","protected":false},"excerpt":{"rendered":"<p>Cuba. La Habana, Cuba volver\u00e1 a ser sede de la Convenci\u00f3n Internacional de Salud cuyo slogan \u201cUna sola Salud\u201d, acoger\u00e1 en esta 5ta edici\u00f3n a&hellip;<\/p>\n","protected":false},"author":2,"featured_media":9341,"comment_status":"open","ping_status":"closed","sticky":false,"template":"","format":"standard","meta":{"content-type":"","_lmt_disableupdate":"","_lmt_disable":"","footnotes":""},"categories":[7],"tags":[],"class_list":["post-9340","post","type-post","status-publish","format-standard","has-post-thumbnail","hentry","category-turismo-salud"],"yoast_head":"<!-- This site is optimized with the Yoast SEO Premium plugin v27.4 (Yoast SEO v27.5) - https:\/\/yoast.com\/product\/yoast-seo-premium-wordpress\/ -->\n<title>La Salud y el Turismo promueven el bienestar en FIT Salud Cuba 2025 - Realidad Tur\u00edstica<\/title>\n<meta name=\"robots\" content=\"index, follow, max-snippet:-1, max-image-preview:large, max-video-preview:-1\" \/>\n<link rel=\"canonical\" href=\"https:\/\/realidadturistica.com\/realtur\/la-salud-y-el-turismo-promueven-el-bienestar-en-fit-salud-cuba-2025\/\" \/>\n<meta property=\"og:locale\" content=\"es_ES\" \/>\n<meta property=\"og:type\" content=\"article\" \/>\n<meta property=\"og:title\" content=\"La Salud y el Turismo promueven el bienestar en FIT Salud Cuba 2025\" \/>\n<meta property=\"og:description\" content=\"Cuba. La Habana, Cuba volver\u00e1 a ser sede de la Convenci\u00f3n Internacional de Salud cuyo slogan \u201cUna sola Salud\u201d, acoger\u00e1 en esta 5ta edici\u00f3n a&hellip;\" \/>\n<meta property=\"og:url\" content=\"https:\/\/realidadturistica.com\/realtur\/la-salud-y-el-turismo-promueven-el-bienestar-en-fit-salud-cuba-2025\/\" \/>\n<meta property=\"og:site_name\" content=\"Realidad Tur\u00edstica\" \/>\n<meta property=\"article:publisher\" content=\"https:\/\/www.facebook.com\/realidadturistica\" \/>\n<meta property=\"article:published_time\" content=\"2025-03-20T01:08:49+00:00\" \/>\n<meta property=\"article:modified_time\" content=\"2025-03-20T01:09:40+00:00\" \/>\n<meta property=\"og:image\" content=\"https:\/\/realidadturistica.com\/realtur\/wp-content\/uploads\/2025\/03\/IMG-20250319-WA0011.jpg\" \/>\n\t<meta property=\"og:image:width\" content=\"1080\" \/>\n\t<meta property=\"og:image:height\" content=\"810\" \/>\n\t<meta property=\"og:image:type\" content=\"image\/jpeg\" \/>\n<meta name=\"author\" content=\"Editor\" \/>\n<meta name=\"twitter:card\" content=\"summary_large_image\" \/>\n<meta name=\"twitter:label1\" content=\"Escrito por\" \/>\n\t<meta name=\"twitter:data1\" content=\"Editor\" \/>\n\t<meta name=\"twitter:label2\" content=\"Tiempo de lectura\" \/>\n\t<meta name=\"twitter:data2\" content=\"3 minutos\" \/>\n<script type=\"application\/ld+json\" class=\"yoast-schema-graph\">{\"@context\":\"https:\\\/\\\/schema.org\",\"@graph\":[{\"@type\":\"Article\",\"@id\":\"https:\\\/\\\/realidadturistica.com\\\/realtur\\\/la-salud-y-el-turismo-promueven-el-bienestar-en-fit-salud-cuba-2025\\\/#article\",\"isPartOf\":{\"@id\":\"https:\\\/\\\/realidadturistica.com\\\/realtur\\\/la-salud-y-el-turismo-promueven-el-bienestar-en-fit-salud-cuba-2025\\\/\"},\"author\":{\"name\":\"Editor\",\"@id\":\"https:\\\/\\\/realidadturistica.com\\\/realtur\\\/#\\\/schema\\\/person\\\/ade671191202490fcf08ab21590de73e\"},\"headline\":\"La Salud y el Turismo promueven el bienestar en FIT Salud Cuba 2025\",\"datePublished\":\"2025-03-20T01:08:49+00:00\",\"dateModified\":\"2025-03-20T01:09:40+00:00\",\"mainEntityOfPage\":{\"@id\":\"https:\\\/\\\/realidadturistica.com\\\/realtur\\\/la-salud-y-el-turismo-promueven-el-bienestar-en-fit-salud-cuba-2025\\\/\"},\"wordCount\":362,\"commentCount\":1,\"publisher\":{\"@id\":\"https:\\\/\\\/realidadturistica.com\\\/realtur\\\/#organization\"},\"image\":{\"@id\":\"https:\\\/\\\/realidadturistica.com\\\/realtur\\\/la-salud-y-el-turismo-promueven-el-bienestar-en-fit-salud-cuba-2025\\\/#primaryimage\"},\"thumbnailUrl\":\"https:\\\/\\\/realidadturistica.com\\\/realtur\\\/wp-content\\\/uploads\\\/2025\\\/03\\\/IMG-20250319-WA0011.jpg\",\"articleSection\":[\"Salud para viajar\"],\"inLanguage\":\"es\",\"potentialAction\":[{\"@type\":\"CommentAction\",\"name\":\"Comment\",\"target\":[\"https:\\\/\\\/realidadturistica.com\\\/realtur\\\/la-salud-y-el-turismo-promueven-el-bienestar-en-fit-salud-cuba-2025\\\/#respond\"]}]},{\"@type\":\"WebPage\",\"@id\":\"https:\\\/\\\/realidadturistica.com\\\/realtur\\\/la-salud-y-el-turismo-promueven-el-bienestar-en-fit-salud-cuba-2025\\\/\",\"url\":\"https:\\\/\\\/realidadturistica.com\\\/realtur\\\/la-salud-y-el-turismo-promueven-el-bienestar-en-fit-salud-cuba-2025\\\/\",\"name\":\"La Salud y el Turismo promueven el bienestar en FIT Salud Cuba 2025 - Realidad Tur\u00edstica\",\"isPartOf\":{\"@id\":\"https:\\\/\\\/realidadturistica.com\\\/realtur\\\/#website\"},\"primaryImageOfPage\":{\"@id\":\"https:\\\/\\\/realidadturistica.com\\\/realtur\\\/la-salud-y-el-turismo-promueven-el-bienestar-en-fit-salud-cuba-2025\\\/#primaryimage\"},\"image\":{\"@id\":\"https:\\\/\\\/realidadturistica.com\\\/realtur\\\/la-salud-y-el-turismo-promueven-el-bienestar-en-fit-salud-cuba-2025\\\/#primaryimage\"},\"thumbnailUrl\":\"https:\\\/\\\/realidadturistica.com\\\/realtur\\\/wp-content\\\/uploads\\\/2025\\\/03\\\/IMG-20250319-WA0011.jpg\",\"datePublished\":\"2025-03-20T01:08:49+00:00\",\"dateModified\":\"2025-03-20T01:09:40+00:00\",\"breadcrumb\":{\"@id\":\"https:\\\/\\\/realidadturistica.com\\\/realtur\\\/la-salud-y-el-turismo-promueven-el-bienestar-en-fit-salud-cuba-2025\\\/#breadcrumb\"},\"inLanguage\":\"es\",\"potentialAction\":[{\"@type\":\"ReadAction\",\"target\":[\"https:\\\/\\\/realidadturistica.com\\\/realtur\\\/la-salud-y-el-turismo-promueven-el-bienestar-en-fit-salud-cuba-2025\\\/\"]}]},{\"@type\":\"ImageObject\",\"inLanguage\":\"es\",\"@id\":\"https:\\\/\\\/realidadturistica.com\\\/realtur\\\/la-salud-y-el-turismo-promueven-el-bienestar-en-fit-salud-cuba-2025\\\/#primaryimage\",\"url\":\"https:\\\/\\\/realidadturistica.com\\\/realtur\\\/wp-content\\\/uploads\\\/2025\\\/03\\\/IMG-20250319-WA0011.jpg\",\"contentUrl\":\"https:\\\/\\\/realidadturistica.com\\\/realtur\\\/wp-content\\\/uploads\\\/2025\\\/03\\\/IMG-20250319-WA0011.jpg\",\"width\":1080,\"height\":810},{\"@type\":\"BreadcrumbList\",\"@id\":\"https:\\\/\\\/realidadturistica.com\\\/realtur\\\/la-salud-y-el-turismo-promueven-el-bienestar-en-fit-salud-cuba-2025\\\/#breadcrumb\",\"itemListElement\":[{\"@type\":\"ListItem\",\"position\":1,\"name\":\"Portada\",\"item\":\"https:\\\/\\\/realidadturistica.com\\\/realtur\\\/\"},{\"@type\":\"ListItem\",\"position\":2,\"name\":\"La Salud y el Turismo promueven el bienestar en FIT Salud Cuba 2025\"}]},{\"@type\":\"WebSite\",\"@id\":\"https:\\\/\\\/realidadturistica.com\\\/realtur\\\/#website\",\"url\":\"https:\\\/\\\/realidadturistica.com\\\/realtur\\\/\",\"name\":\"Realidad Tur\u00edstica\",\"description\":\"\",\"publisher\":{\"@id\":\"https:\\\/\\\/realidadturistica.com\\\/realtur\\\/#organization\"},\"potentialAction\":[{\"@type\":\"SearchAction\",\"target\":{\"@type\":\"EntryPoint\",\"urlTemplate\":\"https:\\\/\\\/realidadturistica.com\\\/realtur\\\/?s={search_term_string}\"},\"query-input\":{\"@type\":\"PropertyValueSpecification\",\"valueRequired\":true,\"valueName\":\"search_term_string\"}}],\"inLanguage\":\"es\"},{\"@type\":\"Organization\",\"@id\":\"https:\\\/\\\/realidadturistica.com\\\/realtur\\\/#organization\",\"name\":\"Realidad Tur\u00edstica\",\"url\":\"https:\\\/\\\/realidadturistica.com\\\/realtur\\\/\",\"logo\":{\"@type\":\"ImageObject\",\"inLanguage\":\"es\",\"@id\":\"https:\\\/\\\/realidadturistica.com\\\/realtur\\\/#\\\/schema\\\/logo\\\/image\\\/\",\"url\":\"https:\\\/\\\/realidadturistica.com\\\/realtur\\\/wp-content\\\/uploads\\\/2021\\\/12\\\/logotipo-realidad-turistica.png\",\"contentUrl\":\"https:\\\/\\\/realidadturistica.com\\\/realtur\\\/wp-content\\\/uploads\\\/2021\\\/12\\\/logotipo-realidad-turistica.png\",\"width\":1382,\"height\":629,\"caption\":\"Realidad Tur\u00edstica\"},\"image\":{\"@id\":\"https:\\\/\\\/realidadturistica.com\\\/realtur\\\/#\\\/schema\\\/logo\\\/image\\\/\"},\"sameAs\":[\"https:\\\/\\\/www.facebook.com\\\/realidadturistica\",\"https:\\\/\\\/www.instagram.com\\\/realidad_turistica\\\/\"]},{\"@type\":\"Person\",\"@id\":\"https:\\\/\\\/realidadturistica.com\\\/realtur\\\/#\\\/schema\\\/person\\\/ade671191202490fcf08ab21590de73e\",\"name\":\"Editor\",\"image\":{\"@type\":\"ImageObject\",\"inLanguage\":\"es\",\"@id\":\"https:\\\/\\\/realidadturistica.com\\\/realtur\\\/wp-content\\\/uploads\\\/2023\\\/09\\\/Editor_avatar_1693668634-96x96.png\",\"url\":\"https:\\\/\\\/realidadturistica.com\\\/realtur\\\/wp-content\\\/uploads\\\/2023\\\/09\\\/Editor_avatar_1693668634-96x96.png\",\"contentUrl\":\"https:\\\/\\\/realidadturistica.com\\\/realtur\\\/wp-content\\\/uploads\\\/2023\\\/09\\\/Editor_avatar_1693668634-96x96.png\",\"caption\":\"Editor\"},\"sameAs\":[\"https:\\\/\\\/realidadturistica.com\\\/realtur\"],\"url\":\"https:\\\/\\\/realidadturistica.com\\\/realtur\\\/author\\\/editor2\\\/\"}]}<\/script>\n<!-- \/ Yoast SEO Premium plugin. -->","yoast_head_json":{"title":"La Salud y el Turismo promueven el bienestar en FIT Salud Cuba 2025 - Realidad Tur\u00edstica","robots":{"index":"index","follow":"follow","max-snippet":"max-snippet:-1","max-image-preview":"max-image-preview:large","max-video-preview":"max-video-preview:-1"},"canonical":"https:\/\/realidadturistica.com\/realtur\/la-salud-y-el-turismo-promueven-el-bienestar-en-fit-salud-cuba-2025\/","og_locale":"es_ES","og_type":"article","og_title":"La Salud y el Turismo promueven el bienestar en FIT Salud Cuba 2025","og_description":"Cuba. La Habana, Cuba volver\u00e1 a ser sede de la Convenci\u00f3n Internacional de Salud cuyo slogan \u201cUna sola Salud\u201d, acoger\u00e1 en esta 5ta edici\u00f3n a&hellip;","og_url":"https:\/\/realidadturistica.com\/realtur\/la-salud-y-el-turismo-promueven-el-bienestar-en-fit-salud-cuba-2025\/","og_site_name":"Realidad Tur\u00edstica","article_publisher":"https:\/\/www.facebook.com\/realidadturistica","article_published_time":"2025-03-20T01:08:49+00:00","article_modified_time":"2025-03-20T01:09:40+00:00","og_image":[{"width":1080,"height":810,"url":"https:\/\/realidadturistica.com\/realtur\/wp-content\/uploads\/2025\/03\/IMG-20250319-WA0011.jpg","type":"image\/jpeg"}],"author":"Editor","twitter_card":"summary_large_image","twitter_misc":{"Escrito por":"Editor","Tiempo de lectura":"3 minutos"},"schema":{"@context":"https:\/\/schema.org","@graph":[{"@type":"Article","@id":"https:\/\/realidadturistica.com\/realtur\/la-salud-y-el-turismo-promueven-el-bienestar-en-fit-salud-cuba-2025\/#article","isPartOf":{"@id":"https:\/\/realidadturistica.com\/realtur\/la-salud-y-el-turismo-promueven-el-bienestar-en-fit-salud-cuba-2025\/"},"author":{"name":"Editor","@id":"https:\/\/realidadturistica.com\/realtur\/#\/schema\/person\/ade671191202490fcf08ab21590de73e"},"headline":"La Salud y el Turismo promueven el bienestar en FIT Salud Cuba 2025","datePublished":"2025-03-20T01:08:49+00:00","dateModified":"2025-03-20T01:09:40+00:00","mainEntityOfPage":{"@id":"https:\/\/realidadturistica.com\/realtur\/la-salud-y-el-turismo-promueven-el-bienestar-en-fit-salud-cuba-2025\/"},"wordCount":362,"commentCount":1,"publisher":{"@id":"https:\/\/realidadturistica.com\/realtur\/#organization"},"image":{"@id":"https:\/\/realidadturistica.com\/realtur\/la-salud-y-el-turismo-promueven-el-bienestar-en-fit-salud-cuba-2025\/#primaryimage"},"thumbnailUrl":"https:\/\/realidadturistica.com\/realtur\/wp-content\/uploads\/2025\/03\/IMG-20250319-WA0011.jpg","articleSection":["Salud para viajar"],"inLanguage":"es","potentialAction":[{"@type":"CommentAction","name":"Comment","target":["https:\/\/realidadturistica.com\/realtur\/la-salud-y-el-turismo-promueven-el-bienestar-en-fit-salud-cuba-2025\/#respond"]}]},{"@type":"WebPage","@id":"https:\/\/realidadturistica.com\/realtur\/la-salud-y-el-turismo-promueven-el-bienestar-en-fit-salud-cuba-2025\/","url":"https:\/\/realidadturistica.com\/realtur\/la-salud-y-el-turismo-promueven-el-bienestar-en-fit-salud-cuba-2025\/","name":"La Salud y el Turismo promueven el bienestar en FIT Salud Cuba 2025 - Realidad Tur\u00edstica","isPartOf":{"@id":"https:\/\/realidadturistica.com\/realtur\/#website"},"primaryImageOfPage":{"@id":"https:\/\/realidadturistica.com\/realtur\/la-salud-y-el-turismo-promueven-el-bienestar-en-fit-salud-cuba-2025\/#primaryimage"},"image":{"@id":"https:\/\/realidadturistica.com\/realtur\/la-salud-y-el-turismo-promueven-el-bienestar-en-fit-salud-cuba-2025\/#primaryimage"},"thumbnailUrl":"https:\/\/realidadturistica.com\/realtur\/wp-content\/uploads\/2025\/03\/IMG-20250319-WA0011.jpg","datePublished":"2025-03-20T01:08:49+00:00","dateModified":"2025-03-20T01:09:40+00:00","breadcrumb":{"@id":"https:\/\/realidadturistica.com\/realtur\/la-salud-y-el-turismo-promueven-el-bienestar-en-fit-salud-cuba-2025\/#breadcrumb"},"inLanguage":"es","potentialAction":[{"@type":"ReadAction","target":["https:\/\/realidadturistica.com\/realtur\/la-salud-y-el-turismo-promueven-el-bienestar-en-fit-salud-cuba-2025\/"]}]},{"@type":"ImageObject","inLanguage":"es","@id":"https:\/\/realidadturistica.com\/realtur\/la-salud-y-el-turismo-promueven-el-bienestar-en-fit-salud-cuba-2025\/#primaryimage","url":"https:\/\/realidadturistica.com\/realtur\/wp-content\/uploads\/2025\/03\/IMG-20250319-WA0011.jpg","contentUrl":"https:\/\/realidadturistica.com\/realtur\/wp-content\/uploads\/2025\/03\/IMG-20250319-WA0011.jpg","width":1080,"height":810},{"@type":"BreadcrumbList","@id":"https:\/\/realidadturistica.com\/realtur\/la-salud-y-el-turismo-promueven-el-bienestar-en-fit-salud-cuba-2025\/#breadcrumb","itemListElement":[{"@type":"ListItem","position":1,"name":"Portada","item":"https:\/\/realidadturistica.com\/realtur\/"},{"@type":"ListItem","position":2,"name":"La Salud y el Turismo promueven el bienestar en FIT Salud Cuba 2025"}]},{"@type":"WebSite","@id":"https:\/\/realidadturistica.com\/realtur\/#website","url":"https:\/\/realidadturistica.com\/realtur\/","name":"Realidad Tur\u00edstica","description":"","publisher":{"@id":"https:\/\/realidadturistica.com\/realtur\/#organization"},"potentialAction":[{"@type":"SearchAction","target":{"@type":"EntryPoint","urlTemplate":"https:\/\/realidadturistica.com\/realtur\/?s={search_term_string}"},"query-input":{"@type":"PropertyValueSpecification","valueRequired":true,"valueName":"search_term_string"}}],"inLanguage":"es"},{"@type":"Organization","@id":"https:\/\/realidadturistica.com\/realtur\/#organization","name":"Realidad Tur\u00edstica","url":"https:\/\/realidadturistica.com\/realtur\/","logo":{"@type":"ImageObject","inLanguage":"es","@id":"https:\/\/realidadturistica.com\/realtur\/#\/schema\/logo\/image\/","url":"https:\/\/realidadturistica.com\/realtur\/wp-content\/uploads\/2021\/12\/logotipo-realidad-turistica.png","contentUrl":"https:\/\/realidadturistica.com\/realtur\/wp-content\/uploads\/2021\/12\/logotipo-realidad-turistica.png","width":1382,"height":629,"caption":"Realidad Tur\u00edstica"},"image":{"@id":"https:\/\/realidadturistica.com\/realtur\/#\/schema\/logo\/image\/"},"sameAs":["https:\/\/www.facebook.com\/realidadturistica","https:\/\/www.instagram.com\/realidad_turistica\/"]},{"@type":"Person","@id":"https:\/\/realidadturistica.com\/realtur\/#\/schema\/person\/ade671191202490fcf08ab21590de73e","name":"Editor","image":{"@type":"ImageObject","inLanguage":"es","@id":"https:\/\/realidadturistica.com\/realtur\/wp-content\/uploads\/2023\/09\/Editor_avatar_1693668634-96x96.png","url":"https:\/\/realidadturistica.com\/realtur\/wp-content\/uploads\/2023\/09\/Editor_avatar_1693668634-96x96.png","contentUrl":"https:\/\/realidadturistica.com\/realtur\/wp-content\/uploads\/2023\/09\/Editor_avatar_1693668634-96x96.png","caption":"Editor"},"sameAs":["https:\/\/realidadturistica.com\/realtur"],"url":"https:\/\/realidadturistica.com\/realtur\/author\/editor2\/"}]}},"_links":{"self":[{"href":"https:\/\/realidadturistica.com\/realtur\/wp-json\/wp\/v2\/posts\/9340","targetHints":{"allow":["GET"]}}],"collection":[{"href":"https:\/\/realidadturistica.com\/realtur\/wp-json\/wp\/v2\/posts"}],"about":[{"href":"https:\/\/realidadturistica.com\/realtur\/wp-json\/wp\/v2\/types\/post"}],"author":[{"embeddable":true,"href":"https:\/\/realidadturistica.com\/realtur\/wp-json\/wp\/v2\/users\/2"}],"replies":[{"embeddable":true,"href":"https:\/\/realidadturistica.com\/realtur\/wp-json\/wp\/v2\/comments?post=9340"}],"version-history":[{"count":2,"href":"https:\/\/realidadturistica.com\/realtur\/wp-json\/wp\/v2\/posts\/9340\/revisions"}],"predecessor-version":[{"id":9346,"href":"https:\/\/realidadturistica.com\/realtur\/wp-json\/wp\/v2\/posts\/9340\/revisions\/9346"}],"wp:featuredmedia":[{"embeddable":true,"href":"https:\/\/realidadturistica.com\/realtur\/wp-json\/wp\/v2\/media\/9341"}],"wp:attachment":[{"href":"https:\/\/realidadturistica.com\/realtur\/wp-json\/wp\/v2\/media?parent=9340"}],"wp:term":[{"taxonomy":"category","embeddable":true,"href":"https:\/\/realidadturistica.com\/realtur\/wp-json\/wp\/v2\/categories?post=9340"},{"taxonomy":"post_tag","embeddable":true,"href":"https:\/\/realidadturistica.com\/realtur\/wp-json\/wp\/v2\/tags?post=9340"}],"curies":[{"name":"wp","href":"https:\/\/api.w.org\/{rel}","templated":true}]}}