{"id":9355,"date":"2025-03-26T12:58:29","date_gmt":"2025-03-26T12:58:29","guid":{"rendered":"https:\/\/realidadturistica.com\/realtur\/?p=9355"},"modified":"2025-03-26T12:58:32","modified_gmt":"2025-03-26T12:58:32","slug":"cadiz-acoge-un-congreso-de-turismo-idiomatico-para-proyectar-el-destino-a-nivel-internacional","status":"publish","type":"post","link":"https:\/\/realidadturistica.com\/realtur\/cadiz-acoge-un-congreso-de-turismo-idiomatico-para-proyectar-el-destino-a-nivel-internacional\/","title":{"rendered":"C\u00e1diz acoge un congreso de turismo idiom\u00e1tico para proyectar el destino a nivel internacional"},"content":{"rendered":"\n<p class=\"wp-block-yoast-seo-estimated-reading-time yoast-reading-time__wrapper\"><span class=\"yoast-reading-time__icon\"><svg aria-hidden=\"true\" focusable=\"false\" data-icon=\"clock\" width=\"20\" height=\"20\" fill=\"none\" stroke=\"currentColor\" style=\"display:inline-block;vertical-align:-0.1em\" role=\"img\" xmlns=\"http:\/\/www.w3.org\/2000\/svg\" viewBox=\"0 0 24 24\"><path stroke-linecap=\"round\" stroke-linejoin=\"round\" stroke-width=\"2\" d=\"M12 8v4l3 3m6-3a9 9 0 11-18 0 9 9 0 0118 0z\"><\/path><\/svg><\/span><span class=\"yoast-reading-time__spacer\" style=\"display:inline-block;width:1em\"><\/span><span class=\"yoast-reading-time__descriptive-text\">Estimated reading time: <\/span><span class=\"yoast-reading-time__reading-time\">2<\/span><span class=\"yoast-reading-time__time-unit\"> minutos<\/span><\/p>\n\n\n\n<p>Espa\u00f1a. M\u00e1s de una treintena de agencias internacionales especializadas en estancias ling\u00fc\u00edsticas y unos 25 centros andaluces de ense\u00f1anzas de espa\u00f1ol se dar\u00e1n cita del 30 de marzo al 1 de abril en la segunda edici\u00f3n del Congreso Internacional MEET Andaluc\u00eda, que busca impulsar el segmento del turismo idiom\u00e1tico en la regi\u00f3n.<\/p>\n\n\n\n<p>El encuentro, organizado por la Asociaci\u00f3n de Escuelas de Espa\u00f1ol para Extranjeros de Andaluc\u00eda (EEA) con la colaboraci\u00f3n de la Consejer\u00eda de Turismo y Andaluc\u00eda Exterior, reforzar\u00e1 la proyecci\u00f3n internacional del destino como referente en la ense\u00f1anza de idiomas.<\/p>\n\n\n\n<p>MEET Andaluc\u00eda permitir\u00e1 a las escuelas participantes establecer relaciones directas con agentes internacionales procedentes de mercados estrat\u00e9gicos como China, Corea del Sur o Singapur, junto a emisores tradicionales para el destino, con el objetivo de afianzar su liderazgo en este producto. Adem\u00e1s, tras la celebraci\u00f3n del congreso, los agentes asistentes al mismo tendr\u00e1n la oportunidad de participar en viajes de familiarizaci\u00f3n para darles a conocer la oferta de distintos municipios andaluces, as\u00ed como las propias escuelas y su entorno.<\/p>\n\n\n\n<p>Seg\u00fan el informe sectorial de la federaci\u00f3n de escuelas de espa\u00f1ol FEDELE, Andaluc\u00eda se consolida como el principal destino nacional en este segmento, con m\u00e1s de 100.000 estancias registradas en 2024. La oferta de estos centros combina ense\u00f1anza ling\u00fc\u00edstica con inmersi\u00f3n cultural, alojamiento y propuestas tur\u00edsticas y de ocio, con un efecto directo en sectores como la hosteler\u00eda, el transporte o la cultura.<\/p>\n\n\n\n<p>La colaboraci\u00f3n de la Junta con esta asociaci\u00f3n contempla tambi\u00e9n dos acciones destinadas a profesorado en dos de los principales mercados europeos, como son Reino Unido e Italia. En ambos pa\u00edses se celebrar\u00e1n sendas jornadas formativas para convertir a unos 60 docentes de estos pa\u00edses en prescriptores de Andaluc\u00eda y sus escuelas de espa\u00f1ol.<\/p>\n\n\n\n<p>Tourinews<\/p>\n","protected":false},"excerpt":{"rendered":"<p>Espa\u00f1a. M\u00e1s de una treintena de agencias internacionales especializadas en estancias ling\u00fc\u00edsticas y unos 25 centros andaluces de ense\u00f1anzas de espa\u00f1ol se dar\u00e1n cita del&hellip;<\/p>\n","protected":false},"author":2,"featured_media":9356,"comment_status":"open","ping_status":"closed","sticky":false,"template":"","format":"standard","meta":{"content-type":"","_lmt_disableupdate":"","_lmt_disable":"","footnotes":""},"categories":[5],"tags":[],"class_list":["post-9355","post","type-post","status-publish","format-standard","has-post-thumbnail","hentry","category-mice"],"yoast_head":"<!-- This site is optimized with the Yoast SEO Premium plugin v27.4 (Yoast SEO v27.5) - https:\/\/yoast.com\/product\/yoast-seo-premium-wordpress\/ -->\n<title>C\u00e1diz acoge un congreso de turismo idiom\u00e1tico para proyectar el destino a nivel internacional - Realidad Tur\u00edstica<\/title>\n<meta name=\"robots\" content=\"index, follow, max-snippet:-1, max-image-preview:large, max-video-preview:-1\" \/>\n<link rel=\"canonical\" href=\"https:\/\/realidadturistica.com\/realtur\/cadiz-acoge-un-congreso-de-turismo-idiomatico-para-proyectar-el-destino-a-nivel-internacional\/\" \/>\n<meta property=\"og:locale\" content=\"es_ES\" \/>\n<meta property=\"og:type\" content=\"article\" \/>\n<meta property=\"og:title\" content=\"C\u00e1diz acoge un congreso de turismo idiom\u00e1tico para proyectar el destino a nivel internacional\" \/>\n<meta property=\"og:description\" content=\"Espa\u00f1a. M\u00e1s de una treintena de agencias internacionales especializadas en estancias ling\u00fc\u00edsticas y unos 25 centros andaluces de ense\u00f1anzas de espa\u00f1ol se dar\u00e1n cita del&hellip;\" \/>\n<meta property=\"og:url\" content=\"https:\/\/realidadturistica.com\/realtur\/cadiz-acoge-un-congreso-de-turismo-idiomatico-para-proyectar-el-destino-a-nivel-internacional\/\" \/>\n<meta property=\"og:site_name\" content=\"Realidad Tur\u00edstica\" \/>\n<meta property=\"article:publisher\" content=\"https:\/\/www.facebook.com\/realidadturistica\" \/>\n<meta property=\"article:published_time\" content=\"2025-03-26T12:58:29+00:00\" \/>\n<meta property=\"article:modified_time\" content=\"2025-03-26T12:58:32+00:00\" \/>\n<meta property=\"og:image\" content=\"https:\/\/realidadturistica.com\/realtur\/wp-content\/uploads\/2025\/03\/Cadiz-acoge.jpg\" \/>\n\t<meta property=\"og:image:width\" content=\"732\" \/>\n\t<meta property=\"og:image:height\" content=\"400\" \/>\n\t<meta property=\"og:image:type\" content=\"image\/jpeg\" \/>\n<meta name=\"author\" content=\"Editor\" \/>\n<meta name=\"twitter:card\" content=\"summary_large_image\" \/>\n<meta name=\"twitter:label1\" content=\"Escrito por\" \/>\n\t<meta name=\"twitter:data1\" content=\"Editor\" \/>\n\t<meta name=\"twitter:label2\" content=\"Tiempo de lectura\" \/>\n\t<meta name=\"twitter:data2\" content=\"2 minutos\" \/>\n<script type=\"application\/ld+json\" class=\"yoast-schema-graph\">{\"@context\":\"https:\\\/\\\/schema.org\",\"@graph\":[{\"@type\":\"Article\",\"@id\":\"https:\\\/\\\/realidadturistica.com\\\/realtur\\\/cadiz-acoge-un-congreso-de-turismo-idiomatico-para-proyectar-el-destino-a-nivel-internacional\\\/#article\",\"isPartOf\":{\"@id\":\"https:\\\/\\\/realidadturistica.com\\\/realtur\\\/cadiz-acoge-un-congreso-de-turismo-idiomatico-para-proyectar-el-destino-a-nivel-internacional\\\/\"},\"author\":{\"name\":\"Editor\",\"@id\":\"https:\\\/\\\/realidadturistica.com\\\/realtur\\\/#\\\/schema\\\/person\\\/ade671191202490fcf08ab21590de73e\"},\"headline\":\"C\u00e1diz acoge un congreso de turismo idiom\u00e1tico para proyectar el destino a nivel internacional\",\"datePublished\":\"2025-03-26T12:58:29+00:00\",\"dateModified\":\"2025-03-26T12:58:32+00:00\",\"mainEntityOfPage\":{\"@id\":\"https:\\\/\\\/realidadturistica.com\\\/realtur\\\/cadiz-acoge-un-congreso-de-turismo-idiomatico-para-proyectar-el-destino-a-nivel-internacional\\\/\"},\"wordCount\":344,\"commentCount\":0,\"publisher\":{\"@id\":\"https:\\\/\\\/realidadturistica.com\\\/realtur\\\/#organization\"},\"image\":{\"@id\":\"https:\\\/\\\/realidadturistica.com\\\/realtur\\\/cadiz-acoge-un-congreso-de-turismo-idiomatico-para-proyectar-el-destino-a-nivel-internacional\\\/#primaryimage\"},\"thumbnailUrl\":\"https:\\\/\\\/realidadturistica.com\\\/realtur\\\/wp-content\\\/uploads\\\/2025\\\/03\\\/Cadiz-acoge.jpg\",\"articleSection\":[\"MICE\"],\"inLanguage\":\"es\",\"potentialAction\":[{\"@type\":\"CommentAction\",\"name\":\"Comment\",\"target\":[\"https:\\\/\\\/realidadturistica.com\\\/realtur\\\/cadiz-acoge-un-congreso-de-turismo-idiomatico-para-proyectar-el-destino-a-nivel-internacional\\\/#respond\"]}]},{\"@type\":\"WebPage\",\"@id\":\"https:\\\/\\\/realidadturistica.com\\\/realtur\\\/cadiz-acoge-un-congreso-de-turismo-idiomatico-para-proyectar-el-destino-a-nivel-internacional\\\/\",\"url\":\"https:\\\/\\\/realidadturistica.com\\\/realtur\\\/cadiz-acoge-un-congreso-de-turismo-idiomatico-para-proyectar-el-destino-a-nivel-internacional\\\/\",\"name\":\"C\u00e1diz acoge un congreso de turismo idiom\u00e1tico para proyectar el destino a nivel internacional - Realidad Tur\u00edstica\",\"isPartOf\":{\"@id\":\"https:\\\/\\\/realidadturistica.com\\\/realtur\\\/#website\"},\"primaryImageOfPage\":{\"@id\":\"https:\\\/\\\/realidadturistica.com\\\/realtur\\\/cadiz-acoge-un-congreso-de-turismo-idiomatico-para-proyectar-el-destino-a-nivel-internacional\\\/#primaryimage\"},\"image\":{\"@id\":\"https:\\\/\\\/realidadturistica.com\\\/realtur\\\/cadiz-acoge-un-congreso-de-turismo-idiomatico-para-proyectar-el-destino-a-nivel-internacional\\\/#primaryimage\"},\"thumbnailUrl\":\"https:\\\/\\\/realidadturistica.com\\\/realtur\\\/wp-content\\\/uploads\\\/2025\\\/03\\\/Cadiz-acoge.jpg\",\"datePublished\":\"2025-03-26T12:58:29+00:00\",\"dateModified\":\"2025-03-26T12:58:32+00:00\",\"breadcrumb\":{\"@id\":\"https:\\\/\\\/realidadturistica.com\\\/realtur\\\/cadiz-acoge-un-congreso-de-turismo-idiomatico-para-proyectar-el-destino-a-nivel-internacional\\\/#breadcrumb\"},\"inLanguage\":\"es\",\"potentialAction\":[{\"@type\":\"ReadAction\",\"target\":[\"https:\\\/\\\/realidadturistica.com\\\/realtur\\\/cadiz-acoge-un-congreso-de-turismo-idiomatico-para-proyectar-el-destino-a-nivel-internacional\\\/\"]}]},{\"@type\":\"ImageObject\",\"inLanguage\":\"es\",\"@id\":\"https:\\\/\\\/realidadturistica.com\\\/realtur\\\/cadiz-acoge-un-congreso-de-turismo-idiomatico-para-proyectar-el-destino-a-nivel-internacional\\\/#primaryimage\",\"url\":\"https:\\\/\\\/realidadturistica.com\\\/realtur\\\/wp-content\\\/uploads\\\/2025\\\/03\\\/Cadiz-acoge.jpg\",\"contentUrl\":\"https:\\\/\\\/realidadturistica.com\\\/realtur\\\/wp-content\\\/uploads\\\/2025\\\/03\\\/Cadiz-acoge.jpg\",\"width\":732,\"height\":400},{\"@type\":\"BreadcrumbList\",\"@id\":\"https:\\\/\\\/realidadturistica.com\\\/realtur\\\/cadiz-acoge-un-congreso-de-turismo-idiomatico-para-proyectar-el-destino-a-nivel-internacional\\\/#breadcrumb\",\"itemListElement\":[{\"@type\":\"ListItem\",\"position\":1,\"name\":\"Portada\",\"item\":\"https:\\\/\\\/realidadturistica.com\\\/realtur\\\/\"},{\"@type\":\"ListItem\",\"position\":2,\"name\":\"C\u00e1diz acoge un congreso de turismo idiom\u00e1tico para proyectar el destino a nivel internacional\"}]},{\"@type\":\"WebSite\",\"@id\":\"https:\\\/\\\/realidadturistica.com\\\/realtur\\\/#website\",\"url\":\"https:\\\/\\\/realidadturistica.com\\\/realtur\\\/\",\"name\":\"Realidad Tur\u00edstica\",\"description\":\"\",\"publisher\":{\"@id\":\"https:\\\/\\\/realidadturistica.com\\\/realtur\\\/#organization\"},\"potentialAction\":[{\"@type\":\"SearchAction\",\"target\":{\"@type\":\"EntryPoint\",\"urlTemplate\":\"https:\\\/\\\/realidadturistica.com\\\/realtur\\\/?s={search_term_string}\"},\"query-input\":{\"@type\":\"PropertyValueSpecification\",\"valueRequired\":true,\"valueName\":\"search_term_string\"}}],\"inLanguage\":\"es\"},{\"@type\":\"Organization\",\"@id\":\"https:\\\/\\\/realidadturistica.com\\\/realtur\\\/#organization\",\"name\":\"Realidad Tur\u00edstica\",\"url\":\"https:\\\/\\\/realidadturistica.com\\\/realtur\\\/\",\"logo\":{\"@type\":\"ImageObject\",\"inLanguage\":\"es\",\"@id\":\"https:\\\/\\\/realidadturistica.com\\\/realtur\\\/#\\\/schema\\\/logo\\\/image\\\/\",\"url\":\"https:\\\/\\\/realidadturistica.com\\\/realtur\\\/wp-content\\\/uploads\\\/2021\\\/12\\\/logotipo-realidad-turistica.png\",\"contentUrl\":\"https:\\\/\\\/realidadturistica.com\\\/realtur\\\/wp-content\\\/uploads\\\/2021\\\/12\\\/logotipo-realidad-turistica.png\",\"width\":1382,\"height\":629,\"caption\":\"Realidad Tur\u00edstica\"},\"image\":{\"@id\":\"https:\\\/\\\/realidadturistica.com\\\/realtur\\\/#\\\/schema\\\/logo\\\/image\\\/\"},\"sameAs\":[\"https:\\\/\\\/www.facebook.com\\\/realidadturistica\",\"https:\\\/\\\/www.instagram.com\\\/realidad_turistica\\\/\"]},{\"@type\":\"Person\",\"@id\":\"https:\\\/\\\/realidadturistica.com\\\/realtur\\\/#\\\/schema\\\/person\\\/ade671191202490fcf08ab21590de73e\",\"name\":\"Editor\",\"image\":{\"@type\":\"ImageObject\",\"inLanguage\":\"es\",\"@id\":\"https:\\\/\\\/realidadturistica.com\\\/realtur\\\/wp-content\\\/uploads\\\/2023\\\/09\\\/Editor_avatar_1693668634-96x96.png\",\"url\":\"https:\\\/\\\/realidadturistica.com\\\/realtur\\\/wp-content\\\/uploads\\\/2023\\\/09\\\/Editor_avatar_1693668634-96x96.png\",\"contentUrl\":\"https:\\\/\\\/realidadturistica.com\\\/realtur\\\/wp-content\\\/uploads\\\/2023\\\/09\\\/Editor_avatar_1693668634-96x96.png\",\"caption\":\"Editor\"},\"sameAs\":[\"https:\\\/\\\/realidadturistica.com\\\/realtur\"],\"url\":\"https:\\\/\\\/realidadturistica.com\\\/realtur\\\/author\\\/editor2\\\/\"}]}<\/script>\n<!-- \/ Yoast SEO Premium plugin. -->","yoast_head_json":{"title":"C\u00e1diz acoge un congreso de turismo idiom\u00e1tico para proyectar el destino a nivel internacional - Realidad Tur\u00edstica","robots":{"index":"index","follow":"follow","max-snippet":"max-snippet:-1","max-image-preview":"max-image-preview:large","max-video-preview":"max-video-preview:-1"},"canonical":"https:\/\/realidadturistica.com\/realtur\/cadiz-acoge-un-congreso-de-turismo-idiomatico-para-proyectar-el-destino-a-nivel-internacional\/","og_locale":"es_ES","og_type":"article","og_title":"C\u00e1diz acoge un congreso de turismo idiom\u00e1tico para proyectar el destino a nivel internacional","og_description":"Espa\u00f1a. M\u00e1s de una treintena de agencias internacionales especializadas en estancias ling\u00fc\u00edsticas y unos 25 centros andaluces de ense\u00f1anzas de espa\u00f1ol se dar\u00e1n cita del&hellip;","og_url":"https:\/\/realidadturistica.com\/realtur\/cadiz-acoge-un-congreso-de-turismo-idiomatico-para-proyectar-el-destino-a-nivel-internacional\/","og_site_name":"Realidad Tur\u00edstica","article_publisher":"https:\/\/www.facebook.com\/realidadturistica","article_published_time":"2025-03-26T12:58:29+00:00","article_modified_time":"2025-03-26T12:58:32+00:00","og_image":[{"width":732,"height":400,"url":"https:\/\/realidadturistica.com\/realtur\/wp-content\/uploads\/2025\/03\/Cadiz-acoge.jpg","type":"image\/jpeg"}],"author":"Editor","twitter_card":"summary_large_image","twitter_misc":{"Escrito por":"Editor","Tiempo de lectura":"2 minutos"},"schema":{"@context":"https:\/\/schema.org","@graph":[{"@type":"Article","@id":"https:\/\/realidadturistica.com\/realtur\/cadiz-acoge-un-congreso-de-turismo-idiomatico-para-proyectar-el-destino-a-nivel-internacional\/#article","isPartOf":{"@id":"https:\/\/realidadturistica.com\/realtur\/cadiz-acoge-un-congreso-de-turismo-idiomatico-para-proyectar-el-destino-a-nivel-internacional\/"},"author":{"name":"Editor","@id":"https:\/\/realidadturistica.com\/realtur\/#\/schema\/person\/ade671191202490fcf08ab21590de73e"},"headline":"C\u00e1diz acoge un congreso de turismo idiom\u00e1tico para proyectar el destino a nivel internacional","datePublished":"2025-03-26T12:58:29+00:00","dateModified":"2025-03-26T12:58:32+00:00","mainEntityOfPage":{"@id":"https:\/\/realidadturistica.com\/realtur\/cadiz-acoge-un-congreso-de-turismo-idiomatico-para-proyectar-el-destino-a-nivel-internacional\/"},"wordCount":344,"commentCount":0,"publisher":{"@id":"https:\/\/realidadturistica.com\/realtur\/#organization"},"image":{"@id":"https:\/\/realidadturistica.com\/realtur\/cadiz-acoge-un-congreso-de-turismo-idiomatico-para-proyectar-el-destino-a-nivel-internacional\/#primaryimage"},"thumbnailUrl":"https:\/\/realidadturistica.com\/realtur\/wp-content\/uploads\/2025\/03\/Cadiz-acoge.jpg","articleSection":["MICE"],"inLanguage":"es","potentialAction":[{"@type":"CommentAction","name":"Comment","target":["https:\/\/realidadturistica.com\/realtur\/cadiz-acoge-un-congreso-de-turismo-idiomatico-para-proyectar-el-destino-a-nivel-internacional\/#respond"]}]},{"@type":"WebPage","@id":"https:\/\/realidadturistica.com\/realtur\/cadiz-acoge-un-congreso-de-turismo-idiomatico-para-proyectar-el-destino-a-nivel-internacional\/","url":"https:\/\/realidadturistica.com\/realtur\/cadiz-acoge-un-congreso-de-turismo-idiomatico-para-proyectar-el-destino-a-nivel-internacional\/","name":"C\u00e1diz acoge un congreso de turismo idiom\u00e1tico para proyectar el destino a nivel internacional - Realidad Tur\u00edstica","isPartOf":{"@id":"https:\/\/realidadturistica.com\/realtur\/#website"},"primaryImageOfPage":{"@id":"https:\/\/realidadturistica.com\/realtur\/cadiz-acoge-un-congreso-de-turismo-idiomatico-para-proyectar-el-destino-a-nivel-internacional\/#primaryimage"},"image":{"@id":"https:\/\/realidadturistica.com\/realtur\/cadiz-acoge-un-congreso-de-turismo-idiomatico-para-proyectar-el-destino-a-nivel-internacional\/#primaryimage"},"thumbnailUrl":"https:\/\/realidadturistica.com\/realtur\/wp-content\/uploads\/2025\/03\/Cadiz-acoge.jpg","datePublished":"2025-03-26T12:58:29+00:00","dateModified":"2025-03-26T12:58:32+00:00","breadcrumb":{"@id":"https:\/\/realidadturistica.com\/realtur\/cadiz-acoge-un-congreso-de-turismo-idiomatico-para-proyectar-el-destino-a-nivel-internacional\/#breadcrumb"},"inLanguage":"es","potentialAction":[{"@type":"ReadAction","target":["https:\/\/realidadturistica.com\/realtur\/cadiz-acoge-un-congreso-de-turismo-idiomatico-para-proyectar-el-destino-a-nivel-internacional\/"]}]},{"@type":"ImageObject","inLanguage":"es","@id":"https:\/\/realidadturistica.com\/realtur\/cadiz-acoge-un-congreso-de-turismo-idiomatico-para-proyectar-el-destino-a-nivel-internacional\/#primaryimage","url":"https:\/\/realidadturistica.com\/realtur\/wp-content\/uploads\/2025\/03\/Cadiz-acoge.jpg","contentUrl":"https:\/\/realidadturistica.com\/realtur\/wp-content\/uploads\/2025\/03\/Cadiz-acoge.jpg","width":732,"height":400},{"@type":"BreadcrumbList","@id":"https:\/\/realidadturistica.com\/realtur\/cadiz-acoge-un-congreso-de-turismo-idiomatico-para-proyectar-el-destino-a-nivel-internacional\/#breadcrumb","itemListElement":[{"@type":"ListItem","position":1,"name":"Portada","item":"https:\/\/realidadturistica.com\/realtur\/"},{"@type":"ListItem","position":2,"name":"C\u00e1diz acoge un congreso de turismo idiom\u00e1tico para proyectar el destino a nivel internacional"}]},{"@type":"WebSite","@id":"https:\/\/realidadturistica.com\/realtur\/#website","url":"https:\/\/realidadturistica.com\/realtur\/","name":"Realidad Tur\u00edstica","description":"","publisher":{"@id":"https:\/\/realidadturistica.com\/realtur\/#organization"},"potentialAction":[{"@type":"SearchAction","target":{"@type":"EntryPoint","urlTemplate":"https:\/\/realidadturistica.com\/realtur\/?s={search_term_string}"},"query-input":{"@type":"PropertyValueSpecification","valueRequired":true,"valueName":"search_term_string"}}],"inLanguage":"es"},{"@type":"Organization","@id":"https:\/\/realidadturistica.com\/realtur\/#organization","name":"Realidad Tur\u00edstica","url":"https:\/\/realidadturistica.com\/realtur\/","logo":{"@type":"ImageObject","inLanguage":"es","@id":"https:\/\/realidadturistica.com\/realtur\/#\/schema\/logo\/image\/","url":"https:\/\/realidadturistica.com\/realtur\/wp-content\/uploads\/2021\/12\/logotipo-realidad-turistica.png","contentUrl":"https:\/\/realidadturistica.com\/realtur\/wp-content\/uploads\/2021\/12\/logotipo-realidad-turistica.png","width":1382,"height":629,"caption":"Realidad Tur\u00edstica"},"image":{"@id":"https:\/\/realidadturistica.com\/realtur\/#\/schema\/logo\/image\/"},"sameAs":["https:\/\/www.facebook.com\/realidadturistica","https:\/\/www.instagram.com\/realidad_turistica\/"]},{"@type":"Person","@id":"https:\/\/realidadturistica.com\/realtur\/#\/schema\/person\/ade671191202490fcf08ab21590de73e","name":"Editor","image":{"@type":"ImageObject","inLanguage":"es","@id":"https:\/\/realidadturistica.com\/realtur\/wp-content\/uploads\/2023\/09\/Editor_avatar_1693668634-96x96.png","url":"https:\/\/realidadturistica.com\/realtur\/wp-content\/uploads\/2023\/09\/Editor_avatar_1693668634-96x96.png","contentUrl":"https:\/\/realidadturistica.com\/realtur\/wp-content\/uploads\/2023\/09\/Editor_avatar_1693668634-96x96.png","caption":"Editor"},"sameAs":["https:\/\/realidadturistica.com\/realtur"],"url":"https:\/\/realidadturistica.com\/realtur\/author\/editor2\/"}]}},"_links":{"self":[{"href":"https:\/\/realidadturistica.com\/realtur\/wp-json\/wp\/v2\/posts\/9355","targetHints":{"allow":["GET"]}}],"collection":[{"href":"https:\/\/realidadturistica.com\/realtur\/wp-json\/wp\/v2\/posts"}],"about":[{"href":"https:\/\/realidadturistica.com\/realtur\/wp-json\/wp\/v2\/types\/post"}],"author":[{"embeddable":true,"href":"https:\/\/realidadturistica.com\/realtur\/wp-json\/wp\/v2\/users\/2"}],"replies":[{"embeddable":true,"href":"https:\/\/realidadturistica.com\/realtur\/wp-json\/wp\/v2\/comments?post=9355"}],"version-history":[{"count":1,"href":"https:\/\/realidadturistica.com\/realtur\/wp-json\/wp\/v2\/posts\/9355\/revisions"}],"predecessor-version":[{"id":9357,"href":"https:\/\/realidadturistica.com\/realtur\/wp-json\/wp\/v2\/posts\/9355\/revisions\/9357"}],"wp:featuredmedia":[{"embeddable":true,"href":"https:\/\/realidadturistica.com\/realtur\/wp-json\/wp\/v2\/media\/9356"}],"wp:attachment":[{"href":"https:\/\/realidadturistica.com\/realtur\/wp-json\/wp\/v2\/media?parent=9355"}],"wp:term":[{"taxonomy":"category","embeddable":true,"href":"https:\/\/realidadturistica.com\/realtur\/wp-json\/wp\/v2\/categories?post=9355"},{"taxonomy":"post_tag","embeddable":true,"href":"https:\/\/realidadturistica.com\/realtur\/wp-json\/wp\/v2\/tags?post=9355"}],"curies":[{"name":"wp","href":"https:\/\/api.w.org\/{rel}","templated":true}]}}