{"id":9418,"date":"2025-04-13T04:16:13","date_gmt":"2025-04-13T04:16:13","guid":{"rendered":"https:\/\/realidadturistica.com\/realtur\/?p=9418"},"modified":"2025-04-16T14:48:55","modified_gmt":"2025-04-16T14:48:55","slug":"hoteles-de-tren-maya-ponen-tarifa-que-compita-a-los-de-riviera-maya","status":"publish","type":"post","link":"https:\/\/realidadturistica.com\/realtur\/hoteles-de-tren-maya-ponen-tarifa-que-compita-a-los-de-riviera-maya\/","title":{"rendered":"Hoteles de Tren Maya ponen tarifa que compita a los de Riviera Maya"},"content":{"rendered":"\n<p class=\"wp-block-yoast-seo-estimated-reading-time yoast-reading-time__wrapper\"><span class=\"yoast-reading-time__icon\"><svg aria-hidden=\"true\" focusable=\"false\" data-icon=\"clock\" width=\"20\" height=\"20\" fill=\"none\" stroke=\"currentColor\" style=\"display:inline-block;vertical-align:-0.1em\" role=\"img\" xmlns=\"http:\/\/www.w3.org\/2000\/svg\" viewBox=\"0 0 24 24\"><path stroke-linecap=\"round\" stroke-linejoin=\"round\" stroke-width=\"2\" d=\"M12 8v4l3 3m6-3a9 9 0 11-18 0 9 9 0 0118 0z\"><\/path><\/svg><\/span><span class=\"yoast-reading-time__spacer\" style=\"display:inline-block;width:1em\"><\/span><span class=\"yoast-reading-time__descriptive-text\">Estimated reading time: <\/span><span class=\"yoast-reading-time__reading-time\">2<\/span><span class=\"yoast-reading-time__time-unit\"> minutos<\/span><\/p>\n\n\n\n<p>M\u00e9xico. El general Adolfo H\u00e9ctor Tonatiuh Velasco Bernal, director del Grupo Aeroportuario, Ferroviario y de Servicios Auxiliares y Conexos Olmeca Maya Mexica S.A. de C.V. (GAFSACOMM) y administrador de los hoteles del Tren Maya, busca que sean competitivos en la Riviera Maya, aunque asegur\u00f3 que gozan de una excelente ocupaci\u00f3n.<\/p>\n\n\n\n<p>\u201cEstamos buscando que sean competitivos en la zona de la Riviera Maya, hasta Palenque, Chiapas. Son hoteles de mucha calidad y mucha categor\u00eda y estamos recibiendo turismo nacional e internacional\u201d, dijo el general, seg\u00fan La Jornada.<\/p>\n\n\n\n<p>Recalc\u00f3 que son seis hoteles tur\u00edsticos y uno de negocios; adem\u00e1s, son cuatro estrellas bajo el concepto Plan Europeo y funcionan bien, se\u00f1al\u00f3. As\u00ed mismo, indic\u00f3 que tienen una oferta total de m\u00e1s de mil 100 habitaciones y las tarifas oscilan por noche entre los 2 mil 100 pesos mexicanos (unos 100 d\u00f3lares) y 2 mil 500 pesos mexicanos (unos 120 d\u00f3lares).<\/p>\n\n\n\n<p>Como lo inform\u00f3 REPORTUR.mx, los hoteles del Tren Maya gozar\u00e1n del subsidio del gobierno hasta 2027, cuando estiman que lleguen a punto de equilibrio, pues enfrentan retos de promoci\u00f3n, ubicaci\u00f3n y transporte. As\u00ed mismo, buscar\u00e1n una identidad para estos hoteles sin desligarlos de la marca del tren.<\/p>\n\n\n\n<p>\u201cTenemos un estimado para 2027 (alcanzar el punto de equilibrio); yo creo que lo vamos a alcanzar mucho antes. En los 75 d\u00edas (que hemos operado) hemos alcanzado un 32 por ciento de ocupaci\u00f3n; con esa tendencia vamos a crecer 50 por ciento al final del a\u00f1o; ese punto de equilibrio a mitad del a\u00f1o siguiente lo podr\u00edamos alcanzar\u201d, dijo en su momento a El Financiero Tonatiuh Velasco.<\/p>\n\n\n\n<p>Reportur.mx<\/p>\n","protected":false},"excerpt":{"rendered":"<p>M\u00e9xico. El general Adolfo H\u00e9ctor Tonatiuh Velasco Bernal, director del Grupo Aeroportuario, Ferroviario y de Servicios Auxiliares y Conexos Olmeca Maya Mexica S.A. de C.V.&hellip;<\/p>\n","protected":false},"author":2,"featured_media":9461,"comment_status":"open","ping_status":"closed","sticky":false,"template":"","format":"standard","meta":{"content-type":"","_lmt_disableupdate":"","_lmt_disable":"","footnotes":""},"categories":[6],"tags":[],"class_list":["post-9418","post","type-post","status-publish","format-standard","has-post-thumbnail","hentry","category-turismo"],"yoast_head":"<!-- This site is optimized with the Yoast SEO Premium plugin v27.4 (Yoast SEO v27.5) - https:\/\/yoast.com\/product\/yoast-seo-premium-wordpress\/ -->\n<title>Hoteles de Tren Maya ponen tarifa que compita a los de Riviera Maya - Realidad Tur\u00edstica<\/title>\n<meta name=\"robots\" content=\"index, follow, max-snippet:-1, max-image-preview:large, max-video-preview:-1\" \/>\n<link rel=\"canonical\" href=\"https:\/\/realidadturistica.com\/realtur\/hoteles-de-tren-maya-ponen-tarifa-que-compita-a-los-de-riviera-maya\/\" \/>\n<meta property=\"og:locale\" content=\"es_ES\" \/>\n<meta property=\"og:type\" content=\"article\" \/>\n<meta property=\"og:title\" content=\"Hoteles de Tren Maya ponen tarifa que compita a los de Riviera Maya\" \/>\n<meta property=\"og:description\" content=\"M\u00e9xico. El general Adolfo H\u00e9ctor Tonatiuh Velasco Bernal, director del Grupo Aeroportuario, Ferroviario y de Servicios Auxiliares y Conexos Olmeca Maya Mexica S.A. de C.V.&hellip;\" \/>\n<meta property=\"og:url\" content=\"https:\/\/realidadturistica.com\/realtur\/hoteles-de-tren-maya-ponen-tarifa-que-compita-a-los-de-riviera-maya\/\" \/>\n<meta property=\"og:site_name\" content=\"Realidad Tur\u00edstica\" \/>\n<meta property=\"article:publisher\" content=\"https:\/\/www.facebook.com\/realidadturistica\" \/>\n<meta property=\"article:published_time\" content=\"2025-04-13T04:16:13+00:00\" \/>\n<meta property=\"article:modified_time\" content=\"2025-04-16T14:48:55+00:00\" \/>\n<meta property=\"og:image\" content=\"https:\/\/realidadturistica.com\/realtur\/wp-content\/uploads\/2025\/04\/hotel-edzna-tren-maya-3.webp\" \/>\n\t<meta property=\"og:image:width\" content=\"2048\" \/>\n\t<meta property=\"og:image:height\" content=\"1366\" \/>\n\t<meta property=\"og:image:type\" content=\"image\/webp\" \/>\n<meta name=\"author\" content=\"Editor\" \/>\n<meta name=\"twitter:card\" content=\"summary_large_image\" \/>\n<meta name=\"twitter:label1\" content=\"Escrito por\" \/>\n\t<meta name=\"twitter:data1\" content=\"Editor\" \/>\n\t<meta name=\"twitter:label2\" content=\"Tiempo de lectura\" \/>\n\t<meta name=\"twitter:data2\" content=\"2 minutos\" \/>\n<script type=\"application\/ld+json\" class=\"yoast-schema-graph\">{\"@context\":\"https:\\\/\\\/schema.org\",\"@graph\":[{\"@type\":\"Article\",\"@id\":\"https:\\\/\\\/realidadturistica.com\\\/realtur\\\/hoteles-de-tren-maya-ponen-tarifa-que-compita-a-los-de-riviera-maya\\\/#article\",\"isPartOf\":{\"@id\":\"https:\\\/\\\/realidadturistica.com\\\/realtur\\\/hoteles-de-tren-maya-ponen-tarifa-que-compita-a-los-de-riviera-maya\\\/\"},\"author\":{\"name\":\"Editor\",\"@id\":\"https:\\\/\\\/realidadturistica.com\\\/realtur\\\/#\\\/schema\\\/person\\\/ade671191202490fcf08ab21590de73e\"},\"headline\":\"Hoteles de Tren Maya ponen tarifa que compita a los de Riviera Maya\",\"datePublished\":\"2025-04-13T04:16:13+00:00\",\"dateModified\":\"2025-04-16T14:48:55+00:00\",\"mainEntityOfPage\":{\"@id\":\"https:\\\/\\\/realidadturistica.com\\\/realtur\\\/hoteles-de-tren-maya-ponen-tarifa-que-compita-a-los-de-riviera-maya\\\/\"},\"wordCount\":293,\"commentCount\":0,\"publisher\":{\"@id\":\"https:\\\/\\\/realidadturistica.com\\\/realtur\\\/#organization\"},\"image\":{\"@id\":\"https:\\\/\\\/realidadturistica.com\\\/realtur\\\/hoteles-de-tren-maya-ponen-tarifa-que-compita-a-los-de-riviera-maya\\\/#primaryimage\"},\"thumbnailUrl\":\"https:\\\/\\\/realidadturistica.com\\\/realtur\\\/wp-content\\\/uploads\\\/2025\\\/04\\\/hotel-edzna-tren-maya-3.webp\",\"articleSection\":[\"Turismo\"],\"inLanguage\":\"es\",\"potentialAction\":[{\"@type\":\"CommentAction\",\"name\":\"Comment\",\"target\":[\"https:\\\/\\\/realidadturistica.com\\\/realtur\\\/hoteles-de-tren-maya-ponen-tarifa-que-compita-a-los-de-riviera-maya\\\/#respond\"]}]},{\"@type\":\"WebPage\",\"@id\":\"https:\\\/\\\/realidadturistica.com\\\/realtur\\\/hoteles-de-tren-maya-ponen-tarifa-que-compita-a-los-de-riviera-maya\\\/\",\"url\":\"https:\\\/\\\/realidadturistica.com\\\/realtur\\\/hoteles-de-tren-maya-ponen-tarifa-que-compita-a-los-de-riviera-maya\\\/\",\"name\":\"Hoteles de Tren Maya ponen tarifa que compita a los de Riviera Maya - Realidad Tur\u00edstica\",\"isPartOf\":{\"@id\":\"https:\\\/\\\/realidadturistica.com\\\/realtur\\\/#website\"},\"primaryImageOfPage\":{\"@id\":\"https:\\\/\\\/realidadturistica.com\\\/realtur\\\/hoteles-de-tren-maya-ponen-tarifa-que-compita-a-los-de-riviera-maya\\\/#primaryimage\"},\"image\":{\"@id\":\"https:\\\/\\\/realidadturistica.com\\\/realtur\\\/hoteles-de-tren-maya-ponen-tarifa-que-compita-a-los-de-riviera-maya\\\/#primaryimage\"},\"thumbnailUrl\":\"https:\\\/\\\/realidadturistica.com\\\/realtur\\\/wp-content\\\/uploads\\\/2025\\\/04\\\/hotel-edzna-tren-maya-3.webp\",\"datePublished\":\"2025-04-13T04:16:13+00:00\",\"dateModified\":\"2025-04-16T14:48:55+00:00\",\"breadcrumb\":{\"@id\":\"https:\\\/\\\/realidadturistica.com\\\/realtur\\\/hoteles-de-tren-maya-ponen-tarifa-que-compita-a-los-de-riviera-maya\\\/#breadcrumb\"},\"inLanguage\":\"es\",\"potentialAction\":[{\"@type\":\"ReadAction\",\"target\":[\"https:\\\/\\\/realidadturistica.com\\\/realtur\\\/hoteles-de-tren-maya-ponen-tarifa-que-compita-a-los-de-riviera-maya\\\/\"]}]},{\"@type\":\"ImageObject\",\"inLanguage\":\"es\",\"@id\":\"https:\\\/\\\/realidadturistica.com\\\/realtur\\\/hoteles-de-tren-maya-ponen-tarifa-que-compita-a-los-de-riviera-maya\\\/#primaryimage\",\"url\":\"https:\\\/\\\/realidadturistica.com\\\/realtur\\\/wp-content\\\/uploads\\\/2025\\\/04\\\/hotel-edzna-tren-maya-3.webp\",\"contentUrl\":\"https:\\\/\\\/realidadturistica.com\\\/realtur\\\/wp-content\\\/uploads\\\/2025\\\/04\\\/hotel-edzna-tren-maya-3.webp\",\"width\":2048,\"height\":1366},{\"@type\":\"BreadcrumbList\",\"@id\":\"https:\\\/\\\/realidadturistica.com\\\/realtur\\\/hoteles-de-tren-maya-ponen-tarifa-que-compita-a-los-de-riviera-maya\\\/#breadcrumb\",\"itemListElement\":[{\"@type\":\"ListItem\",\"position\":1,\"name\":\"Portada\",\"item\":\"https:\\\/\\\/realidadturistica.com\\\/realtur\\\/\"},{\"@type\":\"ListItem\",\"position\":2,\"name\":\"Hoteles de Tren Maya ponen tarifa que compita a los de Riviera Maya\"}]},{\"@type\":\"WebSite\",\"@id\":\"https:\\\/\\\/realidadturistica.com\\\/realtur\\\/#website\",\"url\":\"https:\\\/\\\/realidadturistica.com\\\/realtur\\\/\",\"name\":\"Realidad Tur\u00edstica\",\"description\":\"\",\"publisher\":{\"@id\":\"https:\\\/\\\/realidadturistica.com\\\/realtur\\\/#organization\"},\"potentialAction\":[{\"@type\":\"SearchAction\",\"target\":{\"@type\":\"EntryPoint\",\"urlTemplate\":\"https:\\\/\\\/realidadturistica.com\\\/realtur\\\/?s={search_term_string}\"},\"query-input\":{\"@type\":\"PropertyValueSpecification\",\"valueRequired\":true,\"valueName\":\"search_term_string\"}}],\"inLanguage\":\"es\"},{\"@type\":\"Organization\",\"@id\":\"https:\\\/\\\/realidadturistica.com\\\/realtur\\\/#organization\",\"name\":\"Realidad Tur\u00edstica\",\"url\":\"https:\\\/\\\/realidadturistica.com\\\/realtur\\\/\",\"logo\":{\"@type\":\"ImageObject\",\"inLanguage\":\"es\",\"@id\":\"https:\\\/\\\/realidadturistica.com\\\/realtur\\\/#\\\/schema\\\/logo\\\/image\\\/\",\"url\":\"https:\\\/\\\/realidadturistica.com\\\/realtur\\\/wp-content\\\/uploads\\\/2021\\\/12\\\/logotipo-realidad-turistica.png\",\"contentUrl\":\"https:\\\/\\\/realidadturistica.com\\\/realtur\\\/wp-content\\\/uploads\\\/2021\\\/12\\\/logotipo-realidad-turistica.png\",\"width\":1382,\"height\":629,\"caption\":\"Realidad Tur\u00edstica\"},\"image\":{\"@id\":\"https:\\\/\\\/realidadturistica.com\\\/realtur\\\/#\\\/schema\\\/logo\\\/image\\\/\"},\"sameAs\":[\"https:\\\/\\\/www.facebook.com\\\/realidadturistica\",\"https:\\\/\\\/www.instagram.com\\\/realidad_turistica\\\/\"]},{\"@type\":\"Person\",\"@id\":\"https:\\\/\\\/realidadturistica.com\\\/realtur\\\/#\\\/schema\\\/person\\\/ade671191202490fcf08ab21590de73e\",\"name\":\"Editor\",\"image\":{\"@type\":\"ImageObject\",\"inLanguage\":\"es\",\"@id\":\"https:\\\/\\\/realidadturistica.com\\\/realtur\\\/wp-content\\\/uploads\\\/2023\\\/09\\\/Editor_avatar_1693668634-96x96.png\",\"url\":\"https:\\\/\\\/realidadturistica.com\\\/realtur\\\/wp-content\\\/uploads\\\/2023\\\/09\\\/Editor_avatar_1693668634-96x96.png\",\"contentUrl\":\"https:\\\/\\\/realidadturistica.com\\\/realtur\\\/wp-content\\\/uploads\\\/2023\\\/09\\\/Editor_avatar_1693668634-96x96.png\",\"caption\":\"Editor\"},\"sameAs\":[\"https:\\\/\\\/realidadturistica.com\\\/realtur\"],\"url\":\"https:\\\/\\\/realidadturistica.com\\\/realtur\\\/author\\\/editor2\\\/\"}]}<\/script>\n<!-- \/ Yoast SEO Premium plugin. -->","yoast_head_json":{"title":"Hoteles de Tren Maya ponen tarifa que compita a los de Riviera Maya - Realidad Tur\u00edstica","robots":{"index":"index","follow":"follow","max-snippet":"max-snippet:-1","max-image-preview":"max-image-preview:large","max-video-preview":"max-video-preview:-1"},"canonical":"https:\/\/realidadturistica.com\/realtur\/hoteles-de-tren-maya-ponen-tarifa-que-compita-a-los-de-riviera-maya\/","og_locale":"es_ES","og_type":"article","og_title":"Hoteles de Tren Maya ponen tarifa que compita a los de Riviera Maya","og_description":"M\u00e9xico. El general Adolfo H\u00e9ctor Tonatiuh Velasco Bernal, director del Grupo Aeroportuario, Ferroviario y de Servicios Auxiliares y Conexos Olmeca Maya Mexica S.A. de C.V.&hellip;","og_url":"https:\/\/realidadturistica.com\/realtur\/hoteles-de-tren-maya-ponen-tarifa-que-compita-a-los-de-riviera-maya\/","og_site_name":"Realidad Tur\u00edstica","article_publisher":"https:\/\/www.facebook.com\/realidadturistica","article_published_time":"2025-04-13T04:16:13+00:00","article_modified_time":"2025-04-16T14:48:55+00:00","og_image":[{"width":2048,"height":1366,"url":"https:\/\/realidadturistica.com\/realtur\/wp-content\/uploads\/2025\/04\/hotel-edzna-tren-maya-3.webp","type":"image\/webp"}],"author":"Editor","twitter_card":"summary_large_image","twitter_misc":{"Escrito por":"Editor","Tiempo de lectura":"2 minutos"},"schema":{"@context":"https:\/\/schema.org","@graph":[{"@type":"Article","@id":"https:\/\/realidadturistica.com\/realtur\/hoteles-de-tren-maya-ponen-tarifa-que-compita-a-los-de-riviera-maya\/#article","isPartOf":{"@id":"https:\/\/realidadturistica.com\/realtur\/hoteles-de-tren-maya-ponen-tarifa-que-compita-a-los-de-riviera-maya\/"},"author":{"name":"Editor","@id":"https:\/\/realidadturistica.com\/realtur\/#\/schema\/person\/ade671191202490fcf08ab21590de73e"},"headline":"Hoteles de Tren Maya ponen tarifa que compita a los de Riviera Maya","datePublished":"2025-04-13T04:16:13+00:00","dateModified":"2025-04-16T14:48:55+00:00","mainEntityOfPage":{"@id":"https:\/\/realidadturistica.com\/realtur\/hoteles-de-tren-maya-ponen-tarifa-que-compita-a-los-de-riviera-maya\/"},"wordCount":293,"commentCount":0,"publisher":{"@id":"https:\/\/realidadturistica.com\/realtur\/#organization"},"image":{"@id":"https:\/\/realidadturistica.com\/realtur\/hoteles-de-tren-maya-ponen-tarifa-que-compita-a-los-de-riviera-maya\/#primaryimage"},"thumbnailUrl":"https:\/\/realidadturistica.com\/realtur\/wp-content\/uploads\/2025\/04\/hotel-edzna-tren-maya-3.webp","articleSection":["Turismo"],"inLanguage":"es","potentialAction":[{"@type":"CommentAction","name":"Comment","target":["https:\/\/realidadturistica.com\/realtur\/hoteles-de-tren-maya-ponen-tarifa-que-compita-a-los-de-riviera-maya\/#respond"]}]},{"@type":"WebPage","@id":"https:\/\/realidadturistica.com\/realtur\/hoteles-de-tren-maya-ponen-tarifa-que-compita-a-los-de-riviera-maya\/","url":"https:\/\/realidadturistica.com\/realtur\/hoteles-de-tren-maya-ponen-tarifa-que-compita-a-los-de-riviera-maya\/","name":"Hoteles de Tren Maya ponen tarifa que compita a los de Riviera Maya - Realidad Tur\u00edstica","isPartOf":{"@id":"https:\/\/realidadturistica.com\/realtur\/#website"},"primaryImageOfPage":{"@id":"https:\/\/realidadturistica.com\/realtur\/hoteles-de-tren-maya-ponen-tarifa-que-compita-a-los-de-riviera-maya\/#primaryimage"},"image":{"@id":"https:\/\/realidadturistica.com\/realtur\/hoteles-de-tren-maya-ponen-tarifa-que-compita-a-los-de-riviera-maya\/#primaryimage"},"thumbnailUrl":"https:\/\/realidadturistica.com\/realtur\/wp-content\/uploads\/2025\/04\/hotel-edzna-tren-maya-3.webp","datePublished":"2025-04-13T04:16:13+00:00","dateModified":"2025-04-16T14:48:55+00:00","breadcrumb":{"@id":"https:\/\/realidadturistica.com\/realtur\/hoteles-de-tren-maya-ponen-tarifa-que-compita-a-los-de-riviera-maya\/#breadcrumb"},"inLanguage":"es","potentialAction":[{"@type":"ReadAction","target":["https:\/\/realidadturistica.com\/realtur\/hoteles-de-tren-maya-ponen-tarifa-que-compita-a-los-de-riviera-maya\/"]}]},{"@type":"ImageObject","inLanguage":"es","@id":"https:\/\/realidadturistica.com\/realtur\/hoteles-de-tren-maya-ponen-tarifa-que-compita-a-los-de-riviera-maya\/#primaryimage","url":"https:\/\/realidadturistica.com\/realtur\/wp-content\/uploads\/2025\/04\/hotel-edzna-tren-maya-3.webp","contentUrl":"https:\/\/realidadturistica.com\/realtur\/wp-content\/uploads\/2025\/04\/hotel-edzna-tren-maya-3.webp","width":2048,"height":1366},{"@type":"BreadcrumbList","@id":"https:\/\/realidadturistica.com\/realtur\/hoteles-de-tren-maya-ponen-tarifa-que-compita-a-los-de-riviera-maya\/#breadcrumb","itemListElement":[{"@type":"ListItem","position":1,"name":"Portada","item":"https:\/\/realidadturistica.com\/realtur\/"},{"@type":"ListItem","position":2,"name":"Hoteles de Tren Maya ponen tarifa que compita a los de Riviera Maya"}]},{"@type":"WebSite","@id":"https:\/\/realidadturistica.com\/realtur\/#website","url":"https:\/\/realidadturistica.com\/realtur\/","name":"Realidad Tur\u00edstica","description":"","publisher":{"@id":"https:\/\/realidadturistica.com\/realtur\/#organization"},"potentialAction":[{"@type":"SearchAction","target":{"@type":"EntryPoint","urlTemplate":"https:\/\/realidadturistica.com\/realtur\/?s={search_term_string}"},"query-input":{"@type":"PropertyValueSpecification","valueRequired":true,"valueName":"search_term_string"}}],"inLanguage":"es"},{"@type":"Organization","@id":"https:\/\/realidadturistica.com\/realtur\/#organization","name":"Realidad Tur\u00edstica","url":"https:\/\/realidadturistica.com\/realtur\/","logo":{"@type":"ImageObject","inLanguage":"es","@id":"https:\/\/realidadturistica.com\/realtur\/#\/schema\/logo\/image\/","url":"https:\/\/realidadturistica.com\/realtur\/wp-content\/uploads\/2021\/12\/logotipo-realidad-turistica.png","contentUrl":"https:\/\/realidadturistica.com\/realtur\/wp-content\/uploads\/2021\/12\/logotipo-realidad-turistica.png","width":1382,"height":629,"caption":"Realidad Tur\u00edstica"},"image":{"@id":"https:\/\/realidadturistica.com\/realtur\/#\/schema\/logo\/image\/"},"sameAs":["https:\/\/www.facebook.com\/realidadturistica","https:\/\/www.instagram.com\/realidad_turistica\/"]},{"@type":"Person","@id":"https:\/\/realidadturistica.com\/realtur\/#\/schema\/person\/ade671191202490fcf08ab21590de73e","name":"Editor","image":{"@type":"ImageObject","inLanguage":"es","@id":"https:\/\/realidadturistica.com\/realtur\/wp-content\/uploads\/2023\/09\/Editor_avatar_1693668634-96x96.png","url":"https:\/\/realidadturistica.com\/realtur\/wp-content\/uploads\/2023\/09\/Editor_avatar_1693668634-96x96.png","contentUrl":"https:\/\/realidadturistica.com\/realtur\/wp-content\/uploads\/2023\/09\/Editor_avatar_1693668634-96x96.png","caption":"Editor"},"sameAs":["https:\/\/realidadturistica.com\/realtur"],"url":"https:\/\/realidadturistica.com\/realtur\/author\/editor2\/"}]}},"_links":{"self":[{"href":"https:\/\/realidadturistica.com\/realtur\/wp-json\/wp\/v2\/posts\/9418","targetHints":{"allow":["GET"]}}],"collection":[{"href":"https:\/\/realidadturistica.com\/realtur\/wp-json\/wp\/v2\/posts"}],"about":[{"href":"https:\/\/realidadturistica.com\/realtur\/wp-json\/wp\/v2\/types\/post"}],"author":[{"embeddable":true,"href":"https:\/\/realidadturistica.com\/realtur\/wp-json\/wp\/v2\/users\/2"}],"replies":[{"embeddable":true,"href":"https:\/\/realidadturistica.com\/realtur\/wp-json\/wp\/v2\/comments?post=9418"}],"version-history":[{"count":1,"href":"https:\/\/realidadturistica.com\/realtur\/wp-json\/wp\/v2\/posts\/9418\/revisions"}],"predecessor-version":[{"id":9420,"href":"https:\/\/realidadturistica.com\/realtur\/wp-json\/wp\/v2\/posts\/9418\/revisions\/9420"}],"wp:featuredmedia":[{"embeddable":true,"href":"https:\/\/realidadturistica.com\/realtur\/wp-json\/wp\/v2\/media\/9461"}],"wp:attachment":[{"href":"https:\/\/realidadturistica.com\/realtur\/wp-json\/wp\/v2\/media?parent=9418"}],"wp:term":[{"taxonomy":"category","embeddable":true,"href":"https:\/\/realidadturistica.com\/realtur\/wp-json\/wp\/v2\/categories?post=9418"},{"taxonomy":"post_tag","embeddable":true,"href":"https:\/\/realidadturistica.com\/realtur\/wp-json\/wp\/v2\/tags?post=9418"}],"curies":[{"name":"wp","href":"https:\/\/api.w.org\/{rel}","templated":true}]}}