{"id":9451,"date":"2025-04-16T14:22:33","date_gmt":"2025-04-16T14:22:33","guid":{"rendered":"https:\/\/realidadturistica.com\/realtur\/?p=9451"},"modified":"2025-04-16T14:22:34","modified_gmt":"2025-04-16T14:22:34","slug":"fitsaludcuba-2025-salud-y-turismo-unidos-por-el-bienestar","status":"publish","type":"post","link":"https:\/\/realidadturistica.com\/realtur\/fitsaludcuba-2025-salud-y-turismo-unidos-por-el-bienestar\/","title":{"rendered":"FITSaludCuba 2025: salud y turismo unidos por el bienestar"},"content":{"rendered":"\n<p class=\"wp-block-yoast-seo-estimated-reading-time yoast-reading-time__wrapper\"><span class=\"yoast-reading-time__icon\"><svg aria-hidden=\"true\" focusable=\"false\" data-icon=\"clock\" width=\"20\" height=\"20\" fill=\"none\" stroke=\"currentColor\" style=\"display:inline-block;vertical-align:-0.1em\" role=\"img\" xmlns=\"http:\/\/www.w3.org\/2000\/svg\" viewBox=\"0 0 24 24\"><path stroke-linecap=\"round\" stroke-linejoin=\"round\" stroke-width=\"2\" d=\"M12 8v4l3 3m6-3a9 9 0 11-18 0 9 9 0 0118 0z\"><\/path><\/svg><\/span><span class=\"yoast-reading-time__spacer\" style=\"display:inline-block;width:1em\"><\/span><span class=\"yoast-reading-time__descriptive-text\">Estimated reading time: <\/span><span class=\"yoast-reading-time__reading-time\">4<\/span><span class=\"yoast-reading-time__time-unit\"> minutos<\/span><\/p>\n\n\n\n<p>La II Feria Internacional de Turismo M\u00e9dico y Bienestar convertir\u00e1 a La Habana en punto de encuentro para profesionales, instituciones y empresas del sector, con un programa que integra ciencia, inversi\u00f3n, experiencias y bienestar.<\/p>\n\n\n\n<p>Vacaciones que sanan, experiencias que transforman. As\u00ed se presenta la II Feria Internacional de Turismo M\u00e9dico y Bienestar, FITSaludCuba, que del 21 al 24 de abril de 2025 convertir\u00e1 a La Habana en el epicentro global de un turismo donde el bienestar es el principal destino.<\/p>\n\n\n\n<p>Organizado por el Ministerio de Salud P\u00fablica de Cuba y la <a href=\"https:\/\/www.smcsalud.cu\/\">Comercializadora de Servicios M\u00e9dicos Cubanos, S.A<\/a>., el evento reunir\u00e1 en el recinto ferial PABEXPO a representantes de los sectores de la salud y el turismo, para mostrar al mundo las fortalezas de un modelo de atenci\u00f3n que integra ciencia, experiencia y hospitalidad.<\/p>\n\n\n\n<p>FITSaludCuba forma parte de la XVI Feria \u201cSalud para Todos\u201d y tiene como objetivo consolidar alianzas, compartir saberes, impulsar oportunidades de inversi\u00f3n extranjera y fortalecer el posicionamiento de Cuba como un destino confiable y competitivo en el \u00e1mbito del turismo m\u00e9dico y de bienestar.<\/p>\n\n\n\n<p>Dedicado en esta edici\u00f3n al turismo de bienestar, el encuentro presentar\u00e1 productos, servicios y avances en esta modalidad, fruto de la articulaci\u00f3n entre el sector sanitario y el tur\u00edstico. Tambi\u00e9n ser\u00e1 espacio para conocer experiencias internacionales, fortalecer v\u00ednculos y trazar nuevas rutas hacia un desarrollo sostenible en este campo.<\/p>\n\n\n\n<p><strong>Un programa para conectar saberes y oportunidades<\/strong><\/p>\n\n\n\n<p>Entre las actividades m\u00e1s esperadas se encuentra el II Seminario Internacional de Turismo M\u00e9dico y Bienestar, los d\u00edas 23 y 24 de abril, espacio acad\u00e9mico que reunir\u00e1 a expertos de prestigio mundial para compartir experiencias, resultados y tendencias en esta modalidad en expansi\u00f3n.<\/p>\n\n\n\n<p>En esta edici\u00f3n, el seminario estar\u00e1 dedicado especialmente al Programa Internacional de Rehabilitaci\u00f3n de las adicciones en pacientes extranjeros atendidos en Cuba, un servicio de alto impacto que combina enfoques m\u00e9dicos, psicol\u00f3gicos y comunitarios con resultados notables en la recuperaci\u00f3n y la reinserci\u00f3n social.<\/p>\n\n\n\n<p>Durante el evento se desarrollar\u00e1n paneles y ponencias que abordar\u00e1n temas clave como: innovaciones cient\u00edficas aplicadas al turismo de salud, gesti\u00f3n y sostenibilidad del turismo m\u00e9dico, alianzas estrat\u00e9gicas, tendencias globales del mercado, rehabilitaci\u00f3n de adicciones, seguros m\u00e9dicos y marketing internacional en entornos digitales.<\/p>\n\n\n\n<p>El seminario contar\u00e1 con la conferencia magistral del Dr. Evgeniy V. Chernyshev, presidente de la Asociaci\u00f3n de Turismo M\u00e9dico y Acad\u00e9mico de Rusia, quien compartir\u00e1 una panor\u00e1mica actualizada del turismo m\u00e9dico emisor en su pa\u00eds.<\/p>\n\n\n\n<p>Tambi\u00e9n destaca el III Foro de Inversi\u00f3n Extranjera en el sector de la salud, el 22 de abril, en formato presencial y virtual. Se debatir\u00e1 sobre oportunidades de inversi\u00f3n Extranjera en el sector de la salud en Cuba y la incorporaci\u00f3n de tecnolog\u00eda avanzada en servicios clave como la atenci\u00f3n estomatol\u00f3gica. El foro contar\u00e1 con la participaci\u00f3n de Haozhan Chen, vicedirector del proyecto PICLA.<\/p>\n\n\n\n<p>Como parte del programa oficial se realizar\u00e1n lanzamientos y relanzamientos de servicios de turismo de salud, que reflejan el compromiso de Cuba con la innovaci\u00f3n y la calidad en la atenci\u00f3n m\u00e9dica.<\/p>\n\n\n\n<p><strong>Reconocimiento al compromiso y la excelencia<\/strong><\/p>\n\n\n\n<p>Como parte del programa se entregar\u00e1 el Premio de Internacional de Turismo de Salud, que reconoce a instituciones, agencias de viaje o turoperadores, medios de comunicaci\u00f3n y personalidades que han contribuido de manera significativa al desarrollo de esta modalidad, en Cuba y a nivel internacional.<\/p>\n\n\n\n<p>Una cita para profesionales e instituciones del mundo<\/p>\n\n\n\n<p>El evento est\u00e1 dise\u00f1ado para profesionales de la salud y el turismo, organismos, instituciones y asociaciones, hospitales y cl\u00ednicas internacionales, hoteleros, aseguradoras, turoperadores, agencias de viajes, instituciones de log\u00edstica y suministradores m\u00e9dicos, proveedores de tecnolog\u00edas y medios de comunicaci\u00f3n, y otros relacionados con la industria del turismo de salud, que encontrar\u00e1n all\u00ed un espacio de intercambio, actualizaci\u00f3n y proyecci\u00f3n futura.<\/p>\n\n\n\n<p>Con m\u00e1s de una raz\u00f3n para asistir, la II Feria Internacional de Turismo M\u00e9dico y Bienestar reafirma que invertir en salud y calidad de vida es la mejor decisi\u00f3n. Participar en este encuentro es, m\u00e1s que una oportunidad, una apuesta segura por un futuro donde cuidarse tambi\u00e9n es viajar.<\/p>\n\n\n\n<p><strong>\u00a1Le esperamos en FITSaludCuba!<\/strong><\/p>\n\n\n\n<p>Comercializadora de Servicios M\u00e9dicos Cubanos S.A.<\/p>\n","protected":false},"excerpt":{"rendered":"<p>La II Feria Internacional de Turismo M\u00e9dico y Bienestar convertir\u00e1 a La Habana en punto de encuentro para profesionales, instituciones y empresas del sector, con&hellip;<\/p>\n","protected":false},"author":2,"featured_media":9452,"comment_status":"open","ping_status":"closed","sticky":false,"template":"","format":"standard","meta":{"content-type":"","_lmt_disableupdate":"","_lmt_disable":"","footnotes":""},"categories":[7],"tags":[],"class_list":["post-9451","post","type-post","status-publish","format-standard","has-post-thumbnail","hentry","category-turismo-salud"],"yoast_head":"<!-- This site is optimized with the Yoast SEO Premium plugin v27.4 (Yoast SEO v27.5) - https:\/\/yoast.com\/product\/yoast-seo-premium-wordpress\/ -->\n<title>FITSaludCuba 2025: salud y turismo unidos por el bienestar - Realidad Tur\u00edstica<\/title>\n<meta name=\"robots\" content=\"index, follow, max-snippet:-1, max-image-preview:large, max-video-preview:-1\" \/>\n<link rel=\"canonical\" href=\"https:\/\/realidadturistica.com\/realtur\/fitsaludcuba-2025-salud-y-turismo-unidos-por-el-bienestar\/\" \/>\n<meta property=\"og:locale\" content=\"es_ES\" \/>\n<meta property=\"og:type\" content=\"article\" \/>\n<meta property=\"og:title\" content=\"FITSaludCuba 2025: salud y turismo unidos por el bienestar\" \/>\n<meta property=\"og:description\" content=\"La II Feria Internacional de Turismo M\u00e9dico y Bienestar convertir\u00e1 a La Habana en punto de encuentro para profesionales, instituciones y empresas del sector, con&hellip;\" \/>\n<meta property=\"og:url\" content=\"https:\/\/realidadturistica.com\/realtur\/fitsaludcuba-2025-salud-y-turismo-unidos-por-el-bienestar\/\" \/>\n<meta property=\"og:site_name\" content=\"Realidad Tur\u00edstica\" \/>\n<meta property=\"article:publisher\" content=\"https:\/\/www.facebook.com\/realidadturistica\" \/>\n<meta property=\"article:published_time\" content=\"2025-04-16T14:22:33+00:00\" \/>\n<meta property=\"article:modified_time\" content=\"2025-04-16T14:22:34+00:00\" \/>\n<meta property=\"og:image\" content=\"https:\/\/realidadturistica.com\/realtur\/wp-content\/uploads\/2025\/04\/Captura-de-pantalla-2025-04-16-a-las-8.11.42\u202fa.m.jpg\" \/>\n\t<meta property=\"og:image:width\" content=\"1912\" \/>\n\t<meta property=\"og:image:height\" content=\"1280\" \/>\n\t<meta property=\"og:image:type\" content=\"image\/jpeg\" \/>\n<meta name=\"author\" content=\"Editor\" \/>\n<meta name=\"twitter:card\" content=\"summary_large_image\" \/>\n<meta name=\"twitter:label1\" content=\"Escrito por\" \/>\n\t<meta name=\"twitter:data1\" content=\"Editor\" \/>\n\t<meta name=\"twitter:label2\" content=\"Tiempo de lectura\" \/>\n\t<meta name=\"twitter:data2\" content=\"4 minutos\" \/>\n<script type=\"application\/ld+json\" class=\"yoast-schema-graph\">{\"@context\":\"https:\\\/\\\/schema.org\",\"@graph\":[{\"@type\":\"Article\",\"@id\":\"https:\\\/\\\/realidadturistica.com\\\/realtur\\\/fitsaludcuba-2025-salud-y-turismo-unidos-por-el-bienestar\\\/#article\",\"isPartOf\":{\"@id\":\"https:\\\/\\\/realidadturistica.com\\\/realtur\\\/fitsaludcuba-2025-salud-y-turismo-unidos-por-el-bienestar\\\/\"},\"author\":{\"name\":\"Editor\",\"@id\":\"https:\\\/\\\/realidadturistica.com\\\/realtur\\\/#\\\/schema\\\/person\\\/ade671191202490fcf08ab21590de73e\"},\"headline\":\"FITSaludCuba 2025: salud y turismo unidos por el bienestar\",\"datePublished\":\"2025-04-16T14:22:33+00:00\",\"dateModified\":\"2025-04-16T14:22:34+00:00\",\"mainEntityOfPage\":{\"@id\":\"https:\\\/\\\/realidadturistica.com\\\/realtur\\\/fitsaludcuba-2025-salud-y-turismo-unidos-por-el-bienestar\\\/\"},\"wordCount\":747,\"commentCount\":0,\"publisher\":{\"@id\":\"https:\\\/\\\/realidadturistica.com\\\/realtur\\\/#organization\"},\"image\":{\"@id\":\"https:\\\/\\\/realidadturistica.com\\\/realtur\\\/fitsaludcuba-2025-salud-y-turismo-unidos-por-el-bienestar\\\/#primaryimage\"},\"thumbnailUrl\":\"https:\\\/\\\/realidadturistica.com\\\/realtur\\\/wp-content\\\/uploads\\\/2025\\\/04\\\/Captura-de-pantalla-2025-04-16-a-las-8.11.42\u202fa.m.jpg\",\"articleSection\":[\"Salud para viajar\"],\"inLanguage\":\"es\",\"potentialAction\":[{\"@type\":\"CommentAction\",\"name\":\"Comment\",\"target\":[\"https:\\\/\\\/realidadturistica.com\\\/realtur\\\/fitsaludcuba-2025-salud-y-turismo-unidos-por-el-bienestar\\\/#respond\"]}]},{\"@type\":\"WebPage\",\"@id\":\"https:\\\/\\\/realidadturistica.com\\\/realtur\\\/fitsaludcuba-2025-salud-y-turismo-unidos-por-el-bienestar\\\/\",\"url\":\"https:\\\/\\\/realidadturistica.com\\\/realtur\\\/fitsaludcuba-2025-salud-y-turismo-unidos-por-el-bienestar\\\/\",\"name\":\"FITSaludCuba 2025: salud y turismo unidos por el bienestar - Realidad Tur\u00edstica\",\"isPartOf\":{\"@id\":\"https:\\\/\\\/realidadturistica.com\\\/realtur\\\/#website\"},\"primaryImageOfPage\":{\"@id\":\"https:\\\/\\\/realidadturistica.com\\\/realtur\\\/fitsaludcuba-2025-salud-y-turismo-unidos-por-el-bienestar\\\/#primaryimage\"},\"image\":{\"@id\":\"https:\\\/\\\/realidadturistica.com\\\/realtur\\\/fitsaludcuba-2025-salud-y-turismo-unidos-por-el-bienestar\\\/#primaryimage\"},\"thumbnailUrl\":\"https:\\\/\\\/realidadturistica.com\\\/realtur\\\/wp-content\\\/uploads\\\/2025\\\/04\\\/Captura-de-pantalla-2025-04-16-a-las-8.11.42\u202fa.m.jpg\",\"datePublished\":\"2025-04-16T14:22:33+00:00\",\"dateModified\":\"2025-04-16T14:22:34+00:00\",\"breadcrumb\":{\"@id\":\"https:\\\/\\\/realidadturistica.com\\\/realtur\\\/fitsaludcuba-2025-salud-y-turismo-unidos-por-el-bienestar\\\/#breadcrumb\"},\"inLanguage\":\"es\",\"potentialAction\":[{\"@type\":\"ReadAction\",\"target\":[\"https:\\\/\\\/realidadturistica.com\\\/realtur\\\/fitsaludcuba-2025-salud-y-turismo-unidos-por-el-bienestar\\\/\"]}]},{\"@type\":\"ImageObject\",\"inLanguage\":\"es\",\"@id\":\"https:\\\/\\\/realidadturistica.com\\\/realtur\\\/fitsaludcuba-2025-salud-y-turismo-unidos-por-el-bienestar\\\/#primaryimage\",\"url\":\"https:\\\/\\\/realidadturistica.com\\\/realtur\\\/wp-content\\\/uploads\\\/2025\\\/04\\\/Captura-de-pantalla-2025-04-16-a-las-8.11.42\u202fa.m.jpg\",\"contentUrl\":\"https:\\\/\\\/realidadturistica.com\\\/realtur\\\/wp-content\\\/uploads\\\/2025\\\/04\\\/Captura-de-pantalla-2025-04-16-a-las-8.11.42\u202fa.m.jpg\",\"width\":1912,\"height\":1280},{\"@type\":\"BreadcrumbList\",\"@id\":\"https:\\\/\\\/realidadturistica.com\\\/realtur\\\/fitsaludcuba-2025-salud-y-turismo-unidos-por-el-bienestar\\\/#breadcrumb\",\"itemListElement\":[{\"@type\":\"ListItem\",\"position\":1,\"name\":\"Portada\",\"item\":\"https:\\\/\\\/realidadturistica.com\\\/realtur\\\/\"},{\"@type\":\"ListItem\",\"position\":2,\"name\":\"FITSaludCuba 2025: salud y turismo unidos por el bienestar\"}]},{\"@type\":\"WebSite\",\"@id\":\"https:\\\/\\\/realidadturistica.com\\\/realtur\\\/#website\",\"url\":\"https:\\\/\\\/realidadturistica.com\\\/realtur\\\/\",\"name\":\"Realidad Tur\u00edstica\",\"description\":\"\",\"publisher\":{\"@id\":\"https:\\\/\\\/realidadturistica.com\\\/realtur\\\/#organization\"},\"potentialAction\":[{\"@type\":\"SearchAction\",\"target\":{\"@type\":\"EntryPoint\",\"urlTemplate\":\"https:\\\/\\\/realidadturistica.com\\\/realtur\\\/?s={search_term_string}\"},\"query-input\":{\"@type\":\"PropertyValueSpecification\",\"valueRequired\":true,\"valueName\":\"search_term_string\"}}],\"inLanguage\":\"es\"},{\"@type\":\"Organization\",\"@id\":\"https:\\\/\\\/realidadturistica.com\\\/realtur\\\/#organization\",\"name\":\"Realidad Tur\u00edstica\",\"url\":\"https:\\\/\\\/realidadturistica.com\\\/realtur\\\/\",\"logo\":{\"@type\":\"ImageObject\",\"inLanguage\":\"es\",\"@id\":\"https:\\\/\\\/realidadturistica.com\\\/realtur\\\/#\\\/schema\\\/logo\\\/image\\\/\",\"url\":\"https:\\\/\\\/realidadturistica.com\\\/realtur\\\/wp-content\\\/uploads\\\/2021\\\/12\\\/logotipo-realidad-turistica.png\",\"contentUrl\":\"https:\\\/\\\/realidadturistica.com\\\/realtur\\\/wp-content\\\/uploads\\\/2021\\\/12\\\/logotipo-realidad-turistica.png\",\"width\":1382,\"height\":629,\"caption\":\"Realidad Tur\u00edstica\"},\"image\":{\"@id\":\"https:\\\/\\\/realidadturistica.com\\\/realtur\\\/#\\\/schema\\\/logo\\\/image\\\/\"},\"sameAs\":[\"https:\\\/\\\/www.facebook.com\\\/realidadturistica\",\"https:\\\/\\\/www.instagram.com\\\/realidad_turistica\\\/\"]},{\"@type\":\"Person\",\"@id\":\"https:\\\/\\\/realidadturistica.com\\\/realtur\\\/#\\\/schema\\\/person\\\/ade671191202490fcf08ab21590de73e\",\"name\":\"Editor\",\"image\":{\"@type\":\"ImageObject\",\"inLanguage\":\"es\",\"@id\":\"https:\\\/\\\/realidadturistica.com\\\/realtur\\\/wp-content\\\/uploads\\\/2023\\\/09\\\/Editor_avatar_1693668634-96x96.png\",\"url\":\"https:\\\/\\\/realidadturistica.com\\\/realtur\\\/wp-content\\\/uploads\\\/2023\\\/09\\\/Editor_avatar_1693668634-96x96.png\",\"contentUrl\":\"https:\\\/\\\/realidadturistica.com\\\/realtur\\\/wp-content\\\/uploads\\\/2023\\\/09\\\/Editor_avatar_1693668634-96x96.png\",\"caption\":\"Editor\"},\"sameAs\":[\"https:\\\/\\\/realidadturistica.com\\\/realtur\"],\"url\":\"https:\\\/\\\/realidadturistica.com\\\/realtur\\\/author\\\/editor2\\\/\"}]}<\/script>\n<!-- \/ Yoast SEO Premium plugin. -->","yoast_head_json":{"title":"FITSaludCuba 2025: salud y turismo unidos por el bienestar - Realidad Tur\u00edstica","robots":{"index":"index","follow":"follow","max-snippet":"max-snippet:-1","max-image-preview":"max-image-preview:large","max-video-preview":"max-video-preview:-1"},"canonical":"https:\/\/realidadturistica.com\/realtur\/fitsaludcuba-2025-salud-y-turismo-unidos-por-el-bienestar\/","og_locale":"es_ES","og_type":"article","og_title":"FITSaludCuba 2025: salud y turismo unidos por el bienestar","og_description":"La II Feria Internacional de Turismo M\u00e9dico y Bienestar convertir\u00e1 a La Habana en punto de encuentro para profesionales, instituciones y empresas del sector, con&hellip;","og_url":"https:\/\/realidadturistica.com\/realtur\/fitsaludcuba-2025-salud-y-turismo-unidos-por-el-bienestar\/","og_site_name":"Realidad Tur\u00edstica","article_publisher":"https:\/\/www.facebook.com\/realidadturistica","article_published_time":"2025-04-16T14:22:33+00:00","article_modified_time":"2025-04-16T14:22:34+00:00","og_image":[{"width":1912,"height":1280,"url":"https:\/\/realidadturistica.com\/realtur\/wp-content\/uploads\/2025\/04\/Captura-de-pantalla-2025-04-16-a-las-8.11.42\u202fa.m.jpg","type":"image\/jpeg"}],"author":"Editor","twitter_card":"summary_large_image","twitter_misc":{"Escrito por":"Editor","Tiempo de lectura":"4 minutos"},"schema":{"@context":"https:\/\/schema.org","@graph":[{"@type":"Article","@id":"https:\/\/realidadturistica.com\/realtur\/fitsaludcuba-2025-salud-y-turismo-unidos-por-el-bienestar\/#article","isPartOf":{"@id":"https:\/\/realidadturistica.com\/realtur\/fitsaludcuba-2025-salud-y-turismo-unidos-por-el-bienestar\/"},"author":{"name":"Editor","@id":"https:\/\/realidadturistica.com\/realtur\/#\/schema\/person\/ade671191202490fcf08ab21590de73e"},"headline":"FITSaludCuba 2025: salud y turismo unidos por el bienestar","datePublished":"2025-04-16T14:22:33+00:00","dateModified":"2025-04-16T14:22:34+00:00","mainEntityOfPage":{"@id":"https:\/\/realidadturistica.com\/realtur\/fitsaludcuba-2025-salud-y-turismo-unidos-por-el-bienestar\/"},"wordCount":747,"commentCount":0,"publisher":{"@id":"https:\/\/realidadturistica.com\/realtur\/#organization"},"image":{"@id":"https:\/\/realidadturistica.com\/realtur\/fitsaludcuba-2025-salud-y-turismo-unidos-por-el-bienestar\/#primaryimage"},"thumbnailUrl":"https:\/\/realidadturistica.com\/realtur\/wp-content\/uploads\/2025\/04\/Captura-de-pantalla-2025-04-16-a-las-8.11.42\u202fa.m.jpg","articleSection":["Salud para viajar"],"inLanguage":"es","potentialAction":[{"@type":"CommentAction","name":"Comment","target":["https:\/\/realidadturistica.com\/realtur\/fitsaludcuba-2025-salud-y-turismo-unidos-por-el-bienestar\/#respond"]}]},{"@type":"WebPage","@id":"https:\/\/realidadturistica.com\/realtur\/fitsaludcuba-2025-salud-y-turismo-unidos-por-el-bienestar\/","url":"https:\/\/realidadturistica.com\/realtur\/fitsaludcuba-2025-salud-y-turismo-unidos-por-el-bienestar\/","name":"FITSaludCuba 2025: salud y turismo unidos por el bienestar - Realidad Tur\u00edstica","isPartOf":{"@id":"https:\/\/realidadturistica.com\/realtur\/#website"},"primaryImageOfPage":{"@id":"https:\/\/realidadturistica.com\/realtur\/fitsaludcuba-2025-salud-y-turismo-unidos-por-el-bienestar\/#primaryimage"},"image":{"@id":"https:\/\/realidadturistica.com\/realtur\/fitsaludcuba-2025-salud-y-turismo-unidos-por-el-bienestar\/#primaryimage"},"thumbnailUrl":"https:\/\/realidadturistica.com\/realtur\/wp-content\/uploads\/2025\/04\/Captura-de-pantalla-2025-04-16-a-las-8.11.42\u202fa.m.jpg","datePublished":"2025-04-16T14:22:33+00:00","dateModified":"2025-04-16T14:22:34+00:00","breadcrumb":{"@id":"https:\/\/realidadturistica.com\/realtur\/fitsaludcuba-2025-salud-y-turismo-unidos-por-el-bienestar\/#breadcrumb"},"inLanguage":"es","potentialAction":[{"@type":"ReadAction","target":["https:\/\/realidadturistica.com\/realtur\/fitsaludcuba-2025-salud-y-turismo-unidos-por-el-bienestar\/"]}]},{"@type":"ImageObject","inLanguage":"es","@id":"https:\/\/realidadturistica.com\/realtur\/fitsaludcuba-2025-salud-y-turismo-unidos-por-el-bienestar\/#primaryimage","url":"https:\/\/realidadturistica.com\/realtur\/wp-content\/uploads\/2025\/04\/Captura-de-pantalla-2025-04-16-a-las-8.11.42\u202fa.m.jpg","contentUrl":"https:\/\/realidadturistica.com\/realtur\/wp-content\/uploads\/2025\/04\/Captura-de-pantalla-2025-04-16-a-las-8.11.42\u202fa.m.jpg","width":1912,"height":1280},{"@type":"BreadcrumbList","@id":"https:\/\/realidadturistica.com\/realtur\/fitsaludcuba-2025-salud-y-turismo-unidos-por-el-bienestar\/#breadcrumb","itemListElement":[{"@type":"ListItem","position":1,"name":"Portada","item":"https:\/\/realidadturistica.com\/realtur\/"},{"@type":"ListItem","position":2,"name":"FITSaludCuba 2025: salud y turismo unidos por el bienestar"}]},{"@type":"WebSite","@id":"https:\/\/realidadturistica.com\/realtur\/#website","url":"https:\/\/realidadturistica.com\/realtur\/","name":"Realidad Tur\u00edstica","description":"","publisher":{"@id":"https:\/\/realidadturistica.com\/realtur\/#organization"},"potentialAction":[{"@type":"SearchAction","target":{"@type":"EntryPoint","urlTemplate":"https:\/\/realidadturistica.com\/realtur\/?s={search_term_string}"},"query-input":{"@type":"PropertyValueSpecification","valueRequired":true,"valueName":"search_term_string"}}],"inLanguage":"es"},{"@type":"Organization","@id":"https:\/\/realidadturistica.com\/realtur\/#organization","name":"Realidad Tur\u00edstica","url":"https:\/\/realidadturistica.com\/realtur\/","logo":{"@type":"ImageObject","inLanguage":"es","@id":"https:\/\/realidadturistica.com\/realtur\/#\/schema\/logo\/image\/","url":"https:\/\/realidadturistica.com\/realtur\/wp-content\/uploads\/2021\/12\/logotipo-realidad-turistica.png","contentUrl":"https:\/\/realidadturistica.com\/realtur\/wp-content\/uploads\/2021\/12\/logotipo-realidad-turistica.png","width":1382,"height":629,"caption":"Realidad Tur\u00edstica"},"image":{"@id":"https:\/\/realidadturistica.com\/realtur\/#\/schema\/logo\/image\/"},"sameAs":["https:\/\/www.facebook.com\/realidadturistica","https:\/\/www.instagram.com\/realidad_turistica\/"]},{"@type":"Person","@id":"https:\/\/realidadturistica.com\/realtur\/#\/schema\/person\/ade671191202490fcf08ab21590de73e","name":"Editor","image":{"@type":"ImageObject","inLanguage":"es","@id":"https:\/\/realidadturistica.com\/realtur\/wp-content\/uploads\/2023\/09\/Editor_avatar_1693668634-96x96.png","url":"https:\/\/realidadturistica.com\/realtur\/wp-content\/uploads\/2023\/09\/Editor_avatar_1693668634-96x96.png","contentUrl":"https:\/\/realidadturistica.com\/realtur\/wp-content\/uploads\/2023\/09\/Editor_avatar_1693668634-96x96.png","caption":"Editor"},"sameAs":["https:\/\/realidadturistica.com\/realtur"],"url":"https:\/\/realidadturistica.com\/realtur\/author\/editor2\/"}]}},"_links":{"self":[{"href":"https:\/\/realidadturistica.com\/realtur\/wp-json\/wp\/v2\/posts\/9451","targetHints":{"allow":["GET"]}}],"collection":[{"href":"https:\/\/realidadturistica.com\/realtur\/wp-json\/wp\/v2\/posts"}],"about":[{"href":"https:\/\/realidadturistica.com\/realtur\/wp-json\/wp\/v2\/types\/post"}],"author":[{"embeddable":true,"href":"https:\/\/realidadturistica.com\/realtur\/wp-json\/wp\/v2\/users\/2"}],"replies":[{"embeddable":true,"href":"https:\/\/realidadturistica.com\/realtur\/wp-json\/wp\/v2\/comments?post=9451"}],"version-history":[{"count":1,"href":"https:\/\/realidadturistica.com\/realtur\/wp-json\/wp\/v2\/posts\/9451\/revisions"}],"predecessor-version":[{"id":9453,"href":"https:\/\/realidadturistica.com\/realtur\/wp-json\/wp\/v2\/posts\/9451\/revisions\/9453"}],"wp:featuredmedia":[{"embeddable":true,"href":"https:\/\/realidadturistica.com\/realtur\/wp-json\/wp\/v2\/media\/9452"}],"wp:attachment":[{"href":"https:\/\/realidadturistica.com\/realtur\/wp-json\/wp\/v2\/media?parent=9451"}],"wp:term":[{"taxonomy":"category","embeddable":true,"href":"https:\/\/realidadturistica.com\/realtur\/wp-json\/wp\/v2\/categories?post=9451"},{"taxonomy":"post_tag","embeddable":true,"href":"https:\/\/realidadturistica.com\/realtur\/wp-json\/wp\/v2\/tags?post=9451"}],"curies":[{"name":"wp","href":"https:\/\/api.w.org\/{rel}","templated":true}]}}