{"id":9471,"date":"2025-04-16T21:42:51","date_gmt":"2025-04-16T21:42:51","guid":{"rendered":"https:\/\/realidadturistica.com\/realtur\/?p=9471"},"modified":"2025-04-16T21:42:54","modified_gmt":"2025-04-16T21:42:54","slug":"un-icono-del-caribe-el-hotel-nacional-de-cuba","status":"publish","type":"post","link":"https:\/\/realidadturistica.com\/realtur\/un-icono-del-caribe-el-hotel-nacional-de-cuba\/","title":{"rendered":"Un \u00cdcono del Caribe: El Hotel Nacional de Cuba"},"content":{"rendered":"\n<p class=\"wp-block-yoast-seo-estimated-reading-time yoast-reading-time__wrapper\"><span class=\"yoast-reading-time__icon\"><svg aria-hidden=\"true\" focusable=\"false\" data-icon=\"clock\" width=\"20\" height=\"20\" fill=\"none\" stroke=\"currentColor\" style=\"display:inline-block;vertical-align:-0.1em\" role=\"img\" xmlns=\"http:\/\/www.w3.org\/2000\/svg\" viewBox=\"0 0 24 24\"><path stroke-linecap=\"round\" stroke-linejoin=\"round\" stroke-width=\"2\" d=\"M12 8v4l3 3m6-3a9 9 0 11-18 0 9 9 0 0118 0z\"><\/path><\/svg><\/span><span class=\"yoast-reading-time__spacer\" style=\"display:inline-block;width:1em\"><\/span><span class=\"yoast-reading-time__descriptive-text\">Estimated reading time: <\/span><span class=\"yoast-reading-time__reading-time\">2<\/span><span class=\"yoast-reading-time__time-unit\"> minutos<\/span><\/p>\n\n\n\n<p>Cuba. Visitar Cuba siempre ha sido un sue\u00f1o que conecta con la pasi\u00f3n por descubrir culturas vibrantes y paisajes inolvidables. Entre todos los tesoros que la isla ofrece, uno destaca no solo por su magnificencia, sino por la historia que lleva consigo: el <a href=\"https:\/\/hotelnacionaldecuba.com\/es\/\">Hotel Nacional de Cuba<\/a>.<\/p>\n\n\n\n<p>Ubicado en el Malec\u00f3n habanero, este hotel, que abri\u00f3 sus puertas en 1930, es m\u00e1s que una lujosa propiedad; es un s\u00edmbolo del Caribe, un testigo mudo de los eventos hist\u00f3ricos que marcaron a Cuba y al mundo. Desde reuniones de figuras pol\u00edticas hasta la estancia de legendarias celebridades como Mar\u00eda F\u00e9lix o Jorge Negrete, cada rinc\u00f3n del Hotel Nacional respira historia y glamour. Su arquitectura, de estilo ecl\u00e9ctico con influencias art d\u00e9co, refleja una \u00e9poca de esplendor que a\u00fan cautiva a los viajeros.<\/p>\n\n\n\n<p>M\u00e1s all\u00e1 de su fachada imponente y sus jardines que parecen eternos, el hotel guarda secretos fascinantes, como los t\u00faneles subterr\u00e1neos construidos durante la crisis de los misiles en los a\u00f1os 60. Cada visita se transforma en una lecci\u00f3n vivida sobre el pasado, mezclando el lujo y la hospitalidad con una conexi\u00f3n \u00fanica con la esencia cubana.<\/p>\n\n\n\n<figure class=\"wp-block-image size-large\"><img fetchpriority=\"high\" decoding=\"async\" width=\"731\" height=\"1024\" src=\"https:\/\/realidadturistica.com\/realtur\/wp-content\/uploads\/2025\/04\/HNC-INFOGRAFIA-731x1024.jpg\" alt=\"\" class=\"wp-image-9473\" srcset=\"https:\/\/realidadturistica.com\/realtur\/wp-content\/uploads\/2025\/04\/HNC-INFOGRAFIA-731x1024.jpg 731w, https:\/\/realidadturistica.com\/realtur\/wp-content\/uploads\/2025\/04\/HNC-INFOGRAFIA-214x300.jpg 214w, https:\/\/realidadturistica.com\/realtur\/wp-content\/uploads\/2025\/04\/HNC-INFOGRAFIA-768x1076.jpg 768w, https:\/\/realidadturistica.com\/realtur\/wp-content\/uploads\/2025\/04\/HNC-INFOGRAFIA-1097x1536.jpg 1097w, https:\/\/realidadturistica.com\/realtur\/wp-content\/uploads\/2025\/04\/HNC-INFOGRAFIA-1462x2048.jpg 1462w, https:\/\/realidadturistica.com\/realtur\/wp-content\/uploads\/2025\/04\/HNC-INFOGRAFIA-1920x2689.jpg 1920w, https:\/\/realidadturistica.com\/realtur\/wp-content\/uploads\/2025\/04\/HNC-INFOGRAFIA-1170x1639.jpg 1170w, https:\/\/realidadturistica.com\/realtur\/wp-content\/uploads\/2025\/04\/HNC-INFOGRAFIA-585x819.jpg 585w, https:\/\/realidadturistica.com\/realtur\/wp-content\/uploads\/2025\/04\/HNC-INFOGRAFIA-scaled.jpg 1828w\" sizes=\"(max-width: 731px) 100vw, 731px\" \/><\/figure>\n\n\n\n<p>Para quienes, ven el viaje como una forma de aprender, conectar y sentir, el <a href=\"https:\/\/hotelnacionaldecuba.com\/es\/\">Hotel Nacional de Cuba<\/a> es una parada imprescindible. Es una joya que nos recuerda por qu\u00e9 el Caribe es uno de los lugares m\u00e1s emblem\u00e1ticos del mundo: un crisol de belleza, cultura e historia que simplemente no tiene comparaci\u00f3n.<\/p>\n\n\n\n<p>Si buscas un viaje que combine tradici\u00f3n, elegancia y un pedazo de la historia del Caribe, el <a href=\"https:\/\/hotelnacionaldecuba.com\/es\/\">Hotel Nacional de Cuba<\/a> te espera con los brazos abiertos y esa magia que solo Cuba puede ofrecer.<\/p>\n\n\n\n<p>Israel Melgar, director de MKT de <a href=\"https:\/\/www.enjoytravelgroup.com\/\">Enjoy Travel Group<\/a><\/p>\n","protected":false},"excerpt":{"rendered":"<p>Cuba. Visitar Cuba siempre ha sido un sue\u00f1o que conecta con la pasi\u00f3n por descubrir culturas vibrantes y paisajes inolvidables. Entre todos los tesoros que&hellip;<\/p>\n","protected":false},"author":2,"featured_media":9472,"comment_status":"open","ping_status":"closed","sticky":false,"template":"","format":"standard","meta":{"content-type":"","_lmt_disableupdate":"","_lmt_disable":"","footnotes":""},"categories":[4],"tags":[],"class_list":["post-9471","post","type-post","status-publish","format-standard","has-post-thumbnail","hentry","category-destinos"],"yoast_head":"<!-- This site is optimized with the Yoast SEO Premium plugin v27.4 (Yoast SEO v27.4) - https:\/\/yoast.com\/product\/yoast-seo-premium-wordpress\/ -->\n<title>Un \u00cdcono del Caribe: El Hotel Nacional de Cuba - Realidad Tur\u00edstica<\/title>\n<meta name=\"robots\" content=\"index, follow, max-snippet:-1, max-image-preview:large, max-video-preview:-1\" \/>\n<link rel=\"canonical\" href=\"https:\/\/realidadturistica.com\/realtur\/un-icono-del-caribe-el-hotel-nacional-de-cuba\/\" \/>\n<meta property=\"og:locale\" content=\"es_ES\" \/>\n<meta property=\"og:type\" content=\"article\" \/>\n<meta property=\"og:title\" content=\"Un \u00cdcono del Caribe: El Hotel Nacional de Cuba\" \/>\n<meta property=\"og:description\" content=\"Cuba. Visitar Cuba siempre ha sido un sue\u00f1o que conecta con la pasi\u00f3n por descubrir culturas vibrantes y paisajes inolvidables. Entre todos los tesoros que&hellip;\" \/>\n<meta property=\"og:url\" content=\"https:\/\/realidadturistica.com\/realtur\/un-icono-del-caribe-el-hotel-nacional-de-cuba\/\" \/>\n<meta property=\"og:site_name\" content=\"Realidad Tur\u00edstica\" \/>\n<meta property=\"article:publisher\" content=\"https:\/\/www.facebook.com\/realidadturistica\" \/>\n<meta property=\"article:published_time\" content=\"2025-04-16T21:42:51+00:00\" \/>\n<meta property=\"article:modified_time\" content=\"2025-04-16T21:42:54+00:00\" \/>\n<meta property=\"og:image\" content=\"https:\/\/realidadturistica.com\/realtur\/wp-content\/uploads\/2025\/04\/Hotel-Nacional-scaled.jpg\" \/>\n\t<meta property=\"og:image:width\" content=\"2560\" \/>\n\t<meta property=\"og:image:height\" content=\"1152\" \/>\n\t<meta property=\"og:image:type\" content=\"image\/jpeg\" \/>\n<meta name=\"author\" content=\"Editor\" \/>\n<meta name=\"twitter:card\" content=\"summary_large_image\" \/>\n<meta name=\"twitter:label1\" content=\"Escrito por\" \/>\n\t<meta name=\"twitter:data1\" content=\"Editor\" \/>\n\t<meta name=\"twitter:label2\" content=\"Tiempo de lectura\" \/>\n\t<meta name=\"twitter:data2\" content=\"2 minutos\" \/>\n<script type=\"application\/ld+json\" class=\"yoast-schema-graph\">{\"@context\":\"https:\\\/\\\/schema.org\",\"@graph\":[{\"@type\":\"Article\",\"@id\":\"https:\\\/\\\/realidadturistica.com\\\/realtur\\\/un-icono-del-caribe-el-hotel-nacional-de-cuba\\\/#article\",\"isPartOf\":{\"@id\":\"https:\\\/\\\/realidadturistica.com\\\/realtur\\\/un-icono-del-caribe-el-hotel-nacional-de-cuba\\\/\"},\"author\":{\"name\":\"Editor\",\"@id\":\"https:\\\/\\\/realidadturistica.com\\\/realtur\\\/#\\\/schema\\\/person\\\/ade671191202490fcf08ab21590de73e\"},\"headline\":\"Un \u00cdcono del Caribe: El Hotel Nacional de Cuba\",\"datePublished\":\"2025-04-16T21:42:51+00:00\",\"dateModified\":\"2025-04-16T21:42:54+00:00\",\"mainEntityOfPage\":{\"@id\":\"https:\\\/\\\/realidadturistica.com\\\/realtur\\\/un-icono-del-caribe-el-hotel-nacional-de-cuba\\\/\"},\"wordCount\":319,\"commentCount\":0,\"publisher\":{\"@id\":\"https:\\\/\\\/realidadturistica.com\\\/realtur\\\/#organization\"},\"image\":{\"@id\":\"https:\\\/\\\/realidadturistica.com\\\/realtur\\\/un-icono-del-caribe-el-hotel-nacional-de-cuba\\\/#primaryimage\"},\"thumbnailUrl\":\"https:\\\/\\\/realidadturistica.com\\\/realtur\\\/wp-content\\\/uploads\\\/2025\\\/04\\\/Hotel-Nacional-scaled.jpg\",\"articleSection\":[\"Destinos M\u00e1gicos\"],\"inLanguage\":\"es\",\"potentialAction\":[{\"@type\":\"CommentAction\",\"name\":\"Comment\",\"target\":[\"https:\\\/\\\/realidadturistica.com\\\/realtur\\\/un-icono-del-caribe-el-hotel-nacional-de-cuba\\\/#respond\"]}]},{\"@type\":\"WebPage\",\"@id\":\"https:\\\/\\\/realidadturistica.com\\\/realtur\\\/un-icono-del-caribe-el-hotel-nacional-de-cuba\\\/\",\"url\":\"https:\\\/\\\/realidadturistica.com\\\/realtur\\\/un-icono-del-caribe-el-hotel-nacional-de-cuba\\\/\",\"name\":\"Un \u00cdcono del Caribe: El Hotel Nacional de Cuba - Realidad Tur\u00edstica\",\"isPartOf\":{\"@id\":\"https:\\\/\\\/realidadturistica.com\\\/realtur\\\/#website\"},\"primaryImageOfPage\":{\"@id\":\"https:\\\/\\\/realidadturistica.com\\\/realtur\\\/un-icono-del-caribe-el-hotel-nacional-de-cuba\\\/#primaryimage\"},\"image\":{\"@id\":\"https:\\\/\\\/realidadturistica.com\\\/realtur\\\/un-icono-del-caribe-el-hotel-nacional-de-cuba\\\/#primaryimage\"},\"thumbnailUrl\":\"https:\\\/\\\/realidadturistica.com\\\/realtur\\\/wp-content\\\/uploads\\\/2025\\\/04\\\/Hotel-Nacional-scaled.jpg\",\"datePublished\":\"2025-04-16T21:42:51+00:00\",\"dateModified\":\"2025-04-16T21:42:54+00:00\",\"breadcrumb\":{\"@id\":\"https:\\\/\\\/realidadturistica.com\\\/realtur\\\/un-icono-del-caribe-el-hotel-nacional-de-cuba\\\/#breadcrumb\"},\"inLanguage\":\"es\",\"potentialAction\":[{\"@type\":\"ReadAction\",\"target\":[\"https:\\\/\\\/realidadturistica.com\\\/realtur\\\/un-icono-del-caribe-el-hotel-nacional-de-cuba\\\/\"]}]},{\"@type\":\"ImageObject\",\"inLanguage\":\"es\",\"@id\":\"https:\\\/\\\/realidadturistica.com\\\/realtur\\\/un-icono-del-caribe-el-hotel-nacional-de-cuba\\\/#primaryimage\",\"url\":\"https:\\\/\\\/realidadturistica.com\\\/realtur\\\/wp-content\\\/uploads\\\/2025\\\/04\\\/Hotel-Nacional-scaled.jpg\",\"contentUrl\":\"https:\\\/\\\/realidadturistica.com\\\/realtur\\\/wp-content\\\/uploads\\\/2025\\\/04\\\/Hotel-Nacional-scaled.jpg\",\"width\":2560,\"height\":1152},{\"@type\":\"BreadcrumbList\",\"@id\":\"https:\\\/\\\/realidadturistica.com\\\/realtur\\\/un-icono-del-caribe-el-hotel-nacional-de-cuba\\\/#breadcrumb\",\"itemListElement\":[{\"@type\":\"ListItem\",\"position\":1,\"name\":\"Portada\",\"item\":\"https:\\\/\\\/realidadturistica.com\\\/realtur\\\/\"},{\"@type\":\"ListItem\",\"position\":2,\"name\":\"Un \u00cdcono del Caribe: El Hotel Nacional de Cuba\"}]},{\"@type\":\"WebSite\",\"@id\":\"https:\\\/\\\/realidadturistica.com\\\/realtur\\\/#website\",\"url\":\"https:\\\/\\\/realidadturistica.com\\\/realtur\\\/\",\"name\":\"Realidad Tur\u00edstica\",\"description\":\"\",\"publisher\":{\"@id\":\"https:\\\/\\\/realidadturistica.com\\\/realtur\\\/#organization\"},\"potentialAction\":[{\"@type\":\"SearchAction\",\"target\":{\"@type\":\"EntryPoint\",\"urlTemplate\":\"https:\\\/\\\/realidadturistica.com\\\/realtur\\\/?s={search_term_string}\"},\"query-input\":{\"@type\":\"PropertyValueSpecification\",\"valueRequired\":true,\"valueName\":\"search_term_string\"}}],\"inLanguage\":\"es\"},{\"@type\":\"Organization\",\"@id\":\"https:\\\/\\\/realidadturistica.com\\\/realtur\\\/#organization\",\"name\":\"Realidad Tur\u00edstica\",\"url\":\"https:\\\/\\\/realidadturistica.com\\\/realtur\\\/\",\"logo\":{\"@type\":\"ImageObject\",\"inLanguage\":\"es\",\"@id\":\"https:\\\/\\\/realidadturistica.com\\\/realtur\\\/#\\\/schema\\\/logo\\\/image\\\/\",\"url\":\"https:\\\/\\\/realidadturistica.com\\\/realtur\\\/wp-content\\\/uploads\\\/2021\\\/12\\\/logotipo-realidad-turistica.png\",\"contentUrl\":\"https:\\\/\\\/realidadturistica.com\\\/realtur\\\/wp-content\\\/uploads\\\/2021\\\/12\\\/logotipo-realidad-turistica.png\",\"width\":1382,\"height\":629,\"caption\":\"Realidad Tur\u00edstica\"},\"image\":{\"@id\":\"https:\\\/\\\/realidadturistica.com\\\/realtur\\\/#\\\/schema\\\/logo\\\/image\\\/\"},\"sameAs\":[\"https:\\\/\\\/www.facebook.com\\\/realidadturistica\",\"https:\\\/\\\/www.instagram.com\\\/realidad_turistica\\\/\"]},{\"@type\":\"Person\",\"@id\":\"https:\\\/\\\/realidadturistica.com\\\/realtur\\\/#\\\/schema\\\/person\\\/ade671191202490fcf08ab21590de73e\",\"name\":\"Editor\",\"image\":{\"@type\":\"ImageObject\",\"inLanguage\":\"es\",\"@id\":\"https:\\\/\\\/realidadturistica.com\\\/realtur\\\/wp-content\\\/uploads\\\/2023\\\/09\\\/Editor_avatar_1693668634-96x96.png\",\"url\":\"https:\\\/\\\/realidadturistica.com\\\/realtur\\\/wp-content\\\/uploads\\\/2023\\\/09\\\/Editor_avatar_1693668634-96x96.png\",\"contentUrl\":\"https:\\\/\\\/realidadturistica.com\\\/realtur\\\/wp-content\\\/uploads\\\/2023\\\/09\\\/Editor_avatar_1693668634-96x96.png\",\"caption\":\"Editor\"},\"sameAs\":[\"https:\\\/\\\/realidadturistica.com\\\/realtur\"],\"url\":\"https:\\\/\\\/realidadturistica.com\\\/realtur\\\/author\\\/editor2\\\/\"}]}<\/script>\n<!-- \/ Yoast SEO Premium plugin. -->","yoast_head_json":{"title":"Un \u00cdcono del Caribe: El Hotel Nacional de Cuba - Realidad Tur\u00edstica","robots":{"index":"index","follow":"follow","max-snippet":"max-snippet:-1","max-image-preview":"max-image-preview:large","max-video-preview":"max-video-preview:-1"},"canonical":"https:\/\/realidadturistica.com\/realtur\/un-icono-del-caribe-el-hotel-nacional-de-cuba\/","og_locale":"es_ES","og_type":"article","og_title":"Un \u00cdcono del Caribe: El Hotel Nacional de Cuba","og_description":"Cuba. Visitar Cuba siempre ha sido un sue\u00f1o que conecta con la pasi\u00f3n por descubrir culturas vibrantes y paisajes inolvidables. Entre todos los tesoros que&hellip;","og_url":"https:\/\/realidadturistica.com\/realtur\/un-icono-del-caribe-el-hotel-nacional-de-cuba\/","og_site_name":"Realidad Tur\u00edstica","article_publisher":"https:\/\/www.facebook.com\/realidadturistica","article_published_time":"2025-04-16T21:42:51+00:00","article_modified_time":"2025-04-16T21:42:54+00:00","og_image":[{"width":2560,"height":1152,"url":"https:\/\/realidadturistica.com\/realtur\/wp-content\/uploads\/2025\/04\/Hotel-Nacional-scaled.jpg","type":"image\/jpeg"}],"author":"Editor","twitter_card":"summary_large_image","twitter_misc":{"Escrito por":"Editor","Tiempo de lectura":"2 minutos"},"schema":{"@context":"https:\/\/schema.org","@graph":[{"@type":"Article","@id":"https:\/\/realidadturistica.com\/realtur\/un-icono-del-caribe-el-hotel-nacional-de-cuba\/#article","isPartOf":{"@id":"https:\/\/realidadturistica.com\/realtur\/un-icono-del-caribe-el-hotel-nacional-de-cuba\/"},"author":{"name":"Editor","@id":"https:\/\/realidadturistica.com\/realtur\/#\/schema\/person\/ade671191202490fcf08ab21590de73e"},"headline":"Un \u00cdcono del Caribe: El Hotel Nacional de Cuba","datePublished":"2025-04-16T21:42:51+00:00","dateModified":"2025-04-16T21:42:54+00:00","mainEntityOfPage":{"@id":"https:\/\/realidadturistica.com\/realtur\/un-icono-del-caribe-el-hotel-nacional-de-cuba\/"},"wordCount":319,"commentCount":0,"publisher":{"@id":"https:\/\/realidadturistica.com\/realtur\/#organization"},"image":{"@id":"https:\/\/realidadturistica.com\/realtur\/un-icono-del-caribe-el-hotel-nacional-de-cuba\/#primaryimage"},"thumbnailUrl":"https:\/\/realidadturistica.com\/realtur\/wp-content\/uploads\/2025\/04\/Hotel-Nacional-scaled.jpg","articleSection":["Destinos M\u00e1gicos"],"inLanguage":"es","potentialAction":[{"@type":"CommentAction","name":"Comment","target":["https:\/\/realidadturistica.com\/realtur\/un-icono-del-caribe-el-hotel-nacional-de-cuba\/#respond"]}]},{"@type":"WebPage","@id":"https:\/\/realidadturistica.com\/realtur\/un-icono-del-caribe-el-hotel-nacional-de-cuba\/","url":"https:\/\/realidadturistica.com\/realtur\/un-icono-del-caribe-el-hotel-nacional-de-cuba\/","name":"Un \u00cdcono del Caribe: El Hotel Nacional de Cuba - Realidad Tur\u00edstica","isPartOf":{"@id":"https:\/\/realidadturistica.com\/realtur\/#website"},"primaryImageOfPage":{"@id":"https:\/\/realidadturistica.com\/realtur\/un-icono-del-caribe-el-hotel-nacional-de-cuba\/#primaryimage"},"image":{"@id":"https:\/\/realidadturistica.com\/realtur\/un-icono-del-caribe-el-hotel-nacional-de-cuba\/#primaryimage"},"thumbnailUrl":"https:\/\/realidadturistica.com\/realtur\/wp-content\/uploads\/2025\/04\/Hotel-Nacional-scaled.jpg","datePublished":"2025-04-16T21:42:51+00:00","dateModified":"2025-04-16T21:42:54+00:00","breadcrumb":{"@id":"https:\/\/realidadturistica.com\/realtur\/un-icono-del-caribe-el-hotel-nacional-de-cuba\/#breadcrumb"},"inLanguage":"es","potentialAction":[{"@type":"ReadAction","target":["https:\/\/realidadturistica.com\/realtur\/un-icono-del-caribe-el-hotel-nacional-de-cuba\/"]}]},{"@type":"ImageObject","inLanguage":"es","@id":"https:\/\/realidadturistica.com\/realtur\/un-icono-del-caribe-el-hotel-nacional-de-cuba\/#primaryimage","url":"https:\/\/realidadturistica.com\/realtur\/wp-content\/uploads\/2025\/04\/Hotel-Nacional-scaled.jpg","contentUrl":"https:\/\/realidadturistica.com\/realtur\/wp-content\/uploads\/2025\/04\/Hotel-Nacional-scaled.jpg","width":2560,"height":1152},{"@type":"BreadcrumbList","@id":"https:\/\/realidadturistica.com\/realtur\/un-icono-del-caribe-el-hotel-nacional-de-cuba\/#breadcrumb","itemListElement":[{"@type":"ListItem","position":1,"name":"Portada","item":"https:\/\/realidadturistica.com\/realtur\/"},{"@type":"ListItem","position":2,"name":"Un \u00cdcono del Caribe: El Hotel Nacional de Cuba"}]},{"@type":"WebSite","@id":"https:\/\/realidadturistica.com\/realtur\/#website","url":"https:\/\/realidadturistica.com\/realtur\/","name":"Realidad Tur\u00edstica","description":"","publisher":{"@id":"https:\/\/realidadturistica.com\/realtur\/#organization"},"potentialAction":[{"@type":"SearchAction","target":{"@type":"EntryPoint","urlTemplate":"https:\/\/realidadturistica.com\/realtur\/?s={search_term_string}"},"query-input":{"@type":"PropertyValueSpecification","valueRequired":true,"valueName":"search_term_string"}}],"inLanguage":"es"},{"@type":"Organization","@id":"https:\/\/realidadturistica.com\/realtur\/#organization","name":"Realidad Tur\u00edstica","url":"https:\/\/realidadturistica.com\/realtur\/","logo":{"@type":"ImageObject","inLanguage":"es","@id":"https:\/\/realidadturistica.com\/realtur\/#\/schema\/logo\/image\/","url":"https:\/\/realidadturistica.com\/realtur\/wp-content\/uploads\/2021\/12\/logotipo-realidad-turistica.png","contentUrl":"https:\/\/realidadturistica.com\/realtur\/wp-content\/uploads\/2021\/12\/logotipo-realidad-turistica.png","width":1382,"height":629,"caption":"Realidad Tur\u00edstica"},"image":{"@id":"https:\/\/realidadturistica.com\/realtur\/#\/schema\/logo\/image\/"},"sameAs":["https:\/\/www.facebook.com\/realidadturistica","https:\/\/www.instagram.com\/realidad_turistica\/"]},{"@type":"Person","@id":"https:\/\/realidadturistica.com\/realtur\/#\/schema\/person\/ade671191202490fcf08ab21590de73e","name":"Editor","image":{"@type":"ImageObject","inLanguage":"es","@id":"https:\/\/realidadturistica.com\/realtur\/wp-content\/uploads\/2023\/09\/Editor_avatar_1693668634-96x96.png","url":"https:\/\/realidadturistica.com\/realtur\/wp-content\/uploads\/2023\/09\/Editor_avatar_1693668634-96x96.png","contentUrl":"https:\/\/realidadturistica.com\/realtur\/wp-content\/uploads\/2023\/09\/Editor_avatar_1693668634-96x96.png","caption":"Editor"},"sameAs":["https:\/\/realidadturistica.com\/realtur"],"url":"https:\/\/realidadturistica.com\/realtur\/author\/editor2\/"}]}},"_links":{"self":[{"href":"https:\/\/realidadturistica.com\/realtur\/wp-json\/wp\/v2\/posts\/9471","targetHints":{"allow":["GET"]}}],"collection":[{"href":"https:\/\/realidadturistica.com\/realtur\/wp-json\/wp\/v2\/posts"}],"about":[{"href":"https:\/\/realidadturistica.com\/realtur\/wp-json\/wp\/v2\/types\/post"}],"author":[{"embeddable":true,"href":"https:\/\/realidadturistica.com\/realtur\/wp-json\/wp\/v2\/users\/2"}],"replies":[{"embeddable":true,"href":"https:\/\/realidadturistica.com\/realtur\/wp-json\/wp\/v2\/comments?post=9471"}],"version-history":[{"count":1,"href":"https:\/\/realidadturistica.com\/realtur\/wp-json\/wp\/v2\/posts\/9471\/revisions"}],"predecessor-version":[{"id":9474,"href":"https:\/\/realidadturistica.com\/realtur\/wp-json\/wp\/v2\/posts\/9471\/revisions\/9474"}],"wp:featuredmedia":[{"embeddable":true,"href":"https:\/\/realidadturistica.com\/realtur\/wp-json\/wp\/v2\/media\/9472"}],"wp:attachment":[{"href":"https:\/\/realidadturistica.com\/realtur\/wp-json\/wp\/v2\/media?parent=9471"}],"wp:term":[{"taxonomy":"category","embeddable":true,"href":"https:\/\/realidadturistica.com\/realtur\/wp-json\/wp\/v2\/categories?post=9471"},{"taxonomy":"post_tag","embeddable":true,"href":"https:\/\/realidadturistica.com\/realtur\/wp-json\/wp\/v2\/tags?post=9471"}],"curies":[{"name":"wp","href":"https:\/\/api.w.org\/{rel}","templated":true}]}}