{"id":9476,"date":"2025-04-22T01:58:53","date_gmt":"2025-04-22T01:58:53","guid":{"rendered":"https:\/\/realidadturistica.com\/realtur\/?p=9476"},"modified":"2025-04-22T01:58:55","modified_gmt":"2025-04-22T01:58:55","slug":"renacimiento-maya-impulsa-el-turismo-comunitario-y-sustentable","status":"publish","type":"post","link":"https:\/\/realidadturistica.com\/realtur\/renacimiento-maya-impulsa-el-turismo-comunitario-y-sustentable\/","title":{"rendered":"Renacimiento Maya impulsa el turismo comunitario y sustentable"},"content":{"rendered":"\n<p class=\"wp-block-yoast-seo-estimated-reading-time yoast-reading-time__wrapper\"><span class=\"yoast-reading-time__icon\"><svg aria-hidden=\"true\" focusable=\"false\" data-icon=\"clock\" width=\"20\" height=\"20\" fill=\"none\" stroke=\"currentColor\" style=\"display:inline-block;vertical-align:-0.1em\" role=\"img\" xmlns=\"http:\/\/www.w3.org\/2000\/svg\" viewBox=\"0 0 24 24\"><path stroke-linecap=\"round\" stroke-linejoin=\"round\" stroke-width=\"2\" d=\"M12 8v4l3 3m6-3a9 9 0 11-18 0 9 9 0 0118 0z\"><\/path><\/svg><\/span><span class=\"yoast-reading-time__spacer\" style=\"display:inline-block;width:1em\"><\/span><span class=\"yoast-reading-time__descriptive-text\">Estimated reading time: <\/span><span class=\"yoast-reading-time__reading-time\">3<\/span><span class=\"yoast-reading-time__time-unit\"> minutos<\/span><\/p>\n\n\n\n<p>Aldea Maya Xa\u2019 Anil Naj de Santa Elena y San Crisanto son referente internacional<\/p>\n\n\n\n<p>M\u00e9xico. Con el objetivo de refrendar el compromiso del Gobierno del Renacimiento Maya, de Joaqu\u00edn D\u00edaz Mena con el impulso al turismo comunitario y sustentable, la Secretar\u00eda de Turismo de Yucat\u00e1n (SEFOTUR) promueve iniciativas del estado que son referencia internacional de buenas pr\u00e1cticas ambientales y enaltecimiento de identidad yucateca.&nbsp;<\/p>\n\n\n\n<p>En rueda de prensa se dieron a conocer los proyectos Aldea Maya Xa\u2019 Anil Naj del municipio de Santa Elena, Ganador Plata en la categor\u00eda de \u00abMejores iniciativas de Turismo Ind\u00edgena y Comunitario\u00bb de los Premios de Turismo Responsable de WTM Latinoam\u00e9rica, y el Ejido San Crisanto A. C. de Sinanch\u00e9, premio Green Destination Story Awards en la categor\u00eda Naturaleza y Paisaje<\/p>\n\n\n\n<p>El primer reconocimiento fue recibido por Gladys Coll\u00ed Ek el pasado 15 de abril en Sao Pablo y el segundo, por Jos\u00e9 In\u00e9s Lor\u00eda Palma en el marco de la Feria ITB de Berl\u00edn 2025 el 4 de marzo pasado.<\/p>\n\n\n\n<figure class=\"wp-block-image size-large\"><img fetchpriority=\"high\" decoding=\"async\" width=\"1024\" height=\"684\" src=\"https:\/\/realidadturistica.com\/realtur\/wp-content\/uploads\/2025\/04\/IMG-20250421-WA0018-1024x684.jpg\" alt=\"\" class=\"wp-image-9478\" srcset=\"https:\/\/realidadturistica.com\/realtur\/wp-content\/uploads\/2025\/04\/IMG-20250421-WA0018-1024x684.jpg 1024w, https:\/\/realidadturistica.com\/realtur\/wp-content\/uploads\/2025\/04\/IMG-20250421-WA0018-300x200.jpg 300w, https:\/\/realidadturistica.com\/realtur\/wp-content\/uploads\/2025\/04\/IMG-20250421-WA0018-768x513.jpg 768w, https:\/\/realidadturistica.com\/realtur\/wp-content\/uploads\/2025\/04\/IMG-20250421-WA0018-1170x782.jpg 1170w, https:\/\/realidadturistica.com\/realtur\/wp-content\/uploads\/2025\/04\/IMG-20250421-WA0018-585x391.jpg 585w, https:\/\/realidadturistica.com\/realtur\/wp-content\/uploads\/2025\/04\/IMG-20250421-WA0018-263x175.jpg 263w, https:\/\/realidadturistica.com\/realtur\/wp-content\/uploads\/2025\/04\/IMG-20250421-WA0018.jpg 1280w\" sizes=\"(max-width: 1024px) 100vw, 1024px\" \/><\/figure>\n\n\n\n<p>En rueda de prensa encabezada por el titular de la SEFOTUR, Dar\u00edo Flota Ocampo y el subsecretario de Desarrollo Tur\u00edstico Sustentable, Ra\u00fal Paz Noriega, acompa\u00f1ados de los ganadores, se reconoci\u00f3 el valor agregado de sus productos y el impacto positivo en sus comunidades que los ubica como referentes mundiales de turismo comunitario y sustentable.<\/p>\n\n\n\n<p>Flora Ocampo dijo que estos proyectos son un orgullo para Yucat\u00e1n, por lo que refrend\u00f3 su compromiso para promoverlos y fomentar estas iniciativas que enaltecen nuestra cultura, naturaleza y costumbres que encanta a visitantes de todas partes del mundo.<\/p>\n\n\n\n<p>Cabe destacar que la Aldea Maya Xa\u2019 Anil Naj, fue Ganador Plata, despu\u00e9s de ser uno de los 22 proyectos finalistas, tras una revisi\u00f3n de 164 iniciativas de 14 pa\u00edses registradas este a\u00f1o. El lugar ofrece la experiencia de participar y conocer de manera aut\u00e9ntica las tradicionales culinarias yucatecas, acompa\u00f1ado de las mujeres y hombres de la comunidad. En las gestiones para ir a recibir el premio, se cont\u00f3 con el apoyo del Instituto Yucateco de Emprendedores (IYEM) y Aerom\u00e9xico.<\/p>\n\n\n\n<p>Por su parte, el Ejido San Crisanto con la distinci\u00f3n recibida en Berl\u00edn entra en el top 100 mundial de historias de turismo sustentable y coloca a este producto de turismo sustentable, mezcla equilibrada entre herencia maya e innovaci\u00f3n, en el selecto grupo mundial de turismo, que se desarrolla bajo la visi\u00f3n de preservar su entorno natural y con la concepci\u00f3n de una econom\u00eda sustentable.<\/p>\n\n\n\n<figure class=\"wp-block-gallery has-nested-images columns-default is-cropped wp-block-gallery-1 is-layout-flex wp-block-gallery-is-layout-flex\">\n<figure class=\"wp-block-image size-large\"><img decoding=\"async\" width=\"1024\" height=\"678\" data-id=\"9479\" src=\"https:\/\/realidadturistica.com\/realtur\/wp-content\/uploads\/2025\/04\/IMG-20250421-WA0019-1024x678.jpg\" alt=\"\" class=\"wp-image-9479\" srcset=\"https:\/\/realidadturistica.com\/realtur\/wp-content\/uploads\/2025\/04\/IMG-20250421-WA0019-1024x678.jpg 1024w, https:\/\/realidadturistica.com\/realtur\/wp-content\/uploads\/2025\/04\/IMG-20250421-WA0019-300x199.jpg 300w, https:\/\/realidadturistica.com\/realtur\/wp-content\/uploads\/2025\/04\/IMG-20250421-WA0019-768x508.jpg 768w, https:\/\/realidadturistica.com\/realtur\/wp-content\/uploads\/2025\/04\/IMG-20250421-WA0019-1170x774.jpg 1170w, https:\/\/realidadturistica.com\/realtur\/wp-content\/uploads\/2025\/04\/IMG-20250421-WA0019-780x516.jpg 780w, https:\/\/realidadturistica.com\/realtur\/wp-content\/uploads\/2025\/04\/IMG-20250421-WA0019-585x387.jpg 585w, https:\/\/realidadturistica.com\/realtur\/wp-content\/uploads\/2025\/04\/IMG-20250421-WA0019-263x175.jpg 263w, https:\/\/realidadturistica.com\/realtur\/wp-content\/uploads\/2025\/04\/IMG-20250421-WA0019.jpg 1280w\" sizes=\"(max-width: 1024px) 100vw, 1024px\" \/><\/figure>\n\n\n\n<figure class=\"wp-block-image size-large\"><img decoding=\"async\" width=\"678\" height=\"452\" data-id=\"9480\" src=\"https:\/\/realidadturistica.com\/realtur\/wp-content\/uploads\/2025\/04\/IMG-20250421-WA0020.jpg\" alt=\"\" class=\"wp-image-9480\" srcset=\"https:\/\/realidadturistica.com\/realtur\/wp-content\/uploads\/2025\/04\/IMG-20250421-WA0020.jpg 678w, https:\/\/realidadturistica.com\/realtur\/wp-content\/uploads\/2025\/04\/IMG-20250421-WA0020-300x200.jpg 300w, https:\/\/realidadturistica.com\/realtur\/wp-content\/uploads\/2025\/04\/IMG-20250421-WA0020-585x390.jpg 585w, https:\/\/realidadturistica.com\/realtur\/wp-content\/uploads\/2025\/04\/IMG-20250421-WA0020-263x175.jpg 263w\" sizes=\"(max-width: 678px) 100vw, 678px\" \/><\/figure>\n<\/figure>\n\n\n\n<p>El Ejido San Crisanto sobresale por su riqueza natural y biodiversidad, elementos que la convierten en un para\u00edso ecol\u00f3gico \u00fanico, posicionando al entorno natural como el principal atractivo. Adem\u00e1s, la comunidad participa en los mercados de carbono vendiendo cr\u00e9ditos generados por sus esfuerzos de conservaci\u00f3n y reforestaci\u00f3n de manglares, lo que les proporciona una fuente sustentable de ingresos.<\/p>\n\n\n\n<p>Sefotur.<\/p>\n","protected":false},"excerpt":{"rendered":"<p>Aldea Maya Xa\u2019 Anil Naj de Santa Elena y San Crisanto son referente internacional M\u00e9xico. Con el objetivo de refrendar el compromiso del Gobierno del&hellip;<\/p>\n","protected":false},"author":2,"featured_media":9477,"comment_status":"open","ping_status":"closed","sticky":false,"template":"","format":"standard","meta":{"content-type":"","_lmt_disableupdate":"","_lmt_disable":"","footnotes":""},"categories":[6],"tags":[],"class_list":["post-9476","post","type-post","status-publish","format-standard","has-post-thumbnail","hentry","category-turismo"],"yoast_head":"<!-- This site is optimized with the Yoast SEO Premium plugin v27.4 (Yoast SEO v27.5) - https:\/\/yoast.com\/product\/yoast-seo-premium-wordpress\/ -->\n<title>Renacimiento Maya impulsa el turismo comunitario y sustentable - Realidad Tur\u00edstica<\/title>\n<meta name=\"robots\" content=\"index, follow, max-snippet:-1, max-image-preview:large, max-video-preview:-1\" \/>\n<link rel=\"canonical\" href=\"https:\/\/realidadturistica.com\/realtur\/renacimiento-maya-impulsa-el-turismo-comunitario-y-sustentable\/\" \/>\n<meta property=\"og:locale\" content=\"es_ES\" \/>\n<meta property=\"og:type\" content=\"article\" \/>\n<meta property=\"og:title\" content=\"Renacimiento Maya impulsa el turismo comunitario y sustentable\" \/>\n<meta property=\"og:description\" content=\"Aldea Maya Xa\u2019 Anil Naj de Santa Elena y San Crisanto son referente internacional M\u00e9xico. Con el objetivo de refrendar el compromiso del Gobierno del&hellip;\" \/>\n<meta property=\"og:url\" content=\"https:\/\/realidadturistica.com\/realtur\/renacimiento-maya-impulsa-el-turismo-comunitario-y-sustentable\/\" \/>\n<meta property=\"og:site_name\" content=\"Realidad Tur\u00edstica\" \/>\n<meta property=\"article:publisher\" content=\"https:\/\/www.facebook.com\/realidadturistica\" \/>\n<meta property=\"article:published_time\" content=\"2025-04-22T01:58:53+00:00\" \/>\n<meta property=\"article:modified_time\" content=\"2025-04-22T01:58:55+00:00\" \/>\n<meta property=\"og:image\" content=\"https:\/\/realidadturistica.com\/realtur\/wp-content\/uploads\/2025\/04\/IMG-20250421-WA0017.jpg\" \/>\n\t<meta property=\"og:image:width\" content=\"1280\" \/>\n\t<meta property=\"og:image:height\" content=\"855\" \/>\n\t<meta property=\"og:image:type\" content=\"image\/jpeg\" \/>\n<meta name=\"author\" content=\"Editor\" \/>\n<meta name=\"twitter:card\" content=\"summary_large_image\" \/>\n<meta name=\"twitter:label1\" content=\"Escrito por\" \/>\n\t<meta name=\"twitter:data1\" content=\"Editor\" \/>\n\t<meta name=\"twitter:label2\" content=\"Tiempo de lectura\" \/>\n\t<meta name=\"twitter:data2\" content=\"3 minutos\" \/>\n<script type=\"application\/ld+json\" class=\"yoast-schema-graph\">{\"@context\":\"https:\\\/\\\/schema.org\",\"@graph\":[{\"@type\":\"Article\",\"@id\":\"https:\\\/\\\/realidadturistica.com\\\/realtur\\\/renacimiento-maya-impulsa-el-turismo-comunitario-y-sustentable\\\/#article\",\"isPartOf\":{\"@id\":\"https:\\\/\\\/realidadturistica.com\\\/realtur\\\/renacimiento-maya-impulsa-el-turismo-comunitario-y-sustentable\\\/\"},\"author\":{\"name\":\"Editor\",\"@id\":\"https:\\\/\\\/realidadturistica.com\\\/realtur\\\/#\\\/schema\\\/person\\\/ade671191202490fcf08ab21590de73e\"},\"headline\":\"Renacimiento Maya impulsa el turismo comunitario y sustentable\",\"datePublished\":\"2025-04-22T01:58:53+00:00\",\"dateModified\":\"2025-04-22T01:58:55+00:00\",\"mainEntityOfPage\":{\"@id\":\"https:\\\/\\\/realidadturistica.com\\\/realtur\\\/renacimiento-maya-impulsa-el-turismo-comunitario-y-sustentable\\\/\"},\"wordCount\":505,\"commentCount\":0,\"publisher\":{\"@id\":\"https:\\\/\\\/realidadturistica.com\\\/realtur\\\/#organization\"},\"image\":{\"@id\":\"https:\\\/\\\/realidadturistica.com\\\/realtur\\\/renacimiento-maya-impulsa-el-turismo-comunitario-y-sustentable\\\/#primaryimage\"},\"thumbnailUrl\":\"https:\\\/\\\/realidadturistica.com\\\/realtur\\\/wp-content\\\/uploads\\\/2025\\\/04\\\/IMG-20250421-WA0017.jpg\",\"articleSection\":[\"Turismo\"],\"inLanguage\":\"es\",\"potentialAction\":[{\"@type\":\"CommentAction\",\"name\":\"Comment\",\"target\":[\"https:\\\/\\\/realidadturistica.com\\\/realtur\\\/renacimiento-maya-impulsa-el-turismo-comunitario-y-sustentable\\\/#respond\"]}]},{\"@type\":\"WebPage\",\"@id\":\"https:\\\/\\\/realidadturistica.com\\\/realtur\\\/renacimiento-maya-impulsa-el-turismo-comunitario-y-sustentable\\\/\",\"url\":\"https:\\\/\\\/realidadturistica.com\\\/realtur\\\/renacimiento-maya-impulsa-el-turismo-comunitario-y-sustentable\\\/\",\"name\":\"Renacimiento Maya impulsa el turismo comunitario y sustentable - Realidad Tur\u00edstica\",\"isPartOf\":{\"@id\":\"https:\\\/\\\/realidadturistica.com\\\/realtur\\\/#website\"},\"primaryImageOfPage\":{\"@id\":\"https:\\\/\\\/realidadturistica.com\\\/realtur\\\/renacimiento-maya-impulsa-el-turismo-comunitario-y-sustentable\\\/#primaryimage\"},\"image\":{\"@id\":\"https:\\\/\\\/realidadturistica.com\\\/realtur\\\/renacimiento-maya-impulsa-el-turismo-comunitario-y-sustentable\\\/#primaryimage\"},\"thumbnailUrl\":\"https:\\\/\\\/realidadturistica.com\\\/realtur\\\/wp-content\\\/uploads\\\/2025\\\/04\\\/IMG-20250421-WA0017.jpg\",\"datePublished\":\"2025-04-22T01:58:53+00:00\",\"dateModified\":\"2025-04-22T01:58:55+00:00\",\"breadcrumb\":{\"@id\":\"https:\\\/\\\/realidadturistica.com\\\/realtur\\\/renacimiento-maya-impulsa-el-turismo-comunitario-y-sustentable\\\/#breadcrumb\"},\"inLanguage\":\"es\",\"potentialAction\":[{\"@type\":\"ReadAction\",\"target\":[\"https:\\\/\\\/realidadturistica.com\\\/realtur\\\/renacimiento-maya-impulsa-el-turismo-comunitario-y-sustentable\\\/\"]}]},{\"@type\":\"ImageObject\",\"inLanguage\":\"es\",\"@id\":\"https:\\\/\\\/realidadturistica.com\\\/realtur\\\/renacimiento-maya-impulsa-el-turismo-comunitario-y-sustentable\\\/#primaryimage\",\"url\":\"https:\\\/\\\/realidadturistica.com\\\/realtur\\\/wp-content\\\/uploads\\\/2025\\\/04\\\/IMG-20250421-WA0017.jpg\",\"contentUrl\":\"https:\\\/\\\/realidadturistica.com\\\/realtur\\\/wp-content\\\/uploads\\\/2025\\\/04\\\/IMG-20250421-WA0017.jpg\",\"width\":1280,\"height\":855},{\"@type\":\"BreadcrumbList\",\"@id\":\"https:\\\/\\\/realidadturistica.com\\\/realtur\\\/renacimiento-maya-impulsa-el-turismo-comunitario-y-sustentable\\\/#breadcrumb\",\"itemListElement\":[{\"@type\":\"ListItem\",\"position\":1,\"name\":\"Portada\",\"item\":\"https:\\\/\\\/realidadturistica.com\\\/realtur\\\/\"},{\"@type\":\"ListItem\",\"position\":2,\"name\":\"Renacimiento Maya impulsa el turismo comunitario y sustentable\"}]},{\"@type\":\"WebSite\",\"@id\":\"https:\\\/\\\/realidadturistica.com\\\/realtur\\\/#website\",\"url\":\"https:\\\/\\\/realidadturistica.com\\\/realtur\\\/\",\"name\":\"Realidad Tur\u00edstica\",\"description\":\"\",\"publisher\":{\"@id\":\"https:\\\/\\\/realidadturistica.com\\\/realtur\\\/#organization\"},\"potentialAction\":[{\"@type\":\"SearchAction\",\"target\":{\"@type\":\"EntryPoint\",\"urlTemplate\":\"https:\\\/\\\/realidadturistica.com\\\/realtur\\\/?s={search_term_string}\"},\"query-input\":{\"@type\":\"PropertyValueSpecification\",\"valueRequired\":true,\"valueName\":\"search_term_string\"}}],\"inLanguage\":\"es\"},{\"@type\":\"Organization\",\"@id\":\"https:\\\/\\\/realidadturistica.com\\\/realtur\\\/#organization\",\"name\":\"Realidad Tur\u00edstica\",\"url\":\"https:\\\/\\\/realidadturistica.com\\\/realtur\\\/\",\"logo\":{\"@type\":\"ImageObject\",\"inLanguage\":\"es\",\"@id\":\"https:\\\/\\\/realidadturistica.com\\\/realtur\\\/#\\\/schema\\\/logo\\\/image\\\/\",\"url\":\"https:\\\/\\\/realidadturistica.com\\\/realtur\\\/wp-content\\\/uploads\\\/2021\\\/12\\\/logotipo-realidad-turistica.png\",\"contentUrl\":\"https:\\\/\\\/realidadturistica.com\\\/realtur\\\/wp-content\\\/uploads\\\/2021\\\/12\\\/logotipo-realidad-turistica.png\",\"width\":1382,\"height\":629,\"caption\":\"Realidad Tur\u00edstica\"},\"image\":{\"@id\":\"https:\\\/\\\/realidadturistica.com\\\/realtur\\\/#\\\/schema\\\/logo\\\/image\\\/\"},\"sameAs\":[\"https:\\\/\\\/www.facebook.com\\\/realidadturistica\",\"https:\\\/\\\/www.instagram.com\\\/realidad_turistica\\\/\"]},{\"@type\":\"Person\",\"@id\":\"https:\\\/\\\/realidadturistica.com\\\/realtur\\\/#\\\/schema\\\/person\\\/ade671191202490fcf08ab21590de73e\",\"name\":\"Editor\",\"image\":{\"@type\":\"ImageObject\",\"inLanguage\":\"es\",\"@id\":\"https:\\\/\\\/realidadturistica.com\\\/realtur\\\/wp-content\\\/uploads\\\/2023\\\/09\\\/Editor_avatar_1693668634-96x96.png\",\"url\":\"https:\\\/\\\/realidadturistica.com\\\/realtur\\\/wp-content\\\/uploads\\\/2023\\\/09\\\/Editor_avatar_1693668634-96x96.png\",\"contentUrl\":\"https:\\\/\\\/realidadturistica.com\\\/realtur\\\/wp-content\\\/uploads\\\/2023\\\/09\\\/Editor_avatar_1693668634-96x96.png\",\"caption\":\"Editor\"},\"sameAs\":[\"https:\\\/\\\/realidadturistica.com\\\/realtur\"],\"url\":\"https:\\\/\\\/realidadturistica.com\\\/realtur\\\/author\\\/editor2\\\/\"}]}<\/script>\n<!-- \/ Yoast SEO Premium plugin. -->","yoast_head_json":{"title":"Renacimiento Maya impulsa el turismo comunitario y sustentable - Realidad Tur\u00edstica","robots":{"index":"index","follow":"follow","max-snippet":"max-snippet:-1","max-image-preview":"max-image-preview:large","max-video-preview":"max-video-preview:-1"},"canonical":"https:\/\/realidadturistica.com\/realtur\/renacimiento-maya-impulsa-el-turismo-comunitario-y-sustentable\/","og_locale":"es_ES","og_type":"article","og_title":"Renacimiento Maya impulsa el turismo comunitario y sustentable","og_description":"Aldea Maya Xa\u2019 Anil Naj de Santa Elena y San Crisanto son referente internacional M\u00e9xico. Con el objetivo de refrendar el compromiso del Gobierno del&hellip;","og_url":"https:\/\/realidadturistica.com\/realtur\/renacimiento-maya-impulsa-el-turismo-comunitario-y-sustentable\/","og_site_name":"Realidad Tur\u00edstica","article_publisher":"https:\/\/www.facebook.com\/realidadturistica","article_published_time":"2025-04-22T01:58:53+00:00","article_modified_time":"2025-04-22T01:58:55+00:00","og_image":[{"width":1280,"height":855,"url":"https:\/\/realidadturistica.com\/realtur\/wp-content\/uploads\/2025\/04\/IMG-20250421-WA0017.jpg","type":"image\/jpeg"}],"author":"Editor","twitter_card":"summary_large_image","twitter_misc":{"Escrito por":"Editor","Tiempo de lectura":"3 minutos"},"schema":{"@context":"https:\/\/schema.org","@graph":[{"@type":"Article","@id":"https:\/\/realidadturistica.com\/realtur\/renacimiento-maya-impulsa-el-turismo-comunitario-y-sustentable\/#article","isPartOf":{"@id":"https:\/\/realidadturistica.com\/realtur\/renacimiento-maya-impulsa-el-turismo-comunitario-y-sustentable\/"},"author":{"name":"Editor","@id":"https:\/\/realidadturistica.com\/realtur\/#\/schema\/person\/ade671191202490fcf08ab21590de73e"},"headline":"Renacimiento Maya impulsa el turismo comunitario y sustentable","datePublished":"2025-04-22T01:58:53+00:00","dateModified":"2025-04-22T01:58:55+00:00","mainEntityOfPage":{"@id":"https:\/\/realidadturistica.com\/realtur\/renacimiento-maya-impulsa-el-turismo-comunitario-y-sustentable\/"},"wordCount":505,"commentCount":0,"publisher":{"@id":"https:\/\/realidadturistica.com\/realtur\/#organization"},"image":{"@id":"https:\/\/realidadturistica.com\/realtur\/renacimiento-maya-impulsa-el-turismo-comunitario-y-sustentable\/#primaryimage"},"thumbnailUrl":"https:\/\/realidadturistica.com\/realtur\/wp-content\/uploads\/2025\/04\/IMG-20250421-WA0017.jpg","articleSection":["Turismo"],"inLanguage":"es","potentialAction":[{"@type":"CommentAction","name":"Comment","target":["https:\/\/realidadturistica.com\/realtur\/renacimiento-maya-impulsa-el-turismo-comunitario-y-sustentable\/#respond"]}]},{"@type":"WebPage","@id":"https:\/\/realidadturistica.com\/realtur\/renacimiento-maya-impulsa-el-turismo-comunitario-y-sustentable\/","url":"https:\/\/realidadturistica.com\/realtur\/renacimiento-maya-impulsa-el-turismo-comunitario-y-sustentable\/","name":"Renacimiento Maya impulsa el turismo comunitario y sustentable - Realidad Tur\u00edstica","isPartOf":{"@id":"https:\/\/realidadturistica.com\/realtur\/#website"},"primaryImageOfPage":{"@id":"https:\/\/realidadturistica.com\/realtur\/renacimiento-maya-impulsa-el-turismo-comunitario-y-sustentable\/#primaryimage"},"image":{"@id":"https:\/\/realidadturistica.com\/realtur\/renacimiento-maya-impulsa-el-turismo-comunitario-y-sustentable\/#primaryimage"},"thumbnailUrl":"https:\/\/realidadturistica.com\/realtur\/wp-content\/uploads\/2025\/04\/IMG-20250421-WA0017.jpg","datePublished":"2025-04-22T01:58:53+00:00","dateModified":"2025-04-22T01:58:55+00:00","breadcrumb":{"@id":"https:\/\/realidadturistica.com\/realtur\/renacimiento-maya-impulsa-el-turismo-comunitario-y-sustentable\/#breadcrumb"},"inLanguage":"es","potentialAction":[{"@type":"ReadAction","target":["https:\/\/realidadturistica.com\/realtur\/renacimiento-maya-impulsa-el-turismo-comunitario-y-sustentable\/"]}]},{"@type":"ImageObject","inLanguage":"es","@id":"https:\/\/realidadturistica.com\/realtur\/renacimiento-maya-impulsa-el-turismo-comunitario-y-sustentable\/#primaryimage","url":"https:\/\/realidadturistica.com\/realtur\/wp-content\/uploads\/2025\/04\/IMG-20250421-WA0017.jpg","contentUrl":"https:\/\/realidadturistica.com\/realtur\/wp-content\/uploads\/2025\/04\/IMG-20250421-WA0017.jpg","width":1280,"height":855},{"@type":"BreadcrumbList","@id":"https:\/\/realidadturistica.com\/realtur\/renacimiento-maya-impulsa-el-turismo-comunitario-y-sustentable\/#breadcrumb","itemListElement":[{"@type":"ListItem","position":1,"name":"Portada","item":"https:\/\/realidadturistica.com\/realtur\/"},{"@type":"ListItem","position":2,"name":"Renacimiento Maya impulsa el turismo comunitario y sustentable"}]},{"@type":"WebSite","@id":"https:\/\/realidadturistica.com\/realtur\/#website","url":"https:\/\/realidadturistica.com\/realtur\/","name":"Realidad Tur\u00edstica","description":"","publisher":{"@id":"https:\/\/realidadturistica.com\/realtur\/#organization"},"potentialAction":[{"@type":"SearchAction","target":{"@type":"EntryPoint","urlTemplate":"https:\/\/realidadturistica.com\/realtur\/?s={search_term_string}"},"query-input":{"@type":"PropertyValueSpecification","valueRequired":true,"valueName":"search_term_string"}}],"inLanguage":"es"},{"@type":"Organization","@id":"https:\/\/realidadturistica.com\/realtur\/#organization","name":"Realidad Tur\u00edstica","url":"https:\/\/realidadturistica.com\/realtur\/","logo":{"@type":"ImageObject","inLanguage":"es","@id":"https:\/\/realidadturistica.com\/realtur\/#\/schema\/logo\/image\/","url":"https:\/\/realidadturistica.com\/realtur\/wp-content\/uploads\/2021\/12\/logotipo-realidad-turistica.png","contentUrl":"https:\/\/realidadturistica.com\/realtur\/wp-content\/uploads\/2021\/12\/logotipo-realidad-turistica.png","width":1382,"height":629,"caption":"Realidad Tur\u00edstica"},"image":{"@id":"https:\/\/realidadturistica.com\/realtur\/#\/schema\/logo\/image\/"},"sameAs":["https:\/\/www.facebook.com\/realidadturistica","https:\/\/www.instagram.com\/realidad_turistica\/"]},{"@type":"Person","@id":"https:\/\/realidadturistica.com\/realtur\/#\/schema\/person\/ade671191202490fcf08ab21590de73e","name":"Editor","image":{"@type":"ImageObject","inLanguage":"es","@id":"https:\/\/realidadturistica.com\/realtur\/wp-content\/uploads\/2023\/09\/Editor_avatar_1693668634-96x96.png","url":"https:\/\/realidadturistica.com\/realtur\/wp-content\/uploads\/2023\/09\/Editor_avatar_1693668634-96x96.png","contentUrl":"https:\/\/realidadturistica.com\/realtur\/wp-content\/uploads\/2023\/09\/Editor_avatar_1693668634-96x96.png","caption":"Editor"},"sameAs":["https:\/\/realidadturistica.com\/realtur"],"url":"https:\/\/realidadturistica.com\/realtur\/author\/editor2\/"}]}},"_links":{"self":[{"href":"https:\/\/realidadturistica.com\/realtur\/wp-json\/wp\/v2\/posts\/9476","targetHints":{"allow":["GET"]}}],"collection":[{"href":"https:\/\/realidadturistica.com\/realtur\/wp-json\/wp\/v2\/posts"}],"about":[{"href":"https:\/\/realidadturistica.com\/realtur\/wp-json\/wp\/v2\/types\/post"}],"author":[{"embeddable":true,"href":"https:\/\/realidadturistica.com\/realtur\/wp-json\/wp\/v2\/users\/2"}],"replies":[{"embeddable":true,"href":"https:\/\/realidadturistica.com\/realtur\/wp-json\/wp\/v2\/comments?post=9476"}],"version-history":[{"count":1,"href":"https:\/\/realidadturistica.com\/realtur\/wp-json\/wp\/v2\/posts\/9476\/revisions"}],"predecessor-version":[{"id":9481,"href":"https:\/\/realidadturistica.com\/realtur\/wp-json\/wp\/v2\/posts\/9476\/revisions\/9481"}],"wp:featuredmedia":[{"embeddable":true,"href":"https:\/\/realidadturistica.com\/realtur\/wp-json\/wp\/v2\/media\/9477"}],"wp:attachment":[{"href":"https:\/\/realidadturistica.com\/realtur\/wp-json\/wp\/v2\/media?parent=9476"}],"wp:term":[{"taxonomy":"category","embeddable":true,"href":"https:\/\/realidadturistica.com\/realtur\/wp-json\/wp\/v2\/categories?post=9476"},{"taxonomy":"post_tag","embeddable":true,"href":"https:\/\/realidadturistica.com\/realtur\/wp-json\/wp\/v2\/tags?post=9476"}],"curies":[{"name":"wp","href":"https:\/\/api.w.org\/{rel}","templated":true}]}}