{"id":9485,"date":"2025-04-23T20:29:41","date_gmt":"2025-04-23T20:29:41","guid":{"rendered":"https:\/\/realidadturistica.com\/realtur\/?p=9485"},"modified":"2025-04-23T20:29:43","modified_gmt":"2025-04-23T20:29:43","slug":"enjoy-travel-group-confirma-su-participacion-en-fitcuba-2025","status":"publish","type":"post","link":"https:\/\/realidadturistica.com\/realtur\/enjoy-travel-group-confirma-su-participacion-en-fitcuba-2025\/","title":{"rendered":"Enjoy Travel Group confirma su participaci\u00f3n en FITCUBA 2025"},"content":{"rendered":"\n<p class=\"wp-block-yoast-seo-estimated-reading-time yoast-reading-time__wrapper\"><span class=\"yoast-reading-time__icon\"><svg aria-hidden=\"true\" focusable=\"false\" data-icon=\"clock\" width=\"20\" height=\"20\" fill=\"none\" stroke=\"currentColor\" style=\"display:inline-block;vertical-align:-0.1em\" role=\"img\" xmlns=\"http:\/\/www.w3.org\/2000\/svg\" viewBox=\"0 0 24 24\"><path stroke-linecap=\"round\" stroke-linejoin=\"round\" stroke-width=\"2\" d=\"M12 8v4l3 3m6-3a9 9 0 11-18 0 9 9 0 0118 0z\"><\/path><\/svg><\/span><span class=\"yoast-reading-time__spacer\" style=\"display:inline-block;width:1em\"><\/span><span class=\"yoast-reading-time__descriptive-text\">Estimated reading time: <\/span><span class=\"yoast-reading-time__reading-time\">3<\/span><span class=\"yoast-reading-time__time-unit\"> minutos<\/span><\/p>\n\n\n\n<p>La compa\u00f1\u00eda estar\u00e1 presente en el pabell\u00f3n D14 con sus novedades para la temporada 2025<\/p>\n\n\n\n<p><a href=\"https:\/\/www.enjoytravelgroup.com\/\">Enjoy Travel Group<\/a> anuncia su participaci\u00f3n en la 43\u00aa edici\u00f3n de la Feria Internacional de Turismo de Cuba, FITCUBA 2025, el evento m\u00e1s relevante del sector tur\u00edstico en la isla. La cita se celebrar\u00e1 del 30 de abril al 3 de mayo en el hist\u00f3rico Parque Morro-Caba\u00f1a, el cual forma parte del sistema de fortificaciones de La Habana y declarado por la UNESCO en 1982, Patrimonio Cultural de la Humanidad.<\/p>\n\n\n\n<p>FITCUBA 2025 contar\u00e1 con la presencia de turoperadores y agentes de viajes, provenientes de diferentes pa\u00edses, y este a\u00f1o tendr\u00e1 como pa\u00eds invitado a la Rep\u00fablica Popular China. Adem\u00e1s, estar\u00e1 dedicada a las Tradiciones cubanas como producto tur\u00edstico central, reforzando la identidad cultural de la isla como un valor distintivo para el visitante internacional.<\/p>\n\n\n\n<p>El evento reunir\u00e1 a actores clave de la industria como aerol\u00edneas, cadenas hoteleras, agencias de viajes, transportistas, turoperadores, proveedores y otros profesionales, generando un espacio estrat\u00e9gico para el fortalecimiento de alianzas y la promoci\u00f3n del destino Cuba.<\/p>\n\n\n\n<figure class=\"wp-block-gallery has-nested-images columns-default is-cropped wp-block-gallery-1 is-layout-flex wp-block-gallery-is-layout-flex\">\n<figure class=\"wp-block-image size-large\"><img fetchpriority=\"high\" decoding=\"async\" width=\"1024\" height=\"571\" data-id=\"9487\" src=\"https:\/\/realidadturistica.com\/realtur\/wp-content\/uploads\/2025\/04\/IMG-20250423-WA0000-1024x571.jpg\" alt=\"\" class=\"wp-image-9487\" srcset=\"https:\/\/realidadturistica.com\/realtur\/wp-content\/uploads\/2025\/04\/IMG-20250423-WA0000-1024x571.jpg 1024w, https:\/\/realidadturistica.com\/realtur\/wp-content\/uploads\/2025\/04\/IMG-20250423-WA0000-300x167.jpg 300w, https:\/\/realidadturistica.com\/realtur\/wp-content\/uploads\/2025\/04\/IMG-20250423-WA0000-768x428.jpg 768w, https:\/\/realidadturistica.com\/realtur\/wp-content\/uploads\/2025\/04\/IMG-20250423-WA0000-585x326.jpg 585w, https:\/\/realidadturistica.com\/realtur\/wp-content\/uploads\/2025\/04\/IMG-20250423-WA0000.jpg 1055w\" sizes=\"(max-width: 1024px) 100vw, 1024px\" \/><\/figure>\n\n\n\n<figure class=\"wp-block-image size-large\"><img decoding=\"async\" width=\"1024\" height=\"561\" data-id=\"9488\" src=\"https:\/\/realidadturistica.com\/realtur\/wp-content\/uploads\/2025\/04\/IMG-20250423-WA0002-1024x561.jpg\" alt=\"\" class=\"wp-image-9488\" srcset=\"https:\/\/realidadturistica.com\/realtur\/wp-content\/uploads\/2025\/04\/IMG-20250423-WA0002-1024x561.jpg 1024w, https:\/\/realidadturistica.com\/realtur\/wp-content\/uploads\/2025\/04\/IMG-20250423-WA0002-300x164.jpg 300w, https:\/\/realidadturistica.com\/realtur\/wp-content\/uploads\/2025\/04\/IMG-20250423-WA0002-768x421.jpg 768w, https:\/\/realidadturistica.com\/realtur\/wp-content\/uploads\/2025\/04\/IMG-20250423-WA0002-585x321.jpg 585w, https:\/\/realidadturistica.com\/realtur\/wp-content\/uploads\/2025\/04\/IMG-20250423-WA0002.jpg 1170w\" sizes=\"(max-width: 1024px) 100vw, 1024px\" \/><\/figure>\n\n\n\n<figure class=\"wp-block-image size-large\"><img decoding=\"async\" width=\"1024\" height=\"558\" data-id=\"9489\" src=\"https:\/\/realidadturistica.com\/realtur\/wp-content\/uploads\/2025\/04\/IMG-20250423-WA0003-1024x558.jpg\" alt=\"\" class=\"wp-image-9489\" srcset=\"https:\/\/realidadturistica.com\/realtur\/wp-content\/uploads\/2025\/04\/IMG-20250423-WA0003-1024x558.jpg 1024w, https:\/\/realidadturistica.com\/realtur\/wp-content\/uploads\/2025\/04\/IMG-20250423-WA0003-300x164.jpg 300w, https:\/\/realidadturistica.com\/realtur\/wp-content\/uploads\/2025\/04\/IMG-20250423-WA0003-768x419.jpg 768w, https:\/\/realidadturistica.com\/realtur\/wp-content\/uploads\/2025\/04\/IMG-20250423-WA0003-585x319.jpg 585w, https:\/\/realidadturistica.com\/realtur\/wp-content\/uploads\/2025\/04\/IMG-20250423-WA0003.jpg 1170w\" sizes=\"(max-width: 1024px) 100vw, 1024px\" \/><\/figure>\n<\/figure>\n\n\n\n<p>El turoperador mayorista vertical <a href=\"https:\/\/www.enjoytravelgroup.com\/\">Enjoy Travel Group<\/a>, con oficinas comerciales y de representaci\u00f3n en 11 pa\u00edses, estar\u00e1 presente en el pabell\u00f3n D14, donde exhibir\u00e1 sus principales propuestas para la temporada 2025. Adem\u00e1s, como parte de su compromiso con la promoci\u00f3n del destino, la compa\u00f1\u00eda estar\u00e1 llevando a FITCUBA un grupo de 70 agentes de viajes procedentes de M\u00e9xico y Colombia, quienes participar\u00e1n en un programa de familiarizaci\u00f3n y tendr\u00e1n la oportunidad de fortalecer su v\u00ednculo con la oferta cubana.<\/p>\n\n\n<div class=\"wp-block-image\">\n<figure class=\"alignleft size-large is-resized\"><img loading=\"lazy\" decoding=\"async\" width=\"829\" height=\"1024\" src=\"https:\/\/realidadturistica.com\/realtur\/wp-content\/uploads\/2025\/04\/IMG-20250423-WA0004-829x1024.jpg\" alt=\"\" class=\"wp-image-9490\" style=\"width:294px;height:auto\" srcset=\"https:\/\/realidadturistica.com\/realtur\/wp-content\/uploads\/2025\/04\/IMG-20250423-WA0004-829x1024.jpg 829w, https:\/\/realidadturistica.com\/realtur\/wp-content\/uploads\/2025\/04\/IMG-20250423-WA0004-243x300.jpg 243w, https:\/\/realidadturistica.com\/realtur\/wp-content\/uploads\/2025\/04\/IMG-20250423-WA0004-768x949.jpg 768w, https:\/\/realidadturistica.com\/realtur\/wp-content\/uploads\/2025\/04\/IMG-20250423-WA0004-585x723.jpg 585w, https:\/\/realidadturistica.com\/realtur\/wp-content\/uploads\/2025\/04\/IMG-20250423-WA0004.jpg 1170w\" sizes=\"(max-width: 829px) 100vw, 829px\" \/><\/figure>\n<\/div>\n\n\n<p>Una delegaci\u00f3n conformada por directivos y representantes comerciales de la compa\u00f1\u00eda participar\u00e1 activamente en las jornadas de trabajo, reafirmando la voluntad decidida de la empresa con la diversificaci\u00f3n del Caribe y la consolidaci\u00f3n de programas multidestino.<\/p>\n\n\n\n<p>\u201cFITCUBA es una plataforma clave para conectar, escuchar y crecer junto a nuestros aliados. Nos sentimos orgullosos de regresar con una propuesta renovada, llevando adem\u00e1s a un grupo selecto de agentes de viajes que son parte esencial de nuestra red de distribuci\u00f3n. Cuba sigue siendo un destino con un enorme potencial, y nuestro compromiso con su promoci\u00f3n es firme y sostenido,\u201d expres\u00f3 Luis Jim\u00e9nez, Vicepresidente de Marketing y Ventas de <a href=\"https:\/\/www.enjoytravelgroup.com\/\">Enjoy Travel Group.<\/a><\/p>\n\n\n\n<p>Invitamos a todos nuestros aliados estrat\u00e9gicos, agencias de viajes y profesionales del sector a visitarnos y conocer de primera mano las propuestas innovadoras que tenemos preparadas para esta nueva temporada.<\/p>\n\n\n\n<p><a href=\"https:\/\/www.enjoytravelgroup.com\/\">www.enjoytravelgroup.com<\/a><\/p>\n","protected":false},"excerpt":{"rendered":"<p>La compa\u00f1\u00eda estar\u00e1 presente en el pabell\u00f3n D14 con sus novedades para la temporada 2025 Enjoy Travel Group anuncia su participaci\u00f3n en la 43\u00aa edici\u00f3n&hellip;<\/p>\n","protected":false},"author":2,"featured_media":9486,"comment_status":"open","ping_status":"closed","sticky":false,"template":"","format":"standard","meta":{"content-type":"","_lmt_disableupdate":"","_lmt_disable":"","footnotes":""},"categories":[6],"tags":[],"class_list":["post-9485","post","type-post","status-publish","format-standard","has-post-thumbnail","hentry","category-turismo"],"yoast_head":"<!-- This site is optimized with the Yoast SEO Premium plugin v27.4 (Yoast SEO v27.5) - https:\/\/yoast.com\/product\/yoast-seo-premium-wordpress\/ -->\n<title>Enjoy Travel Group confirma su participaci\u00f3n en FITCUBA 2025 - Realidad Tur\u00edstica<\/title>\n<meta name=\"robots\" content=\"index, follow, max-snippet:-1, max-image-preview:large, max-video-preview:-1\" \/>\n<link rel=\"canonical\" href=\"https:\/\/realidadturistica.com\/realtur\/enjoy-travel-group-confirma-su-participacion-en-fitcuba-2025\/\" \/>\n<meta property=\"og:locale\" content=\"es_ES\" \/>\n<meta property=\"og:type\" content=\"article\" \/>\n<meta property=\"og:title\" content=\"Enjoy Travel Group confirma su participaci\u00f3n en FITCUBA 2025\" \/>\n<meta property=\"og:description\" content=\"La compa\u00f1\u00eda estar\u00e1 presente en el pabell\u00f3n D14 con sus novedades para la temporada 2025 Enjoy Travel Group anuncia su participaci\u00f3n en la 43\u00aa edici\u00f3n&hellip;\" \/>\n<meta property=\"og:url\" content=\"https:\/\/realidadturistica.com\/realtur\/enjoy-travel-group-confirma-su-participacion-en-fitcuba-2025\/\" \/>\n<meta property=\"og:site_name\" content=\"Realidad Tur\u00edstica\" \/>\n<meta property=\"article:publisher\" content=\"https:\/\/www.facebook.com\/realidadturistica\" \/>\n<meta property=\"article:published_time\" content=\"2025-04-23T20:29:41+00:00\" \/>\n<meta property=\"article:modified_time\" content=\"2025-04-23T20:29:43+00:00\" \/>\n<meta property=\"og:image\" content=\"https:\/\/realidadturistica.com\/realtur\/wp-content\/uploads\/2025\/04\/IMG-20250423-WA0001.jpg\" \/>\n\t<meta property=\"og:image:width\" content=\"1080\" \/>\n\t<meta property=\"og:image:height\" content=\"486\" \/>\n\t<meta property=\"og:image:type\" content=\"image\/jpeg\" \/>\n<meta name=\"author\" content=\"Editor\" \/>\n<meta name=\"twitter:card\" content=\"summary_large_image\" \/>\n<meta name=\"twitter:label1\" content=\"Escrito por\" \/>\n\t<meta name=\"twitter:data1\" content=\"Editor\" \/>\n\t<meta name=\"twitter:label2\" content=\"Tiempo de lectura\" \/>\n\t<meta name=\"twitter:data2\" content=\"3 minutos\" \/>\n<script type=\"application\/ld+json\" class=\"yoast-schema-graph\">{\"@context\":\"https:\\\/\\\/schema.org\",\"@graph\":[{\"@type\":\"Article\",\"@id\":\"https:\\\/\\\/realidadturistica.com\\\/realtur\\\/enjoy-travel-group-confirma-su-participacion-en-fitcuba-2025\\\/#article\",\"isPartOf\":{\"@id\":\"https:\\\/\\\/realidadturistica.com\\\/realtur\\\/enjoy-travel-group-confirma-su-participacion-en-fitcuba-2025\\\/\"},\"author\":{\"name\":\"Editor\",\"@id\":\"https:\\\/\\\/realidadturistica.com\\\/realtur\\\/#\\\/schema\\\/person\\\/ade671191202490fcf08ab21590de73e\"},\"headline\":\"Enjoy Travel Group confirma su participaci\u00f3n en FITCUBA 2025\",\"datePublished\":\"2025-04-23T20:29:41+00:00\",\"dateModified\":\"2025-04-23T20:29:43+00:00\",\"mainEntityOfPage\":{\"@id\":\"https:\\\/\\\/realidadturistica.com\\\/realtur\\\/enjoy-travel-group-confirma-su-participacion-en-fitcuba-2025\\\/\"},\"wordCount\":437,\"commentCount\":0,\"publisher\":{\"@id\":\"https:\\\/\\\/realidadturistica.com\\\/realtur\\\/#organization\"},\"image\":{\"@id\":\"https:\\\/\\\/realidadturistica.com\\\/realtur\\\/enjoy-travel-group-confirma-su-participacion-en-fitcuba-2025\\\/#primaryimage\"},\"thumbnailUrl\":\"https:\\\/\\\/realidadturistica.com\\\/realtur\\\/wp-content\\\/uploads\\\/2025\\\/04\\\/IMG-20250423-WA0001.jpg\",\"articleSection\":[\"Turismo\"],\"inLanguage\":\"es\",\"potentialAction\":[{\"@type\":\"CommentAction\",\"name\":\"Comment\",\"target\":[\"https:\\\/\\\/realidadturistica.com\\\/realtur\\\/enjoy-travel-group-confirma-su-participacion-en-fitcuba-2025\\\/#respond\"]}]},{\"@type\":\"WebPage\",\"@id\":\"https:\\\/\\\/realidadturistica.com\\\/realtur\\\/enjoy-travel-group-confirma-su-participacion-en-fitcuba-2025\\\/\",\"url\":\"https:\\\/\\\/realidadturistica.com\\\/realtur\\\/enjoy-travel-group-confirma-su-participacion-en-fitcuba-2025\\\/\",\"name\":\"Enjoy Travel Group confirma su participaci\u00f3n en FITCUBA 2025 - Realidad Tur\u00edstica\",\"isPartOf\":{\"@id\":\"https:\\\/\\\/realidadturistica.com\\\/realtur\\\/#website\"},\"primaryImageOfPage\":{\"@id\":\"https:\\\/\\\/realidadturistica.com\\\/realtur\\\/enjoy-travel-group-confirma-su-participacion-en-fitcuba-2025\\\/#primaryimage\"},\"image\":{\"@id\":\"https:\\\/\\\/realidadturistica.com\\\/realtur\\\/enjoy-travel-group-confirma-su-participacion-en-fitcuba-2025\\\/#primaryimage\"},\"thumbnailUrl\":\"https:\\\/\\\/realidadturistica.com\\\/realtur\\\/wp-content\\\/uploads\\\/2025\\\/04\\\/IMG-20250423-WA0001.jpg\",\"datePublished\":\"2025-04-23T20:29:41+00:00\",\"dateModified\":\"2025-04-23T20:29:43+00:00\",\"breadcrumb\":{\"@id\":\"https:\\\/\\\/realidadturistica.com\\\/realtur\\\/enjoy-travel-group-confirma-su-participacion-en-fitcuba-2025\\\/#breadcrumb\"},\"inLanguage\":\"es\",\"potentialAction\":[{\"@type\":\"ReadAction\",\"target\":[\"https:\\\/\\\/realidadturistica.com\\\/realtur\\\/enjoy-travel-group-confirma-su-participacion-en-fitcuba-2025\\\/\"]}]},{\"@type\":\"ImageObject\",\"inLanguage\":\"es\",\"@id\":\"https:\\\/\\\/realidadturistica.com\\\/realtur\\\/enjoy-travel-group-confirma-su-participacion-en-fitcuba-2025\\\/#primaryimage\",\"url\":\"https:\\\/\\\/realidadturistica.com\\\/realtur\\\/wp-content\\\/uploads\\\/2025\\\/04\\\/IMG-20250423-WA0001.jpg\",\"contentUrl\":\"https:\\\/\\\/realidadturistica.com\\\/realtur\\\/wp-content\\\/uploads\\\/2025\\\/04\\\/IMG-20250423-WA0001.jpg\",\"width\":1080,\"height\":486},{\"@type\":\"BreadcrumbList\",\"@id\":\"https:\\\/\\\/realidadturistica.com\\\/realtur\\\/enjoy-travel-group-confirma-su-participacion-en-fitcuba-2025\\\/#breadcrumb\",\"itemListElement\":[{\"@type\":\"ListItem\",\"position\":1,\"name\":\"Portada\",\"item\":\"https:\\\/\\\/realidadturistica.com\\\/realtur\\\/\"},{\"@type\":\"ListItem\",\"position\":2,\"name\":\"Enjoy Travel Group confirma su participaci\u00f3n en FITCUBA 2025\"}]},{\"@type\":\"WebSite\",\"@id\":\"https:\\\/\\\/realidadturistica.com\\\/realtur\\\/#website\",\"url\":\"https:\\\/\\\/realidadturistica.com\\\/realtur\\\/\",\"name\":\"Realidad Tur\u00edstica\",\"description\":\"\",\"publisher\":{\"@id\":\"https:\\\/\\\/realidadturistica.com\\\/realtur\\\/#organization\"},\"potentialAction\":[{\"@type\":\"SearchAction\",\"target\":{\"@type\":\"EntryPoint\",\"urlTemplate\":\"https:\\\/\\\/realidadturistica.com\\\/realtur\\\/?s={search_term_string}\"},\"query-input\":{\"@type\":\"PropertyValueSpecification\",\"valueRequired\":true,\"valueName\":\"search_term_string\"}}],\"inLanguage\":\"es\"},{\"@type\":\"Organization\",\"@id\":\"https:\\\/\\\/realidadturistica.com\\\/realtur\\\/#organization\",\"name\":\"Realidad Tur\u00edstica\",\"url\":\"https:\\\/\\\/realidadturistica.com\\\/realtur\\\/\",\"logo\":{\"@type\":\"ImageObject\",\"inLanguage\":\"es\",\"@id\":\"https:\\\/\\\/realidadturistica.com\\\/realtur\\\/#\\\/schema\\\/logo\\\/image\\\/\",\"url\":\"https:\\\/\\\/realidadturistica.com\\\/realtur\\\/wp-content\\\/uploads\\\/2021\\\/12\\\/logotipo-realidad-turistica.png\",\"contentUrl\":\"https:\\\/\\\/realidadturistica.com\\\/realtur\\\/wp-content\\\/uploads\\\/2021\\\/12\\\/logotipo-realidad-turistica.png\",\"width\":1382,\"height\":629,\"caption\":\"Realidad Tur\u00edstica\"},\"image\":{\"@id\":\"https:\\\/\\\/realidadturistica.com\\\/realtur\\\/#\\\/schema\\\/logo\\\/image\\\/\"},\"sameAs\":[\"https:\\\/\\\/www.facebook.com\\\/realidadturistica\",\"https:\\\/\\\/www.instagram.com\\\/realidad_turistica\\\/\"]},{\"@type\":\"Person\",\"@id\":\"https:\\\/\\\/realidadturistica.com\\\/realtur\\\/#\\\/schema\\\/person\\\/ade671191202490fcf08ab21590de73e\",\"name\":\"Editor\",\"image\":{\"@type\":\"ImageObject\",\"inLanguage\":\"es\",\"@id\":\"https:\\\/\\\/realidadturistica.com\\\/realtur\\\/wp-content\\\/uploads\\\/2023\\\/09\\\/Editor_avatar_1693668634-96x96.png\",\"url\":\"https:\\\/\\\/realidadturistica.com\\\/realtur\\\/wp-content\\\/uploads\\\/2023\\\/09\\\/Editor_avatar_1693668634-96x96.png\",\"contentUrl\":\"https:\\\/\\\/realidadturistica.com\\\/realtur\\\/wp-content\\\/uploads\\\/2023\\\/09\\\/Editor_avatar_1693668634-96x96.png\",\"caption\":\"Editor\"},\"sameAs\":[\"https:\\\/\\\/realidadturistica.com\\\/realtur\"],\"url\":\"https:\\\/\\\/realidadturistica.com\\\/realtur\\\/author\\\/editor2\\\/\"}]}<\/script>\n<!-- \/ Yoast SEO Premium plugin. -->","yoast_head_json":{"title":"Enjoy Travel Group confirma su participaci\u00f3n en FITCUBA 2025 - Realidad Tur\u00edstica","robots":{"index":"index","follow":"follow","max-snippet":"max-snippet:-1","max-image-preview":"max-image-preview:large","max-video-preview":"max-video-preview:-1"},"canonical":"https:\/\/realidadturistica.com\/realtur\/enjoy-travel-group-confirma-su-participacion-en-fitcuba-2025\/","og_locale":"es_ES","og_type":"article","og_title":"Enjoy Travel Group confirma su participaci\u00f3n en FITCUBA 2025","og_description":"La compa\u00f1\u00eda estar\u00e1 presente en el pabell\u00f3n D14 con sus novedades para la temporada 2025 Enjoy Travel Group anuncia su participaci\u00f3n en la 43\u00aa edici\u00f3n&hellip;","og_url":"https:\/\/realidadturistica.com\/realtur\/enjoy-travel-group-confirma-su-participacion-en-fitcuba-2025\/","og_site_name":"Realidad Tur\u00edstica","article_publisher":"https:\/\/www.facebook.com\/realidadturistica","article_published_time":"2025-04-23T20:29:41+00:00","article_modified_time":"2025-04-23T20:29:43+00:00","og_image":[{"width":1080,"height":486,"url":"https:\/\/realidadturistica.com\/realtur\/wp-content\/uploads\/2025\/04\/IMG-20250423-WA0001.jpg","type":"image\/jpeg"}],"author":"Editor","twitter_card":"summary_large_image","twitter_misc":{"Escrito por":"Editor","Tiempo de lectura":"3 minutos"},"schema":{"@context":"https:\/\/schema.org","@graph":[{"@type":"Article","@id":"https:\/\/realidadturistica.com\/realtur\/enjoy-travel-group-confirma-su-participacion-en-fitcuba-2025\/#article","isPartOf":{"@id":"https:\/\/realidadturistica.com\/realtur\/enjoy-travel-group-confirma-su-participacion-en-fitcuba-2025\/"},"author":{"name":"Editor","@id":"https:\/\/realidadturistica.com\/realtur\/#\/schema\/person\/ade671191202490fcf08ab21590de73e"},"headline":"Enjoy Travel Group confirma su participaci\u00f3n en FITCUBA 2025","datePublished":"2025-04-23T20:29:41+00:00","dateModified":"2025-04-23T20:29:43+00:00","mainEntityOfPage":{"@id":"https:\/\/realidadturistica.com\/realtur\/enjoy-travel-group-confirma-su-participacion-en-fitcuba-2025\/"},"wordCount":437,"commentCount":0,"publisher":{"@id":"https:\/\/realidadturistica.com\/realtur\/#organization"},"image":{"@id":"https:\/\/realidadturistica.com\/realtur\/enjoy-travel-group-confirma-su-participacion-en-fitcuba-2025\/#primaryimage"},"thumbnailUrl":"https:\/\/realidadturistica.com\/realtur\/wp-content\/uploads\/2025\/04\/IMG-20250423-WA0001.jpg","articleSection":["Turismo"],"inLanguage":"es","potentialAction":[{"@type":"CommentAction","name":"Comment","target":["https:\/\/realidadturistica.com\/realtur\/enjoy-travel-group-confirma-su-participacion-en-fitcuba-2025\/#respond"]}]},{"@type":"WebPage","@id":"https:\/\/realidadturistica.com\/realtur\/enjoy-travel-group-confirma-su-participacion-en-fitcuba-2025\/","url":"https:\/\/realidadturistica.com\/realtur\/enjoy-travel-group-confirma-su-participacion-en-fitcuba-2025\/","name":"Enjoy Travel Group confirma su participaci\u00f3n en FITCUBA 2025 - Realidad Tur\u00edstica","isPartOf":{"@id":"https:\/\/realidadturistica.com\/realtur\/#website"},"primaryImageOfPage":{"@id":"https:\/\/realidadturistica.com\/realtur\/enjoy-travel-group-confirma-su-participacion-en-fitcuba-2025\/#primaryimage"},"image":{"@id":"https:\/\/realidadturistica.com\/realtur\/enjoy-travel-group-confirma-su-participacion-en-fitcuba-2025\/#primaryimage"},"thumbnailUrl":"https:\/\/realidadturistica.com\/realtur\/wp-content\/uploads\/2025\/04\/IMG-20250423-WA0001.jpg","datePublished":"2025-04-23T20:29:41+00:00","dateModified":"2025-04-23T20:29:43+00:00","breadcrumb":{"@id":"https:\/\/realidadturistica.com\/realtur\/enjoy-travel-group-confirma-su-participacion-en-fitcuba-2025\/#breadcrumb"},"inLanguage":"es","potentialAction":[{"@type":"ReadAction","target":["https:\/\/realidadturistica.com\/realtur\/enjoy-travel-group-confirma-su-participacion-en-fitcuba-2025\/"]}]},{"@type":"ImageObject","inLanguage":"es","@id":"https:\/\/realidadturistica.com\/realtur\/enjoy-travel-group-confirma-su-participacion-en-fitcuba-2025\/#primaryimage","url":"https:\/\/realidadturistica.com\/realtur\/wp-content\/uploads\/2025\/04\/IMG-20250423-WA0001.jpg","contentUrl":"https:\/\/realidadturistica.com\/realtur\/wp-content\/uploads\/2025\/04\/IMG-20250423-WA0001.jpg","width":1080,"height":486},{"@type":"BreadcrumbList","@id":"https:\/\/realidadturistica.com\/realtur\/enjoy-travel-group-confirma-su-participacion-en-fitcuba-2025\/#breadcrumb","itemListElement":[{"@type":"ListItem","position":1,"name":"Portada","item":"https:\/\/realidadturistica.com\/realtur\/"},{"@type":"ListItem","position":2,"name":"Enjoy Travel Group confirma su participaci\u00f3n en FITCUBA 2025"}]},{"@type":"WebSite","@id":"https:\/\/realidadturistica.com\/realtur\/#website","url":"https:\/\/realidadturistica.com\/realtur\/","name":"Realidad Tur\u00edstica","description":"","publisher":{"@id":"https:\/\/realidadturistica.com\/realtur\/#organization"},"potentialAction":[{"@type":"SearchAction","target":{"@type":"EntryPoint","urlTemplate":"https:\/\/realidadturistica.com\/realtur\/?s={search_term_string}"},"query-input":{"@type":"PropertyValueSpecification","valueRequired":true,"valueName":"search_term_string"}}],"inLanguage":"es"},{"@type":"Organization","@id":"https:\/\/realidadturistica.com\/realtur\/#organization","name":"Realidad Tur\u00edstica","url":"https:\/\/realidadturistica.com\/realtur\/","logo":{"@type":"ImageObject","inLanguage":"es","@id":"https:\/\/realidadturistica.com\/realtur\/#\/schema\/logo\/image\/","url":"https:\/\/realidadturistica.com\/realtur\/wp-content\/uploads\/2021\/12\/logotipo-realidad-turistica.png","contentUrl":"https:\/\/realidadturistica.com\/realtur\/wp-content\/uploads\/2021\/12\/logotipo-realidad-turistica.png","width":1382,"height":629,"caption":"Realidad Tur\u00edstica"},"image":{"@id":"https:\/\/realidadturistica.com\/realtur\/#\/schema\/logo\/image\/"},"sameAs":["https:\/\/www.facebook.com\/realidadturistica","https:\/\/www.instagram.com\/realidad_turistica\/"]},{"@type":"Person","@id":"https:\/\/realidadturistica.com\/realtur\/#\/schema\/person\/ade671191202490fcf08ab21590de73e","name":"Editor","image":{"@type":"ImageObject","inLanguage":"es","@id":"https:\/\/realidadturistica.com\/realtur\/wp-content\/uploads\/2023\/09\/Editor_avatar_1693668634-96x96.png","url":"https:\/\/realidadturistica.com\/realtur\/wp-content\/uploads\/2023\/09\/Editor_avatar_1693668634-96x96.png","contentUrl":"https:\/\/realidadturistica.com\/realtur\/wp-content\/uploads\/2023\/09\/Editor_avatar_1693668634-96x96.png","caption":"Editor"},"sameAs":["https:\/\/realidadturistica.com\/realtur"],"url":"https:\/\/realidadturistica.com\/realtur\/author\/editor2\/"}]}},"_links":{"self":[{"href":"https:\/\/realidadturistica.com\/realtur\/wp-json\/wp\/v2\/posts\/9485","targetHints":{"allow":["GET"]}}],"collection":[{"href":"https:\/\/realidadturistica.com\/realtur\/wp-json\/wp\/v2\/posts"}],"about":[{"href":"https:\/\/realidadturistica.com\/realtur\/wp-json\/wp\/v2\/types\/post"}],"author":[{"embeddable":true,"href":"https:\/\/realidadturistica.com\/realtur\/wp-json\/wp\/v2\/users\/2"}],"replies":[{"embeddable":true,"href":"https:\/\/realidadturistica.com\/realtur\/wp-json\/wp\/v2\/comments?post=9485"}],"version-history":[{"count":1,"href":"https:\/\/realidadturistica.com\/realtur\/wp-json\/wp\/v2\/posts\/9485\/revisions"}],"predecessor-version":[{"id":9491,"href":"https:\/\/realidadturistica.com\/realtur\/wp-json\/wp\/v2\/posts\/9485\/revisions\/9491"}],"wp:featuredmedia":[{"embeddable":true,"href":"https:\/\/realidadturistica.com\/realtur\/wp-json\/wp\/v2\/media\/9486"}],"wp:attachment":[{"href":"https:\/\/realidadturistica.com\/realtur\/wp-json\/wp\/v2\/media?parent=9485"}],"wp:term":[{"taxonomy":"category","embeddable":true,"href":"https:\/\/realidadturistica.com\/realtur\/wp-json\/wp\/v2\/categories?post=9485"},{"taxonomy":"post_tag","embeddable":true,"href":"https:\/\/realidadturistica.com\/realtur\/wp-json\/wp\/v2\/tags?post=9485"}],"curies":[{"name":"wp","href":"https:\/\/api.w.org\/{rel}","templated":true}]}}