{"id":9492,"date":"2025-04-24T00:44:20","date_gmt":"2025-04-24T00:44:20","guid":{"rendered":"https:\/\/realidadturistica.com\/realtur\/?p=9492"},"modified":"2025-04-24T01:27:43","modified_gmt":"2025-04-24T01:27:43","slug":"con-rotundo-exito-se-desarrollo-este-miercoles-la-primer-jornada-del-ii-seminario-internacional-de-turismo-medico-y-bienestar","status":"publish","type":"post","link":"https:\/\/realidadturistica.com\/realtur\/con-rotundo-exito-se-desarrollo-este-miercoles-la-primer-jornada-del-ii-seminario-internacional-de-turismo-medico-y-bienestar\/","title":{"rendered":"Con rotundo \u00e9xito se desarroll\u00f3 este mi\u00e9rcoles la primera jornada del II Seminario Internacional de Turismo M\u00e9dico y Bienestar"},"content":{"rendered":"\n<p class=\"wp-block-yoast-seo-estimated-reading-time yoast-reading-time__wrapper\"><span class=\"yoast-reading-time__icon\"><svg aria-hidden=\"true\" focusable=\"false\" data-icon=\"clock\" width=\"20\" height=\"20\" fill=\"none\" stroke=\"currentColor\" style=\"display:inline-block;vertical-align:-0.1em\" role=\"img\" xmlns=\"http:\/\/www.w3.org\/2000\/svg\" viewBox=\"0 0 24 24\"><path stroke-linecap=\"round\" stroke-linejoin=\"round\" stroke-width=\"2\" d=\"M12 8v4l3 3m6-3a9 9 0 11-18 0 9 9 0 0118 0z\"><\/path><\/svg><\/span><span class=\"yoast-reading-time__spacer\" style=\"display:inline-block;width:1em\"><\/span><span class=\"yoast-reading-time__descriptive-text\">Estimated reading time: <\/span><span class=\"yoast-reading-time__reading-time\">3<\/span><span class=\"yoast-reading-time__time-unit\"> minutos<\/span><\/p>\n\n\n\n<p>Como parte del evento FitSaludCuba 2025, que se lleva a cabo en Pabexpo, inici\u00f3 este mi\u00e9rcoles la primera jornada del II Seminario Internacional de Turismo M\u00e9dico y Bienestar, un evento organizado por la <a href=\"https:\/\/www.smcsalud.cu\/\">Comercializadora de Servicios M\u00e9dicos Cubanos S.A.<\/a> (SMC).<\/p>\n\n\n\n<p>La doctora Yamila de Armas \u00c1guila, presidenta de dicha instituci\u00f3n. tuvo a su cargo las palabras de apertura d\u00e1ndole la bienvenida a las delegaciones participantes y resaltando la importancia que tiene este encuentro para la b\u00fasqueda de nuevas soluciones con vistas a mejorar la salud general y el bienestar.<\/p>\n\n\n\n<figure class=\"wp-block-gallery has-nested-images columns-default is-cropped wp-block-gallery-1 is-layout-flex wp-block-gallery-is-layout-flex\">\n<figure class=\"wp-block-image size-large\"><img fetchpriority=\"high\" decoding=\"async\" width=\"1024\" height=\"683\" data-id=\"9494\" src=\"https:\/\/realidadturistica.com\/realtur\/wp-content\/uploads\/2025\/04\/FB_IMG_1745428238636-1024x683.jpg\" alt=\"\" class=\"wp-image-9494\" srcset=\"https:\/\/realidadturistica.com\/realtur\/wp-content\/uploads\/2025\/04\/FB_IMG_1745428238636-1024x683.jpg 1024w, https:\/\/realidadturistica.com\/realtur\/wp-content\/uploads\/2025\/04\/FB_IMG_1745428238636-300x200.jpg 300w, https:\/\/realidadturistica.com\/realtur\/wp-content\/uploads\/2025\/04\/FB_IMG_1745428238636-768x512.jpg 768w, https:\/\/realidadturistica.com\/realtur\/wp-content\/uploads\/2025\/04\/FB_IMG_1745428238636-585x390.jpg 585w, https:\/\/realidadturistica.com\/realtur\/wp-content\/uploads\/2025\/04\/FB_IMG_1745428238636-263x175.jpg 263w, https:\/\/realidadturistica.com\/realtur\/wp-content\/uploads\/2025\/04\/FB_IMG_1745428238636.jpg 1080w\" sizes=\"(max-width: 1024px) 100vw, 1024px\" \/><\/figure>\n\n\n\n<figure class=\"wp-block-image size-large\"><img decoding=\"async\" width=\"1024\" height=\"683\" data-id=\"9495\" src=\"https:\/\/realidadturistica.com\/realtur\/wp-content\/uploads\/2025\/04\/FB_IMG_1745428253579-1024x683.jpg\" alt=\"\" class=\"wp-image-9495\" srcset=\"https:\/\/realidadturistica.com\/realtur\/wp-content\/uploads\/2025\/04\/FB_IMG_1745428253579-1024x683.jpg 1024w, https:\/\/realidadturistica.com\/realtur\/wp-content\/uploads\/2025\/04\/FB_IMG_1745428253579-300x200.jpg 300w, https:\/\/realidadturistica.com\/realtur\/wp-content\/uploads\/2025\/04\/FB_IMG_1745428253579-768x512.jpg 768w, https:\/\/realidadturistica.com\/realtur\/wp-content\/uploads\/2025\/04\/FB_IMG_1745428253579-585x390.jpg 585w, https:\/\/realidadturistica.com\/realtur\/wp-content\/uploads\/2025\/04\/FB_IMG_1745428253579-263x175.jpg 263w, https:\/\/realidadturistica.com\/realtur\/wp-content\/uploads\/2025\/04\/FB_IMG_1745428253579.jpg 1080w\" sizes=\"(max-width: 1024px) 100vw, 1024px\" \/><\/figure>\n<\/figure>\n\n\n\n<p>En la ma\u00f1ana se desarroll\u00f3 la conferencia \u201cPanor\u00e1mica del mercado de turismo m\u00e9dico emisor de Rusia\u201d, impartida por Evgeniy Chernyshev, Presidente de la Asociaci\u00f3n de Turismo M\u00e9dico y Acad\u00e9mico de Rusia, as\u00ed como un panel sobre las tendencias actuales en la comunicaci\u00f3n en el turismo de salud, integrado por representantes de la Universidad de La Habana, las empresas Biocubafarma y la Comercializadora de Servicios M\u00e9dicos Cubanos. Adem\u00e1s de la conferencia \u201cInnovaci\u00f3n en la gesti\u00f3n y el desarrollo del turismo de bienestar\u201d, por la cadena Blue Diamond Resorts y la Comercializadora de Servicios M\u00e9dicos Cubanos S.A. proyecto este que lleva ya varios a\u00f1os con muy buenos resultados.<\/p>\n\n\n\n<p>Por su parte la doctora Ileana Reyes, jefa del Departamento de Ventas Internacionales de SMC present\u00f3 el programa especializado de bienestar con terapia asistida por delfines, un modelo que se hab\u00eda practicado durante los \u00faltimos veinte a\u00f1os y que ha sido muy efectivo en personas que presentan trastornos del neurodesarrollo.<\/p>\n\n\n\n<p>Otros temas abordados durante este importante encuentro fueron: Modelo cubano de acreditaci\u00f3n de la calidad en salud, innovaci\u00f3n en el turismo de bienestar, terapia celular avanzada, cirug\u00eda de columna y bienestar y turismo en Cuba, entre otros.<\/p>\n\n\n\n<figure class=\"wp-block-image size-large\"><img decoding=\"async\" width=\"1024\" height=\"683\" src=\"https:\/\/realidadturistica.com\/realtur\/wp-content\/uploads\/2025\/04\/FB_IMG_1745454322951-1024x683.jpg\" alt=\"\" class=\"wp-image-9496\" srcset=\"https:\/\/realidadturistica.com\/realtur\/wp-content\/uploads\/2025\/04\/FB_IMG_1745454322951-1024x683.jpg 1024w, https:\/\/realidadturistica.com\/realtur\/wp-content\/uploads\/2025\/04\/FB_IMG_1745454322951-300x200.jpg 300w, https:\/\/realidadturistica.com\/realtur\/wp-content\/uploads\/2025\/04\/FB_IMG_1745454322951-768x512.jpg 768w, https:\/\/realidadturistica.com\/realtur\/wp-content\/uploads\/2025\/04\/FB_IMG_1745454322951-585x390.jpg 585w, https:\/\/realidadturistica.com\/realtur\/wp-content\/uploads\/2025\/04\/FB_IMG_1745454322951-263x175.jpg 263w, https:\/\/realidadturistica.com\/realtur\/wp-content\/uploads\/2025\/04\/FB_IMG_1745454322951.jpg 1080w\" sizes=\"(max-width: 1024px) 100vw, 1024px\" \/><\/figure>\n\n\n\n<p>En la tarde procedi\u00f3 a la firma de un convenio de colaboraci\u00f3n entre la <a href=\"https:\/\/www.smcsalud.cu\/\">Comercializadora de Servicios M\u00e9dicos Cubanos S.A<\/a>. y la Asociaci\u00f3n de Turismo M\u00e9dico y Acad\u00e9mico de Rusia.<\/p>\n\n\n\n<p>Ma\u00f1ana continuar\u00e1n estos intercambios en el marco de esta importante feria que aglutina a 229 empresas, de ellas 112 nacionales y 117 extranjeras, de 37 pa\u00edses, y que debe finalizar el pr\u00f3ximo 24 de abril.<\/p>\n\n\n\n<p>Peri\u00f3dico Digital Centroamericano y del Caribe<\/p>\n","protected":false},"excerpt":{"rendered":"<p>Como parte del evento FitSaludCuba 2025, que se lleva a cabo en Pabexpo, inici\u00f3 este mi\u00e9rcoles la primera jornada del II Seminario Internacional de Turismo&hellip;<\/p>\n","protected":false},"author":2,"featured_media":9493,"comment_status":"open","ping_status":"closed","sticky":false,"template":"","format":"standard","meta":{"content-type":"","_lmt_disableupdate":"","_lmt_disable":"","footnotes":""},"categories":[7],"tags":[],"class_list":["post-9492","post","type-post","status-publish","format-standard","has-post-thumbnail","hentry","category-turismo-salud"],"yoast_head":"<!-- This site is optimized with the Yoast SEO Premium plugin v27.4 (Yoast SEO v27.5) - https:\/\/yoast.com\/product\/yoast-seo-premium-wordpress\/ -->\n<title>Con rotundo \u00e9xito se desarroll\u00f3 este mi\u00e9rcoles la primera jornada del II Seminario Internacional de Turismo M\u00e9dico y Bienestar - Realidad Tur\u00edstica<\/title>\n<meta name=\"robots\" content=\"index, follow, max-snippet:-1, max-image-preview:large, max-video-preview:-1\" \/>\n<link rel=\"canonical\" href=\"https:\/\/realidadturistica.com\/realtur\/con-rotundo-exito-se-desarrollo-este-miercoles-la-primer-jornada-del-ii-seminario-internacional-de-turismo-medico-y-bienestar\/\" \/>\n<meta property=\"og:locale\" content=\"es_ES\" \/>\n<meta property=\"og:type\" content=\"article\" \/>\n<meta property=\"og:title\" content=\"Con rotundo \u00e9xito se desarroll\u00f3 este mi\u00e9rcoles la primera jornada del II Seminario Internacional de Turismo M\u00e9dico y Bienestar\" \/>\n<meta property=\"og:description\" content=\"Como parte del evento FitSaludCuba 2025, que se lleva a cabo en Pabexpo, inici\u00f3 este mi\u00e9rcoles la primera jornada del II Seminario Internacional de Turismo&hellip;\" \/>\n<meta property=\"og:url\" content=\"https:\/\/realidadturistica.com\/realtur\/con-rotundo-exito-se-desarrollo-este-miercoles-la-primer-jornada-del-ii-seminario-internacional-de-turismo-medico-y-bienestar\/\" \/>\n<meta property=\"og:site_name\" content=\"Realidad Tur\u00edstica\" \/>\n<meta property=\"article:publisher\" content=\"https:\/\/www.facebook.com\/realidadturistica\" \/>\n<meta property=\"article:published_time\" content=\"2025-04-24T00:44:20+00:00\" \/>\n<meta property=\"article:modified_time\" content=\"2025-04-24T01:27:43+00:00\" \/>\n<meta property=\"og:image\" content=\"https:\/\/realidadturistica.com\/realtur\/wp-content\/uploads\/2025\/04\/FB_IMG_1745454315487.jpg\" \/>\n\t<meta property=\"og:image:width\" content=\"1080\" \/>\n\t<meta property=\"og:image:height\" content=\"720\" \/>\n\t<meta property=\"og:image:type\" content=\"image\/jpeg\" \/>\n<meta name=\"author\" content=\"Editor\" \/>\n<meta name=\"twitter:card\" content=\"summary_large_image\" \/>\n<meta name=\"twitter:label1\" content=\"Escrito por\" \/>\n\t<meta name=\"twitter:data1\" content=\"Editor\" \/>\n\t<meta name=\"twitter:label2\" content=\"Tiempo de lectura\" \/>\n\t<meta name=\"twitter:data2\" content=\"3 minutos\" \/>\n<script type=\"application\/ld+json\" class=\"yoast-schema-graph\">{\"@context\":\"https:\\\/\\\/schema.org\",\"@graph\":[{\"@type\":\"Article\",\"@id\":\"https:\\\/\\\/realidadturistica.com\\\/realtur\\\/con-rotundo-exito-se-desarrollo-este-miercoles-la-primer-jornada-del-ii-seminario-internacional-de-turismo-medico-y-bienestar\\\/#article\",\"isPartOf\":{\"@id\":\"https:\\\/\\\/realidadturistica.com\\\/realtur\\\/con-rotundo-exito-se-desarrollo-este-miercoles-la-primer-jornada-del-ii-seminario-internacional-de-turismo-medico-y-bienestar\\\/\"},\"author\":{\"name\":\"Editor\",\"@id\":\"https:\\\/\\\/realidadturistica.com\\\/realtur\\\/#\\\/schema\\\/person\\\/ade671191202490fcf08ab21590de73e\"},\"headline\":\"Con rotundo \u00e9xito se desarroll\u00f3 este mi\u00e9rcoles la primera jornada del II Seminario Internacional de Turismo M\u00e9dico y Bienestar\",\"datePublished\":\"2025-04-24T00:44:20+00:00\",\"dateModified\":\"2025-04-24T01:27:43+00:00\",\"mainEntityOfPage\":{\"@id\":\"https:\\\/\\\/realidadturistica.com\\\/realtur\\\/con-rotundo-exito-se-desarrollo-este-miercoles-la-primer-jornada-del-ii-seminario-internacional-de-turismo-medico-y-bienestar\\\/\"},\"wordCount\":409,\"commentCount\":0,\"publisher\":{\"@id\":\"https:\\\/\\\/realidadturistica.com\\\/realtur\\\/#organization\"},\"image\":{\"@id\":\"https:\\\/\\\/realidadturistica.com\\\/realtur\\\/con-rotundo-exito-se-desarrollo-este-miercoles-la-primer-jornada-del-ii-seminario-internacional-de-turismo-medico-y-bienestar\\\/#primaryimage\"},\"thumbnailUrl\":\"https:\\\/\\\/realidadturistica.com\\\/realtur\\\/wp-content\\\/uploads\\\/2025\\\/04\\\/FB_IMG_1745454315487.jpg\",\"articleSection\":[\"Salud para viajar\"],\"inLanguage\":\"es\",\"potentialAction\":[{\"@type\":\"CommentAction\",\"name\":\"Comment\",\"target\":[\"https:\\\/\\\/realidadturistica.com\\\/realtur\\\/con-rotundo-exito-se-desarrollo-este-miercoles-la-primer-jornada-del-ii-seminario-internacional-de-turismo-medico-y-bienestar\\\/#respond\"]}]},{\"@type\":\"WebPage\",\"@id\":\"https:\\\/\\\/realidadturistica.com\\\/realtur\\\/con-rotundo-exito-se-desarrollo-este-miercoles-la-primer-jornada-del-ii-seminario-internacional-de-turismo-medico-y-bienestar\\\/\",\"url\":\"https:\\\/\\\/realidadturistica.com\\\/realtur\\\/con-rotundo-exito-se-desarrollo-este-miercoles-la-primer-jornada-del-ii-seminario-internacional-de-turismo-medico-y-bienestar\\\/\",\"name\":\"Con rotundo \u00e9xito se desarroll\u00f3 este mi\u00e9rcoles la primera jornada del II Seminario Internacional de Turismo M\u00e9dico y Bienestar - Realidad Tur\u00edstica\",\"isPartOf\":{\"@id\":\"https:\\\/\\\/realidadturistica.com\\\/realtur\\\/#website\"},\"primaryImageOfPage\":{\"@id\":\"https:\\\/\\\/realidadturistica.com\\\/realtur\\\/con-rotundo-exito-se-desarrollo-este-miercoles-la-primer-jornada-del-ii-seminario-internacional-de-turismo-medico-y-bienestar\\\/#primaryimage\"},\"image\":{\"@id\":\"https:\\\/\\\/realidadturistica.com\\\/realtur\\\/con-rotundo-exito-se-desarrollo-este-miercoles-la-primer-jornada-del-ii-seminario-internacional-de-turismo-medico-y-bienestar\\\/#primaryimage\"},\"thumbnailUrl\":\"https:\\\/\\\/realidadturistica.com\\\/realtur\\\/wp-content\\\/uploads\\\/2025\\\/04\\\/FB_IMG_1745454315487.jpg\",\"datePublished\":\"2025-04-24T00:44:20+00:00\",\"dateModified\":\"2025-04-24T01:27:43+00:00\",\"breadcrumb\":{\"@id\":\"https:\\\/\\\/realidadturistica.com\\\/realtur\\\/con-rotundo-exito-se-desarrollo-este-miercoles-la-primer-jornada-del-ii-seminario-internacional-de-turismo-medico-y-bienestar\\\/#breadcrumb\"},\"inLanguage\":\"es\",\"potentialAction\":[{\"@type\":\"ReadAction\",\"target\":[\"https:\\\/\\\/realidadturistica.com\\\/realtur\\\/con-rotundo-exito-se-desarrollo-este-miercoles-la-primer-jornada-del-ii-seminario-internacional-de-turismo-medico-y-bienestar\\\/\"]}]},{\"@type\":\"ImageObject\",\"inLanguage\":\"es\",\"@id\":\"https:\\\/\\\/realidadturistica.com\\\/realtur\\\/con-rotundo-exito-se-desarrollo-este-miercoles-la-primer-jornada-del-ii-seminario-internacional-de-turismo-medico-y-bienestar\\\/#primaryimage\",\"url\":\"https:\\\/\\\/realidadturistica.com\\\/realtur\\\/wp-content\\\/uploads\\\/2025\\\/04\\\/FB_IMG_1745454315487.jpg\",\"contentUrl\":\"https:\\\/\\\/realidadturistica.com\\\/realtur\\\/wp-content\\\/uploads\\\/2025\\\/04\\\/FB_IMG_1745454315487.jpg\",\"width\":1080,\"height\":720},{\"@type\":\"BreadcrumbList\",\"@id\":\"https:\\\/\\\/realidadturistica.com\\\/realtur\\\/con-rotundo-exito-se-desarrollo-este-miercoles-la-primer-jornada-del-ii-seminario-internacional-de-turismo-medico-y-bienestar\\\/#breadcrumb\",\"itemListElement\":[{\"@type\":\"ListItem\",\"position\":1,\"name\":\"Portada\",\"item\":\"https:\\\/\\\/realidadturistica.com\\\/realtur\\\/\"},{\"@type\":\"ListItem\",\"position\":2,\"name\":\"Con rotundo \u00e9xito se desarroll\u00f3 este mi\u00e9rcoles la primera jornada del II Seminario Internacional de Turismo M\u00e9dico y Bienestar\"}]},{\"@type\":\"WebSite\",\"@id\":\"https:\\\/\\\/realidadturistica.com\\\/realtur\\\/#website\",\"url\":\"https:\\\/\\\/realidadturistica.com\\\/realtur\\\/\",\"name\":\"Realidad Tur\u00edstica\",\"description\":\"\",\"publisher\":{\"@id\":\"https:\\\/\\\/realidadturistica.com\\\/realtur\\\/#organization\"},\"potentialAction\":[{\"@type\":\"SearchAction\",\"target\":{\"@type\":\"EntryPoint\",\"urlTemplate\":\"https:\\\/\\\/realidadturistica.com\\\/realtur\\\/?s={search_term_string}\"},\"query-input\":{\"@type\":\"PropertyValueSpecification\",\"valueRequired\":true,\"valueName\":\"search_term_string\"}}],\"inLanguage\":\"es\"},{\"@type\":\"Organization\",\"@id\":\"https:\\\/\\\/realidadturistica.com\\\/realtur\\\/#organization\",\"name\":\"Realidad Tur\u00edstica\",\"url\":\"https:\\\/\\\/realidadturistica.com\\\/realtur\\\/\",\"logo\":{\"@type\":\"ImageObject\",\"inLanguage\":\"es\",\"@id\":\"https:\\\/\\\/realidadturistica.com\\\/realtur\\\/#\\\/schema\\\/logo\\\/image\\\/\",\"url\":\"https:\\\/\\\/realidadturistica.com\\\/realtur\\\/wp-content\\\/uploads\\\/2021\\\/12\\\/logotipo-realidad-turistica.png\",\"contentUrl\":\"https:\\\/\\\/realidadturistica.com\\\/realtur\\\/wp-content\\\/uploads\\\/2021\\\/12\\\/logotipo-realidad-turistica.png\",\"width\":1382,\"height\":629,\"caption\":\"Realidad Tur\u00edstica\"},\"image\":{\"@id\":\"https:\\\/\\\/realidadturistica.com\\\/realtur\\\/#\\\/schema\\\/logo\\\/image\\\/\"},\"sameAs\":[\"https:\\\/\\\/www.facebook.com\\\/realidadturistica\",\"https:\\\/\\\/www.instagram.com\\\/realidad_turistica\\\/\"]},{\"@type\":\"Person\",\"@id\":\"https:\\\/\\\/realidadturistica.com\\\/realtur\\\/#\\\/schema\\\/person\\\/ade671191202490fcf08ab21590de73e\",\"name\":\"Editor\",\"image\":{\"@type\":\"ImageObject\",\"inLanguage\":\"es\",\"@id\":\"https:\\\/\\\/realidadturistica.com\\\/realtur\\\/wp-content\\\/uploads\\\/2023\\\/09\\\/Editor_avatar_1693668634-96x96.png\",\"url\":\"https:\\\/\\\/realidadturistica.com\\\/realtur\\\/wp-content\\\/uploads\\\/2023\\\/09\\\/Editor_avatar_1693668634-96x96.png\",\"contentUrl\":\"https:\\\/\\\/realidadturistica.com\\\/realtur\\\/wp-content\\\/uploads\\\/2023\\\/09\\\/Editor_avatar_1693668634-96x96.png\",\"caption\":\"Editor\"},\"sameAs\":[\"https:\\\/\\\/realidadturistica.com\\\/realtur\"],\"url\":\"https:\\\/\\\/realidadturistica.com\\\/realtur\\\/author\\\/editor2\\\/\"}]}<\/script>\n<!-- \/ Yoast SEO Premium plugin. -->","yoast_head_json":{"title":"Con rotundo \u00e9xito se desarroll\u00f3 este mi\u00e9rcoles la primera jornada del II Seminario Internacional de Turismo M\u00e9dico y Bienestar - Realidad Tur\u00edstica","robots":{"index":"index","follow":"follow","max-snippet":"max-snippet:-1","max-image-preview":"max-image-preview:large","max-video-preview":"max-video-preview:-1"},"canonical":"https:\/\/realidadturistica.com\/realtur\/con-rotundo-exito-se-desarrollo-este-miercoles-la-primer-jornada-del-ii-seminario-internacional-de-turismo-medico-y-bienestar\/","og_locale":"es_ES","og_type":"article","og_title":"Con rotundo \u00e9xito se desarroll\u00f3 este mi\u00e9rcoles la primera jornada del II Seminario Internacional de Turismo M\u00e9dico y Bienestar","og_description":"Como parte del evento FitSaludCuba 2025, que se lleva a cabo en Pabexpo, inici\u00f3 este mi\u00e9rcoles la primera jornada del II Seminario Internacional de Turismo&hellip;","og_url":"https:\/\/realidadturistica.com\/realtur\/con-rotundo-exito-se-desarrollo-este-miercoles-la-primer-jornada-del-ii-seminario-internacional-de-turismo-medico-y-bienestar\/","og_site_name":"Realidad Tur\u00edstica","article_publisher":"https:\/\/www.facebook.com\/realidadturistica","article_published_time":"2025-04-24T00:44:20+00:00","article_modified_time":"2025-04-24T01:27:43+00:00","og_image":[{"width":1080,"height":720,"url":"https:\/\/realidadturistica.com\/realtur\/wp-content\/uploads\/2025\/04\/FB_IMG_1745454315487.jpg","type":"image\/jpeg"}],"author":"Editor","twitter_card":"summary_large_image","twitter_misc":{"Escrito por":"Editor","Tiempo de lectura":"3 minutos"},"schema":{"@context":"https:\/\/schema.org","@graph":[{"@type":"Article","@id":"https:\/\/realidadturistica.com\/realtur\/con-rotundo-exito-se-desarrollo-este-miercoles-la-primer-jornada-del-ii-seminario-internacional-de-turismo-medico-y-bienestar\/#article","isPartOf":{"@id":"https:\/\/realidadturistica.com\/realtur\/con-rotundo-exito-se-desarrollo-este-miercoles-la-primer-jornada-del-ii-seminario-internacional-de-turismo-medico-y-bienestar\/"},"author":{"name":"Editor","@id":"https:\/\/realidadturistica.com\/realtur\/#\/schema\/person\/ade671191202490fcf08ab21590de73e"},"headline":"Con rotundo \u00e9xito se desarroll\u00f3 este mi\u00e9rcoles la primera jornada del II Seminario Internacional de Turismo M\u00e9dico y Bienestar","datePublished":"2025-04-24T00:44:20+00:00","dateModified":"2025-04-24T01:27:43+00:00","mainEntityOfPage":{"@id":"https:\/\/realidadturistica.com\/realtur\/con-rotundo-exito-se-desarrollo-este-miercoles-la-primer-jornada-del-ii-seminario-internacional-de-turismo-medico-y-bienestar\/"},"wordCount":409,"commentCount":0,"publisher":{"@id":"https:\/\/realidadturistica.com\/realtur\/#organization"},"image":{"@id":"https:\/\/realidadturistica.com\/realtur\/con-rotundo-exito-se-desarrollo-este-miercoles-la-primer-jornada-del-ii-seminario-internacional-de-turismo-medico-y-bienestar\/#primaryimage"},"thumbnailUrl":"https:\/\/realidadturistica.com\/realtur\/wp-content\/uploads\/2025\/04\/FB_IMG_1745454315487.jpg","articleSection":["Salud para viajar"],"inLanguage":"es","potentialAction":[{"@type":"CommentAction","name":"Comment","target":["https:\/\/realidadturistica.com\/realtur\/con-rotundo-exito-se-desarrollo-este-miercoles-la-primer-jornada-del-ii-seminario-internacional-de-turismo-medico-y-bienestar\/#respond"]}]},{"@type":"WebPage","@id":"https:\/\/realidadturistica.com\/realtur\/con-rotundo-exito-se-desarrollo-este-miercoles-la-primer-jornada-del-ii-seminario-internacional-de-turismo-medico-y-bienestar\/","url":"https:\/\/realidadturistica.com\/realtur\/con-rotundo-exito-se-desarrollo-este-miercoles-la-primer-jornada-del-ii-seminario-internacional-de-turismo-medico-y-bienestar\/","name":"Con rotundo \u00e9xito se desarroll\u00f3 este mi\u00e9rcoles la primera jornada del II Seminario Internacional de Turismo M\u00e9dico y Bienestar - Realidad Tur\u00edstica","isPartOf":{"@id":"https:\/\/realidadturistica.com\/realtur\/#website"},"primaryImageOfPage":{"@id":"https:\/\/realidadturistica.com\/realtur\/con-rotundo-exito-se-desarrollo-este-miercoles-la-primer-jornada-del-ii-seminario-internacional-de-turismo-medico-y-bienestar\/#primaryimage"},"image":{"@id":"https:\/\/realidadturistica.com\/realtur\/con-rotundo-exito-se-desarrollo-este-miercoles-la-primer-jornada-del-ii-seminario-internacional-de-turismo-medico-y-bienestar\/#primaryimage"},"thumbnailUrl":"https:\/\/realidadturistica.com\/realtur\/wp-content\/uploads\/2025\/04\/FB_IMG_1745454315487.jpg","datePublished":"2025-04-24T00:44:20+00:00","dateModified":"2025-04-24T01:27:43+00:00","breadcrumb":{"@id":"https:\/\/realidadturistica.com\/realtur\/con-rotundo-exito-se-desarrollo-este-miercoles-la-primer-jornada-del-ii-seminario-internacional-de-turismo-medico-y-bienestar\/#breadcrumb"},"inLanguage":"es","potentialAction":[{"@type":"ReadAction","target":["https:\/\/realidadturistica.com\/realtur\/con-rotundo-exito-se-desarrollo-este-miercoles-la-primer-jornada-del-ii-seminario-internacional-de-turismo-medico-y-bienestar\/"]}]},{"@type":"ImageObject","inLanguage":"es","@id":"https:\/\/realidadturistica.com\/realtur\/con-rotundo-exito-se-desarrollo-este-miercoles-la-primer-jornada-del-ii-seminario-internacional-de-turismo-medico-y-bienestar\/#primaryimage","url":"https:\/\/realidadturistica.com\/realtur\/wp-content\/uploads\/2025\/04\/FB_IMG_1745454315487.jpg","contentUrl":"https:\/\/realidadturistica.com\/realtur\/wp-content\/uploads\/2025\/04\/FB_IMG_1745454315487.jpg","width":1080,"height":720},{"@type":"BreadcrumbList","@id":"https:\/\/realidadturistica.com\/realtur\/con-rotundo-exito-se-desarrollo-este-miercoles-la-primer-jornada-del-ii-seminario-internacional-de-turismo-medico-y-bienestar\/#breadcrumb","itemListElement":[{"@type":"ListItem","position":1,"name":"Portada","item":"https:\/\/realidadturistica.com\/realtur\/"},{"@type":"ListItem","position":2,"name":"Con rotundo \u00e9xito se desarroll\u00f3 este mi\u00e9rcoles la primera jornada del II Seminario Internacional de Turismo M\u00e9dico y Bienestar"}]},{"@type":"WebSite","@id":"https:\/\/realidadturistica.com\/realtur\/#website","url":"https:\/\/realidadturistica.com\/realtur\/","name":"Realidad Tur\u00edstica","description":"","publisher":{"@id":"https:\/\/realidadturistica.com\/realtur\/#organization"},"potentialAction":[{"@type":"SearchAction","target":{"@type":"EntryPoint","urlTemplate":"https:\/\/realidadturistica.com\/realtur\/?s={search_term_string}"},"query-input":{"@type":"PropertyValueSpecification","valueRequired":true,"valueName":"search_term_string"}}],"inLanguage":"es"},{"@type":"Organization","@id":"https:\/\/realidadturistica.com\/realtur\/#organization","name":"Realidad Tur\u00edstica","url":"https:\/\/realidadturistica.com\/realtur\/","logo":{"@type":"ImageObject","inLanguage":"es","@id":"https:\/\/realidadturistica.com\/realtur\/#\/schema\/logo\/image\/","url":"https:\/\/realidadturistica.com\/realtur\/wp-content\/uploads\/2021\/12\/logotipo-realidad-turistica.png","contentUrl":"https:\/\/realidadturistica.com\/realtur\/wp-content\/uploads\/2021\/12\/logotipo-realidad-turistica.png","width":1382,"height":629,"caption":"Realidad Tur\u00edstica"},"image":{"@id":"https:\/\/realidadturistica.com\/realtur\/#\/schema\/logo\/image\/"},"sameAs":["https:\/\/www.facebook.com\/realidadturistica","https:\/\/www.instagram.com\/realidad_turistica\/"]},{"@type":"Person","@id":"https:\/\/realidadturistica.com\/realtur\/#\/schema\/person\/ade671191202490fcf08ab21590de73e","name":"Editor","image":{"@type":"ImageObject","inLanguage":"es","@id":"https:\/\/realidadturistica.com\/realtur\/wp-content\/uploads\/2023\/09\/Editor_avatar_1693668634-96x96.png","url":"https:\/\/realidadturistica.com\/realtur\/wp-content\/uploads\/2023\/09\/Editor_avatar_1693668634-96x96.png","contentUrl":"https:\/\/realidadturistica.com\/realtur\/wp-content\/uploads\/2023\/09\/Editor_avatar_1693668634-96x96.png","caption":"Editor"},"sameAs":["https:\/\/realidadturistica.com\/realtur"],"url":"https:\/\/realidadturistica.com\/realtur\/author\/editor2\/"}]}},"_links":{"self":[{"href":"https:\/\/realidadturistica.com\/realtur\/wp-json\/wp\/v2\/posts\/9492","targetHints":{"allow":["GET"]}}],"collection":[{"href":"https:\/\/realidadturistica.com\/realtur\/wp-json\/wp\/v2\/posts"}],"about":[{"href":"https:\/\/realidadturistica.com\/realtur\/wp-json\/wp\/v2\/types\/post"}],"author":[{"embeddable":true,"href":"https:\/\/realidadturistica.com\/realtur\/wp-json\/wp\/v2\/users\/2"}],"replies":[{"embeddable":true,"href":"https:\/\/realidadturistica.com\/realtur\/wp-json\/wp\/v2\/comments?post=9492"}],"version-history":[{"count":2,"href":"https:\/\/realidadturistica.com\/realtur\/wp-json\/wp\/v2\/posts\/9492\/revisions"}],"predecessor-version":[{"id":9499,"href":"https:\/\/realidadturistica.com\/realtur\/wp-json\/wp\/v2\/posts\/9492\/revisions\/9499"}],"wp:featuredmedia":[{"embeddable":true,"href":"https:\/\/realidadturistica.com\/realtur\/wp-json\/wp\/v2\/media\/9493"}],"wp:attachment":[{"href":"https:\/\/realidadturistica.com\/realtur\/wp-json\/wp\/v2\/media?parent=9492"}],"wp:term":[{"taxonomy":"category","embeddable":true,"href":"https:\/\/realidadturistica.com\/realtur\/wp-json\/wp\/v2\/categories?post=9492"},{"taxonomy":"post_tag","embeddable":true,"href":"https:\/\/realidadturistica.com\/realtur\/wp-json\/wp\/v2\/tags?post=9492"}],"curies":[{"name":"wp","href":"https:\/\/api.w.org\/{rel}","templated":true}]}}