{"id":9513,"date":"2025-04-28T01:46:27","date_gmt":"2025-04-28T01:46:27","guid":{"rendered":"https:\/\/realidadturistica.com\/realtur\/?p=9513"},"modified":"2025-04-28T01:46:31","modified_gmt":"2025-04-28T01:46:31","slug":"renacimiento-maya-posiciona-a-yucatan-en-el-tianguis-turistico-2025","status":"publish","type":"post","link":"https:\/\/realidadturistica.com\/realtur\/renacimiento-maya-posiciona-a-yucatan-en-el-tianguis-turistico-2025\/","title":{"rendered":"Renacimiento Maya posiciona a Yucat\u00e1n en el Tianguis Tur\u00edstico 2025"},"content":{"rendered":"\n<p class=\"wp-block-yoast-seo-estimated-reading-time yoast-reading-time__wrapper\"><span class=\"yoast-reading-time__icon\"><svg aria-hidden=\"true\" focusable=\"false\" data-icon=\"clock\" width=\"20\" height=\"20\" fill=\"none\" stroke=\"currentColor\" style=\"display:inline-block;vertical-align:-0.1em\" role=\"img\" xmlns=\"http:\/\/www.w3.org\/2000\/svg\" viewBox=\"0 0 24 24\"><path stroke-linecap=\"round\" stroke-linejoin=\"round\" stroke-width=\"2\" d=\"M12 8v4l3 3m6-3a9 9 0 11-18 0 9 9 0 0118 0z\"><\/path><\/svg><\/span><span class=\"yoast-reading-time__spacer\" style=\"display:inline-block;width:1em\"><\/span><span class=\"yoast-reading-time__descriptive-text\">Estimated reading time: <\/span><span class=\"yoast-reading-time__reading-time\">4<\/span><span class=\"yoast-reading-time__time-unit\"> minutos<\/span><\/p>\n\n\n\n<p>\u00b7&nbsp;&nbsp;&nbsp;&nbsp;&nbsp; Se programaron intensas jornadas de trabajo para promover la oferta tur\u00edstica. En ellas participan 40 expositores entre empresas y organizaciones del ramo, as\u00ed como cinco municipios en los que destacan los Pueblos M\u00e1gicos de Valladolid, Motul y Man\u00ed.<\/p>\n\n\n\n<p>Con el objetivo de fortalecer el intercambio tur\u00edstico y comercial destacando la riqueza y diversidad de los atractivos de Yucat\u00e1n, el Gobierno del Renacimiento Maya de Joaqu\u00edn D\u00edaz Mena representar\u00e1 con orgullo al estado durante la 49 edici\u00f3n del Tianguis Tur\u00edstico 2025, que se llevar\u00e1 a cabo del 28 de abril al 1 de mayo en el Baja California Center, en Playas de Rosarito.<\/p>\n\n\n\n<figure class=\"wp-block-gallery has-nested-images columns-default is-cropped wp-block-gallery-1 is-layout-flex wp-block-gallery-is-layout-flex\">\n<figure class=\"wp-block-image size-large\"><img fetchpriority=\"high\" decoding=\"async\" width=\"1024\" height=\"682\" data-id=\"9515\" src=\"https:\/\/realidadturistica.com\/realtur\/wp-content\/uploads\/2025\/04\/Unknown-1024x682.jpeg\" alt=\"\" class=\"wp-image-9515\" srcset=\"https:\/\/realidadturistica.com\/realtur\/wp-content\/uploads\/2025\/04\/Unknown-1024x682.jpeg 1024w, https:\/\/realidadturistica.com\/realtur\/wp-content\/uploads\/2025\/04\/Unknown-300x200.jpeg 300w, https:\/\/realidadturistica.com\/realtur\/wp-content\/uploads\/2025\/04\/Unknown-768x512.jpeg 768w, https:\/\/realidadturistica.com\/realtur\/wp-content\/uploads\/2025\/04\/Unknown-1536x1023.jpeg 1536w, https:\/\/realidadturistica.com\/realtur\/wp-content\/uploads\/2025\/04\/Unknown-1170x780.jpeg 1170w, https:\/\/realidadturistica.com\/realtur\/wp-content\/uploads\/2025\/04\/Unknown-585x390.jpeg 585w, https:\/\/realidadturistica.com\/realtur\/wp-content\/uploads\/2025\/04\/Unknown-263x175.jpeg 263w, https:\/\/realidadturistica.com\/realtur\/wp-content\/uploads\/2025\/04\/Unknown.jpeg 1600w\" sizes=\"(max-width: 1024px) 100vw, 1024px\" \/><\/figure>\n\n\n\n<figure class=\"wp-block-image size-large\"><img decoding=\"async\" width=\"1024\" height=\"682\" data-id=\"9516\" src=\"https:\/\/realidadturistica.com\/realtur\/wp-content\/uploads\/2025\/04\/Unknown1-1024x682.jpeg\" alt=\"\" class=\"wp-image-9516\" srcset=\"https:\/\/realidadturistica.com\/realtur\/wp-content\/uploads\/2025\/04\/Unknown1-1024x682.jpeg 1024w, https:\/\/realidadturistica.com\/realtur\/wp-content\/uploads\/2025\/04\/Unknown1-300x200.jpeg 300w, https:\/\/realidadturistica.com\/realtur\/wp-content\/uploads\/2025\/04\/Unknown1-768x512.jpeg 768w, https:\/\/realidadturistica.com\/realtur\/wp-content\/uploads\/2025\/04\/Unknown1-1536x1023.jpeg 1536w, https:\/\/realidadturistica.com\/realtur\/wp-content\/uploads\/2025\/04\/Unknown1-1170x780.jpeg 1170w, https:\/\/realidadturistica.com\/realtur\/wp-content\/uploads\/2025\/04\/Unknown1-585x390.jpeg 585w, https:\/\/realidadturistica.com\/realtur\/wp-content\/uploads\/2025\/04\/Unknown1-263x175.jpeg 263w, https:\/\/realidadturistica.com\/realtur\/wp-content\/uploads\/2025\/04\/Unknown1.jpeg 1600w\" sizes=\"(max-width: 1024px) 100vw, 1024px\" \/><\/figure>\n<\/figure>\n\n\n\n<p>Este a\u00f1o ser\u00e1 el primero con un componente binacional, teniendo como invitado especial a San Diego, California, Estados Unidos, ciudad donde Yucat\u00e1n estar\u00e1 presente con los mejores exponentes de sus artesan\u00edas.<\/p>\n\n\n\n<p>Para promover la oferta tur\u00edstica se programaron intensas jornadas de trabajo en las que participan 40 expositores entre empresas y organizaciones del ramo, as\u00ed como cinco municipios en los que destacan los Pueblos M\u00e1gicos de Valladolid, Motul y Man\u00ed.<\/p>\n\n\n\n<p>El Gobierno del Estado, a trav\u00e9s de la Secretar\u00eda de Fomento Tur\u00edstico (SEFOTUR), coordina la participaci\u00f3n de la delegaci\u00f3n que integra el Pabell\u00f3n Yucat\u00e1n, el cual ser\u00e1 inaugurado oficialmente por el Gobernador D\u00edaz Mena el pr\u00f3ximo 29 de abril a las 11:00 horas, donde se prev\u00e9 la participaci\u00f3n del titular de SEFOTUR, Dar\u00edo Flota Ocampo, y el director del Patronato Cultur, Clemente Escalante Alcocer, as\u00ed como los expositores de la entidad.<\/p>\n\n\n\n<p>El d\u00eda anterior, el 28 de abril, se realizar\u00e1 el corte del list\u00f3n inaugural del Tianguis Tur\u00edstico 2025 y las autoridades federales y estatales har\u00e1n un recorrido coordinado por la entidad anfitriona, Baja California.<\/p>\n\n\n\n<p>En el marco de del Tianguis Tur\u00edstico se programaron m\u00e1s 100 acciones comerciales, entre citas de negocios, firmas de convenios y acuerdos con importantes empresas nacionales e internacionales como Volaris, Expedia Group, Travel Shop, W2M del grupo Iberostar y PriceTravel.<\/p>\n\n\n\n<p>Asimismo, la delegaci\u00f3n participar\u00e1 en eventos especiales, reuniones y entrevistas con medios de comunicaci\u00f3n para difundir a Yucat\u00e1n como destino cultural, gastron\u00f3mico, arqueol\u00f3gico, de playa, naturaleza, romance, de convenciones y turismo de alta gama, entre otros segmentos.<\/p>\n\n\n\n<p>Como parte de la comitiva de Yucat\u00e1n, participan los municipios de Valladolid, Man\u00ed, Motul, Tizim\u00edn y M\u00e9rida, confirmando la presencia de los alcaldes de la capital yucateca, Cecilia Patr\u00f3n Laviada, y de Valladolid, Homero Novelo Burgos.<\/p>\n\n\n\n<p>Asisten cinco organizaciones empresariales: la Asociaci\u00f3n Mexicana de Hoteles en Yucat\u00e1n A. C. (AMHY), la Asociaci\u00f3n de Agencias Promotoras de Turismo en Yucat\u00e1n (APROTUY), Canaco Servytur M\u00e9rida, Asociaci\u00f3n de Hoteles y Hostales de Valladolid y el Consejo Empresarial Tur\u00edstico de Yucat\u00e1n (CETUR).<\/p>\n\n\n\n<p>En la delegaci\u00f3n destaca la participaci\u00f3n de tres touroperadoras, tres empresas de ecoturismo, tres haciendas, tres compa\u00f1\u00edas de transporte y 17 hoteles.<\/p>\n\n\n\n<figure class=\"wp-block-gallery has-nested-images columns-default is-cropped wp-block-gallery-2 is-layout-flex wp-block-gallery-is-layout-flex\">\n<figure class=\"wp-block-image size-large\"><img decoding=\"async\" width=\"1024\" height=\"682\" data-id=\"9517\" src=\"https:\/\/realidadturistica.com\/realtur\/wp-content\/uploads\/2025\/04\/Unknown3-1024x682.jpeg\" alt=\"\" class=\"wp-image-9517\" srcset=\"https:\/\/realidadturistica.com\/realtur\/wp-content\/uploads\/2025\/04\/Unknown3-1024x682.jpeg 1024w, https:\/\/realidadturistica.com\/realtur\/wp-content\/uploads\/2025\/04\/Unknown3-300x200.jpeg 300w, https:\/\/realidadturistica.com\/realtur\/wp-content\/uploads\/2025\/04\/Unknown3-768x512.jpeg 768w, https:\/\/realidadturistica.com\/realtur\/wp-content\/uploads\/2025\/04\/Unknown3-1536x1023.jpeg 1536w, https:\/\/realidadturistica.com\/realtur\/wp-content\/uploads\/2025\/04\/Unknown3-1170x780.jpeg 1170w, https:\/\/realidadturistica.com\/realtur\/wp-content\/uploads\/2025\/04\/Unknown3-585x390.jpeg 585w, https:\/\/realidadturistica.com\/realtur\/wp-content\/uploads\/2025\/04\/Unknown3-263x175.jpeg 263w, https:\/\/realidadturistica.com\/realtur\/wp-content\/uploads\/2025\/04\/Unknown3.jpeg 1600w\" sizes=\"(max-width: 1024px) 100vw, 1024px\" \/><\/figure>\n\n\n\n<figure class=\"wp-block-image size-large\"><img loading=\"lazy\" decoding=\"async\" width=\"1024\" height=\"682\" data-id=\"9518\" src=\"https:\/\/realidadturistica.com\/realtur\/wp-content\/uploads\/2025\/04\/Unknown4-1024x682.jpeg\" alt=\"\" class=\"wp-image-9518\" srcset=\"https:\/\/realidadturistica.com\/realtur\/wp-content\/uploads\/2025\/04\/Unknown4-1024x682.jpeg 1024w, https:\/\/realidadturistica.com\/realtur\/wp-content\/uploads\/2025\/04\/Unknown4-300x200.jpeg 300w, https:\/\/realidadturistica.com\/realtur\/wp-content\/uploads\/2025\/04\/Unknown4-768x512.jpeg 768w, https:\/\/realidadturistica.com\/realtur\/wp-content\/uploads\/2025\/04\/Unknown4-1536x1023.jpeg 1536w, https:\/\/realidadturistica.com\/realtur\/wp-content\/uploads\/2025\/04\/Unknown4-1170x780.jpeg 1170w, https:\/\/realidadturistica.com\/realtur\/wp-content\/uploads\/2025\/04\/Unknown4-585x390.jpeg 585w, https:\/\/realidadturistica.com\/realtur\/wp-content\/uploads\/2025\/04\/Unknown4-263x175.jpeg 263w, https:\/\/realidadturistica.com\/realtur\/wp-content\/uploads\/2025\/04\/Unknown4.jpeg 1600w\" sizes=\"(max-width: 1024px) 100vw, 1024px\" \/><\/figure>\n\n\n\n<figure class=\"wp-block-image size-large\"><img loading=\"lazy\" decoding=\"async\" width=\"1024\" height=\"680\" data-id=\"9519\" src=\"https:\/\/realidadturistica.com\/realtur\/wp-content\/uploads\/2025\/04\/Unknown5-1024x680.jpeg\" alt=\"\" class=\"wp-image-9519\" srcset=\"https:\/\/realidadturistica.com\/realtur\/wp-content\/uploads\/2025\/04\/Unknown5-1024x680.jpeg 1024w, https:\/\/realidadturistica.com\/realtur\/wp-content\/uploads\/2025\/04\/Unknown5-300x199.jpeg 300w, https:\/\/realidadturistica.com\/realtur\/wp-content\/uploads\/2025\/04\/Unknown5-768x510.jpeg 768w, https:\/\/realidadturistica.com\/realtur\/wp-content\/uploads\/2025\/04\/Unknown5-1536x1020.jpeg 1536w, https:\/\/realidadturistica.com\/realtur\/wp-content\/uploads\/2025\/04\/Unknown5-1170x777.jpeg 1170w, https:\/\/realidadturistica.com\/realtur\/wp-content\/uploads\/2025\/04\/Unknown5-585x388.jpeg 585w, https:\/\/realidadturistica.com\/realtur\/wp-content\/uploads\/2025\/04\/Unknown5-263x175.jpeg 263w, https:\/\/realidadturistica.com\/realtur\/wp-content\/uploads\/2025\/04\/Unknown5.jpeg 1600w\" sizes=\"(max-width: 1024px) 100vw, 1024px\" \/><\/figure>\n<\/figure>\n\n\n\n<p>Este encuentro es el evento m\u00e1s relevante del sector en M\u00e9xico y Latinoam\u00e9rica, en el que los 32 estados promueven su gran variedad de productos tur\u00edsticos a trav\u00e9s de un foro de negocios, donde compradores y expositores se conectan mediante citas preestablecidas, generando oportunidades comerciales estrat\u00e9gicas para el crecimiento de la industria.<\/p>\n\n\n\n<p>En esta edici\u00f3n participar\u00e1n m\u00e1s de mil 500 compradores y m\u00e1s de mil 035 empresas de 43 pa\u00edses, el 40 por ciento provenientes de Estados Unidos y Canad\u00e1, que dar\u00e1n pie a 70 mil citas de negocios. Se estima una afluencia diaria de 10 mil personas, que generar\u00e1n una derrama econ\u00f3mica de mil 380 millones de pesos.<\/p>\n\n\n\n<p>Sefotur.<\/p>\n","protected":false},"excerpt":{"rendered":"<p>\u00b7&nbsp;&nbsp;&nbsp;&nbsp;&nbsp; Se programaron intensas jornadas de trabajo para promover la oferta tur\u00edstica. En ellas participan 40 expositores entre empresas y organizaciones del ramo, as\u00ed como&hellip;<\/p>\n","protected":false},"author":2,"featured_media":9514,"comment_status":"open","ping_status":"closed","sticky":false,"template":"","format":"standard","meta":{"content-type":"","_lmt_disableupdate":"","_lmt_disable":"","footnotes":""},"categories":[6],"tags":[],"class_list":["post-9513","post","type-post","status-publish","format-standard","has-post-thumbnail","hentry","category-turismo"],"yoast_head":"<!-- This site is optimized with the Yoast SEO Premium plugin v27.4 (Yoast SEO v27.4) - https:\/\/yoast.com\/product\/yoast-seo-premium-wordpress\/ -->\n<title>Renacimiento Maya posiciona a Yucat\u00e1n en el Tianguis Tur\u00edstico 2025 - Realidad Tur\u00edstica<\/title>\n<meta name=\"robots\" content=\"index, follow, max-snippet:-1, max-image-preview:large, max-video-preview:-1\" \/>\n<link rel=\"canonical\" href=\"https:\/\/realidadturistica.com\/realtur\/renacimiento-maya-posiciona-a-yucatan-en-el-tianguis-turistico-2025\/\" \/>\n<meta property=\"og:locale\" content=\"es_ES\" \/>\n<meta property=\"og:type\" content=\"article\" \/>\n<meta property=\"og:title\" content=\"Renacimiento Maya posiciona a Yucat\u00e1n en el Tianguis Tur\u00edstico 2025\" \/>\n<meta property=\"og:description\" content=\"\u00b7&nbsp;&nbsp;&nbsp;&nbsp;&nbsp; Se programaron intensas jornadas de trabajo para promover la oferta tur\u00edstica. En ellas participan 40 expositores entre empresas y organizaciones del ramo, as\u00ed como&hellip;\" \/>\n<meta property=\"og:url\" content=\"https:\/\/realidadturistica.com\/realtur\/renacimiento-maya-posiciona-a-yucatan-en-el-tianguis-turistico-2025\/\" \/>\n<meta property=\"og:site_name\" content=\"Realidad Tur\u00edstica\" \/>\n<meta property=\"article:publisher\" content=\"https:\/\/www.facebook.com\/realidadturistica\" \/>\n<meta property=\"article:published_time\" content=\"2025-04-28T01:46:27+00:00\" \/>\n<meta property=\"article:modified_time\" content=\"2025-04-28T01:46:31+00:00\" \/>\n<meta property=\"og:image\" content=\"https:\/\/realidadturistica.com\/realtur\/wp-content\/uploads\/2025\/04\/Unknown2.jpeg\" \/>\n\t<meta property=\"og:image:width\" content=\"1600\" \/>\n\t<meta property=\"og:image:height\" content=\"1066\" \/>\n\t<meta property=\"og:image:type\" content=\"image\/jpeg\" \/>\n<meta name=\"author\" content=\"Editor\" \/>\n<meta name=\"twitter:card\" content=\"summary_large_image\" \/>\n<meta name=\"twitter:label1\" content=\"Escrito por\" \/>\n\t<meta name=\"twitter:data1\" content=\"Editor\" \/>\n\t<meta name=\"twitter:label2\" content=\"Tiempo de lectura\" \/>\n\t<meta name=\"twitter:data2\" content=\"4 minutos\" \/>\n<script type=\"application\/ld+json\" class=\"yoast-schema-graph\">{\"@context\":\"https:\\\/\\\/schema.org\",\"@graph\":[{\"@type\":\"Article\",\"@id\":\"https:\\\/\\\/realidadturistica.com\\\/realtur\\\/renacimiento-maya-posiciona-a-yucatan-en-el-tianguis-turistico-2025\\\/#article\",\"isPartOf\":{\"@id\":\"https:\\\/\\\/realidadturistica.com\\\/realtur\\\/renacimiento-maya-posiciona-a-yucatan-en-el-tianguis-turistico-2025\\\/\"},\"author\":{\"name\":\"Editor\",\"@id\":\"https:\\\/\\\/realidadturistica.com\\\/realtur\\\/#\\\/schema\\\/person\\\/ade671191202490fcf08ab21590de73e\"},\"headline\":\"Renacimiento Maya posiciona a Yucat\u00e1n en el Tianguis Tur\u00edstico 2025\",\"datePublished\":\"2025-04-28T01:46:27+00:00\",\"dateModified\":\"2025-04-28T01:46:31+00:00\",\"mainEntityOfPage\":{\"@id\":\"https:\\\/\\\/realidadturistica.com\\\/realtur\\\/renacimiento-maya-posiciona-a-yucatan-en-el-tianguis-turistico-2025\\\/\"},\"wordCount\":629,\"commentCount\":0,\"publisher\":{\"@id\":\"https:\\\/\\\/realidadturistica.com\\\/realtur\\\/#organization\"},\"image\":{\"@id\":\"https:\\\/\\\/realidadturistica.com\\\/realtur\\\/renacimiento-maya-posiciona-a-yucatan-en-el-tianguis-turistico-2025\\\/#primaryimage\"},\"thumbnailUrl\":\"https:\\\/\\\/realidadturistica.com\\\/realtur\\\/wp-content\\\/uploads\\\/2025\\\/04\\\/Unknown2.jpeg\",\"articleSection\":[\"Turismo\"],\"inLanguage\":\"es\",\"potentialAction\":[{\"@type\":\"CommentAction\",\"name\":\"Comment\",\"target\":[\"https:\\\/\\\/realidadturistica.com\\\/realtur\\\/renacimiento-maya-posiciona-a-yucatan-en-el-tianguis-turistico-2025\\\/#respond\"]}]},{\"@type\":\"WebPage\",\"@id\":\"https:\\\/\\\/realidadturistica.com\\\/realtur\\\/renacimiento-maya-posiciona-a-yucatan-en-el-tianguis-turistico-2025\\\/\",\"url\":\"https:\\\/\\\/realidadturistica.com\\\/realtur\\\/renacimiento-maya-posiciona-a-yucatan-en-el-tianguis-turistico-2025\\\/\",\"name\":\"Renacimiento Maya posiciona a Yucat\u00e1n en el Tianguis Tur\u00edstico 2025 - Realidad Tur\u00edstica\",\"isPartOf\":{\"@id\":\"https:\\\/\\\/realidadturistica.com\\\/realtur\\\/#website\"},\"primaryImageOfPage\":{\"@id\":\"https:\\\/\\\/realidadturistica.com\\\/realtur\\\/renacimiento-maya-posiciona-a-yucatan-en-el-tianguis-turistico-2025\\\/#primaryimage\"},\"image\":{\"@id\":\"https:\\\/\\\/realidadturistica.com\\\/realtur\\\/renacimiento-maya-posiciona-a-yucatan-en-el-tianguis-turistico-2025\\\/#primaryimage\"},\"thumbnailUrl\":\"https:\\\/\\\/realidadturistica.com\\\/realtur\\\/wp-content\\\/uploads\\\/2025\\\/04\\\/Unknown2.jpeg\",\"datePublished\":\"2025-04-28T01:46:27+00:00\",\"dateModified\":\"2025-04-28T01:46:31+00:00\",\"breadcrumb\":{\"@id\":\"https:\\\/\\\/realidadturistica.com\\\/realtur\\\/renacimiento-maya-posiciona-a-yucatan-en-el-tianguis-turistico-2025\\\/#breadcrumb\"},\"inLanguage\":\"es\",\"potentialAction\":[{\"@type\":\"ReadAction\",\"target\":[\"https:\\\/\\\/realidadturistica.com\\\/realtur\\\/renacimiento-maya-posiciona-a-yucatan-en-el-tianguis-turistico-2025\\\/\"]}]},{\"@type\":\"ImageObject\",\"inLanguage\":\"es\",\"@id\":\"https:\\\/\\\/realidadturistica.com\\\/realtur\\\/renacimiento-maya-posiciona-a-yucatan-en-el-tianguis-turistico-2025\\\/#primaryimage\",\"url\":\"https:\\\/\\\/realidadturistica.com\\\/realtur\\\/wp-content\\\/uploads\\\/2025\\\/04\\\/Unknown2.jpeg\",\"contentUrl\":\"https:\\\/\\\/realidadturistica.com\\\/realtur\\\/wp-content\\\/uploads\\\/2025\\\/04\\\/Unknown2.jpeg\",\"width\":1600,\"height\":1066},{\"@type\":\"BreadcrumbList\",\"@id\":\"https:\\\/\\\/realidadturistica.com\\\/realtur\\\/renacimiento-maya-posiciona-a-yucatan-en-el-tianguis-turistico-2025\\\/#breadcrumb\",\"itemListElement\":[{\"@type\":\"ListItem\",\"position\":1,\"name\":\"Portada\",\"item\":\"https:\\\/\\\/realidadturistica.com\\\/realtur\\\/\"},{\"@type\":\"ListItem\",\"position\":2,\"name\":\"Renacimiento Maya posiciona a Yucat\u00e1n en el Tianguis Tur\u00edstico 2025\"}]},{\"@type\":\"WebSite\",\"@id\":\"https:\\\/\\\/realidadturistica.com\\\/realtur\\\/#website\",\"url\":\"https:\\\/\\\/realidadturistica.com\\\/realtur\\\/\",\"name\":\"Realidad Tur\u00edstica\",\"description\":\"\",\"publisher\":{\"@id\":\"https:\\\/\\\/realidadturistica.com\\\/realtur\\\/#organization\"},\"potentialAction\":[{\"@type\":\"SearchAction\",\"target\":{\"@type\":\"EntryPoint\",\"urlTemplate\":\"https:\\\/\\\/realidadturistica.com\\\/realtur\\\/?s={search_term_string}\"},\"query-input\":{\"@type\":\"PropertyValueSpecification\",\"valueRequired\":true,\"valueName\":\"search_term_string\"}}],\"inLanguage\":\"es\"},{\"@type\":\"Organization\",\"@id\":\"https:\\\/\\\/realidadturistica.com\\\/realtur\\\/#organization\",\"name\":\"Realidad Tur\u00edstica\",\"url\":\"https:\\\/\\\/realidadturistica.com\\\/realtur\\\/\",\"logo\":{\"@type\":\"ImageObject\",\"inLanguage\":\"es\",\"@id\":\"https:\\\/\\\/realidadturistica.com\\\/realtur\\\/#\\\/schema\\\/logo\\\/image\\\/\",\"url\":\"https:\\\/\\\/realidadturistica.com\\\/realtur\\\/wp-content\\\/uploads\\\/2021\\\/12\\\/logotipo-realidad-turistica.png\",\"contentUrl\":\"https:\\\/\\\/realidadturistica.com\\\/realtur\\\/wp-content\\\/uploads\\\/2021\\\/12\\\/logotipo-realidad-turistica.png\",\"width\":1382,\"height\":629,\"caption\":\"Realidad Tur\u00edstica\"},\"image\":{\"@id\":\"https:\\\/\\\/realidadturistica.com\\\/realtur\\\/#\\\/schema\\\/logo\\\/image\\\/\"},\"sameAs\":[\"https:\\\/\\\/www.facebook.com\\\/realidadturistica\",\"https:\\\/\\\/www.instagram.com\\\/realidad_turistica\\\/\"]},{\"@type\":\"Person\",\"@id\":\"https:\\\/\\\/realidadturistica.com\\\/realtur\\\/#\\\/schema\\\/person\\\/ade671191202490fcf08ab21590de73e\",\"name\":\"Editor\",\"image\":{\"@type\":\"ImageObject\",\"inLanguage\":\"es\",\"@id\":\"https:\\\/\\\/realidadturistica.com\\\/realtur\\\/wp-content\\\/uploads\\\/2023\\\/09\\\/Editor_avatar_1693668634-96x96.png\",\"url\":\"https:\\\/\\\/realidadturistica.com\\\/realtur\\\/wp-content\\\/uploads\\\/2023\\\/09\\\/Editor_avatar_1693668634-96x96.png\",\"contentUrl\":\"https:\\\/\\\/realidadturistica.com\\\/realtur\\\/wp-content\\\/uploads\\\/2023\\\/09\\\/Editor_avatar_1693668634-96x96.png\",\"caption\":\"Editor\"},\"sameAs\":[\"https:\\\/\\\/realidadturistica.com\\\/realtur\"],\"url\":\"https:\\\/\\\/realidadturistica.com\\\/realtur\\\/author\\\/editor2\\\/\"}]}<\/script>\n<!-- \/ Yoast SEO Premium plugin. -->","yoast_head_json":{"title":"Renacimiento Maya posiciona a Yucat\u00e1n en el Tianguis Tur\u00edstico 2025 - Realidad Tur\u00edstica","robots":{"index":"index","follow":"follow","max-snippet":"max-snippet:-1","max-image-preview":"max-image-preview:large","max-video-preview":"max-video-preview:-1"},"canonical":"https:\/\/realidadturistica.com\/realtur\/renacimiento-maya-posiciona-a-yucatan-en-el-tianguis-turistico-2025\/","og_locale":"es_ES","og_type":"article","og_title":"Renacimiento Maya posiciona a Yucat\u00e1n en el Tianguis Tur\u00edstico 2025","og_description":"\u00b7&nbsp;&nbsp;&nbsp;&nbsp;&nbsp; Se programaron intensas jornadas de trabajo para promover la oferta tur\u00edstica. En ellas participan 40 expositores entre empresas y organizaciones del ramo, as\u00ed como&hellip;","og_url":"https:\/\/realidadturistica.com\/realtur\/renacimiento-maya-posiciona-a-yucatan-en-el-tianguis-turistico-2025\/","og_site_name":"Realidad Tur\u00edstica","article_publisher":"https:\/\/www.facebook.com\/realidadturistica","article_published_time":"2025-04-28T01:46:27+00:00","article_modified_time":"2025-04-28T01:46:31+00:00","og_image":[{"width":1600,"height":1066,"url":"https:\/\/realidadturistica.com\/realtur\/wp-content\/uploads\/2025\/04\/Unknown2.jpeg","type":"image\/jpeg"}],"author":"Editor","twitter_card":"summary_large_image","twitter_misc":{"Escrito por":"Editor","Tiempo de lectura":"4 minutos"},"schema":{"@context":"https:\/\/schema.org","@graph":[{"@type":"Article","@id":"https:\/\/realidadturistica.com\/realtur\/renacimiento-maya-posiciona-a-yucatan-en-el-tianguis-turistico-2025\/#article","isPartOf":{"@id":"https:\/\/realidadturistica.com\/realtur\/renacimiento-maya-posiciona-a-yucatan-en-el-tianguis-turistico-2025\/"},"author":{"name":"Editor","@id":"https:\/\/realidadturistica.com\/realtur\/#\/schema\/person\/ade671191202490fcf08ab21590de73e"},"headline":"Renacimiento Maya posiciona a Yucat\u00e1n en el Tianguis Tur\u00edstico 2025","datePublished":"2025-04-28T01:46:27+00:00","dateModified":"2025-04-28T01:46:31+00:00","mainEntityOfPage":{"@id":"https:\/\/realidadturistica.com\/realtur\/renacimiento-maya-posiciona-a-yucatan-en-el-tianguis-turistico-2025\/"},"wordCount":629,"commentCount":0,"publisher":{"@id":"https:\/\/realidadturistica.com\/realtur\/#organization"},"image":{"@id":"https:\/\/realidadturistica.com\/realtur\/renacimiento-maya-posiciona-a-yucatan-en-el-tianguis-turistico-2025\/#primaryimage"},"thumbnailUrl":"https:\/\/realidadturistica.com\/realtur\/wp-content\/uploads\/2025\/04\/Unknown2.jpeg","articleSection":["Turismo"],"inLanguage":"es","potentialAction":[{"@type":"CommentAction","name":"Comment","target":["https:\/\/realidadturistica.com\/realtur\/renacimiento-maya-posiciona-a-yucatan-en-el-tianguis-turistico-2025\/#respond"]}]},{"@type":"WebPage","@id":"https:\/\/realidadturistica.com\/realtur\/renacimiento-maya-posiciona-a-yucatan-en-el-tianguis-turistico-2025\/","url":"https:\/\/realidadturistica.com\/realtur\/renacimiento-maya-posiciona-a-yucatan-en-el-tianguis-turistico-2025\/","name":"Renacimiento Maya posiciona a Yucat\u00e1n en el Tianguis Tur\u00edstico 2025 - Realidad Tur\u00edstica","isPartOf":{"@id":"https:\/\/realidadturistica.com\/realtur\/#website"},"primaryImageOfPage":{"@id":"https:\/\/realidadturistica.com\/realtur\/renacimiento-maya-posiciona-a-yucatan-en-el-tianguis-turistico-2025\/#primaryimage"},"image":{"@id":"https:\/\/realidadturistica.com\/realtur\/renacimiento-maya-posiciona-a-yucatan-en-el-tianguis-turistico-2025\/#primaryimage"},"thumbnailUrl":"https:\/\/realidadturistica.com\/realtur\/wp-content\/uploads\/2025\/04\/Unknown2.jpeg","datePublished":"2025-04-28T01:46:27+00:00","dateModified":"2025-04-28T01:46:31+00:00","breadcrumb":{"@id":"https:\/\/realidadturistica.com\/realtur\/renacimiento-maya-posiciona-a-yucatan-en-el-tianguis-turistico-2025\/#breadcrumb"},"inLanguage":"es","potentialAction":[{"@type":"ReadAction","target":["https:\/\/realidadturistica.com\/realtur\/renacimiento-maya-posiciona-a-yucatan-en-el-tianguis-turistico-2025\/"]}]},{"@type":"ImageObject","inLanguage":"es","@id":"https:\/\/realidadturistica.com\/realtur\/renacimiento-maya-posiciona-a-yucatan-en-el-tianguis-turistico-2025\/#primaryimage","url":"https:\/\/realidadturistica.com\/realtur\/wp-content\/uploads\/2025\/04\/Unknown2.jpeg","contentUrl":"https:\/\/realidadturistica.com\/realtur\/wp-content\/uploads\/2025\/04\/Unknown2.jpeg","width":1600,"height":1066},{"@type":"BreadcrumbList","@id":"https:\/\/realidadturistica.com\/realtur\/renacimiento-maya-posiciona-a-yucatan-en-el-tianguis-turistico-2025\/#breadcrumb","itemListElement":[{"@type":"ListItem","position":1,"name":"Portada","item":"https:\/\/realidadturistica.com\/realtur\/"},{"@type":"ListItem","position":2,"name":"Renacimiento Maya posiciona a Yucat\u00e1n en el Tianguis Tur\u00edstico 2025"}]},{"@type":"WebSite","@id":"https:\/\/realidadturistica.com\/realtur\/#website","url":"https:\/\/realidadturistica.com\/realtur\/","name":"Realidad Tur\u00edstica","description":"","publisher":{"@id":"https:\/\/realidadturistica.com\/realtur\/#organization"},"potentialAction":[{"@type":"SearchAction","target":{"@type":"EntryPoint","urlTemplate":"https:\/\/realidadturistica.com\/realtur\/?s={search_term_string}"},"query-input":{"@type":"PropertyValueSpecification","valueRequired":true,"valueName":"search_term_string"}}],"inLanguage":"es"},{"@type":"Organization","@id":"https:\/\/realidadturistica.com\/realtur\/#organization","name":"Realidad Tur\u00edstica","url":"https:\/\/realidadturistica.com\/realtur\/","logo":{"@type":"ImageObject","inLanguage":"es","@id":"https:\/\/realidadturistica.com\/realtur\/#\/schema\/logo\/image\/","url":"https:\/\/realidadturistica.com\/realtur\/wp-content\/uploads\/2021\/12\/logotipo-realidad-turistica.png","contentUrl":"https:\/\/realidadturistica.com\/realtur\/wp-content\/uploads\/2021\/12\/logotipo-realidad-turistica.png","width":1382,"height":629,"caption":"Realidad Tur\u00edstica"},"image":{"@id":"https:\/\/realidadturistica.com\/realtur\/#\/schema\/logo\/image\/"},"sameAs":["https:\/\/www.facebook.com\/realidadturistica","https:\/\/www.instagram.com\/realidad_turistica\/"]},{"@type":"Person","@id":"https:\/\/realidadturistica.com\/realtur\/#\/schema\/person\/ade671191202490fcf08ab21590de73e","name":"Editor","image":{"@type":"ImageObject","inLanguage":"es","@id":"https:\/\/realidadturistica.com\/realtur\/wp-content\/uploads\/2023\/09\/Editor_avatar_1693668634-96x96.png","url":"https:\/\/realidadturistica.com\/realtur\/wp-content\/uploads\/2023\/09\/Editor_avatar_1693668634-96x96.png","contentUrl":"https:\/\/realidadturistica.com\/realtur\/wp-content\/uploads\/2023\/09\/Editor_avatar_1693668634-96x96.png","caption":"Editor"},"sameAs":["https:\/\/realidadturistica.com\/realtur"],"url":"https:\/\/realidadturistica.com\/realtur\/author\/editor2\/"}]}},"_links":{"self":[{"href":"https:\/\/realidadturistica.com\/realtur\/wp-json\/wp\/v2\/posts\/9513","targetHints":{"allow":["GET"]}}],"collection":[{"href":"https:\/\/realidadturistica.com\/realtur\/wp-json\/wp\/v2\/posts"}],"about":[{"href":"https:\/\/realidadturistica.com\/realtur\/wp-json\/wp\/v2\/types\/post"}],"author":[{"embeddable":true,"href":"https:\/\/realidadturistica.com\/realtur\/wp-json\/wp\/v2\/users\/2"}],"replies":[{"embeddable":true,"href":"https:\/\/realidadturistica.com\/realtur\/wp-json\/wp\/v2\/comments?post=9513"}],"version-history":[{"count":1,"href":"https:\/\/realidadturistica.com\/realtur\/wp-json\/wp\/v2\/posts\/9513\/revisions"}],"predecessor-version":[{"id":9520,"href":"https:\/\/realidadturistica.com\/realtur\/wp-json\/wp\/v2\/posts\/9513\/revisions\/9520"}],"wp:featuredmedia":[{"embeddable":true,"href":"https:\/\/realidadturistica.com\/realtur\/wp-json\/wp\/v2\/media\/9514"}],"wp:attachment":[{"href":"https:\/\/realidadturistica.com\/realtur\/wp-json\/wp\/v2\/media?parent=9513"}],"wp:term":[{"taxonomy":"category","embeddable":true,"href":"https:\/\/realidadturistica.com\/realtur\/wp-json\/wp\/v2\/categories?post=9513"},{"taxonomy":"post_tag","embeddable":true,"href":"https:\/\/realidadturistica.com\/realtur\/wp-json\/wp\/v2\/tags?post=9513"}],"curies":[{"name":"wp","href":"https:\/\/api.w.org\/{rel}","templated":true}]}}