{"id":9965,"date":"2025-06-04T17:48:21","date_gmt":"2025-06-04T17:48:21","guid":{"rendered":"https:\/\/realidadturistica.com\/realtur\/?p=9965"},"modified":"2025-06-04T17:48:24","modified_gmt":"2025-06-04T17:48:24","slug":"yucatan-consolida-liderazgo-en-conectividad-aerea-y-turismo","status":"publish","type":"post","link":"https:\/\/realidadturistica.com\/realtur\/yucatan-consolida-liderazgo-en-conectividad-aerea-y-turismo\/","title":{"rendered":"Yucat\u00e1n consolida liderazgo en conectividad a\u00e9rea y turismo"},"content":{"rendered":"\n<p class=\"wp-block-yoast-seo-estimated-reading-time yoast-reading-time__wrapper\"><span class=\"yoast-reading-time__icon\"><svg aria-hidden=\"true\" focusable=\"false\" data-icon=\"clock\" width=\"20\" height=\"20\" fill=\"none\" stroke=\"currentColor\" style=\"display:inline-block;vertical-align:-0.1em\" role=\"img\" xmlns=\"http:\/\/www.w3.org\/2000\/svg\" viewBox=\"0 0 24 24\"><path stroke-linecap=\"round\" stroke-linejoin=\"round\" stroke-width=\"2\" d=\"M12 8v4l3 3m6-3a9 9 0 11-18 0 9 9 0 0118 0z\"><\/path><\/svg><\/span><span class=\"yoast-reading-time__spacer\" style=\"display:inline-block;width:1em\"><\/span><span class=\"yoast-reading-time__descriptive-text\">Estimated reading time: <\/span><span class=\"yoast-reading-time__reading-time\">3<\/span><span class=\"yoast-reading-time__time-unit\"> minutos<\/span><\/p>\n\n\n\n<p>\u00b7&nbsp;&nbsp;&nbsp;&nbsp;&nbsp; El estado recibi\u00f3 m\u00e1s de 1.2 millones de pasajeros en los primeros cuatro meses de 2025, reflejo de la estrategia tur\u00edstica impulsada por el Gobernador Joaqu\u00edn D\u00edaz Mena.<\/p>\n\n\n\n<p>Fruto de una estrategia integral de promoci\u00f3n y fortalecimiento de la conectividad a\u00e9rea, impulsada por la administraci\u00f3n que encabeza el Gobernador Joaqu\u00edn D\u00edaz Mena, Yucat\u00e1n contin\u00faa registrando cifras r\u00e9cord en el movimiento de pasajeros, al haber recibido 1 mill\u00f3n 239 mil 442 viajeros entre enero y abril de este a\u00f1o.<\/p>\n\n\n\n<p>Esta cifra representa un crecimiento del 3.7 % en comparaci\u00f3n con el mismo periodo de 2024, consolidando a Yucat\u00e1n como uno de los destinos m\u00e1s atractivos y mejor conectados del pa\u00eds.<\/p>\n\n\n\n<figure class=\"wp-block-image size-large\"><img fetchpriority=\"high\" decoding=\"async\" width=\"1024\" height=\"682\" src=\"https:\/\/realidadturistica.com\/realtur\/wp-content\/uploads\/2025\/06\/Unknown2-1-1024x682.jpeg\" alt=\"\" class=\"wp-image-9967\" srcset=\"https:\/\/realidadturistica.com\/realtur\/wp-content\/uploads\/2025\/06\/Unknown2-1-1024x682.jpeg 1024w, https:\/\/realidadturistica.com\/realtur\/wp-content\/uploads\/2025\/06\/Unknown2-1-300x200.jpeg 300w, https:\/\/realidadturistica.com\/realtur\/wp-content\/uploads\/2025\/06\/Unknown2-1-768x512.jpeg 768w, https:\/\/realidadturistica.com\/realtur\/wp-content\/uploads\/2025\/06\/Unknown2-1-1536x1024.jpeg 1536w, https:\/\/realidadturistica.com\/realtur\/wp-content\/uploads\/2025\/06\/Unknown2-1-2048x1365.jpeg 2048w, https:\/\/realidadturistica.com\/realtur\/wp-content\/uploads\/2025\/06\/Unknown2-1-1920x1280.jpeg 1920w, https:\/\/realidadturistica.com\/realtur\/wp-content\/uploads\/2025\/06\/Unknown2-1-1170x780.jpeg 1170w, https:\/\/realidadturistica.com\/realtur\/wp-content\/uploads\/2025\/06\/Unknown2-1-585x390.jpeg 585w, https:\/\/realidadturistica.com\/realtur\/wp-content\/uploads\/2025\/06\/Unknown2-1-263x175.jpeg 263w\" sizes=\"(max-width: 1024px) 100vw, 1024px\" \/><\/figure>\n\n\n\n<p>Este dinamismo en el flujo a\u00e9reo, que refleja la creciente actividad econ\u00f3mica y tur\u00edstica del estado, posicion\u00f3 al Aeropuerto Internacional de M\u00e9rida como el noveno con mayor movimiento total de pasajeros en el pa\u00eds y el s\u00e9ptimo en tr\u00e1fico de pasajeros nacionales durante dicho periodo.<\/p>\n\n\n\n<p>De acuerdo con datos proporcionados por la Secretar\u00eda de Fomento Tur\u00edstico (Sefotur), durante el reci\u00e9n concluido mes de mayo se registr\u00f3 un aumento en el n\u00famero de asientos promedio semanales en los vuelos de llegada, alcanzando un total de 44,975, lo que representa un incremento del 9.4 %. Del total semanal, 40,657 asientos correspondieron a vuelos nacionales y 4,318 a vuelos internacionales.<\/p>\n\n\n\n<p>Actualmente, Yucat\u00e1n cuenta con una s\u00f3lida red de conectividad a\u00e9rea integrada por 12 rutas nacionales que enlazan con ciudades clave como Ciudad de M\u00e9xico, Guadalajara, Monterrey, Oaxaca, Puebla y Veracruz, entre otras, as\u00ed como 7 rutas internacionales hacia destinos estrat\u00e9gicos como Miami, Houston, Dallas, La Habana, Guatemala y Toronto (temporal, de noviembre a abril).<\/p>\n\n\n\n<p>En total, en la terminal a\u00e9rea de M\u00e9rida operan nueve aerol\u00edneas: American Airlines, Aerom\u00e9xico, Magnicharters, Mexicana, United, Volaris, Viva Aerobus, Tag Airlines y WestJet.<\/p>\n\n\n\n<figure class=\"wp-block-image size-large\"><img decoding=\"async\" width=\"1024\" height=\"682\" src=\"https:\/\/realidadturistica.com\/realtur\/wp-content\/uploads\/2025\/06\/Unknown-1024x682.jpeg\" alt=\"\" class=\"wp-image-9968\" srcset=\"https:\/\/realidadturistica.com\/realtur\/wp-content\/uploads\/2025\/06\/Unknown-1024x682.jpeg 1024w, https:\/\/realidadturistica.com\/realtur\/wp-content\/uploads\/2025\/06\/Unknown-300x200.jpeg 300w, https:\/\/realidadturistica.com\/realtur\/wp-content\/uploads\/2025\/06\/Unknown-768x512.jpeg 768w, https:\/\/realidadturistica.com\/realtur\/wp-content\/uploads\/2025\/06\/Unknown-1536x1024.jpeg 1536w, https:\/\/realidadturistica.com\/realtur\/wp-content\/uploads\/2025\/06\/Unknown-2048x1365.jpeg 2048w, https:\/\/realidadturistica.com\/realtur\/wp-content\/uploads\/2025\/06\/Unknown-1920x1280.jpeg 1920w, https:\/\/realidadturistica.com\/realtur\/wp-content\/uploads\/2025\/06\/Unknown-1170x780.jpeg 1170w, https:\/\/realidadturistica.com\/realtur\/wp-content\/uploads\/2025\/06\/Unknown-585x390.jpeg 585w, https:\/\/realidadturistica.com\/realtur\/wp-content\/uploads\/2025\/06\/Unknown-263x175.jpeg 263w\" sizes=\"(max-width: 1024px) 100vw, 1024px\" \/><\/figure>\n\n\n\n<p>Estos resultados confirman que Yucat\u00e1n se consolida cada vez m\u00e1s como una de las principales preferencias de los viajeros nacionales e internacionales, lo que se traduce en un aumento en el n\u00famero de visitantes, una mejora en la pernocta promedio y una mayor derrama econ\u00f3mica en beneficio de las familias yucatecas que dependen de esta actividad.<\/p>\n\n\n\n<p>A trav\u00e9s de la Sefotur, el gobierno del Renacimiento Maya continuar\u00e1 fortaleciendo la conectividad a\u00e9rea para atraer m\u00e1s turistas y redoblar\u00e1 sus esfuerzos de promoci\u00f3n con el objetivo de abarcar nuevos mercados y generar un mayor flujo de visitantes hacia Yucat\u00e1n.<\/p>\n\n\n\n<p>Sefotur<\/p>\n","protected":false},"excerpt":{"rendered":"<p>\u00b7&nbsp;&nbsp;&nbsp;&nbsp;&nbsp; El estado recibi\u00f3 m\u00e1s de 1.2 millones de pasajeros en los primeros cuatro meses de 2025, reflejo de la estrategia tur\u00edstica impulsada por el&hellip;<\/p>\n","protected":false},"author":2,"featured_media":9966,"comment_status":"open","ping_status":"closed","sticky":false,"template":"","format":"standard","meta":{"content-type":"","_lmt_disableupdate":"","_lmt_disable":"","footnotes":""},"categories":[4],"tags":[],"class_list":["post-9965","post","type-post","status-publish","format-standard","has-post-thumbnail","hentry","category-destinos"],"yoast_head":"<!-- This site is optimized with the Yoast SEO Premium plugin v27.4 (Yoast SEO v27.5) - https:\/\/yoast.com\/product\/yoast-seo-premium-wordpress\/ -->\n<title>Yucat\u00e1n consolida liderazgo en conectividad a\u00e9rea y turismo - Realidad Tur\u00edstica<\/title>\n<meta name=\"robots\" content=\"index, follow, max-snippet:-1, max-image-preview:large, max-video-preview:-1\" \/>\n<link rel=\"canonical\" href=\"https:\/\/realidadturistica.com\/realtur\/yucatan-consolida-liderazgo-en-conectividad-aerea-y-turismo\/\" \/>\n<meta property=\"og:locale\" content=\"es_ES\" \/>\n<meta property=\"og:type\" content=\"article\" \/>\n<meta property=\"og:title\" content=\"Yucat\u00e1n consolida liderazgo en conectividad a\u00e9rea y turismo\" \/>\n<meta property=\"og:description\" content=\"\u00b7&nbsp;&nbsp;&nbsp;&nbsp;&nbsp; El estado recibi\u00f3 m\u00e1s de 1.2 millones de pasajeros en los primeros cuatro meses de 2025, reflejo de la estrategia tur\u00edstica impulsada por el&hellip;\" \/>\n<meta property=\"og:url\" content=\"https:\/\/realidadturistica.com\/realtur\/yucatan-consolida-liderazgo-en-conectividad-aerea-y-turismo\/\" \/>\n<meta property=\"og:site_name\" content=\"Realidad Tur\u00edstica\" \/>\n<meta property=\"article:publisher\" content=\"https:\/\/www.facebook.com\/realidadturistica\" \/>\n<meta property=\"article:published_time\" content=\"2025-06-04T17:48:21+00:00\" \/>\n<meta property=\"article:modified_time\" content=\"2025-06-04T17:48:24+00:00\" \/>\n<meta property=\"og:image\" content=\"https:\/\/realidadturistica.com\/realtur\/wp-content\/uploads\/2025\/06\/Unknown1-1.jpeg\" \/>\n\t<meta property=\"og:image:width\" content=\"2560\" \/>\n\t<meta property=\"og:image:height\" content=\"1706\" \/>\n\t<meta property=\"og:image:type\" content=\"image\/jpeg\" \/>\n<meta name=\"author\" content=\"Editor\" \/>\n<meta name=\"twitter:card\" content=\"summary_large_image\" \/>\n<meta name=\"twitter:label1\" content=\"Escrito por\" \/>\n\t<meta name=\"twitter:data1\" content=\"Editor\" \/>\n\t<meta name=\"twitter:label2\" content=\"Tiempo de lectura\" \/>\n\t<meta name=\"twitter:data2\" content=\"3 minutos\" \/>\n<script type=\"application\/ld+json\" class=\"yoast-schema-graph\">{\"@context\":\"https:\\\/\\\/schema.org\",\"@graph\":[{\"@type\":\"Article\",\"@id\":\"https:\\\/\\\/realidadturistica.com\\\/realtur\\\/yucatan-consolida-liderazgo-en-conectividad-aerea-y-turismo\\\/#article\",\"isPartOf\":{\"@id\":\"https:\\\/\\\/realidadturistica.com\\\/realtur\\\/yucatan-consolida-liderazgo-en-conectividad-aerea-y-turismo\\\/\"},\"author\":{\"name\":\"Editor\",\"@id\":\"https:\\\/\\\/realidadturistica.com\\\/realtur\\\/#\\\/schema\\\/person\\\/ade671191202490fcf08ab21590de73e\"},\"headline\":\"Yucat\u00e1n consolida liderazgo en conectividad a\u00e9rea y turismo\",\"datePublished\":\"2025-06-04T17:48:21+00:00\",\"dateModified\":\"2025-06-04T17:48:24+00:00\",\"mainEntityOfPage\":{\"@id\":\"https:\\\/\\\/realidadturistica.com\\\/realtur\\\/yucatan-consolida-liderazgo-en-conectividad-aerea-y-turismo\\\/\"},\"wordCount\":443,\"commentCount\":0,\"publisher\":{\"@id\":\"https:\\\/\\\/realidadturistica.com\\\/realtur\\\/#organization\"},\"image\":{\"@id\":\"https:\\\/\\\/realidadturistica.com\\\/realtur\\\/yucatan-consolida-liderazgo-en-conectividad-aerea-y-turismo\\\/#primaryimage\"},\"thumbnailUrl\":\"https:\\\/\\\/realidadturistica.com\\\/realtur\\\/wp-content\\\/uploads\\\/2025\\\/06\\\/Unknown1-1.jpeg\",\"articleSection\":[\"Destinos M\u00e1gicos\"],\"inLanguage\":\"es\",\"potentialAction\":[{\"@type\":\"CommentAction\",\"name\":\"Comment\",\"target\":[\"https:\\\/\\\/realidadturistica.com\\\/realtur\\\/yucatan-consolida-liderazgo-en-conectividad-aerea-y-turismo\\\/#respond\"]}]},{\"@type\":\"WebPage\",\"@id\":\"https:\\\/\\\/realidadturistica.com\\\/realtur\\\/yucatan-consolida-liderazgo-en-conectividad-aerea-y-turismo\\\/\",\"url\":\"https:\\\/\\\/realidadturistica.com\\\/realtur\\\/yucatan-consolida-liderazgo-en-conectividad-aerea-y-turismo\\\/\",\"name\":\"Yucat\u00e1n consolida liderazgo en conectividad a\u00e9rea y turismo - Realidad Tur\u00edstica\",\"isPartOf\":{\"@id\":\"https:\\\/\\\/realidadturistica.com\\\/realtur\\\/#website\"},\"primaryImageOfPage\":{\"@id\":\"https:\\\/\\\/realidadturistica.com\\\/realtur\\\/yucatan-consolida-liderazgo-en-conectividad-aerea-y-turismo\\\/#primaryimage\"},\"image\":{\"@id\":\"https:\\\/\\\/realidadturistica.com\\\/realtur\\\/yucatan-consolida-liderazgo-en-conectividad-aerea-y-turismo\\\/#primaryimage\"},\"thumbnailUrl\":\"https:\\\/\\\/realidadturistica.com\\\/realtur\\\/wp-content\\\/uploads\\\/2025\\\/06\\\/Unknown1-1.jpeg\",\"datePublished\":\"2025-06-04T17:48:21+00:00\",\"dateModified\":\"2025-06-04T17:48:24+00:00\",\"breadcrumb\":{\"@id\":\"https:\\\/\\\/realidadturistica.com\\\/realtur\\\/yucatan-consolida-liderazgo-en-conectividad-aerea-y-turismo\\\/#breadcrumb\"},\"inLanguage\":\"es\",\"potentialAction\":[{\"@type\":\"ReadAction\",\"target\":[\"https:\\\/\\\/realidadturistica.com\\\/realtur\\\/yucatan-consolida-liderazgo-en-conectividad-aerea-y-turismo\\\/\"]}]},{\"@type\":\"ImageObject\",\"inLanguage\":\"es\",\"@id\":\"https:\\\/\\\/realidadturistica.com\\\/realtur\\\/yucatan-consolida-liderazgo-en-conectividad-aerea-y-turismo\\\/#primaryimage\",\"url\":\"https:\\\/\\\/realidadturistica.com\\\/realtur\\\/wp-content\\\/uploads\\\/2025\\\/06\\\/Unknown1-1.jpeg\",\"contentUrl\":\"https:\\\/\\\/realidadturistica.com\\\/realtur\\\/wp-content\\\/uploads\\\/2025\\\/06\\\/Unknown1-1.jpeg\",\"width\":2560,\"height\":1706},{\"@type\":\"BreadcrumbList\",\"@id\":\"https:\\\/\\\/realidadturistica.com\\\/realtur\\\/yucatan-consolida-liderazgo-en-conectividad-aerea-y-turismo\\\/#breadcrumb\",\"itemListElement\":[{\"@type\":\"ListItem\",\"position\":1,\"name\":\"Portada\",\"item\":\"https:\\\/\\\/realidadturistica.com\\\/realtur\\\/\"},{\"@type\":\"ListItem\",\"position\":2,\"name\":\"Yucat\u00e1n consolida liderazgo en conectividad a\u00e9rea y turismo\"}]},{\"@type\":\"WebSite\",\"@id\":\"https:\\\/\\\/realidadturistica.com\\\/realtur\\\/#website\",\"url\":\"https:\\\/\\\/realidadturistica.com\\\/realtur\\\/\",\"name\":\"Realidad Tur\u00edstica\",\"description\":\"\",\"publisher\":{\"@id\":\"https:\\\/\\\/realidadturistica.com\\\/realtur\\\/#organization\"},\"potentialAction\":[{\"@type\":\"SearchAction\",\"target\":{\"@type\":\"EntryPoint\",\"urlTemplate\":\"https:\\\/\\\/realidadturistica.com\\\/realtur\\\/?s={search_term_string}\"},\"query-input\":{\"@type\":\"PropertyValueSpecification\",\"valueRequired\":true,\"valueName\":\"search_term_string\"}}],\"inLanguage\":\"es\"},{\"@type\":\"Organization\",\"@id\":\"https:\\\/\\\/realidadturistica.com\\\/realtur\\\/#organization\",\"name\":\"Realidad Tur\u00edstica\",\"url\":\"https:\\\/\\\/realidadturistica.com\\\/realtur\\\/\",\"logo\":{\"@type\":\"ImageObject\",\"inLanguage\":\"es\",\"@id\":\"https:\\\/\\\/realidadturistica.com\\\/realtur\\\/#\\\/schema\\\/logo\\\/image\\\/\",\"url\":\"https:\\\/\\\/realidadturistica.com\\\/realtur\\\/wp-content\\\/uploads\\\/2021\\\/12\\\/logotipo-realidad-turistica.png\",\"contentUrl\":\"https:\\\/\\\/realidadturistica.com\\\/realtur\\\/wp-content\\\/uploads\\\/2021\\\/12\\\/logotipo-realidad-turistica.png\",\"width\":1382,\"height\":629,\"caption\":\"Realidad Tur\u00edstica\"},\"image\":{\"@id\":\"https:\\\/\\\/realidadturistica.com\\\/realtur\\\/#\\\/schema\\\/logo\\\/image\\\/\"},\"sameAs\":[\"https:\\\/\\\/www.facebook.com\\\/realidadturistica\",\"https:\\\/\\\/www.instagram.com\\\/realidad_turistica\\\/\"]},{\"@type\":\"Person\",\"@id\":\"https:\\\/\\\/realidadturistica.com\\\/realtur\\\/#\\\/schema\\\/person\\\/ade671191202490fcf08ab21590de73e\",\"name\":\"Editor\",\"image\":{\"@type\":\"ImageObject\",\"inLanguage\":\"es\",\"@id\":\"https:\\\/\\\/realidadturistica.com\\\/realtur\\\/wp-content\\\/uploads\\\/2023\\\/09\\\/Editor_avatar_1693668634-96x96.png\",\"url\":\"https:\\\/\\\/realidadturistica.com\\\/realtur\\\/wp-content\\\/uploads\\\/2023\\\/09\\\/Editor_avatar_1693668634-96x96.png\",\"contentUrl\":\"https:\\\/\\\/realidadturistica.com\\\/realtur\\\/wp-content\\\/uploads\\\/2023\\\/09\\\/Editor_avatar_1693668634-96x96.png\",\"caption\":\"Editor\"},\"sameAs\":[\"https:\\\/\\\/realidadturistica.com\\\/realtur\"],\"url\":\"https:\\\/\\\/realidadturistica.com\\\/realtur\\\/author\\\/editor2\\\/\"}]}<\/script>\n<!-- \/ Yoast SEO Premium plugin. -->","yoast_head_json":{"title":"Yucat\u00e1n consolida liderazgo en conectividad a\u00e9rea y turismo - Realidad Tur\u00edstica","robots":{"index":"index","follow":"follow","max-snippet":"max-snippet:-1","max-image-preview":"max-image-preview:large","max-video-preview":"max-video-preview:-1"},"canonical":"https:\/\/realidadturistica.com\/realtur\/yucatan-consolida-liderazgo-en-conectividad-aerea-y-turismo\/","og_locale":"es_ES","og_type":"article","og_title":"Yucat\u00e1n consolida liderazgo en conectividad a\u00e9rea y turismo","og_description":"\u00b7&nbsp;&nbsp;&nbsp;&nbsp;&nbsp; El estado recibi\u00f3 m\u00e1s de 1.2 millones de pasajeros en los primeros cuatro meses de 2025, reflejo de la estrategia tur\u00edstica impulsada por el&hellip;","og_url":"https:\/\/realidadturistica.com\/realtur\/yucatan-consolida-liderazgo-en-conectividad-aerea-y-turismo\/","og_site_name":"Realidad Tur\u00edstica","article_publisher":"https:\/\/www.facebook.com\/realidadturistica","article_published_time":"2025-06-04T17:48:21+00:00","article_modified_time":"2025-06-04T17:48:24+00:00","og_image":[{"width":2560,"height":1706,"url":"https:\/\/realidadturistica.com\/realtur\/wp-content\/uploads\/2025\/06\/Unknown1-1.jpeg","type":"image\/jpeg"}],"author":"Editor","twitter_card":"summary_large_image","twitter_misc":{"Escrito por":"Editor","Tiempo de lectura":"3 minutos"},"schema":{"@context":"https:\/\/schema.org","@graph":[{"@type":"Article","@id":"https:\/\/realidadturistica.com\/realtur\/yucatan-consolida-liderazgo-en-conectividad-aerea-y-turismo\/#article","isPartOf":{"@id":"https:\/\/realidadturistica.com\/realtur\/yucatan-consolida-liderazgo-en-conectividad-aerea-y-turismo\/"},"author":{"name":"Editor","@id":"https:\/\/realidadturistica.com\/realtur\/#\/schema\/person\/ade671191202490fcf08ab21590de73e"},"headline":"Yucat\u00e1n consolida liderazgo en conectividad a\u00e9rea y turismo","datePublished":"2025-06-04T17:48:21+00:00","dateModified":"2025-06-04T17:48:24+00:00","mainEntityOfPage":{"@id":"https:\/\/realidadturistica.com\/realtur\/yucatan-consolida-liderazgo-en-conectividad-aerea-y-turismo\/"},"wordCount":443,"commentCount":0,"publisher":{"@id":"https:\/\/realidadturistica.com\/realtur\/#organization"},"image":{"@id":"https:\/\/realidadturistica.com\/realtur\/yucatan-consolida-liderazgo-en-conectividad-aerea-y-turismo\/#primaryimage"},"thumbnailUrl":"https:\/\/realidadturistica.com\/realtur\/wp-content\/uploads\/2025\/06\/Unknown1-1.jpeg","articleSection":["Destinos M\u00e1gicos"],"inLanguage":"es","potentialAction":[{"@type":"CommentAction","name":"Comment","target":["https:\/\/realidadturistica.com\/realtur\/yucatan-consolida-liderazgo-en-conectividad-aerea-y-turismo\/#respond"]}]},{"@type":"WebPage","@id":"https:\/\/realidadturistica.com\/realtur\/yucatan-consolida-liderazgo-en-conectividad-aerea-y-turismo\/","url":"https:\/\/realidadturistica.com\/realtur\/yucatan-consolida-liderazgo-en-conectividad-aerea-y-turismo\/","name":"Yucat\u00e1n consolida liderazgo en conectividad a\u00e9rea y turismo - Realidad Tur\u00edstica","isPartOf":{"@id":"https:\/\/realidadturistica.com\/realtur\/#website"},"primaryImageOfPage":{"@id":"https:\/\/realidadturistica.com\/realtur\/yucatan-consolida-liderazgo-en-conectividad-aerea-y-turismo\/#primaryimage"},"image":{"@id":"https:\/\/realidadturistica.com\/realtur\/yucatan-consolida-liderazgo-en-conectividad-aerea-y-turismo\/#primaryimage"},"thumbnailUrl":"https:\/\/realidadturistica.com\/realtur\/wp-content\/uploads\/2025\/06\/Unknown1-1.jpeg","datePublished":"2025-06-04T17:48:21+00:00","dateModified":"2025-06-04T17:48:24+00:00","breadcrumb":{"@id":"https:\/\/realidadturistica.com\/realtur\/yucatan-consolida-liderazgo-en-conectividad-aerea-y-turismo\/#breadcrumb"},"inLanguage":"es","potentialAction":[{"@type":"ReadAction","target":["https:\/\/realidadturistica.com\/realtur\/yucatan-consolida-liderazgo-en-conectividad-aerea-y-turismo\/"]}]},{"@type":"ImageObject","inLanguage":"es","@id":"https:\/\/realidadturistica.com\/realtur\/yucatan-consolida-liderazgo-en-conectividad-aerea-y-turismo\/#primaryimage","url":"https:\/\/realidadturistica.com\/realtur\/wp-content\/uploads\/2025\/06\/Unknown1-1.jpeg","contentUrl":"https:\/\/realidadturistica.com\/realtur\/wp-content\/uploads\/2025\/06\/Unknown1-1.jpeg","width":2560,"height":1706},{"@type":"BreadcrumbList","@id":"https:\/\/realidadturistica.com\/realtur\/yucatan-consolida-liderazgo-en-conectividad-aerea-y-turismo\/#breadcrumb","itemListElement":[{"@type":"ListItem","position":1,"name":"Portada","item":"https:\/\/realidadturistica.com\/realtur\/"},{"@type":"ListItem","position":2,"name":"Yucat\u00e1n consolida liderazgo en conectividad a\u00e9rea y turismo"}]},{"@type":"WebSite","@id":"https:\/\/realidadturistica.com\/realtur\/#website","url":"https:\/\/realidadturistica.com\/realtur\/","name":"Realidad Tur\u00edstica","description":"","publisher":{"@id":"https:\/\/realidadturistica.com\/realtur\/#organization"},"potentialAction":[{"@type":"SearchAction","target":{"@type":"EntryPoint","urlTemplate":"https:\/\/realidadturistica.com\/realtur\/?s={search_term_string}"},"query-input":{"@type":"PropertyValueSpecification","valueRequired":true,"valueName":"search_term_string"}}],"inLanguage":"es"},{"@type":"Organization","@id":"https:\/\/realidadturistica.com\/realtur\/#organization","name":"Realidad Tur\u00edstica","url":"https:\/\/realidadturistica.com\/realtur\/","logo":{"@type":"ImageObject","inLanguage":"es","@id":"https:\/\/realidadturistica.com\/realtur\/#\/schema\/logo\/image\/","url":"https:\/\/realidadturistica.com\/realtur\/wp-content\/uploads\/2021\/12\/logotipo-realidad-turistica.png","contentUrl":"https:\/\/realidadturistica.com\/realtur\/wp-content\/uploads\/2021\/12\/logotipo-realidad-turistica.png","width":1382,"height":629,"caption":"Realidad Tur\u00edstica"},"image":{"@id":"https:\/\/realidadturistica.com\/realtur\/#\/schema\/logo\/image\/"},"sameAs":["https:\/\/www.facebook.com\/realidadturistica","https:\/\/www.instagram.com\/realidad_turistica\/"]},{"@type":"Person","@id":"https:\/\/realidadturistica.com\/realtur\/#\/schema\/person\/ade671191202490fcf08ab21590de73e","name":"Editor","image":{"@type":"ImageObject","inLanguage":"es","@id":"https:\/\/realidadturistica.com\/realtur\/wp-content\/uploads\/2023\/09\/Editor_avatar_1693668634-96x96.png","url":"https:\/\/realidadturistica.com\/realtur\/wp-content\/uploads\/2023\/09\/Editor_avatar_1693668634-96x96.png","contentUrl":"https:\/\/realidadturistica.com\/realtur\/wp-content\/uploads\/2023\/09\/Editor_avatar_1693668634-96x96.png","caption":"Editor"},"sameAs":["https:\/\/realidadturistica.com\/realtur"],"url":"https:\/\/realidadturistica.com\/realtur\/author\/editor2\/"}]}},"_links":{"self":[{"href":"https:\/\/realidadturistica.com\/realtur\/wp-json\/wp\/v2\/posts\/9965","targetHints":{"allow":["GET"]}}],"collection":[{"href":"https:\/\/realidadturistica.com\/realtur\/wp-json\/wp\/v2\/posts"}],"about":[{"href":"https:\/\/realidadturistica.com\/realtur\/wp-json\/wp\/v2\/types\/post"}],"author":[{"embeddable":true,"href":"https:\/\/realidadturistica.com\/realtur\/wp-json\/wp\/v2\/users\/2"}],"replies":[{"embeddable":true,"href":"https:\/\/realidadturistica.com\/realtur\/wp-json\/wp\/v2\/comments?post=9965"}],"version-history":[{"count":2,"href":"https:\/\/realidadturistica.com\/realtur\/wp-json\/wp\/v2\/posts\/9965\/revisions"}],"predecessor-version":[{"id":9970,"href":"https:\/\/realidadturistica.com\/realtur\/wp-json\/wp\/v2\/posts\/9965\/revisions\/9970"}],"wp:featuredmedia":[{"embeddable":true,"href":"https:\/\/realidadturistica.com\/realtur\/wp-json\/wp\/v2\/media\/9966"}],"wp:attachment":[{"href":"https:\/\/realidadturistica.com\/realtur\/wp-json\/wp\/v2\/media?parent=9965"}],"wp:term":[{"taxonomy":"category","embeddable":true,"href":"https:\/\/realidadturistica.com\/realtur\/wp-json\/wp\/v2\/categories?post=9965"},{"taxonomy":"post_tag","embeddable":true,"href":"https:\/\/realidadturistica.com\/realtur\/wp-json\/wp\/v2\/tags?post=9965"}],"curies":[{"name":"wp","href":"https:\/\/api.w.org\/{rel}","templated":true}]}}