{"id":9971,"date":"2025-06-05T03:51:55","date_gmt":"2025-06-05T03:51:55","guid":{"rendered":"https:\/\/realidadturistica.com\/realtur\/?p=9971"},"modified":"2025-06-05T03:51:58","modified_gmt":"2025-06-05T03:51:58","slug":"renacimiento-maya-refuerza-el-desarrollo-de-los-pueblos-magicos-de-yucatan","status":"publish","type":"post","link":"https:\/\/realidadturistica.com\/realtur\/renacimiento-maya-refuerza-el-desarrollo-de-los-pueblos-magicos-de-yucatan\/","title":{"rendered":"Renacimiento Maya refuerza el desarrollo de los Pueblos M\u00e1gicos de Yucat\u00e1n"},"content":{"rendered":"\n<p class=\"wp-block-yoast-seo-estimated-reading-time yoast-reading-time__wrapper\"><span class=\"yoast-reading-time__icon\"><svg aria-hidden=\"true\" focusable=\"false\" data-icon=\"clock\" width=\"20\" height=\"20\" fill=\"none\" stroke=\"currentColor\" style=\"display:inline-block;vertical-align:-0.1em\" role=\"img\" xmlns=\"http:\/\/www.w3.org\/2000\/svg\" viewBox=\"0 0 24 24\"><path stroke-linecap=\"round\" stroke-linejoin=\"round\" stroke-width=\"2\" d=\"M12 8v4l3 3m6-3a9 9 0 11-18 0 9 9 0 0118 0z\"><\/path><\/svg><\/span><span class=\"yoast-reading-time__spacer\" style=\"display:inline-block;width:1em\"><\/span><span class=\"yoast-reading-time__descriptive-text\">Estimated reading time: <\/span><span class=\"yoast-reading-time__reading-time\">4<\/span><span class=\"yoast-reading-time__time-unit\"> minutos<\/span><\/p>\n\n\n\n<p>M\u00e9xico. SEFOTUR present\u00f3 la Estrategia Nacional para el Fortalecimiento de los Pueblos M\u00e1gicos a los alcaldes de los siete municipios que cuentan con este nombramiento.<\/p>\n\n\n\n<p>Como parte de la visi\u00f3n del gobierno de Renacimiento Maya que encabeza Joaqu\u00edn D\u00edaz Mena, la Secretar\u00eda de Fomento Tur\u00edstico (SEFOTUR) impulsa el fortalecimiento de los siete Pueblos M\u00e1gicos de Yucat\u00e1n, con el objetivo de consolidarlos como motores del turismo regional, generadores de empleo y promotores del patrimonio cultural, natural e hist\u00f3rico del estado.<\/p>\n\n\n\n<p>Para este fin, se realiz\u00f3 un encuentro en el Centro Internacional de Congresos con autoridades estatales y federales para presentar la Estrategia Nacional para el Fortalecimiento de los Pueblos M\u00e1gicos ante los alcaldes de Valladolid, Izamal, Man\u00ed, Motul, Tekax, Hunucm\u00e1 y Espita, los siete municipios yucatecos que cuentan con esta distinci\u00f3n.<\/p>\n\n\n\n<figure class=\"wp-block-gallery has-nested-images columns-default is-cropped wp-block-gallery-1 is-layout-flex wp-block-gallery-is-layout-flex\">\n<figure class=\"wp-block-image size-large\"><img fetchpriority=\"high\" decoding=\"async\" width=\"1024\" height=\"683\" data-id=\"9973\" src=\"https:\/\/realidadturistica.com\/realtur\/wp-content\/uploads\/2025\/06\/Unknown-1-1024x683.jpeg\" alt=\"\" class=\"wp-image-9973\" srcset=\"https:\/\/realidadturistica.com\/realtur\/wp-content\/uploads\/2025\/06\/Unknown-1-1024x683.jpeg 1024w, https:\/\/realidadturistica.com\/realtur\/wp-content\/uploads\/2025\/06\/Unknown-1-300x200.jpeg 300w, https:\/\/realidadturistica.com\/realtur\/wp-content\/uploads\/2025\/06\/Unknown-1-768x512.jpeg 768w, https:\/\/realidadturistica.com\/realtur\/wp-content\/uploads\/2025\/06\/Unknown-1-1536x1024.jpeg 1536w, https:\/\/realidadturistica.com\/realtur\/wp-content\/uploads\/2025\/06\/Unknown-1-2048x1365.jpeg 2048w, https:\/\/realidadturistica.com\/realtur\/wp-content\/uploads\/2025\/06\/Unknown-1-1920x1280.jpeg 1920w, https:\/\/realidadturistica.com\/realtur\/wp-content\/uploads\/2025\/06\/Unknown-1-1170x780.jpeg 1170w, https:\/\/realidadturistica.com\/realtur\/wp-content\/uploads\/2025\/06\/Unknown-1-585x390.jpeg 585w, https:\/\/realidadturistica.com\/realtur\/wp-content\/uploads\/2025\/06\/Unknown-1-263x175.jpeg 263w\" sizes=\"(max-width: 1024px) 100vw, 1024px\" \/><\/figure>\n\n\n\n<figure class=\"wp-block-image size-large\"><img decoding=\"async\" width=\"1024\" height=\"683\" data-id=\"9974\" src=\"https:\/\/realidadturistica.com\/realtur\/wp-content\/uploads\/2025\/06\/Unknown1-2-1024x683.jpeg\" alt=\"\" class=\"wp-image-9974\" srcset=\"https:\/\/realidadturistica.com\/realtur\/wp-content\/uploads\/2025\/06\/Unknown1-2-1024x683.jpeg 1024w, https:\/\/realidadturistica.com\/realtur\/wp-content\/uploads\/2025\/06\/Unknown1-2-300x200.jpeg 300w, https:\/\/realidadturistica.com\/realtur\/wp-content\/uploads\/2025\/06\/Unknown1-2-768x512.jpeg 768w, https:\/\/realidadturistica.com\/realtur\/wp-content\/uploads\/2025\/06\/Unknown1-2-1536x1024.jpeg 1536w, https:\/\/realidadturistica.com\/realtur\/wp-content\/uploads\/2025\/06\/Unknown1-2-2048x1365.jpeg 2048w, https:\/\/realidadturistica.com\/realtur\/wp-content\/uploads\/2025\/06\/Unknown1-2-1920x1280.jpeg 1920w, https:\/\/realidadturistica.com\/realtur\/wp-content\/uploads\/2025\/06\/Unknown1-2-1170x780.jpeg 1170w, https:\/\/realidadturistica.com\/realtur\/wp-content\/uploads\/2025\/06\/Unknown1-2-585x390.jpeg 585w, https:\/\/realidadturistica.com\/realtur\/wp-content\/uploads\/2025\/06\/Unknown1-2-263x175.jpeg 263w\" sizes=\"(max-width: 1024px) 100vw, 1024px\" \/><\/figure>\n<\/figure>\n\n\n\n<p>La reuni\u00f3n fue un paso importante del gobierno estatal para brindar acompa\u00f1amiento, orientaci\u00f3n t\u00e9cnica y promoci\u00f3n estrat\u00e9gica a los Pueblos M\u00e1gicos, a fin de plantear las acciones que conduzcan a cumplir con los lineamientos establecidos por la Secretar\u00eda de Turismo federal (SECTUR), para mantener y aprovechar al m\u00e1ximo este nombramiento.<\/p>\n\n\n\n<p>Dar\u00edo Flota Ocampo, secretario de Fomento Tur\u00edstico del Estado de Yucat\u00e1n, encabez\u00f3 la reuni\u00f3n acompa\u00f1ado de Ra\u00fal Alejandro Paz Noriega, subsecretario de Desarrollo Tur\u00edstico Sustentable, y otros funcionarios de la dependencia.<\/p>\n\n\n\n<p>De manera virtual se sumaron al encuentro Carlos Prescenda Jim\u00e9nez, coordinador de Destinos del Sur de SECTUR, y Ra\u00fal Estrada Godina, subdirector de Gesti\u00f3n de Destinos de dicha dependencia, quienes destacaron la importancia de la preparaci\u00f3n t\u00e9cnica, la evaluaci\u00f3n constante y el cumplimiento de est\u00e1ndares de calidad como clave para acceder a esquemas de apoyo y promoci\u00f3n nacional e internacional.<\/p>\n\n\n\n<p>Durante la reuni\u00f3n se explicaron los cinco ejes rectores de la estrategia nacional: 1. Planeaci\u00f3n y desarrollo sostenible del turismo; 2. Inversi\u00f3n, infraestructura y equipamiento; 3. Capacitaci\u00f3n, profesionalizaci\u00f3n y calidad; 4. Promoci\u00f3n y publicidad integral, y 5. Comercializaci\u00f3n de experiencias y productos tur\u00edsticos.<\/p>\n\n\n\n<p>En la reuni\u00f3n se acord\u00f3 establecer una agenda de trabajo para que cada municipio inicie los procesos de revisi\u00f3n, alineaci\u00f3n a los objetivos y mejora continua.<\/p>\n\n\n\n<p>En ese sentido, el secretario Flota Ocampo reiter\u00f3 el compromiso del Gobierno del Estado de dar seguimiento puntual y permanente con el respaldo t\u00e9cnico de SEFOTUR, para asegurar que los Pueblos M\u00e1gicos yucatecos no solo conserven su nombramiento, sino que tambi\u00e9n desarrollen su vocaci\u00f3n tur\u00edstica con sostenibilidad, identidad y competitividad.<\/p>\n\n\n\n<figure class=\"wp-block-image size-large\"><img decoding=\"async\" width=\"1024\" height=\"590\" src=\"https:\/\/realidadturistica.com\/realtur\/wp-content\/uploads\/2025\/06\/Unknown2-2-1024x590.jpeg\" alt=\"\" class=\"wp-image-9975\" srcset=\"https:\/\/realidadturistica.com\/realtur\/wp-content\/uploads\/2025\/06\/Unknown2-2-1024x590.jpeg 1024w, https:\/\/realidadturistica.com\/realtur\/wp-content\/uploads\/2025\/06\/Unknown2-2-300x173.jpeg 300w, https:\/\/realidadturistica.com\/realtur\/wp-content\/uploads\/2025\/06\/Unknown2-2-768x442.jpeg 768w, https:\/\/realidadturistica.com\/realtur\/wp-content\/uploads\/2025\/06\/Unknown2-2-1536x884.jpeg 1536w, https:\/\/realidadturistica.com\/realtur\/wp-content\/uploads\/2025\/06\/Unknown2-2-2048x1179.jpeg 2048w, https:\/\/realidadturistica.com\/realtur\/wp-content\/uploads\/2025\/06\/Unknown2-2-1920x1105.jpeg 1920w, https:\/\/realidadturistica.com\/realtur\/wp-content\/uploads\/2025\/06\/Unknown2-2-1170x674.jpeg 1170w, https:\/\/realidadturistica.com\/realtur\/wp-content\/uploads\/2025\/06\/Unknown2-2-585x337.jpeg 585w\" sizes=\"(max-width: 1024px) 100vw, 1024px\" \/><\/figure>\n\n\n\n<p>Adem\u00e1s, se anunci\u00f3 que los siete municipios con esta distinci\u00f3n ser\u00e1n promovidos activamente en las pr\u00f3ximas plataformas tur\u00edsticas, incluyendo el Tianguis de Pueblos M\u00e1gicos 2025, que se celebrar\u00e1 del 13 al 16 de noviembre en Hidalgo, as\u00ed como la Feria Tur\u00edstica del Mundo Maya 2026, que revivir\u00e1 el Kiuic, adem\u00e1s de acciones permanentes en campa\u00f1as de promoci\u00f3n estatal.<\/p>\n\n\n\n<p>El Gobierno del Estado, a trav\u00e9s de SEFOTUR, reafirma su compromiso de continuar trabajando de manera coordinada con los municipios para que los beneficios del turismo lleguen a m\u00e1s familias, se genere mayor derrama econ\u00f3mica local y se fortalezcan las capacidades del sector en el marco de una estrategia sostenible y con identidad regional.<\/p>\n\n\n\n<p>Sefotur<\/p>\n","protected":false},"excerpt":{"rendered":"<p>M\u00e9xico. SEFOTUR present\u00f3 la Estrategia Nacional para el Fortalecimiento de los Pueblos M\u00e1gicos a los alcaldes de los siete municipios que cuentan con este nombramiento.&hellip;<\/p>\n","protected":false},"author":2,"featured_media":9972,"comment_status":"open","ping_status":"closed","sticky":false,"template":"","format":"standard","meta":{"content-type":"","_lmt_disableupdate":"","_lmt_disable":"","footnotes":""},"categories":[6],"tags":[],"class_list":["post-9971","post","type-post","status-publish","format-standard","has-post-thumbnail","hentry","category-turismo"],"yoast_head":"<!-- This site is optimized with the Yoast SEO Premium plugin v27.4 (Yoast SEO v27.5) - https:\/\/yoast.com\/product\/yoast-seo-premium-wordpress\/ -->\n<title>Renacimiento Maya refuerza el desarrollo de los Pueblos M\u00e1gicos de Yucat\u00e1n - Realidad Tur\u00edstica<\/title>\n<meta name=\"robots\" content=\"index, follow, max-snippet:-1, max-image-preview:large, max-video-preview:-1\" \/>\n<link rel=\"canonical\" href=\"https:\/\/realidadturistica.com\/realtur\/renacimiento-maya-refuerza-el-desarrollo-de-los-pueblos-magicos-de-yucatan\/\" \/>\n<meta property=\"og:locale\" content=\"es_ES\" \/>\n<meta property=\"og:type\" content=\"article\" \/>\n<meta property=\"og:title\" content=\"Renacimiento Maya refuerza el desarrollo de los Pueblos M\u00e1gicos de Yucat\u00e1n\" \/>\n<meta property=\"og:description\" content=\"M\u00e9xico. SEFOTUR present\u00f3 la Estrategia Nacional para el Fortalecimiento de los Pueblos M\u00e1gicos a los alcaldes de los siete municipios que cuentan con este nombramiento.&hellip;\" \/>\n<meta property=\"og:url\" content=\"https:\/\/realidadturistica.com\/realtur\/renacimiento-maya-refuerza-el-desarrollo-de-los-pueblos-magicos-de-yucatan\/\" \/>\n<meta property=\"og:site_name\" content=\"Realidad Tur\u00edstica\" \/>\n<meta property=\"article:publisher\" content=\"https:\/\/www.facebook.com\/realidadturistica\" \/>\n<meta property=\"article:published_time\" content=\"2025-06-05T03:51:55+00:00\" \/>\n<meta property=\"article:modified_time\" content=\"2025-06-05T03:51:58+00:00\" \/>\n<meta property=\"og:image\" content=\"https:\/\/realidadturistica.com\/realtur\/wp-content\/uploads\/2025\/06\/Unknown3-scaled.jpeg\" \/>\n\t<meta property=\"og:image:width\" content=\"2560\" \/>\n\t<meta property=\"og:image:height\" content=\"1706\" \/>\n\t<meta property=\"og:image:type\" content=\"image\/jpeg\" \/>\n<meta name=\"author\" content=\"Editor\" \/>\n<meta name=\"twitter:card\" content=\"summary_large_image\" \/>\n<meta name=\"twitter:label1\" content=\"Escrito por\" \/>\n\t<meta name=\"twitter:data1\" content=\"Editor\" \/>\n\t<meta name=\"twitter:label2\" content=\"Tiempo de lectura\" \/>\n\t<meta name=\"twitter:data2\" content=\"4 minutos\" \/>\n<script type=\"application\/ld+json\" class=\"yoast-schema-graph\">{\"@context\":\"https:\\\/\\\/schema.org\",\"@graph\":[{\"@type\":\"Article\",\"@id\":\"https:\\\/\\\/realidadturistica.com\\\/realtur\\\/renacimiento-maya-refuerza-el-desarrollo-de-los-pueblos-magicos-de-yucatan\\\/#article\",\"isPartOf\":{\"@id\":\"https:\\\/\\\/realidadturistica.com\\\/realtur\\\/renacimiento-maya-refuerza-el-desarrollo-de-los-pueblos-magicos-de-yucatan\\\/\"},\"author\":{\"name\":\"Editor\",\"@id\":\"https:\\\/\\\/realidadturistica.com\\\/realtur\\\/#\\\/schema\\\/person\\\/ade671191202490fcf08ab21590de73e\"},\"headline\":\"Renacimiento Maya refuerza el desarrollo de los Pueblos M\u00e1gicos de Yucat\u00e1n\",\"datePublished\":\"2025-06-05T03:51:55+00:00\",\"dateModified\":\"2025-06-05T03:51:58+00:00\",\"mainEntityOfPage\":{\"@id\":\"https:\\\/\\\/realidadturistica.com\\\/realtur\\\/renacimiento-maya-refuerza-el-desarrollo-de-los-pueblos-magicos-de-yucatan\\\/\"},\"wordCount\":576,\"commentCount\":0,\"publisher\":{\"@id\":\"https:\\\/\\\/realidadturistica.com\\\/realtur\\\/#organization\"},\"image\":{\"@id\":\"https:\\\/\\\/realidadturistica.com\\\/realtur\\\/renacimiento-maya-refuerza-el-desarrollo-de-los-pueblos-magicos-de-yucatan\\\/#primaryimage\"},\"thumbnailUrl\":\"https:\\\/\\\/realidadturistica.com\\\/realtur\\\/wp-content\\\/uploads\\\/2025\\\/06\\\/Unknown3-scaled.jpeg\",\"articleSection\":[\"Turismo\"],\"inLanguage\":\"es\",\"potentialAction\":[{\"@type\":\"CommentAction\",\"name\":\"Comment\",\"target\":[\"https:\\\/\\\/realidadturistica.com\\\/realtur\\\/renacimiento-maya-refuerza-el-desarrollo-de-los-pueblos-magicos-de-yucatan\\\/#respond\"]}]},{\"@type\":\"WebPage\",\"@id\":\"https:\\\/\\\/realidadturistica.com\\\/realtur\\\/renacimiento-maya-refuerza-el-desarrollo-de-los-pueblos-magicos-de-yucatan\\\/\",\"url\":\"https:\\\/\\\/realidadturistica.com\\\/realtur\\\/renacimiento-maya-refuerza-el-desarrollo-de-los-pueblos-magicos-de-yucatan\\\/\",\"name\":\"Renacimiento Maya refuerza el desarrollo de los Pueblos M\u00e1gicos de Yucat\u00e1n - Realidad Tur\u00edstica\",\"isPartOf\":{\"@id\":\"https:\\\/\\\/realidadturistica.com\\\/realtur\\\/#website\"},\"primaryImageOfPage\":{\"@id\":\"https:\\\/\\\/realidadturistica.com\\\/realtur\\\/renacimiento-maya-refuerza-el-desarrollo-de-los-pueblos-magicos-de-yucatan\\\/#primaryimage\"},\"image\":{\"@id\":\"https:\\\/\\\/realidadturistica.com\\\/realtur\\\/renacimiento-maya-refuerza-el-desarrollo-de-los-pueblos-magicos-de-yucatan\\\/#primaryimage\"},\"thumbnailUrl\":\"https:\\\/\\\/realidadturistica.com\\\/realtur\\\/wp-content\\\/uploads\\\/2025\\\/06\\\/Unknown3-scaled.jpeg\",\"datePublished\":\"2025-06-05T03:51:55+00:00\",\"dateModified\":\"2025-06-05T03:51:58+00:00\",\"breadcrumb\":{\"@id\":\"https:\\\/\\\/realidadturistica.com\\\/realtur\\\/renacimiento-maya-refuerza-el-desarrollo-de-los-pueblos-magicos-de-yucatan\\\/#breadcrumb\"},\"inLanguage\":\"es\",\"potentialAction\":[{\"@type\":\"ReadAction\",\"target\":[\"https:\\\/\\\/realidadturistica.com\\\/realtur\\\/renacimiento-maya-refuerza-el-desarrollo-de-los-pueblos-magicos-de-yucatan\\\/\"]}]},{\"@type\":\"ImageObject\",\"inLanguage\":\"es\",\"@id\":\"https:\\\/\\\/realidadturistica.com\\\/realtur\\\/renacimiento-maya-refuerza-el-desarrollo-de-los-pueblos-magicos-de-yucatan\\\/#primaryimage\",\"url\":\"https:\\\/\\\/realidadturistica.com\\\/realtur\\\/wp-content\\\/uploads\\\/2025\\\/06\\\/Unknown3-scaled.jpeg\",\"contentUrl\":\"https:\\\/\\\/realidadturistica.com\\\/realtur\\\/wp-content\\\/uploads\\\/2025\\\/06\\\/Unknown3-scaled.jpeg\",\"width\":2560,\"height\":1706},{\"@type\":\"BreadcrumbList\",\"@id\":\"https:\\\/\\\/realidadturistica.com\\\/realtur\\\/renacimiento-maya-refuerza-el-desarrollo-de-los-pueblos-magicos-de-yucatan\\\/#breadcrumb\",\"itemListElement\":[{\"@type\":\"ListItem\",\"position\":1,\"name\":\"Portada\",\"item\":\"https:\\\/\\\/realidadturistica.com\\\/realtur\\\/\"},{\"@type\":\"ListItem\",\"position\":2,\"name\":\"Renacimiento Maya refuerza el desarrollo de los Pueblos M\u00e1gicos de Yucat\u00e1n\"}]},{\"@type\":\"WebSite\",\"@id\":\"https:\\\/\\\/realidadturistica.com\\\/realtur\\\/#website\",\"url\":\"https:\\\/\\\/realidadturistica.com\\\/realtur\\\/\",\"name\":\"Realidad Tur\u00edstica\",\"description\":\"\",\"publisher\":{\"@id\":\"https:\\\/\\\/realidadturistica.com\\\/realtur\\\/#organization\"},\"potentialAction\":[{\"@type\":\"SearchAction\",\"target\":{\"@type\":\"EntryPoint\",\"urlTemplate\":\"https:\\\/\\\/realidadturistica.com\\\/realtur\\\/?s={search_term_string}\"},\"query-input\":{\"@type\":\"PropertyValueSpecification\",\"valueRequired\":true,\"valueName\":\"search_term_string\"}}],\"inLanguage\":\"es\"},{\"@type\":\"Organization\",\"@id\":\"https:\\\/\\\/realidadturistica.com\\\/realtur\\\/#organization\",\"name\":\"Realidad Tur\u00edstica\",\"url\":\"https:\\\/\\\/realidadturistica.com\\\/realtur\\\/\",\"logo\":{\"@type\":\"ImageObject\",\"inLanguage\":\"es\",\"@id\":\"https:\\\/\\\/realidadturistica.com\\\/realtur\\\/#\\\/schema\\\/logo\\\/image\\\/\",\"url\":\"https:\\\/\\\/realidadturistica.com\\\/realtur\\\/wp-content\\\/uploads\\\/2021\\\/12\\\/logotipo-realidad-turistica.png\",\"contentUrl\":\"https:\\\/\\\/realidadturistica.com\\\/realtur\\\/wp-content\\\/uploads\\\/2021\\\/12\\\/logotipo-realidad-turistica.png\",\"width\":1382,\"height\":629,\"caption\":\"Realidad Tur\u00edstica\"},\"image\":{\"@id\":\"https:\\\/\\\/realidadturistica.com\\\/realtur\\\/#\\\/schema\\\/logo\\\/image\\\/\"},\"sameAs\":[\"https:\\\/\\\/www.facebook.com\\\/realidadturistica\",\"https:\\\/\\\/www.instagram.com\\\/realidad_turistica\\\/\"]},{\"@type\":\"Person\",\"@id\":\"https:\\\/\\\/realidadturistica.com\\\/realtur\\\/#\\\/schema\\\/person\\\/ade671191202490fcf08ab21590de73e\",\"name\":\"Editor\",\"image\":{\"@type\":\"ImageObject\",\"inLanguage\":\"es\",\"@id\":\"https:\\\/\\\/realidadturistica.com\\\/realtur\\\/wp-content\\\/uploads\\\/2023\\\/09\\\/Editor_avatar_1693668634-96x96.png\",\"url\":\"https:\\\/\\\/realidadturistica.com\\\/realtur\\\/wp-content\\\/uploads\\\/2023\\\/09\\\/Editor_avatar_1693668634-96x96.png\",\"contentUrl\":\"https:\\\/\\\/realidadturistica.com\\\/realtur\\\/wp-content\\\/uploads\\\/2023\\\/09\\\/Editor_avatar_1693668634-96x96.png\",\"caption\":\"Editor\"},\"sameAs\":[\"https:\\\/\\\/realidadturistica.com\\\/realtur\"],\"url\":\"https:\\\/\\\/realidadturistica.com\\\/realtur\\\/author\\\/editor2\\\/\"}]}<\/script>\n<!-- \/ Yoast SEO Premium plugin. -->","yoast_head_json":{"title":"Renacimiento Maya refuerza el desarrollo de los Pueblos M\u00e1gicos de Yucat\u00e1n - Realidad Tur\u00edstica","robots":{"index":"index","follow":"follow","max-snippet":"max-snippet:-1","max-image-preview":"max-image-preview:large","max-video-preview":"max-video-preview:-1"},"canonical":"https:\/\/realidadturistica.com\/realtur\/renacimiento-maya-refuerza-el-desarrollo-de-los-pueblos-magicos-de-yucatan\/","og_locale":"es_ES","og_type":"article","og_title":"Renacimiento Maya refuerza el desarrollo de los Pueblos M\u00e1gicos de Yucat\u00e1n","og_description":"M\u00e9xico. SEFOTUR present\u00f3 la Estrategia Nacional para el Fortalecimiento de los Pueblos M\u00e1gicos a los alcaldes de los siete municipios que cuentan con este nombramiento.&hellip;","og_url":"https:\/\/realidadturistica.com\/realtur\/renacimiento-maya-refuerza-el-desarrollo-de-los-pueblos-magicos-de-yucatan\/","og_site_name":"Realidad Tur\u00edstica","article_publisher":"https:\/\/www.facebook.com\/realidadturistica","article_published_time":"2025-06-05T03:51:55+00:00","article_modified_time":"2025-06-05T03:51:58+00:00","og_image":[{"width":2560,"height":1706,"url":"https:\/\/realidadturistica.com\/realtur\/wp-content\/uploads\/2025\/06\/Unknown3-scaled.jpeg","type":"image\/jpeg"}],"author":"Editor","twitter_card":"summary_large_image","twitter_misc":{"Escrito por":"Editor","Tiempo de lectura":"4 minutos"},"schema":{"@context":"https:\/\/schema.org","@graph":[{"@type":"Article","@id":"https:\/\/realidadturistica.com\/realtur\/renacimiento-maya-refuerza-el-desarrollo-de-los-pueblos-magicos-de-yucatan\/#article","isPartOf":{"@id":"https:\/\/realidadturistica.com\/realtur\/renacimiento-maya-refuerza-el-desarrollo-de-los-pueblos-magicos-de-yucatan\/"},"author":{"name":"Editor","@id":"https:\/\/realidadturistica.com\/realtur\/#\/schema\/person\/ade671191202490fcf08ab21590de73e"},"headline":"Renacimiento Maya refuerza el desarrollo de los Pueblos M\u00e1gicos de Yucat\u00e1n","datePublished":"2025-06-05T03:51:55+00:00","dateModified":"2025-06-05T03:51:58+00:00","mainEntityOfPage":{"@id":"https:\/\/realidadturistica.com\/realtur\/renacimiento-maya-refuerza-el-desarrollo-de-los-pueblos-magicos-de-yucatan\/"},"wordCount":576,"commentCount":0,"publisher":{"@id":"https:\/\/realidadturistica.com\/realtur\/#organization"},"image":{"@id":"https:\/\/realidadturistica.com\/realtur\/renacimiento-maya-refuerza-el-desarrollo-de-los-pueblos-magicos-de-yucatan\/#primaryimage"},"thumbnailUrl":"https:\/\/realidadturistica.com\/realtur\/wp-content\/uploads\/2025\/06\/Unknown3-scaled.jpeg","articleSection":["Turismo"],"inLanguage":"es","potentialAction":[{"@type":"CommentAction","name":"Comment","target":["https:\/\/realidadturistica.com\/realtur\/renacimiento-maya-refuerza-el-desarrollo-de-los-pueblos-magicos-de-yucatan\/#respond"]}]},{"@type":"WebPage","@id":"https:\/\/realidadturistica.com\/realtur\/renacimiento-maya-refuerza-el-desarrollo-de-los-pueblos-magicos-de-yucatan\/","url":"https:\/\/realidadturistica.com\/realtur\/renacimiento-maya-refuerza-el-desarrollo-de-los-pueblos-magicos-de-yucatan\/","name":"Renacimiento Maya refuerza el desarrollo de los Pueblos M\u00e1gicos de Yucat\u00e1n - Realidad Tur\u00edstica","isPartOf":{"@id":"https:\/\/realidadturistica.com\/realtur\/#website"},"primaryImageOfPage":{"@id":"https:\/\/realidadturistica.com\/realtur\/renacimiento-maya-refuerza-el-desarrollo-de-los-pueblos-magicos-de-yucatan\/#primaryimage"},"image":{"@id":"https:\/\/realidadturistica.com\/realtur\/renacimiento-maya-refuerza-el-desarrollo-de-los-pueblos-magicos-de-yucatan\/#primaryimage"},"thumbnailUrl":"https:\/\/realidadturistica.com\/realtur\/wp-content\/uploads\/2025\/06\/Unknown3-scaled.jpeg","datePublished":"2025-06-05T03:51:55+00:00","dateModified":"2025-06-05T03:51:58+00:00","breadcrumb":{"@id":"https:\/\/realidadturistica.com\/realtur\/renacimiento-maya-refuerza-el-desarrollo-de-los-pueblos-magicos-de-yucatan\/#breadcrumb"},"inLanguage":"es","potentialAction":[{"@type":"ReadAction","target":["https:\/\/realidadturistica.com\/realtur\/renacimiento-maya-refuerza-el-desarrollo-de-los-pueblos-magicos-de-yucatan\/"]}]},{"@type":"ImageObject","inLanguage":"es","@id":"https:\/\/realidadturistica.com\/realtur\/renacimiento-maya-refuerza-el-desarrollo-de-los-pueblos-magicos-de-yucatan\/#primaryimage","url":"https:\/\/realidadturistica.com\/realtur\/wp-content\/uploads\/2025\/06\/Unknown3-scaled.jpeg","contentUrl":"https:\/\/realidadturistica.com\/realtur\/wp-content\/uploads\/2025\/06\/Unknown3-scaled.jpeg","width":2560,"height":1706},{"@type":"BreadcrumbList","@id":"https:\/\/realidadturistica.com\/realtur\/renacimiento-maya-refuerza-el-desarrollo-de-los-pueblos-magicos-de-yucatan\/#breadcrumb","itemListElement":[{"@type":"ListItem","position":1,"name":"Portada","item":"https:\/\/realidadturistica.com\/realtur\/"},{"@type":"ListItem","position":2,"name":"Renacimiento Maya refuerza el desarrollo de los Pueblos M\u00e1gicos de Yucat\u00e1n"}]},{"@type":"WebSite","@id":"https:\/\/realidadturistica.com\/realtur\/#website","url":"https:\/\/realidadturistica.com\/realtur\/","name":"Realidad Tur\u00edstica","description":"","publisher":{"@id":"https:\/\/realidadturistica.com\/realtur\/#organization"},"potentialAction":[{"@type":"SearchAction","target":{"@type":"EntryPoint","urlTemplate":"https:\/\/realidadturistica.com\/realtur\/?s={search_term_string}"},"query-input":{"@type":"PropertyValueSpecification","valueRequired":true,"valueName":"search_term_string"}}],"inLanguage":"es"},{"@type":"Organization","@id":"https:\/\/realidadturistica.com\/realtur\/#organization","name":"Realidad Tur\u00edstica","url":"https:\/\/realidadturistica.com\/realtur\/","logo":{"@type":"ImageObject","inLanguage":"es","@id":"https:\/\/realidadturistica.com\/realtur\/#\/schema\/logo\/image\/","url":"https:\/\/realidadturistica.com\/realtur\/wp-content\/uploads\/2021\/12\/logotipo-realidad-turistica.png","contentUrl":"https:\/\/realidadturistica.com\/realtur\/wp-content\/uploads\/2021\/12\/logotipo-realidad-turistica.png","width":1382,"height":629,"caption":"Realidad Tur\u00edstica"},"image":{"@id":"https:\/\/realidadturistica.com\/realtur\/#\/schema\/logo\/image\/"},"sameAs":["https:\/\/www.facebook.com\/realidadturistica","https:\/\/www.instagram.com\/realidad_turistica\/"]},{"@type":"Person","@id":"https:\/\/realidadturistica.com\/realtur\/#\/schema\/person\/ade671191202490fcf08ab21590de73e","name":"Editor","image":{"@type":"ImageObject","inLanguage":"es","@id":"https:\/\/realidadturistica.com\/realtur\/wp-content\/uploads\/2023\/09\/Editor_avatar_1693668634-96x96.png","url":"https:\/\/realidadturistica.com\/realtur\/wp-content\/uploads\/2023\/09\/Editor_avatar_1693668634-96x96.png","contentUrl":"https:\/\/realidadturistica.com\/realtur\/wp-content\/uploads\/2023\/09\/Editor_avatar_1693668634-96x96.png","caption":"Editor"},"sameAs":["https:\/\/realidadturistica.com\/realtur"],"url":"https:\/\/realidadturistica.com\/realtur\/author\/editor2\/"}]}},"_links":{"self":[{"href":"https:\/\/realidadturistica.com\/realtur\/wp-json\/wp\/v2\/posts\/9971","targetHints":{"allow":["GET"]}}],"collection":[{"href":"https:\/\/realidadturistica.com\/realtur\/wp-json\/wp\/v2\/posts"}],"about":[{"href":"https:\/\/realidadturistica.com\/realtur\/wp-json\/wp\/v2\/types\/post"}],"author":[{"embeddable":true,"href":"https:\/\/realidadturistica.com\/realtur\/wp-json\/wp\/v2\/users\/2"}],"replies":[{"embeddable":true,"href":"https:\/\/realidadturistica.com\/realtur\/wp-json\/wp\/v2\/comments?post=9971"}],"version-history":[{"count":1,"href":"https:\/\/realidadturistica.com\/realtur\/wp-json\/wp\/v2\/posts\/9971\/revisions"}],"predecessor-version":[{"id":9976,"href":"https:\/\/realidadturistica.com\/realtur\/wp-json\/wp\/v2\/posts\/9971\/revisions\/9976"}],"wp:featuredmedia":[{"embeddable":true,"href":"https:\/\/realidadturistica.com\/realtur\/wp-json\/wp\/v2\/media\/9972"}],"wp:attachment":[{"href":"https:\/\/realidadturistica.com\/realtur\/wp-json\/wp\/v2\/media?parent=9971"}],"wp:term":[{"taxonomy":"category","embeddable":true,"href":"https:\/\/realidadturistica.com\/realtur\/wp-json\/wp\/v2\/categories?post=9971"},{"taxonomy":"post_tag","embeddable":true,"href":"https:\/\/realidadturistica.com\/realtur\/wp-json\/wp\/v2\/tags?post=9971"}],"curies":[{"name":"wp","href":"https:\/\/api.w.org\/{rel}","templated":true}]}}